{"id":43981,"date":"2025-12-21T13:37:46","date_gmt":"2025-12-21T16:37:46","guid":{"rendered":"https:\/\/www.vagadeempregorj.com.br\/?p=43981"},"modified":"2025-12-21T13:37:48","modified_gmt":"2025-12-21T16:37:48","slug":"economia-brasileira-panorama-geral-desafios-atuais-e-perspectivas","status":"publish","type":"post","link":"https:\/\/www.vagadeempregorj.com.br\/es\/economia-brasileira-panorama-geral-desafios-atuais-e-perspectivas\/","title":{"rendered":"Economia Brasileira: Panorama Geral, Desafios Atuais e Perspectivas"},"content":{"rendered":"<p>A economia brasileira \u00e9 marcada por contrastes, ciclos de crescimento e crises recorrentes. Ao longo das \u00faltimas d\u00e9cadas, o pa\u00eds alternou per\u00edodos de expans\u00e3o com momentos de instabilidade, influenciado por fatores internos e pelo cen\u00e1rio econ\u00f4mico global. Entender como a economia brasileira funciona, quais s\u00e3o seus principais desafios e quais perspectivas se desenham \u00e9 essencial para compreender o impacto direto dessas din\u00e2micas na vida da popula\u00e7\u00e3o.<\/p>\n\n\n\n<p>Neste artigo, voc\u00ea ter\u00e1 uma vis\u00e3o ampla e acess\u00edvel sobre o panorama da economia brasileira, seus principais pilares, dificuldades estruturais e os caminhos que moldam seu futuro.<\/p>\n\n\n\n<h2 class=\"wp-block-heading\">O Que \u00e9 Economia e Por Que Ela Afeta o Dia a Dia<\/h2>\n\n\n\n<p>Economia n\u00e3o \u00e9 apenas um conceito abstrato ligado a n\u00fameros e gr\u00e1ficos. Ela influencia diretamente o pre\u00e7o dos alimentos, o custo do aluguel, as oportunidades de emprego, o acesso ao cr\u00e9dito e o poder de compra das fam\u00edlias.<\/p>\n\n\n\n<p>Quando a economia cresce de forma equilibrada, h\u00e1 mais empregos, renda e consumo. Quando enfrenta crises, os efeitos aparecem rapidamente no cotidiano das pessoas, com aumento de pre\u00e7os, desemprego e redu\u00e7\u00e3o da renda.<\/p>\n\n\n\n<p>Por isso, compreender o funcionamento da economia ajuda o cidad\u00e3o a interpretar melhor as mudan\u00e7as ao seu redor.<\/p>\n\n\n\n<h2 class=\"wp-block-heading\">Estrutura da Economia Brasileira<\/h2>\n\n\n\n<p>A economia brasileira \u00e9 considerada diversificada. Ela se apoia em tr\u00eas grandes setores: agropecu\u00e1ria, ind\u00fastria e servi\u00e7os.<\/p>\n\n\n\n<p>O setor agropecu\u00e1rio tem papel relevante na produ\u00e7\u00e3o de alimentos e na gera\u00e7\u00e3o de exporta\u00e7\u00f5es. A ind\u00fastria, apesar de enfrentar desafios, ainda \u00e9 importante na transforma\u00e7\u00e3o de mat\u00e9rias-primas e gera\u00e7\u00e3o de empregos. J\u00e1 o setor de servi\u00e7os responde pela maior parte do Produto Interno Bruto e do emprego formal no pa\u00eds.<\/p>\n\n\n\n<p>Essa diversidade oferece potencial de crescimento, mas tamb\u00e9m exige pol\u00edticas equilibradas para evitar depend\u00eancia excessiva de um \u00fanico setor.<\/p>\n\n\n\n<h2 class=\"wp-block-heading\">O Papel do Estado na Economia<\/h2>\n\n\n\n<p>O Estado brasileiro atua de forma significativa na economia, seja por meio de pol\u00edticas fiscais, investimentos p\u00fablicos, regula\u00e7\u00e3o de mercados ou programas sociais. Essa atua\u00e7\u00e3o busca equilibrar crescimento econ\u00f4mico com redu\u00e7\u00e3o das desigualdades sociais.<\/p>\n\n\n\n<p>Ao mesmo tempo, o tamanho do Estado e a efici\u00eancia do gasto p\u00fablico s\u00e3o temas constantes de debate, pois impactam diretamente a carga tribut\u00e1ria, a d\u00edvida p\u00fablica e a capacidade de investimento do pa\u00eds.<\/p>\n\n\n\n<p>Encontrar um equil\u00edbrio entre interven\u00e7\u00e3o e efici\u00eancia \u00e9 um dos grandes desafios econ\u00f4micos do Brasil.<\/p>\n\n\n\n<h2 class=\"wp-block-heading\">Principais Desafios da Economia Brasileira<\/h2>\n\n\n\n<p>Entre os principais desafios estruturais da economia brasileira est\u00e3o a elevada desigualdade de renda, a baixa produtividade, a complexidade do sistema tribut\u00e1rio e a instabilidade fiscal.<\/p>\n\n\n\n<p>Esses fatores dificultam o crescimento sustent\u00e1vel e reduzem a competitividade do pa\u00eds no cen\u00e1rio internacional. Al\u00e9m disso, problemas como infraestrutura deficiente e burocracia excessiva afetam o ambiente de neg\u00f3cios.<\/p>\n\n\n\n<p>Superar esses desafios exige reformas estruturais e planejamento de longo prazo.<\/p>\n\n\n\n<h2 class=\"wp-block-heading\">Infla\u00e7\u00e3o e Custo de Vida<\/h2>\n\n\n\n<p>A infla\u00e7\u00e3o \u00e9 um dos temas mais sens\u00edveis da economia brasileira. Quando os pre\u00e7os sobem de forma cont\u00ednua, o poder de compra das fam\u00edlias diminui, afetando principalmente os mais pobres.<\/p>\n\n\n\n<p>Controlar a infla\u00e7\u00e3o \u00e9 fundamental para garantir estabilidade econ\u00f4mica e previsibilidade. Pol\u00edticas monet\u00e1rias e fiscais desempenham papel central nesse controle, mas seus efeitos precisam ser equilibrados para n\u00e3o comprometer o crescimento.<\/p>\n\n\n\n<h2 class=\"wp-block-heading\">Mercado de Trabalho e Renda<\/h2>\n\n\n\n<p>O mercado de trabalho reflete diretamente a sa\u00fade da economia. Em per\u00edodos de crescimento, o emprego tende a aumentar e a renda melhora. Em momentos de crise, o desemprego cresce e a informalidade se expande.<\/p>\n\n\n\n<p>No Brasil, a informalidade \u00e9 um desafio persistente, afetando a seguran\u00e7a financeira de milh\u00f5es de trabalhadores. Pol\u00edticas de est\u00edmulo \u00e0 formaliza\u00e7\u00e3o e \u00e0 qualifica\u00e7\u00e3o profissional s\u00e3o essenciais para melhorar esse cen\u00e1rio.<\/p>\n\n\n\n<h2 class=\"wp-block-heading\">Desigualdade Econ\u00f4mica<\/h2>\n\n\n\n<p>Apesar de ser uma das maiores economias do mundo, o Brasil convive com altos n\u00edveis de desigualdade econ\u00f4mica. A concentra\u00e7\u00e3o de renda limita o consumo, reduz oportunidades e gera tens\u00f5es sociais.<\/p>\n\n\n\n<p>Reduzir a desigualdade n\u00e3o \u00e9 apenas uma quest\u00e3o social, mas tamb\u00e9m econ\u00f4mica, pois amplia o mercado consumidor e fortalece o crescimento sustent\u00e1vel.<\/p>\n\n\n\n<h2 class=\"wp-block-heading\">Economia Brasileira no Cen\u00e1rio Global<\/h2>\n\n\n\n<p>A economia brasileira est\u00e1 inserida no contexto global e sofre influ\u00eancia de fatores externos, como crises internacionais, varia\u00e7\u00f5es nos pre\u00e7os de commodities e mudan\u00e7as nas taxas de juros globais.<\/p>\n\n\n\n<p>Essa interdepend\u00eancia torna o pa\u00eds vulner\u00e1vel a choques externos, mas tamb\u00e9m cria oportunidades de crescimento por meio do com\u00e9rcio internacional e de investimentos estrangeiros.<\/p>\n\n\n\n<h2 class=\"wp-block-heading\">Import\u00e2ncia do Planejamento Econ\u00f4mico<\/h2>\n\n\n\n<p>O crescimento econ\u00f4mico sustent\u00e1vel depende de planejamento de longo prazo. Investimentos em educa\u00e7\u00e3o, infraestrutura, inova\u00e7\u00e3o e estabilidade institucional s\u00e3o fundamentais para fortalecer a economia brasileira.<\/p>\n\n\n\n<p>Sem planejamento, o pa\u00eds tende a repetir ciclos de crescimento curto seguidos de crises prolongadas.<\/p>\n\n\n\n<h2 class=\"wp-block-heading\">Perspectivas para a Economia Brasileira<\/h2>\n\n\n\n<p>As perspectivas para a economia brasileira dependem de diversos fatores, como pol\u00edticas p\u00fablicas, cen\u00e1rio internacional e capacidade de enfrentar desafios estruturais. O pa\u00eds possui potencial significativo, mas precisa avan\u00e7ar em reformas e investimentos estrat\u00e9gicos.<\/p>\n\n\n\n<p>A combina\u00e7\u00e3o de estabilidade macroecon\u00f4mica com inclus\u00e3o social \u00e9 o caminho para um desenvolvimento mais equilibrado.<\/p>\n\n\n\n<h2 class=\"wp-block-heading\">Conclus\u00e3o<\/h2>\n\n\n\n<p>A economia brasileira \u00e9 complexa, diversa e cheia de desafios, mas tamb\u00e9m carrega grande potencial de crescimento. Compreender seu funcionamento ajuda a interpretar melhor as mudan\u00e7as econ\u00f4micas e seus impactos no dia a dia.<\/p>\n\n\n\n<p>Ao longo desta categoria, voc\u00ea encontrar\u00e1 an\u00e1lises detalhadas sobre os principais temas econ\u00f4micos do Brasil, sempre com foco em informa\u00e7\u00e3o clara, educativa e relevante para a sociedade.<\/p>","protected":false},"excerpt":{"rendered":"<p>A economia brasileira \u00e9 marcada por contrastes, ciclos de crescimento e crises recorrentes. Ao longo das \u00faltimas d\u00e9cadas, o pa\u00eds alternou per\u00edodos de expans\u00e3o com momentos de instabilidade, influenciado por fatores internos e pelo cen\u00e1rio econ\u00f4mico global. Entender como a economia brasileira funciona, quais s\u00e3o seus principais desafios e quais perspectivas se desenham \u00e9 essencial&hellip;&nbsp;<\/p>","protected":false},"author":1,"featured_media":43982,"comment_status":"closed","ping_status":"closed","sticky":false,"template":"","format":"standard","meta":{"neve_meta_sidebar":"","neve_meta_container":"","neve_meta_enable_content_width":"","neve_meta_content_width":0,"neve_meta_title_alignment":"","neve_meta_author_avatar":"","neve_post_elements_order":"","neve_meta_disable_header":"","neve_meta_disable_footer":"","neve_meta_disable_title":"","footnotes":""},"categories":[804],"tags":[],"class_list":["post-43981","post","type-post","status-publish","format-standard","has-post-thumbnail","hentry","category-economia"],"yoast_head":"<!-- This site is optimized with the Yoast SEO plugin v27.5 - https:\/\/yoast.com\/product\/yoast-seo-wordpress\/ -->\n<title>Economia Brasileira: Panorama Geral, Desafios Atuais e Perspectivas -<\/title>\n<meta name=\"description\" content=\"Veja em Vagas de Emprego RJ as vagas de emprego com e sem experi\u00eancia no seu Estado e Regi\u00e3o!\" \/>\n<meta name=\"robots\" content=\"index, follow, max-snippet:-1, max-image-preview:large, max-video-preview:-1\" \/>\n<link rel=\"canonical\" href=\"https:\/\/www.vagadeempregorj.com.br\/es\/economia-brasileira-panorama-geral-desafios-atuais-e-perspectivas\/\" \/>\n<meta property=\"og:locale\" content=\"es_MX\" \/>\n<meta property=\"og:type\" content=\"article\" \/>\n<meta property=\"og:title\" content=\"Economia Brasileira: Panorama Geral, Desafios Atuais e Perspectivas -\" \/>\n<meta property=\"og:description\" content=\"Veja em Vagas de Emprego RJ as vagas de emprego com e sem experi\u00eancia no seu Estado e Regi\u00e3o!\" \/>\n<meta property=\"og:url\" content=\"https:\/\/www.vagadeempregorj.com.br\/es\/economia-brasileira-panorama-geral-desafios-atuais-e-perspectivas\/\" \/>\n<meta property=\"article:publisher\" content=\"https:\/\/www.facebook.com\/empregobrasiloficial\" \/>\n<meta property=\"article:published_time\" content=\"2025-12-21T16:37:46+00:00\" \/>\n<meta property=\"article:modified_time\" content=\"2025-12-21T16:37:48+00:00\" \/>\n<meta property=\"og:image\" content=\"https:\/\/www.vagadeempregorj.com.br\/wp-content\/uploads\/2025\/12\/economia-brasileira-1024x683.png\" \/>\n\t<meta property=\"og:image:width\" content=\"1024\" \/>\n\t<meta property=\"og:image:height\" content=\"683\" \/>\n\t<meta property=\"og:image:type\" content=\"image\/png\" \/>\n<meta name=\"author\" content=\"Ana B.\" \/>\n<meta name=\"twitter:card\" content=\"summary_large_image\" \/>\n<meta name=\"twitter:label1\" content=\"Written by\" \/>\n\t<meta name=\"twitter:data1\" content=\"Ana B.\" \/>\n\t<meta name=\"twitter:label2\" content=\"Est. reading time\" \/>\n\t<meta name=\"twitter:data2\" content=\"5 minutos\" \/>\n<script type=\"application\/ld+json\" class=\"yoast-schema-graph\">{\"@context\":\"https:\\\/\\\/schema.org\",\"@graph\":[{\"@type\":\"Article\",\"@id\":\"https:\\\/\\\/www.vagadeempregorj.com.br\\\/economia-brasileira-panorama-geral-desafios-atuais-e-perspectivas\\\/#article\",\"isPartOf\":{\"@id\":\"https:\\\/\\\/www.vagadeempregorj.com.br\\\/economia-brasileira-panorama-geral-desafios-atuais-e-perspectivas\\\/\"},\"author\":{\"name\":\"Ana B.\",\"@id\":\"https:\\\/\\\/www.vagadeempregorj.com.br\\\/#\\\/schema\\\/person\\\/c0c38d5d765e86c3b7c8f12fb1ae6477\"},\"headline\":\"Economia Brasileira: Panorama Geral, Desafios Atuais e Perspectivas\",\"datePublished\":\"2025-12-21T16:37:46+00:00\",\"dateModified\":\"2025-12-21T16:37:48+00:00\",\"mainEntityOfPage\":{\"@id\":\"https:\\\/\\\/www.vagadeempregorj.com.br\\\/economia-brasileira-panorama-geral-desafios-atuais-e-perspectivas\\\/\"},\"wordCount\":977,\"image\":{\"@id\":\"https:\\\/\\\/www.vagadeempregorj.com.br\\\/economia-brasileira-panorama-geral-desafios-atuais-e-perspectivas\\\/#primaryimage\"},\"thumbnailUrl\":\"https:\\\/\\\/www.vagadeempregorj.com.br\\\/wp-content\\\/uploads\\\/2025\\\/12\\\/economia-brasileira.png\",\"articleSection\":[\"Economia\"],\"inLanguage\":\"es\"},{\"@type\":\"WebPage\",\"@id\":\"https:\\\/\\\/www.vagadeempregorj.com.br\\\/economia-brasileira-panorama-geral-desafios-atuais-e-perspectivas\\\/\",\"url\":\"https:\\\/\\\/www.vagadeempregorj.com.br\\\/economia-brasileira-panorama-geral-desafios-atuais-e-perspectivas\\\/\",\"name\":\"Economia Brasileira: Panorama Geral, Desafios Atuais e Perspectivas -\",\"isPartOf\":{\"@id\":\"https:\\\/\\\/www.vagadeempregorj.com.br\\\/#website\"},\"primaryImageOfPage\":{\"@id\":\"https:\\\/\\\/www.vagadeempregorj.com.br\\\/economia-brasileira-panorama-geral-desafios-atuais-e-perspectivas\\\/#primaryimage\"},\"image\":{\"@id\":\"https:\\\/\\\/www.vagadeempregorj.com.br\\\/economia-brasileira-panorama-geral-desafios-atuais-e-perspectivas\\\/#primaryimage\"},\"thumbnailUrl\":\"https:\\\/\\\/www.vagadeempregorj.com.br\\\/wp-content\\\/uploads\\\/2025\\\/12\\\/economia-brasileira.png\",\"datePublished\":\"2025-12-21T16:37:46+00:00\",\"dateModified\":\"2025-12-21T16:37:48+00:00\",\"author\":{\"@id\":\"https:\\\/\\\/www.vagadeempregorj.com.br\\\/#\\\/schema\\\/person\\\/c0c38d5d765e86c3b7c8f12fb1ae6477\"},\"description\":\"Veja em Vagas de Emprego RJ as vagas de emprego com e sem experi\u00eancia no seu Estado e Regi\u00e3o!\",\"breadcrumb\":{\"@id\":\"https:\\\/\\\/www.vagadeempregorj.com.br\\\/economia-brasileira-panorama-geral-desafios-atuais-e-perspectivas\\\/#breadcrumb\"},\"inLanguage\":\"es\",\"potentialAction\":[{\"@type\":\"ReadAction\",\"target\":[\"https:\\\/\\\/www.vagadeempregorj.com.br\\\/economia-brasileira-panorama-geral-desafios-atuais-e-perspectivas\\\/\"]}]},{\"@type\":\"ImageObject\",\"inLanguage\":\"es\",\"@id\":\"https:\\\/\\\/www.vagadeempregorj.com.br\\\/economia-brasileira-panorama-geral-desafios-atuais-e-perspectivas\\\/#primaryimage\",\"url\":\"https:\\\/\\\/www.vagadeempregorj.com.br\\\/wp-content\\\/uploads\\\/2025\\\/12\\\/economia-brasileira.png\",\"contentUrl\":\"https:\\\/\\\/www.vagadeempregorj.com.br\\\/wp-content\\\/uploads\\\/2025\\\/12\\\/economia-brasileira.png\",\"width\":1536,\"height\":1024},{\"@type\":\"BreadcrumbList\",\"@id\":\"https:\\\/\\\/www.vagadeempregorj.com.br\\\/economia-brasileira-panorama-geral-desafios-atuais-e-perspectivas\\\/#breadcrumb\",\"itemListElement\":[{\"@type\":\"ListItem\",\"position\":1,\"name\":\"In\u00edcio\",\"item\":\"https:\\\/\\\/www.vagadeempregorj.com.br\\\/\"},{\"@type\":\"ListItem\",\"position\":2,\"name\":\"Economia\",\"item\":\"https:\\\/\\\/www.vagadeempregorj.com.br\\\/economia\\\/\"},{\"@type\":\"ListItem\",\"position\":3,\"name\":\"Economia Brasileira: Panorama Geral, Desafios Atuais e Perspectivas\"}]},{\"@type\":\"WebSite\",\"@id\":\"https:\\\/\\\/www.vagadeempregorj.com.br\\\/#website\",\"url\":\"https:\\\/\\\/www.vagadeempregorj.com.br\\\/\",\"name\":\"\",\"description\":\"Conquiste Sonhos: Vagas, Benef\u00edcios e Economia para Transformar Vidas e Alcan\u00e7ar Melhorias Cotidianas\",\"potentialAction\":[{\"@type\":\"SearchAction\",\"target\":{\"@type\":\"EntryPoint\",\"urlTemplate\":\"https:\\\/\\\/www.vagadeempregorj.com.br\\\/?s={search_term_string}\"},\"query-input\":{\"@type\":\"PropertyValueSpecification\",\"valueRequired\":true,\"valueName\":\"search_term_string\"}}],\"inLanguage\":\"es\"},{\"@type\":\"Person\",\"@id\":\"https:\\\/\\\/www.vagadeempregorj.com.br\\\/#\\\/schema\\\/person\\\/c0c38d5d765e86c3b7c8f12fb1ae6477\",\"name\":\"Ana B.\",\"image\":{\"@type\":\"ImageObject\",\"inLanguage\":\"es\",\"@id\":\"https:\\\/\\\/secure.gravatar.com\\\/avatar\\\/f5efa58599e07f8dd92f26c7cfbc442fd115582bc681245452e503c2ef2334f3?s=96&r=g\",\"url\":\"https:\\\/\\\/secure.gravatar.com\\\/avatar\\\/f5efa58599e07f8dd92f26c7cfbc442fd115582bc681245452e503c2ef2334f3?s=96&r=g\",\"contentUrl\":\"https:\\\/\\\/secure.gravatar.com\\\/avatar\\\/f5efa58599e07f8dd92f26c7cfbc442fd115582bc681245452e503c2ef2334f3?s=96&r=g\",\"caption\":\"Ana B.\"},\"description\":\"Meu nome \u00e9 Ana e sou apaixonada em escrever. Dedico meu tempo escrevendo not\u00edcias e vagas de emprego diariamente no portal Vaga de Emprego RJ.\",\"url\":\"https:\\\/\\\/www.vagadeempregorj.com.br\\\/es\\\/author\\\/vgrj\\\/\"}]}<\/script>\n<!-- \/ Yoast SEO plugin. -->","yoast_head_json":{"title":"Economia Brasileira: Panorama Geral, Desafios Atuais e Perspectivas -","description":"Veja em Vagas de Emprego RJ as vagas de emprego com e sem experi\u00eancia no seu Estado e Regi\u00e3o!","robots":{"index":"index","follow":"follow","max-snippet":"max-snippet:-1","max-image-preview":"max-image-preview:large","max-video-preview":"max-video-preview:-1"},"canonical":"https:\/\/www.vagadeempregorj.com.br\/es\/economia-brasileira-panorama-geral-desafios-atuais-e-perspectivas\/","og_locale":"es_MX","og_type":"article","og_title":"Economia Brasileira: Panorama Geral, Desafios Atuais e Perspectivas -","og_description":"Veja em Vagas de Emprego RJ as vagas de emprego com e sem experi\u00eancia no seu Estado e Regi\u00e3o!","og_url":"https:\/\/www.vagadeempregorj.com.br\/es\/economia-brasileira-panorama-geral-desafios-atuais-e-perspectivas\/","article_publisher":"https:\/\/www.facebook.com\/empregobrasiloficial","article_published_time":"2025-12-21T16:37:46+00:00","article_modified_time":"2025-12-21T16:37:48+00:00","og_image":[{"width":1024,"height":683,"url":"https:\/\/www.vagadeempregorj.com.br\/wp-content\/uploads\/2025\/12\/economia-brasileira-1024x683.png","type":"image\/png"}],"author":"Ana B.","twitter_card":"summary_large_image","twitter_misc":{"Written by":"Ana B.","Est. reading time":"5 minutos"},"schema":{"@context":"https:\/\/schema.org","@graph":[{"@type":"Article","@id":"https:\/\/www.vagadeempregorj.com.br\/economia-brasileira-panorama-geral-desafios-atuais-e-perspectivas\/#article","isPartOf":{"@id":"https:\/\/www.vagadeempregorj.com.br\/economia-brasileira-panorama-geral-desafios-atuais-e-perspectivas\/"},"author":{"name":"Ana B.","@id":"https:\/\/www.vagadeempregorj.com.br\/#\/schema\/person\/c0c38d5d765e86c3b7c8f12fb1ae6477"},"headline":"Economia Brasileira: Panorama Geral, Desafios Atuais e Perspectivas","datePublished":"2025-12-21T16:37:46+00:00","dateModified":"2025-12-21T16:37:48+00:00","mainEntityOfPage":{"@id":"https:\/\/www.vagadeempregorj.com.br\/economia-brasileira-panorama-geral-desafios-atuais-e-perspectivas\/"},"wordCount":977,"image":{"@id":"https:\/\/www.vagadeempregorj.com.br\/economia-brasileira-panorama-geral-desafios-atuais-e-perspectivas\/#primaryimage"},"thumbnailUrl":"https:\/\/www.vagadeempregorj.com.br\/wp-content\/uploads\/2025\/12\/economia-brasileira.png","articleSection":["Economia"],"inLanguage":"es"},{"@type":"WebPage","@id":"https:\/\/www.vagadeempregorj.com.br\/economia-brasileira-panorama-geral-desafios-atuais-e-perspectivas\/","url":"https:\/\/www.vagadeempregorj.com.br\/economia-brasileira-panorama-geral-desafios-atuais-e-perspectivas\/","name":"Economia Brasileira: Panorama Geral, Desafios Atuais e Perspectivas -","isPartOf":{"@id":"https:\/\/www.vagadeempregorj.com.br\/#website"},"primaryImageOfPage":{"@id":"https:\/\/www.vagadeempregorj.com.br\/economia-brasileira-panorama-geral-desafios-atuais-e-perspectivas\/#primaryimage"},"image":{"@id":"https:\/\/www.vagadeempregorj.com.br\/economia-brasileira-panorama-geral-desafios-atuais-e-perspectivas\/#primaryimage"},"thumbnailUrl":"https:\/\/www.vagadeempregorj.com.br\/wp-content\/uploads\/2025\/12\/economia-brasileira.png","datePublished":"2025-12-21T16:37:46+00:00","dateModified":"2025-12-21T16:37:48+00:00","author":{"@id":"https:\/\/www.vagadeempregorj.com.br\/#\/schema\/person\/c0c38d5d765e86c3b7c8f12fb1ae6477"},"description":"Veja em Vagas de Emprego RJ as vagas de emprego com e sem experi\u00eancia no seu Estado e Regi\u00e3o!","breadcrumb":{"@id":"https:\/\/www.vagadeempregorj.com.br\/economia-brasileira-panorama-geral-desafios-atuais-e-perspectivas\/#breadcrumb"},"inLanguage":"es","potentialAction":[{"@type":"ReadAction","target":["https:\/\/www.vagadeempregorj.com.br\/economia-brasileira-panorama-geral-desafios-atuais-e-perspectivas\/"]}]},{"@type":"ImageObject","inLanguage":"es","@id":"https:\/\/www.vagadeempregorj.com.br\/economia-brasileira-panorama-geral-desafios-atuais-e-perspectivas\/#primaryimage","url":"https:\/\/www.vagadeempregorj.com.br\/wp-content\/uploads\/2025\/12\/economia-brasileira.png","contentUrl":"https:\/\/www.vagadeempregorj.com.br\/wp-content\/uploads\/2025\/12\/economia-brasileira.png","width":1536,"height":1024},{"@type":"BreadcrumbList","@id":"https:\/\/www.vagadeempregorj.com.br\/economia-brasileira-panorama-geral-desafios-atuais-e-perspectivas\/#breadcrumb","itemListElement":[{"@type":"ListItem","position":1,"name":"In\u00edcio","item":"https:\/\/www.vagadeempregorj.com.br\/"},{"@type":"ListItem","position":2,"name":"Economia","item":"https:\/\/www.vagadeempregorj.com.br\/economia\/"},{"@type":"ListItem","position":3,"name":"Economia Brasileira: Panorama Geral, Desafios Atuais e Perspectivas"}]},{"@type":"WebSite","@id":"https:\/\/www.vagadeempregorj.com.br\/#website","url":"https:\/\/www.vagadeempregorj.com.br\/","name":"","description":"Conquiste Sonhos: Vagas, Benef\u00edcios e Economia para Transformar Vidas e Alcan\u00e7ar Melhorias Cotidianas","potentialAction":[{"@type":"SearchAction","target":{"@type":"EntryPoint","urlTemplate":"https:\/\/www.vagadeempregorj.com.br\/?s={search_term_string}"},"query-input":{"@type":"PropertyValueSpecification","valueRequired":true,"valueName":"search_term_string"}}],"inLanguage":"es"},{"@type":"Person","@id":"https:\/\/www.vagadeempregorj.com.br\/#\/schema\/person\/c0c38d5d765e86c3b7c8f12fb1ae6477","name":"Ana B.","image":{"@type":"ImageObject","inLanguage":"es","@id":"https:\/\/secure.gravatar.com\/avatar\/f5efa58599e07f8dd92f26c7cfbc442fd115582bc681245452e503c2ef2334f3?s=96&r=g","url":"https:\/\/secure.gravatar.com\/avatar\/f5efa58599e07f8dd92f26c7cfbc442fd115582bc681245452e503c2ef2334f3?s=96&r=g","contentUrl":"https:\/\/secure.gravatar.com\/avatar\/f5efa58599e07f8dd92f26c7cfbc442fd115582bc681245452e503c2ef2334f3?s=96&r=g","caption":"Ana B."},"description":"Meu nome \u00e9 Ana e sou apaixonada em escrever. Dedico meu tempo escrevendo not\u00edcias e vagas de emprego diariamente no portal Vaga de Emprego RJ.","url":"https:\/\/www.vagadeempregorj.com.br\/es\/author\/vgrj\/"}]}},"_links":{"self":[{"href":"https:\/\/www.vagadeempregorj.com.br\/es\/wp-json\/wp\/v2\/posts\/43981","targetHints":{"allow":["GET"]}}],"collection":[{"href":"https:\/\/www.vagadeempregorj.com.br\/es\/wp-json\/wp\/v2\/posts"}],"about":[{"href":"https:\/\/www.vagadeempregorj.com.br\/es\/wp-json\/wp\/v2\/types\/post"}],"author":[{"embeddable":true,"href":"https:\/\/www.vagadeempregorj.com.br\/es\/wp-json\/wp\/v2\/users\/1"}],"replies":[{"embeddable":true,"href":"https:\/\/www.vagadeempregorj.com.br\/es\/wp-json\/wp\/v2\/comments?post=43981"}],"version-history":[{"count":1,"href":"https:\/\/www.vagadeempregorj.com.br\/es\/wp-json\/wp\/v2\/posts\/43981\/revisions"}],"predecessor-version":[{"id":43983,"href":"https:\/\/www.vagadeempregorj.com.br\/es\/wp-json\/wp\/v2\/posts\/43981\/revisions\/43983"}],"wp:featuredmedia":[{"embeddable":true,"href":"https:\/\/www.vagadeempregorj.com.br\/es\/wp-json\/wp\/v2\/media\/43982"}],"wp:attachment":[{"href":"https:\/\/www.vagadeempregorj.com.br\/es\/wp-json\/wp\/v2\/media?parent=43981"}],"wp:term":[{"taxonomy":"category","embeddable":true,"href":"https:\/\/www.vagadeempregorj.com.br\/es\/wp-json\/wp\/v2\/categories?post=43981"},{"taxonomy":"post_tag","embeddable":true,"href":"https:\/\/www.vagadeempregorj.com.br\/es\/wp-json\/wp\/v2\/tags?post=43981"}],"curies":[{"name":"wp","href":"https:\/\/api.w.org\/{rel}","templated":true}]}}