{"id":17886,"date":"2021-11-07T00:00:16","date_gmt":"2021-11-07T03:00:16","guid":{"rendered":"https:\/\/www.vagadeempregorj.com.br\/?p=17886"},"modified":"2025-06-15T14:31:29","modified_gmt":"2025-06-15T17:31:29","slug":"o-que-se-procura-em-um-emprego","status":"publish","type":"post","link":"https:\/\/www.vagadeempregorj.com.br\/fr\/o-que-se-procura-em-um-emprego\/","title":{"rendered":"O que se procura em um emprego?"},"content":{"rendered":"<p>O que voc\u00ea pensa quando procura um emprego? Quais s\u00e3o suas prioridades quando est\u00e1 buscando por uma nova vaga? Quem est\u00e1 em busca daquele novo emprego n\u00e3o sabe exatamente o que priorizar ao procurar essa oportunidade. H\u00e1 quem pense, por exemplo, no lugar em que gostaria de trabalhar, no sal\u00e1rio a ser pago, nos benef\u00edcios. H\u00e1 uma gama muito vasta de temas que podem influenciar essa escolha. Ser\u00e1 mesmo? Para ajudar aquele que est\u00e1 procurando seu emprego a saber o que procurar, preparamos um texto com tudo o que voc\u00ea precisa saber sobre esse tema. Confira, e boa sorte na busca.<\/p>\n\n\n\n<h2 class=\"wp-block-heading\" id=\"trabalhar-com-o-que-se-gosta\">Trabalhar com o que se gosta<\/h2>\n\n\n\n<p>Pode ser um conselho ing\u00eanuo ou at\u00e9 mesmo um clich\u00ea, mas trabalhar com o que se gosta torna o fato de passar longas horas do seu dia exercendo uma fun\u00e7\u00e3o algo muito mais f\u00e1cil e produtivo.<\/p>\n\n\n\n<p>Ali\u00e1s, essa satisfa\u00e7\u00e3o \u00e9 capaz, at\u00e9 mesmo, de deixar que voc\u00ea termine seu expediente com aquela sensa\u00e7\u00e3o de dever cumprido, pensando que fez exatamente tudo o que devia, e podia, para ser um profissional ainda melhor. O que n\u00e3o acontece quando se trabalha com algo que se odeia.<\/p>\n\n\n\n<p>Trabalhar com algo que odiamos n\u00e3o apenas nos deixa infeliz como pode fazer mal ao nosso organismo, j\u00e1 que \u00e9 a chave para o estresse e para problemas de sa\u00fade, al\u00e9m de prejudicar nosso desenvolvimento como profissional, j\u00e1<br>que o emprego parecer\u00e1 um fardo.<\/p>\n\n\n\n<p>Ent\u00e3o, na hora de procurar um emprego, tente priorizar aqueles que voc\u00ea gosta, para que a rotina di\u00e1ria se torne um pouco mais f\u00e1cil e menos estressante. Ou pelo menos, com um desgaste menor.<\/p>\n\n\n\n<h2 class=\"wp-block-heading\" id=\"oportunidade-de-crescimento\">Oportunidade de crescimento<\/h2>\n\n\n\n<p>Outro ponto que se deve levar em considera\u00e7\u00e3o na hora de procurar um emprego \u00e9 a estrutura da empresa. \u00c9 algo limitado, que vai te prender em um mesmo posto por muitos anos? Se a resposta for sim, \u00e9 hora de repensar se essa empresa para a qual voc\u00ea est\u00e1 se candidatando \u00e9 mesmo a melhor op\u00e7\u00e3o para sua carreira. Imagine passar a vida em um cargo de analista ou assistente? Al\u00e9m da desvaloriza\u00e7\u00e3o salarial, que com o passar dos anos cobrar\u00e1 seu pre\u00e7o, haver\u00e1 tamb\u00e9m a desvaloriza\u00e7\u00e3o pessoal e profissional. Um profissional estagnado \u00e9 algu\u00e9m frustrado, infeliz e que n\u00e3o contribui nem para o crescimento da empresa e muito menos para o seu pr\u00f3prio. Ent\u00e3o, no momento da entrevista, al\u00e9m de avaliar a companhia e seu plano de carreira, deixe muito claro seu desejo de crescer. Diga o quanto est\u00e1 disposto a evoluir como profissional, se qualificando, e como isso ajudar\u00e1 n\u00e3o s\u00f3 voc\u00ea a crescer profissionalmente, como ajudar\u00e1 a pr\u00f3pria empresa a evoluir.<\/p>\n\n\n\n<hr class=\"wp-block-separator has-css-opacity is-style-wide\"\/>\n\n\n<ul class=\"wp-block-latest-posts__list wp-block-latest-posts\"><li><a class=\"wp-block-latest-posts__post-title\" href=\"https:\/\/www.vagadeempregorj.com.br\/fr\/trabalhar-nas-lojas-americanas-como-funcionam-as-vagas-de-emprego-no-brasil\/\">Trabalhar nas Lojas Americanas: Como Funcionam as Vagas de Emprego no Brasil<\/a><\/li>\n<li><a class=\"wp-block-latest-posts__post-title\" href=\"https:\/\/www.vagadeempregorj.com.br\/fr\/inteligencia-artificial-o-que-e-e-como-ela-ja-faz-parte-da-nossa-vida\/\">Intelig\u00eancia Artificial: O Que \u00e9 e Como Ela J\u00e1 Faz Parte da Nossa Vida<\/a><\/li>\n<li><a class=\"wp-block-latest-posts__post-title\" href=\"https:\/\/www.vagadeempregorj.com.br\/fr\/emprego-desemprego-e-mercado-de-trabalho-no-brasil-dinamicas-desafios-e-tendencias\/\">Emprego, Desemprego e Mercado de Trabalho no Brasil: Din\u00e2micas, Desafios e Tend\u00eancias<\/a><\/li>\n<li><a class=\"wp-block-latest-posts__post-title\" href=\"https:\/\/www.vagadeempregorj.com.br\/fr\/beneficios-sociais-para-pessoas-com-deficiencia-inclusao-direitos-e-autonomia\/\">Benef\u00edcios Sociais para Pessoas com Defici\u00eancia: Inclus\u00e3o, Direitos e Autonomia<\/a><\/li>\n<li><a class=\"wp-block-latest-posts__post-title\" href=\"https:\/\/www.vagadeempregorj.com.br\/fr\/trabalhar-na-coca-cola-como-funcionam-as-vagas-de-emprego-no-brasil\/\">Trabalhar na Coca-Cola: Como Funcionam as Vagas de Emprego no Brasil<\/a><\/li>\n<\/ul>\n\n\n<hr class=\"wp-block-separator has-css-opacity is-style-wide\"\/>\n\n\n\n<p>Esse comportamento ajudar\u00e1 no momento de a empresa come\u00e7ar a cogitar promo\u00e7\u00f5es. Seus superiores poder\u00e3o se lembrar mais facilmente do seu nome para estas vagas. Quer mais uma dica? Tente descobrir, tamb\u00e9m, como \u00e9 a pol\u00edtica da empresa para o aperfei\u00e7oamento de seus profissionais. Eles oferecem cursos ou palestras? Ajudam com a gradua\u00e7\u00e3o ou a p\u00f3s? Incentivam a aprender novos idiomas? Tudo isso auxilia na forma\u00e7\u00e3o de um profissional mais completo, que poder\u00e1 crescer junto com sua empresa.<\/p>\n\n\n\n<h3 class=\"wp-block-heading\" id=\"reconhecimento\">Reconhecimento<\/h3>\n\n\n\n<p>Dizer que um profissional n\u00e3o quer ser reconhecido por suas conquistas \u00e9 uma mentira sem tamanho. Todos n\u00f3s queremos aquela \u201cestrelinha de bom menino\u201d, aquele elogio quando conquistamos um bom resultado ou encontramos uma solu\u00e7\u00e3o para aquele problema persistente. Ent\u00e3o, o que um profissional busca em um emprego \u00e9, por que n\u00e3o, o reconhecimento por seu trabalho. Seja por ter visto o resultado de tudo aquilo&nbsp; que fez, por receber um elogio de seus chefe ou, ainda, por ser incentivado a dar sempre seu melhor, tudo isso ajuda uma pessoa a se dedicar ainda mais e conquistar mais resultados positivos.<\/p>\n\n\n\n<div class=\"wp-block-buttons is-horizontal is-content-justification-center is-layout-flex wp-container-core-buttons-is-layout-499968f5 wp-block-buttons-is-layout-flex\">\n<div class=\"wp-block-button\"><a class=\"wp-block-button__link has-black-color has-text-color has-background wp-element-button\" href=\"https:\/\/www.vagadeempregorj.com.br\/fr\/\" style=\"border-radius:29px;background:linear-gradient(2deg,rgb(255,134,50) 60%,rgb(255,197,71) 100%)\"><strong>VEJA NOVAS VAGAS PARA SE CANDIDATAR<\/strong><\/a><\/div>\n<\/div>","protected":false},"excerpt":{"rendered":"<p>O que voc\u00ea pensa quando procura um emprego? Quais s\u00e3o suas prioridades quando est\u00e1 buscando por uma nova vaga? Quem est\u00e1 em busca daquele novo emprego n\u00e3o sabe exatamente o que priorizar ao procurar essa oportunidade. <\/p>","protected":false},"author":1,"featured_media":24473,"comment_status":"closed","ping_status":"closed","sticky":false,"template":"","format":"standard","meta":{"neve_meta_sidebar":"","neve_meta_container":"","neve_meta_enable_content_width":"","neve_meta_content_width":0,"neve_meta_title_alignment":"","neve_meta_author_avatar":"","neve_post_elements_order":"","neve_meta_disable_header":"","neve_meta_disable_footer":"","neve_meta_disable_title":"","footnotes":""},"categories":[123],"tags":[],"class_list":["post-17886","post","type-post","status-publish","format-standard","has-post-thumbnail","hentry","category-vagas-de-emprego-nacionais"],"yoast_head":"<!-- This site is optimized with the Yoast SEO plugin v27.5 - https:\/\/yoast.com\/product\/yoast-seo-wordpress\/ -->\n<title>O que se procura em um emprego? -<\/title>\n<meta name=\"description\" content=\"Veja em Vagas de Emprego RJ as vagas de emprego com e sem experi\u00eancia no seu Estado e Regi\u00e3o!\" \/>\n<meta name=\"robots\" content=\"index, follow, max-snippet:-1, max-image-preview:large, max-video-preview:-1\" \/>\n<link rel=\"canonical\" href=\"https:\/\/www.vagadeempregorj.com.br\/fr\/o-que-se-procura-em-um-emprego\/\" \/>\n<meta property=\"og:locale\" content=\"fr_FR\" \/>\n<meta property=\"og:type\" content=\"article\" \/>\n<meta property=\"og:title\" content=\"O que se procura em um emprego? -\" \/>\n<meta property=\"og:description\" content=\"Veja em Vagas de Emprego RJ as vagas de emprego com e sem experi\u00eancia no seu Estado e Regi\u00e3o!\" \/>\n<meta property=\"og:url\" content=\"https:\/\/www.vagadeempregorj.com.br\/fr\/o-que-se-procura-em-um-emprego\/\" \/>\n<meta property=\"article:publisher\" content=\"https:\/\/www.facebook.com\/empregobrasiloficial\" \/>\n<meta property=\"article:published_time\" content=\"2021-11-07T03:00:16+00:00\" \/>\n<meta property=\"article:modified_time\" content=\"2025-06-15T17:31:29+00:00\" \/>\n<meta property=\"og:image\" content=\"https:\/\/www.vagadeempregorj.com.br\/wp-content\/uploads\/2021\/11\/O-QUE-SE-PROCURA-EM-UM-EMPREGO1.jpg\" \/>\n\t<meta property=\"og:image:width\" content=\"1200\" \/>\n\t<meta property=\"og:image:height\" content=\"675\" \/>\n\t<meta property=\"og:image:type\" content=\"image\/jpeg\" \/>\n<meta name=\"author\" content=\"Ana B.\" \/>\n<meta name=\"twitter:card\" content=\"summary_large_image\" \/>\n<meta name=\"twitter:label1\" content=\"Written by\" \/>\n\t<meta name=\"twitter:data1\" content=\"Ana B.\" \/>\n\t<meta name=\"twitter:label2\" content=\"Est. reading time\" \/>\n\t<meta name=\"twitter:data2\" content=\"4 minutes\" \/>\n<script type=\"application\/ld+json\" class=\"yoast-schema-graph\">{\"@context\":\"https:\\\/\\\/schema.org\",\"@graph\":[{\"@type\":\"Article\",\"@id\":\"https:\\\/\\\/www.vagadeempregorj.com.br\\\/o-que-se-procura-em-um-emprego\\\/#article\",\"isPartOf\":{\"@id\":\"https:\\\/\\\/www.vagadeempregorj.com.br\\\/o-que-se-procura-em-um-emprego\\\/\"},\"author\":{\"name\":\"Ana B.\",\"@id\":\"https:\\\/\\\/www.vagadeempregorj.com.br\\\/#\\\/schema\\\/person\\\/c0c38d5d765e86c3b7c8f12fb1ae6477\"},\"headline\":\"O que se procura em um emprego?\",\"datePublished\":\"2021-11-07T03:00:16+00:00\",\"dateModified\":\"2025-06-15T17:31:29+00:00\",\"mainEntityOfPage\":{\"@id\":\"https:\\\/\\\/www.vagadeempregorj.com.br\\\/o-que-se-procura-em-um-emprego\\\/\"},\"wordCount\":665,\"image\":{\"@id\":\"https:\\\/\\\/www.vagadeempregorj.com.br\\\/o-que-se-procura-em-um-emprego\\\/#primaryimage\"},\"thumbnailUrl\":\"https:\\\/\\\/www.vagadeempregorj.com.br\\\/wp-content\\\/uploads\\\/2021\\\/11\\\/O-QUE-SE-PROCURA-EM-UM-EMPREGO1.jpg\",\"articleSection\":[\"Vagas de Emprego Nacionais\"],\"inLanguage\":\"fr-FR\"},{\"@type\":\"WebPage\",\"@id\":\"https:\\\/\\\/www.vagadeempregorj.com.br\\\/o-que-se-procura-em-um-emprego\\\/\",\"url\":\"https:\\\/\\\/www.vagadeempregorj.com.br\\\/o-que-se-procura-em-um-emprego\\\/\",\"name\":\"O que se procura em um emprego? -\",\"isPartOf\":{\"@id\":\"https:\\\/\\\/www.vagadeempregorj.com.br\\\/#website\"},\"primaryImageOfPage\":{\"@id\":\"https:\\\/\\\/www.vagadeempregorj.com.br\\\/o-que-se-procura-em-um-emprego\\\/#primaryimage\"},\"image\":{\"@id\":\"https:\\\/\\\/www.vagadeempregorj.com.br\\\/o-que-se-procura-em-um-emprego\\\/#primaryimage\"},\"thumbnailUrl\":\"https:\\\/\\\/www.vagadeempregorj.com.br\\\/wp-content\\\/uploads\\\/2021\\\/11\\\/O-QUE-SE-PROCURA-EM-UM-EMPREGO1.jpg\",\"datePublished\":\"2021-11-07T03:00:16+00:00\",\"dateModified\":\"2025-06-15T17:31:29+00:00\",\"author\":{\"@id\":\"https:\\\/\\\/www.vagadeempregorj.com.br\\\/#\\\/schema\\\/person\\\/c0c38d5d765e86c3b7c8f12fb1ae6477\"},\"description\":\"Veja em Vagas de Emprego RJ as vagas de emprego com e sem experi\u00eancia no seu Estado e Regi\u00e3o!\",\"breadcrumb\":{\"@id\":\"https:\\\/\\\/www.vagadeempregorj.com.br\\\/o-que-se-procura-em-um-emprego\\\/#breadcrumb\"},\"inLanguage\":\"fr-FR\",\"potentialAction\":[{\"@type\":\"ReadAction\",\"target\":[\"https:\\\/\\\/www.vagadeempregorj.com.br\\\/o-que-se-procura-em-um-emprego\\\/\"]}]},{\"@type\":\"ImageObject\",\"inLanguage\":\"fr-FR\",\"@id\":\"https:\\\/\\\/www.vagadeempregorj.com.br\\\/o-que-se-procura-em-um-emprego\\\/#primaryimage\",\"url\":\"https:\\\/\\\/www.vagadeempregorj.com.br\\\/wp-content\\\/uploads\\\/2021\\\/11\\\/O-QUE-SE-PROCURA-EM-UM-EMPREGO1.jpg\",\"contentUrl\":\"https:\\\/\\\/www.vagadeempregorj.com.br\\\/wp-content\\\/uploads\\\/2021\\\/11\\\/O-QUE-SE-PROCURA-EM-UM-EMPREGO1.jpg\",\"width\":1200,\"height\":675,\"caption\":\"O QUE SE PROCURA EM UM EMPREGO\"},{\"@type\":\"BreadcrumbList\",\"@id\":\"https:\\\/\\\/www.vagadeempregorj.com.br\\\/o-que-se-procura-em-um-emprego\\\/#breadcrumb\",\"itemListElement\":[{\"@type\":\"ListItem\",\"position\":1,\"name\":\"In\u00edcio\",\"item\":\"https:\\\/\\\/www.vagadeempregorj.com.br\\\/\"},{\"@type\":\"ListItem\",\"position\":2,\"name\":\"O que se procura em um emprego?\"}]},{\"@type\":\"WebSite\",\"@id\":\"https:\\\/\\\/www.vagadeempregorj.com.br\\\/#website\",\"url\":\"https:\\\/\\\/www.vagadeempregorj.com.br\\\/\",\"name\":\"\",\"description\":\"Conquiste Sonhos: Vagas, Benef\u00edcios e Economia para Transformar Vidas e Alcan\u00e7ar Melhorias Cotidianas\",\"potentialAction\":[{\"@type\":\"SearchAction\",\"target\":{\"@type\":\"EntryPoint\",\"urlTemplate\":\"https:\\\/\\\/www.vagadeempregorj.com.br\\\/?s={search_term_string}\"},\"query-input\":{\"@type\":\"PropertyValueSpecification\",\"valueRequired\":true,\"valueName\":\"search_term_string\"}}],\"inLanguage\":\"fr-FR\"},{\"@type\":\"Person\",\"@id\":\"https:\\\/\\\/www.vagadeempregorj.com.br\\\/#\\\/schema\\\/person\\\/c0c38d5d765e86c3b7c8f12fb1ae6477\",\"name\":\"Ana B.\",\"image\":{\"@type\":\"ImageObject\",\"inLanguage\":\"fr-FR\",\"@id\":\"https:\\\/\\\/secure.gravatar.com\\\/avatar\\\/f5efa58599e07f8dd92f26c7cfbc442fd115582bc681245452e503c2ef2334f3?s=96&r=g\",\"url\":\"https:\\\/\\\/secure.gravatar.com\\\/avatar\\\/f5efa58599e07f8dd92f26c7cfbc442fd115582bc681245452e503c2ef2334f3?s=96&r=g\",\"contentUrl\":\"https:\\\/\\\/secure.gravatar.com\\\/avatar\\\/f5efa58599e07f8dd92f26c7cfbc442fd115582bc681245452e503c2ef2334f3?s=96&r=g\",\"caption\":\"Ana B.\"},\"description\":\"Meu nome \u00e9 Ana e sou apaixonada em escrever. Dedico meu tempo escrevendo not\u00edcias e vagas de emprego diariamente no portal Vaga de Emprego RJ.\",\"url\":\"https:\\\/\\\/www.vagadeempregorj.com.br\\\/fr\\\/author\\\/vgrj\\\/\"}]}<\/script>\n<!-- \/ Yoast SEO plugin. -->","yoast_head_json":{"title":"O que se procura em um emprego? -","description":"Veja em Vagas de Emprego RJ as vagas de emprego com e sem experi\u00eancia no seu Estado e Regi\u00e3o!","robots":{"index":"index","follow":"follow","max-snippet":"max-snippet:-1","max-image-preview":"max-image-preview:large","max-video-preview":"max-video-preview:-1"},"canonical":"https:\/\/www.vagadeempregorj.com.br\/fr\/o-que-se-procura-em-um-emprego\/","og_locale":"fr_FR","og_type":"article","og_title":"O que se procura em um emprego? -","og_description":"Veja em Vagas de Emprego RJ as vagas de emprego com e sem experi\u00eancia no seu Estado e Regi\u00e3o!","og_url":"https:\/\/www.vagadeempregorj.com.br\/fr\/o-que-se-procura-em-um-emprego\/","article_publisher":"https:\/\/www.facebook.com\/empregobrasiloficial","article_published_time":"2021-11-07T03:00:16+00:00","article_modified_time":"2025-06-15T17:31:29+00:00","og_image":[{"width":1200,"height":675,"url":"https:\/\/www.vagadeempregorj.com.br\/wp-content\/uploads\/2021\/11\/O-QUE-SE-PROCURA-EM-UM-EMPREGO1.jpg","type":"image\/jpeg"}],"author":"Ana B.","twitter_card":"summary_large_image","twitter_misc":{"Written by":"Ana B.","Est. reading time":"4 minutes"},"schema":{"@context":"https:\/\/schema.org","@graph":[{"@type":"Article","@id":"https:\/\/www.vagadeempregorj.com.br\/o-que-se-procura-em-um-emprego\/#article","isPartOf":{"@id":"https:\/\/www.vagadeempregorj.com.br\/o-que-se-procura-em-um-emprego\/"},"author":{"name":"Ana B.","@id":"https:\/\/www.vagadeempregorj.com.br\/#\/schema\/person\/c0c38d5d765e86c3b7c8f12fb1ae6477"},"headline":"O que se procura em um emprego?","datePublished":"2021-11-07T03:00:16+00:00","dateModified":"2025-06-15T17:31:29+00:00","mainEntityOfPage":{"@id":"https:\/\/www.vagadeempregorj.com.br\/o-que-se-procura-em-um-emprego\/"},"wordCount":665,"image":{"@id":"https:\/\/www.vagadeempregorj.com.br\/o-que-se-procura-em-um-emprego\/#primaryimage"},"thumbnailUrl":"https:\/\/www.vagadeempregorj.com.br\/wp-content\/uploads\/2021\/11\/O-QUE-SE-PROCURA-EM-UM-EMPREGO1.jpg","articleSection":["Vagas de Emprego Nacionais"],"inLanguage":"fr-FR"},{"@type":"WebPage","@id":"https:\/\/www.vagadeempregorj.com.br\/o-que-se-procura-em-um-emprego\/","url":"https:\/\/www.vagadeempregorj.com.br\/o-que-se-procura-em-um-emprego\/","name":"O que se procura em um emprego? -","isPartOf":{"@id":"https:\/\/www.vagadeempregorj.com.br\/#website"},"primaryImageOfPage":{"@id":"https:\/\/www.vagadeempregorj.com.br\/o-que-se-procura-em-um-emprego\/#primaryimage"},"image":{"@id":"https:\/\/www.vagadeempregorj.com.br\/o-que-se-procura-em-um-emprego\/#primaryimage"},"thumbnailUrl":"https:\/\/www.vagadeempregorj.com.br\/wp-content\/uploads\/2021\/11\/O-QUE-SE-PROCURA-EM-UM-EMPREGO1.jpg","datePublished":"2021-11-07T03:00:16+00:00","dateModified":"2025-06-15T17:31:29+00:00","author":{"@id":"https:\/\/www.vagadeempregorj.com.br\/#\/schema\/person\/c0c38d5d765e86c3b7c8f12fb1ae6477"},"description":"Veja em Vagas de Emprego RJ as vagas de emprego com e sem experi\u00eancia no seu Estado e Regi\u00e3o!","breadcrumb":{"@id":"https:\/\/www.vagadeempregorj.com.br\/o-que-se-procura-em-um-emprego\/#breadcrumb"},"inLanguage":"fr-FR","potentialAction":[{"@type":"ReadAction","target":["https:\/\/www.vagadeempregorj.com.br\/o-que-se-procura-em-um-emprego\/"]}]},{"@type":"ImageObject","inLanguage":"fr-FR","@id":"https:\/\/www.vagadeempregorj.com.br\/o-que-se-procura-em-um-emprego\/#primaryimage","url":"https:\/\/www.vagadeempregorj.com.br\/wp-content\/uploads\/2021\/11\/O-QUE-SE-PROCURA-EM-UM-EMPREGO1.jpg","contentUrl":"https:\/\/www.vagadeempregorj.com.br\/wp-content\/uploads\/2021\/11\/O-QUE-SE-PROCURA-EM-UM-EMPREGO1.jpg","width":1200,"height":675,"caption":"O QUE SE PROCURA EM UM EMPREGO"},{"@type":"BreadcrumbList","@id":"https:\/\/www.vagadeempregorj.com.br\/o-que-se-procura-em-um-emprego\/#breadcrumb","itemListElement":[{"@type":"ListItem","position":1,"name":"In\u00edcio","item":"https:\/\/www.vagadeempregorj.com.br\/"},{"@type":"ListItem","position":2,"name":"O que se procura em um emprego?"}]},{"@type":"WebSite","@id":"https:\/\/www.vagadeempregorj.com.br\/#website","url":"https:\/\/www.vagadeempregorj.com.br\/","name":"","description":"Conquiste Sonhos: Vagas, Benef\u00edcios e Economia para Transformar Vidas e Alcan\u00e7ar Melhorias Cotidianas","potentialAction":[{"@type":"SearchAction","target":{"@type":"EntryPoint","urlTemplate":"https:\/\/www.vagadeempregorj.com.br\/?s={search_term_string}"},"query-input":{"@type":"PropertyValueSpecification","valueRequired":true,"valueName":"search_term_string"}}],"inLanguage":"fr-FR"},{"@type":"Person","@id":"https:\/\/www.vagadeempregorj.com.br\/#\/schema\/person\/c0c38d5d765e86c3b7c8f12fb1ae6477","name":"Ana B.","image":{"@type":"ImageObject","inLanguage":"fr-FR","@id":"https:\/\/secure.gravatar.com\/avatar\/f5efa58599e07f8dd92f26c7cfbc442fd115582bc681245452e503c2ef2334f3?s=96&r=g","url":"https:\/\/secure.gravatar.com\/avatar\/f5efa58599e07f8dd92f26c7cfbc442fd115582bc681245452e503c2ef2334f3?s=96&r=g","contentUrl":"https:\/\/secure.gravatar.com\/avatar\/f5efa58599e07f8dd92f26c7cfbc442fd115582bc681245452e503c2ef2334f3?s=96&r=g","caption":"Ana B."},"description":"Meu nome \u00e9 Ana e sou apaixonada em escrever. Dedico meu tempo escrevendo not\u00edcias e vagas de emprego diariamente no portal Vaga de Emprego RJ.","url":"https:\/\/www.vagadeempregorj.com.br\/fr\/author\/vgrj\/"}]}},"_links":{"self":[{"href":"https:\/\/www.vagadeempregorj.com.br\/fr\/wp-json\/wp\/v2\/posts\/17886","targetHints":{"allow":["GET"]}}],"collection":[{"href":"https:\/\/www.vagadeempregorj.com.br\/fr\/wp-json\/wp\/v2\/posts"}],"about":[{"href":"https:\/\/www.vagadeempregorj.com.br\/fr\/wp-json\/wp\/v2\/types\/post"}],"author":[{"embeddable":true,"href":"https:\/\/www.vagadeempregorj.com.br\/fr\/wp-json\/wp\/v2\/users\/1"}],"replies":[{"embeddable":true,"href":"https:\/\/www.vagadeempregorj.com.br\/fr\/wp-json\/wp\/v2\/comments?post=17886"}],"version-history":[{"count":1,"href":"https:\/\/www.vagadeempregorj.com.br\/fr\/wp-json\/wp\/v2\/posts\/17886\/revisions"}],"predecessor-version":[{"id":43574,"href":"https:\/\/www.vagadeempregorj.com.br\/fr\/wp-json\/wp\/v2\/posts\/17886\/revisions\/43574"}],"wp:featuredmedia":[{"embeddable":true,"href":"https:\/\/www.vagadeempregorj.com.br\/fr\/wp-json\/wp\/v2\/media\/24473"}],"wp:attachment":[{"href":"https:\/\/www.vagadeempregorj.com.br\/fr\/wp-json\/wp\/v2\/media?parent=17886"}],"wp:term":[{"taxonomy":"category","embeddable":true,"href":"https:\/\/www.vagadeempregorj.com.br\/fr\/wp-json\/wp\/v2\/categories?post=17886"},{"taxonomy":"post_tag","embeddable":true,"href":"https:\/\/www.vagadeempregorj.com.br\/fr\/wp-json\/wp\/v2\/tags?post=17886"}],"curies":[{"name":"wp","href":"https:\/\/api.w.org\/{rel}","templated":true}]}}