{"id":25818,"date":"2023-08-04T00:05:00","date_gmt":"2023-08-04T03:05:00","guid":{"rendered":"https:\/\/www.vagadeempregorj.com.br\/?p=25818"},"modified":"2023-12-15T13:24:03","modified_gmt":"2023-12-15T16:24:03","slug":"vagas-de-emprego-na-ca","status":"publish","type":"post","link":"https:\/\/www.vagadeempregorj.com.br\/fr\/vagas-de-emprego-na-ca\/","title":{"rendered":"Vagas de emprego na C&#038;A, confira"},"content":{"rendered":"<p>Atualizado<\/p>\n\n\n<div class=\"wp-block-post-date\"><time datetime=\"2023-08-04T00:05:00-03:00\">04\/08\/2023<\/time><\/div>\n\n\n<p>Confira as <a href=\"https:\/\/www.vagadeempregorj.com.br\/fr\/\">vagas de emprego<\/a> na C&A, a rede de lojas tem programa de est\u00e1gio e se destaca pelas f\u00e9rias semestrais.<\/p>\n\n\n\n<p>Sendo assim, uma empresa de moda que tem clientes fi\u00e9is pelo mundo inteiro. <br><br>Ent\u00e3o, a C&A passou a ser uma refer\u00eancia de bom gosto, com suas lojas modernas e grife pr\u00f3pria, como a Clock House.<br><br>Entretanto, muitas pessoas procuram pela marca n\u00e3o pelas compras, mas sim para concorrer a oportunidades de emprego.<br><br>Dessa maneira, confira algumas vagas que a rede de lojas tem agora s\u00e3o:<\/p>\n\n\n\n<ul class=\"wp-block-list\">\n<li>Assistente de estilo<\/li>\n\n\n\n<li>Estagi\u00e1rio de Engenharia<\/li>\n\n\n\n<li>Est\u00e1gio em Arquitetura<\/li>\n\n\n\n<li>Coordenador de preven\u00e7\u00e3o de perdas<\/li>\n\n\n\n<li>Supervisor de vendas<\/li>\n\n\n\n<li>Analista de planejamento e processos, abastecimento e Telecom<\/li>\n\n\n\n<li>T\u00e9cnico de Qualidade<\/li>\n\n\n\n<li>Especialista de pol\u00edticas de cr\u00e9dito<\/li>\n\n\n\n<li>Analista tribut\u00e1rio pleno<\/li>\n\n\n\n<li>E outros<\/li>\n<\/ul>\n\n\n\n<p>Contudo, os benef\u00edcios da C&A colocam a empresa em destaque para os trabalhadores, havendo:<\/p>\n\n\n\n<ul class=\"wp-block-list\">\n<li>B\u00f4nus anual,<\/li>\n\n\n\n<li>Restaurante interno,<\/li>\n\n\n\n<li>Home office,<\/li>\n\n\n\n<li>Folga no dia do anivers\u00e1rio,<\/li>\n\n\n\n<li>Assist\u00eancia m\u00e9dica,<\/li>\n\n\n\n<li>Estacionamento,<\/li>\n\n\n\n<li>F\u00e9rias semestrais,<\/li>\n\n\n\n<li>Desconto nos produtos da loja<\/li>\n\n\n\n<li>Assist\u00eancia odontol\u00f3gica.<\/li>\n<\/ul>\n\n\n\n<div class=\"wp-block-buttons is-horizontal is-content-justification-center is-layout-flex wp-container-core-buttons-is-layout-499968f5 wp-block-buttons-is-layout-flex\">\n<div class=\"wp-block-button\"><a class=\"wp-block-button__link has-black-color has-text-color has-background wp-element-button\" href=\"https:\/\/www.vagadeempregorj.com.br\/fr\/enviando-seu-curriculo-rapidamente\/\" style=\"background:linear-gradient(2deg,rgb(255,134,50) 64%,rgb(255,197,71) 100%)\"><strong>VEJA COMO SE CANDIDATAR<\/strong><\/a><\/div>\n<\/div>\n\n\n\n<h2 class=\"wp-block-heading\"><strong>Como se inscrever nas vagas de emprego na C&A<\/strong><\/h2>\n\n\n\n<p>Para concorrer \u00e0s oportunidades na C&A \u00e9 preciso acessar o site <a href=\"https:\/\/www.cea.com.br\" target=\"_blank\" rel=\"noreferrer noopener\">https:\/\/www.cea.com.br<\/a>\/ role para baixo at\u00e9 o rodap\u00e9 do site e procure e clique no link  <strong>Trabalhe Conosco<\/strong>.<\/p>\n\n\n\n<p>Site da C&A: <strong><a href=\"https:\/\/www.cea.com.br\/\" target=\"_blank\" rel=\"noreferrer noopener\">https:\/\/www.cea.com.br\/<\/a><\/strong><\/p>\n\n\n\n<p>Em suma, o LinkedIn da C&A tamb\u00e9m mostra diversas vagas para as lojas e \u00e9 s\u00f3 ter um perfil na rede: <a href=\"https:\/\/www.linkedin.com\/company\/c&a_brasil\/\">https:\/\/www.linkedin.com\/company\/c&a_brasil\/<\/a>.<\/p>\n\n\n\n<h2 class=\"wp-block-heading\"><strong>Descubra mais sobre a C&A<\/strong><\/h2>\n\n\n\n<p>Com unidades na \u00c1ustria, Cro\u00e1cia, Espanha, It\u00e1lia, Pol\u00f4nia, Rom\u00eania e muitos outros pa\u00edses.<\/p>\n\n\n\n<p>Entretanto, a C&A traz em suas lojas o que \u00e9 mais relevante no campo da moda, com pe\u00e7as que s\u00e3o criadas pela sua pr\u00f3pria equipe.<\/p>\n\n\n\n<p>Assim tamb\u00e9m, tendo quase 200 anos desde a sua funda\u00e7\u00e3o, a marca de roupas tem pe\u00e7as para crian\u00e7as e adultos.<\/p>\n\n\n\n<p>Dessa forma, sendo premiada pelo Top of Mind mais de uma vez, al\u00e9m de receber outras premia\u00e7\u00f5es importantes.<\/p>\n\n\n\n<p>Contudo, atualmente, at\u00e9 eletr\u00f4nicos podem ser comprados nas lojas da C&A, como Kindle, fones de ouvido, carregadores, celular, tablet e caixa de som.<\/p>\n\n\n\n<p>O e-commerce da loja \u00e9 uma solu\u00e7\u00e3o para quem quer comprar online, havendo entrega no pa\u00eds todo ou a retirada diretamente em uma unidade.<\/p>\n\n\n\n<div class=\"wp-block-buttons is-horizontal is-content-justification-center is-layout-flex wp-container-core-buttons-is-layout-499968f5 wp-block-buttons-is-layout-flex\">\n<div class=\"wp-block-button\"><a class=\"wp-block-button__link has-black-color has-text-color has-background wp-element-button\" href=\"https:\/\/www.vagadeempregorj.com.br\/fr\/vagas-de-emprego\/rio-de-janeiro\/\" style=\"border-radius:29px;background:linear-gradient(2deg,rgb(255,134,50) 60%,rgb(255,197,71) 100%)\"><strong>VEJA NOVAS VAGAS PARA SE CANDIDATAR<\/strong><\/a><\/div>\n<\/div>","protected":false},"excerpt":{"rendered":"<p>Confira as vagas de emprego na C&#038;A, a rede de lojas tem programa de est\u00e1gio e se destaca pelas f\u00e9rias semestrais.<\/p>","protected":false},"author":1,"featured_media":25819,"comment_status":"closed","ping_status":"closed","sticky":false,"template":"","format":"standard","meta":{"neve_meta_sidebar":"","neve_meta_container":"","neve_meta_enable_content_width":"","neve_meta_content_width":0,"neve_meta_title_alignment":"","neve_meta_author_avatar":"","neve_post_elements_order":"","neve_meta_disable_header":"","neve_meta_disable_footer":"","neve_meta_disable_title":"","footnotes":""},"categories":[123],"tags":[203,147],"class_list":["post-25818","post","type-post","status-publish","format-standard","has-post-thumbnail","hentry","category-vagas-de-emprego-nacionais","tag-ca","tag-vaga-de-emprego"],"yoast_head":"<!-- This site is optimized with the Yoast SEO plugin v27.5 - https:\/\/yoast.com\/product\/yoast-seo-wordpress\/ -->\n<title>Vagas de emprego na C&amp;A, confira -<\/title>\n<meta name=\"description\" content=\"Confira as vagas de emprego na C&amp;A, a rede de lojas tem programa de est\u00e1gio e se destaca pelas f\u00e9rias semestrais.\" \/>\n<meta name=\"robots\" content=\"index, follow, max-snippet:-1, max-image-preview:large, max-video-preview:-1\" \/>\n<link rel=\"canonical\" href=\"https:\/\/www.vagadeempregorj.com.br\/fr\/vagas-de-emprego-na-ca\/\" \/>\n<meta property=\"og:locale\" content=\"fr_FR\" \/>\n<meta property=\"og:type\" content=\"article\" \/>\n<meta property=\"og:title\" content=\"Vagas de emprego na C&amp;A, confira -\" \/>\n<meta property=\"og:description\" content=\"Confira as vagas de emprego na C&amp;A, a rede de lojas tem programa de est\u00e1gio e se destaca pelas f\u00e9rias semestrais.\" \/>\n<meta property=\"og:url\" content=\"https:\/\/www.vagadeempregorj.com.br\/fr\/vagas-de-emprego-na-ca\/\" \/>\n<meta property=\"article:publisher\" content=\"https:\/\/www.facebook.com\/empregobrasiloficial\" \/>\n<meta property=\"article:published_time\" content=\"2023-08-04T03:05:00+00:00\" \/>\n<meta property=\"article:modified_time\" content=\"2023-12-15T16:24:03+00:00\" \/>\n<meta property=\"og:image\" content=\"https:\/\/www.vagadeempregorj.com.br\/wp-content\/uploads\/2022\/03\/ca.jpg\" \/>\n\t<meta property=\"og:image:width\" content=\"1200\" \/>\n\t<meta property=\"og:image:height\" content=\"675\" \/>\n\t<meta property=\"og:image:type\" content=\"image\/jpeg\" \/>\n<meta name=\"author\" content=\"Ana B.\" \/>\n<meta name=\"twitter:card\" content=\"summary_large_image\" \/>\n<meta name=\"twitter:label1\" content=\"Written by\" \/>\n\t<meta name=\"twitter:data1\" content=\"Ana B.\" \/>\n\t<meta name=\"twitter:label2\" content=\"Est. reading time\" \/>\n\t<meta name=\"twitter:data2\" content=\"3 minutes\" \/>\n<script type=\"application\/ld+json\" class=\"yoast-schema-graph\">{\"@context\":\"https:\\\/\\\/schema.org\",\"@graph\":[{\"@type\":\"Article\",\"@id\":\"https:\\\/\\\/www.vagadeempregorj.com.br\\\/vagas-de-emprego-na-ca\\\/#article\",\"isPartOf\":{\"@id\":\"https:\\\/\\\/www.vagadeempregorj.com.br\\\/vagas-de-emprego-na-ca\\\/\"},\"author\":{\"name\":\"Ana B.\",\"@id\":\"https:\\\/\\\/www.vagadeempregorj.com.br\\\/#\\\/schema\\\/person\\\/c0c38d5d765e86c3b7c8f12fb1ae6477\"},\"headline\":\"Vagas de emprego na C&#038;A, confira\",\"datePublished\":\"2023-08-04T03:05:00+00:00\",\"dateModified\":\"2023-12-15T16:24:03+00:00\",\"mainEntityOfPage\":{\"@id\":\"https:\\\/\\\/www.vagadeempregorj.com.br\\\/vagas-de-emprego-na-ca\\\/\"},\"wordCount\":442,\"image\":{\"@id\":\"https:\\\/\\\/www.vagadeempregorj.com.br\\\/vagas-de-emprego-na-ca\\\/#primaryimage\"},\"thumbnailUrl\":\"https:\\\/\\\/www.vagadeempregorj.com.br\\\/wp-content\\\/uploads\\\/2022\\\/03\\\/ca.jpg\",\"keywords\":[\"c&amp;a\",\"vaga de emprego\"],\"articleSection\":[\"Vagas de Emprego Nacionais\"],\"inLanguage\":\"fr-FR\"},{\"@type\":\"WebPage\",\"@id\":\"https:\\\/\\\/www.vagadeempregorj.com.br\\\/vagas-de-emprego-na-ca\\\/\",\"url\":\"https:\\\/\\\/www.vagadeempregorj.com.br\\\/vagas-de-emprego-na-ca\\\/\",\"name\":\"Vagas de emprego na C&A, confira -\",\"isPartOf\":{\"@id\":\"https:\\\/\\\/www.vagadeempregorj.com.br\\\/#website\"},\"primaryImageOfPage\":{\"@id\":\"https:\\\/\\\/www.vagadeempregorj.com.br\\\/vagas-de-emprego-na-ca\\\/#primaryimage\"},\"image\":{\"@id\":\"https:\\\/\\\/www.vagadeempregorj.com.br\\\/vagas-de-emprego-na-ca\\\/#primaryimage\"},\"thumbnailUrl\":\"https:\\\/\\\/www.vagadeempregorj.com.br\\\/wp-content\\\/uploads\\\/2022\\\/03\\\/ca.jpg\",\"datePublished\":\"2023-08-04T03:05:00+00:00\",\"dateModified\":\"2023-12-15T16:24:03+00:00\",\"author\":{\"@id\":\"https:\\\/\\\/www.vagadeempregorj.com.br\\\/#\\\/schema\\\/person\\\/c0c38d5d765e86c3b7c8f12fb1ae6477\"},\"description\":\"Confira as vagas de emprego na C&A, a rede de lojas tem programa de est\u00e1gio e se destaca pelas f\u00e9rias semestrais.\",\"breadcrumb\":{\"@id\":\"https:\\\/\\\/www.vagadeempregorj.com.br\\\/vagas-de-emprego-na-ca\\\/#breadcrumb\"},\"inLanguage\":\"fr-FR\",\"potentialAction\":[{\"@type\":\"ReadAction\",\"target\":[\"https:\\\/\\\/www.vagadeempregorj.com.br\\\/vagas-de-emprego-na-ca\\\/\"]}]},{\"@type\":\"ImageObject\",\"inLanguage\":\"fr-FR\",\"@id\":\"https:\\\/\\\/www.vagadeempregorj.com.br\\\/vagas-de-emprego-na-ca\\\/#primaryimage\",\"url\":\"https:\\\/\\\/www.vagadeempregorj.com.br\\\/wp-content\\\/uploads\\\/2022\\\/03\\\/ca.jpg\",\"contentUrl\":\"https:\\\/\\\/www.vagadeempregorj.com.br\\\/wp-content\\\/uploads\\\/2022\\\/03\\\/ca.jpg\",\"width\":1200,\"height\":675,\"caption\":\"c&a\"},{\"@type\":\"BreadcrumbList\",\"@id\":\"https:\\\/\\\/www.vagadeempregorj.com.br\\\/vagas-de-emprego-na-ca\\\/#breadcrumb\",\"itemListElement\":[{\"@type\":\"ListItem\",\"position\":1,\"name\":\"In\u00edcio\",\"item\":\"https:\\\/\\\/www.vagadeempregorj.com.br\\\/\"},{\"@type\":\"ListItem\",\"position\":2,\"name\":\"Vagas de Emprego Nacionais\",\"item\":\"https:\\\/\\\/www.vagadeempregorj.com.br\\\/vagas-de-emprego-nacionais\\\/\"},{\"@type\":\"ListItem\",\"position\":3,\"name\":\"Vagas de emprego na C&#038;A, confira\"}]},{\"@type\":\"WebSite\",\"@id\":\"https:\\\/\\\/www.vagadeempregorj.com.br\\\/#website\",\"url\":\"https:\\\/\\\/www.vagadeempregorj.com.br\\\/\",\"name\":\"\",\"description\":\"Conquiste Sonhos: Vagas, Benef\u00edcios e Economia para Transformar Vidas e Alcan\u00e7ar Melhorias Cotidianas\",\"potentialAction\":[{\"@type\":\"SearchAction\",\"target\":{\"@type\":\"EntryPoint\",\"urlTemplate\":\"https:\\\/\\\/www.vagadeempregorj.com.br\\\/?s={search_term_string}\"},\"query-input\":{\"@type\":\"PropertyValueSpecification\",\"valueRequired\":true,\"valueName\":\"search_term_string\"}}],\"inLanguage\":\"fr-FR\"},{\"@type\":\"Person\",\"@id\":\"https:\\\/\\\/www.vagadeempregorj.com.br\\\/#\\\/schema\\\/person\\\/c0c38d5d765e86c3b7c8f12fb1ae6477\",\"name\":\"Ana B.\",\"image\":{\"@type\":\"ImageObject\",\"inLanguage\":\"fr-FR\",\"@id\":\"https:\\\/\\\/secure.gravatar.com\\\/avatar\\\/f5efa58599e07f8dd92f26c7cfbc442fd115582bc681245452e503c2ef2334f3?s=96&r=g\",\"url\":\"https:\\\/\\\/secure.gravatar.com\\\/avatar\\\/f5efa58599e07f8dd92f26c7cfbc442fd115582bc681245452e503c2ef2334f3?s=96&r=g\",\"contentUrl\":\"https:\\\/\\\/secure.gravatar.com\\\/avatar\\\/f5efa58599e07f8dd92f26c7cfbc442fd115582bc681245452e503c2ef2334f3?s=96&r=g\",\"caption\":\"Ana B.\"},\"description\":\"Meu nome \u00e9 Ana e sou apaixonada em escrever. Dedico meu tempo escrevendo not\u00edcias e vagas de emprego diariamente no portal Vaga de Emprego RJ.\",\"url\":\"https:\\\/\\\/www.vagadeempregorj.com.br\\\/fr\\\/author\\\/vgrj\\\/\"}]}<\/script>\n<!-- \/ Yoast SEO plugin. -->","yoast_head_json":{"title":"Vagas de emprego na C&A, confira -","description":"Confira as vagas de emprego na C&A, a rede de lojas tem programa de est\u00e1gio e se destaca pelas f\u00e9rias semestrais.","robots":{"index":"index","follow":"follow","max-snippet":"max-snippet:-1","max-image-preview":"max-image-preview:large","max-video-preview":"max-video-preview:-1"},"canonical":"https:\/\/www.vagadeempregorj.com.br\/fr\/vagas-de-emprego-na-ca\/","og_locale":"fr_FR","og_type":"article","og_title":"Vagas de emprego na C&A, confira -","og_description":"Confira as vagas de emprego na C&A, a rede de lojas tem programa de est\u00e1gio e se destaca pelas f\u00e9rias semestrais.","og_url":"https:\/\/www.vagadeempregorj.com.br\/fr\/vagas-de-emprego-na-ca\/","article_publisher":"https:\/\/www.facebook.com\/empregobrasiloficial","article_published_time":"2023-08-04T03:05:00+00:00","article_modified_time":"2023-12-15T16:24:03+00:00","og_image":[{"width":1200,"height":675,"url":"https:\/\/www.vagadeempregorj.com.br\/wp-content\/uploads\/2022\/03\/ca.jpg","type":"image\/jpeg"}],"author":"Ana B.","twitter_card":"summary_large_image","twitter_misc":{"Written by":"Ana B.","Est. reading time":"3 minutes"},"schema":{"@context":"https:\/\/schema.org","@graph":[{"@type":"Article","@id":"https:\/\/www.vagadeempregorj.com.br\/vagas-de-emprego-na-ca\/#article","isPartOf":{"@id":"https:\/\/www.vagadeempregorj.com.br\/vagas-de-emprego-na-ca\/"},"author":{"name":"Ana B.","@id":"https:\/\/www.vagadeempregorj.com.br\/#\/schema\/person\/c0c38d5d765e86c3b7c8f12fb1ae6477"},"headline":"Vagas de emprego na C&#038;A, confira","datePublished":"2023-08-04T03:05:00+00:00","dateModified":"2023-12-15T16:24:03+00:00","mainEntityOfPage":{"@id":"https:\/\/www.vagadeempregorj.com.br\/vagas-de-emprego-na-ca\/"},"wordCount":442,"image":{"@id":"https:\/\/www.vagadeempregorj.com.br\/vagas-de-emprego-na-ca\/#primaryimage"},"thumbnailUrl":"https:\/\/www.vagadeempregorj.com.br\/wp-content\/uploads\/2022\/03\/ca.jpg","keywords":["c&amp;a","vaga de emprego"],"articleSection":["Vagas de Emprego Nacionais"],"inLanguage":"fr-FR"},{"@type":"WebPage","@id":"https:\/\/www.vagadeempregorj.com.br\/vagas-de-emprego-na-ca\/","url":"https:\/\/www.vagadeempregorj.com.br\/vagas-de-emprego-na-ca\/","name":"Vagas de emprego na C&A, confira -","isPartOf":{"@id":"https:\/\/www.vagadeempregorj.com.br\/#website"},"primaryImageOfPage":{"@id":"https:\/\/www.vagadeempregorj.com.br\/vagas-de-emprego-na-ca\/#primaryimage"},"image":{"@id":"https:\/\/www.vagadeempregorj.com.br\/vagas-de-emprego-na-ca\/#primaryimage"},"thumbnailUrl":"https:\/\/www.vagadeempregorj.com.br\/wp-content\/uploads\/2022\/03\/ca.jpg","datePublished":"2023-08-04T03:05:00+00:00","dateModified":"2023-12-15T16:24:03+00:00","author":{"@id":"https:\/\/www.vagadeempregorj.com.br\/#\/schema\/person\/c0c38d5d765e86c3b7c8f12fb1ae6477"},"description":"Confira as vagas de emprego na C&A, a rede de lojas tem programa de est\u00e1gio e se destaca pelas f\u00e9rias semestrais.","breadcrumb":{"@id":"https:\/\/www.vagadeempregorj.com.br\/vagas-de-emprego-na-ca\/#breadcrumb"},"inLanguage":"fr-FR","potentialAction":[{"@type":"ReadAction","target":["https:\/\/www.vagadeempregorj.com.br\/vagas-de-emprego-na-ca\/"]}]},{"@type":"ImageObject","inLanguage":"fr-FR","@id":"https:\/\/www.vagadeempregorj.com.br\/vagas-de-emprego-na-ca\/#primaryimage","url":"https:\/\/www.vagadeempregorj.com.br\/wp-content\/uploads\/2022\/03\/ca.jpg","contentUrl":"https:\/\/www.vagadeempregorj.com.br\/wp-content\/uploads\/2022\/03\/ca.jpg","width":1200,"height":675,"caption":"c&a"},{"@type":"BreadcrumbList","@id":"https:\/\/www.vagadeempregorj.com.br\/vagas-de-emprego-na-ca\/#breadcrumb","itemListElement":[{"@type":"ListItem","position":1,"name":"In\u00edcio","item":"https:\/\/www.vagadeempregorj.com.br\/"},{"@type":"ListItem","position":2,"name":"Vagas de Emprego Nacionais","item":"https:\/\/www.vagadeempregorj.com.br\/vagas-de-emprego-nacionais\/"},{"@type":"ListItem","position":3,"name":"Vagas de emprego na C&#038;A, confira"}]},{"@type":"WebSite","@id":"https:\/\/www.vagadeempregorj.com.br\/#website","url":"https:\/\/www.vagadeempregorj.com.br\/","name":"","description":"Conquiste Sonhos: Vagas, Benef\u00edcios e Economia para Transformar Vidas e Alcan\u00e7ar Melhorias Cotidianas","potentialAction":[{"@type":"SearchAction","target":{"@type":"EntryPoint","urlTemplate":"https:\/\/www.vagadeempregorj.com.br\/?s={search_term_string}"},"query-input":{"@type":"PropertyValueSpecification","valueRequired":true,"valueName":"search_term_string"}}],"inLanguage":"fr-FR"},{"@type":"Person","@id":"https:\/\/www.vagadeempregorj.com.br\/#\/schema\/person\/c0c38d5d765e86c3b7c8f12fb1ae6477","name":"Ana B.","image":{"@type":"ImageObject","inLanguage":"fr-FR","@id":"https:\/\/secure.gravatar.com\/avatar\/f5efa58599e07f8dd92f26c7cfbc442fd115582bc681245452e503c2ef2334f3?s=96&r=g","url":"https:\/\/secure.gravatar.com\/avatar\/f5efa58599e07f8dd92f26c7cfbc442fd115582bc681245452e503c2ef2334f3?s=96&r=g","contentUrl":"https:\/\/secure.gravatar.com\/avatar\/f5efa58599e07f8dd92f26c7cfbc442fd115582bc681245452e503c2ef2334f3?s=96&r=g","caption":"Ana B."},"description":"Meu nome \u00e9 Ana e sou apaixonada em escrever. Dedico meu tempo escrevendo not\u00edcias e vagas de emprego diariamente no portal Vaga de Emprego RJ.","url":"https:\/\/www.vagadeempregorj.com.br\/fr\/author\/vgrj\/"}]}},"_links":{"self":[{"href":"https:\/\/www.vagadeempregorj.com.br\/fr\/wp-json\/wp\/v2\/posts\/25818","targetHints":{"allow":["GET"]}}],"collection":[{"href":"https:\/\/www.vagadeempregorj.com.br\/fr\/wp-json\/wp\/v2\/posts"}],"about":[{"href":"https:\/\/www.vagadeempregorj.com.br\/fr\/wp-json\/wp\/v2\/types\/post"}],"author":[{"embeddable":true,"href":"https:\/\/www.vagadeempregorj.com.br\/fr\/wp-json\/wp\/v2\/users\/1"}],"replies":[{"embeddable":true,"href":"https:\/\/www.vagadeempregorj.com.br\/fr\/wp-json\/wp\/v2\/comments?post=25818"}],"version-history":[{"count":0,"href":"https:\/\/www.vagadeempregorj.com.br\/fr\/wp-json\/wp\/v2\/posts\/25818\/revisions"}],"wp:featuredmedia":[{"embeddable":true,"href":"https:\/\/www.vagadeempregorj.com.br\/fr\/wp-json\/wp\/v2\/media\/25819"}],"wp:attachment":[{"href":"https:\/\/www.vagadeempregorj.com.br\/fr\/wp-json\/wp\/v2\/media?parent=25818"}],"wp:term":[{"taxonomy":"category","embeddable":true,"href":"https:\/\/www.vagadeempregorj.com.br\/fr\/wp-json\/wp\/v2\/categories?post=25818"},{"taxonomy":"post_tag","embeddable":true,"href":"https:\/\/www.vagadeempregorj.com.br\/fr\/wp-json\/wp\/v2\/tags?post=25818"}],"curies":[{"name":"wp","href":"https:\/\/api.w.org\/{rel}","templated":true}]}}