{"id":25959,"date":"2023-11-17T00:02:00","date_gmt":"2023-11-17T03:02:00","guid":{"rendered":"https:\/\/www.vagadeempregorj.com.br\/?p=25959"},"modified":"2023-11-16T09:03:11","modified_gmt":"2023-11-16T12:03:11","slug":"vagas-de-emprego-na-alelo","status":"publish","type":"post","link":"https:\/\/www.vagadeempregorj.com.br\/fr\/vagas-de-emprego-na-alelo\/","title":{"rendered":"Vagas de emprego na Alelo, veja"},"content":{"rendered":"<p>Atualizado<\/p>\n\n\n<div class=\"wp-block-post-date\"><time datetime=\"2023-11-17T00:02:00-03:00\">17\/11\/2023<\/time><\/div>\n\n\n<p>Vagas de emprego na Alelo , a empresa que tem diversos cart\u00f5es para benef\u00edcios a trabalhadores e medidas de conserva\u00e7\u00e3o do ambiente.<\/p>\n\n\n\n<p>Assim tamb\u00e9m, a Alelo \u00e9 uma companhia que trabalha com fornecimento de cart\u00f5es benef\u00edcios, sendo usado pelas empresas para pagar vale alimenta\u00e7\u00e3o aos seus colaboradores, por exemplo. <br><br>Entretanto, com um programa de contrata\u00e7\u00e3o de diversidades, ela tem vagas bem atrativas no pa\u00eds todo, incluindo:<\/p>\n\n\n\n<ul class=\"wp-block-list\">\n<li>Consultor comercial<\/li>\n\n\n\n<li>Analista de Marketing<\/li>\n\n\n\n<li>Analista de experi\u00eancia do cliente<\/li>\n\n\n\n<li>Aprendiz de pre\u00e7os e incentivos<\/li>\n\n\n\n<li>Especialista em atra\u00e7\u00e3o de talentos<\/li>\n\n\n\n<li>Analista de Business Analytics<\/li>\n\n\n\n<li>Gerente de Marketing<\/li>\n\n\n\n<li>Analista de seguran\u00e7a da informa\u00e7\u00e3o<\/li>\n\n\n\n<li>Engenheiro de software<\/li>\n\n\n\n<li>Especialista de arquitetura de sistemas<\/li>\n\n\n\n<li>E outros<\/li>\n<\/ul>\n\n\n\n<p>Dessa maneira, os benef\u00edcios oferecidos pela Alelo aos colaboradores s\u00e3o:<\/p>\n\n\n\n<ul class=\"wp-block-list\">\n<li>Ambiente descontra\u00eddo,<\/li>\n\n\n\n<li>No dress code,<\/li>\n\n\n\n<li>Aux\u00edlio refei\u00e7\u00e3o,<\/li>\n\n\n\n<li>Plano de sa\u00fade,<\/li>\n\n\n\n<li>Plataforma de sa\u00fade mental,<\/li>\n\n\n\n<li>Aux\u00edlio farm\u00e1cia,<\/li>\n\n\n\n<li>Gympass,<\/li>\n\n\n\n<li>Previd\u00eancia privada,<\/li>\n\n\n\n<li>Home office,<\/li>\n\n\n\n<li>Aux\u00edlio creche<\/li>\n\n\n\n<li>E muito mais<\/li>\n<\/ul>\n\n\n\n<div class=\"wp-block-buttons is-horizontal is-content-justification-center is-layout-flex wp-container-core-buttons-is-layout-499968f5 wp-block-buttons-is-layout-flex\">\n<div class=\"wp-block-button\"><a class=\"wp-block-button__link has-black-color has-text-color has-background wp-element-button\" href=\"https:\/\/www.vagadeempregorj.com.br\/fr\/enviando-seu-curriculo-rapidamente\/\" style=\"background:linear-gradient(2deg,rgb(255,134,50) 64%,rgb(255,197,71) 100%)\"><strong>VEJA COMO SE CANDIDATAR<\/strong><\/a><\/div>\n<\/div>\n\n\n\n<h2 class=\"wp-block-heading\"><strong>Como se inscrever nas vagas de emprego na Alelo<\/strong><\/h2>\n\n\n\n<p>As vagas para a Alelo est\u00e3o dispon\u00edveis no link <a href=\"https:\/\/www.alelo.com.br\/trabalhe-conosco\">https:\/\/www.alelo.com.br\/trabalhe-conosco<\/a>.<\/p>\n\n\n\n<p>Sendo assim \u00e9 s\u00f3 clicar em \u201cVeja nossas vagas\u201d e, na parte de cima, em \u201cSou Candidato\u201d para cadastrar o curr\u00edculo.<\/p>\n\n\n\n<p>Entretanto, se quiser, o trabalhador pode j\u00e1 ir rolando a lista de oportunidades, lembrando que h\u00e1 o \u00edcone do LinkedIn \u00e0 esquerda da p\u00e1gina para quem preferir se candidatar por ali.<\/p>\n\n\n\n<p>Dessa forma, alguns sites de empregos tamb\u00e9m podem ter vagas para a Alelo, como o Indeed.<\/p>\n\n\n\n<h2 class=\"wp-block-heading\"><strong>Descubra mais sobre a Alelo<\/strong><\/h2>\n\n\n\n<p>Ent\u00e3o, com quase duas d\u00e9cadas desde a sua cria\u00e7\u00e3o, a Alelo \u00e9 uma empresa confi\u00e1vel quando se trata de fornecimento de benef\u00edcios.<\/p>\n\n\n\n<p>Contudo os empregadores podem contar com a companhia para fornecer o seguinte aos seus colaboradores:<\/p>\n\n\n\n<ul class=\"wp-block-list\">\n<li>Alelo Despesas, Premia\u00e7\u00e3o, Tudo, Alimenta\u00e7\u00e3o, Natal, Mobilidade, Gest\u00e3o de Vale Transporte e Refei\u00e7\u00e3o,<\/li>\n\n\n\n<li>Pede Pronto,<\/li>\n\n\n\n<li>e muito mais.<\/li>\n<\/ul>\n\n\n\n<p>Contudo os donos de estabelecimentos que querem se cadastrar como parceiros e, dessa forma, aceitar os cart\u00f5es da Alelo, podem entrar em contato usando o site.<\/p>\n\n\n\n<p>Da mesma forma, \u00e9 por esse canal de atendimento que as empresas tamb\u00e9m passam a solicitar os cart\u00f5es para seus funcion\u00e1rios.<\/p>\n\n\n\n<p>Em suma, destaca-se todo o compromisso com o meio ambiente assumido por essa corpora\u00e7\u00e3o.<\/p>\n\n\n\n<p>Em resumo, desde incluindo a redu\u00e7\u00e3o de poluentes, a melhoria de processos e conscientiza\u00e7\u00e3o de todos os envolvidos.<\/p>\n\n\n\n<div class=\"wp-block-buttons is-horizontal is-content-justification-center is-layout-flex wp-container-core-buttons-is-layout-499968f5 wp-block-buttons-is-layout-flex\">\n<div class=\"wp-block-button\"><a class=\"wp-block-button__link has-black-color has-text-color has-background wp-element-button\" href=\"https:\/\/www.vagadeempregorj.com.br\/fr\/vagas-de-emprego\/rio-de-janeiro\/\" style=\"border-radius:29px;background:linear-gradient(2deg,rgb(255,134,50) 60%,rgb(255,197,71) 100%)\"><strong>VEJA NOVAS VAGAS PARA SE CANDIDATAR<\/strong><\/a><\/div>\n<\/div>","protected":false},"excerpt":{"rendered":"<p>Vagas de emprego na Alelo , a empresa que tem diversos cart\u00f5es para benef\u00edcios a trabalhadores e medidas de conserva\u00e7\u00e3o do ambiente.<\/p>","protected":false},"author":1,"featured_media":25960,"comment_status":"closed","ping_status":"closed","sticky":false,"template":"","format":"standard","meta":{"neve_meta_sidebar":"","neve_meta_container":"","neve_meta_enable_content_width":"","neve_meta_content_width":0,"neve_meta_title_alignment":"","neve_meta_author_avatar":"","neve_post_elements_order":"","neve_meta_disable_header":"","neve_meta_disable_footer":"","neve_meta_disable_title":"","footnotes":""},"categories":[123],"tags":[206,147],"class_list":["post-25959","post","type-post","status-publish","format-standard","has-post-thumbnail","hentry","category-vagas-de-emprego-nacionais","tag-alelo","tag-vaga-de-emprego"],"yoast_head":"<!-- This site is optimized with the Yoast SEO plugin v27.5 - https:\/\/yoast.com\/product\/yoast-seo-wordpress\/ -->\n<title>Vagas de emprego na Alelo, veja -<\/title>\n<meta name=\"description\" content=\"Vagas de emprego na Alelo , a empresa que tem diversos cart\u00f5es para benef\u00edcios a trabalhadores e medidas de conserva\u00e7\u00e3o do ambiente.\" \/>\n<meta name=\"robots\" content=\"index, follow, max-snippet:-1, max-image-preview:large, max-video-preview:-1\" \/>\n<link rel=\"canonical\" href=\"https:\/\/www.vagadeempregorj.com.br\/fr\/vagas-de-emprego-na-alelo\/\" \/>\n<meta property=\"og:locale\" content=\"fr_FR\" \/>\n<meta property=\"og:type\" content=\"article\" \/>\n<meta property=\"og:title\" content=\"Vagas de emprego na Alelo, veja -\" \/>\n<meta property=\"og:description\" content=\"Vagas de emprego na Alelo , a empresa que tem diversos cart\u00f5es para benef\u00edcios a trabalhadores e medidas de conserva\u00e7\u00e3o do ambiente.\" \/>\n<meta property=\"og:url\" content=\"https:\/\/www.vagadeempregorj.com.br\/fr\/vagas-de-emprego-na-alelo\/\" \/>\n<meta property=\"article:publisher\" content=\"https:\/\/www.facebook.com\/empregobrasiloficial\" \/>\n<meta property=\"article:published_time\" content=\"2023-11-17T03:02:00+00:00\" \/>\n<meta property=\"og:image\" content=\"https:\/\/www.vagadeempregorj.com.br\/wp-content\/uploads\/2022\/03\/ALELO.jpg\" \/>\n\t<meta property=\"og:image:width\" content=\"1200\" \/>\n\t<meta property=\"og:image:height\" content=\"675\" \/>\n\t<meta property=\"og:image:type\" content=\"image\/jpeg\" \/>\n<meta name=\"author\" content=\"Ana B.\" \/>\n<meta name=\"twitter:card\" content=\"summary_large_image\" \/>\n<meta name=\"twitter:label1\" content=\"Written by\" \/>\n\t<meta name=\"twitter:data1\" content=\"Ana B.\" \/>\n\t<meta name=\"twitter:label2\" content=\"Est. reading time\" \/>\n\t<meta name=\"twitter:data2\" content=\"3 minutes\" \/>\n<script type=\"application\/ld+json\" class=\"yoast-schema-graph\">{\"@context\":\"https:\\\/\\\/schema.org\",\"@graph\":[{\"@type\":\"Article\",\"@id\":\"https:\\\/\\\/www.vagadeempregorj.com.br\\\/vagas-de-emprego-na-alelo\\\/#article\",\"isPartOf\":{\"@id\":\"https:\\\/\\\/www.vagadeempregorj.com.br\\\/vagas-de-emprego-na-alelo\\\/\"},\"author\":{\"name\":\"Ana B.\",\"@id\":\"https:\\\/\\\/www.vagadeempregorj.com.br\\\/#\\\/schema\\\/person\\\/c0c38d5d765e86c3b7c8f12fb1ae6477\"},\"headline\":\"Vagas de emprego na Alelo, veja\",\"datePublished\":\"2023-11-17T03:02:00+00:00\",\"mainEntityOfPage\":{\"@id\":\"https:\\\/\\\/www.vagadeempregorj.com.br\\\/vagas-de-emprego-na-alelo\\\/\"},\"wordCount\":432,\"image\":{\"@id\":\"https:\\\/\\\/www.vagadeempregorj.com.br\\\/vagas-de-emprego-na-alelo\\\/#primaryimage\"},\"thumbnailUrl\":\"https:\\\/\\\/www.vagadeempregorj.com.br\\\/wp-content\\\/uploads\\\/2022\\\/03\\\/ALELO.jpg\",\"keywords\":[\"ALELO\",\"vaga de emprego\"],\"articleSection\":[\"Vagas de Emprego Nacionais\"],\"inLanguage\":\"fr-FR\"},{\"@type\":\"WebPage\",\"@id\":\"https:\\\/\\\/www.vagadeempregorj.com.br\\\/vagas-de-emprego-na-alelo\\\/\",\"url\":\"https:\\\/\\\/www.vagadeempregorj.com.br\\\/vagas-de-emprego-na-alelo\\\/\",\"name\":\"Vagas de emprego na Alelo, veja -\",\"isPartOf\":{\"@id\":\"https:\\\/\\\/www.vagadeempregorj.com.br\\\/#website\"},\"primaryImageOfPage\":{\"@id\":\"https:\\\/\\\/www.vagadeempregorj.com.br\\\/vagas-de-emprego-na-alelo\\\/#primaryimage\"},\"image\":{\"@id\":\"https:\\\/\\\/www.vagadeempregorj.com.br\\\/vagas-de-emprego-na-alelo\\\/#primaryimage\"},\"thumbnailUrl\":\"https:\\\/\\\/www.vagadeempregorj.com.br\\\/wp-content\\\/uploads\\\/2022\\\/03\\\/ALELO.jpg\",\"datePublished\":\"2023-11-17T03:02:00+00:00\",\"author\":{\"@id\":\"https:\\\/\\\/www.vagadeempregorj.com.br\\\/#\\\/schema\\\/person\\\/c0c38d5d765e86c3b7c8f12fb1ae6477\"},\"description\":\"Vagas de emprego na Alelo , a empresa que tem diversos cart\u00f5es para benef\u00edcios a trabalhadores e medidas de conserva\u00e7\u00e3o do ambiente.\",\"breadcrumb\":{\"@id\":\"https:\\\/\\\/www.vagadeempregorj.com.br\\\/vagas-de-emprego-na-alelo\\\/#breadcrumb\"},\"inLanguage\":\"fr-FR\",\"potentialAction\":[{\"@type\":\"ReadAction\",\"target\":[\"https:\\\/\\\/www.vagadeempregorj.com.br\\\/vagas-de-emprego-na-alelo\\\/\"]}]},{\"@type\":\"ImageObject\",\"inLanguage\":\"fr-FR\",\"@id\":\"https:\\\/\\\/www.vagadeempregorj.com.br\\\/vagas-de-emprego-na-alelo\\\/#primaryimage\",\"url\":\"https:\\\/\\\/www.vagadeempregorj.com.br\\\/wp-content\\\/uploads\\\/2022\\\/03\\\/ALELO.jpg\",\"contentUrl\":\"https:\\\/\\\/www.vagadeempregorj.com.br\\\/wp-content\\\/uploads\\\/2022\\\/03\\\/ALELO.jpg\",\"width\":1200,\"height\":675,\"caption\":\"ALELO\"},{\"@type\":\"BreadcrumbList\",\"@id\":\"https:\\\/\\\/www.vagadeempregorj.com.br\\\/vagas-de-emprego-na-alelo\\\/#breadcrumb\",\"itemListElement\":[{\"@type\":\"ListItem\",\"position\":1,\"name\":\"In\u00edcio\",\"item\":\"https:\\\/\\\/www.vagadeempregorj.com.br\\\/\"},{\"@type\":\"ListItem\",\"position\":2,\"name\":\"Vagas de Emprego Nacionais\",\"item\":\"https:\\\/\\\/www.vagadeempregorj.com.br\\\/vagas-de-emprego-nacionais\\\/\"},{\"@type\":\"ListItem\",\"position\":3,\"name\":\"Vagas de emprego na Alelo, veja\"}]},{\"@type\":\"WebSite\",\"@id\":\"https:\\\/\\\/www.vagadeempregorj.com.br\\\/#website\",\"url\":\"https:\\\/\\\/www.vagadeempregorj.com.br\\\/\",\"name\":\"\",\"description\":\"Conquiste Sonhos: Vagas, Benef\u00edcios e Economia para Transformar Vidas e Alcan\u00e7ar Melhorias Cotidianas\",\"potentialAction\":[{\"@type\":\"SearchAction\",\"target\":{\"@type\":\"EntryPoint\",\"urlTemplate\":\"https:\\\/\\\/www.vagadeempregorj.com.br\\\/?s={search_term_string}\"},\"query-input\":{\"@type\":\"PropertyValueSpecification\",\"valueRequired\":true,\"valueName\":\"search_term_string\"}}],\"inLanguage\":\"fr-FR\"},{\"@type\":\"Person\",\"@id\":\"https:\\\/\\\/www.vagadeempregorj.com.br\\\/#\\\/schema\\\/person\\\/c0c38d5d765e86c3b7c8f12fb1ae6477\",\"name\":\"Ana B.\",\"image\":{\"@type\":\"ImageObject\",\"inLanguage\":\"fr-FR\",\"@id\":\"https:\\\/\\\/secure.gravatar.com\\\/avatar\\\/f5efa58599e07f8dd92f26c7cfbc442fd115582bc681245452e503c2ef2334f3?s=96&r=g\",\"url\":\"https:\\\/\\\/secure.gravatar.com\\\/avatar\\\/f5efa58599e07f8dd92f26c7cfbc442fd115582bc681245452e503c2ef2334f3?s=96&r=g\",\"contentUrl\":\"https:\\\/\\\/secure.gravatar.com\\\/avatar\\\/f5efa58599e07f8dd92f26c7cfbc442fd115582bc681245452e503c2ef2334f3?s=96&r=g\",\"caption\":\"Ana B.\"},\"description\":\"Meu nome \u00e9 Ana e sou apaixonada em escrever. Dedico meu tempo escrevendo not\u00edcias e vagas de emprego diariamente no portal Vaga de Emprego RJ.\",\"url\":\"https:\\\/\\\/www.vagadeempregorj.com.br\\\/fr\\\/author\\\/vgrj\\\/\"}]}<\/script>\n<!-- \/ Yoast SEO plugin. -->","yoast_head_json":{"title":"Vagas de emprego na Alelo, veja -","description":"Vagas de emprego na Alelo , a empresa que tem diversos cart\u00f5es para benef\u00edcios a trabalhadores e medidas de conserva\u00e7\u00e3o do ambiente.","robots":{"index":"index","follow":"follow","max-snippet":"max-snippet:-1","max-image-preview":"max-image-preview:large","max-video-preview":"max-video-preview:-1"},"canonical":"https:\/\/www.vagadeempregorj.com.br\/fr\/vagas-de-emprego-na-alelo\/","og_locale":"fr_FR","og_type":"article","og_title":"Vagas de emprego na Alelo, veja -","og_description":"Vagas de emprego na Alelo , a empresa que tem diversos cart\u00f5es para benef\u00edcios a trabalhadores e medidas de conserva\u00e7\u00e3o do ambiente.","og_url":"https:\/\/www.vagadeempregorj.com.br\/fr\/vagas-de-emprego-na-alelo\/","article_publisher":"https:\/\/www.facebook.com\/empregobrasiloficial","article_published_time":"2023-11-17T03:02:00+00:00","og_image":[{"width":1200,"height":675,"url":"https:\/\/www.vagadeempregorj.com.br\/wp-content\/uploads\/2022\/03\/ALELO.jpg","type":"image\/jpeg"}],"author":"Ana B.","twitter_card":"summary_large_image","twitter_misc":{"Written by":"Ana B.","Est. reading time":"3 minutes"},"schema":{"@context":"https:\/\/schema.org","@graph":[{"@type":"Article","@id":"https:\/\/www.vagadeempregorj.com.br\/vagas-de-emprego-na-alelo\/#article","isPartOf":{"@id":"https:\/\/www.vagadeempregorj.com.br\/vagas-de-emprego-na-alelo\/"},"author":{"name":"Ana B.","@id":"https:\/\/www.vagadeempregorj.com.br\/#\/schema\/person\/c0c38d5d765e86c3b7c8f12fb1ae6477"},"headline":"Vagas de emprego na Alelo, veja","datePublished":"2023-11-17T03:02:00+00:00","mainEntityOfPage":{"@id":"https:\/\/www.vagadeempregorj.com.br\/vagas-de-emprego-na-alelo\/"},"wordCount":432,"image":{"@id":"https:\/\/www.vagadeempregorj.com.br\/vagas-de-emprego-na-alelo\/#primaryimage"},"thumbnailUrl":"https:\/\/www.vagadeempregorj.com.br\/wp-content\/uploads\/2022\/03\/ALELO.jpg","keywords":["ALELO","vaga de emprego"],"articleSection":["Vagas de Emprego Nacionais"],"inLanguage":"fr-FR"},{"@type":"WebPage","@id":"https:\/\/www.vagadeempregorj.com.br\/vagas-de-emprego-na-alelo\/","url":"https:\/\/www.vagadeempregorj.com.br\/vagas-de-emprego-na-alelo\/","name":"Vagas de emprego na Alelo, veja -","isPartOf":{"@id":"https:\/\/www.vagadeempregorj.com.br\/#website"},"primaryImageOfPage":{"@id":"https:\/\/www.vagadeempregorj.com.br\/vagas-de-emprego-na-alelo\/#primaryimage"},"image":{"@id":"https:\/\/www.vagadeempregorj.com.br\/vagas-de-emprego-na-alelo\/#primaryimage"},"thumbnailUrl":"https:\/\/www.vagadeempregorj.com.br\/wp-content\/uploads\/2022\/03\/ALELO.jpg","datePublished":"2023-11-17T03:02:00+00:00","author":{"@id":"https:\/\/www.vagadeempregorj.com.br\/#\/schema\/person\/c0c38d5d765e86c3b7c8f12fb1ae6477"},"description":"Vagas de emprego na Alelo , a empresa que tem diversos cart\u00f5es para benef\u00edcios a trabalhadores e medidas de conserva\u00e7\u00e3o do ambiente.","breadcrumb":{"@id":"https:\/\/www.vagadeempregorj.com.br\/vagas-de-emprego-na-alelo\/#breadcrumb"},"inLanguage":"fr-FR","potentialAction":[{"@type":"ReadAction","target":["https:\/\/www.vagadeempregorj.com.br\/vagas-de-emprego-na-alelo\/"]}]},{"@type":"ImageObject","inLanguage":"fr-FR","@id":"https:\/\/www.vagadeempregorj.com.br\/vagas-de-emprego-na-alelo\/#primaryimage","url":"https:\/\/www.vagadeempregorj.com.br\/wp-content\/uploads\/2022\/03\/ALELO.jpg","contentUrl":"https:\/\/www.vagadeempregorj.com.br\/wp-content\/uploads\/2022\/03\/ALELO.jpg","width":1200,"height":675,"caption":"ALELO"},{"@type":"BreadcrumbList","@id":"https:\/\/www.vagadeempregorj.com.br\/vagas-de-emprego-na-alelo\/#breadcrumb","itemListElement":[{"@type":"ListItem","position":1,"name":"In\u00edcio","item":"https:\/\/www.vagadeempregorj.com.br\/"},{"@type":"ListItem","position":2,"name":"Vagas de Emprego Nacionais","item":"https:\/\/www.vagadeempregorj.com.br\/vagas-de-emprego-nacionais\/"},{"@type":"ListItem","position":3,"name":"Vagas de emprego na Alelo, veja"}]},{"@type":"WebSite","@id":"https:\/\/www.vagadeempregorj.com.br\/#website","url":"https:\/\/www.vagadeempregorj.com.br\/","name":"","description":"Conquiste Sonhos: Vagas, Benef\u00edcios e Economia para Transformar Vidas e Alcan\u00e7ar Melhorias Cotidianas","potentialAction":[{"@type":"SearchAction","target":{"@type":"EntryPoint","urlTemplate":"https:\/\/www.vagadeempregorj.com.br\/?s={search_term_string}"},"query-input":{"@type":"PropertyValueSpecification","valueRequired":true,"valueName":"search_term_string"}}],"inLanguage":"fr-FR"},{"@type":"Person","@id":"https:\/\/www.vagadeempregorj.com.br\/#\/schema\/person\/c0c38d5d765e86c3b7c8f12fb1ae6477","name":"Ana B.","image":{"@type":"ImageObject","inLanguage":"fr-FR","@id":"https:\/\/secure.gravatar.com\/avatar\/f5efa58599e07f8dd92f26c7cfbc442fd115582bc681245452e503c2ef2334f3?s=96&r=g","url":"https:\/\/secure.gravatar.com\/avatar\/f5efa58599e07f8dd92f26c7cfbc442fd115582bc681245452e503c2ef2334f3?s=96&r=g","contentUrl":"https:\/\/secure.gravatar.com\/avatar\/f5efa58599e07f8dd92f26c7cfbc442fd115582bc681245452e503c2ef2334f3?s=96&r=g","caption":"Ana B."},"description":"Meu nome \u00e9 Ana e sou apaixonada em escrever. Dedico meu tempo escrevendo not\u00edcias e vagas de emprego diariamente no portal Vaga de Emprego RJ.","url":"https:\/\/www.vagadeempregorj.com.br\/fr\/author\/vgrj\/"}]}},"_links":{"self":[{"href":"https:\/\/www.vagadeempregorj.com.br\/fr\/wp-json\/wp\/v2\/posts\/25959","targetHints":{"allow":["GET"]}}],"collection":[{"href":"https:\/\/www.vagadeempregorj.com.br\/fr\/wp-json\/wp\/v2\/posts"}],"about":[{"href":"https:\/\/www.vagadeempregorj.com.br\/fr\/wp-json\/wp\/v2\/types\/post"}],"author":[{"embeddable":true,"href":"https:\/\/www.vagadeempregorj.com.br\/fr\/wp-json\/wp\/v2\/users\/1"}],"replies":[{"embeddable":true,"href":"https:\/\/www.vagadeempregorj.com.br\/fr\/wp-json\/wp\/v2\/comments?post=25959"}],"version-history":[{"count":0,"href":"https:\/\/www.vagadeempregorj.com.br\/fr\/wp-json\/wp\/v2\/posts\/25959\/revisions"}],"wp:featuredmedia":[{"embeddable":true,"href":"https:\/\/www.vagadeempregorj.com.br\/fr\/wp-json\/wp\/v2\/media\/25960"}],"wp:attachment":[{"href":"https:\/\/www.vagadeempregorj.com.br\/fr\/wp-json\/wp\/v2\/media?parent=25959"}],"wp:term":[{"taxonomy":"category","embeddable":true,"href":"https:\/\/www.vagadeempregorj.com.br\/fr\/wp-json\/wp\/v2\/categories?post=25959"},{"taxonomy":"post_tag","embeddable":true,"href":"https:\/\/www.vagadeempregorj.com.br\/fr\/wp-json\/wp\/v2\/tags?post=25959"}],"curies":[{"name":"wp","href":"https:\/\/api.w.org\/{rel}","templated":true}]}}