{"id":26909,"date":"2023-08-24T00:05:00","date_gmt":"2023-08-24T03:05:00","guid":{"rendered":"https:\/\/www.vagadeempregorj.com.br\/?p=26909"},"modified":"2023-08-19T16:58:53","modified_gmt":"2023-08-19T19:58:53","slug":"vagas-de-emprego-prevent-senior","status":"publish","type":"post","link":"https:\/\/www.vagadeempregorj.com.br\/fr\/vagas-de-emprego-prevent-senior\/","title":{"rendered":"Vagas de emprego Prevent Senior, envie seu curr\u00edculo j\u00e1"},"content":{"rendered":"<p>Atualizado<\/p>\n\n\n<div class=\"wp-block-post-date\"><time datetime=\"2023-08-24T00:05:00-03:00\">24\/08\/2023<\/time><\/div>\n\n\n<p>Vagas de emprego Prevent Senior, presente em S\u00e3o Paulo, ela se consagrou como um dos grandes conv\u00eanios para idosos.<\/p>\n\n\n\n<p>A Prevent Senior \u00e9 um dos planos de sa\u00fade cujo nome ficou mais conhecido nos \u00faltimos anos, pelo seu servi\u00e7o personalizado para as pessoas idosas.<br><br>Com v\u00e1rios hospitais, essa rede recebeu muitos pacientes durante a pandemia e h\u00e1 vastas oportunidades de trabalho para novos colaboradores.<br><br>No momento, a rede m\u00e9dica tem vagas como:<\/p>\n\n\n\n<ul class=\"wp-block-list\">\n<li>Assistente de Recursos Humanos<\/li>\n\n\n\n<li>Copeiro<\/li>\n\n\n\n<li>Maqueiro hospitalar<\/li>\n\n\n\n<li>Supervisor<\/li>\n\n\n\n<li>Analista fiscal pleno<\/li>\n\n\n\n<li>Auxiliar de cozinha<\/li>\n\n\n\n<li>Fisioterapeuta<\/li>\n\n\n\n<li>Nutricionista cl\u00ednico<\/li>\n\n\n\n<li>T\u00e9cnico de seguran\u00e7a do trabalho<\/li>\n\n\n\n<li>E mais<\/li>\n<\/ul>\n\n\n\n<div class=\"wp-block-buttons is-horizontal is-content-justification-center is-layout-flex wp-container-core-buttons-is-layout-499968f5 wp-block-buttons-is-layout-flex\">\n<div class=\"wp-block-button\"><a class=\"wp-block-button__link has-black-color has-text-color has-background wp-element-button\" href=\"https:\/\/www.vagadeempregorj.com.br\/fr\/enviando-seu-curriculo-rapidamente\/\" style=\"background:linear-gradient(2deg,rgb(255,134,50) 64%,rgb(255,197,71) 100%)\"><strong>VEJA COMO SE CANDIDATAR<\/strong><\/a><\/div>\n<\/div>\n\n\n\n<h2 class=\"wp-block-heading\"><strong>Vagas de emprego Prevent Senior, como se inscrever<\/strong><\/h2>\n\n\n\n<p>Para se candidatar \u00e0 Prevent Senior tem de acessar <a href=\"https:\/\/www.preventsenior.com.br\/trabalhe-conosco \">https:\/\/www.preventsenior.com.br\/trabalhe-conosco <\/a>especificando se quer mandar o curr\u00edculo como m\u00e9dico ou para as demais categorias de profissionais.<\/p>\n\n\n\n<p>Destaca-se que as unidades do plano de sa\u00fade podem receber curr\u00edculos tamb\u00e9m e que os candidatos podem ter muita vantagem se acompanharem o LinkedIn. <a href=\"https:\/\/www.linkedin.com\/company\/preventsenior\/?originalSubdomain=br\">https:\/\/www.linkedin.com\/company\/preventsenior\/?originalSubdomain=br<\/a>.<\/p>\n\n\n\n<h2 class=\"wp-block-heading\"><strong>Descubra mais sobre a Prevent Senior<\/strong><\/h2>\n\n\n\n<p>Sediada no bairro paulistano do Para\u00edso, a Prevent Senior \u00e9 uma companhia que leva aos seus benefici\u00e1rios diversos tipos de tratamentos m\u00e9dicos, incluindo interna\u00e7\u00e3o.<\/p>\n\n\n\n<p>Criada em 1997, ela desenvolveu o Portal do Surdo com diversos exames que a rede pode realizar, at\u00e9 mesmo aqueles usados para diagn\u00f3sticos mais complexos.<\/p>\n\n\n\n<p>A Prevent Senior segue as regras da Ag\u00eancia Nacional de Sa\u00fade Suplementar (ANS).<\/p>\n\n\n\n<p>Tendo um portal completo para que os benefici\u00e1rios acompanhem os seus resultados de exames, possam imprimir segunda via de boletos, marcar consultas e muito mais.<\/p>\n\n\n\n<p>M\u00e9dicos que trabalham nesse plano de sa\u00fade tamb\u00e9m podem contar com uma \u00e1rea com informa\u00e7\u00f5es suas, onde podem fazer solicita\u00e7\u00f5es de exames e consultar plant\u00f5es.<\/p>\n\n\n\n<p>A Prevent Senior focar no atendimento a idosos \u00e9 um diferencial, considerando que esse \u00e9 um p\u00fablico que demanda v\u00e1rios cuidados de sa\u00fade especializados.<\/p>\n\n\n\n<div class=\"wp-block-buttons is-horizontal is-content-justification-center is-layout-flex wp-container-core-buttons-is-layout-499968f5 wp-block-buttons-is-layout-flex\">\n<div class=\"wp-block-button\"><a class=\"wp-block-button__link has-black-color has-text-color has-background wp-element-button\" href=\"https:\/\/www.vagadeempregorj.com.br\/fr\/vagas-de-emprego\/rio-de-janeiro\/\" style=\"border-radius:29px;background:linear-gradient(2deg,rgb(255,134,50) 60%,rgb(255,197,71) 100%)\"><strong>VEJA NOVAS VAGAS PARA SE CANDIDATAR<\/strong><\/a><\/div>\n<\/div>","protected":false},"excerpt":{"rendered":"<p>Vagas de emprego Prevent Senior, presente em S\u00e3o Paulo, ela se consagrou como um dos grandes conv\u00eanios para idosos.<\/p>","protected":false},"author":10,"featured_media":26947,"comment_status":"closed","ping_status":"closed","sticky":false,"template":"","format":"standard","meta":{"neve_meta_sidebar":"","neve_meta_container":"","neve_meta_enable_content_width":"","neve_meta_content_width":0,"neve_meta_title_alignment":"","neve_meta_author_avatar":"","neve_post_elements_order":"","neve_meta_disable_header":"","neve_meta_disable_footer":"","neve_meta_disable_title":"","footnotes":""},"categories":[123],"tags":[262,147],"class_list":["post-26909","post","type-post","status-publish","format-standard","has-post-thumbnail","hentry","category-vagas-de-emprego-nacionais","tag-prevent-senior","tag-vaga-de-emprego"],"yoast_head":"<!-- This site is optimized with the Yoast SEO plugin v27.5 - https:\/\/yoast.com\/product\/yoast-seo-wordpress\/ -->\n<title>Vagas de emprego Prevent Senior, envie seu curr\u00edculo j\u00e1 -<\/title>\n<meta name=\"description\" content=\"Vagas de emprego Prevent Senior, presente em S\u00e3o Paulo, ela se consagrou como um dos grandes conv\u00eanios para idosos.\" \/>\n<meta name=\"robots\" content=\"index, follow, max-snippet:-1, max-image-preview:large, max-video-preview:-1\" \/>\n<link rel=\"canonical\" href=\"https:\/\/www.vagadeempregorj.com.br\/fr\/vagas-de-emprego-prevent-senior\/\" \/>\n<meta property=\"og:locale\" content=\"fr_FR\" \/>\n<meta property=\"og:type\" content=\"article\" \/>\n<meta property=\"og:title\" content=\"Vagas de emprego Prevent Senior, envie seu curr\u00edculo j\u00e1 -\" \/>\n<meta property=\"og:description\" content=\"Vagas de emprego Prevent Senior, presente em S\u00e3o Paulo, ela se consagrou como um dos grandes conv\u00eanios para idosos.\" \/>\n<meta property=\"og:url\" content=\"https:\/\/www.vagadeempregorj.com.br\/fr\/vagas-de-emprego-prevent-senior\/\" \/>\n<meta property=\"article:publisher\" content=\"https:\/\/www.facebook.com\/empregobrasiloficial\" \/>\n<meta property=\"article:published_time\" content=\"2023-08-24T03:05:00+00:00\" \/>\n<meta property=\"og:image\" content=\"https:\/\/www.vagadeempregorj.com.br\/wp-content\/uploads\/2022\/03\/prevent-senior.jpg\" \/>\n\t<meta property=\"og:image:width\" content=\"1200\" \/>\n\t<meta property=\"og:image:height\" content=\"675\" \/>\n\t<meta property=\"og:image:type\" content=\"image\/jpeg\" \/>\n<meta name=\"author\" content=\"Pedro Santos\" \/>\n<meta name=\"twitter:card\" content=\"summary_large_image\" \/>\n<meta name=\"twitter:label1\" content=\"Written by\" \/>\n\t<meta name=\"twitter:data1\" content=\"Pedro Santos\" \/>\n\t<meta name=\"twitter:label2\" content=\"Est. reading time\" \/>\n\t<meta name=\"twitter:data2\" content=\"2 minutes\" \/>\n<script type=\"application\/ld+json\" class=\"yoast-schema-graph\">{\"@context\":\"https:\\\/\\\/schema.org\",\"@graph\":[{\"@type\":\"Article\",\"@id\":\"https:\\\/\\\/www.vagadeempregorj.com.br\\\/vagas-de-emprego-prevent-senior\\\/#article\",\"isPartOf\":{\"@id\":\"https:\\\/\\\/www.vagadeempregorj.com.br\\\/vagas-de-emprego-prevent-senior\\\/\"},\"author\":{\"name\":\"Pedro Santos\",\"@id\":\"https:\\\/\\\/www.vagadeempregorj.com.br\\\/#\\\/schema\\\/person\\\/ff7c1ede281066d35b2813eb13f662ef\"},\"headline\":\"Vagas de emprego Prevent Senior, envie seu curr\u00edculo j\u00e1\",\"datePublished\":\"2023-08-24T03:05:00+00:00\",\"mainEntityOfPage\":{\"@id\":\"https:\\\/\\\/www.vagadeempregorj.com.br\\\/vagas-de-emprego-prevent-senior\\\/\"},\"wordCount\":354,\"image\":{\"@id\":\"https:\\\/\\\/www.vagadeempregorj.com.br\\\/vagas-de-emprego-prevent-senior\\\/#primaryimage\"},\"thumbnailUrl\":\"https:\\\/\\\/www.vagadeempregorj.com.br\\\/wp-content\\\/uploads\\\/2022\\\/03\\\/prevent-senior.jpg\",\"keywords\":[\"prevent senior\",\"vaga de emprego\"],\"articleSection\":[\"Vagas de Emprego Nacionais\"],\"inLanguage\":\"fr-FR\"},{\"@type\":\"WebPage\",\"@id\":\"https:\\\/\\\/www.vagadeempregorj.com.br\\\/vagas-de-emprego-prevent-senior\\\/\",\"url\":\"https:\\\/\\\/www.vagadeempregorj.com.br\\\/vagas-de-emprego-prevent-senior\\\/\",\"name\":\"Vagas de emprego Prevent Senior, envie seu curr\u00edculo j\u00e1 -\",\"isPartOf\":{\"@id\":\"https:\\\/\\\/www.vagadeempregorj.com.br\\\/#website\"},\"primaryImageOfPage\":{\"@id\":\"https:\\\/\\\/www.vagadeempregorj.com.br\\\/vagas-de-emprego-prevent-senior\\\/#primaryimage\"},\"image\":{\"@id\":\"https:\\\/\\\/www.vagadeempregorj.com.br\\\/vagas-de-emprego-prevent-senior\\\/#primaryimage\"},\"thumbnailUrl\":\"https:\\\/\\\/www.vagadeempregorj.com.br\\\/wp-content\\\/uploads\\\/2022\\\/03\\\/prevent-senior.jpg\",\"datePublished\":\"2023-08-24T03:05:00+00:00\",\"author\":{\"@id\":\"https:\\\/\\\/www.vagadeempregorj.com.br\\\/#\\\/schema\\\/person\\\/ff7c1ede281066d35b2813eb13f662ef\"},\"description\":\"Vagas de emprego Prevent Senior, presente em S\u00e3o Paulo, ela se consagrou como um dos grandes conv\u00eanios para idosos.\",\"breadcrumb\":{\"@id\":\"https:\\\/\\\/www.vagadeempregorj.com.br\\\/vagas-de-emprego-prevent-senior\\\/#breadcrumb\"},\"inLanguage\":\"fr-FR\",\"potentialAction\":[{\"@type\":\"ReadAction\",\"target\":[\"https:\\\/\\\/www.vagadeempregorj.com.br\\\/vagas-de-emprego-prevent-senior\\\/\"]}]},{\"@type\":\"ImageObject\",\"inLanguage\":\"fr-FR\",\"@id\":\"https:\\\/\\\/www.vagadeempregorj.com.br\\\/vagas-de-emprego-prevent-senior\\\/#primaryimage\",\"url\":\"https:\\\/\\\/www.vagadeempregorj.com.br\\\/wp-content\\\/uploads\\\/2022\\\/03\\\/prevent-senior.jpg\",\"contentUrl\":\"https:\\\/\\\/www.vagadeempregorj.com.br\\\/wp-content\\\/uploads\\\/2022\\\/03\\\/prevent-senior.jpg\",\"width\":1200,\"height\":675,\"caption\":\"prevent senior\"},{\"@type\":\"BreadcrumbList\",\"@id\":\"https:\\\/\\\/www.vagadeempregorj.com.br\\\/vagas-de-emprego-prevent-senior\\\/#breadcrumb\",\"itemListElement\":[{\"@type\":\"ListItem\",\"position\":1,\"name\":\"In\u00edcio\",\"item\":\"https:\\\/\\\/www.vagadeempregorj.com.br\\\/\"},{\"@type\":\"ListItem\",\"position\":2,\"name\":\"Vagas de Emprego Nacionais\",\"item\":\"https:\\\/\\\/www.vagadeempregorj.com.br\\\/vagas-de-emprego-nacionais\\\/\"},{\"@type\":\"ListItem\",\"position\":3,\"name\":\"Vagas de emprego Prevent Senior, envie seu curr\u00edculo j\u00e1\"}]},{\"@type\":\"WebSite\",\"@id\":\"https:\\\/\\\/www.vagadeempregorj.com.br\\\/#website\",\"url\":\"https:\\\/\\\/www.vagadeempregorj.com.br\\\/\",\"name\":\"\",\"description\":\"Conquiste Sonhos: Vagas, Benef\u00edcios e Economia para Transformar Vidas e Alcan\u00e7ar Melhorias Cotidianas\",\"potentialAction\":[{\"@type\":\"SearchAction\",\"target\":{\"@type\":\"EntryPoint\",\"urlTemplate\":\"https:\\\/\\\/www.vagadeempregorj.com.br\\\/?s={search_term_string}\"},\"query-input\":{\"@type\":\"PropertyValueSpecification\",\"valueRequired\":true,\"valueName\":\"search_term_string\"}}],\"inLanguage\":\"fr-FR\"},{\"@type\":\"Person\",\"@id\":\"https:\\\/\\\/www.vagadeempregorj.com.br\\\/#\\\/schema\\\/person\\\/ff7c1ede281066d35b2813eb13f662ef\",\"name\":\"Pedro Santos\",\"image\":{\"@type\":\"ImageObject\",\"inLanguage\":\"fr-FR\",\"@id\":\"https:\\\/\\\/secure.gravatar.com\\\/avatar\\\/0f569c1b80e91280c9dc54d2dec96d0c5562a072cef4b08b7e3807948546027c?s=96&r=g\",\"url\":\"https:\\\/\\\/secure.gravatar.com\\\/avatar\\\/0f569c1b80e91280c9dc54d2dec96d0c5562a072cef4b08b7e3807948546027c?s=96&r=g\",\"contentUrl\":\"https:\\\/\\\/secure.gravatar.com\\\/avatar\\\/0f569c1b80e91280c9dc54d2dec96d0c5562a072cef4b08b7e3807948546027c?s=96&r=g\",\"caption\":\"Pedro Santos\"},\"description\":\"Meu nome \u00e9 Pedro e sou redator. Dedico meu tempo escrevendo vagas de emprego diariamente no portal Vaga de Emprego RJ\",\"url\":\"https:\\\/\\\/www.vagadeempregorj.com.br\\\/fr\\\/author\\\/fabio\\\/\"}]}<\/script>\n<!-- \/ Yoast SEO plugin. -->","yoast_head_json":{"title":"Vagas de emprego Prevent Senior, envie seu curr\u00edculo j\u00e1 -","description":"Vagas de emprego Prevent Senior, presente em S\u00e3o Paulo, ela se consagrou como um dos grandes conv\u00eanios para idosos.","robots":{"index":"index","follow":"follow","max-snippet":"max-snippet:-1","max-image-preview":"max-image-preview:large","max-video-preview":"max-video-preview:-1"},"canonical":"https:\/\/www.vagadeempregorj.com.br\/fr\/vagas-de-emprego-prevent-senior\/","og_locale":"fr_FR","og_type":"article","og_title":"Vagas de emprego Prevent Senior, envie seu curr\u00edculo j\u00e1 -","og_description":"Vagas de emprego Prevent Senior, presente em S\u00e3o Paulo, ela se consagrou como um dos grandes conv\u00eanios para idosos.","og_url":"https:\/\/www.vagadeempregorj.com.br\/fr\/vagas-de-emprego-prevent-senior\/","article_publisher":"https:\/\/www.facebook.com\/empregobrasiloficial","article_published_time":"2023-08-24T03:05:00+00:00","og_image":[{"width":1200,"height":675,"url":"https:\/\/www.vagadeempregorj.com.br\/wp-content\/uploads\/2022\/03\/prevent-senior.jpg","type":"image\/jpeg"}],"author":"Pedro Santos","twitter_card":"summary_large_image","twitter_misc":{"Written by":"Pedro Santos","Est. reading time":"2 minutes"},"schema":{"@context":"https:\/\/schema.org","@graph":[{"@type":"Article","@id":"https:\/\/www.vagadeempregorj.com.br\/vagas-de-emprego-prevent-senior\/#article","isPartOf":{"@id":"https:\/\/www.vagadeempregorj.com.br\/vagas-de-emprego-prevent-senior\/"},"author":{"name":"Pedro Santos","@id":"https:\/\/www.vagadeempregorj.com.br\/#\/schema\/person\/ff7c1ede281066d35b2813eb13f662ef"},"headline":"Vagas de emprego Prevent Senior, envie seu curr\u00edculo j\u00e1","datePublished":"2023-08-24T03:05:00+00:00","mainEntityOfPage":{"@id":"https:\/\/www.vagadeempregorj.com.br\/vagas-de-emprego-prevent-senior\/"},"wordCount":354,"image":{"@id":"https:\/\/www.vagadeempregorj.com.br\/vagas-de-emprego-prevent-senior\/#primaryimage"},"thumbnailUrl":"https:\/\/www.vagadeempregorj.com.br\/wp-content\/uploads\/2022\/03\/prevent-senior.jpg","keywords":["prevent senior","vaga de emprego"],"articleSection":["Vagas de Emprego Nacionais"],"inLanguage":"fr-FR"},{"@type":"WebPage","@id":"https:\/\/www.vagadeempregorj.com.br\/vagas-de-emprego-prevent-senior\/","url":"https:\/\/www.vagadeempregorj.com.br\/vagas-de-emprego-prevent-senior\/","name":"Vagas de emprego Prevent Senior, envie seu curr\u00edculo j\u00e1 -","isPartOf":{"@id":"https:\/\/www.vagadeempregorj.com.br\/#website"},"primaryImageOfPage":{"@id":"https:\/\/www.vagadeempregorj.com.br\/vagas-de-emprego-prevent-senior\/#primaryimage"},"image":{"@id":"https:\/\/www.vagadeempregorj.com.br\/vagas-de-emprego-prevent-senior\/#primaryimage"},"thumbnailUrl":"https:\/\/www.vagadeempregorj.com.br\/wp-content\/uploads\/2022\/03\/prevent-senior.jpg","datePublished":"2023-08-24T03:05:00+00:00","author":{"@id":"https:\/\/www.vagadeempregorj.com.br\/#\/schema\/person\/ff7c1ede281066d35b2813eb13f662ef"},"description":"Vagas de emprego Prevent Senior, presente em S\u00e3o Paulo, ela se consagrou como um dos grandes conv\u00eanios para idosos.","breadcrumb":{"@id":"https:\/\/www.vagadeempregorj.com.br\/vagas-de-emprego-prevent-senior\/#breadcrumb"},"inLanguage":"fr-FR","potentialAction":[{"@type":"ReadAction","target":["https:\/\/www.vagadeempregorj.com.br\/vagas-de-emprego-prevent-senior\/"]}]},{"@type":"ImageObject","inLanguage":"fr-FR","@id":"https:\/\/www.vagadeempregorj.com.br\/vagas-de-emprego-prevent-senior\/#primaryimage","url":"https:\/\/www.vagadeempregorj.com.br\/wp-content\/uploads\/2022\/03\/prevent-senior.jpg","contentUrl":"https:\/\/www.vagadeempregorj.com.br\/wp-content\/uploads\/2022\/03\/prevent-senior.jpg","width":1200,"height":675,"caption":"prevent senior"},{"@type":"BreadcrumbList","@id":"https:\/\/www.vagadeempregorj.com.br\/vagas-de-emprego-prevent-senior\/#breadcrumb","itemListElement":[{"@type":"ListItem","position":1,"name":"In\u00edcio","item":"https:\/\/www.vagadeempregorj.com.br\/"},{"@type":"ListItem","position":2,"name":"Vagas de Emprego Nacionais","item":"https:\/\/www.vagadeempregorj.com.br\/vagas-de-emprego-nacionais\/"},{"@type":"ListItem","position":3,"name":"Vagas de emprego Prevent Senior, envie seu curr\u00edculo j\u00e1"}]},{"@type":"WebSite","@id":"https:\/\/www.vagadeempregorj.com.br\/#website","url":"https:\/\/www.vagadeempregorj.com.br\/","name":"","description":"Conquiste Sonhos: Vagas, Benef\u00edcios e Economia para Transformar Vidas e Alcan\u00e7ar Melhorias Cotidianas","potentialAction":[{"@type":"SearchAction","target":{"@type":"EntryPoint","urlTemplate":"https:\/\/www.vagadeempregorj.com.br\/?s={search_term_string}"},"query-input":{"@type":"PropertyValueSpecification","valueRequired":true,"valueName":"search_term_string"}}],"inLanguage":"fr-FR"},{"@type":"Person","@id":"https:\/\/www.vagadeempregorj.com.br\/#\/schema\/person\/ff7c1ede281066d35b2813eb13f662ef","name":"Pedro Santos","image":{"@type":"ImageObject","inLanguage":"fr-FR","@id":"https:\/\/secure.gravatar.com\/avatar\/0f569c1b80e91280c9dc54d2dec96d0c5562a072cef4b08b7e3807948546027c?s=96&r=g","url":"https:\/\/secure.gravatar.com\/avatar\/0f569c1b80e91280c9dc54d2dec96d0c5562a072cef4b08b7e3807948546027c?s=96&r=g","contentUrl":"https:\/\/secure.gravatar.com\/avatar\/0f569c1b80e91280c9dc54d2dec96d0c5562a072cef4b08b7e3807948546027c?s=96&r=g","caption":"Pedro Santos"},"description":"Meu nome \u00e9 Pedro e sou redator. Dedico meu tempo escrevendo vagas de emprego diariamente no portal Vaga de Emprego RJ","url":"https:\/\/www.vagadeempregorj.com.br\/fr\/author\/fabio\/"}]}},"_links":{"self":[{"href":"https:\/\/www.vagadeempregorj.com.br\/fr\/wp-json\/wp\/v2\/posts\/26909","targetHints":{"allow":["GET"]}}],"collection":[{"href":"https:\/\/www.vagadeempregorj.com.br\/fr\/wp-json\/wp\/v2\/posts"}],"about":[{"href":"https:\/\/www.vagadeempregorj.com.br\/fr\/wp-json\/wp\/v2\/types\/post"}],"author":[{"embeddable":true,"href":"https:\/\/www.vagadeempregorj.com.br\/fr\/wp-json\/wp\/v2\/users\/10"}],"replies":[{"embeddable":true,"href":"https:\/\/www.vagadeempregorj.com.br\/fr\/wp-json\/wp\/v2\/comments?post=26909"}],"version-history":[{"count":0,"href":"https:\/\/www.vagadeempregorj.com.br\/fr\/wp-json\/wp\/v2\/posts\/26909\/revisions"}],"wp:featuredmedia":[{"embeddable":true,"href":"https:\/\/www.vagadeempregorj.com.br\/fr\/wp-json\/wp\/v2\/media\/26947"}],"wp:attachment":[{"href":"https:\/\/www.vagadeempregorj.com.br\/fr\/wp-json\/wp\/v2\/media?parent=26909"}],"wp:term":[{"taxonomy":"category","embeddable":true,"href":"https:\/\/www.vagadeempregorj.com.br\/fr\/wp-json\/wp\/v2\/categories?post=26909"},{"taxonomy":"post_tag","embeddable":true,"href":"https:\/\/www.vagadeempregorj.com.br\/fr\/wp-json\/wp\/v2\/tags?post=26909"}],"curies":[{"name":"wp","href":"https:\/\/api.w.org\/{rel}","templated":true}]}}