{"id":26917,"date":"2023-08-22T00:02:00","date_gmt":"2023-08-22T03:02:00","guid":{"rendered":"https:\/\/www.vagadeempregorj.com.br\/?p=26917"},"modified":"2023-12-15T13:44:24","modified_gmt":"2023-12-15T16:44:24","slug":"vagas-de-emprego-unimed","status":"publish","type":"post","link":"https:\/\/www.vagadeempregorj.com.br\/fr\/vagas-de-emprego-unimed\/","title":{"rendered":"Vagas de emprego Unimed, adicione seu curr\u00edculo"},"content":{"rendered":"<p>Atualizado<\/p>\n\n\n<div class=\"wp-block-post-date\"><time datetime=\"2023-08-22T00:02:00-03:00\">22\/08\/2023<\/time><\/div>\n\n\n<p>Vagas de emprego Unimed, dentre as vantagens, est\u00e1 a sala de descompress\u00e3o, conv\u00eanio com farm\u00e1cias e at\u00e9 cart\u00e3o-presente<strong>.<\/strong><\/p>\n\n\n\n<p>Como uma grande rede de atendimentos m\u00e9dicos do setor privado, a Unimed \u00e9 lembrada pelos seus planos de sa\u00fade e especialidades que seus hospitais possuem.<br><br>Milhares de pessoas, diariamente, v\u00e3o \u00e0s cl\u00ednicas dessa rede para fazerem exames, submeter-se a consultas e realizar procedimentos de v\u00e1rios tipos.<br><br>Contudo, muitos tamb\u00e9m chegam \u00e0 Unimed procurando por uma vaga de trabalho e aqui est\u00e3o algumas vagas dispon\u00edveis neste momento:<\/p>\n\n\n\n<ul class=\"wp-block-list\">\n<li>Assistente de rela\u00e7\u00f5es pol\u00edticas<\/li>\n\n\n\n<li>Analista de qualidade e processos s\u00eanior<\/li>\n\n\n\n<li>Analista de relacionamento j\u00fanior<\/li>\n\n\n\n<li>Assistente executivo s\u00eanior \u2013 secret\u00e1ria<\/li>\n\n\n\n<li>Administrador de redes s\u00eanior<\/li>\n\n\n\n<li>Analista de neg\u00f3cios j\u00fanior<\/li>\n\n\n\n<li>Atu\u00e1rio j\u00fanior<\/li>\n\n\n\n<li>Banco de dados para PCD<\/li>\n\n\n\n<li>Analista de neg\u00f3cios j\u00fanior<\/li>\n\n\n\n<li>Assistente de sa\u00fade ocupacional<\/li>\n\n\n\n<li>Advogado j\u00fanior<\/li>\n\n\n\n<li>Consultor de redes<\/li>\n\n\n\n<li>Analista de testes<\/li>\n\n\n\n<li>E outros<\/li>\n<\/ul>\n\n\n\n<p>Os benef\u00edcios s\u00e3o: conv\u00eanio odontol\u00f3gico, vale-alimenta\u00e7\u00e3o, empr\u00e9stimo consignado, previd\u00eancia privada, plano de sa\u00fade, conv\u00eanio com farm\u00e1cia, cart\u00e3o-presente, vale refei\u00e7\u00e3o, vale transporte e seguro de vida.<\/p>\n\n\n\n<div class=\"wp-block-buttons is-horizontal is-content-justification-center is-layout-flex wp-container-core-buttons-is-layout-499968f5 wp-block-buttons-is-layout-flex\">\n<div class=\"wp-block-button\"><a class=\"wp-block-button__link has-black-color has-text-color has-background wp-element-button\" href=\"https:\/\/www.vagadeempregorj.com.br\/fr\/enviando-seu-curriculo-rapidamente\/\" style=\"background:linear-gradient(2deg,rgb(255,134,50) 64%,rgb(255,197,71) 100%)\"><strong>VEJA COMO SE CANDIDATAR<\/strong><\/a><\/div>\n<\/div>\n\n\n\n<h2 class=\"wp-block-heading\"><strong>Vagas de emprego Unimed, como se inscrever<\/strong><\/h2>\n\n\n\n<p>Para concorrer \u00e0s oportunidades na Unimed \u00e9 preciso acessar o site <a href=\"https:\/\/www.unimed.coop.br\/site\/unimed-do-brasil \">https:\/\/www.unimed.coop.br\/site\/unimed-do-brasil <\/a>role para baixo at\u00e9 o rodap\u00e9 do site, procure e clique no link <strong>Trabalhe Conosco.<\/strong><\/p>\n\n\n\n<p>Site da Unimed: <a href=\"https:\/\/www.unimed.coop.br\/site\/unimed-do-brasil\"><strong>https:\/\/www.unimed.coop.br\/site\/unimed-do-brasil<\/strong><\/a><\/p>\n\n\n\n<p>Surgida em 1975, a rede tem cada vez mais associados, al\u00e9m de profissionais com muito conhecimento para garantir o bem-estar e tratamentos adequados aos pacientes.<\/p>\n\n\n\n<p>Considerado um dos melhores conv\u00eanios m\u00e9dicos do pa\u00eds, a Unimed tem pre\u00e7o acess\u00edvel e tem mais de 2.400 hospitais credenciados.<\/p>\n\n\n\n<p>Assim sendo, os seus clientes encontram op\u00e7\u00f5es de atendimento em v\u00e1rios lugares do pa\u00eds.<\/p>\n\n\n\n<p>S\u00e3o 341 cooperativas e 135 hospitais pr\u00f3prios, nos quais os clientes encontram ortopedistas, ginecologistas, endocrinologistas, pediatras, cardiologias, hepatologistas, pneumologistas, geriatras, psiquiatras e muito mais.<\/p>\n\n\n\n<p>Oferecendo planos de sa\u00fade para empresas e para indiv\u00edduos, a Unimed \u00e9 acompanhada pela Ag\u00eancia Nacional de Sa\u00fade Suplementar (ANS).<\/p>\n\n\n\n<div class=\"wp-block-buttons is-horizontal is-content-justification-center is-layout-flex wp-container-core-buttons-is-layout-499968f5 wp-block-buttons-is-layout-flex\">\n<div class=\"wp-block-button\"><a class=\"wp-block-button__link has-black-color has-text-color has-background wp-element-button\" href=\"https:\/\/www.vagadeempregorj.com.br\/fr\/vagas-de-emprego\/rio-de-janeiro\/\" style=\"border-radius:29px;background:linear-gradient(2deg,rgb(255,134,50) 60%,rgb(255,197,71) 100%)\"><strong>VEJA NOVAS VAGAS PARA SE CANDIDATAR<\/strong><\/a><\/div>\n<\/div>","protected":false},"excerpt":{"rendered":"<p>Vagas de emprego Unimed. Os benef\u00edcios s\u00e3o: conv\u00eanio odontol\u00f3gico, vale-alimenta\u00e7\u00e3o, empr\u00e9stimo consignado, previd\u00eancia privada, plano de sa\u00fade, conv\u00eanio com farm\u00e1cia, cart\u00e3o-presente, vale refei\u00e7\u00e3o, vale transporte e seguro de vida.<\/p>","protected":false},"author":10,"featured_media":26985,"comment_status":"closed","ping_status":"closed","sticky":false,"template":"","format":"standard","meta":{"neve_meta_sidebar":"","neve_meta_container":"","neve_meta_enable_content_width":"","neve_meta_content_width":0,"neve_meta_title_alignment":"","neve_meta_author_avatar":"","neve_post_elements_order":"","neve_meta_disable_header":"","neve_meta_disable_footer":"","neve_meta_disable_title":"","footnotes":""},"categories":[123],"tags":[268,147],"class_list":["post-26917","post","type-post","status-publish","format-standard","has-post-thumbnail","hentry","category-vagas-de-emprego-nacionais","tag-unimed","tag-vaga-de-emprego"],"yoast_head":"<!-- This site is optimized with the Yoast SEO plugin v27.5 - https:\/\/yoast.com\/product\/yoast-seo-wordpress\/ -->\n<title>Vagas de emprego Unimed, adicione seu curr\u00edculo -<\/title>\n<meta name=\"description\" content=\"Vagas de emprego Unimed. Os benef\u00edcios s\u00e3o: conv\u00eanio odontol\u00f3gico, vale-alimenta\u00e7\u00e3o, empr\u00e9stimo consignado, previd\u00eancia privada...\" \/>\n<meta name=\"robots\" content=\"index, follow, max-snippet:-1, max-image-preview:large, max-video-preview:-1\" \/>\n<link rel=\"canonical\" href=\"https:\/\/www.vagadeempregorj.com.br\/fr\/vagas-de-emprego-unimed\/\" \/>\n<meta property=\"og:locale\" content=\"fr_FR\" \/>\n<meta property=\"og:type\" content=\"article\" \/>\n<meta property=\"og:title\" content=\"Vagas de emprego Unimed, adicione seu curr\u00edculo -\" \/>\n<meta property=\"og:description\" content=\"Vagas de emprego Unimed. Os benef\u00edcios s\u00e3o: conv\u00eanio odontol\u00f3gico, vale-alimenta\u00e7\u00e3o, empr\u00e9stimo consignado, previd\u00eancia privada...\" \/>\n<meta property=\"og:url\" content=\"https:\/\/www.vagadeempregorj.com.br\/fr\/vagas-de-emprego-unimed\/\" \/>\n<meta property=\"article:publisher\" content=\"https:\/\/www.facebook.com\/empregobrasiloficial\" \/>\n<meta property=\"article:published_time\" content=\"2023-08-22T03:02:00+00:00\" \/>\n<meta property=\"article:modified_time\" content=\"2023-12-15T16:44:24+00:00\" \/>\n<meta property=\"og:image\" content=\"https:\/\/www.vagadeempregorj.com.br\/wp-content\/uploads\/2022\/03\/unimed.jpg\" \/>\n\t<meta property=\"og:image:width\" content=\"1200\" \/>\n\t<meta property=\"og:image:height\" content=\"675\" \/>\n\t<meta property=\"og:image:type\" content=\"image\/jpeg\" \/>\n<meta name=\"author\" content=\"Pedro Santos\" \/>\n<meta name=\"twitter:card\" content=\"summary_large_image\" \/>\n<meta name=\"twitter:label1\" content=\"Written by\" \/>\n\t<meta name=\"twitter:data1\" content=\"Pedro Santos\" \/>\n\t<meta name=\"twitter:label2\" content=\"Est. reading time\" \/>\n\t<meta name=\"twitter:data2\" content=\"3 minutes\" \/>\n<script type=\"application\/ld+json\" class=\"yoast-schema-graph\">{\"@context\":\"https:\\\/\\\/schema.org\",\"@graph\":[{\"@type\":\"Article\",\"@id\":\"https:\\\/\\\/www.vagadeempregorj.com.br\\\/vagas-de-emprego-unimed\\\/#article\",\"isPartOf\":{\"@id\":\"https:\\\/\\\/www.vagadeempregorj.com.br\\\/vagas-de-emprego-unimed\\\/\"},\"author\":{\"name\":\"Pedro Santos\",\"@id\":\"https:\\\/\\\/www.vagadeempregorj.com.br\\\/#\\\/schema\\\/person\\\/ff7c1ede281066d35b2813eb13f662ef\"},\"headline\":\"Vagas de emprego Unimed, adicione seu curr\u00edculo\",\"datePublished\":\"2023-08-22T03:02:00+00:00\",\"dateModified\":\"2023-12-15T16:44:24+00:00\",\"mainEntityOfPage\":{\"@id\":\"https:\\\/\\\/www.vagadeempregorj.com.br\\\/vagas-de-emprego-unimed\\\/\"},\"wordCount\":378,\"image\":{\"@id\":\"https:\\\/\\\/www.vagadeempregorj.com.br\\\/vagas-de-emprego-unimed\\\/#primaryimage\"},\"thumbnailUrl\":\"https:\\\/\\\/www.vagadeempregorj.com.br\\\/wp-content\\\/uploads\\\/2022\\\/03\\\/unimed.jpg\",\"keywords\":[\"Unimed\",\"vaga de emprego\"],\"articleSection\":[\"Vagas de Emprego Nacionais\"],\"inLanguage\":\"fr-FR\"},{\"@type\":\"WebPage\",\"@id\":\"https:\\\/\\\/www.vagadeempregorj.com.br\\\/vagas-de-emprego-unimed\\\/\",\"url\":\"https:\\\/\\\/www.vagadeempregorj.com.br\\\/vagas-de-emprego-unimed\\\/\",\"name\":\"Vagas de emprego Unimed, adicione seu curr\u00edculo -\",\"isPartOf\":{\"@id\":\"https:\\\/\\\/www.vagadeempregorj.com.br\\\/#website\"},\"primaryImageOfPage\":{\"@id\":\"https:\\\/\\\/www.vagadeempregorj.com.br\\\/vagas-de-emprego-unimed\\\/#primaryimage\"},\"image\":{\"@id\":\"https:\\\/\\\/www.vagadeempregorj.com.br\\\/vagas-de-emprego-unimed\\\/#primaryimage\"},\"thumbnailUrl\":\"https:\\\/\\\/www.vagadeempregorj.com.br\\\/wp-content\\\/uploads\\\/2022\\\/03\\\/unimed.jpg\",\"datePublished\":\"2023-08-22T03:02:00+00:00\",\"dateModified\":\"2023-12-15T16:44:24+00:00\",\"author\":{\"@id\":\"https:\\\/\\\/www.vagadeempregorj.com.br\\\/#\\\/schema\\\/person\\\/ff7c1ede281066d35b2813eb13f662ef\"},\"description\":\"Vagas de emprego Unimed. Os benef\u00edcios s\u00e3o: conv\u00eanio odontol\u00f3gico, vale-alimenta\u00e7\u00e3o, empr\u00e9stimo consignado, previd\u00eancia privada...\",\"breadcrumb\":{\"@id\":\"https:\\\/\\\/www.vagadeempregorj.com.br\\\/vagas-de-emprego-unimed\\\/#breadcrumb\"},\"inLanguage\":\"fr-FR\",\"potentialAction\":[{\"@type\":\"ReadAction\",\"target\":[\"https:\\\/\\\/www.vagadeempregorj.com.br\\\/vagas-de-emprego-unimed\\\/\"]}]},{\"@type\":\"ImageObject\",\"inLanguage\":\"fr-FR\",\"@id\":\"https:\\\/\\\/www.vagadeempregorj.com.br\\\/vagas-de-emprego-unimed\\\/#primaryimage\",\"url\":\"https:\\\/\\\/www.vagadeempregorj.com.br\\\/wp-content\\\/uploads\\\/2022\\\/03\\\/unimed.jpg\",\"contentUrl\":\"https:\\\/\\\/www.vagadeempregorj.com.br\\\/wp-content\\\/uploads\\\/2022\\\/03\\\/unimed.jpg\",\"width\":1200,\"height\":675,\"caption\":\"unimed\"},{\"@type\":\"BreadcrumbList\",\"@id\":\"https:\\\/\\\/www.vagadeempregorj.com.br\\\/vagas-de-emprego-unimed\\\/#breadcrumb\",\"itemListElement\":[{\"@type\":\"ListItem\",\"position\":1,\"name\":\"In\u00edcio\",\"item\":\"https:\\\/\\\/www.vagadeempregorj.com.br\\\/\"},{\"@type\":\"ListItem\",\"position\":2,\"name\":\"Vagas de Emprego Nacionais\",\"item\":\"https:\\\/\\\/www.vagadeempregorj.com.br\\\/vagas-de-emprego-nacionais\\\/\"},{\"@type\":\"ListItem\",\"position\":3,\"name\":\"Vagas de emprego Unimed, adicione seu curr\u00edculo\"}]},{\"@type\":\"WebSite\",\"@id\":\"https:\\\/\\\/www.vagadeempregorj.com.br\\\/#website\",\"url\":\"https:\\\/\\\/www.vagadeempregorj.com.br\\\/\",\"name\":\"\",\"description\":\"Conquiste Sonhos: Vagas, Benef\u00edcios e Economia para Transformar Vidas e Alcan\u00e7ar Melhorias Cotidianas\",\"potentialAction\":[{\"@type\":\"SearchAction\",\"target\":{\"@type\":\"EntryPoint\",\"urlTemplate\":\"https:\\\/\\\/www.vagadeempregorj.com.br\\\/?s={search_term_string}\"},\"query-input\":{\"@type\":\"PropertyValueSpecification\",\"valueRequired\":true,\"valueName\":\"search_term_string\"}}],\"inLanguage\":\"fr-FR\"},{\"@type\":\"Person\",\"@id\":\"https:\\\/\\\/www.vagadeempregorj.com.br\\\/#\\\/schema\\\/person\\\/ff7c1ede281066d35b2813eb13f662ef\",\"name\":\"Pedro Santos\",\"image\":{\"@type\":\"ImageObject\",\"inLanguage\":\"fr-FR\",\"@id\":\"https:\\\/\\\/secure.gravatar.com\\\/avatar\\\/0f569c1b80e91280c9dc54d2dec96d0c5562a072cef4b08b7e3807948546027c?s=96&r=g\",\"url\":\"https:\\\/\\\/secure.gravatar.com\\\/avatar\\\/0f569c1b80e91280c9dc54d2dec96d0c5562a072cef4b08b7e3807948546027c?s=96&r=g\",\"contentUrl\":\"https:\\\/\\\/secure.gravatar.com\\\/avatar\\\/0f569c1b80e91280c9dc54d2dec96d0c5562a072cef4b08b7e3807948546027c?s=96&r=g\",\"caption\":\"Pedro Santos\"},\"description\":\"Meu nome \u00e9 Pedro e sou redator. Dedico meu tempo escrevendo vagas de emprego diariamente no portal Vaga de Emprego RJ\",\"url\":\"https:\\\/\\\/www.vagadeempregorj.com.br\\\/fr\\\/author\\\/fabio\\\/\"}]}<\/script>\n<!-- \/ Yoast SEO plugin. -->","yoast_head_json":{"title":"Vagas de emprego Unimed, adicione seu curr\u00edculo -","description":"Vagas de emprego Unimed. Os benef\u00edcios s\u00e3o: conv\u00eanio odontol\u00f3gico, vale-alimenta\u00e7\u00e3o, empr\u00e9stimo consignado, previd\u00eancia privada...","robots":{"index":"index","follow":"follow","max-snippet":"max-snippet:-1","max-image-preview":"max-image-preview:large","max-video-preview":"max-video-preview:-1"},"canonical":"https:\/\/www.vagadeempregorj.com.br\/fr\/vagas-de-emprego-unimed\/","og_locale":"fr_FR","og_type":"article","og_title":"Vagas de emprego Unimed, adicione seu curr\u00edculo -","og_description":"Vagas de emprego Unimed. Os benef\u00edcios s\u00e3o: conv\u00eanio odontol\u00f3gico, vale-alimenta\u00e7\u00e3o, empr\u00e9stimo consignado, previd\u00eancia privada...","og_url":"https:\/\/www.vagadeempregorj.com.br\/fr\/vagas-de-emprego-unimed\/","article_publisher":"https:\/\/www.facebook.com\/empregobrasiloficial","article_published_time":"2023-08-22T03:02:00+00:00","article_modified_time":"2023-12-15T16:44:24+00:00","og_image":[{"width":1200,"height":675,"url":"https:\/\/www.vagadeempregorj.com.br\/wp-content\/uploads\/2022\/03\/unimed.jpg","type":"image\/jpeg"}],"author":"Pedro Santos","twitter_card":"summary_large_image","twitter_misc":{"Written by":"Pedro Santos","Est. reading time":"3 minutes"},"schema":{"@context":"https:\/\/schema.org","@graph":[{"@type":"Article","@id":"https:\/\/www.vagadeempregorj.com.br\/vagas-de-emprego-unimed\/#article","isPartOf":{"@id":"https:\/\/www.vagadeempregorj.com.br\/vagas-de-emprego-unimed\/"},"author":{"name":"Pedro Santos","@id":"https:\/\/www.vagadeempregorj.com.br\/#\/schema\/person\/ff7c1ede281066d35b2813eb13f662ef"},"headline":"Vagas de emprego Unimed, adicione seu curr\u00edculo","datePublished":"2023-08-22T03:02:00+00:00","dateModified":"2023-12-15T16:44:24+00:00","mainEntityOfPage":{"@id":"https:\/\/www.vagadeempregorj.com.br\/vagas-de-emprego-unimed\/"},"wordCount":378,"image":{"@id":"https:\/\/www.vagadeempregorj.com.br\/vagas-de-emprego-unimed\/#primaryimage"},"thumbnailUrl":"https:\/\/www.vagadeempregorj.com.br\/wp-content\/uploads\/2022\/03\/unimed.jpg","keywords":["Unimed","vaga de emprego"],"articleSection":["Vagas de Emprego Nacionais"],"inLanguage":"fr-FR"},{"@type":"WebPage","@id":"https:\/\/www.vagadeempregorj.com.br\/vagas-de-emprego-unimed\/","url":"https:\/\/www.vagadeempregorj.com.br\/vagas-de-emprego-unimed\/","name":"Vagas de emprego Unimed, adicione seu curr\u00edculo -","isPartOf":{"@id":"https:\/\/www.vagadeempregorj.com.br\/#website"},"primaryImageOfPage":{"@id":"https:\/\/www.vagadeempregorj.com.br\/vagas-de-emprego-unimed\/#primaryimage"},"image":{"@id":"https:\/\/www.vagadeempregorj.com.br\/vagas-de-emprego-unimed\/#primaryimage"},"thumbnailUrl":"https:\/\/www.vagadeempregorj.com.br\/wp-content\/uploads\/2022\/03\/unimed.jpg","datePublished":"2023-08-22T03:02:00+00:00","dateModified":"2023-12-15T16:44:24+00:00","author":{"@id":"https:\/\/www.vagadeempregorj.com.br\/#\/schema\/person\/ff7c1ede281066d35b2813eb13f662ef"},"description":"Vagas de emprego Unimed. Os benef\u00edcios s\u00e3o: conv\u00eanio odontol\u00f3gico, vale-alimenta\u00e7\u00e3o, empr\u00e9stimo consignado, previd\u00eancia privada...","breadcrumb":{"@id":"https:\/\/www.vagadeempregorj.com.br\/vagas-de-emprego-unimed\/#breadcrumb"},"inLanguage":"fr-FR","potentialAction":[{"@type":"ReadAction","target":["https:\/\/www.vagadeempregorj.com.br\/vagas-de-emprego-unimed\/"]}]},{"@type":"ImageObject","inLanguage":"fr-FR","@id":"https:\/\/www.vagadeempregorj.com.br\/vagas-de-emprego-unimed\/#primaryimage","url":"https:\/\/www.vagadeempregorj.com.br\/wp-content\/uploads\/2022\/03\/unimed.jpg","contentUrl":"https:\/\/www.vagadeempregorj.com.br\/wp-content\/uploads\/2022\/03\/unimed.jpg","width":1200,"height":675,"caption":"unimed"},{"@type":"BreadcrumbList","@id":"https:\/\/www.vagadeempregorj.com.br\/vagas-de-emprego-unimed\/#breadcrumb","itemListElement":[{"@type":"ListItem","position":1,"name":"In\u00edcio","item":"https:\/\/www.vagadeempregorj.com.br\/"},{"@type":"ListItem","position":2,"name":"Vagas de Emprego Nacionais","item":"https:\/\/www.vagadeempregorj.com.br\/vagas-de-emprego-nacionais\/"},{"@type":"ListItem","position":3,"name":"Vagas de emprego Unimed, adicione seu curr\u00edculo"}]},{"@type":"WebSite","@id":"https:\/\/www.vagadeempregorj.com.br\/#website","url":"https:\/\/www.vagadeempregorj.com.br\/","name":"","description":"Conquiste Sonhos: Vagas, Benef\u00edcios e Economia para Transformar Vidas e Alcan\u00e7ar Melhorias Cotidianas","potentialAction":[{"@type":"SearchAction","target":{"@type":"EntryPoint","urlTemplate":"https:\/\/www.vagadeempregorj.com.br\/?s={search_term_string}"},"query-input":{"@type":"PropertyValueSpecification","valueRequired":true,"valueName":"search_term_string"}}],"inLanguage":"fr-FR"},{"@type":"Person","@id":"https:\/\/www.vagadeempregorj.com.br\/#\/schema\/person\/ff7c1ede281066d35b2813eb13f662ef","name":"Pedro Santos","image":{"@type":"ImageObject","inLanguage":"fr-FR","@id":"https:\/\/secure.gravatar.com\/avatar\/0f569c1b80e91280c9dc54d2dec96d0c5562a072cef4b08b7e3807948546027c?s=96&r=g","url":"https:\/\/secure.gravatar.com\/avatar\/0f569c1b80e91280c9dc54d2dec96d0c5562a072cef4b08b7e3807948546027c?s=96&r=g","contentUrl":"https:\/\/secure.gravatar.com\/avatar\/0f569c1b80e91280c9dc54d2dec96d0c5562a072cef4b08b7e3807948546027c?s=96&r=g","caption":"Pedro Santos"},"description":"Meu nome \u00e9 Pedro e sou redator. Dedico meu tempo escrevendo vagas de emprego diariamente no portal Vaga de Emprego RJ","url":"https:\/\/www.vagadeempregorj.com.br\/fr\/author\/fabio\/"}]}},"_links":{"self":[{"href":"https:\/\/www.vagadeempregorj.com.br\/fr\/wp-json\/wp\/v2\/posts\/26917","targetHints":{"allow":["GET"]}}],"collection":[{"href":"https:\/\/www.vagadeempregorj.com.br\/fr\/wp-json\/wp\/v2\/posts"}],"about":[{"href":"https:\/\/www.vagadeempregorj.com.br\/fr\/wp-json\/wp\/v2\/types\/post"}],"author":[{"embeddable":true,"href":"https:\/\/www.vagadeempregorj.com.br\/fr\/wp-json\/wp\/v2\/users\/10"}],"replies":[{"embeddable":true,"href":"https:\/\/www.vagadeempregorj.com.br\/fr\/wp-json\/wp\/v2\/comments?post=26917"}],"version-history":[{"count":0,"href":"https:\/\/www.vagadeempregorj.com.br\/fr\/wp-json\/wp\/v2\/posts\/26917\/revisions"}],"wp:featuredmedia":[{"embeddable":true,"href":"https:\/\/www.vagadeempregorj.com.br\/fr\/wp-json\/wp\/v2\/media\/26985"}],"wp:attachment":[{"href":"https:\/\/www.vagadeempregorj.com.br\/fr\/wp-json\/wp\/v2\/media?parent=26917"}],"wp:term":[{"taxonomy":"category","embeddable":true,"href":"https:\/\/www.vagadeempregorj.com.br\/fr\/wp-json\/wp\/v2\/categories?post=26917"},{"taxonomy":"post_tag","embeddable":true,"href":"https:\/\/www.vagadeempregorj.com.br\/fr\/wp-json\/wp\/v2\/tags?post=26917"}],"curies":[{"name":"wp","href":"https:\/\/api.w.org\/{rel}","templated":true}]}}