{"id":27072,"date":"2023-08-23T00:02:00","date_gmt":"2023-08-23T03:02:00","guid":{"rendered":"https:\/\/www.vagadeempregorj.com.br\/?p=27072"},"modified":"2023-08-19T16:56:56","modified_gmt":"2023-08-19T19:56:56","slug":"estagio-tecnico-pcd","status":"publish","type":"post","link":"https:\/\/www.vagadeempregorj.com.br\/fr\/estagio-tecnico-pcd\/","title":{"rendered":"Est\u00e1gio T\u00e9cnico PCD, Vendedor J\u00fanior e demais vagas na empresa Pampers, veja"},"content":{"rendered":"<p>Atualizado<\/p>\n\n\n<div class=\"wp-block-post-date\"><time datetime=\"2023-08-23T00:02:00-03:00\">23\/08\/2023<\/time><\/div>\n\n\n<p>A Pampers \u00e9 constantemente procurada por pais que querem que os seus beb\u00eas estejam confort\u00e1veis, secos e, claro, para evitar que ocorram vazamentos.<\/p>\n\n\n\n<p>N\u00e3o \u00e9 \u00e0 toa que h\u00e1 uma linha enorme de op\u00e7\u00f5es da Pampers, como fralda roupinha e muitas vers\u00f5es das fraldas do tipo abre-fecha.<br><br>Criada pela P&G, essa marca tamb\u00e9m \u00e9 \u00f3tima para quem est\u00e1 querendo trabalhar e algumas vagas as quais se pode concorrer s\u00e3o:<\/p>\n\n\n\n<ul class=\"wp-block-list\">\n<li>Est\u00e1gio t\u00e9cnico PCD<\/li>\n\n\n\n<li>Vendedor junior<\/li>\n\n\n\n<li>Management internship<\/li>\n\n\n\n<li>Programa de desenvolvimento para pretos e pardos<\/li>\n\n\n\n<li>Analistas t\u00e9cnico PCD para manufatura<\/li>\n\n\n\n<li>E mais<\/li>\n<\/ul>\n\n\n\n<p>\u00c9 vis\u00edvel que a P&G tem uma pol\u00edtica de contrata\u00e7\u00e3o que se alicer\u00e7a na diversidade, tendo at\u00e9 programas para facilitar a admiss\u00e3o e determinados benef\u00edcios. <\/p>\n\n\n\n<p>Os benef\u00edcios s\u00e3o: vale refei\u00e7\u00e3o, assist\u00eancia m\u00e9dica, previd\u00eancia privada, vale transporte, sal\u00e1rio competitivo, seguro de vida, conv\u00eanio odontol\u00f3gico, plano de a\u00e7\u00f5es e gympass.<\/p>\n\n\n\n<div class=\"wp-block-buttons is-horizontal is-content-justification-center is-layout-flex wp-container-core-buttons-is-layout-499968f5 wp-block-buttons-is-layout-flex\">\n<div class=\"wp-block-button\"><a class=\"wp-block-button__link has-black-color has-text-color has-background wp-element-button\" href=\"https:\/\/www.vagadeempregorj.com.br\/fr\/enviando-seu-curriculo-rapidamente\/\" style=\"background:linear-gradient(2deg,rgb(255,134,50) 64%,rgb(255,197,71) 100%)\"><strong>VEJA COMO SE CANDIDATAR<\/strong><\/a><\/div>\n<\/div>\n\n\n\n<h2 class=\"wp-block-heading\"><strong>Trabalhe Conosco Pampers, como se inscrever<\/strong><\/h2>\n\n\n\n<p>A p\u00e1gina para se candidatar \u00e0s possibilidades da Pampers \u00e9 a Careers, da P&G, e o link \u00e9 o <a href=\"https:\/\/www.pgcareers.com\/\">https:\/\/www.pgcareers.com\/#<\/a>.<\/p>\n\n\n\n<p>Selecionar a linguagem, qual \u00e9 a localidade e na lista de vagas abertas, no campo \u201cagendamento\u201d, os trabalhadores conseguem visualizar qual o regime de hor\u00e1rio.<\/p>\n\n\n\n<h2 class=\"wp-block-heading\"><strong>Descubra mais sobre a Pampers<\/strong><\/h2>\n\n\n\n<p>A Pampers \u00e9 uma das marcas mais famosas da P&G, atendendo a crian\u00e7as de v\u00e1rias idades com as suas fraldas descart\u00e1veis de tamanhos diversos.<\/p>\n\n\n\n<p>N\u00e3o \u00e9 apenas isso que essa marca produz, mas tamb\u00e9m len\u00e7os umedecidos que s\u00e3o ideais para rec\u00e9m-nascidos, e h\u00e1 linhas at\u00e9 mesmo sem perfume.<\/p>\n\n\n\n<p>O site tamb\u00e9m \u00e9 um local onde os consumidores encontram v\u00e1rios tipos de informa\u00e7\u00f5es, como cuidados com os rec\u00e9m-nascidos e crian\u00e7as pequenas.<\/p>\n\n\n\n<p>No Pampers Clube, os consumidores t\u00eam acesso a dicas variadas, que n\u00e3o s\u00e3o recebidas por outros clientes e cupons para descontos em compras.<\/p>\n\n\n\n<div class=\"wp-block-buttons is-horizontal is-content-justification-center is-layout-flex wp-container-core-buttons-is-layout-499968f5 wp-block-buttons-is-layout-flex\">\n<div class=\"wp-block-button\"><a class=\"wp-block-button__link has-black-color has-text-color has-background wp-element-button\" href=\"https:\/\/www.vagadeempregorj.com.br\/fr\/vagas-de-emprego-nacionais\/\" style=\"border-radius:29px;background:linear-gradient(2deg,rgb(255,134,50) 60%,rgb(255,197,71) 100%)\"><strong>VEJA NOVAS VAGAS PARA SE CANDIDATAR<\/strong><\/a><\/div>\n<\/div>","protected":false},"excerpt":{"rendered":"<p>Os benef\u00edcios s\u00e3o: vale refei\u00e7\u00e3o, assist\u00eancia m\u00e9dica, previd\u00eancia privada, vale transporte, sal\u00e1rio competitivo, seguro de vida, conv\u00eanio odontol\u00f3gico, plano de a\u00e7\u00f5es e gympass.<\/p>","protected":false},"author":10,"featured_media":27102,"comment_status":"closed","ping_status":"closed","sticky":false,"template":"","format":"standard","meta":{"neve_meta_sidebar":"","neve_meta_container":"","neve_meta_enable_content_width":"","neve_meta_content_width":0,"neve_meta_title_alignment":"","neve_meta_author_avatar":"","neve_post_elements_order":"","neve_meta_disable_header":"","neve_meta_disable_footer":"","neve_meta_disable_title":"","footnotes":""},"categories":[123],"tags":[279,277,147,278],"class_list":["post-27072","post","type-post","status-publish","format-standard","has-post-thumbnail","hentry","category-vagas-de-emprego-nacionais","tag-estagio-tecnico-pcd","tag-pampers","tag-vaga-de-emprego","tag-vendedor-junior"],"yoast_head":"<!-- This site is optimized with the Yoast SEO plugin v27.5 - https:\/\/yoast.com\/product\/yoast-seo-wordpress\/ -->\n<title>Est\u00e1gio T\u00e9cnico PCD, Vendedor J\u00fanior e demais vagas na empresa Pampers, veja -<\/title>\n<meta name=\"description\" content=\"A Pampers - Os benef\u00edcios s\u00e3o: vale refei\u00e7\u00e3o, assist\u00eancia m\u00e9dica, previd\u00eancia privada, vale transporte, sal\u00e1rio competitivo, seguro de vida..\" \/>\n<meta name=\"robots\" content=\"index, follow, max-snippet:-1, max-image-preview:large, max-video-preview:-1\" \/>\n<link rel=\"canonical\" href=\"https:\/\/www.vagadeempregorj.com.br\/fr\/estagio-tecnico-pcd\/\" \/>\n<meta property=\"og:locale\" content=\"fr_FR\" \/>\n<meta property=\"og:type\" content=\"article\" \/>\n<meta property=\"og:title\" content=\"Est\u00e1gio T\u00e9cnico PCD, Vendedor J\u00fanior e demais vagas na empresa Pampers, veja -\" \/>\n<meta property=\"og:description\" content=\"A Pampers - Os benef\u00edcios s\u00e3o: vale refei\u00e7\u00e3o, assist\u00eancia m\u00e9dica, previd\u00eancia privada, vale transporte, sal\u00e1rio competitivo, seguro de vida..\" \/>\n<meta property=\"og:url\" content=\"https:\/\/www.vagadeempregorj.com.br\/fr\/estagio-tecnico-pcd\/\" \/>\n<meta property=\"article:publisher\" content=\"https:\/\/www.facebook.com\/empregobrasiloficial\" \/>\n<meta property=\"article:published_time\" content=\"2023-08-23T03:02:00+00:00\" \/>\n<meta property=\"og:image\" content=\"https:\/\/www.vagadeempregorj.com.br\/wp-content\/uploads\/2022\/03\/PAMPERS.jpg\" \/>\n\t<meta property=\"og:image:width\" content=\"1200\" \/>\n\t<meta property=\"og:image:height\" content=\"675\" \/>\n\t<meta property=\"og:image:type\" content=\"image\/jpeg\" \/>\n<meta name=\"author\" content=\"Pedro Santos\" \/>\n<meta name=\"twitter:card\" content=\"summary_large_image\" \/>\n<meta name=\"twitter:label1\" content=\"Written by\" \/>\n\t<meta name=\"twitter:data1\" content=\"Pedro Santos\" \/>\n\t<meta name=\"twitter:label2\" content=\"Est. reading time\" \/>\n\t<meta name=\"twitter:data2\" content=\"2 minutes\" \/>\n<script type=\"application\/ld+json\" class=\"yoast-schema-graph\">{\"@context\":\"https:\\\/\\\/schema.org\",\"@graph\":[{\"@type\":\"Article\",\"@id\":\"https:\\\/\\\/www.vagadeempregorj.com.br\\\/estagio-tecnico-pcd\\\/#article\",\"isPartOf\":{\"@id\":\"https:\\\/\\\/www.vagadeempregorj.com.br\\\/estagio-tecnico-pcd\\\/\"},\"author\":{\"name\":\"Pedro Santos\",\"@id\":\"https:\\\/\\\/www.vagadeempregorj.com.br\\\/#\\\/schema\\\/person\\\/ff7c1ede281066d35b2813eb13f662ef\"},\"headline\":\"Est\u00e1gio T\u00e9cnico PCD, Vendedor J\u00fanior e demais vagas na empresa Pampers, veja\",\"datePublished\":\"2023-08-23T03:02:00+00:00\",\"mainEntityOfPage\":{\"@id\":\"https:\\\/\\\/www.vagadeempregorj.com.br\\\/estagio-tecnico-pcd\\\/\"},\"wordCount\":357,\"image\":{\"@id\":\"https:\\\/\\\/www.vagadeempregorj.com.br\\\/estagio-tecnico-pcd\\\/#primaryimage\"},\"thumbnailUrl\":\"https:\\\/\\\/www.vagadeempregorj.com.br\\\/wp-content\\\/uploads\\\/2022\\\/03\\\/PAMPERS.jpg\",\"keywords\":[\"est\u00e1gio t\u00e9cnico pcd\",\"pampers\",\"vaga de emprego\",\"vendedor junior\"],\"articleSection\":[\"Vagas de Emprego Nacionais\"],\"inLanguage\":\"fr-FR\"},{\"@type\":\"WebPage\",\"@id\":\"https:\\\/\\\/www.vagadeempregorj.com.br\\\/estagio-tecnico-pcd\\\/\",\"url\":\"https:\\\/\\\/www.vagadeempregorj.com.br\\\/estagio-tecnico-pcd\\\/\",\"name\":\"Est\u00e1gio T\u00e9cnico PCD, Vendedor J\u00fanior e demais vagas na empresa Pampers, veja -\",\"isPartOf\":{\"@id\":\"https:\\\/\\\/www.vagadeempregorj.com.br\\\/#website\"},\"primaryImageOfPage\":{\"@id\":\"https:\\\/\\\/www.vagadeempregorj.com.br\\\/estagio-tecnico-pcd\\\/#primaryimage\"},\"image\":{\"@id\":\"https:\\\/\\\/www.vagadeempregorj.com.br\\\/estagio-tecnico-pcd\\\/#primaryimage\"},\"thumbnailUrl\":\"https:\\\/\\\/www.vagadeempregorj.com.br\\\/wp-content\\\/uploads\\\/2022\\\/03\\\/PAMPERS.jpg\",\"datePublished\":\"2023-08-23T03:02:00+00:00\",\"author\":{\"@id\":\"https:\\\/\\\/www.vagadeempregorj.com.br\\\/#\\\/schema\\\/person\\\/ff7c1ede281066d35b2813eb13f662ef\"},\"description\":\"A Pampers - Os benef\u00edcios s\u00e3o: vale refei\u00e7\u00e3o, assist\u00eancia m\u00e9dica, previd\u00eancia privada, vale transporte, sal\u00e1rio competitivo, seguro de vida..\",\"breadcrumb\":{\"@id\":\"https:\\\/\\\/www.vagadeempregorj.com.br\\\/estagio-tecnico-pcd\\\/#breadcrumb\"},\"inLanguage\":\"fr-FR\",\"potentialAction\":[{\"@type\":\"ReadAction\",\"target\":[\"https:\\\/\\\/www.vagadeempregorj.com.br\\\/estagio-tecnico-pcd\\\/\"]}]},{\"@type\":\"ImageObject\",\"inLanguage\":\"fr-FR\",\"@id\":\"https:\\\/\\\/www.vagadeempregorj.com.br\\\/estagio-tecnico-pcd\\\/#primaryimage\",\"url\":\"https:\\\/\\\/www.vagadeempregorj.com.br\\\/wp-content\\\/uploads\\\/2022\\\/03\\\/PAMPERS.jpg\",\"contentUrl\":\"https:\\\/\\\/www.vagadeempregorj.com.br\\\/wp-content\\\/uploads\\\/2022\\\/03\\\/PAMPERS.jpg\",\"width\":1200,\"height\":675,\"caption\":\"PAMPERS\"},{\"@type\":\"BreadcrumbList\",\"@id\":\"https:\\\/\\\/www.vagadeempregorj.com.br\\\/estagio-tecnico-pcd\\\/#breadcrumb\",\"itemListElement\":[{\"@type\":\"ListItem\",\"position\":1,\"name\":\"In\u00edcio\",\"item\":\"https:\\\/\\\/www.vagadeempregorj.com.br\\\/\"},{\"@type\":\"ListItem\",\"position\":2,\"name\":\"Vagas de Emprego Nacionais\",\"item\":\"https:\\\/\\\/www.vagadeempregorj.com.br\\\/vagas-de-emprego-nacionais\\\/\"},{\"@type\":\"ListItem\",\"position\":3,\"name\":\"Est\u00e1gio T\u00e9cnico PCD, Vendedor J\u00fanior e demais vagas na empresa Pampers, veja\"}]},{\"@type\":\"WebSite\",\"@id\":\"https:\\\/\\\/www.vagadeempregorj.com.br\\\/#website\",\"url\":\"https:\\\/\\\/www.vagadeempregorj.com.br\\\/\",\"name\":\"\",\"description\":\"Conquiste Sonhos: Vagas, Benef\u00edcios e Economia para Transformar Vidas e Alcan\u00e7ar Melhorias Cotidianas\",\"potentialAction\":[{\"@type\":\"SearchAction\",\"target\":{\"@type\":\"EntryPoint\",\"urlTemplate\":\"https:\\\/\\\/www.vagadeempregorj.com.br\\\/?s={search_term_string}\"},\"query-input\":{\"@type\":\"PropertyValueSpecification\",\"valueRequired\":true,\"valueName\":\"search_term_string\"}}],\"inLanguage\":\"fr-FR\"},{\"@type\":\"Person\",\"@id\":\"https:\\\/\\\/www.vagadeempregorj.com.br\\\/#\\\/schema\\\/person\\\/ff7c1ede281066d35b2813eb13f662ef\",\"name\":\"Pedro Santos\",\"image\":{\"@type\":\"ImageObject\",\"inLanguage\":\"fr-FR\",\"@id\":\"https:\\\/\\\/secure.gravatar.com\\\/avatar\\\/0f569c1b80e91280c9dc54d2dec96d0c5562a072cef4b08b7e3807948546027c?s=96&r=g\",\"url\":\"https:\\\/\\\/secure.gravatar.com\\\/avatar\\\/0f569c1b80e91280c9dc54d2dec96d0c5562a072cef4b08b7e3807948546027c?s=96&r=g\",\"contentUrl\":\"https:\\\/\\\/secure.gravatar.com\\\/avatar\\\/0f569c1b80e91280c9dc54d2dec96d0c5562a072cef4b08b7e3807948546027c?s=96&r=g\",\"caption\":\"Pedro Santos\"},\"description\":\"Meu nome \u00e9 Pedro e sou redator. Dedico meu tempo escrevendo vagas de emprego diariamente no portal Vaga de Emprego RJ\",\"url\":\"https:\\\/\\\/www.vagadeempregorj.com.br\\\/fr\\\/author\\\/fabio\\\/\"}]}<\/script>\n<!-- \/ Yoast SEO plugin. -->","yoast_head_json":{"title":"Est\u00e1gio T\u00e9cnico PCD, Vendedor J\u00fanior e demais vagas na empresa Pampers, veja -","description":"A Pampers - Os benef\u00edcios s\u00e3o: vale refei\u00e7\u00e3o, assist\u00eancia m\u00e9dica, previd\u00eancia privada, vale transporte, sal\u00e1rio competitivo, seguro de vida..","robots":{"index":"index","follow":"follow","max-snippet":"max-snippet:-1","max-image-preview":"max-image-preview:large","max-video-preview":"max-video-preview:-1"},"canonical":"https:\/\/www.vagadeempregorj.com.br\/fr\/estagio-tecnico-pcd\/","og_locale":"fr_FR","og_type":"article","og_title":"Est\u00e1gio T\u00e9cnico PCD, Vendedor J\u00fanior e demais vagas na empresa Pampers, veja -","og_description":"A Pampers - Os benef\u00edcios s\u00e3o: vale refei\u00e7\u00e3o, assist\u00eancia m\u00e9dica, previd\u00eancia privada, vale transporte, sal\u00e1rio competitivo, seguro de vida..","og_url":"https:\/\/www.vagadeempregorj.com.br\/fr\/estagio-tecnico-pcd\/","article_publisher":"https:\/\/www.facebook.com\/empregobrasiloficial","article_published_time":"2023-08-23T03:02:00+00:00","og_image":[{"width":1200,"height":675,"url":"https:\/\/www.vagadeempregorj.com.br\/wp-content\/uploads\/2022\/03\/PAMPERS.jpg","type":"image\/jpeg"}],"author":"Pedro Santos","twitter_card":"summary_large_image","twitter_misc":{"Written by":"Pedro Santos","Est. reading time":"2 minutes"},"schema":{"@context":"https:\/\/schema.org","@graph":[{"@type":"Article","@id":"https:\/\/www.vagadeempregorj.com.br\/estagio-tecnico-pcd\/#article","isPartOf":{"@id":"https:\/\/www.vagadeempregorj.com.br\/estagio-tecnico-pcd\/"},"author":{"name":"Pedro Santos","@id":"https:\/\/www.vagadeempregorj.com.br\/#\/schema\/person\/ff7c1ede281066d35b2813eb13f662ef"},"headline":"Est\u00e1gio T\u00e9cnico PCD, Vendedor J\u00fanior e demais vagas na empresa Pampers, veja","datePublished":"2023-08-23T03:02:00+00:00","mainEntityOfPage":{"@id":"https:\/\/www.vagadeempregorj.com.br\/estagio-tecnico-pcd\/"},"wordCount":357,"image":{"@id":"https:\/\/www.vagadeempregorj.com.br\/estagio-tecnico-pcd\/#primaryimage"},"thumbnailUrl":"https:\/\/www.vagadeempregorj.com.br\/wp-content\/uploads\/2022\/03\/PAMPERS.jpg","keywords":["est\u00e1gio t\u00e9cnico pcd","pampers","vaga de emprego","vendedor junior"],"articleSection":["Vagas de Emprego Nacionais"],"inLanguage":"fr-FR"},{"@type":"WebPage","@id":"https:\/\/www.vagadeempregorj.com.br\/estagio-tecnico-pcd\/","url":"https:\/\/www.vagadeempregorj.com.br\/estagio-tecnico-pcd\/","name":"Est\u00e1gio T\u00e9cnico PCD, Vendedor J\u00fanior e demais vagas na empresa Pampers, veja -","isPartOf":{"@id":"https:\/\/www.vagadeempregorj.com.br\/#website"},"primaryImageOfPage":{"@id":"https:\/\/www.vagadeempregorj.com.br\/estagio-tecnico-pcd\/#primaryimage"},"image":{"@id":"https:\/\/www.vagadeempregorj.com.br\/estagio-tecnico-pcd\/#primaryimage"},"thumbnailUrl":"https:\/\/www.vagadeempregorj.com.br\/wp-content\/uploads\/2022\/03\/PAMPERS.jpg","datePublished":"2023-08-23T03:02:00+00:00","author":{"@id":"https:\/\/www.vagadeempregorj.com.br\/#\/schema\/person\/ff7c1ede281066d35b2813eb13f662ef"},"description":"A Pampers - Os benef\u00edcios s\u00e3o: vale refei\u00e7\u00e3o, assist\u00eancia m\u00e9dica, previd\u00eancia privada, vale transporte, sal\u00e1rio competitivo, seguro de vida..","breadcrumb":{"@id":"https:\/\/www.vagadeempregorj.com.br\/estagio-tecnico-pcd\/#breadcrumb"},"inLanguage":"fr-FR","potentialAction":[{"@type":"ReadAction","target":["https:\/\/www.vagadeempregorj.com.br\/estagio-tecnico-pcd\/"]}]},{"@type":"ImageObject","inLanguage":"fr-FR","@id":"https:\/\/www.vagadeempregorj.com.br\/estagio-tecnico-pcd\/#primaryimage","url":"https:\/\/www.vagadeempregorj.com.br\/wp-content\/uploads\/2022\/03\/PAMPERS.jpg","contentUrl":"https:\/\/www.vagadeempregorj.com.br\/wp-content\/uploads\/2022\/03\/PAMPERS.jpg","width":1200,"height":675,"caption":"PAMPERS"},{"@type":"BreadcrumbList","@id":"https:\/\/www.vagadeempregorj.com.br\/estagio-tecnico-pcd\/#breadcrumb","itemListElement":[{"@type":"ListItem","position":1,"name":"In\u00edcio","item":"https:\/\/www.vagadeempregorj.com.br\/"},{"@type":"ListItem","position":2,"name":"Vagas de Emprego Nacionais","item":"https:\/\/www.vagadeempregorj.com.br\/vagas-de-emprego-nacionais\/"},{"@type":"ListItem","position":3,"name":"Est\u00e1gio T\u00e9cnico PCD, Vendedor J\u00fanior e demais vagas na empresa Pampers, veja"}]},{"@type":"WebSite","@id":"https:\/\/www.vagadeempregorj.com.br\/#website","url":"https:\/\/www.vagadeempregorj.com.br\/","name":"","description":"Conquiste Sonhos: Vagas, Benef\u00edcios e Economia para Transformar Vidas e Alcan\u00e7ar Melhorias Cotidianas","potentialAction":[{"@type":"SearchAction","target":{"@type":"EntryPoint","urlTemplate":"https:\/\/www.vagadeempregorj.com.br\/?s={search_term_string}"},"query-input":{"@type":"PropertyValueSpecification","valueRequired":true,"valueName":"search_term_string"}}],"inLanguage":"fr-FR"},{"@type":"Person","@id":"https:\/\/www.vagadeempregorj.com.br\/#\/schema\/person\/ff7c1ede281066d35b2813eb13f662ef","name":"Pedro Santos","image":{"@type":"ImageObject","inLanguage":"fr-FR","@id":"https:\/\/secure.gravatar.com\/avatar\/0f569c1b80e91280c9dc54d2dec96d0c5562a072cef4b08b7e3807948546027c?s=96&r=g","url":"https:\/\/secure.gravatar.com\/avatar\/0f569c1b80e91280c9dc54d2dec96d0c5562a072cef4b08b7e3807948546027c?s=96&r=g","contentUrl":"https:\/\/secure.gravatar.com\/avatar\/0f569c1b80e91280c9dc54d2dec96d0c5562a072cef4b08b7e3807948546027c?s=96&r=g","caption":"Pedro Santos"},"description":"Meu nome \u00e9 Pedro e sou redator. Dedico meu tempo escrevendo vagas de emprego diariamente no portal Vaga de Emprego RJ","url":"https:\/\/www.vagadeempregorj.com.br\/fr\/author\/fabio\/"}]}},"_links":{"self":[{"href":"https:\/\/www.vagadeempregorj.com.br\/fr\/wp-json\/wp\/v2\/posts\/27072","targetHints":{"allow":["GET"]}}],"collection":[{"href":"https:\/\/www.vagadeempregorj.com.br\/fr\/wp-json\/wp\/v2\/posts"}],"about":[{"href":"https:\/\/www.vagadeempregorj.com.br\/fr\/wp-json\/wp\/v2\/types\/post"}],"author":[{"embeddable":true,"href":"https:\/\/www.vagadeempregorj.com.br\/fr\/wp-json\/wp\/v2\/users\/10"}],"replies":[{"embeddable":true,"href":"https:\/\/www.vagadeempregorj.com.br\/fr\/wp-json\/wp\/v2\/comments?post=27072"}],"version-history":[{"count":0,"href":"https:\/\/www.vagadeempregorj.com.br\/fr\/wp-json\/wp\/v2\/posts\/27072\/revisions"}],"wp:featuredmedia":[{"embeddable":true,"href":"https:\/\/www.vagadeempregorj.com.br\/fr\/wp-json\/wp\/v2\/media\/27102"}],"wp:attachment":[{"href":"https:\/\/www.vagadeempregorj.com.br\/fr\/wp-json\/wp\/v2\/media?parent=27072"}],"wp:term":[{"taxonomy":"category","embeddable":true,"href":"https:\/\/www.vagadeempregorj.com.br\/fr\/wp-json\/wp\/v2\/categories?post=27072"},{"taxonomy":"post_tag","embeddable":true,"href":"https:\/\/www.vagadeempregorj.com.br\/fr\/wp-json\/wp\/v2\/tags?post=27072"}],"curies":[{"name":"wp","href":"https:\/\/api.w.org\/{rel}","templated":true}]}}