{"id":27107,"date":"2023-08-24T00:04:00","date_gmt":"2023-08-24T03:04:00","guid":{"rendered":"https:\/\/www.vagadeempregorj.com.br\/?p=27107"},"modified":"2023-08-19T16:58:42","modified_gmt":"2023-08-19T19:58:42","slug":"vagas-de-emprego-extra-hipermercados","status":"publish","type":"post","link":"https:\/\/www.vagadeempregorj.com.br\/fr\/vagas-de-emprego-extra-hipermercados\/","title":{"rendered":"Vagas de emprego Extra Hipermercados, adicione seu curr\u00edculo"},"content":{"rendered":"<p>Atualizado<\/p>\n\n\n<div class=\"wp-block-post-date\"><time datetime=\"2023-08-24T00:04:00-03:00\">24\/08\/2023<\/time><\/div>\n\n\n<p>Vagas de emprego Extra Hipermercados, al\u00e9m da aba \u201cmercados\u201d, empresa permite que seus clientes vendam e garante cart\u00e3o alimenta\u00e7\u00e3o<strong>.<\/strong><\/p>\n\n\n\n<p>O Extra tem as suas unidades sempre cheias, com clientes que compram de absolutamente tudo para os seus neg\u00f3cios e compras pessoais.<br><br>Como parte da empresa Via Varejo, essa rede passou a ter uma segunda forma de as pessoas comprarem: \u00e9 o seu marketplace cheio de produtos.<br><br>Trabalhar no Extra \u00e9 uma conquista para diversos trabalhadores e quem quiser ser funcion\u00e1rio da empresa precisa ficar de olho nas seguintes oportunidades:<\/p>\n\n\n\n<ul class=\"wp-block-list\">\n<li>Analista Administrativo de Gest\u00e3o de Energia Pleno<\/li>\n\n\n\n<li>Analista de Opera\u00e7\u00f5es I<\/li>\n\n\n\n<li>Assessor (a) de Atendimento e de Vendas<\/li>\n\n\n\n<li>Banco de Talentos | PCD<\/li>\n\n\n\n<li>Consultor (a) Administrativo de Loja<\/li>\n\n\n\n<li>Engenheiro (a) de Seguran\u00e7a do Trabalho<\/li>\n\n\n\n<li>Supervisor (a) de Log\u00edstica<\/li>\n\n\n\n<li>T\u00e9cnico (a) de Manuten\u00e7\u00e3o Mec\u00e2nica Pleno<\/li>\n\n\n\n<li>Vendedor<\/li>\n\n\n\n<li>E outros<\/li>\n<\/ul>\n\n\n\n<p>Dentre os benef\u00edcios para quem trabalha no Extra, est\u00e1:<\/p>\n\n\n\n<ul class=\"wp-block-list\">\n<li>Participa\u00e7\u00e3o nos lucros e resultados<\/li>\n\n\n\n<li>Cart\u00e3o alimenta\u00e7\u00e3o<\/li>\n\n\n\n<li>Seguro de vida<\/li>\n\n\n\n<li>Conv\u00eanio m\u00e9dico<\/li>\n\n\n\n<li>Descontos com parceiros e universidade<\/li>\n\n\n\n<li>Conv\u00eanio odontol\u00f3gico<\/li>\n\n\n\n<li>Enxoval do beb\u00ea<\/li>\n\n\n\n<li>Aux\u00edlio funeral<\/li>\n\n\n\n<li>Parceria com academias<\/li>\n\n\n\n<li>Previd\u00eancia privada<\/li>\n<\/ul>\n\n\n\n<div class=\"wp-block-buttons is-horizontal is-content-justification-center is-layout-flex wp-container-core-buttons-is-layout-499968f5 wp-block-buttons-is-layout-flex\">\n<div class=\"wp-block-button\"><a class=\"wp-block-button__link has-black-color has-text-color has-background wp-element-button\" href=\"https:\/\/www.vagadeempregorj.com.br\/fr\/enviando-seu-curriculo-rapidamente\/\" style=\"background:linear-gradient(2deg,rgb(255,134,50) 64%,rgb(255,197,71) 100%)\"><strong>VEJA COMO SE CANDIDATAR<\/strong><\/a><\/div>\n<\/div>\n\n\n\n<h2 class=\"wp-block-heading\"><strong>Vagas de emprego Extra Hipermercados, como se inscrever<\/strong><\/h2>\n\n\n\n<p>Os trabalhadores que quiserem mandar curr\u00edculo para o Extra podem acessar <a href=\"https:\/\/viavarejo.gupy.io\/?icid=253384\">https:\/\/viavarejo.gupy.io\/?icid=253384<\/a> e se cadastrar na p\u00e1gina da Via Varejo.<\/p>\n\n\n\n<p>\u00c9 poss\u00edvel verificar nas unidades do Extra se h\u00e1 vagas dispon\u00edveis, sem se esquecer de que o LinkedIn da empresa \u00e9 o <a href=\"https:\/\/br.linkedin.com\/company\/extra-hipermercados\">https:\/\/br.linkedin.com\/company\/extra-hipermercados<\/a>.<\/p>\n\n\n\n<h2 class=\"wp-block-heading\"><strong>Descubra mais sobre Extra<\/strong><\/h2>\n\n\n\n<p>O Extra tem um n\u00famero bem alto de produtos \u00e0 venda, sendo eles Tv & \u00c1udio, telefonia, eletrodom\u00e9stico, inform\u00e1tica, m\u00f3veis, eletroport\u00e1teis, brinquedos e automotivos.<\/p>\n\n\n\n<p>Al\u00e9m dos produtos, a rede tamb\u00e9m tem diferentes servi\u00e7os, incluindo instala\u00e7\u00e3o de ar-condicionado, visita t\u00e9cnica, lista de casamento, reparos, instala\u00e7\u00e3o de TV e revela\u00e7\u00e3o digital.<\/p>\n\n\n\n<p>Um diferencial que poucos clientes sabem sobre o site do Extra, eles podem vender produtos tamb\u00e9m, ou seja, n\u00e3o \u00e9 somente um lugar de compras.<\/p>\n\n\n\n<p>As categorias onde esses vendedores podem colocar os seus produtos s\u00e3o perfumes, cal\u00e7ados, livros, livros, moda, casa e constru\u00e7\u00e3o, pet shop, joias e outros.<\/p>\n\n\n\n<div class=\"wp-block-buttons is-horizontal is-content-justification-center is-layout-flex wp-container-core-buttons-is-layout-499968f5 wp-block-buttons-is-layout-flex\">\n<div class=\"wp-block-button\"><a class=\"wp-block-button__link has-black-color has-text-color has-background wp-element-button\" href=\"https:\/\/www.vagadeempregorj.com.br\/fr\/vagas-de-emprego-nacionais\/\" style=\"border-radius:29px;background:linear-gradient(2deg,rgb(255,134,50) 60%,rgb(255,197,71) 100%)\"><strong>VEJA NOVAS VAGAS PARA SE CANDIDATAR<\/strong><\/a><\/div>\n<\/div>","protected":false},"excerpt":{"rendered":"<p>Vagas de emprego Extra Hipermercados, al\u00e9m da aba \u201cmercados\u201d, empresa permite que seus clientes vendam e garante cart\u00e3o alimenta\u00e7\u00e3o.<\/p>","protected":false},"author":10,"featured_media":27117,"comment_status":"closed","ping_status":"closed","sticky":false,"template":"","format":"standard","meta":{"neve_meta_sidebar":"","neve_meta_container":"","neve_meta_enable_content_width":"","neve_meta_content_width":0,"neve_meta_title_alignment":"","neve_meta_author_avatar":"","neve_post_elements_order":"","neve_meta_disable_header":"","neve_meta_disable_footer":"","neve_meta_disable_title":"","footnotes":""},"categories":[123],"tags":[283,147],"class_list":["post-27107","post","type-post","status-publish","format-standard","has-post-thumbnail","hentry","category-vagas-de-emprego-nacionais","tag-hipermercado-extra","tag-vaga-de-emprego"],"yoast_head":"<!-- This site is optimized with the Yoast SEO plugin v27.5 - https:\/\/yoast.com\/product\/yoast-seo-wordpress\/ -->\n<title>Vagas de emprego Extra Hipermercados, adicione seu curr\u00edculo -<\/title>\n<meta name=\"description\" content=\"Vagas de emprego Extra Hipermercados, al\u00e9m da aba \u201cmercados\u201d, empresa permite que seus clientes vendam e garante cart\u00e3o alimenta\u00e7\u00e3o.\" \/>\n<meta name=\"robots\" content=\"index, follow, max-snippet:-1, max-image-preview:large, max-video-preview:-1\" \/>\n<link rel=\"canonical\" href=\"https:\/\/www.vagadeempregorj.com.br\/fr\/vagas-de-emprego-extra-hipermercados\/\" \/>\n<meta property=\"og:locale\" content=\"fr_FR\" \/>\n<meta property=\"og:type\" content=\"article\" \/>\n<meta property=\"og:title\" content=\"Vagas de emprego Extra Hipermercados, adicione seu curr\u00edculo -\" \/>\n<meta property=\"og:description\" content=\"Vagas de emprego Extra Hipermercados, al\u00e9m da aba \u201cmercados\u201d, empresa permite que seus clientes vendam e garante cart\u00e3o alimenta\u00e7\u00e3o.\" \/>\n<meta property=\"og:url\" content=\"https:\/\/www.vagadeempregorj.com.br\/fr\/vagas-de-emprego-extra-hipermercados\/\" \/>\n<meta property=\"article:publisher\" content=\"https:\/\/www.facebook.com\/empregobrasiloficial\" \/>\n<meta property=\"article:published_time\" content=\"2023-08-24T03:04:00+00:00\" \/>\n<meta property=\"og:image\" content=\"https:\/\/www.vagadeempregorj.com.br\/wp-content\/uploads\/2022\/03\/mercado-extra.jpg\" \/>\n\t<meta property=\"og:image:width\" content=\"1200\" \/>\n\t<meta property=\"og:image:height\" content=\"675\" \/>\n\t<meta property=\"og:image:type\" content=\"image\/jpeg\" \/>\n<meta name=\"author\" content=\"Pedro Santos\" \/>\n<meta name=\"twitter:card\" content=\"summary_large_image\" \/>\n<meta name=\"twitter:label1\" content=\"Written by\" \/>\n\t<meta name=\"twitter:data1\" content=\"Pedro Santos\" \/>\n\t<meta name=\"twitter:label2\" content=\"Est. reading time\" \/>\n\t<meta name=\"twitter:data2\" content=\"3 minutes\" \/>\n<script type=\"application\/ld+json\" class=\"yoast-schema-graph\">{\"@context\":\"https:\\\/\\\/schema.org\",\"@graph\":[{\"@type\":\"Article\",\"@id\":\"https:\\\/\\\/www.vagadeempregorj.com.br\\\/vagas-de-emprego-extra-hipermercados\\\/#article\",\"isPartOf\":{\"@id\":\"https:\\\/\\\/www.vagadeempregorj.com.br\\\/vagas-de-emprego-extra-hipermercados\\\/\"},\"author\":{\"name\":\"Pedro Santos\",\"@id\":\"https:\\\/\\\/www.vagadeempregorj.com.br\\\/#\\\/schema\\\/person\\\/ff7c1ede281066d35b2813eb13f662ef\"},\"headline\":\"Vagas de emprego Extra Hipermercados, adicione seu curr\u00edculo\",\"datePublished\":\"2023-08-24T03:04:00+00:00\",\"mainEntityOfPage\":{\"@id\":\"https:\\\/\\\/www.vagadeempregorj.com.br\\\/vagas-de-emprego-extra-hipermercados\\\/\"},\"wordCount\":392,\"image\":{\"@id\":\"https:\\\/\\\/www.vagadeempregorj.com.br\\\/vagas-de-emprego-extra-hipermercados\\\/#primaryimage\"},\"thumbnailUrl\":\"https:\\\/\\\/www.vagadeempregorj.com.br\\\/wp-content\\\/uploads\\\/2022\\\/03\\\/mercado-extra.jpg\",\"keywords\":[\"hipermercado extra\",\"vaga de emprego\"],\"articleSection\":[\"Vagas de Emprego Nacionais\"],\"inLanguage\":\"fr-FR\"},{\"@type\":\"WebPage\",\"@id\":\"https:\\\/\\\/www.vagadeempregorj.com.br\\\/vagas-de-emprego-extra-hipermercados\\\/\",\"url\":\"https:\\\/\\\/www.vagadeempregorj.com.br\\\/vagas-de-emprego-extra-hipermercados\\\/\",\"name\":\"Vagas de emprego Extra Hipermercados, adicione seu curr\u00edculo -\",\"isPartOf\":{\"@id\":\"https:\\\/\\\/www.vagadeempregorj.com.br\\\/#website\"},\"primaryImageOfPage\":{\"@id\":\"https:\\\/\\\/www.vagadeempregorj.com.br\\\/vagas-de-emprego-extra-hipermercados\\\/#primaryimage\"},\"image\":{\"@id\":\"https:\\\/\\\/www.vagadeempregorj.com.br\\\/vagas-de-emprego-extra-hipermercados\\\/#primaryimage\"},\"thumbnailUrl\":\"https:\\\/\\\/www.vagadeempregorj.com.br\\\/wp-content\\\/uploads\\\/2022\\\/03\\\/mercado-extra.jpg\",\"datePublished\":\"2023-08-24T03:04:00+00:00\",\"author\":{\"@id\":\"https:\\\/\\\/www.vagadeempregorj.com.br\\\/#\\\/schema\\\/person\\\/ff7c1ede281066d35b2813eb13f662ef\"},\"description\":\"Vagas de emprego Extra Hipermercados, al\u00e9m da aba \u201cmercados\u201d, empresa permite que seus clientes vendam e garante cart\u00e3o alimenta\u00e7\u00e3o.\",\"breadcrumb\":{\"@id\":\"https:\\\/\\\/www.vagadeempregorj.com.br\\\/vagas-de-emprego-extra-hipermercados\\\/#breadcrumb\"},\"inLanguage\":\"fr-FR\",\"potentialAction\":[{\"@type\":\"ReadAction\",\"target\":[\"https:\\\/\\\/www.vagadeempregorj.com.br\\\/vagas-de-emprego-extra-hipermercados\\\/\"]}]},{\"@type\":\"ImageObject\",\"inLanguage\":\"fr-FR\",\"@id\":\"https:\\\/\\\/www.vagadeempregorj.com.br\\\/vagas-de-emprego-extra-hipermercados\\\/#primaryimage\",\"url\":\"https:\\\/\\\/www.vagadeempregorj.com.br\\\/wp-content\\\/uploads\\\/2022\\\/03\\\/mercado-extra.jpg\",\"contentUrl\":\"https:\\\/\\\/www.vagadeempregorj.com.br\\\/wp-content\\\/uploads\\\/2022\\\/03\\\/mercado-extra.jpg\",\"width\":1200,\"height\":675,\"caption\":\"mercado extra\"},{\"@type\":\"BreadcrumbList\",\"@id\":\"https:\\\/\\\/www.vagadeempregorj.com.br\\\/vagas-de-emprego-extra-hipermercados\\\/#breadcrumb\",\"itemListElement\":[{\"@type\":\"ListItem\",\"position\":1,\"name\":\"In\u00edcio\",\"item\":\"https:\\\/\\\/www.vagadeempregorj.com.br\\\/\"},{\"@type\":\"ListItem\",\"position\":2,\"name\":\"Vagas de Emprego Nacionais\",\"item\":\"https:\\\/\\\/www.vagadeempregorj.com.br\\\/vagas-de-emprego-nacionais\\\/\"},{\"@type\":\"ListItem\",\"position\":3,\"name\":\"Vagas de emprego Extra Hipermercados, adicione seu curr\u00edculo\"}]},{\"@type\":\"WebSite\",\"@id\":\"https:\\\/\\\/www.vagadeempregorj.com.br\\\/#website\",\"url\":\"https:\\\/\\\/www.vagadeempregorj.com.br\\\/\",\"name\":\"\",\"description\":\"Conquiste Sonhos: Vagas, Benef\u00edcios e Economia para Transformar Vidas e Alcan\u00e7ar Melhorias Cotidianas\",\"potentialAction\":[{\"@type\":\"SearchAction\",\"target\":{\"@type\":\"EntryPoint\",\"urlTemplate\":\"https:\\\/\\\/www.vagadeempregorj.com.br\\\/?s={search_term_string}\"},\"query-input\":{\"@type\":\"PropertyValueSpecification\",\"valueRequired\":true,\"valueName\":\"search_term_string\"}}],\"inLanguage\":\"fr-FR\"},{\"@type\":\"Person\",\"@id\":\"https:\\\/\\\/www.vagadeempregorj.com.br\\\/#\\\/schema\\\/person\\\/ff7c1ede281066d35b2813eb13f662ef\",\"name\":\"Pedro Santos\",\"image\":{\"@type\":\"ImageObject\",\"inLanguage\":\"fr-FR\",\"@id\":\"https:\\\/\\\/secure.gravatar.com\\\/avatar\\\/0f569c1b80e91280c9dc54d2dec96d0c5562a072cef4b08b7e3807948546027c?s=96&r=g\",\"url\":\"https:\\\/\\\/secure.gravatar.com\\\/avatar\\\/0f569c1b80e91280c9dc54d2dec96d0c5562a072cef4b08b7e3807948546027c?s=96&r=g\",\"contentUrl\":\"https:\\\/\\\/secure.gravatar.com\\\/avatar\\\/0f569c1b80e91280c9dc54d2dec96d0c5562a072cef4b08b7e3807948546027c?s=96&r=g\",\"caption\":\"Pedro Santos\"},\"description\":\"Meu nome \u00e9 Pedro e sou redator. Dedico meu tempo escrevendo vagas de emprego diariamente no portal Vaga de Emprego RJ\",\"url\":\"https:\\\/\\\/www.vagadeempregorj.com.br\\\/fr\\\/author\\\/fabio\\\/\"}]}<\/script>\n<!-- \/ Yoast SEO plugin. -->","yoast_head_json":{"title":"Vagas de emprego Extra Hipermercados, adicione seu curr\u00edculo -","description":"Vagas de emprego Extra Hipermercados, al\u00e9m da aba \u201cmercados\u201d, empresa permite que seus clientes vendam e garante cart\u00e3o alimenta\u00e7\u00e3o.","robots":{"index":"index","follow":"follow","max-snippet":"max-snippet:-1","max-image-preview":"max-image-preview:large","max-video-preview":"max-video-preview:-1"},"canonical":"https:\/\/www.vagadeempregorj.com.br\/fr\/vagas-de-emprego-extra-hipermercados\/","og_locale":"fr_FR","og_type":"article","og_title":"Vagas de emprego Extra Hipermercados, adicione seu curr\u00edculo -","og_description":"Vagas de emprego Extra Hipermercados, al\u00e9m da aba \u201cmercados\u201d, empresa permite que seus clientes vendam e garante cart\u00e3o alimenta\u00e7\u00e3o.","og_url":"https:\/\/www.vagadeempregorj.com.br\/fr\/vagas-de-emprego-extra-hipermercados\/","article_publisher":"https:\/\/www.facebook.com\/empregobrasiloficial","article_published_time":"2023-08-24T03:04:00+00:00","og_image":[{"width":1200,"height":675,"url":"https:\/\/www.vagadeempregorj.com.br\/wp-content\/uploads\/2022\/03\/mercado-extra.jpg","type":"image\/jpeg"}],"author":"Pedro Santos","twitter_card":"summary_large_image","twitter_misc":{"Written by":"Pedro Santos","Est. reading time":"3 minutes"},"schema":{"@context":"https:\/\/schema.org","@graph":[{"@type":"Article","@id":"https:\/\/www.vagadeempregorj.com.br\/vagas-de-emprego-extra-hipermercados\/#article","isPartOf":{"@id":"https:\/\/www.vagadeempregorj.com.br\/vagas-de-emprego-extra-hipermercados\/"},"author":{"name":"Pedro Santos","@id":"https:\/\/www.vagadeempregorj.com.br\/#\/schema\/person\/ff7c1ede281066d35b2813eb13f662ef"},"headline":"Vagas de emprego Extra Hipermercados, adicione seu curr\u00edculo","datePublished":"2023-08-24T03:04:00+00:00","mainEntityOfPage":{"@id":"https:\/\/www.vagadeempregorj.com.br\/vagas-de-emprego-extra-hipermercados\/"},"wordCount":392,"image":{"@id":"https:\/\/www.vagadeempregorj.com.br\/vagas-de-emprego-extra-hipermercados\/#primaryimage"},"thumbnailUrl":"https:\/\/www.vagadeempregorj.com.br\/wp-content\/uploads\/2022\/03\/mercado-extra.jpg","keywords":["hipermercado extra","vaga de emprego"],"articleSection":["Vagas de Emprego Nacionais"],"inLanguage":"fr-FR"},{"@type":"WebPage","@id":"https:\/\/www.vagadeempregorj.com.br\/vagas-de-emprego-extra-hipermercados\/","url":"https:\/\/www.vagadeempregorj.com.br\/vagas-de-emprego-extra-hipermercados\/","name":"Vagas de emprego Extra Hipermercados, adicione seu curr\u00edculo -","isPartOf":{"@id":"https:\/\/www.vagadeempregorj.com.br\/#website"},"primaryImageOfPage":{"@id":"https:\/\/www.vagadeempregorj.com.br\/vagas-de-emprego-extra-hipermercados\/#primaryimage"},"image":{"@id":"https:\/\/www.vagadeempregorj.com.br\/vagas-de-emprego-extra-hipermercados\/#primaryimage"},"thumbnailUrl":"https:\/\/www.vagadeempregorj.com.br\/wp-content\/uploads\/2022\/03\/mercado-extra.jpg","datePublished":"2023-08-24T03:04:00+00:00","author":{"@id":"https:\/\/www.vagadeempregorj.com.br\/#\/schema\/person\/ff7c1ede281066d35b2813eb13f662ef"},"description":"Vagas de emprego Extra Hipermercados, al\u00e9m da aba \u201cmercados\u201d, empresa permite que seus clientes vendam e garante cart\u00e3o alimenta\u00e7\u00e3o.","breadcrumb":{"@id":"https:\/\/www.vagadeempregorj.com.br\/vagas-de-emprego-extra-hipermercados\/#breadcrumb"},"inLanguage":"fr-FR","potentialAction":[{"@type":"ReadAction","target":["https:\/\/www.vagadeempregorj.com.br\/vagas-de-emprego-extra-hipermercados\/"]}]},{"@type":"ImageObject","inLanguage":"fr-FR","@id":"https:\/\/www.vagadeempregorj.com.br\/vagas-de-emprego-extra-hipermercados\/#primaryimage","url":"https:\/\/www.vagadeempregorj.com.br\/wp-content\/uploads\/2022\/03\/mercado-extra.jpg","contentUrl":"https:\/\/www.vagadeempregorj.com.br\/wp-content\/uploads\/2022\/03\/mercado-extra.jpg","width":1200,"height":675,"caption":"mercado extra"},{"@type":"BreadcrumbList","@id":"https:\/\/www.vagadeempregorj.com.br\/vagas-de-emprego-extra-hipermercados\/#breadcrumb","itemListElement":[{"@type":"ListItem","position":1,"name":"In\u00edcio","item":"https:\/\/www.vagadeempregorj.com.br\/"},{"@type":"ListItem","position":2,"name":"Vagas de Emprego Nacionais","item":"https:\/\/www.vagadeempregorj.com.br\/vagas-de-emprego-nacionais\/"},{"@type":"ListItem","position":3,"name":"Vagas de emprego Extra Hipermercados, adicione seu curr\u00edculo"}]},{"@type":"WebSite","@id":"https:\/\/www.vagadeempregorj.com.br\/#website","url":"https:\/\/www.vagadeempregorj.com.br\/","name":"","description":"Conquiste Sonhos: Vagas, Benef\u00edcios e Economia para Transformar Vidas e Alcan\u00e7ar Melhorias Cotidianas","potentialAction":[{"@type":"SearchAction","target":{"@type":"EntryPoint","urlTemplate":"https:\/\/www.vagadeempregorj.com.br\/?s={search_term_string}"},"query-input":{"@type":"PropertyValueSpecification","valueRequired":true,"valueName":"search_term_string"}}],"inLanguage":"fr-FR"},{"@type":"Person","@id":"https:\/\/www.vagadeempregorj.com.br\/#\/schema\/person\/ff7c1ede281066d35b2813eb13f662ef","name":"Pedro Santos","image":{"@type":"ImageObject","inLanguage":"fr-FR","@id":"https:\/\/secure.gravatar.com\/avatar\/0f569c1b80e91280c9dc54d2dec96d0c5562a072cef4b08b7e3807948546027c?s=96&r=g","url":"https:\/\/secure.gravatar.com\/avatar\/0f569c1b80e91280c9dc54d2dec96d0c5562a072cef4b08b7e3807948546027c?s=96&r=g","contentUrl":"https:\/\/secure.gravatar.com\/avatar\/0f569c1b80e91280c9dc54d2dec96d0c5562a072cef4b08b7e3807948546027c?s=96&r=g","caption":"Pedro Santos"},"description":"Meu nome \u00e9 Pedro e sou redator. Dedico meu tempo escrevendo vagas de emprego diariamente no portal Vaga de Emprego RJ","url":"https:\/\/www.vagadeempregorj.com.br\/fr\/author\/fabio\/"}]}},"_links":{"self":[{"href":"https:\/\/www.vagadeempregorj.com.br\/fr\/wp-json\/wp\/v2\/posts\/27107","targetHints":{"allow":["GET"]}}],"collection":[{"href":"https:\/\/www.vagadeempregorj.com.br\/fr\/wp-json\/wp\/v2\/posts"}],"about":[{"href":"https:\/\/www.vagadeempregorj.com.br\/fr\/wp-json\/wp\/v2\/types\/post"}],"author":[{"embeddable":true,"href":"https:\/\/www.vagadeempregorj.com.br\/fr\/wp-json\/wp\/v2\/users\/10"}],"replies":[{"embeddable":true,"href":"https:\/\/www.vagadeempregorj.com.br\/fr\/wp-json\/wp\/v2\/comments?post=27107"}],"version-history":[{"count":0,"href":"https:\/\/www.vagadeempregorj.com.br\/fr\/wp-json\/wp\/v2\/posts\/27107\/revisions"}],"wp:featuredmedia":[{"embeddable":true,"href":"https:\/\/www.vagadeempregorj.com.br\/fr\/wp-json\/wp\/v2\/media\/27117"}],"wp:attachment":[{"href":"https:\/\/www.vagadeempregorj.com.br\/fr\/wp-json\/wp\/v2\/media?parent=27107"}],"wp:term":[{"taxonomy":"category","embeddable":true,"href":"https:\/\/www.vagadeempregorj.com.br\/fr\/wp-json\/wp\/v2\/categories?post=27107"},{"taxonomy":"post_tag","embeddable":true,"href":"https:\/\/www.vagadeempregorj.com.br\/fr\/wp-json\/wp\/v2\/tags?post=27107"}],"curies":[{"name":"wp","href":"https:\/\/api.w.org\/{rel}","templated":true}]}}