{"id":27163,"date":"2023-08-24T00:01:00","date_gmt":"2023-08-24T03:01:00","guid":{"rendered":"https:\/\/www.vagadeempregorj.com.br\/?p=27163"},"modified":"2023-08-19T16:59:12","modified_gmt":"2023-08-19T19:59:12","slug":"vagas-de-emprego-minerva-foods","status":"publish","type":"post","link":"https:\/\/www.vagadeempregorj.com.br\/fr\/vagas-de-emprego-minerva-foods\/","title":{"rendered":"Auxiliar de produ\u00e7\u00e3o, Vendedor Externo e demais vagas na empresa Minerva Foods, veja"},"content":{"rendered":"<p>Atualizado<\/p>\n\n\n<div class=\"wp-block-post-date\"><time datetime=\"2023-08-24T00:01:00-03:00\">24\/08\/2023<\/time><\/div>\n\n\n<p>Vagas de emprego Minerva Foods, com marcas exclusivas para clientes internacionais e benef\u00edcios trabalhistas vari\u00e1veis.<br><br>A Minerva Foods \u00e9 uma grande exportadora de produtos aliment\u00edcios, al\u00e9m de servir ao mercado nacional, levando suas produ\u00e7\u00f5es para os grandes mercados e a\u00e7ougues.<br><br>No Brasil, as pessoas podem se candidatar a uma s\u00e9rie de vagas nessa empresa, incluindo:<\/p>\n\n\n\n<ul class=\"wp-block-list\">\n<li>Analista de controle de qualidade<\/li>\n\n\n\n<li>Especialista de qualidade<\/li>\n\n\n\n<li>Assistente de transportes<\/li>\n\n\n\n<li>Analista de planejamento e demanda global<\/li>\n\n\n\n<li>T\u00e9cnico em seguran\u00e7a do trabalho<\/li>\n\n\n\n<li>Analista de seguran\u00e7a da informa\u00e7\u00e3o<\/li>\n\n\n\n<li>Analista de log\u00edstica<\/li>\n\n\n\n<li>Coordenador de controle de qualidade<\/li>\n\n\n\n<li>Auxiliar de produ\u00e7\u00e3o<\/li>\n\n\n\n<li>Vendedor externo<\/li>\n\n\n\n<li>Analista de log\u00edstica internacional<\/li>\n\n\n\n<li>Gerente de Marketing marca e inova\u00e7\u00e3o<\/li>\n\n\n\n<li>Especialista em Desenvolvimento organizacional<\/li>\n\n\n\n<li>Analista de Bi<\/li>\n\n\n\n<li>Supervisor de controle de qualidade<\/li>\n\n\n\n<li>Coordenador de RH<\/li>\n\n\n\n<li>Supervisor de utilidades<\/li>\n\n\n\n<li>E outras<\/li>\n<\/ul>\n\n\n\n<p>Os benef\u00edcios que a Minerva Foods oferece n\u00e3o s\u00e3o muitos, ficando restritos, em muitas vagas, a vale alimenta\u00e7\u00e3o e vale transporte.<\/p>\n\n\n\n<p>\u00c9 preciso prestar aten\u00e7\u00e3o porque h\u00e1 algumas oportunidades na empresa que s\u00e3o completamente home office.<\/p>\n\n\n\n<div class=\"wp-block-buttons is-horizontal is-content-justification-center is-layout-flex wp-container-core-buttons-is-layout-499968f5 wp-block-buttons-is-layout-flex\">\n<div class=\"wp-block-button\"><a class=\"wp-block-button__link has-black-color has-text-color has-background wp-element-button\" href=\"https:\/\/www.vagadeempregorj.com.br\/fr\/enviando-seu-curriculo-rapidamente\/\" style=\"background:linear-gradient(2deg,rgb(255,134,50) 64%,rgb(255,197,71) 100%)\"><strong>VEJA COMO SE CANDIDATAR<\/strong><\/a><\/div>\n<\/div>\n\n\n\n<h2 class=\"wp-block-heading\"><strong>Vagas de emprego Minerva Foods, como se inscrever<\/strong><\/h2>\n\n\n\n<p>Para concorrer aos empregos na Minerva Foods, \u00e9 s\u00f3 acessar <a href=\"https:\/\/trabalheconosco.vagas.com.br\/minerva-foods\/oportunidades\">https:\/\/trabalheconosco.vagas.com.br\/minerva-foods\/oportunidades<\/a> e ir abrindo cada uma das vagas que estiverem informadas.<\/p>\n\n\n\n<p>Logo de cara, os candidatos podem verificar qual \u00e9 o regime de contrata\u00e7\u00e3o, escolhendo aquele que condiz mais com as suas expectativas.<\/p>\n\n\n\n<p>Cabe destacar que alguns dos cargos na empresa est\u00e3o associados a mais benef\u00edcios do que os outros.<\/p>\n\n\n\n<h2 class=\"wp-block-heading\"><strong>Vagas de emprego Minerva Foods, descubra mais sobre a Minerva Foods<\/strong><\/h2>\n\n\n\n<p>A Minerva Foods trabalha com carnes de v\u00e1rios tipos, oferecendo aos seus consumidores os produtos feitos com essa prote\u00edna e a sua vers\u00e3o in natura.<\/p>\n\n\n\n<p>Apenas para o processamento das carnes, a empresa tem tr\u00eas unidades, demonstrando todo o seu investimento em promover ao cliente uma quantidade grande de produtos.<\/p>\n\n\n\n<p>N\u00e3o \u00e9 \u00e0 toa que h\u00e1 consumidores em toda a Am\u00e9rica do Sul aguardando pelos produtos da Minerva Foods.<\/p>\n\n\n\n<p>Destacando que, no Brasil, as suas marcas s\u00e3o Minerva Angus, Minerva Tradicional, Minerva Sele\u00e7\u00e3o, Est\u00e2ncia 92 e outras.<\/p>\n\n\n\n<p>Al\u00e9m disso, a empresa tamb\u00e9m tem uma linha de azeites que se chama Azeite Alma Lusa.<\/p>\n\n\n\n<p>Salienta-se que os clientes internacionais da empresa t\u00eam acesso a algumas marcas diferentes, incluindo La Blanca.<\/p>\n\n\n\n<div class=\"wp-block-buttons is-horizontal is-content-justification-center is-layout-flex wp-container-core-buttons-is-layout-499968f5 wp-block-buttons-is-layout-flex\">\n<div class=\"wp-block-button\"><a class=\"wp-block-button__link has-black-color has-text-color has-background wp-element-button\" href=\"https:\/\/www.vagadeempregorj.com.br\/fr\/vagas-de-emprego-nacionais\/\" style=\"border-radius:29px;background:linear-gradient(2deg,rgb(255,134,50) 60%,rgb(255,197,71) 100%)\"><strong>VEJA NOVAS VAGAS PARA SE CANDIDATAR<\/strong><\/a><\/div>\n<\/div>","protected":false},"excerpt":{"rendered":"<p>Vagas de emprego Minerva Foods, com marcas exclusivas para clientes internacionais e benef\u00edcios trabalhistas vari\u00e1veis.<\/p>","protected":false},"author":10,"featured_media":27167,"comment_status":"closed","ping_status":"closed","sticky":false,"template":"","format":"standard","meta":{"neve_meta_sidebar":"","neve_meta_container":"","neve_meta_enable_content_width":"","neve_meta_content_width":0,"neve_meta_title_alignment":"","neve_meta_author_avatar":"","neve_post_elements_order":"","neve_meta_disable_header":"","neve_meta_disable_footer":"","neve_meta_disable_title":"","footnotes":""},"categories":[123],"tags":[286,147],"class_list":["post-27163","post","type-post","status-publish","format-standard","has-post-thumbnail","hentry","category-vagas-de-emprego-nacionais","tag-minerva-foods","tag-vaga-de-emprego"],"yoast_head":"<!-- This site is optimized with the Yoast SEO plugin v27.5 - https:\/\/yoast.com\/product\/yoast-seo-wordpress\/ -->\n<title>Auxiliar de produ\u00e7\u00e3o, Vendedor Externo e demais vagas na empresa Minerva Foods, veja -<\/title>\n<meta name=\"description\" content=\"Vagas de emprego Minerva Foods, com marcas exclusivas para clientes internacionais e benef\u00edcios trabalhistas vari\u00e1veis.\" \/>\n<meta name=\"robots\" content=\"index, follow, max-snippet:-1, max-image-preview:large, max-video-preview:-1\" \/>\n<link rel=\"canonical\" href=\"https:\/\/www.vagadeempregorj.com.br\/fr\/vagas-de-emprego-minerva-foods\/\" \/>\n<meta property=\"og:locale\" content=\"fr_FR\" \/>\n<meta property=\"og:type\" content=\"article\" \/>\n<meta property=\"og:title\" content=\"Auxiliar de produ\u00e7\u00e3o, Vendedor Externo e demais vagas na empresa Minerva Foods, veja -\" \/>\n<meta property=\"og:description\" content=\"Vagas de emprego Minerva Foods, com marcas exclusivas para clientes internacionais e benef\u00edcios trabalhistas vari\u00e1veis.\" \/>\n<meta property=\"og:url\" content=\"https:\/\/www.vagadeempregorj.com.br\/fr\/vagas-de-emprego-minerva-foods\/\" \/>\n<meta property=\"article:publisher\" content=\"https:\/\/www.facebook.com\/empregobrasiloficial\" \/>\n<meta property=\"article:published_time\" content=\"2023-08-24T03:01:00+00:00\" \/>\n<meta property=\"og:image\" content=\"https:\/\/www.vagadeempregorj.com.br\/wp-content\/uploads\/2022\/04\/minerva.jpg\" \/>\n\t<meta property=\"og:image:width\" content=\"1200\" \/>\n\t<meta property=\"og:image:height\" content=\"675\" \/>\n\t<meta property=\"og:image:type\" content=\"image\/jpeg\" \/>\n<meta name=\"author\" content=\"Pedro Santos\" \/>\n<meta name=\"twitter:card\" content=\"summary_large_image\" \/>\n<meta name=\"twitter:label1\" content=\"Written by\" \/>\n\t<meta name=\"twitter:data1\" content=\"Pedro Santos\" \/>\n\t<meta name=\"twitter:label2\" content=\"Est. reading time\" \/>\n\t<meta name=\"twitter:data2\" content=\"3 minutes\" \/>\n<script type=\"application\/ld+json\" class=\"yoast-schema-graph\">{\"@context\":\"https:\\\/\\\/schema.org\",\"@graph\":[{\"@type\":\"Article\",\"@id\":\"https:\\\/\\\/www.vagadeempregorj.com.br\\\/vagas-de-emprego-minerva-foods\\\/#article\",\"isPartOf\":{\"@id\":\"https:\\\/\\\/www.vagadeempregorj.com.br\\\/vagas-de-emprego-minerva-foods\\\/\"},\"author\":{\"name\":\"Pedro Santos\",\"@id\":\"https:\\\/\\\/www.vagadeempregorj.com.br\\\/#\\\/schema\\\/person\\\/ff7c1ede281066d35b2813eb13f662ef\"},\"headline\":\"Auxiliar de produ\u00e7\u00e3o, Vendedor Externo e demais vagas na empresa Minerva Foods, veja\",\"datePublished\":\"2023-08-24T03:01:00+00:00\",\"mainEntityOfPage\":{\"@id\":\"https:\\\/\\\/www.vagadeempregorj.com.br\\\/vagas-de-emprego-minerva-foods\\\/\"},\"wordCount\":419,\"image\":{\"@id\":\"https:\\\/\\\/www.vagadeempregorj.com.br\\\/vagas-de-emprego-minerva-foods\\\/#primaryimage\"},\"thumbnailUrl\":\"https:\\\/\\\/www.vagadeempregorj.com.br\\\/wp-content\\\/uploads\\\/2022\\\/04\\\/minerva.jpg\",\"keywords\":[\"minerva foods\",\"vaga de emprego\"],\"articleSection\":[\"Vagas de Emprego Nacionais\"],\"inLanguage\":\"fr-FR\"},{\"@type\":\"WebPage\",\"@id\":\"https:\\\/\\\/www.vagadeempregorj.com.br\\\/vagas-de-emprego-minerva-foods\\\/\",\"url\":\"https:\\\/\\\/www.vagadeempregorj.com.br\\\/vagas-de-emprego-minerva-foods\\\/\",\"name\":\"Auxiliar de produ\u00e7\u00e3o, Vendedor Externo e demais vagas na empresa Minerva Foods, veja -\",\"isPartOf\":{\"@id\":\"https:\\\/\\\/www.vagadeempregorj.com.br\\\/#website\"},\"primaryImageOfPage\":{\"@id\":\"https:\\\/\\\/www.vagadeempregorj.com.br\\\/vagas-de-emprego-minerva-foods\\\/#primaryimage\"},\"image\":{\"@id\":\"https:\\\/\\\/www.vagadeempregorj.com.br\\\/vagas-de-emprego-minerva-foods\\\/#primaryimage\"},\"thumbnailUrl\":\"https:\\\/\\\/www.vagadeempregorj.com.br\\\/wp-content\\\/uploads\\\/2022\\\/04\\\/minerva.jpg\",\"datePublished\":\"2023-08-24T03:01:00+00:00\",\"author\":{\"@id\":\"https:\\\/\\\/www.vagadeempregorj.com.br\\\/#\\\/schema\\\/person\\\/ff7c1ede281066d35b2813eb13f662ef\"},\"description\":\"Vagas de emprego Minerva Foods, com marcas exclusivas para clientes internacionais e benef\u00edcios trabalhistas vari\u00e1veis.\",\"breadcrumb\":{\"@id\":\"https:\\\/\\\/www.vagadeempregorj.com.br\\\/vagas-de-emprego-minerva-foods\\\/#breadcrumb\"},\"inLanguage\":\"fr-FR\",\"potentialAction\":[{\"@type\":\"ReadAction\",\"target\":[\"https:\\\/\\\/www.vagadeempregorj.com.br\\\/vagas-de-emprego-minerva-foods\\\/\"]}]},{\"@type\":\"ImageObject\",\"inLanguage\":\"fr-FR\",\"@id\":\"https:\\\/\\\/www.vagadeempregorj.com.br\\\/vagas-de-emprego-minerva-foods\\\/#primaryimage\",\"url\":\"https:\\\/\\\/www.vagadeempregorj.com.br\\\/wp-content\\\/uploads\\\/2022\\\/04\\\/minerva.jpg\",\"contentUrl\":\"https:\\\/\\\/www.vagadeempregorj.com.br\\\/wp-content\\\/uploads\\\/2022\\\/04\\\/minerva.jpg\",\"width\":1200,\"height\":675,\"caption\":\"minerva\"},{\"@type\":\"BreadcrumbList\",\"@id\":\"https:\\\/\\\/www.vagadeempregorj.com.br\\\/vagas-de-emprego-minerva-foods\\\/#breadcrumb\",\"itemListElement\":[{\"@type\":\"ListItem\",\"position\":1,\"name\":\"In\u00edcio\",\"item\":\"https:\\\/\\\/www.vagadeempregorj.com.br\\\/\"},{\"@type\":\"ListItem\",\"position\":2,\"name\":\"Vagas de Emprego Nacionais\",\"item\":\"https:\\\/\\\/www.vagadeempregorj.com.br\\\/vagas-de-emprego-nacionais\\\/\"},{\"@type\":\"ListItem\",\"position\":3,\"name\":\"Auxiliar de produ\u00e7\u00e3o, Vendedor Externo e demais vagas na empresa Minerva Foods, veja\"}]},{\"@type\":\"WebSite\",\"@id\":\"https:\\\/\\\/www.vagadeempregorj.com.br\\\/#website\",\"url\":\"https:\\\/\\\/www.vagadeempregorj.com.br\\\/\",\"name\":\"\",\"description\":\"Conquiste Sonhos: Vagas, Benef\u00edcios e Economia para Transformar Vidas e Alcan\u00e7ar Melhorias Cotidianas\",\"potentialAction\":[{\"@type\":\"SearchAction\",\"target\":{\"@type\":\"EntryPoint\",\"urlTemplate\":\"https:\\\/\\\/www.vagadeempregorj.com.br\\\/?s={search_term_string}\"},\"query-input\":{\"@type\":\"PropertyValueSpecification\",\"valueRequired\":true,\"valueName\":\"search_term_string\"}}],\"inLanguage\":\"fr-FR\"},{\"@type\":\"Person\",\"@id\":\"https:\\\/\\\/www.vagadeempregorj.com.br\\\/#\\\/schema\\\/person\\\/ff7c1ede281066d35b2813eb13f662ef\",\"name\":\"Pedro Santos\",\"image\":{\"@type\":\"ImageObject\",\"inLanguage\":\"fr-FR\",\"@id\":\"https:\\\/\\\/secure.gravatar.com\\\/avatar\\\/0f569c1b80e91280c9dc54d2dec96d0c5562a072cef4b08b7e3807948546027c?s=96&r=g\",\"url\":\"https:\\\/\\\/secure.gravatar.com\\\/avatar\\\/0f569c1b80e91280c9dc54d2dec96d0c5562a072cef4b08b7e3807948546027c?s=96&r=g\",\"contentUrl\":\"https:\\\/\\\/secure.gravatar.com\\\/avatar\\\/0f569c1b80e91280c9dc54d2dec96d0c5562a072cef4b08b7e3807948546027c?s=96&r=g\",\"caption\":\"Pedro Santos\"},\"description\":\"Meu nome \u00e9 Pedro e sou redator. Dedico meu tempo escrevendo vagas de emprego diariamente no portal Vaga de Emprego RJ\",\"url\":\"https:\\\/\\\/www.vagadeempregorj.com.br\\\/fr\\\/author\\\/fabio\\\/\"}]}<\/script>\n<!-- \/ Yoast SEO plugin. -->","yoast_head_json":{"title":"Auxiliar de produ\u00e7\u00e3o, Vendedor Externo e demais vagas na empresa Minerva Foods, veja -","description":"Vagas de emprego Minerva Foods, com marcas exclusivas para clientes internacionais e benef\u00edcios trabalhistas vari\u00e1veis.","robots":{"index":"index","follow":"follow","max-snippet":"max-snippet:-1","max-image-preview":"max-image-preview:large","max-video-preview":"max-video-preview:-1"},"canonical":"https:\/\/www.vagadeempregorj.com.br\/fr\/vagas-de-emprego-minerva-foods\/","og_locale":"fr_FR","og_type":"article","og_title":"Auxiliar de produ\u00e7\u00e3o, Vendedor Externo e demais vagas na empresa Minerva Foods, veja -","og_description":"Vagas de emprego Minerva Foods, com marcas exclusivas para clientes internacionais e benef\u00edcios trabalhistas vari\u00e1veis.","og_url":"https:\/\/www.vagadeempregorj.com.br\/fr\/vagas-de-emprego-minerva-foods\/","article_publisher":"https:\/\/www.facebook.com\/empregobrasiloficial","article_published_time":"2023-08-24T03:01:00+00:00","og_image":[{"width":1200,"height":675,"url":"https:\/\/www.vagadeempregorj.com.br\/wp-content\/uploads\/2022\/04\/minerva.jpg","type":"image\/jpeg"}],"author":"Pedro Santos","twitter_card":"summary_large_image","twitter_misc":{"Written by":"Pedro Santos","Est. reading time":"3 minutes"},"schema":{"@context":"https:\/\/schema.org","@graph":[{"@type":"Article","@id":"https:\/\/www.vagadeempregorj.com.br\/vagas-de-emprego-minerva-foods\/#article","isPartOf":{"@id":"https:\/\/www.vagadeempregorj.com.br\/vagas-de-emprego-minerva-foods\/"},"author":{"name":"Pedro Santos","@id":"https:\/\/www.vagadeempregorj.com.br\/#\/schema\/person\/ff7c1ede281066d35b2813eb13f662ef"},"headline":"Auxiliar de produ\u00e7\u00e3o, Vendedor Externo e demais vagas na empresa Minerva Foods, veja","datePublished":"2023-08-24T03:01:00+00:00","mainEntityOfPage":{"@id":"https:\/\/www.vagadeempregorj.com.br\/vagas-de-emprego-minerva-foods\/"},"wordCount":419,"image":{"@id":"https:\/\/www.vagadeempregorj.com.br\/vagas-de-emprego-minerva-foods\/#primaryimage"},"thumbnailUrl":"https:\/\/www.vagadeempregorj.com.br\/wp-content\/uploads\/2022\/04\/minerva.jpg","keywords":["minerva foods","vaga de emprego"],"articleSection":["Vagas de Emprego Nacionais"],"inLanguage":"fr-FR"},{"@type":"WebPage","@id":"https:\/\/www.vagadeempregorj.com.br\/vagas-de-emprego-minerva-foods\/","url":"https:\/\/www.vagadeempregorj.com.br\/vagas-de-emprego-minerva-foods\/","name":"Auxiliar de produ\u00e7\u00e3o, Vendedor Externo e demais vagas na empresa Minerva Foods, veja -","isPartOf":{"@id":"https:\/\/www.vagadeempregorj.com.br\/#website"},"primaryImageOfPage":{"@id":"https:\/\/www.vagadeempregorj.com.br\/vagas-de-emprego-minerva-foods\/#primaryimage"},"image":{"@id":"https:\/\/www.vagadeempregorj.com.br\/vagas-de-emprego-minerva-foods\/#primaryimage"},"thumbnailUrl":"https:\/\/www.vagadeempregorj.com.br\/wp-content\/uploads\/2022\/04\/minerva.jpg","datePublished":"2023-08-24T03:01:00+00:00","author":{"@id":"https:\/\/www.vagadeempregorj.com.br\/#\/schema\/person\/ff7c1ede281066d35b2813eb13f662ef"},"description":"Vagas de emprego Minerva Foods, com marcas exclusivas para clientes internacionais e benef\u00edcios trabalhistas vari\u00e1veis.","breadcrumb":{"@id":"https:\/\/www.vagadeempregorj.com.br\/vagas-de-emprego-minerva-foods\/#breadcrumb"},"inLanguage":"fr-FR","potentialAction":[{"@type":"ReadAction","target":["https:\/\/www.vagadeempregorj.com.br\/vagas-de-emprego-minerva-foods\/"]}]},{"@type":"ImageObject","inLanguage":"fr-FR","@id":"https:\/\/www.vagadeempregorj.com.br\/vagas-de-emprego-minerva-foods\/#primaryimage","url":"https:\/\/www.vagadeempregorj.com.br\/wp-content\/uploads\/2022\/04\/minerva.jpg","contentUrl":"https:\/\/www.vagadeempregorj.com.br\/wp-content\/uploads\/2022\/04\/minerva.jpg","width":1200,"height":675,"caption":"minerva"},{"@type":"BreadcrumbList","@id":"https:\/\/www.vagadeempregorj.com.br\/vagas-de-emprego-minerva-foods\/#breadcrumb","itemListElement":[{"@type":"ListItem","position":1,"name":"In\u00edcio","item":"https:\/\/www.vagadeempregorj.com.br\/"},{"@type":"ListItem","position":2,"name":"Vagas de Emprego Nacionais","item":"https:\/\/www.vagadeempregorj.com.br\/vagas-de-emprego-nacionais\/"},{"@type":"ListItem","position":3,"name":"Auxiliar de produ\u00e7\u00e3o, Vendedor Externo e demais vagas na empresa Minerva Foods, veja"}]},{"@type":"WebSite","@id":"https:\/\/www.vagadeempregorj.com.br\/#website","url":"https:\/\/www.vagadeempregorj.com.br\/","name":"","description":"Conquiste Sonhos: Vagas, Benef\u00edcios e Economia para Transformar Vidas e Alcan\u00e7ar Melhorias Cotidianas","potentialAction":[{"@type":"SearchAction","target":{"@type":"EntryPoint","urlTemplate":"https:\/\/www.vagadeempregorj.com.br\/?s={search_term_string}"},"query-input":{"@type":"PropertyValueSpecification","valueRequired":true,"valueName":"search_term_string"}}],"inLanguage":"fr-FR"},{"@type":"Person","@id":"https:\/\/www.vagadeempregorj.com.br\/#\/schema\/person\/ff7c1ede281066d35b2813eb13f662ef","name":"Pedro Santos","image":{"@type":"ImageObject","inLanguage":"fr-FR","@id":"https:\/\/secure.gravatar.com\/avatar\/0f569c1b80e91280c9dc54d2dec96d0c5562a072cef4b08b7e3807948546027c?s=96&r=g","url":"https:\/\/secure.gravatar.com\/avatar\/0f569c1b80e91280c9dc54d2dec96d0c5562a072cef4b08b7e3807948546027c?s=96&r=g","contentUrl":"https:\/\/secure.gravatar.com\/avatar\/0f569c1b80e91280c9dc54d2dec96d0c5562a072cef4b08b7e3807948546027c?s=96&r=g","caption":"Pedro Santos"},"description":"Meu nome \u00e9 Pedro e sou redator. Dedico meu tempo escrevendo vagas de emprego diariamente no portal Vaga de Emprego RJ","url":"https:\/\/www.vagadeempregorj.com.br\/fr\/author\/fabio\/"}]}},"_links":{"self":[{"href":"https:\/\/www.vagadeempregorj.com.br\/fr\/wp-json\/wp\/v2\/posts\/27163","targetHints":{"allow":["GET"]}}],"collection":[{"href":"https:\/\/www.vagadeempregorj.com.br\/fr\/wp-json\/wp\/v2\/posts"}],"about":[{"href":"https:\/\/www.vagadeempregorj.com.br\/fr\/wp-json\/wp\/v2\/types\/post"}],"author":[{"embeddable":true,"href":"https:\/\/www.vagadeempregorj.com.br\/fr\/wp-json\/wp\/v2\/users\/10"}],"replies":[{"embeddable":true,"href":"https:\/\/www.vagadeempregorj.com.br\/fr\/wp-json\/wp\/v2\/comments?post=27163"}],"version-history":[{"count":0,"href":"https:\/\/www.vagadeempregorj.com.br\/fr\/wp-json\/wp\/v2\/posts\/27163\/revisions"}],"wp:featuredmedia":[{"embeddable":true,"href":"https:\/\/www.vagadeempregorj.com.br\/fr\/wp-json\/wp\/v2\/media\/27167"}],"wp:attachment":[{"href":"https:\/\/www.vagadeempregorj.com.br\/fr\/wp-json\/wp\/v2\/media?parent=27163"}],"wp:term":[{"taxonomy":"category","embeddable":true,"href":"https:\/\/www.vagadeempregorj.com.br\/fr\/wp-json\/wp\/v2\/categories?post=27163"},{"taxonomy":"post_tag","embeddable":true,"href":"https:\/\/www.vagadeempregorj.com.br\/fr\/wp-json\/wp\/v2\/tags?post=27163"}],"curies":[{"name":"wp","href":"https:\/\/api.w.org\/{rel}","templated":true}]}}