{"id":27197,"date":"2023-08-25T00:04:00","date_gmt":"2023-08-25T03:04:00","guid":{"rendered":"https:\/\/www.vagadeempregorj.com.br\/?p=27197"},"modified":"2023-12-15T13:57:32","modified_gmt":"2023-12-15T16:57:32","slug":"vagas-operador-analistas-e-demais-vagas-na-cvc","status":"publish","type":"post","link":"https:\/\/www.vagadeempregorj.com.br\/fr\/vagas-operador-analistas-e-demais-vagas-na-cvc\/","title":{"rendered":"Vagas: operador, analistas e demais vagas na CVC, veja vagas dispon\u00edveis"},"content":{"rendered":"<p>Atualizado<\/p>\n\n\n<div class=\"wp-block-post-date\"><time datetime=\"2023-08-25T00:04:00-03:00\">25\/08\/2023<\/time><\/div>\n\n\n<p>Vagas de emprego CVC, ela trabalha com viagens para destinos diversos e inclusive hospedagem.<\/p>\n\n\n\n<p>A CVC \u00e9 uma das principais ag\u00eancias de viagem em atividade no Brasil, oferecendo aos seus clientes a venda de passagens para o exterior dom\u00e9sticos.<br><br>A empresa se compromete a ajudar os seus clientes a organizar todo o seu passeio comprando entradas antecipadas para eventos, reservando hospedagem e garantindo transfer.<br><br>Muitas unidades da CVC est\u00e3o localizadas pelo pa\u00eds e as vagas de trabalho nessa rede s\u00e3o:<\/p>\n\n\n\n<ul class=\"wp-block-list\">\n<li>Especialista em expans\u00e3o<\/li>\n\n\n\n<li>Banco de talentos para portadores de defici\u00eancia<\/li>\n\n\n\n<li>Analista de experi\u00eancia do cliente<\/li>\n\n\n\n<li>Data Analytics<\/li>\n\n\n\n<li>Gerente de planejamento de produtos<\/li>\n\n\n\n<li>Analista de planejamento financeiro<\/li>\n\n\n\n<li>Operador<\/li>\n\n\n\n<li>Desenvolvedor backend<\/li>\n\n\n\n<li>Consultor de vendas<\/li>\n\n\n\n<li>Gerente regional de vendas<\/li>\n\n\n\n<li>Analista data Science<\/li>\n\n\n\n<li>E mais<\/li>\n<\/ul>\n\n\n\n<p>Seus benef\u00edcios s\u00e3o: descontos em pacotes, VR, plano de sa\u00fade, conv\u00eanio farm\u00e1cia, VA, plano odontol\u00f3gico, seguro de vida, Incentivo em educa\u00e7\u00e3o e Universidade Corporativa.<\/p>\n\n\n\n<div class=\"wp-block-buttons is-horizontal is-content-justification-center is-layout-flex wp-container-core-buttons-is-layout-499968f5 wp-block-buttons-is-layout-flex\">\n<div class=\"wp-block-button\"><a class=\"wp-block-button__link has-black-color has-text-color has-background wp-element-button\" href=\"https:\/\/www.vagadeempregorj.com.br\/fr\/enviando-seu-curriculo-rapidamente\/\" style=\"background:linear-gradient(2deg,rgb(255,134,50) 64%,rgb(255,197,71) 100%)\"><strong>VEJA COMO SE CANDIDATAR<\/strong><\/a><\/div>\n<\/div>\n\n\n\n<h2 class=\"wp-block-heading\"><strong>Vagas de emprego CVC, como se inscrever<\/strong><\/h2>\n\n\n\n<p>Para concorrer \u00e0s oportunidades na CVC \u00e9 preciso acessar o site <a href=\"https:\/\/www.cvc.com.br\/\" target=\"_blank\" rel=\"noreferrer noopener\">https:\/\/www.cvc.com.br\/<\/a> role para baixo at\u00e9 o rodap\u00e9 do site, procure e clique no link <strong>Trabalhe Conosco<\/strong>.<\/p>\n\n\n\n<p>Site da CVC: <a href=\"https:\/\/www.cvc.com.br\/\" target=\"_blank\" rel=\"noreferrer noopener\"><strong>https:\/\/www.cvc.com.br\/<\/strong><\/a><\/p>\n\n\n\n<p>A CVC pode ser acompanhada tamb\u00e9m por meio do seu perfil no LinkedIn, que \u00e9 o <a href=\"https:\/\/www.linkedin.com\/company\/cvc\/\">https:\/\/www.linkedin.com\/company\/cvc\/<\/a>.<\/p>\n\n\n\n<h2 class=\"wp-block-heading\"><strong>Descubra mais sobre a CVC<\/strong><\/h2>\n\n\n\n<p>Com v\u00e1rias franquias pelo pa\u00eds e oferecendo aos seus consumidores os melhores servi\u00e7os quando o assunto \u00e9 viagem.<\/p>\n\n\n\n<p>A CVC surgiu na d\u00e9cada de 70 e ela trabalha com muitos tipos de passeios, como os de cruzeiros.<\/p>\n\n\n\n<p>Um diferencial dessa ag\u00eancia \u00e9 que ela \u00e9 uma das que mais oferecem destinos aos seus clientes, mesmo que n\u00e3o sejam, destinos tradicionais de viagens.<\/p>\n\n\n\n<p>Os pr\u00eamios que essa ag\u00eancia j\u00e1 recebeu s\u00e3o os seguintes: Pr\u00eamio Top Seller Credicard, Trof\u00e9u Minha Sereia Credicard e Pr\u00eamio Outstanding Support South African Airways.<\/p>\n\n\n\n<div class=\"wp-block-buttons is-horizontal is-content-justification-center is-layout-flex wp-container-core-buttons-is-layout-499968f5 wp-block-buttons-is-layout-flex\">\n<div class=\"wp-block-button\"><a class=\"wp-block-button__link has-black-color has-text-color has-background wp-element-button\" href=\"https:\/\/www.vagadeempregorj.com.br\/fr\/vagas-de-emprego-nacionais\/\" style=\"border-radius:29px;background:linear-gradient(2deg,rgb(255,134,50) 60%,rgb(255,197,71) 100%)\"><strong>VEJA NOVAS VAGAS PARA SE CANDIDATAR<\/strong><\/a><\/div>\n<\/div>","protected":false},"excerpt":{"rendered":"<p>Benef\u00edcios s\u00e3o: descontos em pacotes, VR, plano de sa\u00fade, conv\u00eanio farm\u00e1cia, VA, plano odontol\u00f3gico, seguro de vida, Incentivo em educa\u00e7\u00e3o e Universidade Corporativa.<\/p>","protected":false},"author":10,"featured_media":27230,"comment_status":"closed","ping_status":"closed","sticky":false,"template":"","format":"standard","meta":{"neve_meta_sidebar":"","neve_meta_container":"","neve_meta_enable_content_width":"","neve_meta_content_width":0,"neve_meta_title_alignment":"","neve_meta_author_avatar":"","neve_post_elements_order":"","neve_meta_disable_header":"","neve_meta_disable_footer":"","neve_meta_disable_title":"","footnotes":""},"categories":[123],"tags":[293,147],"class_list":["post-27197","post","type-post","status-publish","format-standard","has-post-thumbnail","hentry","category-vagas-de-emprego-nacionais","tag-cvc","tag-vaga-de-emprego"],"yoast_head":"<!-- This site is optimized with the Yoast SEO plugin v27.5 - https:\/\/yoast.com\/product\/yoast-seo-wordpress\/ -->\n<title>Vagas: operador, analistas e demais vagas na CVC, veja vagas dispon\u00edveis -<\/title>\n<meta name=\"description\" content=\"Benef\u00edcios: descontos em pacotes, VR, plano de sa\u00fade, conv\u00eanio farm\u00e1cia, VA, plano odont., seguro vida, Incentivo educa\u00e7\u00e3o e Univ. Corp.\" \/>\n<meta name=\"robots\" content=\"index, follow, max-snippet:-1, max-image-preview:large, max-video-preview:-1\" \/>\n<link rel=\"canonical\" href=\"https:\/\/www.vagadeempregorj.com.br\/fr\/vagas-operador-analistas-e-demais-vagas-na-cvc\/\" \/>\n<meta property=\"og:locale\" content=\"fr_FR\" \/>\n<meta property=\"og:type\" content=\"article\" \/>\n<meta property=\"og:title\" content=\"Vagas: operador, analistas e demais vagas na CVC, veja vagas dispon\u00edveis -\" \/>\n<meta property=\"og:description\" content=\"Benef\u00edcios: descontos em pacotes, VR, plano de sa\u00fade, conv\u00eanio farm\u00e1cia, VA, plano odont., seguro vida, Incentivo educa\u00e7\u00e3o e Univ. Corp.\" \/>\n<meta property=\"og:url\" content=\"https:\/\/www.vagadeempregorj.com.br\/fr\/vagas-operador-analistas-e-demais-vagas-na-cvc\/\" \/>\n<meta property=\"article:publisher\" content=\"https:\/\/www.facebook.com\/empregobrasiloficial\" \/>\n<meta property=\"article:published_time\" content=\"2023-08-25T03:04:00+00:00\" \/>\n<meta property=\"article:modified_time\" content=\"2023-12-15T16:57:32+00:00\" \/>\n<meta property=\"og:image\" content=\"https:\/\/www.vagadeempregorj.com.br\/wp-content\/uploads\/2022\/04\/cvc.jpg\" \/>\n\t<meta property=\"og:image:width\" content=\"1200\" \/>\n\t<meta property=\"og:image:height\" content=\"675\" \/>\n\t<meta property=\"og:image:type\" content=\"image\/jpeg\" \/>\n<meta name=\"author\" content=\"Pedro Santos\" \/>\n<meta name=\"twitter:card\" content=\"summary_large_image\" \/>\n<meta name=\"twitter:label1\" content=\"Written by\" \/>\n\t<meta name=\"twitter:data1\" content=\"Pedro Santos\" \/>\n\t<meta name=\"twitter:label2\" content=\"Est. reading time\" \/>\n\t<meta name=\"twitter:data2\" content=\"2 minutes\" \/>\n<script type=\"application\/ld+json\" class=\"yoast-schema-graph\">{\"@context\":\"https:\\\/\\\/schema.org\",\"@graph\":[{\"@type\":\"Article\",\"@id\":\"https:\\\/\\\/www.vagadeempregorj.com.br\\\/vagas-operador-analistas-e-demais-vagas-na-cvc\\\/#article\",\"isPartOf\":{\"@id\":\"https:\\\/\\\/www.vagadeempregorj.com.br\\\/vagas-operador-analistas-e-demais-vagas-na-cvc\\\/\"},\"author\":{\"name\":\"Pedro Santos\",\"@id\":\"https:\\\/\\\/www.vagadeempregorj.com.br\\\/#\\\/schema\\\/person\\\/ff7c1ede281066d35b2813eb13f662ef\"},\"headline\":\"Vagas: operador, analistas e demais vagas na CVC, veja vagas dispon\u00edveis\",\"datePublished\":\"2023-08-25T03:04:00+00:00\",\"dateModified\":\"2023-12-15T16:57:32+00:00\",\"mainEntityOfPage\":{\"@id\":\"https:\\\/\\\/www.vagadeempregorj.com.br\\\/vagas-operador-analistas-e-demais-vagas-na-cvc\\\/\"},\"wordCount\":349,\"image\":{\"@id\":\"https:\\\/\\\/www.vagadeempregorj.com.br\\\/vagas-operador-analistas-e-demais-vagas-na-cvc\\\/#primaryimage\"},\"thumbnailUrl\":\"https:\\\/\\\/www.vagadeempregorj.com.br\\\/wp-content\\\/uploads\\\/2022\\\/04\\\/cvc.jpg\",\"keywords\":[\"cvc\",\"vaga de emprego\"],\"articleSection\":[\"Vagas de Emprego Nacionais\"],\"inLanguage\":\"fr-FR\"},{\"@type\":\"WebPage\",\"@id\":\"https:\\\/\\\/www.vagadeempregorj.com.br\\\/vagas-operador-analistas-e-demais-vagas-na-cvc\\\/\",\"url\":\"https:\\\/\\\/www.vagadeempregorj.com.br\\\/vagas-operador-analistas-e-demais-vagas-na-cvc\\\/\",\"name\":\"Vagas: operador, analistas e demais vagas na CVC, veja vagas dispon\u00edveis -\",\"isPartOf\":{\"@id\":\"https:\\\/\\\/www.vagadeempregorj.com.br\\\/#website\"},\"primaryImageOfPage\":{\"@id\":\"https:\\\/\\\/www.vagadeempregorj.com.br\\\/vagas-operador-analistas-e-demais-vagas-na-cvc\\\/#primaryimage\"},\"image\":{\"@id\":\"https:\\\/\\\/www.vagadeempregorj.com.br\\\/vagas-operador-analistas-e-demais-vagas-na-cvc\\\/#primaryimage\"},\"thumbnailUrl\":\"https:\\\/\\\/www.vagadeempregorj.com.br\\\/wp-content\\\/uploads\\\/2022\\\/04\\\/cvc.jpg\",\"datePublished\":\"2023-08-25T03:04:00+00:00\",\"dateModified\":\"2023-12-15T16:57:32+00:00\",\"author\":{\"@id\":\"https:\\\/\\\/www.vagadeempregorj.com.br\\\/#\\\/schema\\\/person\\\/ff7c1ede281066d35b2813eb13f662ef\"},\"description\":\"Benef\u00edcios: descontos em pacotes, VR, plano de sa\u00fade, conv\u00eanio farm\u00e1cia, VA, plano odont., seguro vida, Incentivo educa\u00e7\u00e3o e Univ. Corp.\",\"breadcrumb\":{\"@id\":\"https:\\\/\\\/www.vagadeempregorj.com.br\\\/vagas-operador-analistas-e-demais-vagas-na-cvc\\\/#breadcrumb\"},\"inLanguage\":\"fr-FR\",\"potentialAction\":[{\"@type\":\"ReadAction\",\"target\":[\"https:\\\/\\\/www.vagadeempregorj.com.br\\\/vagas-operador-analistas-e-demais-vagas-na-cvc\\\/\"]}]},{\"@type\":\"ImageObject\",\"inLanguage\":\"fr-FR\",\"@id\":\"https:\\\/\\\/www.vagadeempregorj.com.br\\\/vagas-operador-analistas-e-demais-vagas-na-cvc\\\/#primaryimage\",\"url\":\"https:\\\/\\\/www.vagadeempregorj.com.br\\\/wp-content\\\/uploads\\\/2022\\\/04\\\/cvc.jpg\",\"contentUrl\":\"https:\\\/\\\/www.vagadeempregorj.com.br\\\/wp-content\\\/uploads\\\/2022\\\/04\\\/cvc.jpg\",\"width\":1200,\"height\":675,\"caption\":\"cvc\"},{\"@type\":\"BreadcrumbList\",\"@id\":\"https:\\\/\\\/www.vagadeempregorj.com.br\\\/vagas-operador-analistas-e-demais-vagas-na-cvc\\\/#breadcrumb\",\"itemListElement\":[{\"@type\":\"ListItem\",\"position\":1,\"name\":\"In\u00edcio\",\"item\":\"https:\\\/\\\/www.vagadeempregorj.com.br\\\/\"},{\"@type\":\"ListItem\",\"position\":2,\"name\":\"Vagas de Emprego Nacionais\",\"item\":\"https:\\\/\\\/www.vagadeempregorj.com.br\\\/vagas-de-emprego-nacionais\\\/\"},{\"@type\":\"ListItem\",\"position\":3,\"name\":\"Vagas: operador, analistas e demais vagas na CVC, veja vagas dispon\u00edveis\"}]},{\"@type\":\"WebSite\",\"@id\":\"https:\\\/\\\/www.vagadeempregorj.com.br\\\/#website\",\"url\":\"https:\\\/\\\/www.vagadeempregorj.com.br\\\/\",\"name\":\"\",\"description\":\"Conquiste Sonhos: Vagas, Benef\u00edcios e Economia para Transformar Vidas e Alcan\u00e7ar Melhorias Cotidianas\",\"potentialAction\":[{\"@type\":\"SearchAction\",\"target\":{\"@type\":\"EntryPoint\",\"urlTemplate\":\"https:\\\/\\\/www.vagadeempregorj.com.br\\\/?s={search_term_string}\"},\"query-input\":{\"@type\":\"PropertyValueSpecification\",\"valueRequired\":true,\"valueName\":\"search_term_string\"}}],\"inLanguage\":\"fr-FR\"},{\"@type\":\"Person\",\"@id\":\"https:\\\/\\\/www.vagadeempregorj.com.br\\\/#\\\/schema\\\/person\\\/ff7c1ede281066d35b2813eb13f662ef\",\"name\":\"Pedro Santos\",\"image\":{\"@type\":\"ImageObject\",\"inLanguage\":\"fr-FR\",\"@id\":\"https:\\\/\\\/secure.gravatar.com\\\/avatar\\\/0f569c1b80e91280c9dc54d2dec96d0c5562a072cef4b08b7e3807948546027c?s=96&r=g\",\"url\":\"https:\\\/\\\/secure.gravatar.com\\\/avatar\\\/0f569c1b80e91280c9dc54d2dec96d0c5562a072cef4b08b7e3807948546027c?s=96&r=g\",\"contentUrl\":\"https:\\\/\\\/secure.gravatar.com\\\/avatar\\\/0f569c1b80e91280c9dc54d2dec96d0c5562a072cef4b08b7e3807948546027c?s=96&r=g\",\"caption\":\"Pedro Santos\"},\"description\":\"Meu nome \u00e9 Pedro e sou redator. Dedico meu tempo escrevendo vagas de emprego diariamente no portal Vaga de Emprego RJ\",\"url\":\"https:\\\/\\\/www.vagadeempregorj.com.br\\\/fr\\\/author\\\/fabio\\\/\"}]}<\/script>\n<!-- \/ Yoast SEO plugin. -->","yoast_head_json":{"title":"Vagas: operador, analistas e demais vagas na CVC, veja vagas dispon\u00edveis -","description":"Benef\u00edcios: descontos em pacotes, VR, plano de sa\u00fade, conv\u00eanio farm\u00e1cia, VA, plano odont., seguro vida, Incentivo educa\u00e7\u00e3o e Univ. Corp.","robots":{"index":"index","follow":"follow","max-snippet":"max-snippet:-1","max-image-preview":"max-image-preview:large","max-video-preview":"max-video-preview:-1"},"canonical":"https:\/\/www.vagadeempregorj.com.br\/fr\/vagas-operador-analistas-e-demais-vagas-na-cvc\/","og_locale":"fr_FR","og_type":"article","og_title":"Vagas: operador, analistas e demais vagas na CVC, veja vagas dispon\u00edveis -","og_description":"Benef\u00edcios: descontos em pacotes, VR, plano de sa\u00fade, conv\u00eanio farm\u00e1cia, VA, plano odont., seguro vida, Incentivo educa\u00e7\u00e3o e Univ. Corp.","og_url":"https:\/\/www.vagadeempregorj.com.br\/fr\/vagas-operador-analistas-e-demais-vagas-na-cvc\/","article_publisher":"https:\/\/www.facebook.com\/empregobrasiloficial","article_published_time":"2023-08-25T03:04:00+00:00","article_modified_time":"2023-12-15T16:57:32+00:00","og_image":[{"width":1200,"height":675,"url":"https:\/\/www.vagadeempregorj.com.br\/wp-content\/uploads\/2022\/04\/cvc.jpg","type":"image\/jpeg"}],"author":"Pedro Santos","twitter_card":"summary_large_image","twitter_misc":{"Written by":"Pedro Santos","Est. reading time":"2 minutes"},"schema":{"@context":"https:\/\/schema.org","@graph":[{"@type":"Article","@id":"https:\/\/www.vagadeempregorj.com.br\/vagas-operador-analistas-e-demais-vagas-na-cvc\/#article","isPartOf":{"@id":"https:\/\/www.vagadeempregorj.com.br\/vagas-operador-analistas-e-demais-vagas-na-cvc\/"},"author":{"name":"Pedro Santos","@id":"https:\/\/www.vagadeempregorj.com.br\/#\/schema\/person\/ff7c1ede281066d35b2813eb13f662ef"},"headline":"Vagas: operador, analistas e demais vagas na CVC, veja vagas dispon\u00edveis","datePublished":"2023-08-25T03:04:00+00:00","dateModified":"2023-12-15T16:57:32+00:00","mainEntityOfPage":{"@id":"https:\/\/www.vagadeempregorj.com.br\/vagas-operador-analistas-e-demais-vagas-na-cvc\/"},"wordCount":349,"image":{"@id":"https:\/\/www.vagadeempregorj.com.br\/vagas-operador-analistas-e-demais-vagas-na-cvc\/#primaryimage"},"thumbnailUrl":"https:\/\/www.vagadeempregorj.com.br\/wp-content\/uploads\/2022\/04\/cvc.jpg","keywords":["cvc","vaga de emprego"],"articleSection":["Vagas de Emprego Nacionais"],"inLanguage":"fr-FR"},{"@type":"WebPage","@id":"https:\/\/www.vagadeempregorj.com.br\/vagas-operador-analistas-e-demais-vagas-na-cvc\/","url":"https:\/\/www.vagadeempregorj.com.br\/vagas-operador-analistas-e-demais-vagas-na-cvc\/","name":"Vagas: operador, analistas e demais vagas na CVC, veja vagas dispon\u00edveis -","isPartOf":{"@id":"https:\/\/www.vagadeempregorj.com.br\/#website"},"primaryImageOfPage":{"@id":"https:\/\/www.vagadeempregorj.com.br\/vagas-operador-analistas-e-demais-vagas-na-cvc\/#primaryimage"},"image":{"@id":"https:\/\/www.vagadeempregorj.com.br\/vagas-operador-analistas-e-demais-vagas-na-cvc\/#primaryimage"},"thumbnailUrl":"https:\/\/www.vagadeempregorj.com.br\/wp-content\/uploads\/2022\/04\/cvc.jpg","datePublished":"2023-08-25T03:04:00+00:00","dateModified":"2023-12-15T16:57:32+00:00","author":{"@id":"https:\/\/www.vagadeempregorj.com.br\/#\/schema\/person\/ff7c1ede281066d35b2813eb13f662ef"},"description":"Benef\u00edcios: descontos em pacotes, VR, plano de sa\u00fade, conv\u00eanio farm\u00e1cia, VA, plano odont., seguro vida, Incentivo educa\u00e7\u00e3o e Univ. Corp.","breadcrumb":{"@id":"https:\/\/www.vagadeempregorj.com.br\/vagas-operador-analistas-e-demais-vagas-na-cvc\/#breadcrumb"},"inLanguage":"fr-FR","potentialAction":[{"@type":"ReadAction","target":["https:\/\/www.vagadeempregorj.com.br\/vagas-operador-analistas-e-demais-vagas-na-cvc\/"]}]},{"@type":"ImageObject","inLanguage":"fr-FR","@id":"https:\/\/www.vagadeempregorj.com.br\/vagas-operador-analistas-e-demais-vagas-na-cvc\/#primaryimage","url":"https:\/\/www.vagadeempregorj.com.br\/wp-content\/uploads\/2022\/04\/cvc.jpg","contentUrl":"https:\/\/www.vagadeempregorj.com.br\/wp-content\/uploads\/2022\/04\/cvc.jpg","width":1200,"height":675,"caption":"cvc"},{"@type":"BreadcrumbList","@id":"https:\/\/www.vagadeempregorj.com.br\/vagas-operador-analistas-e-demais-vagas-na-cvc\/#breadcrumb","itemListElement":[{"@type":"ListItem","position":1,"name":"In\u00edcio","item":"https:\/\/www.vagadeempregorj.com.br\/"},{"@type":"ListItem","position":2,"name":"Vagas de Emprego Nacionais","item":"https:\/\/www.vagadeempregorj.com.br\/vagas-de-emprego-nacionais\/"},{"@type":"ListItem","position":3,"name":"Vagas: operador, analistas e demais vagas na CVC, veja vagas dispon\u00edveis"}]},{"@type":"WebSite","@id":"https:\/\/www.vagadeempregorj.com.br\/#website","url":"https:\/\/www.vagadeempregorj.com.br\/","name":"","description":"Conquiste Sonhos: Vagas, Benef\u00edcios e Economia para Transformar Vidas e Alcan\u00e7ar Melhorias Cotidianas","potentialAction":[{"@type":"SearchAction","target":{"@type":"EntryPoint","urlTemplate":"https:\/\/www.vagadeempregorj.com.br\/?s={search_term_string}"},"query-input":{"@type":"PropertyValueSpecification","valueRequired":true,"valueName":"search_term_string"}}],"inLanguage":"fr-FR"},{"@type":"Person","@id":"https:\/\/www.vagadeempregorj.com.br\/#\/schema\/person\/ff7c1ede281066d35b2813eb13f662ef","name":"Pedro Santos","image":{"@type":"ImageObject","inLanguage":"fr-FR","@id":"https:\/\/secure.gravatar.com\/avatar\/0f569c1b80e91280c9dc54d2dec96d0c5562a072cef4b08b7e3807948546027c?s=96&r=g","url":"https:\/\/secure.gravatar.com\/avatar\/0f569c1b80e91280c9dc54d2dec96d0c5562a072cef4b08b7e3807948546027c?s=96&r=g","contentUrl":"https:\/\/secure.gravatar.com\/avatar\/0f569c1b80e91280c9dc54d2dec96d0c5562a072cef4b08b7e3807948546027c?s=96&r=g","caption":"Pedro Santos"},"description":"Meu nome \u00e9 Pedro e sou redator. Dedico meu tempo escrevendo vagas de emprego diariamente no portal Vaga de Emprego RJ","url":"https:\/\/www.vagadeempregorj.com.br\/fr\/author\/fabio\/"}]}},"_links":{"self":[{"href":"https:\/\/www.vagadeempregorj.com.br\/fr\/wp-json\/wp\/v2\/posts\/27197","targetHints":{"allow":["GET"]}}],"collection":[{"href":"https:\/\/www.vagadeempregorj.com.br\/fr\/wp-json\/wp\/v2\/posts"}],"about":[{"href":"https:\/\/www.vagadeempregorj.com.br\/fr\/wp-json\/wp\/v2\/types\/post"}],"author":[{"embeddable":true,"href":"https:\/\/www.vagadeempregorj.com.br\/fr\/wp-json\/wp\/v2\/users\/10"}],"replies":[{"embeddable":true,"href":"https:\/\/www.vagadeempregorj.com.br\/fr\/wp-json\/wp\/v2\/comments?post=27197"}],"version-history":[{"count":0,"href":"https:\/\/www.vagadeempregorj.com.br\/fr\/wp-json\/wp\/v2\/posts\/27197\/revisions"}],"wp:featuredmedia":[{"embeddable":true,"href":"https:\/\/www.vagadeempregorj.com.br\/fr\/wp-json\/wp\/v2\/media\/27230"}],"wp:attachment":[{"href":"https:\/\/www.vagadeempregorj.com.br\/fr\/wp-json\/wp\/v2\/media?parent=27197"}],"wp:term":[{"taxonomy":"category","embeddable":true,"href":"https:\/\/www.vagadeempregorj.com.br\/fr\/wp-json\/wp\/v2\/categories?post=27197"},{"taxonomy":"post_tag","embeddable":true,"href":"https:\/\/www.vagadeempregorj.com.br\/fr\/wp-json\/wp\/v2\/tags?post=27197"}],"curies":[{"name":"wp","href":"https:\/\/api.w.org\/{rel}","templated":true}]}}