{"id":27221,"date":"2023-08-28T00:03:00","date_gmt":"2023-08-28T03:03:00","guid":{"rendered":"https:\/\/www.vagadeempregorj.com.br\/?p=27221"},"modified":"2025-01-18T20:55:13","modified_gmt":"2025-01-18T23:55:13","slug":"vagas-de-emprego-mcdonalds","status":"publish","type":"post","link":"https:\/\/www.vagadeempregorj.com.br\/fr\/vagas-de-emprego-mcdonalds\/","title":{"rendered":"Vagas de emprego McDonald&#8217;s, confira dispon\u00edvel para voc\u00ea"},"content":{"rendered":"<p>Atualizado<\/p>\n\n\n<div class=\"wp-block-post-date\"><time datetime=\"2023-08-28T00:03:00-03:00\">28\/08\/2023<\/time><\/div>\n\n\n<p>Vagas de emprego McDonald's, no setor corporativo da rede de fast foods tem v\u00e1rias oportunidades, sem contar vagas nos restaurantes.<\/p>\n\n\n\n<p>O McDonald\u2019s faz parte das principais redes de fast food do pa\u00eds, com lanches que s\u00e3o tradicionais e que s\u00e3o conhecidos pela maioria da popula\u00e7\u00e3o.<br><br>Entretanto, essa rede de restaurantes \u00e9 origin\u00e1ria dos Estados Unidos, marcando presen\u00e7a e, pa\u00edses de v\u00e1rios continentes.<br><br>Apesar da maioria das pessoas pensar nas vagas para atendente de restaurante, a verdade \u00e9 que h\u00e1 muitas outras possibilidades de carreira nessa rede:<\/p>\n\n\n\n<ul class=\"wp-block-list\">\n<li>Analista de tesouraria pleno<\/li>\n\n\n\n<li>T\u00e9cnico de manuten\u00e7\u00e3o<\/li>\n\n\n\n<li>Gerente de marketing<\/li>\n\n\n\n<li>Analista de sistemas<\/li>\n\n\n\n<li>Analista digital junior<\/li>\n\n\n\n<li>Estagi\u00e1rio de equipamentos<\/li>\n\n\n\n<li>Analista intel comercial<\/li>\n\n\n\n<li>E mais<\/li>\n<\/ul>\n\n\n\n<p>O McDonald\u2019s n\u00e3o determina que benef\u00edcios os seus funcion\u00e1rios recebem.<\/p>\n\n\n\n<div class=\"wp-block-buttons is-horizontal is-content-justification-center is-layout-flex wp-container-core-buttons-is-layout-499968f5 wp-block-buttons-is-layout-flex\">\n<div class=\"wp-block-button\"><a class=\"wp-block-button__link has-black-color has-text-color has-background wp-element-button\" href=\"https:\/\/www.vagadeempregorj.com.br\/fr\/enviando-seu-curriculo-rapidamente\/\" style=\"background:linear-gradient(2deg,rgb(255,134,50) 64%,rgb(255,197,71) 100%)\"><strong>VEJA COMO SE CANDIDATAR<\/strong><\/a><\/div>\n<\/div>\n\n\n\n<h2 class=\"wp-block-heading\"><strong>Vagas de emprego McDonald's, como se inscrever<\/strong><\/h2>\n\n\n\n<p>Algumas pessoas entregam seu curr\u00edculo pessoalmente nos restaurantes, \u00e9 a melhor estrat\u00e9gia. Contudo, n\u00e3o \u00e9 recomendado fazer isso, sendo mais eficiente acessar <a href=\"https:\/\/www.mcdonalds.com.br\/trabalhe-conosco\">https:\/\/www.mcdonalds.com.br\/trabalhe-conosco<\/a> e cadastrar-se.<\/p>\n\n\n\n<p>H\u00e1 uma \u00e1rea para quem quer trabalhar na se\u00e7\u00e3o corporativa do restaurante, entretanto nas vagas de atendimento podem se candidatar em outra \u00e1rea espec\u00edfica.<\/p>\n\n\n\n<p>Cabe dizer que o McDonald\u2019s \u00e9 conhecido pela contrata\u00e7\u00e3o de pessoas com defici\u00eancias de v\u00e1rios tipos, ou seja, esses profissionais tamb\u00e9m podem se cadastrar.<\/p>\n\n\n\n<h2 class=\"wp-block-heading\"><strong>Descubra mais sobre o McDonald\u2019s<\/strong><\/h2>\n\n\n\n<p>Com milhares de franquias no Brasil, tendo uma enorme rede de delivery, sendo poss\u00edvel fazer pedidos em aplicativo da empresa ou iFood, Uber Eats etc.<\/p>\n\n\n\n<p>\u00c9 claro que, no card\u00e1pio, as pessoas costumam encontrar lanches de todos os estilos, at\u00e9 para quem prefere carne branca.<\/p>\n\n\n\n<p>H\u00e1 combos especiais para as crian\u00e7as, diversos tipos de sobremesas pr\u00f3prias e molhos exclusivos, que os clientes n\u00e3o encontram em outras redes de fast food.<\/p>\n\n\n\n<p>Alguns pa\u00edses nos quais o McDonald\u2019s marca presen\u00e7a s\u00e3o Aruba, Equador, Col\u00f4mbia, Porto Rico, Trinidad & Tobago, Argentina, Peru e muito mais.<\/p>\n\n\n\n<p>A rede de fast food tem muitos projetos de sustentabilidade, como implementa\u00e7\u00e3o de reciclagem, emprego para pessoas jovens, programa de bem-estar para os seus colaboradores.<\/p>\n\n\n\n<div class=\"wp-block-buttons is-horizontal is-content-justification-center is-layout-flex wp-container-core-buttons-is-layout-499968f5 wp-block-buttons-is-layout-flex\">\n<div class=\"wp-block-button\"><a class=\"wp-block-button__link has-black-color has-text-color has-background wp-element-button\" href=\"https:\/\/www.vagadeempregorj.com.br\/fr\/vagas-de-emprego-nacionais\/\" style=\"border-radius:29px;background:linear-gradient(2deg,rgb(255,134,50) 60%,rgb(255,197,71) 100%)\"><strong>VEJA NOVAS VAGAS PARA SE CANDIDATAR<\/strong><\/a><\/div>\n<\/div>","protected":false},"excerpt":{"rendered":"<p>Vagas de emprego McDonald&#8217;s, no setor corporativo da rede de fast foods tem v\u00e1rias oportunidades, sem contar vagas nos restaurantes.<\/p>","protected":false},"author":10,"featured_media":27268,"comment_status":"closed","ping_status":"closed","sticky":false,"template":"","format":"standard","meta":{"neve_meta_sidebar":"","neve_meta_container":"","neve_meta_enable_content_width":"","neve_meta_content_width":0,"neve_meta_title_alignment":"","neve_meta_author_avatar":"","neve_post_elements_order":"","neve_meta_disable_header":"","neve_meta_disable_footer":"","neve_meta_disable_title":"","footnotes":""},"categories":[123],"tags":[296,147],"class_list":["post-27221","post","type-post","status-publish","format-standard","has-post-thumbnail","hentry","category-vagas-de-emprego-nacionais","tag-macdonalds","tag-vaga-de-emprego"],"yoast_head":"<!-- This site is optimized with the Yoast SEO plugin v27.5 - https:\/\/yoast.com\/product\/yoast-seo-wordpress\/ -->\n<title>Vagas de emprego McDonald&#039;s, confira dispon\u00edvel para voc\u00ea -<\/title>\n<meta name=\"description\" content=\"Vagas de emprego McDonald&#039;s, no setor corporativo da rede de fast foods tem v\u00e1rias oportunidades, sem contar vagas nos restaurantes.\" \/>\n<meta name=\"robots\" content=\"index, follow, max-snippet:-1, max-image-preview:large, max-video-preview:-1\" \/>\n<link rel=\"canonical\" href=\"https:\/\/www.vagadeempregorj.com.br\/fr\/vagas-de-emprego-mcdonalds\/\" \/>\n<meta property=\"og:locale\" content=\"fr_FR\" \/>\n<meta property=\"og:type\" content=\"article\" \/>\n<meta property=\"og:title\" content=\"Vagas de emprego McDonald&#039;s, confira dispon\u00edvel para voc\u00ea -\" \/>\n<meta property=\"og:description\" content=\"Vagas de emprego McDonald&#039;s, no setor corporativo da rede de fast foods tem v\u00e1rias oportunidades, sem contar vagas nos restaurantes.\" \/>\n<meta property=\"og:url\" content=\"https:\/\/www.vagadeempregorj.com.br\/fr\/vagas-de-emprego-mcdonalds\/\" \/>\n<meta property=\"article:publisher\" content=\"https:\/\/www.facebook.com\/empregobrasiloficial\" \/>\n<meta property=\"article:published_time\" content=\"2023-08-28T03:03:00+00:00\" \/>\n<meta property=\"article:modified_time\" content=\"2025-01-18T23:55:13+00:00\" \/>\n<meta property=\"og:image\" content=\"https:\/\/www.vagadeempregorj.com.br\/wp-content\/uploads\/2022\/04\/macdonalds.jpg\" \/>\n\t<meta property=\"og:image:width\" content=\"1200\" \/>\n\t<meta property=\"og:image:height\" content=\"675\" \/>\n\t<meta property=\"og:image:type\" content=\"image\/jpeg\" \/>\n<meta name=\"author\" content=\"Pedro Santos\" \/>\n<meta name=\"twitter:card\" content=\"summary_large_image\" \/>\n<meta name=\"twitter:label1\" content=\"Written by\" \/>\n\t<meta name=\"twitter:data1\" content=\"Pedro Santos\" \/>\n\t<meta name=\"twitter:label2\" content=\"Est. reading time\" \/>\n\t<meta name=\"twitter:data2\" content=\"3 minutes\" \/>\n<script type=\"application\/ld+json\" class=\"yoast-schema-graph\">{\"@context\":\"https:\\\/\\\/schema.org\",\"@graph\":[{\"@type\":\"Article\",\"@id\":\"https:\\\/\\\/www.vagadeempregorj.com.br\\\/vagas-de-emprego-mcdonalds\\\/#article\",\"isPartOf\":{\"@id\":\"https:\\\/\\\/www.vagadeempregorj.com.br\\\/vagas-de-emprego-mcdonalds\\\/\"},\"author\":{\"name\":\"Pedro Santos\",\"@id\":\"https:\\\/\\\/www.vagadeempregorj.com.br\\\/#\\\/schema\\\/person\\\/ff7c1ede281066d35b2813eb13f662ef\"},\"headline\":\"Vagas de emprego McDonald&#8217;s, confira dispon\u00edvel para voc\u00ea\",\"datePublished\":\"2023-08-28T03:03:00+00:00\",\"dateModified\":\"2025-01-18T23:55:13+00:00\",\"mainEntityOfPage\":{\"@id\":\"https:\\\/\\\/www.vagadeempregorj.com.br\\\/vagas-de-emprego-mcdonalds\\\/\"},\"wordCount\":383,\"image\":{\"@id\":\"https:\\\/\\\/www.vagadeempregorj.com.br\\\/vagas-de-emprego-mcdonalds\\\/#primaryimage\"},\"thumbnailUrl\":\"https:\\\/\\\/www.vagadeempregorj.com.br\\\/wp-content\\\/uploads\\\/2022\\\/04\\\/macdonalds.jpg\",\"keywords\":[\"macdonalds\",\"vaga de emprego\"],\"articleSection\":[\"Vagas de Emprego Nacionais\"],\"inLanguage\":\"fr-FR\"},{\"@type\":\"WebPage\",\"@id\":\"https:\\\/\\\/www.vagadeempregorj.com.br\\\/vagas-de-emprego-mcdonalds\\\/\",\"url\":\"https:\\\/\\\/www.vagadeempregorj.com.br\\\/vagas-de-emprego-mcdonalds\\\/\",\"name\":\"Vagas de emprego McDonald's, confira dispon\u00edvel para voc\u00ea -\",\"isPartOf\":{\"@id\":\"https:\\\/\\\/www.vagadeempregorj.com.br\\\/#website\"},\"primaryImageOfPage\":{\"@id\":\"https:\\\/\\\/www.vagadeempregorj.com.br\\\/vagas-de-emprego-mcdonalds\\\/#primaryimage\"},\"image\":{\"@id\":\"https:\\\/\\\/www.vagadeempregorj.com.br\\\/vagas-de-emprego-mcdonalds\\\/#primaryimage\"},\"thumbnailUrl\":\"https:\\\/\\\/www.vagadeempregorj.com.br\\\/wp-content\\\/uploads\\\/2022\\\/04\\\/macdonalds.jpg\",\"datePublished\":\"2023-08-28T03:03:00+00:00\",\"dateModified\":\"2025-01-18T23:55:13+00:00\",\"author\":{\"@id\":\"https:\\\/\\\/www.vagadeempregorj.com.br\\\/#\\\/schema\\\/person\\\/ff7c1ede281066d35b2813eb13f662ef\"},\"description\":\"Vagas de emprego McDonald's, no setor corporativo da rede de fast foods tem v\u00e1rias oportunidades, sem contar vagas nos restaurantes.\",\"breadcrumb\":{\"@id\":\"https:\\\/\\\/www.vagadeempregorj.com.br\\\/vagas-de-emprego-mcdonalds\\\/#breadcrumb\"},\"inLanguage\":\"fr-FR\",\"potentialAction\":[{\"@type\":\"ReadAction\",\"target\":[\"https:\\\/\\\/www.vagadeempregorj.com.br\\\/vagas-de-emprego-mcdonalds\\\/\"]}]},{\"@type\":\"ImageObject\",\"inLanguage\":\"fr-FR\",\"@id\":\"https:\\\/\\\/www.vagadeempregorj.com.br\\\/vagas-de-emprego-mcdonalds\\\/#primaryimage\",\"url\":\"https:\\\/\\\/www.vagadeempregorj.com.br\\\/wp-content\\\/uploads\\\/2022\\\/04\\\/macdonalds.jpg\",\"contentUrl\":\"https:\\\/\\\/www.vagadeempregorj.com.br\\\/wp-content\\\/uploads\\\/2022\\\/04\\\/macdonalds.jpg\",\"width\":1200,\"height\":675,\"caption\":\"macdonalds\"},{\"@type\":\"BreadcrumbList\",\"@id\":\"https:\\\/\\\/www.vagadeempregorj.com.br\\\/vagas-de-emprego-mcdonalds\\\/#breadcrumb\",\"itemListElement\":[{\"@type\":\"ListItem\",\"position\":1,\"name\":\"In\u00edcio\",\"item\":\"https:\\\/\\\/www.vagadeempregorj.com.br\\\/\"},{\"@type\":\"ListItem\",\"position\":2,\"name\":\"Vagas de Emprego Nacionais\",\"item\":\"https:\\\/\\\/www.vagadeempregorj.com.br\\\/vagas-de-emprego-nacionais\\\/\"},{\"@type\":\"ListItem\",\"position\":3,\"name\":\"Vagas de emprego McDonald&#8217;s, confira dispon\u00edvel para voc\u00ea\"}]},{\"@type\":\"WebSite\",\"@id\":\"https:\\\/\\\/www.vagadeempregorj.com.br\\\/#website\",\"url\":\"https:\\\/\\\/www.vagadeempregorj.com.br\\\/\",\"name\":\"\",\"description\":\"Conquiste Sonhos: Vagas, Benef\u00edcios e Economia para Transformar Vidas e Alcan\u00e7ar Melhorias Cotidianas\",\"potentialAction\":[{\"@type\":\"SearchAction\",\"target\":{\"@type\":\"EntryPoint\",\"urlTemplate\":\"https:\\\/\\\/www.vagadeempregorj.com.br\\\/?s={search_term_string}\"},\"query-input\":{\"@type\":\"PropertyValueSpecification\",\"valueRequired\":true,\"valueName\":\"search_term_string\"}}],\"inLanguage\":\"fr-FR\"},{\"@type\":\"Person\",\"@id\":\"https:\\\/\\\/www.vagadeempregorj.com.br\\\/#\\\/schema\\\/person\\\/ff7c1ede281066d35b2813eb13f662ef\",\"name\":\"Pedro Santos\",\"image\":{\"@type\":\"ImageObject\",\"inLanguage\":\"fr-FR\",\"@id\":\"https:\\\/\\\/secure.gravatar.com\\\/avatar\\\/0f569c1b80e91280c9dc54d2dec96d0c5562a072cef4b08b7e3807948546027c?s=96&r=g\",\"url\":\"https:\\\/\\\/secure.gravatar.com\\\/avatar\\\/0f569c1b80e91280c9dc54d2dec96d0c5562a072cef4b08b7e3807948546027c?s=96&r=g\",\"contentUrl\":\"https:\\\/\\\/secure.gravatar.com\\\/avatar\\\/0f569c1b80e91280c9dc54d2dec96d0c5562a072cef4b08b7e3807948546027c?s=96&r=g\",\"caption\":\"Pedro Santos\"},\"description\":\"Meu nome \u00e9 Pedro e sou redator. Dedico meu tempo escrevendo vagas de emprego diariamente no portal Vaga de Emprego RJ\",\"url\":\"https:\\\/\\\/www.vagadeempregorj.com.br\\\/fr\\\/author\\\/fabio\\\/\"}]}<\/script>\n<!-- \/ Yoast SEO plugin. -->","yoast_head_json":{"title":"Vagas de emprego McDonald's, confira dispon\u00edvel para voc\u00ea -","description":"Vagas de emprego McDonald's, no setor corporativo da rede de fast foods tem v\u00e1rias oportunidades, sem contar vagas nos restaurantes.","robots":{"index":"index","follow":"follow","max-snippet":"max-snippet:-1","max-image-preview":"max-image-preview:large","max-video-preview":"max-video-preview:-1"},"canonical":"https:\/\/www.vagadeempregorj.com.br\/fr\/vagas-de-emprego-mcdonalds\/","og_locale":"fr_FR","og_type":"article","og_title":"Vagas de emprego McDonald's, confira dispon\u00edvel para voc\u00ea -","og_description":"Vagas de emprego McDonald's, no setor corporativo da rede de fast foods tem v\u00e1rias oportunidades, sem contar vagas nos restaurantes.","og_url":"https:\/\/www.vagadeempregorj.com.br\/fr\/vagas-de-emprego-mcdonalds\/","article_publisher":"https:\/\/www.facebook.com\/empregobrasiloficial","article_published_time":"2023-08-28T03:03:00+00:00","article_modified_time":"2025-01-18T23:55:13+00:00","og_image":[{"width":1200,"height":675,"url":"https:\/\/www.vagadeempregorj.com.br\/wp-content\/uploads\/2022\/04\/macdonalds.jpg","type":"image\/jpeg"}],"author":"Pedro Santos","twitter_card":"summary_large_image","twitter_misc":{"Written by":"Pedro Santos","Est. reading time":"3 minutes"},"schema":{"@context":"https:\/\/schema.org","@graph":[{"@type":"Article","@id":"https:\/\/www.vagadeempregorj.com.br\/vagas-de-emprego-mcdonalds\/#article","isPartOf":{"@id":"https:\/\/www.vagadeempregorj.com.br\/vagas-de-emprego-mcdonalds\/"},"author":{"name":"Pedro Santos","@id":"https:\/\/www.vagadeempregorj.com.br\/#\/schema\/person\/ff7c1ede281066d35b2813eb13f662ef"},"headline":"Vagas de emprego McDonald&#8217;s, confira dispon\u00edvel para voc\u00ea","datePublished":"2023-08-28T03:03:00+00:00","dateModified":"2025-01-18T23:55:13+00:00","mainEntityOfPage":{"@id":"https:\/\/www.vagadeempregorj.com.br\/vagas-de-emprego-mcdonalds\/"},"wordCount":383,"image":{"@id":"https:\/\/www.vagadeempregorj.com.br\/vagas-de-emprego-mcdonalds\/#primaryimage"},"thumbnailUrl":"https:\/\/www.vagadeempregorj.com.br\/wp-content\/uploads\/2022\/04\/macdonalds.jpg","keywords":["macdonalds","vaga de emprego"],"articleSection":["Vagas de Emprego Nacionais"],"inLanguage":"fr-FR"},{"@type":"WebPage","@id":"https:\/\/www.vagadeempregorj.com.br\/vagas-de-emprego-mcdonalds\/","url":"https:\/\/www.vagadeempregorj.com.br\/vagas-de-emprego-mcdonalds\/","name":"Vagas de emprego McDonald's, confira dispon\u00edvel para voc\u00ea -","isPartOf":{"@id":"https:\/\/www.vagadeempregorj.com.br\/#website"},"primaryImageOfPage":{"@id":"https:\/\/www.vagadeempregorj.com.br\/vagas-de-emprego-mcdonalds\/#primaryimage"},"image":{"@id":"https:\/\/www.vagadeempregorj.com.br\/vagas-de-emprego-mcdonalds\/#primaryimage"},"thumbnailUrl":"https:\/\/www.vagadeempregorj.com.br\/wp-content\/uploads\/2022\/04\/macdonalds.jpg","datePublished":"2023-08-28T03:03:00+00:00","dateModified":"2025-01-18T23:55:13+00:00","author":{"@id":"https:\/\/www.vagadeempregorj.com.br\/#\/schema\/person\/ff7c1ede281066d35b2813eb13f662ef"},"description":"Vagas de emprego McDonald's, no setor corporativo da rede de fast foods tem v\u00e1rias oportunidades, sem contar vagas nos restaurantes.","breadcrumb":{"@id":"https:\/\/www.vagadeempregorj.com.br\/vagas-de-emprego-mcdonalds\/#breadcrumb"},"inLanguage":"fr-FR","potentialAction":[{"@type":"ReadAction","target":["https:\/\/www.vagadeempregorj.com.br\/vagas-de-emprego-mcdonalds\/"]}]},{"@type":"ImageObject","inLanguage":"fr-FR","@id":"https:\/\/www.vagadeempregorj.com.br\/vagas-de-emprego-mcdonalds\/#primaryimage","url":"https:\/\/www.vagadeempregorj.com.br\/wp-content\/uploads\/2022\/04\/macdonalds.jpg","contentUrl":"https:\/\/www.vagadeempregorj.com.br\/wp-content\/uploads\/2022\/04\/macdonalds.jpg","width":1200,"height":675,"caption":"macdonalds"},{"@type":"BreadcrumbList","@id":"https:\/\/www.vagadeempregorj.com.br\/vagas-de-emprego-mcdonalds\/#breadcrumb","itemListElement":[{"@type":"ListItem","position":1,"name":"In\u00edcio","item":"https:\/\/www.vagadeempregorj.com.br\/"},{"@type":"ListItem","position":2,"name":"Vagas de Emprego Nacionais","item":"https:\/\/www.vagadeempregorj.com.br\/vagas-de-emprego-nacionais\/"},{"@type":"ListItem","position":3,"name":"Vagas de emprego McDonald&#8217;s, confira dispon\u00edvel para voc\u00ea"}]},{"@type":"WebSite","@id":"https:\/\/www.vagadeempregorj.com.br\/#website","url":"https:\/\/www.vagadeempregorj.com.br\/","name":"","description":"Conquiste Sonhos: Vagas, Benef\u00edcios e Economia para Transformar Vidas e Alcan\u00e7ar Melhorias Cotidianas","potentialAction":[{"@type":"SearchAction","target":{"@type":"EntryPoint","urlTemplate":"https:\/\/www.vagadeempregorj.com.br\/?s={search_term_string}"},"query-input":{"@type":"PropertyValueSpecification","valueRequired":true,"valueName":"search_term_string"}}],"inLanguage":"fr-FR"},{"@type":"Person","@id":"https:\/\/www.vagadeempregorj.com.br\/#\/schema\/person\/ff7c1ede281066d35b2813eb13f662ef","name":"Pedro Santos","image":{"@type":"ImageObject","inLanguage":"fr-FR","@id":"https:\/\/secure.gravatar.com\/avatar\/0f569c1b80e91280c9dc54d2dec96d0c5562a072cef4b08b7e3807948546027c?s=96&r=g","url":"https:\/\/secure.gravatar.com\/avatar\/0f569c1b80e91280c9dc54d2dec96d0c5562a072cef4b08b7e3807948546027c?s=96&r=g","contentUrl":"https:\/\/secure.gravatar.com\/avatar\/0f569c1b80e91280c9dc54d2dec96d0c5562a072cef4b08b7e3807948546027c?s=96&r=g","caption":"Pedro Santos"},"description":"Meu nome \u00e9 Pedro e sou redator. Dedico meu tempo escrevendo vagas de emprego diariamente no portal Vaga de Emprego RJ","url":"https:\/\/www.vagadeempregorj.com.br\/fr\/author\/fabio\/"}]}},"_links":{"self":[{"href":"https:\/\/www.vagadeempregorj.com.br\/fr\/wp-json\/wp\/v2\/posts\/27221","targetHints":{"allow":["GET"]}}],"collection":[{"href":"https:\/\/www.vagadeempregorj.com.br\/fr\/wp-json\/wp\/v2\/posts"}],"about":[{"href":"https:\/\/www.vagadeempregorj.com.br\/fr\/wp-json\/wp\/v2\/types\/post"}],"author":[{"embeddable":true,"href":"https:\/\/www.vagadeempregorj.com.br\/fr\/wp-json\/wp\/v2\/users\/10"}],"replies":[{"embeddable":true,"href":"https:\/\/www.vagadeempregorj.com.br\/fr\/wp-json\/wp\/v2\/comments?post=27221"}],"version-history":[{"count":0,"href":"https:\/\/www.vagadeempregorj.com.br\/fr\/wp-json\/wp\/v2\/posts\/27221\/revisions"}],"wp:featuredmedia":[{"embeddable":true,"href":"https:\/\/www.vagadeempregorj.com.br\/fr\/wp-json\/wp\/v2\/media\/27268"}],"wp:attachment":[{"href":"https:\/\/www.vagadeempregorj.com.br\/fr\/wp-json\/wp\/v2\/media?parent=27221"}],"wp:term":[{"taxonomy":"category","embeddable":true,"href":"https:\/\/www.vagadeempregorj.com.br\/fr\/wp-json\/wp\/v2\/categories?post=27221"},{"taxonomy":"post_tag","embeddable":true,"href":"https:\/\/www.vagadeempregorj.com.br\/fr\/wp-json\/wp\/v2\/tags?post=27221"}],"curies":[{"name":"wp","href":"https:\/\/api.w.org\/{rel}","templated":true}]}}