{"id":34673,"date":"2023-09-04T00:04:00","date_gmt":"2023-09-04T03:04:00","guid":{"rendered":"https:\/\/www.vagadeempregorj.com.br\/?p=34673"},"modified":"2023-09-03T11:22:34","modified_gmt":"2023-09-03T14:22:34","slug":"vagas-de-emprego-uniao-quimica","status":"publish","type":"post","link":"https:\/\/www.vagadeempregorj.com.br\/fr\/vagas-de-emprego-uniao-quimica\/","title":{"rendered":"Assistente Administrativo de Vendas, Operador de Corte e Vinco, Especialista Cont\u00e1bil, Coordenador de Costumer Service e muito mais na Empresa Uni\u00e3o Qu\u00edmica"},"content":{"rendered":"<p>Atualizado em<\/p>\n\n\n<div class=\"wp-block-post-date\"><time datetime=\"2023-09-04T00:04:00-03:00\">04\/09\/2023<\/time><\/div>\n\n\n<p>A Uni\u00e3o Qu\u00edmica \u00e9 uma empresa que usa seus laborat\u00f3rios para desenvolver medica\u00e7\u00f5es vendidas com e sem prescri\u00e7\u00e3o.&nbsp;<\/p>\n\n\n\n<p><\/p>\n\n\n\n<p>Seus produtos podem ser comprados nas farm\u00e1cias regularizadas e vale salientar que ela tamb\u00e9m tem segmento de solu\u00e7\u00f5es hospitalares e de produtos para uso veterin\u00e1rio.<\/p>\n\n\n\n<p>Possuindo autoriza\u00e7\u00e3o da Ag\u00eancia Nacional de Vigil\u00e2ncia Sanit\u00e1ria (ANVISA), esse laborat\u00f3rio conta com os melhores princ\u00edpios ativos para a elabora\u00e7\u00e3o das suas medica\u00e7\u00f5es, al\u00e9m de profissionais com ampla bagagem.<\/p>\n\n\n\n<p>As vagas de trabalho que a Uni\u00e3o Qu\u00edmica oferece atualmente s\u00e3o:<\/p>\n\n\n\n<ul class=\"wp-block-list\">\n<li>Assistente administrativo de vendas<\/li>\n\n\n\n<li>Analista de Seguran\u00e7a da Informa\u00e7\u00e3o<\/li>\n\n\n\n<li>Analista de planejamento de materiais<\/li>\n\n\n\n<li>Operador de corte e vinco autom\u00e1tico<\/li>\n\n\n\n<li>Analista de Pesquisa e Desenvolvimento<\/li>\n\n\n\n<li>Analista de documenta\u00e7\u00e3o de produ\u00e7\u00e3o<\/li>\n\n\n\n<li>Analista para assuntos regulat\u00f3rios<\/li>\n\n\n\n<li>Especialista cont\u00e1bil<\/li>\n\n\n\n<li>Coordenador de Costumer Service<\/li>\n\n\n\n<li>E mais<\/li>\n<\/ul>\n\n\n\n<p>A empresa farmac\u00eautica adapta os seus pacotes de benef\u00edcios, considerando diferentes fatores. Por\u00e9m, apenas nas entrevistas \u00e9 que s\u00e3o fornecidas explica\u00e7\u00f5es detalhadas.&nbsp;<\/p>\n\n\n\n<p><\/p>\n\n\n\n<div class=\"wp-block-buttons is-horizontal is-content-justification-center is-layout-flex wp-container-core-buttons-is-layout-499968f5 wp-block-buttons-is-layout-flex\">\n<div class=\"wp-block-button\"><a class=\"wp-block-button__link has-black-color has-text-color has-background wp-element-button\" href=\"https:\/\/www.vagadeempregorj.com.br\/fr\/enviando-seu-curriculo-rapidamente\/\" style=\"background:linear-gradient(2deg,rgb(255,134,50) 64%,rgb(255,197,71) 100%)\"><strong>VEJA COMO SE CANDIDATAR<\/strong><\/a><\/div>\n<\/div>\n\n\n\n<h2 class=\"wp-block-heading\"><strong>Como se inscrever<\/strong><\/h2>\n\n\n\n<p>Por meio de um cadastro gratuito no Vagas.com, o trabalhador manda o curr\u00edculo para a Uni\u00e3o Qu\u00edmica de modo bem f\u00e1cil e com a possibilidade de fazer candidatura a quantas oportunidades desejar: <a href=\"https:\/\/trabalheconosco.vagas.com.br\/uniao-quimica\/oportunidades\">https:\/\/trabalheconosco.vagas.com.br\/uniao-quimica\/oportunidades<\/a>.&nbsp;<\/p>\n\n\n\n<p>V\u00e1rias informa\u00e7\u00f5es sobre a empresa farmac\u00eautica s\u00e3o colocadas na linha do tempo do LinkedIn: <a href=\"https:\/\/br.linkedin.com\/company\/uniaoquimica\">https:\/\/br.linkedin.com\/company\/uniaoquimica<\/a>.&nbsp;<\/p>\n\n\n\n<h2 class=\"wp-block-heading\"><strong>Descubra mais sobre a Uni\u00e3o Qu\u00edmica<\/strong><\/h2>\n\n\n\n<p>Criada em 1936, a Uni\u00e3o Qu\u00edmica \u00e9 uma companhia laboratorial que atende \u00e0 ind\u00fastria veterin\u00e1ria, aos estabelecimentos m\u00e9dicos e aos hospitais, contando com nove instala\u00e7\u00f5es diferentes e oferecendo tratamento voltado a:<\/p>\n\n\n\n<ul class=\"wp-block-list\">\n<li>Sa\u00fade feminina<\/li>\n\n\n\n<li>Dor<\/li>\n\n\n\n<li>Sa\u00fade ocular<\/li>\n\n\n\n<li>Sistema nervoso central<\/li>\n\n\n\n<li>Cuidados com a pele<\/li>\n<\/ul>\n\n\n\n<p>Al\u00e9m disso, os produtos desse laborat\u00f3rio incluem compostos como Betaprospan, Cefalexina, Fenobarbital, Unimedrol e outros, que s\u00e3o ministrados por profissionais.&nbsp;<\/p>\n\n\n\n<p>A Uni\u00e3o Qu\u00edmica tamb\u00e9m costuma atender \u00e0 ind\u00fastria veterin\u00e1ria com medica\u00e7\u00f5es para animais de v\u00e1rios portes e cabe mencionar que a sua log\u00edstica conta com instala\u00e7\u00e3o pr\u00f3pria e totalmente equipada: \u00e9 o centro de distribui\u00e7\u00e3o.&nbsp;<\/p>\n\n\n\n<p>Os profissionais da sa\u00fade que desejarem dados mais completos sobre os produtos m\u00e9dicos da Uni\u00e3o Qu\u00edmica podem usar os canais de atendimento, havendo \u00e1rea de login para os j\u00e1 clientes.<\/p>\n\n\n\n<div class=\"wp-block-buttons is-horizontal is-content-justification-center is-layout-flex wp-container-core-buttons-is-layout-499968f5 wp-block-buttons-is-layout-flex\">\n<div class=\"wp-block-button\"><a class=\"wp-block-button__link has-black-color has-text-color has-background wp-element-button\" href=\"https:\/\/www.vagadeempregorj.com.br\/fr\/vagas-de-emprego-nacionais\/\" style=\"border-radius:29px;background:linear-gradient(2deg,rgb(255,134,50) 60%,rgb(255,197,71) 100%)\"><strong>VEJA NOVAS VAGAS PARA SE CANDIDATAR<\/strong><\/a><\/div>\n<\/div>","protected":false},"excerpt":{"rendered":"<p>Vagas de emprego Uni\u00e3o Qu\u00edmica. Esteja pronto para no ato da entrevista, em momento oportuno, negociar o sal\u00e1rio. Importante: entenda sobre a empresa, privilegie as raz\u00f5es para o valor em prol da empresa e n\u00e3o de argumentos pessoais, como: pagamento de financiamento, cart\u00e3o de cr\u00e9dito, faculdade, empr\u00e9stimo ou d\u00edvida. <\/p>","protected":false},"author":10,"featured_media":34687,"comment_status":"closed","ping_status":"closed","sticky":false,"template":"","format":"standard","meta":{"neve_meta_sidebar":"","neve_meta_container":"","neve_meta_enable_content_width":"","neve_meta_content_width":0,"neve_meta_title_alignment":"","neve_meta_author_avatar":"","neve_post_elements_order":"","neve_meta_disable_header":"","neve_meta_disable_footer":"","neve_meta_disable_title":"","footnotes":""},"categories":[123],"tags":[556,147],"class_list":["post-34673","post","type-post","status-publish","format-standard","has-post-thumbnail","hentry","category-vagas-de-emprego-nacionais","tag-uniao-quimica","tag-vaga-de-emprego"],"yoast_head":"<!-- This site is optimized with the Yoast SEO plugin v27.5 - https:\/\/yoast.com\/product\/yoast-seo-wordpress\/ -->\n<title>Assistente Administrativo de Vendas, Operador de Corte e Vinco, Especialista Cont\u00e1bil, Coordenador de Costumer Service e muito mais na Empresa Uni\u00e3o Qu\u00edmica -<\/title>\n<meta name=\"description\" content=\"Vagas de emprego Uni\u00e3o Qu\u00edmica. Esteja pronto para no ato da entrevista, em momento oportuno, negociar o sal\u00e1rio. Importante: entenda sobre...\" \/>\n<meta name=\"robots\" content=\"index, follow, max-snippet:-1, max-image-preview:large, max-video-preview:-1\" \/>\n<link rel=\"canonical\" href=\"https:\/\/www.vagadeempregorj.com.br\/fr\/vagas-de-emprego-uniao-quimica\/\" \/>\n<meta property=\"og:locale\" content=\"fr_FR\" \/>\n<meta property=\"og:type\" content=\"article\" \/>\n<meta property=\"og:title\" content=\"Assistente Administrativo de Vendas, Operador de Corte e Vinco, Especialista Cont\u00e1bil, Coordenador de Costumer Service e muito mais na Empresa Uni\u00e3o Qu\u00edmica -\" \/>\n<meta property=\"og:description\" content=\"Vagas de emprego Uni\u00e3o Qu\u00edmica. Esteja pronto para no ato da entrevista, em momento oportuno, negociar o sal\u00e1rio. Importante: entenda sobre...\" \/>\n<meta property=\"og:url\" content=\"https:\/\/www.vagadeempregorj.com.br\/fr\/vagas-de-emprego-uniao-quimica\/\" \/>\n<meta property=\"article:publisher\" content=\"https:\/\/www.facebook.com\/empregobrasiloficial\" \/>\n<meta property=\"article:published_time\" content=\"2023-09-04T03:04:00+00:00\" \/>\n<meta property=\"og:image\" content=\"https:\/\/www.vagadeempregorj.com.br\/wp-content\/uploads\/2022\/09\/Vagas-de-emprego-Uniao-Quimica.png\" \/>\n\t<meta property=\"og:image:width\" content=\"1200\" \/>\n\t<meta property=\"og:image:height\" content=\"675\" \/>\n\t<meta property=\"og:image:type\" content=\"image\/png\" \/>\n<meta name=\"author\" content=\"Pedro Santos\" \/>\n<meta name=\"twitter:card\" content=\"summary_large_image\" \/>\n<meta name=\"twitter:label1\" content=\"Written by\" \/>\n\t<meta name=\"twitter:data1\" content=\"Pedro Santos\" \/>\n\t<meta name=\"twitter:label2\" content=\"Est. reading time\" \/>\n\t<meta name=\"twitter:data2\" content=\"1 minute\" \/>\n<script type=\"application\/ld+json\" class=\"yoast-schema-graph\">{\"@context\":\"https:\\\/\\\/schema.org\",\"@graph\":[{\"@type\":\"Article\",\"@id\":\"https:\\\/\\\/www.vagadeempregorj.com.br\\\/vagas-de-emprego-uniao-quimica\\\/#article\",\"isPartOf\":{\"@id\":\"https:\\\/\\\/www.vagadeempregorj.com.br\\\/vagas-de-emprego-uniao-quimica\\\/\"},\"author\":{\"name\":\"Pedro Santos\",\"@id\":\"https:\\\/\\\/www.vagadeempregorj.com.br\\\/#\\\/schema\\\/person\\\/ff7c1ede281066d35b2813eb13f662ef\"},\"headline\":\"Assistente Administrativo de Vendas, Operador de Corte e Vinco, Especialista Cont\u00e1bil, Coordenador de Costumer Service e muito mais na Empresa Uni\u00e3o Qu\u00edmica\",\"datePublished\":\"2023-09-04T03:04:00+00:00\",\"mainEntityOfPage\":{\"@id\":\"https:\\\/\\\/www.vagadeempregorj.com.br\\\/vagas-de-emprego-uniao-quimica\\\/\"},\"wordCount\":449,\"image\":{\"@id\":\"https:\\\/\\\/www.vagadeempregorj.com.br\\\/vagas-de-emprego-uniao-quimica\\\/#primaryimage\"},\"thumbnailUrl\":\"https:\\\/\\\/www.vagadeempregorj.com.br\\\/wp-content\\\/uploads\\\/2022\\\/09\\\/Vagas-de-emprego-Uniao-Quimica.png\",\"keywords\":[\"Uni\u00e3o Qu\u00edmica\",\"vaga de emprego\"],\"articleSection\":[\"Vagas de Emprego Nacionais\"],\"inLanguage\":\"fr-FR\"},{\"@type\":\"WebPage\",\"@id\":\"https:\\\/\\\/www.vagadeempregorj.com.br\\\/vagas-de-emprego-uniao-quimica\\\/\",\"url\":\"https:\\\/\\\/www.vagadeempregorj.com.br\\\/vagas-de-emprego-uniao-quimica\\\/\",\"name\":\"Assistente Administrativo de Vendas, Operador de Corte e Vinco, Especialista Cont\u00e1bil, Coordenador de Costumer Service e muito mais na Empresa Uni\u00e3o Qu\u00edmica -\",\"isPartOf\":{\"@id\":\"https:\\\/\\\/www.vagadeempregorj.com.br\\\/#website\"},\"primaryImageOfPage\":{\"@id\":\"https:\\\/\\\/www.vagadeempregorj.com.br\\\/vagas-de-emprego-uniao-quimica\\\/#primaryimage\"},\"image\":{\"@id\":\"https:\\\/\\\/www.vagadeempregorj.com.br\\\/vagas-de-emprego-uniao-quimica\\\/#primaryimage\"},\"thumbnailUrl\":\"https:\\\/\\\/www.vagadeempregorj.com.br\\\/wp-content\\\/uploads\\\/2022\\\/09\\\/Vagas-de-emprego-Uniao-Quimica.png\",\"datePublished\":\"2023-09-04T03:04:00+00:00\",\"author\":{\"@id\":\"https:\\\/\\\/www.vagadeempregorj.com.br\\\/#\\\/schema\\\/person\\\/ff7c1ede281066d35b2813eb13f662ef\"},\"description\":\"Vagas de emprego Uni\u00e3o Qu\u00edmica. Esteja pronto para no ato da entrevista, em momento oportuno, negociar o sal\u00e1rio. Importante: entenda sobre...\",\"breadcrumb\":{\"@id\":\"https:\\\/\\\/www.vagadeempregorj.com.br\\\/vagas-de-emprego-uniao-quimica\\\/#breadcrumb\"},\"inLanguage\":\"fr-FR\",\"potentialAction\":[{\"@type\":\"ReadAction\",\"target\":[\"https:\\\/\\\/www.vagadeempregorj.com.br\\\/vagas-de-emprego-uniao-quimica\\\/\"]}]},{\"@type\":\"ImageObject\",\"inLanguage\":\"fr-FR\",\"@id\":\"https:\\\/\\\/www.vagadeempregorj.com.br\\\/vagas-de-emprego-uniao-quimica\\\/#primaryimage\",\"url\":\"https:\\\/\\\/www.vagadeempregorj.com.br\\\/wp-content\\\/uploads\\\/2022\\\/09\\\/Vagas-de-emprego-Uniao-Quimica.png\",\"contentUrl\":\"https:\\\/\\\/www.vagadeempregorj.com.br\\\/wp-content\\\/uploads\\\/2022\\\/09\\\/Vagas-de-emprego-Uniao-Quimica.png\",\"width\":1200,\"height\":675},{\"@type\":\"BreadcrumbList\",\"@id\":\"https:\\\/\\\/www.vagadeempregorj.com.br\\\/vagas-de-emprego-uniao-quimica\\\/#breadcrumb\",\"itemListElement\":[{\"@type\":\"ListItem\",\"position\":1,\"name\":\"In\u00edcio\",\"item\":\"https:\\\/\\\/www.vagadeempregorj.com.br\\\/\"},{\"@type\":\"ListItem\",\"position\":2,\"name\":\"Vagas de Emprego Nacionais\",\"item\":\"https:\\\/\\\/www.vagadeempregorj.com.br\\\/vagas-de-emprego-nacionais\\\/\"},{\"@type\":\"ListItem\",\"position\":3,\"name\":\"Assistente Administrativo de Vendas, Operador de Corte e Vinco, Especialista Cont\u00e1bil, Coordenador de Costumer Service e muito mais na Empresa Uni\u00e3o Qu\u00edmica\"}]},{\"@type\":\"WebSite\",\"@id\":\"https:\\\/\\\/www.vagadeempregorj.com.br\\\/#website\",\"url\":\"https:\\\/\\\/www.vagadeempregorj.com.br\\\/\",\"name\":\"\",\"description\":\"Conquiste Sonhos: Vagas, Benef\u00edcios e Economia para Transformar Vidas e Alcan\u00e7ar Melhorias Cotidianas\",\"potentialAction\":[{\"@type\":\"SearchAction\",\"target\":{\"@type\":\"EntryPoint\",\"urlTemplate\":\"https:\\\/\\\/www.vagadeempregorj.com.br\\\/?s={search_term_string}\"},\"query-input\":{\"@type\":\"PropertyValueSpecification\",\"valueRequired\":true,\"valueName\":\"search_term_string\"}}],\"inLanguage\":\"fr-FR\"},{\"@type\":\"Person\",\"@id\":\"https:\\\/\\\/www.vagadeempregorj.com.br\\\/#\\\/schema\\\/person\\\/ff7c1ede281066d35b2813eb13f662ef\",\"name\":\"Pedro Santos\",\"image\":{\"@type\":\"ImageObject\",\"inLanguage\":\"fr-FR\",\"@id\":\"https:\\\/\\\/secure.gravatar.com\\\/avatar\\\/0f569c1b80e91280c9dc54d2dec96d0c5562a072cef4b08b7e3807948546027c?s=96&r=g\",\"url\":\"https:\\\/\\\/secure.gravatar.com\\\/avatar\\\/0f569c1b80e91280c9dc54d2dec96d0c5562a072cef4b08b7e3807948546027c?s=96&r=g\",\"contentUrl\":\"https:\\\/\\\/secure.gravatar.com\\\/avatar\\\/0f569c1b80e91280c9dc54d2dec96d0c5562a072cef4b08b7e3807948546027c?s=96&r=g\",\"caption\":\"Pedro Santos\"},\"description\":\"Meu nome \u00e9 Pedro e sou redator. Dedico meu tempo escrevendo vagas de emprego diariamente no portal Vaga de Emprego RJ\",\"url\":\"https:\\\/\\\/www.vagadeempregorj.com.br\\\/fr\\\/author\\\/fabio\\\/\"}]}<\/script>\n<!-- \/ Yoast SEO plugin. -->","yoast_head_json":{"title":"Assistente Administrativo de Vendas, Operador de Corte e Vinco, Especialista Cont\u00e1bil, Coordenador de Costumer Service e muito mais na Empresa Uni\u00e3o Qu\u00edmica -","description":"Vagas de emprego Uni\u00e3o Qu\u00edmica. Esteja pronto para no ato da entrevista, em momento oportuno, negociar o sal\u00e1rio. Importante: entenda sobre...","robots":{"index":"index","follow":"follow","max-snippet":"max-snippet:-1","max-image-preview":"max-image-preview:large","max-video-preview":"max-video-preview:-1"},"canonical":"https:\/\/www.vagadeempregorj.com.br\/fr\/vagas-de-emprego-uniao-quimica\/","og_locale":"fr_FR","og_type":"article","og_title":"Assistente Administrativo de Vendas, Operador de Corte e Vinco, Especialista Cont\u00e1bil, Coordenador de Costumer Service e muito mais na Empresa Uni\u00e3o Qu\u00edmica -","og_description":"Vagas de emprego Uni\u00e3o Qu\u00edmica. Esteja pronto para no ato da entrevista, em momento oportuno, negociar o sal\u00e1rio. Importante: entenda sobre...","og_url":"https:\/\/www.vagadeempregorj.com.br\/fr\/vagas-de-emprego-uniao-quimica\/","article_publisher":"https:\/\/www.facebook.com\/empregobrasiloficial","article_published_time":"2023-09-04T03:04:00+00:00","og_image":[{"width":1200,"height":675,"url":"https:\/\/www.vagadeempregorj.com.br\/wp-content\/uploads\/2022\/09\/Vagas-de-emprego-Uniao-Quimica.png","type":"image\/png"}],"author":"Pedro Santos","twitter_card":"summary_large_image","twitter_misc":{"Written by":"Pedro Santos","Est. reading time":"1 minute"},"schema":{"@context":"https:\/\/schema.org","@graph":[{"@type":"Article","@id":"https:\/\/www.vagadeempregorj.com.br\/vagas-de-emprego-uniao-quimica\/#article","isPartOf":{"@id":"https:\/\/www.vagadeempregorj.com.br\/vagas-de-emprego-uniao-quimica\/"},"author":{"name":"Pedro Santos","@id":"https:\/\/www.vagadeempregorj.com.br\/#\/schema\/person\/ff7c1ede281066d35b2813eb13f662ef"},"headline":"Assistente Administrativo de Vendas, Operador de Corte e Vinco, Especialista Cont\u00e1bil, Coordenador de Costumer Service e muito mais na Empresa Uni\u00e3o Qu\u00edmica","datePublished":"2023-09-04T03:04:00+00:00","mainEntityOfPage":{"@id":"https:\/\/www.vagadeempregorj.com.br\/vagas-de-emprego-uniao-quimica\/"},"wordCount":449,"image":{"@id":"https:\/\/www.vagadeempregorj.com.br\/vagas-de-emprego-uniao-quimica\/#primaryimage"},"thumbnailUrl":"https:\/\/www.vagadeempregorj.com.br\/wp-content\/uploads\/2022\/09\/Vagas-de-emprego-Uniao-Quimica.png","keywords":["Uni\u00e3o Qu\u00edmica","vaga de emprego"],"articleSection":["Vagas de Emprego Nacionais"],"inLanguage":"fr-FR"},{"@type":"WebPage","@id":"https:\/\/www.vagadeempregorj.com.br\/vagas-de-emprego-uniao-quimica\/","url":"https:\/\/www.vagadeempregorj.com.br\/vagas-de-emprego-uniao-quimica\/","name":"Assistente Administrativo de Vendas, Operador de Corte e Vinco, Especialista Cont\u00e1bil, Coordenador de Costumer Service e muito mais na Empresa Uni\u00e3o Qu\u00edmica -","isPartOf":{"@id":"https:\/\/www.vagadeempregorj.com.br\/#website"},"primaryImageOfPage":{"@id":"https:\/\/www.vagadeempregorj.com.br\/vagas-de-emprego-uniao-quimica\/#primaryimage"},"image":{"@id":"https:\/\/www.vagadeempregorj.com.br\/vagas-de-emprego-uniao-quimica\/#primaryimage"},"thumbnailUrl":"https:\/\/www.vagadeempregorj.com.br\/wp-content\/uploads\/2022\/09\/Vagas-de-emprego-Uniao-Quimica.png","datePublished":"2023-09-04T03:04:00+00:00","author":{"@id":"https:\/\/www.vagadeempregorj.com.br\/#\/schema\/person\/ff7c1ede281066d35b2813eb13f662ef"},"description":"Vagas de emprego Uni\u00e3o Qu\u00edmica. Esteja pronto para no ato da entrevista, em momento oportuno, negociar o sal\u00e1rio. Importante: entenda sobre...","breadcrumb":{"@id":"https:\/\/www.vagadeempregorj.com.br\/vagas-de-emprego-uniao-quimica\/#breadcrumb"},"inLanguage":"fr-FR","potentialAction":[{"@type":"ReadAction","target":["https:\/\/www.vagadeempregorj.com.br\/vagas-de-emprego-uniao-quimica\/"]}]},{"@type":"ImageObject","inLanguage":"fr-FR","@id":"https:\/\/www.vagadeempregorj.com.br\/vagas-de-emprego-uniao-quimica\/#primaryimage","url":"https:\/\/www.vagadeempregorj.com.br\/wp-content\/uploads\/2022\/09\/Vagas-de-emprego-Uniao-Quimica.png","contentUrl":"https:\/\/www.vagadeempregorj.com.br\/wp-content\/uploads\/2022\/09\/Vagas-de-emprego-Uniao-Quimica.png","width":1200,"height":675},{"@type":"BreadcrumbList","@id":"https:\/\/www.vagadeempregorj.com.br\/vagas-de-emprego-uniao-quimica\/#breadcrumb","itemListElement":[{"@type":"ListItem","position":1,"name":"In\u00edcio","item":"https:\/\/www.vagadeempregorj.com.br\/"},{"@type":"ListItem","position":2,"name":"Vagas de Emprego Nacionais","item":"https:\/\/www.vagadeempregorj.com.br\/vagas-de-emprego-nacionais\/"},{"@type":"ListItem","position":3,"name":"Assistente Administrativo de Vendas, Operador de Corte e Vinco, Especialista Cont\u00e1bil, Coordenador de Costumer Service e muito mais na Empresa Uni\u00e3o Qu\u00edmica"}]},{"@type":"WebSite","@id":"https:\/\/www.vagadeempregorj.com.br\/#website","url":"https:\/\/www.vagadeempregorj.com.br\/","name":"","description":"Conquiste Sonhos: Vagas, Benef\u00edcios e Economia para Transformar Vidas e Alcan\u00e7ar Melhorias Cotidianas","potentialAction":[{"@type":"SearchAction","target":{"@type":"EntryPoint","urlTemplate":"https:\/\/www.vagadeempregorj.com.br\/?s={search_term_string}"},"query-input":{"@type":"PropertyValueSpecification","valueRequired":true,"valueName":"search_term_string"}}],"inLanguage":"fr-FR"},{"@type":"Person","@id":"https:\/\/www.vagadeempregorj.com.br\/#\/schema\/person\/ff7c1ede281066d35b2813eb13f662ef","name":"Pedro Santos","image":{"@type":"ImageObject","inLanguage":"fr-FR","@id":"https:\/\/secure.gravatar.com\/avatar\/0f569c1b80e91280c9dc54d2dec96d0c5562a072cef4b08b7e3807948546027c?s=96&r=g","url":"https:\/\/secure.gravatar.com\/avatar\/0f569c1b80e91280c9dc54d2dec96d0c5562a072cef4b08b7e3807948546027c?s=96&r=g","contentUrl":"https:\/\/secure.gravatar.com\/avatar\/0f569c1b80e91280c9dc54d2dec96d0c5562a072cef4b08b7e3807948546027c?s=96&r=g","caption":"Pedro Santos"},"description":"Meu nome \u00e9 Pedro e sou redator. Dedico meu tempo escrevendo vagas de emprego diariamente no portal Vaga de Emprego RJ","url":"https:\/\/www.vagadeempregorj.com.br\/fr\/author\/fabio\/"}]}},"_links":{"self":[{"href":"https:\/\/www.vagadeempregorj.com.br\/fr\/wp-json\/wp\/v2\/posts\/34673","targetHints":{"allow":["GET"]}}],"collection":[{"href":"https:\/\/www.vagadeempregorj.com.br\/fr\/wp-json\/wp\/v2\/posts"}],"about":[{"href":"https:\/\/www.vagadeempregorj.com.br\/fr\/wp-json\/wp\/v2\/types\/post"}],"author":[{"embeddable":true,"href":"https:\/\/www.vagadeempregorj.com.br\/fr\/wp-json\/wp\/v2\/users\/10"}],"replies":[{"embeddable":true,"href":"https:\/\/www.vagadeempregorj.com.br\/fr\/wp-json\/wp\/v2\/comments?post=34673"}],"version-history":[{"count":0,"href":"https:\/\/www.vagadeempregorj.com.br\/fr\/wp-json\/wp\/v2\/posts\/34673\/revisions"}],"wp:featuredmedia":[{"embeddable":true,"href":"https:\/\/www.vagadeempregorj.com.br\/fr\/wp-json\/wp\/v2\/media\/34687"}],"wp:attachment":[{"href":"https:\/\/www.vagadeempregorj.com.br\/fr\/wp-json\/wp\/v2\/media?parent=34673"}],"wp:term":[{"taxonomy":"category","embeddable":true,"href":"https:\/\/www.vagadeempregorj.com.br\/fr\/wp-json\/wp\/v2\/categories?post=34673"},{"taxonomy":"post_tag","embeddable":true,"href":"https:\/\/www.vagadeempregorj.com.br\/fr\/wp-json\/wp\/v2\/tags?post=34673"}],"curies":[{"name":"wp","href":"https:\/\/api.w.org\/{rel}","templated":true}]}}