{"id":34813,"date":"2023-09-06T00:04:00","date_gmt":"2023-09-06T03:04:00","guid":{"rendered":"https:\/\/www.vagadeempregorj.com.br\/?p=34813"},"modified":"2023-09-05T12:05:30","modified_gmt":"2023-09-05T15:05:30","slug":"vagas-de-emprego-grupo-muralha","status":"publish","type":"post","link":"https:\/\/www.vagadeempregorj.com.br\/fr\/vagas-de-emprego-grupo-muralha\/","title":{"rendered":"Auxiliar de Limpeza, Auxilia Administrativo de Monitoramento PCD, Porteiro e muito mais no Grupo Muralha"},"content":{"rendered":"<p>Atualizado em<\/p>\n\n\n<div class=\"wp-block-post-date\"><time datetime=\"2023-09-06T00:04:00-03:00\">06\/09\/2023<\/time><\/div>\n\n\n<p>Existindo h\u00e1 29 anos, o Grupo Muralha tem como atua\u00e7\u00e3o o setor de terceirizados, sendo uma empresa que aposta em treinamento para seus colaboradores e que atende a todos os n\u00edveis de necessidades de quem procura pelos seus servi\u00e7os.&nbsp;<\/p>\n\n\n\n<p><\/p>\n\n\n\n<p>Experiente, ela sabe como registrar os colaboradores de forma que os seus clientes tenham total sossego, reservando ao seu departamento pessoal outros tipos de preocupa\u00e7\u00e3o.&nbsp;<\/p>\n\n\n\n<p>Suas vagas est\u00e3o sempre sendo atualizadas e quem quer trabalhar no Grupo Muralha pode se candidatar a:<\/p>\n\n\n\n<ul class=\"wp-block-list\">\n<li>Porteiro<\/li>\n\n\n\n<li>Encarregado de condom\u00ednio<\/li>\n\n\n\n<li>Controlador de acesso<\/li>\n\n\n\n<li>Auxiliar administrativo<\/li>\n\n\n\n<li>Seguran\u00e7a<\/li>\n\n\n\n<li>Auxiliar de manuten\u00e7\u00e3o<\/li>\n\n\n\n<li>Auxiliar de asseio<\/li>\n\n\n\n<li>Auxiliar de servi\u00e7os gerais<\/li>\n\n\n\n<li>E mais<\/li>\n<\/ul>\n\n\n\n<p>Vale dizer que a terceirizadora \u00e9 muito expl\u00edcita com rela\u00e7\u00e3o ao que pode oferecer como benef\u00edcio, incluindo vale refei\u00e7\u00e3o, plano de sa\u00fade, conv\u00eanio odontol\u00f3gico, vale transporte, vale alimenta\u00e7\u00e3o e conv\u00eanio farm\u00e1cia.<\/p>\n\n\n\n<div class=\"wp-block-buttons is-horizontal is-content-justification-center is-layout-flex wp-container-core-buttons-is-layout-499968f5 wp-block-buttons-is-layout-flex\">\n<div class=\"wp-block-button\"><a class=\"wp-block-button__link has-black-color has-text-color has-background wp-element-button\" href=\"https:\/\/www.vagadeempregorj.com.br\/fr\/enviando-seu-curriculo-rapidamente\/\" style=\"background:linear-gradient(2deg,rgb(255,134,50) 64%,rgb(255,197,71) 100%)\"><strong>VEJA COMO SE CANDIDATAR<\/strong><\/a><\/div>\n<\/div>\n\n\n\n<h2 class=\"wp-block-heading\"><strong>&nbsp;Como se inscrever<\/strong><\/h2>\n\n\n\n<p>No Trabalhe Conosco da terceirizadora, todos conseguem conferir as vagas de acordo com a cidade e o bairro, al\u00e9m da lista integral de benef\u00edcios dispon\u00edveis: <a href=\"http:\/\/www.muralha.com.br\/trabalhe-conosco.php\">http:\/\/www.muralha.com.br\/trabalhe-conosco.php<\/a>.&nbsp;<\/p>\n\n\n\n<p>No entanto, os candidatos n\u00e3o conseguem visualizar o valor do sal\u00e1rio, sendo necess\u00e1rio fazer um cadastro no pr\u00f3prio site do Grupo Muralha.&nbsp;<\/p>\n\n\n\n<p>Os profissionais que tiverem esse interesse podem comparecer na empresa com o seu curr\u00edculo.<\/p>\n\n\n\n<h2 class=\"wp-block-heading\"><strong>Descubra mais sobre o Grupo Muralha<\/strong><\/h2>\n\n\n\n<p>Possuindo reconhecimentos como Pr\u00eamio Honra ao M\u00e9rito Febrac e Pr\u00eamio Honra ao M\u00e9rito Febrac, o Grupo Muralha \u00e9 um dos mais respeitados quando o assunto \u00e9 terceiriza\u00e7\u00e3o de pessoas comprometidas e competentes.&nbsp;<\/p>\n\n\n\n<p>H\u00e1 algumas coisas espec\u00edficas com rela\u00e7\u00e3o ao seu trabalho, como a inexist\u00eancia de atendimento a bancos. Por outro lado, ela oferece seguran\u00e7a pessoal, limpeza e conserva\u00e7\u00e3o, seguran\u00e7a patrimonial, portaria e facilities, compreendendo telefonia, jardinagem, recep\u00e7\u00e3o, copa, manuten\u00e7\u00e3o e muito mais.<\/p>\n\n\n\n<p>Um diferencial \u00e9 que o Grupo Muralha trabalha unicamente com produtos biodegrad\u00e1veis, fazendo at\u00e9 mesmo o descarte apropriado de pilhas e de baterias.&nbsp;<\/p>\n\n\n\n<p>Inclusive, essa terceirizadora tem o Muralha Day, que \u00e9 uma ocasi\u00e3o especial para que a empresa fa\u00e7a v\u00e1rias a\u00e7\u00f5es sociais, ressaltando a assist\u00eancia, por exemplo, a lares destinados ao cuidado de idosos.&nbsp;<\/p>\n\n\n\n<div class=\"wp-block-buttons is-horizontal is-content-justification-center is-layout-flex wp-container-core-buttons-is-layout-499968f5 wp-block-buttons-is-layout-flex\">\n<div class=\"wp-block-button\"><a class=\"wp-block-button__link has-black-color has-text-color has-background wp-element-button\" href=\"https:\/\/www.vagadeempregorj.com.br\/fr\/vagas-de-emprego-nacionais\/\" style=\"border-radius:29px;background:linear-gradient(2deg,rgb(255,134,50) 60%,rgb(255,197,71) 100%)\"><strong>VEJA NOVAS VAGAS PARA SE CANDIDATAR<\/strong><\/a><\/div>\n<\/div>","protected":false},"excerpt":{"rendered":"<p>Vagas de emprego Grupo Muralha. Esteja pronto para no ato da entrevista, em momento oportuno, negociar o sal\u00e1rio. Importante: entenda sobre a empresa, privilegie as raz\u00f5es para o valor em prol da empresa e n\u00e3o de argumentos pessoais, como: pagamento de financiamento, cart\u00e3o de cr\u00e9dito, faculdade, empr\u00e9stimo ou d\u00edvida. <\/p>","protected":false},"author":10,"featured_media":34830,"comment_status":"closed","ping_status":"closed","sticky":false,"template":"","format":"standard","meta":{"neve_meta_sidebar":"","neve_meta_container":"","neve_meta_enable_content_width":"","neve_meta_content_width":0,"neve_meta_title_alignment":"","neve_meta_author_avatar":"","neve_post_elements_order":"","neve_meta_disable_header":"","neve_meta_disable_footer":"","neve_meta_disable_title":"","footnotes":""},"categories":[123],"tags":[571,147],"class_list":["post-34813","post","type-post","status-publish","format-standard","has-post-thumbnail","hentry","category-vagas-de-emprego-nacionais","tag-grupo-muralha","tag-vaga-de-emprego"],"yoast_head":"<!-- This site is optimized with the Yoast SEO plugin v27.5 - https:\/\/yoast.com\/product\/yoast-seo-wordpress\/ -->\n<title>Auxiliar de Limpeza, Auxilia Administrativo de Monitoramento PCD, Porteiro e muito mais no Grupo Muralha -<\/title>\n<meta name=\"description\" content=\"Vagas de emprego Grupo Muralha. Esteja pronto para no ato da entrevista, em momento oportuno, negociar o sal\u00e1rio. Importante: entenda sobre...\" \/>\n<meta name=\"robots\" content=\"index, follow, max-snippet:-1, max-image-preview:large, max-video-preview:-1\" \/>\n<link rel=\"canonical\" href=\"https:\/\/www.vagadeempregorj.com.br\/fr\/vagas-de-emprego-grupo-muralha\/\" \/>\n<meta property=\"og:locale\" content=\"fr_FR\" \/>\n<meta property=\"og:type\" content=\"article\" \/>\n<meta property=\"og:title\" content=\"Auxiliar de Limpeza, Auxilia Administrativo de Monitoramento PCD, Porteiro e muito mais no Grupo Muralha -\" \/>\n<meta property=\"og:description\" content=\"Vagas de emprego Grupo Muralha. Esteja pronto para no ato da entrevista, em momento oportuno, negociar o sal\u00e1rio. Importante: entenda sobre...\" \/>\n<meta property=\"og:url\" content=\"https:\/\/www.vagadeempregorj.com.br\/fr\/vagas-de-emprego-grupo-muralha\/\" \/>\n<meta property=\"article:publisher\" content=\"https:\/\/www.facebook.com\/empregobrasiloficial\" \/>\n<meta property=\"article:published_time\" content=\"2023-09-06T03:04:00+00:00\" \/>\n<meta property=\"og:image\" content=\"https:\/\/www.vagadeempregorj.com.br\/wp-content\/uploads\/2022\/09\/Vagas-de-emprego-Grupo-Muralha.png\" \/>\n\t<meta property=\"og:image:width\" content=\"1200\" \/>\n\t<meta property=\"og:image:height\" content=\"675\" \/>\n\t<meta property=\"og:image:type\" content=\"image\/png\" \/>\n<meta name=\"author\" content=\"Pedro Santos\" \/>\n<meta name=\"twitter:card\" content=\"summary_large_image\" \/>\n<meta name=\"twitter:label1\" content=\"Written by\" \/>\n\t<meta name=\"twitter:data1\" content=\"Pedro Santos\" \/>\n\t<meta name=\"twitter:label2\" content=\"Est. reading time\" \/>\n\t<meta name=\"twitter:data2\" content=\"1 minute\" \/>\n<script type=\"application\/ld+json\" class=\"yoast-schema-graph\">{\"@context\":\"https:\\\/\\\/schema.org\",\"@graph\":[{\"@type\":\"Article\",\"@id\":\"https:\\\/\\\/www.vagadeempregorj.com.br\\\/vagas-de-emprego-grupo-muralha\\\/#article\",\"isPartOf\":{\"@id\":\"https:\\\/\\\/www.vagadeempregorj.com.br\\\/vagas-de-emprego-grupo-muralha\\\/\"},\"author\":{\"name\":\"Pedro Santos\",\"@id\":\"https:\\\/\\\/www.vagadeempregorj.com.br\\\/#\\\/schema\\\/person\\\/ff7c1ede281066d35b2813eb13f662ef\"},\"headline\":\"Auxiliar de Limpeza, Auxilia Administrativo de Monitoramento PCD, Porteiro e muito mais no Grupo Muralha\",\"datePublished\":\"2023-09-06T03:04:00+00:00\",\"mainEntityOfPage\":{\"@id\":\"https:\\\/\\\/www.vagadeempregorj.com.br\\\/vagas-de-emprego-grupo-muralha\\\/\"},\"wordCount\":413,\"image\":{\"@id\":\"https:\\\/\\\/www.vagadeempregorj.com.br\\\/vagas-de-emprego-grupo-muralha\\\/#primaryimage\"},\"thumbnailUrl\":\"https:\\\/\\\/www.vagadeempregorj.com.br\\\/wp-content\\\/uploads\\\/2022\\\/09\\\/Vagas-de-emprego-Grupo-Muralha.png\",\"keywords\":[\"Grupo Muralha\",\"vaga de emprego\"],\"articleSection\":[\"Vagas de Emprego Nacionais\"],\"inLanguage\":\"fr-FR\"},{\"@type\":\"WebPage\",\"@id\":\"https:\\\/\\\/www.vagadeempregorj.com.br\\\/vagas-de-emprego-grupo-muralha\\\/\",\"url\":\"https:\\\/\\\/www.vagadeempregorj.com.br\\\/vagas-de-emprego-grupo-muralha\\\/\",\"name\":\"Auxiliar de Limpeza, Auxilia Administrativo de Monitoramento PCD, Porteiro e muito mais no Grupo Muralha -\",\"isPartOf\":{\"@id\":\"https:\\\/\\\/www.vagadeempregorj.com.br\\\/#website\"},\"primaryImageOfPage\":{\"@id\":\"https:\\\/\\\/www.vagadeempregorj.com.br\\\/vagas-de-emprego-grupo-muralha\\\/#primaryimage\"},\"image\":{\"@id\":\"https:\\\/\\\/www.vagadeempregorj.com.br\\\/vagas-de-emprego-grupo-muralha\\\/#primaryimage\"},\"thumbnailUrl\":\"https:\\\/\\\/www.vagadeempregorj.com.br\\\/wp-content\\\/uploads\\\/2022\\\/09\\\/Vagas-de-emprego-Grupo-Muralha.png\",\"datePublished\":\"2023-09-06T03:04:00+00:00\",\"author\":{\"@id\":\"https:\\\/\\\/www.vagadeempregorj.com.br\\\/#\\\/schema\\\/person\\\/ff7c1ede281066d35b2813eb13f662ef\"},\"description\":\"Vagas de emprego Grupo Muralha. Esteja pronto para no ato da entrevista, em momento oportuno, negociar o sal\u00e1rio. Importante: entenda sobre...\",\"breadcrumb\":{\"@id\":\"https:\\\/\\\/www.vagadeempregorj.com.br\\\/vagas-de-emprego-grupo-muralha\\\/#breadcrumb\"},\"inLanguage\":\"fr-FR\",\"potentialAction\":[{\"@type\":\"ReadAction\",\"target\":[\"https:\\\/\\\/www.vagadeempregorj.com.br\\\/vagas-de-emprego-grupo-muralha\\\/\"]}]},{\"@type\":\"ImageObject\",\"inLanguage\":\"fr-FR\",\"@id\":\"https:\\\/\\\/www.vagadeempregorj.com.br\\\/vagas-de-emprego-grupo-muralha\\\/#primaryimage\",\"url\":\"https:\\\/\\\/www.vagadeempregorj.com.br\\\/wp-content\\\/uploads\\\/2022\\\/09\\\/Vagas-de-emprego-Grupo-Muralha.png\",\"contentUrl\":\"https:\\\/\\\/www.vagadeempregorj.com.br\\\/wp-content\\\/uploads\\\/2022\\\/09\\\/Vagas-de-emprego-Grupo-Muralha.png\",\"width\":1200,\"height\":675},{\"@type\":\"BreadcrumbList\",\"@id\":\"https:\\\/\\\/www.vagadeempregorj.com.br\\\/vagas-de-emprego-grupo-muralha\\\/#breadcrumb\",\"itemListElement\":[{\"@type\":\"ListItem\",\"position\":1,\"name\":\"In\u00edcio\",\"item\":\"https:\\\/\\\/www.vagadeempregorj.com.br\\\/\"},{\"@type\":\"ListItem\",\"position\":2,\"name\":\"Vagas de Emprego Nacionais\",\"item\":\"https:\\\/\\\/www.vagadeempregorj.com.br\\\/vagas-de-emprego-nacionais\\\/\"},{\"@type\":\"ListItem\",\"position\":3,\"name\":\"Auxiliar de Limpeza, Auxilia Administrativo de Monitoramento PCD, Porteiro e muito mais no Grupo Muralha\"}]},{\"@type\":\"WebSite\",\"@id\":\"https:\\\/\\\/www.vagadeempregorj.com.br\\\/#website\",\"url\":\"https:\\\/\\\/www.vagadeempregorj.com.br\\\/\",\"name\":\"\",\"description\":\"Conquiste Sonhos: Vagas, Benef\u00edcios e Economia para Transformar Vidas e Alcan\u00e7ar Melhorias Cotidianas\",\"potentialAction\":[{\"@type\":\"SearchAction\",\"target\":{\"@type\":\"EntryPoint\",\"urlTemplate\":\"https:\\\/\\\/www.vagadeempregorj.com.br\\\/?s={search_term_string}\"},\"query-input\":{\"@type\":\"PropertyValueSpecification\",\"valueRequired\":true,\"valueName\":\"search_term_string\"}}],\"inLanguage\":\"fr-FR\"},{\"@type\":\"Person\",\"@id\":\"https:\\\/\\\/www.vagadeempregorj.com.br\\\/#\\\/schema\\\/person\\\/ff7c1ede281066d35b2813eb13f662ef\",\"name\":\"Pedro Santos\",\"image\":{\"@type\":\"ImageObject\",\"inLanguage\":\"fr-FR\",\"@id\":\"https:\\\/\\\/secure.gravatar.com\\\/avatar\\\/0f569c1b80e91280c9dc54d2dec96d0c5562a072cef4b08b7e3807948546027c?s=96&r=g\",\"url\":\"https:\\\/\\\/secure.gravatar.com\\\/avatar\\\/0f569c1b80e91280c9dc54d2dec96d0c5562a072cef4b08b7e3807948546027c?s=96&r=g\",\"contentUrl\":\"https:\\\/\\\/secure.gravatar.com\\\/avatar\\\/0f569c1b80e91280c9dc54d2dec96d0c5562a072cef4b08b7e3807948546027c?s=96&r=g\",\"caption\":\"Pedro Santos\"},\"description\":\"Meu nome \u00e9 Pedro e sou redator. Dedico meu tempo escrevendo vagas de emprego diariamente no portal Vaga de Emprego RJ\",\"url\":\"https:\\\/\\\/www.vagadeempregorj.com.br\\\/fr\\\/author\\\/fabio\\\/\"}]}<\/script>\n<!-- \/ Yoast SEO plugin. -->","yoast_head_json":{"title":"Auxiliar de Limpeza, Auxilia Administrativo de Monitoramento PCD, Porteiro e muito mais no Grupo Muralha -","description":"Vagas de emprego Grupo Muralha. Esteja pronto para no ato da entrevista, em momento oportuno, negociar o sal\u00e1rio. Importante: entenda sobre...","robots":{"index":"index","follow":"follow","max-snippet":"max-snippet:-1","max-image-preview":"max-image-preview:large","max-video-preview":"max-video-preview:-1"},"canonical":"https:\/\/www.vagadeempregorj.com.br\/fr\/vagas-de-emprego-grupo-muralha\/","og_locale":"fr_FR","og_type":"article","og_title":"Auxiliar de Limpeza, Auxilia Administrativo de Monitoramento PCD, Porteiro e muito mais no Grupo Muralha -","og_description":"Vagas de emprego Grupo Muralha. Esteja pronto para no ato da entrevista, em momento oportuno, negociar o sal\u00e1rio. Importante: entenda sobre...","og_url":"https:\/\/www.vagadeempregorj.com.br\/fr\/vagas-de-emprego-grupo-muralha\/","article_publisher":"https:\/\/www.facebook.com\/empregobrasiloficial","article_published_time":"2023-09-06T03:04:00+00:00","og_image":[{"width":1200,"height":675,"url":"https:\/\/www.vagadeempregorj.com.br\/wp-content\/uploads\/2022\/09\/Vagas-de-emprego-Grupo-Muralha.png","type":"image\/png"}],"author":"Pedro Santos","twitter_card":"summary_large_image","twitter_misc":{"Written by":"Pedro Santos","Est. reading time":"1 minute"},"schema":{"@context":"https:\/\/schema.org","@graph":[{"@type":"Article","@id":"https:\/\/www.vagadeempregorj.com.br\/vagas-de-emprego-grupo-muralha\/#article","isPartOf":{"@id":"https:\/\/www.vagadeempregorj.com.br\/vagas-de-emprego-grupo-muralha\/"},"author":{"name":"Pedro Santos","@id":"https:\/\/www.vagadeempregorj.com.br\/#\/schema\/person\/ff7c1ede281066d35b2813eb13f662ef"},"headline":"Auxiliar de Limpeza, Auxilia Administrativo de Monitoramento PCD, Porteiro e muito mais no Grupo Muralha","datePublished":"2023-09-06T03:04:00+00:00","mainEntityOfPage":{"@id":"https:\/\/www.vagadeempregorj.com.br\/vagas-de-emprego-grupo-muralha\/"},"wordCount":413,"image":{"@id":"https:\/\/www.vagadeempregorj.com.br\/vagas-de-emprego-grupo-muralha\/#primaryimage"},"thumbnailUrl":"https:\/\/www.vagadeempregorj.com.br\/wp-content\/uploads\/2022\/09\/Vagas-de-emprego-Grupo-Muralha.png","keywords":["Grupo Muralha","vaga de emprego"],"articleSection":["Vagas de Emprego Nacionais"],"inLanguage":"fr-FR"},{"@type":"WebPage","@id":"https:\/\/www.vagadeempregorj.com.br\/vagas-de-emprego-grupo-muralha\/","url":"https:\/\/www.vagadeempregorj.com.br\/vagas-de-emprego-grupo-muralha\/","name":"Auxiliar de Limpeza, Auxilia Administrativo de Monitoramento PCD, Porteiro e muito mais no Grupo Muralha -","isPartOf":{"@id":"https:\/\/www.vagadeempregorj.com.br\/#website"},"primaryImageOfPage":{"@id":"https:\/\/www.vagadeempregorj.com.br\/vagas-de-emprego-grupo-muralha\/#primaryimage"},"image":{"@id":"https:\/\/www.vagadeempregorj.com.br\/vagas-de-emprego-grupo-muralha\/#primaryimage"},"thumbnailUrl":"https:\/\/www.vagadeempregorj.com.br\/wp-content\/uploads\/2022\/09\/Vagas-de-emprego-Grupo-Muralha.png","datePublished":"2023-09-06T03:04:00+00:00","author":{"@id":"https:\/\/www.vagadeempregorj.com.br\/#\/schema\/person\/ff7c1ede281066d35b2813eb13f662ef"},"description":"Vagas de emprego Grupo Muralha. Esteja pronto para no ato da entrevista, em momento oportuno, negociar o sal\u00e1rio. Importante: entenda sobre...","breadcrumb":{"@id":"https:\/\/www.vagadeempregorj.com.br\/vagas-de-emprego-grupo-muralha\/#breadcrumb"},"inLanguage":"fr-FR","potentialAction":[{"@type":"ReadAction","target":["https:\/\/www.vagadeempregorj.com.br\/vagas-de-emprego-grupo-muralha\/"]}]},{"@type":"ImageObject","inLanguage":"fr-FR","@id":"https:\/\/www.vagadeempregorj.com.br\/vagas-de-emprego-grupo-muralha\/#primaryimage","url":"https:\/\/www.vagadeempregorj.com.br\/wp-content\/uploads\/2022\/09\/Vagas-de-emprego-Grupo-Muralha.png","contentUrl":"https:\/\/www.vagadeempregorj.com.br\/wp-content\/uploads\/2022\/09\/Vagas-de-emprego-Grupo-Muralha.png","width":1200,"height":675},{"@type":"BreadcrumbList","@id":"https:\/\/www.vagadeempregorj.com.br\/vagas-de-emprego-grupo-muralha\/#breadcrumb","itemListElement":[{"@type":"ListItem","position":1,"name":"In\u00edcio","item":"https:\/\/www.vagadeempregorj.com.br\/"},{"@type":"ListItem","position":2,"name":"Vagas de Emprego Nacionais","item":"https:\/\/www.vagadeempregorj.com.br\/vagas-de-emprego-nacionais\/"},{"@type":"ListItem","position":3,"name":"Auxiliar de Limpeza, Auxilia Administrativo de Monitoramento PCD, Porteiro e muito mais no Grupo Muralha"}]},{"@type":"WebSite","@id":"https:\/\/www.vagadeempregorj.com.br\/#website","url":"https:\/\/www.vagadeempregorj.com.br\/","name":"","description":"Conquiste Sonhos: Vagas, Benef\u00edcios e Economia para Transformar Vidas e Alcan\u00e7ar Melhorias Cotidianas","potentialAction":[{"@type":"SearchAction","target":{"@type":"EntryPoint","urlTemplate":"https:\/\/www.vagadeempregorj.com.br\/?s={search_term_string}"},"query-input":{"@type":"PropertyValueSpecification","valueRequired":true,"valueName":"search_term_string"}}],"inLanguage":"fr-FR"},{"@type":"Person","@id":"https:\/\/www.vagadeempregorj.com.br\/#\/schema\/person\/ff7c1ede281066d35b2813eb13f662ef","name":"Pedro Santos","image":{"@type":"ImageObject","inLanguage":"fr-FR","@id":"https:\/\/secure.gravatar.com\/avatar\/0f569c1b80e91280c9dc54d2dec96d0c5562a072cef4b08b7e3807948546027c?s=96&r=g","url":"https:\/\/secure.gravatar.com\/avatar\/0f569c1b80e91280c9dc54d2dec96d0c5562a072cef4b08b7e3807948546027c?s=96&r=g","contentUrl":"https:\/\/secure.gravatar.com\/avatar\/0f569c1b80e91280c9dc54d2dec96d0c5562a072cef4b08b7e3807948546027c?s=96&r=g","caption":"Pedro Santos"},"description":"Meu nome \u00e9 Pedro e sou redator. Dedico meu tempo escrevendo vagas de emprego diariamente no portal Vaga de Emprego RJ","url":"https:\/\/www.vagadeempregorj.com.br\/fr\/author\/fabio\/"}]}},"_links":{"self":[{"href":"https:\/\/www.vagadeempregorj.com.br\/fr\/wp-json\/wp\/v2\/posts\/34813","targetHints":{"allow":["GET"]}}],"collection":[{"href":"https:\/\/www.vagadeempregorj.com.br\/fr\/wp-json\/wp\/v2\/posts"}],"about":[{"href":"https:\/\/www.vagadeempregorj.com.br\/fr\/wp-json\/wp\/v2\/types\/post"}],"author":[{"embeddable":true,"href":"https:\/\/www.vagadeempregorj.com.br\/fr\/wp-json\/wp\/v2\/users\/10"}],"replies":[{"embeddable":true,"href":"https:\/\/www.vagadeempregorj.com.br\/fr\/wp-json\/wp\/v2\/comments?post=34813"}],"version-history":[{"count":0,"href":"https:\/\/www.vagadeempregorj.com.br\/fr\/wp-json\/wp\/v2\/posts\/34813\/revisions"}],"wp:featuredmedia":[{"embeddable":true,"href":"https:\/\/www.vagadeempregorj.com.br\/fr\/wp-json\/wp\/v2\/media\/34830"}],"wp:attachment":[{"href":"https:\/\/www.vagadeempregorj.com.br\/fr\/wp-json\/wp\/v2\/media?parent=34813"}],"wp:term":[{"taxonomy":"category","embeddable":true,"href":"https:\/\/www.vagadeempregorj.com.br\/fr\/wp-json\/wp\/v2\/categories?post=34813"},{"taxonomy":"post_tag","embeddable":true,"href":"https:\/\/www.vagadeempregorj.com.br\/fr\/wp-json\/wp\/v2\/tags?post=34813"}],"curies":[{"name":"wp","href":"https:\/\/api.w.org\/{rel}","templated":true}]}}