{"id":35090,"date":"2023-09-11T00:03:00","date_gmt":"2023-09-11T03:03:00","guid":{"rendered":"https:\/\/www.vagadeempregorj.com.br\/?p=35090"},"modified":"2023-09-07T10:28:06","modified_gmt":"2023-09-07T13:28:06","slug":"trabalhe-conosco-tv-cultura","status":"publish","type":"post","link":"https:\/\/www.vagadeempregorj.com.br\/fr\/trabalhe-conosco-tv-cultura\/","title":{"rendered":"Est\u00e1gio em R\u00e1dio, Jovem Aprendiz, TV e Internet e mais na TV Cultura"},"content":{"rendered":"<p>Atualizado em<\/p>\n\n\n<div class=\"wp-block-post-date\"><time datetime=\"2023-09-11T00:03:00-03:00\">11\/09\/2023<\/time><\/div>\n\n\n<p>Sendo uma das emissoras de televis\u00e3o aberta mais antigas do pa\u00eds, a TV Cultura \u00e9 famosa pela sua programa\u00e7\u00e3o infantil que, h\u00e1 muitas d\u00e9cadas, tem colaborado para a forma\u00e7\u00e3o de crian\u00e7as.<\/p>\n\n\n\n<p><\/p>\n\n\n\n<p>Al\u00e9m disso, essa \u00e9 uma emissora que valoriza, de fato, a cultura e o pensamento cr\u00edtico, sendo respons\u00e1vel pela veicula\u00e7\u00e3o de programas como o Roda Viva.&nbsp;<\/p>\n\n\n\n<p>Trabalhar na TV Cultura \u00e9 uma forma de as pessoas formadas em R\u00e1dio e TV (ou que fizeram outros cursos) darem o start em suas carreiras. Inclusive, algumas vagas atualmente s\u00e3o:<\/p>\n\n\n\n<ul class=\"wp-block-list\">\n<li>Est\u00e1gio em R\u00e1dio, TV e Internet<\/li>\n\n\n\n<li>Est\u00e1gio em Hist\u00f3ria<\/li>\n\n\n\n<li>Est\u00e1gio em Biblioteconomia<\/li>\n\n\n\n<li>Est\u00e1gio em T\u00e9cnico de Eletr\u00f4nica<\/li>\n\n\n\n<li>Est\u00e1gio em Letras<\/li>\n\n\n\n<li>Est\u00e1gio em Engenharia El\u00e9trica<\/li>\n\n\n\n<li>E mais<\/li>\n<\/ul>\n\n\n\n<p>A Funda\u00e7\u00e3o Padre Anchieta, que \u00e9 a empresa que cuida dessa emissora, n\u00e3o d\u00e1 informa\u00e7\u00f5es a respeito de qualquer benef\u00edcio adicional, apenas a bolsa-aux\u00edlio. O mesmo se aplica aos cargos que s\u00e3o para profissionais formados.&nbsp;<\/p>\n\n\n\n<h2 class=\"wp-block-heading\"><strong>Como se inscrever<\/strong><\/h2>\n\n\n\n<p>No link <a href=\"https:\/\/fpa.com.br\/trabalheconosco\/?_ga=2.235195777.1660849502.1656429928-573602512.1625620021\">https:\/\/fpa.com.br\/trabalheconosco\/?_ga=2.235195777.1660849502.1656429928-573602512.1625620021<\/a>, \u00e9 poss\u00edvel ver todos os programas de est\u00e1gio para a TV Cultura e os outros tipos de vagas tamb\u00e9m.<\/p>\n\n\n\n<p>Recomenda-se verificar o que a Funda\u00e7\u00e3o Padre Anchieta informa em \u201cRegulamento dos processos seletivos internos\u201d para compreender de forma mais completa como os funcion\u00e1rios s\u00e3o escolhidos.&nbsp;<\/p>\n\n\n\n<p>A pr\u00f3pria emissora destaca que os candidatos n\u00e3o devem mandar curr\u00edculo via e-mails, pois eles s\u00e3o ignorados.&nbsp;<\/p>\n\n\n\n<h2 class=\"wp-block-heading\"><strong>Descubra mais sobre a TV Cultura<\/strong><\/h2>\n\n\n\n<p>Tendo tamb\u00e9m duas emissoras de r\u00e1dio, a TV Cultura ganhou espa\u00e7o pelos seus programas realmente culturais, como transmiss\u00e3o de concertos de orquestras e discuss\u00f5es com pessoas relevantes para cada momento do Brasil.&nbsp;<\/p>\n\n\n\n<p>Entretanto, n\u00e3o d\u00e1 para negar que a maior import\u00e2ncia dessa emissora \u00e9 no fornecimento de conte\u00fado infantil, como o aclamado Castelo R\u00e1-Tim-Bum.&nbsp;<\/p>\n\n\n\n<p>No site da TV Cultura, que faz parte do sistema UOL, essa emissora traz \u00e0 popula\u00e7\u00e3o not\u00edcias que t\u00eam total credibilidade e que abrangem n\u00e3o apenas o Brasil. Para quem gosta de podcast, a emissora tamb\u00e9m traz o Melhor da Vida, Pergunte ao Maestro, Opini\u00e3o, Metr\u00f3polis, Roda Viva, Provocast, Linhas Cruzadas e o Manhattan Connection.&nbsp;<\/p>\n\n\n\n<div class=\"wp-block-buttons is-horizontal is-content-justification-center is-layout-flex wp-container-core-buttons-is-layout-499968f5 wp-block-buttons-is-layout-flex\">\n<div class=\"wp-block-button\"><a class=\"wp-block-button__link has-black-color has-text-color has-background wp-element-button\" href=\"https:\/\/www.vagadeempregorj.com.br\/fr\/vagas-de-emprego-nacionais\/\" style=\"border-radius:29px;background:linear-gradient(2deg,rgb(255,134,50) 60%,rgb(255,197,71) 100%)\"><strong>VEJA NOVAS VAGAS PARA SE CANDIDATAR<\/strong><\/a><\/div>\n<\/div>","protected":false},"excerpt":{"rendered":"<p>Trabalhe Conosco TV Cultura. Esteja pronto para no ato da entrevista, em momento oportuno, negociar o sal\u00e1rio. Importante: entenda sobre a empresa, privilegie as raz\u00f5es para o valor em prol da empresa e n\u00e3o de argumentos pessoais, como: pagamento de financiamento, cart\u00e3o de cr\u00e9dito, faculdade, empr\u00e9stimo ou d\u00edvida. <\/p>","protected":false},"author":10,"featured_media":35097,"comment_status":"closed","ping_status":"closed","sticky":false,"template":"","format":"standard","meta":{"neve_meta_sidebar":"","neve_meta_container":"","neve_meta_enable_content_width":"","neve_meta_content_width":0,"neve_meta_title_alignment":"","neve_meta_author_avatar":"","neve_post_elements_order":"","neve_meta_disable_header":"","neve_meta_disable_footer":"","neve_meta_disable_title":"","footnotes":""},"categories":[123],"tags":[585,147],"class_list":["post-35090","post","type-post","status-publish","format-standard","has-post-thumbnail","hentry","category-vagas-de-emprego-nacionais","tag-tv-cultura","tag-vaga-de-emprego"],"yoast_head":"<!-- This site is optimized with the Yoast SEO plugin v27.5 - https:\/\/yoast.com\/product\/yoast-seo-wordpress\/ -->\n<title>Est\u00e1gio em R\u00e1dio, Jovem Aprendiz, TV e Internet e mais na TV Cultura -<\/title>\n<meta name=\"description\" content=\"Trabalhe Conosco TV Cultura. Esteja pronto para no ato da entrevista, em momento oportuno, negociar o sal\u00e1rio. Importante: entenda sobre...\" \/>\n<meta name=\"robots\" content=\"index, follow, max-snippet:-1, max-image-preview:large, max-video-preview:-1\" \/>\n<link rel=\"canonical\" href=\"https:\/\/www.vagadeempregorj.com.br\/fr\/trabalhe-conosco-tv-cultura\/\" \/>\n<meta property=\"og:locale\" content=\"fr_FR\" \/>\n<meta property=\"og:type\" content=\"article\" \/>\n<meta property=\"og:title\" content=\"Est\u00e1gio em R\u00e1dio, Jovem Aprendiz, TV e Internet e mais na TV Cultura -\" \/>\n<meta property=\"og:description\" content=\"Trabalhe Conosco TV Cultura. Esteja pronto para no ato da entrevista, em momento oportuno, negociar o sal\u00e1rio. Importante: entenda sobre...\" \/>\n<meta property=\"og:url\" content=\"https:\/\/www.vagadeempregorj.com.br\/fr\/trabalhe-conosco-tv-cultura\/\" \/>\n<meta property=\"article:publisher\" content=\"https:\/\/www.facebook.com\/empregobrasiloficial\" \/>\n<meta property=\"article:published_time\" content=\"2023-09-11T03:03:00+00:00\" \/>\n<meta property=\"og:image\" content=\"https:\/\/www.vagadeempregorj.com.br\/wp-content\/uploads\/2022\/09\/Vagas-de-emprego-TV-Cultura.png\" \/>\n\t<meta property=\"og:image:width\" content=\"1200\" \/>\n\t<meta property=\"og:image:height\" content=\"675\" \/>\n\t<meta property=\"og:image:type\" content=\"image\/png\" \/>\n<meta name=\"author\" content=\"Pedro Santos\" \/>\n<meta name=\"twitter:card\" content=\"summary_large_image\" \/>\n<meta name=\"twitter:label1\" content=\"Written by\" \/>\n\t<meta name=\"twitter:data1\" content=\"Pedro Santos\" \/>\n\t<meta name=\"twitter:label2\" content=\"Est. reading time\" \/>\n\t<meta name=\"twitter:data2\" content=\"1 minute\" \/>\n<script type=\"application\/ld+json\" class=\"yoast-schema-graph\">{\"@context\":\"https:\\\/\\\/schema.org\",\"@graph\":[{\"@type\":\"Article\",\"@id\":\"https:\\\/\\\/www.vagadeempregorj.com.br\\\/trabalhe-conosco-tv-cultura\\\/#article\",\"isPartOf\":{\"@id\":\"https:\\\/\\\/www.vagadeempregorj.com.br\\\/trabalhe-conosco-tv-cultura\\\/\"},\"author\":{\"name\":\"Pedro Santos\",\"@id\":\"https:\\\/\\\/www.vagadeempregorj.com.br\\\/#\\\/schema\\\/person\\\/ff7c1ede281066d35b2813eb13f662ef\"},\"headline\":\"Est\u00e1gio em R\u00e1dio, Jovem Aprendiz, TV e Internet e mais na TV Cultura\",\"datePublished\":\"2023-09-11T03:03:00+00:00\",\"mainEntityOfPage\":{\"@id\":\"https:\\\/\\\/www.vagadeempregorj.com.br\\\/trabalhe-conosco-tv-cultura\\\/\"},\"wordCount\":416,\"image\":{\"@id\":\"https:\\\/\\\/www.vagadeempregorj.com.br\\\/trabalhe-conosco-tv-cultura\\\/#primaryimage\"},\"thumbnailUrl\":\"https:\\\/\\\/www.vagadeempregorj.com.br\\\/wp-content\\\/uploads\\\/2022\\\/09\\\/Vagas-de-emprego-TV-Cultura.png\",\"keywords\":[\"TV Cultura\",\"vaga de emprego\"],\"articleSection\":[\"Vagas de Emprego Nacionais\"],\"inLanguage\":\"fr-FR\"},{\"@type\":\"WebPage\",\"@id\":\"https:\\\/\\\/www.vagadeempregorj.com.br\\\/trabalhe-conosco-tv-cultura\\\/\",\"url\":\"https:\\\/\\\/www.vagadeempregorj.com.br\\\/trabalhe-conosco-tv-cultura\\\/\",\"name\":\"Est\u00e1gio em R\u00e1dio, Jovem Aprendiz, TV e Internet e mais na TV Cultura -\",\"isPartOf\":{\"@id\":\"https:\\\/\\\/www.vagadeempregorj.com.br\\\/#website\"},\"primaryImageOfPage\":{\"@id\":\"https:\\\/\\\/www.vagadeempregorj.com.br\\\/trabalhe-conosco-tv-cultura\\\/#primaryimage\"},\"image\":{\"@id\":\"https:\\\/\\\/www.vagadeempregorj.com.br\\\/trabalhe-conosco-tv-cultura\\\/#primaryimage\"},\"thumbnailUrl\":\"https:\\\/\\\/www.vagadeempregorj.com.br\\\/wp-content\\\/uploads\\\/2022\\\/09\\\/Vagas-de-emprego-TV-Cultura.png\",\"datePublished\":\"2023-09-11T03:03:00+00:00\",\"author\":{\"@id\":\"https:\\\/\\\/www.vagadeempregorj.com.br\\\/#\\\/schema\\\/person\\\/ff7c1ede281066d35b2813eb13f662ef\"},\"description\":\"Trabalhe Conosco TV Cultura. Esteja pronto para no ato da entrevista, em momento oportuno, negociar o sal\u00e1rio. Importante: entenda sobre...\",\"breadcrumb\":{\"@id\":\"https:\\\/\\\/www.vagadeempregorj.com.br\\\/trabalhe-conosco-tv-cultura\\\/#breadcrumb\"},\"inLanguage\":\"fr-FR\",\"potentialAction\":[{\"@type\":\"ReadAction\",\"target\":[\"https:\\\/\\\/www.vagadeempregorj.com.br\\\/trabalhe-conosco-tv-cultura\\\/\"]}]},{\"@type\":\"ImageObject\",\"inLanguage\":\"fr-FR\",\"@id\":\"https:\\\/\\\/www.vagadeempregorj.com.br\\\/trabalhe-conosco-tv-cultura\\\/#primaryimage\",\"url\":\"https:\\\/\\\/www.vagadeempregorj.com.br\\\/wp-content\\\/uploads\\\/2022\\\/09\\\/Vagas-de-emprego-TV-Cultura.png\",\"contentUrl\":\"https:\\\/\\\/www.vagadeempregorj.com.br\\\/wp-content\\\/uploads\\\/2022\\\/09\\\/Vagas-de-emprego-TV-Cultura.png\",\"width\":1200,\"height\":675},{\"@type\":\"BreadcrumbList\",\"@id\":\"https:\\\/\\\/www.vagadeempregorj.com.br\\\/trabalhe-conosco-tv-cultura\\\/#breadcrumb\",\"itemListElement\":[{\"@type\":\"ListItem\",\"position\":1,\"name\":\"In\u00edcio\",\"item\":\"https:\\\/\\\/www.vagadeempregorj.com.br\\\/\"},{\"@type\":\"ListItem\",\"position\":2,\"name\":\"Vagas de Emprego Nacionais\",\"item\":\"https:\\\/\\\/www.vagadeempregorj.com.br\\\/vagas-de-emprego-nacionais\\\/\"},{\"@type\":\"ListItem\",\"position\":3,\"name\":\"Est\u00e1gio em R\u00e1dio, Jovem Aprendiz, TV e Internet e mais na TV Cultura\"}]},{\"@type\":\"WebSite\",\"@id\":\"https:\\\/\\\/www.vagadeempregorj.com.br\\\/#website\",\"url\":\"https:\\\/\\\/www.vagadeempregorj.com.br\\\/\",\"name\":\"\",\"description\":\"Conquiste Sonhos: Vagas, Benef\u00edcios e Economia para Transformar Vidas e Alcan\u00e7ar Melhorias Cotidianas\",\"potentialAction\":[{\"@type\":\"SearchAction\",\"target\":{\"@type\":\"EntryPoint\",\"urlTemplate\":\"https:\\\/\\\/www.vagadeempregorj.com.br\\\/?s={search_term_string}\"},\"query-input\":{\"@type\":\"PropertyValueSpecification\",\"valueRequired\":true,\"valueName\":\"search_term_string\"}}],\"inLanguage\":\"fr-FR\"},{\"@type\":\"Person\",\"@id\":\"https:\\\/\\\/www.vagadeempregorj.com.br\\\/#\\\/schema\\\/person\\\/ff7c1ede281066d35b2813eb13f662ef\",\"name\":\"Pedro Santos\",\"image\":{\"@type\":\"ImageObject\",\"inLanguage\":\"fr-FR\",\"@id\":\"https:\\\/\\\/secure.gravatar.com\\\/avatar\\\/0f569c1b80e91280c9dc54d2dec96d0c5562a072cef4b08b7e3807948546027c?s=96&r=g\",\"url\":\"https:\\\/\\\/secure.gravatar.com\\\/avatar\\\/0f569c1b80e91280c9dc54d2dec96d0c5562a072cef4b08b7e3807948546027c?s=96&r=g\",\"contentUrl\":\"https:\\\/\\\/secure.gravatar.com\\\/avatar\\\/0f569c1b80e91280c9dc54d2dec96d0c5562a072cef4b08b7e3807948546027c?s=96&r=g\",\"caption\":\"Pedro Santos\"},\"description\":\"Meu nome \u00e9 Pedro e sou redator. Dedico meu tempo escrevendo vagas de emprego diariamente no portal Vaga de Emprego RJ\",\"url\":\"https:\\\/\\\/www.vagadeempregorj.com.br\\\/fr\\\/author\\\/fabio\\\/\"}]}<\/script>\n<!-- \/ Yoast SEO plugin. -->","yoast_head_json":{"title":"Est\u00e1gio em R\u00e1dio, Jovem Aprendiz, TV e Internet e mais na TV Cultura -","description":"Trabalhe Conosco TV Cultura. Esteja pronto para no ato da entrevista, em momento oportuno, negociar o sal\u00e1rio. Importante: entenda sobre...","robots":{"index":"index","follow":"follow","max-snippet":"max-snippet:-1","max-image-preview":"max-image-preview:large","max-video-preview":"max-video-preview:-1"},"canonical":"https:\/\/www.vagadeempregorj.com.br\/fr\/trabalhe-conosco-tv-cultura\/","og_locale":"fr_FR","og_type":"article","og_title":"Est\u00e1gio em R\u00e1dio, Jovem Aprendiz, TV e Internet e mais na TV Cultura -","og_description":"Trabalhe Conosco TV Cultura. Esteja pronto para no ato da entrevista, em momento oportuno, negociar o sal\u00e1rio. Importante: entenda sobre...","og_url":"https:\/\/www.vagadeempregorj.com.br\/fr\/trabalhe-conosco-tv-cultura\/","article_publisher":"https:\/\/www.facebook.com\/empregobrasiloficial","article_published_time":"2023-09-11T03:03:00+00:00","og_image":[{"width":1200,"height":675,"url":"https:\/\/www.vagadeempregorj.com.br\/wp-content\/uploads\/2022\/09\/Vagas-de-emprego-TV-Cultura.png","type":"image\/png"}],"author":"Pedro Santos","twitter_card":"summary_large_image","twitter_misc":{"Written by":"Pedro Santos","Est. reading time":"1 minute"},"schema":{"@context":"https:\/\/schema.org","@graph":[{"@type":"Article","@id":"https:\/\/www.vagadeempregorj.com.br\/trabalhe-conosco-tv-cultura\/#article","isPartOf":{"@id":"https:\/\/www.vagadeempregorj.com.br\/trabalhe-conosco-tv-cultura\/"},"author":{"name":"Pedro Santos","@id":"https:\/\/www.vagadeempregorj.com.br\/#\/schema\/person\/ff7c1ede281066d35b2813eb13f662ef"},"headline":"Est\u00e1gio em R\u00e1dio, Jovem Aprendiz, TV e Internet e mais na TV Cultura","datePublished":"2023-09-11T03:03:00+00:00","mainEntityOfPage":{"@id":"https:\/\/www.vagadeempregorj.com.br\/trabalhe-conosco-tv-cultura\/"},"wordCount":416,"image":{"@id":"https:\/\/www.vagadeempregorj.com.br\/trabalhe-conosco-tv-cultura\/#primaryimage"},"thumbnailUrl":"https:\/\/www.vagadeempregorj.com.br\/wp-content\/uploads\/2022\/09\/Vagas-de-emprego-TV-Cultura.png","keywords":["TV Cultura","vaga de emprego"],"articleSection":["Vagas de Emprego Nacionais"],"inLanguage":"fr-FR"},{"@type":"WebPage","@id":"https:\/\/www.vagadeempregorj.com.br\/trabalhe-conosco-tv-cultura\/","url":"https:\/\/www.vagadeempregorj.com.br\/trabalhe-conosco-tv-cultura\/","name":"Est\u00e1gio em R\u00e1dio, Jovem Aprendiz, TV e Internet e mais na TV Cultura -","isPartOf":{"@id":"https:\/\/www.vagadeempregorj.com.br\/#website"},"primaryImageOfPage":{"@id":"https:\/\/www.vagadeempregorj.com.br\/trabalhe-conosco-tv-cultura\/#primaryimage"},"image":{"@id":"https:\/\/www.vagadeempregorj.com.br\/trabalhe-conosco-tv-cultura\/#primaryimage"},"thumbnailUrl":"https:\/\/www.vagadeempregorj.com.br\/wp-content\/uploads\/2022\/09\/Vagas-de-emprego-TV-Cultura.png","datePublished":"2023-09-11T03:03:00+00:00","author":{"@id":"https:\/\/www.vagadeempregorj.com.br\/#\/schema\/person\/ff7c1ede281066d35b2813eb13f662ef"},"description":"Trabalhe Conosco TV Cultura. Esteja pronto para no ato da entrevista, em momento oportuno, negociar o sal\u00e1rio. Importante: entenda sobre...","breadcrumb":{"@id":"https:\/\/www.vagadeempregorj.com.br\/trabalhe-conosco-tv-cultura\/#breadcrumb"},"inLanguage":"fr-FR","potentialAction":[{"@type":"ReadAction","target":["https:\/\/www.vagadeempregorj.com.br\/trabalhe-conosco-tv-cultura\/"]}]},{"@type":"ImageObject","inLanguage":"fr-FR","@id":"https:\/\/www.vagadeempregorj.com.br\/trabalhe-conosco-tv-cultura\/#primaryimage","url":"https:\/\/www.vagadeempregorj.com.br\/wp-content\/uploads\/2022\/09\/Vagas-de-emprego-TV-Cultura.png","contentUrl":"https:\/\/www.vagadeempregorj.com.br\/wp-content\/uploads\/2022\/09\/Vagas-de-emprego-TV-Cultura.png","width":1200,"height":675},{"@type":"BreadcrumbList","@id":"https:\/\/www.vagadeempregorj.com.br\/trabalhe-conosco-tv-cultura\/#breadcrumb","itemListElement":[{"@type":"ListItem","position":1,"name":"In\u00edcio","item":"https:\/\/www.vagadeempregorj.com.br\/"},{"@type":"ListItem","position":2,"name":"Vagas de Emprego Nacionais","item":"https:\/\/www.vagadeempregorj.com.br\/vagas-de-emprego-nacionais\/"},{"@type":"ListItem","position":3,"name":"Est\u00e1gio em R\u00e1dio, Jovem Aprendiz, TV e Internet e mais na TV Cultura"}]},{"@type":"WebSite","@id":"https:\/\/www.vagadeempregorj.com.br\/#website","url":"https:\/\/www.vagadeempregorj.com.br\/","name":"","description":"Conquiste Sonhos: Vagas, Benef\u00edcios e Economia para Transformar Vidas e Alcan\u00e7ar Melhorias Cotidianas","potentialAction":[{"@type":"SearchAction","target":{"@type":"EntryPoint","urlTemplate":"https:\/\/www.vagadeempregorj.com.br\/?s={search_term_string}"},"query-input":{"@type":"PropertyValueSpecification","valueRequired":true,"valueName":"search_term_string"}}],"inLanguage":"fr-FR"},{"@type":"Person","@id":"https:\/\/www.vagadeempregorj.com.br\/#\/schema\/person\/ff7c1ede281066d35b2813eb13f662ef","name":"Pedro Santos","image":{"@type":"ImageObject","inLanguage":"fr-FR","@id":"https:\/\/secure.gravatar.com\/avatar\/0f569c1b80e91280c9dc54d2dec96d0c5562a072cef4b08b7e3807948546027c?s=96&r=g","url":"https:\/\/secure.gravatar.com\/avatar\/0f569c1b80e91280c9dc54d2dec96d0c5562a072cef4b08b7e3807948546027c?s=96&r=g","contentUrl":"https:\/\/secure.gravatar.com\/avatar\/0f569c1b80e91280c9dc54d2dec96d0c5562a072cef4b08b7e3807948546027c?s=96&r=g","caption":"Pedro Santos"},"description":"Meu nome \u00e9 Pedro e sou redator. Dedico meu tempo escrevendo vagas de emprego diariamente no portal Vaga de Emprego RJ","url":"https:\/\/www.vagadeempregorj.com.br\/fr\/author\/fabio\/"}]}},"_links":{"self":[{"href":"https:\/\/www.vagadeempregorj.com.br\/fr\/wp-json\/wp\/v2\/posts\/35090","targetHints":{"allow":["GET"]}}],"collection":[{"href":"https:\/\/www.vagadeempregorj.com.br\/fr\/wp-json\/wp\/v2\/posts"}],"about":[{"href":"https:\/\/www.vagadeempregorj.com.br\/fr\/wp-json\/wp\/v2\/types\/post"}],"author":[{"embeddable":true,"href":"https:\/\/www.vagadeempregorj.com.br\/fr\/wp-json\/wp\/v2\/users\/10"}],"replies":[{"embeddable":true,"href":"https:\/\/www.vagadeempregorj.com.br\/fr\/wp-json\/wp\/v2\/comments?post=35090"}],"version-history":[{"count":0,"href":"https:\/\/www.vagadeempregorj.com.br\/fr\/wp-json\/wp\/v2\/posts\/35090\/revisions"}],"wp:featuredmedia":[{"embeddable":true,"href":"https:\/\/www.vagadeempregorj.com.br\/fr\/wp-json\/wp\/v2\/media\/35097"}],"wp:attachment":[{"href":"https:\/\/www.vagadeempregorj.com.br\/fr\/wp-json\/wp\/v2\/media?parent=35090"}],"wp:term":[{"taxonomy":"category","embeddable":true,"href":"https:\/\/www.vagadeempregorj.com.br\/fr\/wp-json\/wp\/v2\/categories?post=35090"},{"taxonomy":"post_tag","embeddable":true,"href":"https:\/\/www.vagadeempregorj.com.br\/fr\/wp-json\/wp\/v2\/tags?post=35090"}],"curies":[{"name":"wp","href":"https:\/\/api.w.org\/{rel}","templated":true}]}}