{"id":35091,"date":"2023-09-11T00:02:00","date_gmt":"2023-09-11T03:02:00","guid":{"rendered":"https:\/\/www.vagadeempregorj.com.br\/?p=35091"},"modified":"2023-09-07T10:27:57","modified_gmt":"2023-09-07T13:27:57","slug":"collaborez-avec-nous-chez-vms-business-services","status":"publish","type":"post","link":"https:\/\/www.vagadeempregorj.com.br\/fr\/trabalhe-conosco-vms-servicos-empresariais\/","title":{"rendered":"Aide polyvalent, assistant administratif, agent d&#039;entretien, acheteur, assistant de production et bien plus encore chez VMS Business Services"},"content":{"rendered":"<p class=\"wp-block-paragraph\">Mise \u00e0 jour le<\/p>\n\n\n<div class=\"wp-block-post-date\"><time datetime=\"2023-09-11T00:02:00-03:00\">11\/09\/2023<\/time><\/div>\n\n\n<p class=\"wp-block-paragraph\">VMS Servi\u00e7os Empresariais poss\u00e8de trois sites et se consacre \u00e0 fournir des professionnels qualifi\u00e9s, engag\u00e9s par les clients en tant que prestataires de services externalis\u00e9s.&nbsp;<\/p>\n\n\n\n<p class=\"wp-block-paragraph\"><\/p>\n\n\n\n<p class=\"wp-block-paragraph\">L&#039;un de ses principaux atouts est d&#039;offrir aux candidats \u00e0 l&#039;emploi un soutien juridique complet concernant ce type de travail ; autrement dit, ils peuvent acc\u00e9der \u00e0 la l\u00e9gislation sur les travailleurs externalis\u00e9s via le site web de l&#039;entreprise.&nbsp;<\/p>\n\n\n\n<p class=\"wp-block-paragraph\">Actuellement, VMS Servi\u00e7os Empresariais recherche des personnes pour travailler en tant que\u00a0:<\/p>\n\n\n\n<ul class=\"wp-block-list\">\n<li>op\u00e9rateur de proc\u00e9d\u00e9s chimiques<\/li>\n\n\n\n<li>Aide g\u00e9n\u00e9ral<\/li>\n\n\n\n<li>soudeuse par points<\/li>\n\n\n\n<li>op\u00e9rateurs de presse<\/li>\n\n\n\n<li>dispositif de r\u00e9glage m\u00e9canique<\/li>\n\n\n\n<li>assistant de production<\/li>\n\n\n\n<li>assistant comptable<\/li>\n\n\n\n<li>Analyste logistique<\/li>\n\n\n\n<li>assistant d&#039;assemblage<\/li>\n\n\n\n<li>Assistant PCP<\/li>\n\n\n\n<li>Acheteur adjoint<\/li>\n\n\n\n<li>Op\u00e9rateur de cylindre<\/li>\n\n\n\n<li>Tourneur m\u00e9canique<\/li>\n\n\n\n<li>Et plus encore<\/li>\n<\/ul>\n\n\n\n<p class=\"wp-block-paragraph\">On ne d\u00e9couvre les avantages des postes qu&#039;avant le processus de s\u00e9lection. En revanche, la soci\u00e9t\u00e9 d&#039;externalisation finit par aider les candidats car elle indique les opportunit\u00e9s les plus urgentes.<\/p>\n\n\n\n<h2 class=\"wp-block-heading\"><strong>Comment s&#039;inscrire<\/strong><\/h2>\n\n\n\n<p class=\"wp-block-paragraph\">Il existe deux fa\u00e7ons de soumettre votre CV pour les offres d&#039;emploi de VMS Servi\u00e7os Empresariais, et les deux utilisent le m\u00eame lien. <a href=\"https:\/\/vmsempregos.tweezer.jobs\/\">https:\/\/vmsempregos.tweezer.jobs\/<\/a>.&nbsp;<\/p>\n\n\n\n<p class=\"wp-block-paragraph\">La premi\u00e8re option consiste \u00e0 acc\u00e9der directement \u00e0 une offre d&#039;emploi et \u00e0 cliquer sur \u201c\u00a0Postuler\u00a0\u201d\u00a0; la seconde consiste \u00e0 utiliser la barre sup\u00e9rieure et \u00e0 cliquer sur \u201c\u00a0S&#039;inscrire\u00a0\u201d pour ajouter votre CV \u00e0 la base de donn\u00e9es.&nbsp;<\/p>\n\n\n\n<p class=\"wp-block-paragraph\">Il est important de noter qu&#039;en cliquant sur \u201c Voir plus d&#039;offres d&#039;emploi \u201d, vous pouvez consulter encore plus d&#039;opportunit\u00e9s, et pas seulement celles initialement list\u00e9es.&nbsp;<\/p>\n\n\n\n<p class=\"wp-block-paragraph\">VMS Servi\u00e7os Empresariais accepte \u00e9galement les CV imprim\u00e9s dans ses bureaux. Toutefois, il est recommand\u00e9 de contacter le service Recrutement, S\u00e9lection et Ventes.<\/p>\n\n\n\n<h2 class=\"wp-block-heading\"><strong>D\u00e9couvrez-en plus sur les services aux entreprises VMS.<\/strong><\/h2>\n\n\n\n<p class=\"wp-block-paragraph\">Pr\u00e9sente sur le march\u00e9 de l&#039;externalisation depuis au moins trois d\u00e9cennies, cette entreprise est en mesure de fournir de la main-d&#039;\u0153uvre \u00e0 des \u00e9tablissements tels que les h\u00f4pitaux, les industries, les supermarch\u00e9s, les \u00e9coles, les chantiers de construction, les entreprises et les copropri\u00e9t\u00e9s.&nbsp;<\/p>\n\n\n\n<p class=\"wp-block-paragraph\">En partenariat avec le syndicat concern\u00e9, VMS Servi\u00e7os Empresariais dispose d&#039;un espace employ\u00e9, con\u00e7u pour permettre aux travailleurs externalis\u00e9s de consulter plus facilement leur contrat de travail, leurs informations professionnelles et bien plus encore.&nbsp;<\/p>\n\n\n\n<p class=\"wp-block-paragraph\">Plusieurs \u00e9v\u00e9nements ont d\u00e9j\u00e0 b\u00e9n\u00e9fici\u00e9 du soutien de cette soci\u00e9t\u00e9 d&#039;externalisation, qui propose \u00e9galement ses services \u00e0 des clients ayant besoin de personnel permanent.&nbsp;<\/p>\n\n\n\n<div class=\"wp-block-buttons is-horizontal is-content-justification-center is-layout-flex wp-container-core-buttons-is-layout-7d812b4c wp-block-buttons-is-layout-flex\">\n<div class=\"wp-block-button\"><a class=\"wp-block-button__link has-black-color has-text-color has-background wp-element-button\" href=\"https:\/\/www.vagadeempregorj.com.br\/fr\/offres-demploi-nationales\/\" style=\"border-radius:29px;background:linear-gradient(2deg,rgb(255,134,50) 60%,rgb(255,197,71) 100%)\"><strong>CONSULTEZ LES NOUVELLES OFFRES D&#039;EMPLOI POUR POSTULER<\/strong><\/a><\/div>\n<\/div>","protected":false},"excerpt":{"rendered":"<p>Trabalhe Conosco VMS Servi\u00e7os Empresariais. Esteja pronto para no ato da entrevista, em momento oportuno, negociar o sal\u00e1rio. Importante: entenda sobre a empresa, privilegie as raz\u00f5es para o valor em prol da empresa e n\u00e3o de argumentos pessoais, como: pagamento de financiamento, cart\u00e3o de cr\u00e9dito, faculdade, empr\u00e9stimo ou d\u00edvida. <\/p>","protected":false},"author":10,"featured_media":35095,"comment_status":"closed","ping_status":"closed","sticky":false,"template":"","format":"standard","meta":{"neve_meta_sidebar":"","neve_meta_container":"","neve_meta_enable_content_width":"","neve_meta_content_width":0,"neve_meta_title_alignment":"","neve_meta_author_avatar":"","neve_post_elements_order":"","neve_meta_disable_header":"","neve_meta_disable_footer":"","neve_meta_disable_title":"","footnotes":""},"categories":[123],"tags":[147,583],"class_list":["post-35091","post","type-post","status-publish","format-standard","has-post-thumbnail","hentry","category-vagas-de-emprego-nacionais","tag-vaga-de-emprego","tag-vms-servicos-empresariais"],"yoast_head":"<!-- This site is optimized with the Yoast SEO plugin v28.3 - https:\/\/yoast.com\/product\/yoast-seo-wordpress\/ -->\n<title>Ajudante Geral, Auxiliar Administrativo, Auxiliar de Limpeza, Comprador, Ajudante de Produ\u00e7\u00e3o e mais na VMS Servi\u00e7os Empresariais -<\/title>\n<meta name=\"description\" content=\"Trabalhe Conosco VMS Servi\u00e7os Empresariais. Esteja pronto para no ato da entrevista, em momento oportuno, negociar o sal\u00e1rio. Importante...\" \/>\n<meta name=\"robots\" content=\"index, follow, max-snippet:-1, max-image-preview:large, max-video-preview:-1\" \/>\n<link rel=\"canonical\" href=\"https:\/\/www.vagadeempregorj.com.br\/fr\/collaborez-avec-nous-chez-vms-business-services\/\" \/>\n<meta property=\"og:locale\" content=\"fr_FR\" \/>\n<meta property=\"og:type\" content=\"article\" \/>\n<meta property=\"og:title\" content=\"Ajudante Geral, Auxiliar Administrativo, Auxiliar de Limpeza, Comprador, Ajudante de Produ\u00e7\u00e3o e mais na VMS Servi\u00e7os Empresariais -\" \/>\n<meta property=\"og:description\" content=\"Trabalhe Conosco VMS Servi\u00e7os Empresariais. Esteja pronto para no ato da entrevista, em momento oportuno, negociar o sal\u00e1rio. Importante...\" \/>\n<meta property=\"og:url\" content=\"https:\/\/www.vagadeempregorj.com.br\/fr\/collaborez-avec-nous-chez-vms-business-services\/\" \/>\n<meta property=\"article:publisher\" content=\"https:\/\/www.facebook.com\/empregobrasiloficial\" \/>\n<meta property=\"article:published_time\" content=\"2023-09-11T03:02:00+00:00\" \/>\n<meta property=\"og:image\" content=\"https:\/\/www.vagadeempregorj.com.br\/wp-content\/uploads\/2022\/09\/Vagas-de-emprego-VMS-Servicos-Empresariais.png\" \/>\n\t<meta property=\"og:image:width\" content=\"1200\" \/>\n\t<meta property=\"og:image:height\" content=\"675\" \/>\n\t<meta property=\"og:image:type\" content=\"image\/png\" \/>\n<meta name=\"author\" content=\"Pedro Santos\" \/>\n<meta name=\"twitter:card\" content=\"summary_large_image\" \/>\n<meta name=\"twitter:label1\" content=\"\u00c9crit par\" \/>\n\t<meta name=\"twitter:data1\" content=\"Pedro Santos\" \/>\n\t<meta name=\"twitter:label2\" content=\"Dur\u00e9e de lecture estim\u00e9e\" \/>\n\t<meta name=\"twitter:data2\" content=\"1 minute\" \/>\n<script type=\"application\/ld+json\" class=\"yoast-schema-graph\">{\"@context\":\"https:\\\/\\\/schema.org\",\"@graph\":[{\"@type\":\"Article\",\"@id\":\"https:\\\/\\\/www.vagadeempregorj.com.br\\\/trabalhe-conosco-vms-servicos-empresariais\\\/#article\",\"isPartOf\":{\"@id\":\"https:\\\/\\\/www.vagadeempregorj.com.br\\\/trabalhe-conosco-vms-servicos-empresariais\\\/\"},\"author\":{\"name\":\"Pedro Santos\",\"@id\":\"https:\\\/\\\/www.vagadeempregorj.com.br\\\/#\\\/schema\\\/person\\\/ff7c1ede281066d35b2813eb13f662ef\"},\"headline\":\"Ajudante Geral, Auxiliar Administrativo, Auxiliar de Limpeza, Comprador, Ajudante de Produ\u00e7\u00e3o e mais na VMS Servi\u00e7os Empresariais\",\"datePublished\":\"2023-09-11T03:02:00+00:00\",\"mainEntityOfPage\":{\"@id\":\"https:\\\/\\\/www.vagadeempregorj.com.br\\\/trabalhe-conosco-vms-servicos-empresariais\\\/\"},\"wordCount\":411,\"image\":{\"@id\":\"https:\\\/\\\/www.vagadeempregorj.com.br\\\/trabalhe-conosco-vms-servicos-empresariais\\\/#primaryimage\"},\"thumbnailUrl\":\"https:\\\/\\\/www.vagadeempregorj.com.br\\\/wp-content\\\/uploads\\\/2022\\\/09\\\/Vagas-de-emprego-VMS-Servicos-Empresariais.png\",\"keywords\":[\"vaga de emprego\",\"VMS Servi\u00e7os Empresariais\"],\"articleSection\":[\"Vagas de Emprego Nacionais\"],\"inLanguage\":\"fr-FR\"},{\"@type\":\"WebPage\",\"@id\":\"https:\\\/\\\/www.vagadeempregorj.com.br\\\/trabalhe-conosco-vms-servicos-empresariais\\\/\",\"url\":\"https:\\\/\\\/www.vagadeempregorj.com.br\\\/trabalhe-conosco-vms-servicos-empresariais\\\/\",\"name\":\"Ajudante Geral, Auxiliar Administrativo, Auxiliar de Limpeza, Comprador, Ajudante de Produ\u00e7\u00e3o e mais na VMS Servi\u00e7os Empresariais -\",\"isPartOf\":{\"@id\":\"https:\\\/\\\/www.vagadeempregorj.com.br\\\/#website\"},\"primaryImageOfPage\":{\"@id\":\"https:\\\/\\\/www.vagadeempregorj.com.br\\\/trabalhe-conosco-vms-servicos-empresariais\\\/#primaryimage\"},\"image\":{\"@id\":\"https:\\\/\\\/www.vagadeempregorj.com.br\\\/trabalhe-conosco-vms-servicos-empresariais\\\/#primaryimage\"},\"thumbnailUrl\":\"https:\\\/\\\/www.vagadeempregorj.com.br\\\/wp-content\\\/uploads\\\/2022\\\/09\\\/Vagas-de-emprego-VMS-Servicos-Empresariais.png\",\"datePublished\":\"2023-09-11T03:02:00+00:00\",\"author\":{\"@id\":\"https:\\\/\\\/www.vagadeempregorj.com.br\\\/#\\\/schema\\\/person\\\/ff7c1ede281066d35b2813eb13f662ef\"},\"description\":\"Trabalhe Conosco VMS Servi\u00e7os Empresariais. Esteja pronto para no ato da entrevista, em momento oportuno, negociar o sal\u00e1rio. Importante...\",\"breadcrumb\":{\"@id\":\"https:\\\/\\\/www.vagadeempregorj.com.br\\\/trabalhe-conosco-vms-servicos-empresariais\\\/#breadcrumb\"},\"inLanguage\":\"fr-FR\",\"potentialAction\":[{\"@type\":\"ReadAction\",\"target\":[\"https:\\\/\\\/www.vagadeempregorj.com.br\\\/trabalhe-conosco-vms-servicos-empresariais\\\/\"]}]},{\"@type\":\"ImageObject\",\"inLanguage\":\"fr-FR\",\"@id\":\"https:\\\/\\\/www.vagadeempregorj.com.br\\\/trabalhe-conosco-vms-servicos-empresariais\\\/#primaryimage\",\"url\":\"https:\\\/\\\/www.vagadeempregorj.com.br\\\/wp-content\\\/uploads\\\/2022\\\/09\\\/Vagas-de-emprego-VMS-Servicos-Empresariais.png\",\"contentUrl\":\"https:\\\/\\\/www.vagadeempregorj.com.br\\\/wp-content\\\/uploads\\\/2022\\\/09\\\/Vagas-de-emprego-VMS-Servicos-Empresariais.png\",\"width\":1200,\"height\":675},{\"@type\":\"BreadcrumbList\",\"@id\":\"https:\\\/\\\/www.vagadeempregorj.com.br\\\/trabalhe-conosco-vms-servicos-empresariais\\\/#breadcrumb\",\"itemListElement\":[{\"@type\":\"ListItem\",\"position\":1,\"name\":\"In\u00edcio\",\"item\":\"https:\\\/\\\/www.vagadeempregorj.com.br\\\/\"},{\"@type\":\"ListItem\",\"position\":2,\"name\":\"Vagas de Emprego Nacionais\",\"item\":\"https:\\\/\\\/www.vagadeempregorj.com.br\\\/vagas-de-emprego-nacionais\\\/\"},{\"@type\":\"ListItem\",\"position\":3,\"name\":\"Ajudante Geral, Auxiliar Administrativo, Auxiliar de Limpeza, Comprador, Ajudante de Produ\u00e7\u00e3o e mais na VMS Servi\u00e7os Empresariais\"}]},{\"@type\":\"WebSite\",\"@id\":\"https:\\\/\\\/www.vagadeempregorj.com.br\\\/#website\",\"url\":\"https:\\\/\\\/www.vagadeempregorj.com.br\\\/\",\"name\":\"\",\"description\":\"Conquiste Sonhos: Vagas, Benef\u00edcios e Economia para Transformar Vidas e Alcan\u00e7ar Melhorias Cotidianas\",\"potentialAction\":[{\"@type\":\"SearchAction\",\"target\":{\"@type\":\"EntryPoint\",\"urlTemplate\":\"https:\\\/\\\/www.vagadeempregorj.com.br\\\/?s={search_term_string}\"},\"query-input\":{\"@type\":\"PropertyValueSpecification\",\"valueRequired\":true,\"valueName\":\"search_term_string\"}}],\"inLanguage\":\"fr-FR\"},{\"@type\":\"Person\",\"@id\":\"https:\\\/\\\/www.vagadeempregorj.com.br\\\/#\\\/schema\\\/person\\\/ff7c1ede281066d35b2813eb13f662ef\",\"name\":\"Pedro Santos\",\"image\":{\"@type\":\"ImageObject\",\"inLanguage\":\"fr-FR\",\"@id\":\"https:\\\/\\\/secure.gravatar.com\\\/avatar\\\/0f569c1b80e91280c9dc54d2dec96d0c5562a072cef4b08b7e3807948546027c?s=96&r=g\",\"url\":\"https:\\\/\\\/secure.gravatar.com\\\/avatar\\\/0f569c1b80e91280c9dc54d2dec96d0c5562a072cef4b08b7e3807948546027c?s=96&r=g\",\"contentUrl\":\"https:\\\/\\\/secure.gravatar.com\\\/avatar\\\/0f569c1b80e91280c9dc54d2dec96d0c5562a072cef4b08b7e3807948546027c?s=96&r=g\",\"caption\":\"Pedro Santos\"},\"description\":\"Meu nome \u00e9 Pedro e sou redator. Dedico meu tempo escrevendo vagas de emprego diariamente no portal Vaga de Emprego RJ\",\"url\":\"https:\\\/\\\/www.vagadeempregorj.com.br\\\/fr\\\/author\\\/fabio\\\/\"}]}<\/script>\n<!-- \/ Yoast SEO plugin. -->","yoast_head_json":{"title":"Aide polyvalent, assistant administratif, agent d&#039;entretien, acheteur, assistant de production et bien plus encore chez VMS Business Services -","description":"Rejoignez VMS Business Services\u00a0! Pr\u00e9parez-vous \u00e0 n\u00e9gocier votre salaire lors de l\u2019entretien, au moment opportun. Important\u2026.","robots":{"index":"index","follow":"follow","max-snippet":"max-snippet:-1","max-image-preview":"max-image-preview:large","max-video-preview":"max-video-preview:-1"},"canonical":"https:\/\/www.vagadeempregorj.com.br\/fr\/collaborez-avec-nous-chez-vms-business-services\/","og_locale":"fr_FR","og_type":"article","og_title":"Ajudante Geral, Auxiliar Administrativo, Auxiliar de Limpeza, Comprador, Ajudante de Produ\u00e7\u00e3o e mais na VMS Servi\u00e7os Empresariais -","og_description":"Trabalhe Conosco VMS Servi\u00e7os Empresariais. Esteja pronto para no ato da entrevista, em momento oportuno, negociar o sal\u00e1rio. Importante...","og_url":"https:\/\/www.vagadeempregorj.com.br\/fr\/collaborez-avec-nous-chez-vms-business-services\/","article_publisher":"https:\/\/www.facebook.com\/empregobrasiloficial","article_published_time":"2023-09-11T03:02:00+00:00","og_image":[{"width":1200,"height":675,"url":"https:\/\/www.vagadeempregorj.com.br\/wp-content\/uploads\/2022\/09\/Vagas-de-emprego-VMS-Servicos-Empresariais.png","type":"image\/png"}],"author":"Pedro Santos","twitter_card":"summary_large_image","twitter_misc":{"\u00c9crit par":"Pedro Santos","Dur\u00e9e de lecture estim\u00e9e":"1 minute"},"schema":{"@context":"https:\/\/schema.org","@graph":[{"@type":"Article","@id":"https:\/\/www.vagadeempregorj.com.br\/trabalhe-conosco-vms-servicos-empresariais\/#article","isPartOf":{"@id":"https:\/\/www.vagadeempregorj.com.br\/trabalhe-conosco-vms-servicos-empresariais\/"},"author":{"name":"Pedro Santos","@id":"https:\/\/www.vagadeempregorj.com.br\/#\/schema\/person\/ff7c1ede281066d35b2813eb13f662ef"},"headline":"Ajudante Geral, Auxiliar Administrativo, Auxiliar de Limpeza, Comprador, Ajudante de Produ\u00e7\u00e3o e mais na VMS Servi\u00e7os Empresariais","datePublished":"2023-09-11T03:02:00+00:00","mainEntityOfPage":{"@id":"https:\/\/www.vagadeempregorj.com.br\/trabalhe-conosco-vms-servicos-empresariais\/"},"wordCount":411,"image":{"@id":"https:\/\/www.vagadeempregorj.com.br\/trabalhe-conosco-vms-servicos-empresariais\/#primaryimage"},"thumbnailUrl":"https:\/\/www.vagadeempregorj.com.br\/wp-content\/uploads\/2022\/09\/Vagas-de-emprego-VMS-Servicos-Empresariais.png","keywords":["vaga de emprego","VMS Servi\u00e7os Empresariais"],"articleSection":["Vagas de Emprego Nacionais"],"inLanguage":"fr-FR"},{"@type":"WebPage","@id":"https:\/\/www.vagadeempregorj.com.br\/trabalhe-conosco-vms-servicos-empresariais\/","url":"https:\/\/www.vagadeempregorj.com.br\/trabalhe-conosco-vms-servicos-empresariais\/","name":"Aide polyvalent, assistant administratif, agent d&#039;entretien, acheteur, assistant de production et bien plus encore chez VMS Business Services -","isPartOf":{"@id":"https:\/\/www.vagadeempregorj.com.br\/#website"},"primaryImageOfPage":{"@id":"https:\/\/www.vagadeempregorj.com.br\/trabalhe-conosco-vms-servicos-empresariais\/#primaryimage"},"image":{"@id":"https:\/\/www.vagadeempregorj.com.br\/trabalhe-conosco-vms-servicos-empresariais\/#primaryimage"},"thumbnailUrl":"https:\/\/www.vagadeempregorj.com.br\/wp-content\/uploads\/2022\/09\/Vagas-de-emprego-VMS-Servicos-Empresariais.png","datePublished":"2023-09-11T03:02:00+00:00","author":{"@id":"https:\/\/www.vagadeempregorj.com.br\/#\/schema\/person\/ff7c1ede281066d35b2813eb13f662ef"},"description":"Rejoignez VMS Business Services\u00a0! Pr\u00e9parez-vous \u00e0 n\u00e9gocier votre salaire lors de l\u2019entretien, au moment opportun. Important\u2026.","breadcrumb":{"@id":"https:\/\/www.vagadeempregorj.com.br\/trabalhe-conosco-vms-servicos-empresariais\/#breadcrumb"},"inLanguage":"fr-FR","potentialAction":[{"@type":"ReadAction","target":["https:\/\/www.vagadeempregorj.com.br\/trabalhe-conosco-vms-servicos-empresariais\/"]}]},{"@type":"ImageObject","inLanguage":"fr-FR","@id":"https:\/\/www.vagadeempregorj.com.br\/trabalhe-conosco-vms-servicos-empresariais\/#primaryimage","url":"https:\/\/www.vagadeempregorj.com.br\/wp-content\/uploads\/2022\/09\/Vagas-de-emprego-VMS-Servicos-Empresariais.png","contentUrl":"https:\/\/www.vagadeempregorj.com.br\/wp-content\/uploads\/2022\/09\/Vagas-de-emprego-VMS-Servicos-Empresariais.png","width":1200,"height":675},{"@type":"BreadcrumbList","@id":"https:\/\/www.vagadeempregorj.com.br\/trabalhe-conosco-vms-servicos-empresariais\/#breadcrumb","itemListElement":[{"@type":"ListItem","position":1,"name":"In\u00edcio","item":"https:\/\/www.vagadeempregorj.com.br\/"},{"@type":"ListItem","position":2,"name":"Vagas de Emprego Nacionais","item":"https:\/\/www.vagadeempregorj.com.br\/vagas-de-emprego-nacionais\/"},{"@type":"ListItem","position":3,"name":"Ajudante Geral, Auxiliar Administrativo, Auxiliar de Limpeza, Comprador, Ajudante de Produ\u00e7\u00e3o e mais na VMS Servi\u00e7os Empresariais"}]},{"@type":"WebSite","@id":"https:\/\/www.vagadeempregorj.com.br\/#website","url":"https:\/\/www.vagadeempregorj.com.br\/","name":"","description":"R\u00e9alisez vos r\u00eaves\u00a0: offres d\u2019emploi, avantages sociaux et \u00e9conomies pour transformer des vies et am\u00e9liorer votre quotidien.","potentialAction":[{"@type":"SearchAction","target":{"@type":"EntryPoint","urlTemplate":"https:\/\/www.vagadeempregorj.com.br\/?s={search_term_string}"},"query-input":{"@type":"PropertyValueSpecification","valueRequired":true,"valueName":"search_term_string"}}],"inLanguage":"fr-FR"},{"@type":"Person","@id":"https:\/\/www.vagadeempregorj.com.br\/#\/schema\/person\/ff7c1ede281066d35b2813eb13f662ef","name":"Pedro Santos","image":{"@type":"ImageObject","inLanguage":"fr-FR","@id":"https:\/\/secure.gravatar.com\/avatar\/0f569c1b80e91280c9dc54d2dec96d0c5562a072cef4b08b7e3807948546027c?s=96&r=g","url":"https:\/\/secure.gravatar.com\/avatar\/0f569c1b80e91280c9dc54d2dec96d0c5562a072cef4b08b7e3807948546027c?s=96&r=g","contentUrl":"https:\/\/secure.gravatar.com\/avatar\/0f569c1b80e91280c9dc54d2dec96d0c5562a072cef4b08b7e3807948546027c?s=96&r=g","caption":"Pedro Santos"},"description":"Je m&#039;appelle Pedro et je suis r\u00e9dacteur. Je consacre mon temps \u00e0 la r\u00e9daction quotidienne d&#039;offres d&#039;emploi pour le portail Vaga de Emprego RJ.","url":"https:\/\/www.vagadeempregorj.com.br\/fr\/author\/fabio\/"}]}},"_links":{"self":[{"href":"https:\/\/www.vagadeempregorj.com.br\/fr\/wp-json\/wp\/v2\/posts\/35091","targetHints":{"allow":["GET"]}}],"collection":[{"href":"https:\/\/www.vagadeempregorj.com.br\/fr\/wp-json\/wp\/v2\/posts"}],"about":[{"href":"https:\/\/www.vagadeempregorj.com.br\/fr\/wp-json\/wp\/v2\/types\/post"}],"author":[{"embeddable":true,"href":"https:\/\/www.vagadeempregorj.com.br\/fr\/wp-json\/wp\/v2\/users\/10"}],"replies":[{"embeddable":true,"href":"https:\/\/www.vagadeempregorj.com.br\/fr\/wp-json\/wp\/v2\/comments?post=35091"}],"version-history":[{"count":0,"href":"https:\/\/www.vagadeempregorj.com.br\/fr\/wp-json\/wp\/v2\/posts\/35091\/revisions"}],"wp:featuredmedia":[{"embeddable":true,"href":"https:\/\/www.vagadeempregorj.com.br\/fr\/wp-json\/wp\/v2\/media\/35095"}],"wp:attachment":[{"href":"https:\/\/www.vagadeempregorj.com.br\/fr\/wp-json\/wp\/v2\/media?parent=35091"}],"wp:term":[{"taxonomy":"category","embeddable":true,"href":"https:\/\/www.vagadeempregorj.com.br\/fr\/wp-json\/wp\/v2\/categories?post=35091"},{"taxonomy":"post_tag","embeddable":true,"href":"https:\/\/www.vagadeempregorj.com.br\/fr\/wp-json\/wp\/v2\/tags?post=35091"}],"curies":[{"name":"wp","href":"https:\/\/api.w.org\/{rel}","templated":true}]}}