{"id":35321,"date":"2023-10-13T08:24:00","date_gmt":"2023-10-13T11:24:00","guid":{"rendered":"https:\/\/www.vagadeempregorj.com.br\/?p=35321"},"modified":"2023-10-12T11:39:52","modified_gmt":"2023-10-12T14:39:52","slug":"trabalhe-conosco-band-vagas","status":"publish","type":"post","link":"https:\/\/www.vagadeempregorj.com.br\/fr\/trabalhe-conosco-band-vagas\/","title":{"rendered":"Auxiliar Administrativo, Analista de Recursos Humanos, Executivo de Contas J\u00fanior, Estagi\u00e1rio e muito mais na Empresa Grupo Bandeirantes de Telecomunica\u00e7\u00f5es"},"content":{"rendered":"<p>Atualizado em<\/p>\n\n\n<div class=\"wp-block-post-date\"><time datetime=\"2023-10-13T08:24:00-03:00\">13\/10\/2023<\/time><\/div>\n\n\n<p>Quer saber como come\u00e7ar a trabalhar em um dos principais grupos de comunica\u00e7\u00e3o do Brasil? <\/p>\n\n\n\n<p>Leia o nosso texto e descubra como trabalhar na Band.&nbsp;<\/p>\n\n\n\n<h2 class=\"wp-block-heading\">Hist\u00f3ria da Band&nbsp;<\/h2>\n\n\n\n<p>O Grupo Bandeirantes de Telecomunica\u00e7\u00e3o,tem uma forte presen\u00e7a&nbsp; em nossa hist\u00f3ria h\u00e1 quase 80 anos, essa presen\u00e7a foi, \u00e9 e ser\u00e1 marcada por acontecimentos hist\u00f3ricos no Brasil e no mundo. trabalhar na Band para preencher suas vagas trabalhando conosco na Band.<\/p>\n\n\n\n<p>A Rede Bandeirantes de Televis\u00e3o (tamb\u00e9m conhecida como Band) \u00e9 um canal de televis\u00e3o brasileiro que pertence ao grupo Bandeirantes de Comunica\u00e7\u00e3o. Foi encomendado em 13 de maio de 1967.&nbsp;<\/p>\n\n\n\n<p>Seu fundador foi Jo\u00e3o Saad, cujo sogro, o pol\u00edtico Adhemar de Barros, ex-propriet\u00e1rio da R\u00e1dio Bandeirantes. Atualmente, a emissora \u00e9 administrada por Johnny Saad, filho de Jo\u00e3o Saad.<\/p>\n\n\n\n<h2 class=\"wp-block-heading\">\u00c1reas de atua\u00e7\u00e3o e diferenciais<\/h2>\n\n\n\n<p>Al\u00e9m da Rede Bandeirantes de televis\u00e3o, assim como A R\u00e1dio Bandeirantes, a Band \u00e9 conhecida como uma empresa de forte presen\u00e7a nacional, e tem um caracter\u00edstica nacionalista muito atraente que afirma que a empresa acredita no crescimento e&nbsp; desenvolvimento do Brasil.&nbsp;<\/p>\n\n\n\n<p>O Grupo Bandeirantes&nbsp; atualmente \u00e9 composto por v\u00e1rias empresas e cada uma delas requer profissionais de diferentes \u00e1reas.Al\u00e9m da Rede Bandeirantes de Televis\u00e3o, o Grupo Bandeirantes tamb\u00e9m possui o Canal 21, o canal de not\u00edcias Band News, o canal esportivo Band Sports , o canal er\u00f3tico SexPrive, as r\u00e1dios Band News FM, Nativa e Band Vale e o jornal di\u00e1rio Metro.<\/p>\n\n\n\n<p>Para manter&nbsp; sua posi\u00e7\u00e3o de excel\u00eancia, a Band acompanha as evolu\u00e7\u00f5es tecnol\u00f3gicas, integrando-as aos seus meios de comunica\u00e7\u00e3o em&nbsp; ritmo intenso e acelerado da revolu\u00e7\u00e3o digital, e por isso o grupo Bandeirantes de Telecomunica\u00e7\u00f5es investe para deixar seu p\u00fablico cada vez mais satisfeito, oferecendo cada vez mais &nbsp; programas e produtos desenvolvidos com qualidade.<\/p>\n\n\n\n<p>O crescimento do grupo Bandeirantes de Telecomunica\u00e7\u00e3o \u00e9 not\u00e1vel porque o grupo conta atualmente com duas redes de televis\u00e3o aberta, tr\u00eas canais de televis\u00e3o fechados ou subscritos e tamb\u00e9m seis redes de r\u00e1dio e destas seis redes de r\u00e1dio o Grupo Bandeirantes de Telecomunica\u00e7\u00f5es tornou-se a maior r\u00e1dio grupo do pa\u00eds, possui a maior plataforma interativa do pa\u00eds, uma gravadora de sucesso, uma distribuidora de sinal e conte\u00fado a cabo e o jornal classificados.<\/p>\n\n\n\n<h2 class=\"wp-block-heading\">Como se cadastrar para vagas na Band?&nbsp;<\/h2>\n\n\n\n<p>Para se cadastrar para uma vaga na Band voc\u00ea pode acessar https:\/\/bandeirantes.gupy.io\/, onde ter\u00e1 acesso \u00e0 todas as vagas dispon\u00edveis na Band em todo o territ\u00f3rio nacional.&nbsp;<\/p>\n\n\n\n<p>Mas antes de se candidatar \u00e0 vaga ser\u00e1 necess\u00e1rio realizar o cadastro na plataforma onde voc\u00ea enviar\u00e1 o seu curr\u00edculo. O cadastro pode ser feito da maneira tradicional, onde voc\u00ea envia todas as suas informa\u00e7\u00f5es como nome completo, endere\u00e7o de email, al\u00e9m da cria\u00e7\u00e3o de uma senha.&nbsp;<\/p>\n\n\n\n<p>Por\u00e9m, esse processo pode ser simplificado atrav\u00e9s da op\u00e7\u00e3o na qual voc\u00ea realiza o cadastro com o seu perfil no Facebook ou do Linkedin.&nbsp;<\/p>\n\n\n\n<p>Com esse cadastro realizado ser\u00e1 necess\u00e1rio ent\u00e3o fazer o envio de suas informa\u00e7\u00f5es profissionais para que fique apto a se assim voc\u00ea esteja apto a se candidatar a vaga escolhida.&nbsp;<\/p>\n\n\n\n<p>Com o cadastro completo, ache a vaga desejada e clique em Candidatar-se para a vaga. Vale lembrar que aqui \u00e9 poss\u00edvel se candidatar para vagas que est\u00e3o em fase de processo seletivo ou simplesmente deixar o seu curr\u00edculo cadastrado Banco de Talentos manifestando o interesse na vaga em quest\u00e3o.&nbsp;<\/p>\n\n\n\n<div class=\"wp-block-buttons is-horizontal is-content-justification-center is-layout-flex wp-container-core-buttons-is-layout-499968f5 wp-block-buttons-is-layout-flex\">\n<div class=\"wp-block-button\"><a class=\"wp-block-button__link has-black-color has-text-color has-background wp-element-button\" href=\"https:\/\/www.vagadeempregorj.com.br\/fr\/vagas-de-emprego-nacionais\/\" style=\"border-radius:29px;background:linear-gradient(2deg,rgb(255,134,50) 60%,rgb(255,197,71) 100%)\"><strong>VEJA NOVAS VAGAS PARA SE CANDIDATAR<\/strong><\/a><\/div>\n<\/div>","protected":false},"excerpt":{"rendered":"<p>Trabalhe Conosco Band Vagas. Esteja pronto para no ato da entrevista, em momento oportuno, negociar o sal\u00e1rio. Importante: entenda sobre a empresa, privilegie as raz\u00f5es para o valor em prol da empresa e n\u00e3o de argumentos pessoais, como: pagamento de financiamento, cart\u00e3o de cr\u00e9dito, faculdade, empr\u00e9stimo ou d\u00edvida. <\/p>","protected":false},"author":10,"featured_media":35330,"comment_status":"closed","ping_status":"closed","sticky":false,"template":"","format":"standard","meta":{"neve_meta_sidebar":"","neve_meta_container":"","neve_meta_enable_content_width":"","neve_meta_content_width":0,"neve_meta_title_alignment":"","neve_meta_author_avatar":"","neve_post_elements_order":"","neve_meta_disable_header":"","neve_meta_disable_footer":"","neve_meta_disable_title":"","footnotes":""},"categories":[123],"tags":[595,147],"class_list":["post-35321","post","type-post","status-publish","format-standard","has-post-thumbnail","hentry","category-vagas-de-emprego-nacionais","tag-band-vagas","tag-vaga-de-emprego"],"yoast_head":"<!-- This site is optimized with the Yoast SEO plugin v27.5 - https:\/\/yoast.com\/product\/yoast-seo-wordpress\/ -->\n<title>Auxiliar Administrativo, Analista de Recursos Humanos, Executivo de Contas J\u00fanior, Estagi\u00e1rio e muito mais na Empresa Grupo Bandeirantes de Telecomunica\u00e7\u00f5es -<\/title>\n<meta name=\"description\" content=\"Trabalhe Conosco Band Vagas. Esteja pronto para no ato da entrevista, em momento oportuno, negociar o sal\u00e1rio. Importante: entenda sobre a...\" \/>\n<meta name=\"robots\" content=\"index, follow, max-snippet:-1, max-image-preview:large, max-video-preview:-1\" \/>\n<link rel=\"canonical\" href=\"https:\/\/www.vagadeempregorj.com.br\/fr\/trabalhe-conosco-band-vagas\/\" \/>\n<meta property=\"og:locale\" content=\"fr_FR\" \/>\n<meta property=\"og:type\" content=\"article\" \/>\n<meta property=\"og:title\" content=\"Auxiliar Administrativo, Analista de Recursos Humanos, Executivo de Contas J\u00fanior, Estagi\u00e1rio e muito mais na Empresa Grupo Bandeirantes de Telecomunica\u00e7\u00f5es -\" \/>\n<meta property=\"og:description\" content=\"Trabalhe Conosco Band Vagas. Esteja pronto para no ato da entrevista, em momento oportuno, negociar o sal\u00e1rio. Importante: entenda sobre a...\" \/>\n<meta property=\"og:url\" content=\"https:\/\/www.vagadeempregorj.com.br\/fr\/trabalhe-conosco-band-vagas\/\" \/>\n<meta property=\"article:publisher\" content=\"https:\/\/www.facebook.com\/empregobrasiloficial\" \/>\n<meta property=\"article:published_time\" content=\"2023-10-13T11:24:00+00:00\" \/>\n<meta property=\"og:image\" content=\"https:\/\/www.vagadeempregorj.com.br\/wp-content\/uploads\/2022\/09\/Trabalhe-Conosco-Band-Vagas.png\" \/>\n\t<meta property=\"og:image:width\" content=\"1200\" \/>\n\t<meta property=\"og:image:height\" content=\"675\" \/>\n\t<meta property=\"og:image:type\" content=\"image\/png\" \/>\n<meta name=\"author\" content=\"Pedro Santos\" \/>\n<meta name=\"twitter:card\" content=\"summary_large_image\" \/>\n<meta name=\"twitter:label1\" content=\"Written by\" \/>\n\t<meta name=\"twitter:data1\" content=\"Pedro Santos\" \/>\n\t<meta name=\"twitter:label2\" content=\"Est. reading time\" \/>\n\t<meta name=\"twitter:data2\" content=\"1 minute\" \/>\n<script type=\"application\/ld+json\" class=\"yoast-schema-graph\">{\"@context\":\"https:\\\/\\\/schema.org\",\"@graph\":[{\"@type\":\"Article\",\"@id\":\"https:\\\/\\\/www.vagadeempregorj.com.br\\\/trabalhe-conosco-band-vagas\\\/#article\",\"isPartOf\":{\"@id\":\"https:\\\/\\\/www.vagadeempregorj.com.br\\\/trabalhe-conosco-band-vagas\\\/\"},\"author\":{\"name\":\"Pedro Santos\",\"@id\":\"https:\\\/\\\/www.vagadeempregorj.com.br\\\/#\\\/schema\\\/person\\\/ff7c1ede281066d35b2813eb13f662ef\"},\"headline\":\"Auxiliar Administrativo, Analista de Recursos Humanos, Executivo de Contas J\u00fanior, Estagi\u00e1rio e muito mais na Empresa Grupo Bandeirantes de Telecomunica\u00e7\u00f5es\",\"datePublished\":\"2023-10-13T11:24:00+00:00\",\"mainEntityOfPage\":{\"@id\":\"https:\\\/\\\/www.vagadeempregorj.com.br\\\/trabalhe-conosco-band-vagas\\\/\"},\"wordCount\":653,\"image\":{\"@id\":\"https:\\\/\\\/www.vagadeempregorj.com.br\\\/trabalhe-conosco-band-vagas\\\/#primaryimage\"},\"thumbnailUrl\":\"https:\\\/\\\/www.vagadeempregorj.com.br\\\/wp-content\\\/uploads\\\/2022\\\/09\\\/Trabalhe-Conosco-Band-Vagas.png\",\"keywords\":[\"Band Vagas\",\"vaga de emprego\"],\"articleSection\":[\"Vagas de Emprego Nacionais\"],\"inLanguage\":\"fr-FR\"},{\"@type\":\"WebPage\",\"@id\":\"https:\\\/\\\/www.vagadeempregorj.com.br\\\/trabalhe-conosco-band-vagas\\\/\",\"url\":\"https:\\\/\\\/www.vagadeempregorj.com.br\\\/trabalhe-conosco-band-vagas\\\/\",\"name\":\"Auxiliar Administrativo, Analista de Recursos Humanos, Executivo de Contas J\u00fanior, Estagi\u00e1rio e muito mais na Empresa Grupo Bandeirantes de Telecomunica\u00e7\u00f5es -\",\"isPartOf\":{\"@id\":\"https:\\\/\\\/www.vagadeempregorj.com.br\\\/#website\"},\"primaryImageOfPage\":{\"@id\":\"https:\\\/\\\/www.vagadeempregorj.com.br\\\/trabalhe-conosco-band-vagas\\\/#primaryimage\"},\"image\":{\"@id\":\"https:\\\/\\\/www.vagadeempregorj.com.br\\\/trabalhe-conosco-band-vagas\\\/#primaryimage\"},\"thumbnailUrl\":\"https:\\\/\\\/www.vagadeempregorj.com.br\\\/wp-content\\\/uploads\\\/2022\\\/09\\\/Trabalhe-Conosco-Band-Vagas.png\",\"datePublished\":\"2023-10-13T11:24:00+00:00\",\"author\":{\"@id\":\"https:\\\/\\\/www.vagadeempregorj.com.br\\\/#\\\/schema\\\/person\\\/ff7c1ede281066d35b2813eb13f662ef\"},\"description\":\"Trabalhe Conosco Band Vagas. Esteja pronto para no ato da entrevista, em momento oportuno, negociar o sal\u00e1rio. Importante: entenda sobre a...\",\"breadcrumb\":{\"@id\":\"https:\\\/\\\/www.vagadeempregorj.com.br\\\/trabalhe-conosco-band-vagas\\\/#breadcrumb\"},\"inLanguage\":\"fr-FR\",\"potentialAction\":[{\"@type\":\"ReadAction\",\"target\":[\"https:\\\/\\\/www.vagadeempregorj.com.br\\\/trabalhe-conosco-band-vagas\\\/\"]}]},{\"@type\":\"ImageObject\",\"inLanguage\":\"fr-FR\",\"@id\":\"https:\\\/\\\/www.vagadeempregorj.com.br\\\/trabalhe-conosco-band-vagas\\\/#primaryimage\",\"url\":\"https:\\\/\\\/www.vagadeempregorj.com.br\\\/wp-content\\\/uploads\\\/2022\\\/09\\\/Trabalhe-Conosco-Band-Vagas.png\",\"contentUrl\":\"https:\\\/\\\/www.vagadeempregorj.com.br\\\/wp-content\\\/uploads\\\/2022\\\/09\\\/Trabalhe-Conosco-Band-Vagas.png\",\"width\":1200,\"height\":675},{\"@type\":\"BreadcrumbList\",\"@id\":\"https:\\\/\\\/www.vagadeempregorj.com.br\\\/trabalhe-conosco-band-vagas\\\/#breadcrumb\",\"itemListElement\":[{\"@type\":\"ListItem\",\"position\":1,\"name\":\"In\u00edcio\",\"item\":\"https:\\\/\\\/www.vagadeempregorj.com.br\\\/\"},{\"@type\":\"ListItem\",\"position\":2,\"name\":\"Vagas de Emprego Nacionais\",\"item\":\"https:\\\/\\\/www.vagadeempregorj.com.br\\\/vagas-de-emprego-nacionais\\\/\"},{\"@type\":\"ListItem\",\"position\":3,\"name\":\"Auxiliar Administrativo, Analista de Recursos Humanos, Executivo de Contas J\u00fanior, Estagi\u00e1rio e muito mais na Empresa Grupo Bandeirantes de Telecomunica\u00e7\u00f5es\"}]},{\"@type\":\"WebSite\",\"@id\":\"https:\\\/\\\/www.vagadeempregorj.com.br\\\/#website\",\"url\":\"https:\\\/\\\/www.vagadeempregorj.com.br\\\/\",\"name\":\"\",\"description\":\"Conquiste Sonhos: Vagas, Benef\u00edcios e Economia para Transformar Vidas e Alcan\u00e7ar Melhorias Cotidianas\",\"potentialAction\":[{\"@type\":\"SearchAction\",\"target\":{\"@type\":\"EntryPoint\",\"urlTemplate\":\"https:\\\/\\\/www.vagadeempregorj.com.br\\\/?s={search_term_string}\"},\"query-input\":{\"@type\":\"PropertyValueSpecification\",\"valueRequired\":true,\"valueName\":\"search_term_string\"}}],\"inLanguage\":\"fr-FR\"},{\"@type\":\"Person\",\"@id\":\"https:\\\/\\\/www.vagadeempregorj.com.br\\\/#\\\/schema\\\/person\\\/ff7c1ede281066d35b2813eb13f662ef\",\"name\":\"Pedro Santos\",\"image\":{\"@type\":\"ImageObject\",\"inLanguage\":\"fr-FR\",\"@id\":\"https:\\\/\\\/secure.gravatar.com\\\/avatar\\\/0f569c1b80e91280c9dc54d2dec96d0c5562a072cef4b08b7e3807948546027c?s=96&r=g\",\"url\":\"https:\\\/\\\/secure.gravatar.com\\\/avatar\\\/0f569c1b80e91280c9dc54d2dec96d0c5562a072cef4b08b7e3807948546027c?s=96&r=g\",\"contentUrl\":\"https:\\\/\\\/secure.gravatar.com\\\/avatar\\\/0f569c1b80e91280c9dc54d2dec96d0c5562a072cef4b08b7e3807948546027c?s=96&r=g\",\"caption\":\"Pedro Santos\"},\"description\":\"Meu nome \u00e9 Pedro e sou redator. Dedico meu tempo escrevendo vagas de emprego diariamente no portal Vaga de Emprego RJ\",\"url\":\"https:\\\/\\\/www.vagadeempregorj.com.br\\\/fr\\\/author\\\/fabio\\\/\"}]}<\/script>\n<!-- \/ Yoast SEO plugin. -->","yoast_head_json":{"title":"Auxiliar Administrativo, Analista de Recursos Humanos, Executivo de Contas J\u00fanior, Estagi\u00e1rio e muito mais na Empresa Grupo Bandeirantes de Telecomunica\u00e7\u00f5es -","description":"Trabalhe Conosco Band Vagas. Esteja pronto para no ato da entrevista, em momento oportuno, negociar o sal\u00e1rio. Importante: entenda sobre a...","robots":{"index":"index","follow":"follow","max-snippet":"max-snippet:-1","max-image-preview":"max-image-preview:large","max-video-preview":"max-video-preview:-1"},"canonical":"https:\/\/www.vagadeempregorj.com.br\/fr\/trabalhe-conosco-band-vagas\/","og_locale":"fr_FR","og_type":"article","og_title":"Auxiliar Administrativo, Analista de Recursos Humanos, Executivo de Contas J\u00fanior, Estagi\u00e1rio e muito mais na Empresa Grupo Bandeirantes de Telecomunica\u00e7\u00f5es -","og_description":"Trabalhe Conosco Band Vagas. Esteja pronto para no ato da entrevista, em momento oportuno, negociar o sal\u00e1rio. Importante: entenda sobre a...","og_url":"https:\/\/www.vagadeempregorj.com.br\/fr\/trabalhe-conosco-band-vagas\/","article_publisher":"https:\/\/www.facebook.com\/empregobrasiloficial","article_published_time":"2023-10-13T11:24:00+00:00","og_image":[{"width":1200,"height":675,"url":"https:\/\/www.vagadeempregorj.com.br\/wp-content\/uploads\/2022\/09\/Trabalhe-Conosco-Band-Vagas.png","type":"image\/png"}],"author":"Pedro Santos","twitter_card":"summary_large_image","twitter_misc":{"Written by":"Pedro Santos","Est. reading time":"1 minute"},"schema":{"@context":"https:\/\/schema.org","@graph":[{"@type":"Article","@id":"https:\/\/www.vagadeempregorj.com.br\/trabalhe-conosco-band-vagas\/#article","isPartOf":{"@id":"https:\/\/www.vagadeempregorj.com.br\/trabalhe-conosco-band-vagas\/"},"author":{"name":"Pedro Santos","@id":"https:\/\/www.vagadeempregorj.com.br\/#\/schema\/person\/ff7c1ede281066d35b2813eb13f662ef"},"headline":"Auxiliar Administrativo, Analista de Recursos Humanos, Executivo de Contas J\u00fanior, Estagi\u00e1rio e muito mais na Empresa Grupo Bandeirantes de Telecomunica\u00e7\u00f5es","datePublished":"2023-10-13T11:24:00+00:00","mainEntityOfPage":{"@id":"https:\/\/www.vagadeempregorj.com.br\/trabalhe-conosco-band-vagas\/"},"wordCount":653,"image":{"@id":"https:\/\/www.vagadeempregorj.com.br\/trabalhe-conosco-band-vagas\/#primaryimage"},"thumbnailUrl":"https:\/\/www.vagadeempregorj.com.br\/wp-content\/uploads\/2022\/09\/Trabalhe-Conosco-Band-Vagas.png","keywords":["Band Vagas","vaga de emprego"],"articleSection":["Vagas de Emprego Nacionais"],"inLanguage":"fr-FR"},{"@type":"WebPage","@id":"https:\/\/www.vagadeempregorj.com.br\/trabalhe-conosco-band-vagas\/","url":"https:\/\/www.vagadeempregorj.com.br\/trabalhe-conosco-band-vagas\/","name":"Auxiliar Administrativo, Analista de Recursos Humanos, Executivo de Contas J\u00fanior, Estagi\u00e1rio e muito mais na Empresa Grupo Bandeirantes de Telecomunica\u00e7\u00f5es -","isPartOf":{"@id":"https:\/\/www.vagadeempregorj.com.br\/#website"},"primaryImageOfPage":{"@id":"https:\/\/www.vagadeempregorj.com.br\/trabalhe-conosco-band-vagas\/#primaryimage"},"image":{"@id":"https:\/\/www.vagadeempregorj.com.br\/trabalhe-conosco-band-vagas\/#primaryimage"},"thumbnailUrl":"https:\/\/www.vagadeempregorj.com.br\/wp-content\/uploads\/2022\/09\/Trabalhe-Conosco-Band-Vagas.png","datePublished":"2023-10-13T11:24:00+00:00","author":{"@id":"https:\/\/www.vagadeempregorj.com.br\/#\/schema\/person\/ff7c1ede281066d35b2813eb13f662ef"},"description":"Trabalhe Conosco Band Vagas. Esteja pronto para no ato da entrevista, em momento oportuno, negociar o sal\u00e1rio. Importante: entenda sobre a...","breadcrumb":{"@id":"https:\/\/www.vagadeempregorj.com.br\/trabalhe-conosco-band-vagas\/#breadcrumb"},"inLanguage":"fr-FR","potentialAction":[{"@type":"ReadAction","target":["https:\/\/www.vagadeempregorj.com.br\/trabalhe-conosco-band-vagas\/"]}]},{"@type":"ImageObject","inLanguage":"fr-FR","@id":"https:\/\/www.vagadeempregorj.com.br\/trabalhe-conosco-band-vagas\/#primaryimage","url":"https:\/\/www.vagadeempregorj.com.br\/wp-content\/uploads\/2022\/09\/Trabalhe-Conosco-Band-Vagas.png","contentUrl":"https:\/\/www.vagadeempregorj.com.br\/wp-content\/uploads\/2022\/09\/Trabalhe-Conosco-Band-Vagas.png","width":1200,"height":675},{"@type":"BreadcrumbList","@id":"https:\/\/www.vagadeempregorj.com.br\/trabalhe-conosco-band-vagas\/#breadcrumb","itemListElement":[{"@type":"ListItem","position":1,"name":"In\u00edcio","item":"https:\/\/www.vagadeempregorj.com.br\/"},{"@type":"ListItem","position":2,"name":"Vagas de Emprego Nacionais","item":"https:\/\/www.vagadeempregorj.com.br\/vagas-de-emprego-nacionais\/"},{"@type":"ListItem","position":3,"name":"Auxiliar Administrativo, Analista de Recursos Humanos, Executivo de Contas J\u00fanior, Estagi\u00e1rio e muito mais na Empresa Grupo Bandeirantes de Telecomunica\u00e7\u00f5es"}]},{"@type":"WebSite","@id":"https:\/\/www.vagadeempregorj.com.br\/#website","url":"https:\/\/www.vagadeempregorj.com.br\/","name":"","description":"Conquiste Sonhos: Vagas, Benef\u00edcios e Economia para Transformar Vidas e Alcan\u00e7ar Melhorias Cotidianas","potentialAction":[{"@type":"SearchAction","target":{"@type":"EntryPoint","urlTemplate":"https:\/\/www.vagadeempregorj.com.br\/?s={search_term_string}"},"query-input":{"@type":"PropertyValueSpecification","valueRequired":true,"valueName":"search_term_string"}}],"inLanguage":"fr-FR"},{"@type":"Person","@id":"https:\/\/www.vagadeempregorj.com.br\/#\/schema\/person\/ff7c1ede281066d35b2813eb13f662ef","name":"Pedro Santos","image":{"@type":"ImageObject","inLanguage":"fr-FR","@id":"https:\/\/secure.gravatar.com\/avatar\/0f569c1b80e91280c9dc54d2dec96d0c5562a072cef4b08b7e3807948546027c?s=96&r=g","url":"https:\/\/secure.gravatar.com\/avatar\/0f569c1b80e91280c9dc54d2dec96d0c5562a072cef4b08b7e3807948546027c?s=96&r=g","contentUrl":"https:\/\/secure.gravatar.com\/avatar\/0f569c1b80e91280c9dc54d2dec96d0c5562a072cef4b08b7e3807948546027c?s=96&r=g","caption":"Pedro Santos"},"description":"Meu nome \u00e9 Pedro e sou redator. Dedico meu tempo escrevendo vagas de emprego diariamente no portal Vaga de Emprego RJ","url":"https:\/\/www.vagadeempregorj.com.br\/fr\/author\/fabio\/"}]}},"_links":{"self":[{"href":"https:\/\/www.vagadeempregorj.com.br\/fr\/wp-json\/wp\/v2\/posts\/35321","targetHints":{"allow":["GET"]}}],"collection":[{"href":"https:\/\/www.vagadeempregorj.com.br\/fr\/wp-json\/wp\/v2\/posts"}],"about":[{"href":"https:\/\/www.vagadeempregorj.com.br\/fr\/wp-json\/wp\/v2\/types\/post"}],"author":[{"embeddable":true,"href":"https:\/\/www.vagadeempregorj.com.br\/fr\/wp-json\/wp\/v2\/users\/10"}],"replies":[{"embeddable":true,"href":"https:\/\/www.vagadeempregorj.com.br\/fr\/wp-json\/wp\/v2\/comments?post=35321"}],"version-history":[{"count":0,"href":"https:\/\/www.vagadeempregorj.com.br\/fr\/wp-json\/wp\/v2\/posts\/35321\/revisions"}],"wp:featuredmedia":[{"embeddable":true,"href":"https:\/\/www.vagadeempregorj.com.br\/fr\/wp-json\/wp\/v2\/media\/35330"}],"wp:attachment":[{"href":"https:\/\/www.vagadeempregorj.com.br\/fr\/wp-json\/wp\/v2\/media?parent=35321"}],"wp:term":[{"taxonomy":"category","embeddable":true,"href":"https:\/\/www.vagadeempregorj.com.br\/fr\/wp-json\/wp\/v2\/categories?post=35321"},{"taxonomy":"post_tag","embeddable":true,"href":"https:\/\/www.vagadeempregorj.com.br\/fr\/wp-json\/wp\/v2\/tags?post=35321"}],"curies":[{"name":"wp","href":"https:\/\/api.w.org\/{rel}","templated":true}]}}