{"id":35336,"date":"2023-09-12T00:01:00","date_gmt":"2023-09-12T03:01:00","guid":{"rendered":"https:\/\/www.vagadeempregorj.com.br\/?p=35336"},"modified":"2023-09-11T09:47:06","modified_gmt":"2023-09-11T12:47:06","slug":"trabalhe-conosco-dicico","status":"publish","type":"post","link":"https:\/\/www.vagadeempregorj.com.br\/fr\/trabalhe-conosco-dicico\/","title":{"rendered":"Assistente Administrativo, Aprendiz, Atendente Especialista PCD, Auxiliar de Limpeza, Vendedores e muito mais na Empresa Dicico"},"content":{"rendered":"<p>Atualizado em<\/p>\n\n\n<div class=\"wp-block-post-date\"><time datetime=\"2023-09-12T00:01:00-03:00\">12\/09\/2023<\/time><\/div>\n\n\n<p><strong>Trabalhe conosco Dicico <\/strong>que se trata de uma varejista de materiais para constru\u00e7\u00e3o com o maior n\u00famero de lojas no pa\u00eds. <\/p>\n\n\n\n<p><\/p>\n\n\n\n<p>Voc\u00ea encontra 53 unidades que ficam localizadas no estado de S\u00e3o Paulo, que se caracterizam pelo conceito de especialista em acabamentos, mas, com foco em pisos, pintura, entre outros.<\/p>\n\n\n\n<h2 class=\"wp-block-heading\"><strong>Hist\u00f3ria da empresa Dicico&nbsp;<\/strong><\/h2>\n\n\n\n<p>A hist\u00f3ria da empresa <strong>Dicico <\/strong>teve in\u00edcio no ano de 1987, no bairro do Ipiranga, localizada na cidade de S\u00e3o Paulo, onde foi inaugurada a sua primeira loja. E durante todo esse per\u00edodo a empresa cresceu, se desenvolveu e hoje em dia conta com mais de 40 lojas, sendo um grande centro de distribui\u00e7\u00e3o e que conta tamb\u00e9m com mais de 3 mil empregados, que por sua vez ocupa suas vagas de emprego por meio do trabalhe conosco, no site corporativo DICICO.<\/p>\n\n\n\n<h2 class=\"wp-block-heading\"><strong>\u00c1rea de atua\u00e7\u00e3o e seus diferenciais<\/strong><\/h2>\n\n\n\n<p>A empresa <strong>Dicico <\/strong>atua como varejista de materiais para constru\u00e7\u00e3o com o maior n\u00famero de lojas no pa\u00eds, que se tornou uma das principais empresas em seu segmento. Sendo hoje em dia uma das empresas mais visitadas no site, principalmente no campo que se encontra trabalhando conosco.&nbsp;<br>A empresa <strong>Dicico <\/strong>possui foco concentrado no atendimento aos clientes, por isso tudo que envolve o cliente a empresa fica atenta, como, por exemplo: a entrada do cliente na loja, as observa\u00e7\u00f5es que s\u00e3o realizadas pelos clientes, o per\u00edodo que o cliente em todos os sentidos, por isso considera os pequenos detalhes em todos os aspectos que envolvem o cliente, pois, o cliente satisfeito, retorna a loja e tamb\u00e9m como indica aos amigos, sendo por isso&nbsp; que tem todo o cuidado com o atendimento ao cliente.<\/p>\n\n\n\n<h2 class=\"wp-block-heading\"><strong>Como se cadastrar para vagas na Dicico?<\/strong><\/h2>\n\n\n\n<p>Para voc\u00ea se cadastrar para as vagas na <strong>Dicico <\/strong>para facilitar basta que voc\u00ea siga o link: www.dicico.com.br no campo do trabalhe conosco para voc\u00ea enviar o seu curr\u00edculo nas vagas de emprego.<\/p>\n\n\n\n<h2 class=\"wp-block-heading\"><strong>Passo a passo para inscri\u00e7\u00f5es do curr\u00edculo na Dicico<\/strong><\/h2>\n\n\n\n<p>Para voc\u00ea poder realizar as inscri\u00e7\u00f5es e mandar o seu curr\u00edculo para trabalhar na <strong>Dicico <\/strong>voc\u00ea dever\u00e1 acessar o site da empresa atrav\u00e9s do endere\u00e7o eletr\u00f4nico http:\/\/www.dicico.com.br\/index.php?page=site&op=openPage&id=7&title=Trabalhe+Conosco.&nbsp;<\/p>\n\n\n\n<p>E ao final da p\u00e1gina existe um \u00edcone onde voc\u00ea dever\u00e1 clicar para a realiza\u00e7\u00e3o do seu cadastramento de forma f\u00e1cil e pr\u00e1tica. Ap\u00f3s mandar a sua inscri\u00e7\u00e3o voc\u00ea dever\u00e1 esperar, porque assim que aparecer uma oportunidade de trabalho, na \u00e1rea de seu interesse a empresa dever\u00e1 entrar em contato com voc\u00ea.&nbsp;<\/p>\n\n\n\n<p>&nbsp;Para trabalhar em uma empresa que ofere\u00e7a as melhores oportunidades poss\u00edveis no crescimento dos colaboradores, e desta forma dever\u00e1 tamb\u00e9m valorizar o trabalho em equipe \u00e9 uma grande oportunidade para o trabalho. Ent\u00e3o, enviar o curr\u00edculo para a <strong>Dicico <\/strong>\u00e9 bem importante. Por isso poder\u00e1 garantir um futuro profissional que \u00e9 brilhante e tamb\u00e9m com grandes oportunidades de carreira. Caso queira fazer parte da empresa <strong>Dicico<\/strong> se inscreva agora mesmo atrav\u00e9s do site e fa\u00e7a parte desta empresa de vencedores.&nbsp;<\/p>\n\n\n\n<p>Para saber mais informa\u00e7\u00f5es sobre a empresa <strong>Dicico <\/strong>confira em outras mat\u00e9rias em nosso blog!<\/p>\n\n\n\n<div class=\"wp-block-buttons is-horizontal is-content-justification-center is-layout-flex wp-container-core-buttons-is-layout-499968f5 wp-block-buttons-is-layout-flex\">\n<div class=\"wp-block-button\"><a class=\"wp-block-button__link has-black-color has-text-color has-background wp-element-button\" href=\"https:\/\/www.vagadeempregorj.com.br\/fr\/vagas-de-emprego-nacionais\/\" style=\"border-radius:29px;background:linear-gradient(2deg,rgb(255,134,50) 60%,rgb(255,197,71) 100%)\"><strong>VEJA NOVAS VAGAS PARA SE CANDIDATAR<\/strong><\/a><\/div>\n<\/div>","protected":false},"excerpt":{"rendered":"<p>Trabalhe Conosco Dicico. Esteja pronto para no ato da entrevista, em momento oportuno, negociar o sal\u00e1rio. Importante: entenda sobre a empresa, privilegie as raz\u00f5es para o valor em prol da empresa e n\u00e3o de argumentos pessoais, como: pagamento de financiamento, cart\u00e3o de cr\u00e9dito, faculdade, empr\u00e9stimo ou d\u00edvida. <\/p>","protected":false},"author":10,"featured_media":35341,"comment_status":"closed","ping_status":"closed","sticky":false,"template":"","format":"standard","meta":{"neve_meta_sidebar":"","neve_meta_container":"","neve_meta_enable_content_width":"","neve_meta_content_width":0,"neve_meta_title_alignment":"","neve_meta_author_avatar":"","neve_post_elements_order":"","neve_meta_disable_header":"","neve_meta_disable_footer":"","neve_meta_disable_title":"","footnotes":""},"categories":[123],"tags":[597,147],"class_list":["post-35336","post","type-post","status-publish","format-standard","has-post-thumbnail","hentry","category-vagas-de-emprego-nacionais","tag-dicico","tag-vaga-de-emprego"],"yoast_head":"<!-- This site is optimized with the Yoast SEO plugin v27.5 - https:\/\/yoast.com\/product\/yoast-seo-wordpress\/ -->\n<title>Assistente Administrativo, Aprendiz, Atendente Especialista PCD, Auxiliar de Limpeza, Vendedores e muito mais na Empresa Dicico -<\/title>\n<meta name=\"description\" content=\"Trabalhe Conosco Dicico. Esteja pronto para no ato da entrevista, em momento oportuno, negociar o sal\u00e1rio. Importante: entenda sobre a...\" \/>\n<meta name=\"robots\" content=\"index, follow, max-snippet:-1, max-image-preview:large, max-video-preview:-1\" \/>\n<link rel=\"canonical\" href=\"https:\/\/www.vagadeempregorj.com.br\/fr\/trabalhe-conosco-dicico\/\" \/>\n<meta property=\"og:locale\" content=\"fr_FR\" \/>\n<meta property=\"og:type\" content=\"article\" \/>\n<meta property=\"og:title\" content=\"Assistente Administrativo, Aprendiz, Atendente Especialista PCD, Auxiliar de Limpeza, Vendedores e muito mais na Empresa Dicico -\" \/>\n<meta property=\"og:description\" content=\"Trabalhe Conosco Dicico. Esteja pronto para no ato da entrevista, em momento oportuno, negociar o sal\u00e1rio. Importante: entenda sobre a...\" \/>\n<meta property=\"og:url\" content=\"https:\/\/www.vagadeempregorj.com.br\/fr\/trabalhe-conosco-dicico\/\" \/>\n<meta property=\"article:publisher\" content=\"https:\/\/www.facebook.com\/empregobrasiloficial\" \/>\n<meta property=\"article:published_time\" content=\"2023-09-12T03:01:00+00:00\" \/>\n<meta property=\"og:image\" content=\"https:\/\/www.vagadeempregorj.com.br\/wp-content\/uploads\/2022\/09\/Trabalhe-Conosco-Dicico.png\" \/>\n\t<meta property=\"og:image:width\" content=\"1200\" \/>\n\t<meta property=\"og:image:height\" content=\"675\" \/>\n\t<meta property=\"og:image:type\" content=\"image\/png\" \/>\n<meta name=\"author\" content=\"Pedro Santos\" \/>\n<meta name=\"twitter:card\" content=\"summary_large_image\" \/>\n<meta name=\"twitter:label1\" content=\"Written by\" \/>\n\t<meta name=\"twitter:data1\" content=\"Pedro Santos\" \/>\n\t<meta name=\"twitter:label2\" content=\"Est. reading time\" \/>\n\t<meta name=\"twitter:data2\" content=\"1 minute\" \/>\n<script type=\"application\/ld+json\" class=\"yoast-schema-graph\">{\"@context\":\"https:\\\/\\\/schema.org\",\"@graph\":[{\"@type\":\"Article\",\"@id\":\"https:\\\/\\\/www.vagadeempregorj.com.br\\\/trabalhe-conosco-dicico\\\/#article\",\"isPartOf\":{\"@id\":\"https:\\\/\\\/www.vagadeempregorj.com.br\\\/trabalhe-conosco-dicico\\\/\"},\"author\":{\"name\":\"Pedro Santos\",\"@id\":\"https:\\\/\\\/www.vagadeempregorj.com.br\\\/#\\\/schema\\\/person\\\/ff7c1ede281066d35b2813eb13f662ef\"},\"headline\":\"Assistente Administrativo, Aprendiz, Atendente Especialista PCD, Auxiliar de Limpeza, Vendedores e muito mais na Empresa Dicico\",\"datePublished\":\"2023-09-12T03:01:00+00:00\",\"mainEntityOfPage\":{\"@id\":\"https:\\\/\\\/www.vagadeempregorj.com.br\\\/trabalhe-conosco-dicico\\\/\"},\"wordCount\":585,\"image\":{\"@id\":\"https:\\\/\\\/www.vagadeempregorj.com.br\\\/trabalhe-conosco-dicico\\\/#primaryimage\"},\"thumbnailUrl\":\"https:\\\/\\\/www.vagadeempregorj.com.br\\\/wp-content\\\/uploads\\\/2022\\\/09\\\/Trabalhe-Conosco-Dicico.png\",\"keywords\":[\"Dicico\",\"vaga de emprego\"],\"articleSection\":[\"Vagas de Emprego Nacionais\"],\"inLanguage\":\"fr-FR\"},{\"@type\":\"WebPage\",\"@id\":\"https:\\\/\\\/www.vagadeempregorj.com.br\\\/trabalhe-conosco-dicico\\\/\",\"url\":\"https:\\\/\\\/www.vagadeempregorj.com.br\\\/trabalhe-conosco-dicico\\\/\",\"name\":\"Assistente Administrativo, Aprendiz, Atendente Especialista PCD, Auxiliar de Limpeza, Vendedores e muito mais na Empresa Dicico -\",\"isPartOf\":{\"@id\":\"https:\\\/\\\/www.vagadeempregorj.com.br\\\/#website\"},\"primaryImageOfPage\":{\"@id\":\"https:\\\/\\\/www.vagadeempregorj.com.br\\\/trabalhe-conosco-dicico\\\/#primaryimage\"},\"image\":{\"@id\":\"https:\\\/\\\/www.vagadeempregorj.com.br\\\/trabalhe-conosco-dicico\\\/#primaryimage\"},\"thumbnailUrl\":\"https:\\\/\\\/www.vagadeempregorj.com.br\\\/wp-content\\\/uploads\\\/2022\\\/09\\\/Trabalhe-Conosco-Dicico.png\",\"datePublished\":\"2023-09-12T03:01:00+00:00\",\"author\":{\"@id\":\"https:\\\/\\\/www.vagadeempregorj.com.br\\\/#\\\/schema\\\/person\\\/ff7c1ede281066d35b2813eb13f662ef\"},\"description\":\"Trabalhe Conosco Dicico. Esteja pronto para no ato da entrevista, em momento oportuno, negociar o sal\u00e1rio. Importante: entenda sobre a...\",\"breadcrumb\":{\"@id\":\"https:\\\/\\\/www.vagadeempregorj.com.br\\\/trabalhe-conosco-dicico\\\/#breadcrumb\"},\"inLanguage\":\"fr-FR\",\"potentialAction\":[{\"@type\":\"ReadAction\",\"target\":[\"https:\\\/\\\/www.vagadeempregorj.com.br\\\/trabalhe-conosco-dicico\\\/\"]}]},{\"@type\":\"ImageObject\",\"inLanguage\":\"fr-FR\",\"@id\":\"https:\\\/\\\/www.vagadeempregorj.com.br\\\/trabalhe-conosco-dicico\\\/#primaryimage\",\"url\":\"https:\\\/\\\/www.vagadeempregorj.com.br\\\/wp-content\\\/uploads\\\/2022\\\/09\\\/Trabalhe-Conosco-Dicico.png\",\"contentUrl\":\"https:\\\/\\\/www.vagadeempregorj.com.br\\\/wp-content\\\/uploads\\\/2022\\\/09\\\/Trabalhe-Conosco-Dicico.png\",\"width\":1200,\"height\":675},{\"@type\":\"BreadcrumbList\",\"@id\":\"https:\\\/\\\/www.vagadeempregorj.com.br\\\/trabalhe-conosco-dicico\\\/#breadcrumb\",\"itemListElement\":[{\"@type\":\"ListItem\",\"position\":1,\"name\":\"In\u00edcio\",\"item\":\"https:\\\/\\\/www.vagadeempregorj.com.br\\\/\"},{\"@type\":\"ListItem\",\"position\":2,\"name\":\"Vagas de Emprego Nacionais\",\"item\":\"https:\\\/\\\/www.vagadeempregorj.com.br\\\/vagas-de-emprego-nacionais\\\/\"},{\"@type\":\"ListItem\",\"position\":3,\"name\":\"Assistente Administrativo, Aprendiz, Atendente Especialista PCD, Auxiliar de Limpeza, Vendedores e muito mais na Empresa Dicico\"}]},{\"@type\":\"WebSite\",\"@id\":\"https:\\\/\\\/www.vagadeempregorj.com.br\\\/#website\",\"url\":\"https:\\\/\\\/www.vagadeempregorj.com.br\\\/\",\"name\":\"\",\"description\":\"Conquiste Sonhos: Vagas, Benef\u00edcios e Economia para Transformar Vidas e Alcan\u00e7ar Melhorias Cotidianas\",\"potentialAction\":[{\"@type\":\"SearchAction\",\"target\":{\"@type\":\"EntryPoint\",\"urlTemplate\":\"https:\\\/\\\/www.vagadeempregorj.com.br\\\/?s={search_term_string}\"},\"query-input\":{\"@type\":\"PropertyValueSpecification\",\"valueRequired\":true,\"valueName\":\"search_term_string\"}}],\"inLanguage\":\"fr-FR\"},{\"@type\":\"Person\",\"@id\":\"https:\\\/\\\/www.vagadeempregorj.com.br\\\/#\\\/schema\\\/person\\\/ff7c1ede281066d35b2813eb13f662ef\",\"name\":\"Pedro Santos\",\"image\":{\"@type\":\"ImageObject\",\"inLanguage\":\"fr-FR\",\"@id\":\"https:\\\/\\\/secure.gravatar.com\\\/avatar\\\/0f569c1b80e91280c9dc54d2dec96d0c5562a072cef4b08b7e3807948546027c?s=96&r=g\",\"url\":\"https:\\\/\\\/secure.gravatar.com\\\/avatar\\\/0f569c1b80e91280c9dc54d2dec96d0c5562a072cef4b08b7e3807948546027c?s=96&r=g\",\"contentUrl\":\"https:\\\/\\\/secure.gravatar.com\\\/avatar\\\/0f569c1b80e91280c9dc54d2dec96d0c5562a072cef4b08b7e3807948546027c?s=96&r=g\",\"caption\":\"Pedro Santos\"},\"description\":\"Meu nome \u00e9 Pedro e sou redator. Dedico meu tempo escrevendo vagas de emprego diariamente no portal Vaga de Emprego RJ\",\"url\":\"https:\\\/\\\/www.vagadeempregorj.com.br\\\/fr\\\/author\\\/fabio\\\/\"}]}<\/script>\n<!-- \/ Yoast SEO plugin. -->","yoast_head_json":{"title":"Assistente Administrativo, Aprendiz, Atendente Especialista PCD, Auxiliar de Limpeza, Vendedores e muito mais na Empresa Dicico -","description":"Trabalhe Conosco Dicico. Esteja pronto para no ato da entrevista, em momento oportuno, negociar o sal\u00e1rio. Importante: entenda sobre a...","robots":{"index":"index","follow":"follow","max-snippet":"max-snippet:-1","max-image-preview":"max-image-preview:large","max-video-preview":"max-video-preview:-1"},"canonical":"https:\/\/www.vagadeempregorj.com.br\/fr\/trabalhe-conosco-dicico\/","og_locale":"fr_FR","og_type":"article","og_title":"Assistente Administrativo, Aprendiz, Atendente Especialista PCD, Auxiliar de Limpeza, Vendedores e muito mais na Empresa Dicico -","og_description":"Trabalhe Conosco Dicico. Esteja pronto para no ato da entrevista, em momento oportuno, negociar o sal\u00e1rio. Importante: entenda sobre a...","og_url":"https:\/\/www.vagadeempregorj.com.br\/fr\/trabalhe-conosco-dicico\/","article_publisher":"https:\/\/www.facebook.com\/empregobrasiloficial","article_published_time":"2023-09-12T03:01:00+00:00","og_image":[{"width":1200,"height":675,"url":"https:\/\/www.vagadeempregorj.com.br\/wp-content\/uploads\/2022\/09\/Trabalhe-Conosco-Dicico.png","type":"image\/png"}],"author":"Pedro Santos","twitter_card":"summary_large_image","twitter_misc":{"Written by":"Pedro Santos","Est. reading time":"1 minute"},"schema":{"@context":"https:\/\/schema.org","@graph":[{"@type":"Article","@id":"https:\/\/www.vagadeempregorj.com.br\/trabalhe-conosco-dicico\/#article","isPartOf":{"@id":"https:\/\/www.vagadeempregorj.com.br\/trabalhe-conosco-dicico\/"},"author":{"name":"Pedro Santos","@id":"https:\/\/www.vagadeempregorj.com.br\/#\/schema\/person\/ff7c1ede281066d35b2813eb13f662ef"},"headline":"Assistente Administrativo, Aprendiz, Atendente Especialista PCD, Auxiliar de Limpeza, Vendedores e muito mais na Empresa Dicico","datePublished":"2023-09-12T03:01:00+00:00","mainEntityOfPage":{"@id":"https:\/\/www.vagadeempregorj.com.br\/trabalhe-conosco-dicico\/"},"wordCount":585,"image":{"@id":"https:\/\/www.vagadeempregorj.com.br\/trabalhe-conosco-dicico\/#primaryimage"},"thumbnailUrl":"https:\/\/www.vagadeempregorj.com.br\/wp-content\/uploads\/2022\/09\/Trabalhe-Conosco-Dicico.png","keywords":["Dicico","vaga de emprego"],"articleSection":["Vagas de Emprego Nacionais"],"inLanguage":"fr-FR"},{"@type":"WebPage","@id":"https:\/\/www.vagadeempregorj.com.br\/trabalhe-conosco-dicico\/","url":"https:\/\/www.vagadeempregorj.com.br\/trabalhe-conosco-dicico\/","name":"Assistente Administrativo, Aprendiz, Atendente Especialista PCD, Auxiliar de Limpeza, Vendedores e muito mais na Empresa Dicico -","isPartOf":{"@id":"https:\/\/www.vagadeempregorj.com.br\/#website"},"primaryImageOfPage":{"@id":"https:\/\/www.vagadeempregorj.com.br\/trabalhe-conosco-dicico\/#primaryimage"},"image":{"@id":"https:\/\/www.vagadeempregorj.com.br\/trabalhe-conosco-dicico\/#primaryimage"},"thumbnailUrl":"https:\/\/www.vagadeempregorj.com.br\/wp-content\/uploads\/2022\/09\/Trabalhe-Conosco-Dicico.png","datePublished":"2023-09-12T03:01:00+00:00","author":{"@id":"https:\/\/www.vagadeempregorj.com.br\/#\/schema\/person\/ff7c1ede281066d35b2813eb13f662ef"},"description":"Trabalhe Conosco Dicico. Esteja pronto para no ato da entrevista, em momento oportuno, negociar o sal\u00e1rio. Importante: entenda sobre a...","breadcrumb":{"@id":"https:\/\/www.vagadeempregorj.com.br\/trabalhe-conosco-dicico\/#breadcrumb"},"inLanguage":"fr-FR","potentialAction":[{"@type":"ReadAction","target":["https:\/\/www.vagadeempregorj.com.br\/trabalhe-conosco-dicico\/"]}]},{"@type":"ImageObject","inLanguage":"fr-FR","@id":"https:\/\/www.vagadeempregorj.com.br\/trabalhe-conosco-dicico\/#primaryimage","url":"https:\/\/www.vagadeempregorj.com.br\/wp-content\/uploads\/2022\/09\/Trabalhe-Conosco-Dicico.png","contentUrl":"https:\/\/www.vagadeempregorj.com.br\/wp-content\/uploads\/2022\/09\/Trabalhe-Conosco-Dicico.png","width":1200,"height":675},{"@type":"BreadcrumbList","@id":"https:\/\/www.vagadeempregorj.com.br\/trabalhe-conosco-dicico\/#breadcrumb","itemListElement":[{"@type":"ListItem","position":1,"name":"In\u00edcio","item":"https:\/\/www.vagadeempregorj.com.br\/"},{"@type":"ListItem","position":2,"name":"Vagas de Emprego Nacionais","item":"https:\/\/www.vagadeempregorj.com.br\/vagas-de-emprego-nacionais\/"},{"@type":"ListItem","position":3,"name":"Assistente Administrativo, Aprendiz, Atendente Especialista PCD, Auxiliar de Limpeza, Vendedores e muito mais na Empresa Dicico"}]},{"@type":"WebSite","@id":"https:\/\/www.vagadeempregorj.com.br\/#website","url":"https:\/\/www.vagadeempregorj.com.br\/","name":"","description":"Conquiste Sonhos: Vagas, Benef\u00edcios e Economia para Transformar Vidas e Alcan\u00e7ar Melhorias Cotidianas","potentialAction":[{"@type":"SearchAction","target":{"@type":"EntryPoint","urlTemplate":"https:\/\/www.vagadeempregorj.com.br\/?s={search_term_string}"},"query-input":{"@type":"PropertyValueSpecification","valueRequired":true,"valueName":"search_term_string"}}],"inLanguage":"fr-FR"},{"@type":"Person","@id":"https:\/\/www.vagadeempregorj.com.br\/#\/schema\/person\/ff7c1ede281066d35b2813eb13f662ef","name":"Pedro Santos","image":{"@type":"ImageObject","inLanguage":"fr-FR","@id":"https:\/\/secure.gravatar.com\/avatar\/0f569c1b80e91280c9dc54d2dec96d0c5562a072cef4b08b7e3807948546027c?s=96&r=g","url":"https:\/\/secure.gravatar.com\/avatar\/0f569c1b80e91280c9dc54d2dec96d0c5562a072cef4b08b7e3807948546027c?s=96&r=g","contentUrl":"https:\/\/secure.gravatar.com\/avatar\/0f569c1b80e91280c9dc54d2dec96d0c5562a072cef4b08b7e3807948546027c?s=96&r=g","caption":"Pedro Santos"},"description":"Meu nome \u00e9 Pedro e sou redator. Dedico meu tempo escrevendo vagas de emprego diariamente no portal Vaga de Emprego RJ","url":"https:\/\/www.vagadeempregorj.com.br\/fr\/author\/fabio\/"}]}},"_links":{"self":[{"href":"https:\/\/www.vagadeempregorj.com.br\/fr\/wp-json\/wp\/v2\/posts\/35336","targetHints":{"allow":["GET"]}}],"collection":[{"href":"https:\/\/www.vagadeempregorj.com.br\/fr\/wp-json\/wp\/v2\/posts"}],"about":[{"href":"https:\/\/www.vagadeempregorj.com.br\/fr\/wp-json\/wp\/v2\/types\/post"}],"author":[{"embeddable":true,"href":"https:\/\/www.vagadeempregorj.com.br\/fr\/wp-json\/wp\/v2\/users\/10"}],"replies":[{"embeddable":true,"href":"https:\/\/www.vagadeempregorj.com.br\/fr\/wp-json\/wp\/v2\/comments?post=35336"}],"version-history":[{"count":0,"href":"https:\/\/www.vagadeempregorj.com.br\/fr\/wp-json\/wp\/v2\/posts\/35336\/revisions"}],"wp:featuredmedia":[{"embeddable":true,"href":"https:\/\/www.vagadeempregorj.com.br\/fr\/wp-json\/wp\/v2\/media\/35341"}],"wp:attachment":[{"href":"https:\/\/www.vagadeempregorj.com.br\/fr\/wp-json\/wp\/v2\/media?parent=35336"}],"wp:term":[{"taxonomy":"category","embeddable":true,"href":"https:\/\/www.vagadeempregorj.com.br\/fr\/wp-json\/wp\/v2\/categories?post=35336"},{"taxonomy":"post_tag","embeddable":true,"href":"https:\/\/www.vagadeempregorj.com.br\/fr\/wp-json\/wp\/v2\/tags?post=35336"}],"curies":[{"name":"wp","href":"https:\/\/api.w.org\/{rel}","templated":true}]}}