{"id":35422,"date":"2023-09-18T01:01:00","date_gmt":"2023-09-18T04:01:00","guid":{"rendered":"https:\/\/www.vagadeempregorj.com.br\/?p=35422"},"modified":"2023-12-12T16:18:39","modified_gmt":"2023-12-12T19:18:39","slug":"empregos-tim","status":"publish","type":"post","link":"https:\/\/www.vagadeempregorj.com.br\/fr\/empregos-tim\/","title":{"rendered":"Consultor de Vendas, Operador de Telemarketing, Gerente de Vendas e muito mais na Empresa TIM"},"content":{"rendered":"<p>Atualizado em<\/p>\n\n\n<div class=\"wp-block-post-date\"><time datetime=\"2023-09-18T01:01:00-03:00\">18\/09\/2023<\/time><\/div>\n\n\n<p>Os <strong>empregos TIM<\/strong>, s\u00e3o a chave de crescimento profissional para quem busca chance de contrata\u00e7\u00e3o com muitos benef\u00edcios e sal\u00e1rios compat\u00edveis com o mercado. A empresa, com um excelente reconhecimento na \u00e1rea de telecomunica\u00e7\u00e3o, proporciona oportunidades de emprego nos cargos efetivos e tamb\u00e9m em vagas de est\u00e1gio pelo Brasil. <\/p>\n\n\n\n<figure class=\"wp-block-image size-full\"><img loading=\"lazy\" decoding=\"async\" width=\"610\" height=\"431\" src=\"https:\/\/www.vagadeempregorj.com.br\/wp-content\/uploads\/2022\/10\/Empregos-TIM.jpg\" alt=\"\" class=\"wp-image-35423\" srcset=\"https:\/\/www.vagadeempregorj.com.br\/wp-content\/uploads\/2022\/10\/Empregos-TIM.jpg 610w, https:\/\/www.vagadeempregorj.com.br\/wp-content\/uploads\/2022\/10\/Empregos-TIM-300x212.jpg 300w, https:\/\/www.vagadeempregorj.com.br\/wp-content\/uploads\/2022\/10\/Empregos-TIM-150x106.jpg 150w\" sizes=\"auto, (max-width: 610px) 100vw, 610px\" \/><\/figure>\n\n\n\n<h2 class=\"wp-block-heading\">Conhe\u00e7a os empregos TIM dispon\u00edveis pelo Brasil<\/h2>\n\n\n\n<p>Trata-se da primeira operadora de telefones e internet capaz de atuar com acesso a 5G no pa\u00eds, bem como uma das maiores companhias brasileiras. A TIM faz parte do dia-a-dia de milh\u00f5es de brasileiros. Semanalmente, a empresa divulga chances de contrata\u00e7\u00e3o em seu Programa de Est\u00e1gio, considerando todos os p\u00fablicos, sem nenhum exce\u00e7\u00e3o. <\/p>\n\n\n\n<p>H\u00e1 programas inclusivos, que d\u00e3o exclusividade a mulheres para atua\u00e7\u00e3o no setor tecnol\u00f3gico, bem como a valoriza\u00e7\u00e3o de profissionais negros, PCDs, LGBTQIAP+ e p\u00fablico com mais de 45 anos.&nbsp;Confira, a seguir, as poss\u00edveis fun\u00e7\u00f5es abertas pela TIM, considerando todas as atividades dispon\u00edveis pela empresa.<\/p>\n\n\n\n<ul class=\"wp-block-list\">\n<li>Consultor de Vendas;<\/li>\n\n\n\n<li>Gerente de Vendas;<\/li>\n\n\n\n<li>Consultor de Relacionamento;<\/li>\n\n\n\n<li>Consultor de Risco;<\/li>\n\n\n\n<li>Operador de Telemarketing.<\/li>\n<\/ul>\n\n\n\n<h3 class=\"wp-block-heading\">Como se candidatar<\/h3>\n\n\n\n<p>As inscri\u00e7\u00f5es para <strong>empregos TIM<\/strong> est\u00e3o dispon\u00edveis diretamente nos sites oficiais de recrutamento da empresa. \u00c9 importante observar os crit\u00e9rios exigidos para determinadas fun\u00e7\u00f5es. Nas vagas de est\u00e1gio, por exemplo, os candidatos precisam preencher os requisitos, a seguir.<\/p>\n\n\n\n<ul class=\"wp-block-list\">\n<li>estar estudando algum curso de licenciatura, tecn\u00f3logo ou bacharel;<\/li>\n\n\n\n<li>possibilidade de realizar o est\u00e1gio ao longo de 12 meses at\u00e9 24 meses;<\/li>\n\n\n\n<li>ter disponibilidade para estagiar 6 horas por dia, em per\u00edodo comercial e em dias \u00fateis.<\/li>\n<\/ul>\n\n\n\n<p>Os estagi\u00e1rios contratados receber\u00e3o bolsa aux\u00edlio, aux\u00edlio rem\u00e9dios, assist\u00eancia m\u00e9dica e odontol\u00f3gica, vale-refei\u00e7\u00e3o, smartphones, mentorias, cursos online e muitos outros benef\u00edcios que colaboram com a qualidade de vida do funcion\u00e1rio.<\/p>\n\n\n\n<p>Acesse os seguintes links para realizar sua inscri\u00e7\u00e3o ao longo das possibilidades de est\u00e1gio dispon\u00edveis na TIM:<\/p>\n\n\n\n<ul class=\"wp-block-list\">\n<li><a href=\"https:\/\/tim.academiadouniversitario.com.br\/\">Programa de Est\u00e1gio TIM<\/a>;<\/li>\n\n\n\n<li><a href=\"https:\/\/trabalheconosco.vagas.com.br\/tim\">Banco de Vagas de Empregos na TIM<\/a>.<\/li>\n<\/ul>\n\n\n\n<h2 class=\"wp-block-heading\">Dicas para entrevista de empregos TIM<\/h2>\n\n\n\n<p>Logo no in\u00edcio da entrevista de emprego TIM, em 95% dos casos, o recrutador apresentar\u00e1 a vaga para voc\u00ea. Quando voc\u00ea \u00e9 apresentado com a oferta de emprego ou est\u00e1gio ou trabalho-estudo, \u00e9 importante tomar notas. Voc\u00ea n\u00e3o pode simplesmente ouvir a pessoa, olh\u00e1-la nos olhos e acenar com a cabe\u00e7a. <\/p>\n\n\n\n<p>Acredite, um recrutador que apresenta o cargo e v\u00ea que o candidato n\u00e3o faz anota\u00e7\u00f5es, ele j\u00e1 come\u00e7a a duvidar da seriedade e profissionalismo da pessoa. Se voc\u00ea tiver um caderno, tome notas seguindo o que voc\u00ea escreveu para se preparar para a entrevista. Isso mostrar\u00e1 seu profissionalismo e tranquilizar\u00e1 o recrutador.<\/p>","protected":false},"excerpt":{"rendered":"<p>Atualizado em Os empregos TIM, s\u00e3o a chave de crescimento profissional para quem busca chance de contrata\u00e7\u00e3o com muitos benef\u00edcios e sal\u00e1rios compat\u00edveis com o mercado. A empresa, com um excelente reconhecimento na \u00e1rea de telecomunica\u00e7\u00e3o, proporciona oportunidades de emprego nos cargos efetivos e tamb\u00e9m em vagas de est\u00e1gio pelo Brasil. Conhe\u00e7a os empregos TIM&hellip;&nbsp;<\/p>","protected":false},"author":16,"featured_media":35423,"comment_status":"open","ping_status":"closed","sticky":false,"template":"","format":"standard","meta":{"neve_meta_sidebar":"","neve_meta_container":"","neve_meta_enable_content_width":"","neve_meta_content_width":0,"neve_meta_title_alignment":"","neve_meta_author_avatar":"","neve_post_elements_order":"","neve_meta_disable_header":"","neve_meta_disable_footer":"","neve_meta_disable_title":"","footnotes":""},"categories":[123],"tags":[608,239,211],"class_list":["post-35422","post","type-post","status-publish","format-standard","has-post-thumbnail","hentry","category-vagas-de-emprego-nacionais","tag-oportunidades","tag-tim","tag-vagas-de-emprego"],"yoast_head":"<!-- This site is optimized with the Yoast SEO plugin v27.5 - https:\/\/yoast.com\/product\/yoast-seo-wordpress\/ -->\n<title>Consultor de Vendas, Operador de Telemarketing, Gerente de Vendas e muito mais na Empresa TIM<\/title>\n<meta name=\"description\" content=\"Veja em Vagas de Emprego RJ as vagas de emprego com e sem experi\u00eancia no seu Estado e Regi\u00e3o!\" \/>\n<meta name=\"robots\" content=\"index, follow, max-snippet:-1, max-image-preview:large, max-video-preview:-1\" \/>\n<link rel=\"canonical\" href=\"https:\/\/www.vagadeempregorj.com.br\/fr\/empregos-tim\/\" \/>\n<meta property=\"og:locale\" content=\"fr_FR\" \/>\n<meta property=\"og:type\" content=\"article\" \/>\n<meta property=\"og:title\" content=\"Consultor de Vendas, Operador de Telemarketing, Gerente de Vendas e muito mais na Empresa TIM\" \/>\n<meta property=\"og:description\" content=\"Veja em Vagas de Emprego RJ as vagas de emprego com e sem experi\u00eancia no seu Estado e Regi\u00e3o!\" \/>\n<meta property=\"og:url\" content=\"https:\/\/www.vagadeempregorj.com.br\/fr\/empregos-tim\/\" \/>\n<meta property=\"article:publisher\" content=\"https:\/\/www.facebook.com\/empregobrasiloficial\" \/>\n<meta property=\"article:published_time\" content=\"2023-09-18T04:01:00+00:00\" \/>\n<meta property=\"article:modified_time\" content=\"2023-12-12T19:18:39+00:00\" \/>\n<meta property=\"og:image\" content=\"https:\/\/www.vagadeempregorj.com.br\/wp-content\/uploads\/2022\/10\/Empregos-TIM.jpg\" \/>\n\t<meta property=\"og:image:width\" content=\"610\" \/>\n\t<meta property=\"og:image:height\" content=\"431\" \/>\n\t<meta property=\"og:image:type\" content=\"image\/jpeg\" \/>\n<meta name=\"author\" content=\"Michele\" \/>\n<meta name=\"twitter:card\" content=\"summary_large_image\" \/>\n<meta name=\"twitter:label1\" content=\"Written by\" \/>\n\t<meta name=\"twitter:data1\" content=\"Michele\" \/>\n\t<meta name=\"twitter:label2\" content=\"Est. reading time\" \/>\n\t<meta name=\"twitter:data2\" content=\"2 minutes\" \/>\n<script type=\"application\/ld+json\" class=\"yoast-schema-graph\">{\"@context\":\"https:\\\/\\\/schema.org\",\"@graph\":[{\"@type\":\"Article\",\"@id\":\"https:\\\/\\\/www.vagadeempregorj.com.br\\\/empregos-tim\\\/#article\",\"isPartOf\":{\"@id\":\"https:\\\/\\\/www.vagadeempregorj.com.br\\\/empregos-tim\\\/\"},\"author\":{\"name\":\"Michele\",\"@id\":\"https:\\\/\\\/www.vagadeempregorj.com.br\\\/#\\\/schema\\\/person\\\/3ddb19fa0539706786e502152f3aae95\"},\"headline\":\"Consultor de Vendas, Operador de Telemarketing, Gerente de Vendas e muito mais na Empresa TIM\",\"datePublished\":\"2023-09-18T04:01:00+00:00\",\"dateModified\":\"2023-12-12T19:18:39+00:00\",\"mainEntityOfPage\":{\"@id\":\"https:\\\/\\\/www.vagadeempregorj.com.br\\\/empregos-tim\\\/\"},\"wordCount\":480,\"commentCount\":0,\"image\":{\"@id\":\"https:\\\/\\\/www.vagadeempregorj.com.br\\\/empregos-tim\\\/#primaryimage\"},\"thumbnailUrl\":\"https:\\\/\\\/www.vagadeempregorj.com.br\\\/wp-content\\\/uploads\\\/2022\\\/10\\\/Empregos-TIM.jpg\",\"keywords\":[\"oportunidades\",\"TIM\",\"vagas de emprego\"],\"articleSection\":[\"Vagas de Emprego Nacionais\"],\"inLanguage\":\"fr-FR\",\"potentialAction\":[{\"@type\":\"CommentAction\",\"name\":\"Comment\",\"target\":[\"https:\\\/\\\/www.vagadeempregorj.com.br\\\/empregos-tim\\\/#respond\"]}]},{\"@type\":\"WebPage\",\"@id\":\"https:\\\/\\\/www.vagadeempregorj.com.br\\\/empregos-tim\\\/\",\"url\":\"https:\\\/\\\/www.vagadeempregorj.com.br\\\/empregos-tim\\\/\",\"name\":\"Consultor de Vendas, Operador de Telemarketing, Gerente de Vendas e muito mais na Empresa TIM\",\"isPartOf\":{\"@id\":\"https:\\\/\\\/www.vagadeempregorj.com.br\\\/#website\"},\"primaryImageOfPage\":{\"@id\":\"https:\\\/\\\/www.vagadeempregorj.com.br\\\/empregos-tim\\\/#primaryimage\"},\"image\":{\"@id\":\"https:\\\/\\\/www.vagadeempregorj.com.br\\\/empregos-tim\\\/#primaryimage\"},\"thumbnailUrl\":\"https:\\\/\\\/www.vagadeempregorj.com.br\\\/wp-content\\\/uploads\\\/2022\\\/10\\\/Empregos-TIM.jpg\",\"datePublished\":\"2023-09-18T04:01:00+00:00\",\"dateModified\":\"2023-12-12T19:18:39+00:00\",\"author\":{\"@id\":\"https:\\\/\\\/www.vagadeempregorj.com.br\\\/#\\\/schema\\\/person\\\/3ddb19fa0539706786e502152f3aae95\"},\"description\":\"Veja em Vagas de Emprego RJ as vagas de emprego com e sem experi\u00eancia no seu Estado e Regi\u00e3o!\",\"breadcrumb\":{\"@id\":\"https:\\\/\\\/www.vagadeempregorj.com.br\\\/empregos-tim\\\/#breadcrumb\"},\"inLanguage\":\"fr-FR\",\"potentialAction\":[{\"@type\":\"ReadAction\",\"target\":[\"https:\\\/\\\/www.vagadeempregorj.com.br\\\/empregos-tim\\\/\"]}]},{\"@type\":\"ImageObject\",\"inLanguage\":\"fr-FR\",\"@id\":\"https:\\\/\\\/www.vagadeempregorj.com.br\\\/empregos-tim\\\/#primaryimage\",\"url\":\"https:\\\/\\\/www.vagadeempregorj.com.br\\\/wp-content\\\/uploads\\\/2022\\\/10\\\/Empregos-TIM.jpg\",\"contentUrl\":\"https:\\\/\\\/www.vagadeempregorj.com.br\\\/wp-content\\\/uploads\\\/2022\\\/10\\\/Empregos-TIM.jpg\",\"width\":610,\"height\":431},{\"@type\":\"BreadcrumbList\",\"@id\":\"https:\\\/\\\/www.vagadeempregorj.com.br\\\/empregos-tim\\\/#breadcrumb\",\"itemListElement\":[{\"@type\":\"ListItem\",\"position\":1,\"name\":\"In\u00edcio\",\"item\":\"https:\\\/\\\/www.vagadeempregorj.com.br\\\/\"},{\"@type\":\"ListItem\",\"position\":2,\"name\":\"Vagas de Emprego Nacionais\",\"item\":\"https:\\\/\\\/www.vagadeempregorj.com.br\\\/vagas-de-emprego-nacionais\\\/\"},{\"@type\":\"ListItem\",\"position\":3,\"name\":\"Consultor de Vendas, Operador de Telemarketing, Gerente de Vendas e muito mais na Empresa TIM\"}]},{\"@type\":\"WebSite\",\"@id\":\"https:\\\/\\\/www.vagadeempregorj.com.br\\\/#website\",\"url\":\"https:\\\/\\\/www.vagadeempregorj.com.br\\\/\",\"name\":\"\",\"description\":\"Conquiste Sonhos: Vagas, Benef\u00edcios e Economia para Transformar Vidas e Alcan\u00e7ar Melhorias Cotidianas\",\"potentialAction\":[{\"@type\":\"SearchAction\",\"target\":{\"@type\":\"EntryPoint\",\"urlTemplate\":\"https:\\\/\\\/www.vagadeempregorj.com.br\\\/?s={search_term_string}\"},\"query-input\":{\"@type\":\"PropertyValueSpecification\",\"valueRequired\":true,\"valueName\":\"search_term_string\"}}],\"inLanguage\":\"fr-FR\"},{\"@type\":\"Person\",\"@id\":\"https:\\\/\\\/www.vagadeempregorj.com.br\\\/#\\\/schema\\\/person\\\/3ddb19fa0539706786e502152f3aae95\",\"name\":\"Michele\",\"image\":{\"@type\":\"ImageObject\",\"inLanguage\":\"fr-FR\",\"@id\":\"https:\\\/\\\/secure.gravatar.com\\\/avatar\\\/6b0eb9d22841282815e2cd856a0061c45e1761cd54b22e952d98c4746939aa85?s=96&r=g\",\"url\":\"https:\\\/\\\/secure.gravatar.com\\\/avatar\\\/6b0eb9d22841282815e2cd856a0061c45e1761cd54b22e952d98c4746939aa85?s=96&r=g\",\"contentUrl\":\"https:\\\/\\\/secure.gravatar.com\\\/avatar\\\/6b0eb9d22841282815e2cd856a0061c45e1761cd54b22e952d98c4746939aa85?s=96&r=g\",\"caption\":\"Michele\"},\"description\":\"Formada em Letras - Portugu\u00eas\\\/ Ingl\u00eas, e idealizadora do site Escritora de Sucesso, busca expandir o conhecimento de todos com informa\u00e7\u00f5es relevantes sobre diversos assuntos, enquanto redatora. No Vaga de Emprego RJ, traz oportunidades e dicas sobre o mercado de trabalho.\",\"url\":\"https:\\\/\\\/www.vagadeempregorj.com.br\\\/fr\\\/author\\\/michele\\\/\"}]}<\/script>\n<!-- \/ Yoast SEO plugin. -->","yoast_head_json":{"title":"Consultor de Vendas, Operador de Telemarketing, Gerente de Vendas e muito mais na Empresa TIM","description":"Veja em Vagas de Emprego RJ as vagas de emprego com e sem experi\u00eancia no seu Estado e Regi\u00e3o!","robots":{"index":"index","follow":"follow","max-snippet":"max-snippet:-1","max-image-preview":"max-image-preview:large","max-video-preview":"max-video-preview:-1"},"canonical":"https:\/\/www.vagadeempregorj.com.br\/fr\/empregos-tim\/","og_locale":"fr_FR","og_type":"article","og_title":"Consultor de Vendas, Operador de Telemarketing, Gerente de Vendas e muito mais na Empresa TIM","og_description":"Veja em Vagas de Emprego RJ as vagas de emprego com e sem experi\u00eancia no seu Estado e Regi\u00e3o!","og_url":"https:\/\/www.vagadeempregorj.com.br\/fr\/empregos-tim\/","article_publisher":"https:\/\/www.facebook.com\/empregobrasiloficial","article_published_time":"2023-09-18T04:01:00+00:00","article_modified_time":"2023-12-12T19:18:39+00:00","og_image":[{"width":610,"height":431,"url":"https:\/\/www.vagadeempregorj.com.br\/wp-content\/uploads\/2022\/10\/Empregos-TIM.jpg","type":"image\/jpeg"}],"author":"Michele","twitter_card":"summary_large_image","twitter_misc":{"Written by":"Michele","Est. reading time":"2 minutes"},"schema":{"@context":"https:\/\/schema.org","@graph":[{"@type":"Article","@id":"https:\/\/www.vagadeempregorj.com.br\/empregos-tim\/#article","isPartOf":{"@id":"https:\/\/www.vagadeempregorj.com.br\/empregos-tim\/"},"author":{"name":"Michele","@id":"https:\/\/www.vagadeempregorj.com.br\/#\/schema\/person\/3ddb19fa0539706786e502152f3aae95"},"headline":"Consultor de Vendas, Operador de Telemarketing, Gerente de Vendas e muito mais na Empresa TIM","datePublished":"2023-09-18T04:01:00+00:00","dateModified":"2023-12-12T19:18:39+00:00","mainEntityOfPage":{"@id":"https:\/\/www.vagadeempregorj.com.br\/empregos-tim\/"},"wordCount":480,"commentCount":0,"image":{"@id":"https:\/\/www.vagadeempregorj.com.br\/empregos-tim\/#primaryimage"},"thumbnailUrl":"https:\/\/www.vagadeempregorj.com.br\/wp-content\/uploads\/2022\/10\/Empregos-TIM.jpg","keywords":["oportunidades","TIM","vagas de emprego"],"articleSection":["Vagas de Emprego Nacionais"],"inLanguage":"fr-FR","potentialAction":[{"@type":"CommentAction","name":"Comment","target":["https:\/\/www.vagadeempregorj.com.br\/empregos-tim\/#respond"]}]},{"@type":"WebPage","@id":"https:\/\/www.vagadeempregorj.com.br\/empregos-tim\/","url":"https:\/\/www.vagadeempregorj.com.br\/empregos-tim\/","name":"Consultor de Vendas, Operador de Telemarketing, Gerente de Vendas e muito mais na Empresa TIM","isPartOf":{"@id":"https:\/\/www.vagadeempregorj.com.br\/#website"},"primaryImageOfPage":{"@id":"https:\/\/www.vagadeempregorj.com.br\/empregos-tim\/#primaryimage"},"image":{"@id":"https:\/\/www.vagadeempregorj.com.br\/empregos-tim\/#primaryimage"},"thumbnailUrl":"https:\/\/www.vagadeempregorj.com.br\/wp-content\/uploads\/2022\/10\/Empregos-TIM.jpg","datePublished":"2023-09-18T04:01:00+00:00","dateModified":"2023-12-12T19:18:39+00:00","author":{"@id":"https:\/\/www.vagadeempregorj.com.br\/#\/schema\/person\/3ddb19fa0539706786e502152f3aae95"},"description":"Veja em Vagas de Emprego RJ as vagas de emprego com e sem experi\u00eancia no seu Estado e Regi\u00e3o!","breadcrumb":{"@id":"https:\/\/www.vagadeempregorj.com.br\/empregos-tim\/#breadcrumb"},"inLanguage":"fr-FR","potentialAction":[{"@type":"ReadAction","target":["https:\/\/www.vagadeempregorj.com.br\/empregos-tim\/"]}]},{"@type":"ImageObject","inLanguage":"fr-FR","@id":"https:\/\/www.vagadeempregorj.com.br\/empregos-tim\/#primaryimage","url":"https:\/\/www.vagadeempregorj.com.br\/wp-content\/uploads\/2022\/10\/Empregos-TIM.jpg","contentUrl":"https:\/\/www.vagadeempregorj.com.br\/wp-content\/uploads\/2022\/10\/Empregos-TIM.jpg","width":610,"height":431},{"@type":"BreadcrumbList","@id":"https:\/\/www.vagadeempregorj.com.br\/empregos-tim\/#breadcrumb","itemListElement":[{"@type":"ListItem","position":1,"name":"In\u00edcio","item":"https:\/\/www.vagadeempregorj.com.br\/"},{"@type":"ListItem","position":2,"name":"Vagas de Emprego Nacionais","item":"https:\/\/www.vagadeempregorj.com.br\/vagas-de-emprego-nacionais\/"},{"@type":"ListItem","position":3,"name":"Consultor de Vendas, Operador de Telemarketing, Gerente de Vendas e muito mais na Empresa TIM"}]},{"@type":"WebSite","@id":"https:\/\/www.vagadeempregorj.com.br\/#website","url":"https:\/\/www.vagadeempregorj.com.br\/","name":"","description":"Conquiste Sonhos: Vagas, Benef\u00edcios e Economia para Transformar Vidas e Alcan\u00e7ar Melhorias Cotidianas","potentialAction":[{"@type":"SearchAction","target":{"@type":"EntryPoint","urlTemplate":"https:\/\/www.vagadeempregorj.com.br\/?s={search_term_string}"},"query-input":{"@type":"PropertyValueSpecification","valueRequired":true,"valueName":"search_term_string"}}],"inLanguage":"fr-FR"},{"@type":"Person","@id":"https:\/\/www.vagadeempregorj.com.br\/#\/schema\/person\/3ddb19fa0539706786e502152f3aae95","name":"Michele","image":{"@type":"ImageObject","inLanguage":"fr-FR","@id":"https:\/\/secure.gravatar.com\/avatar\/6b0eb9d22841282815e2cd856a0061c45e1761cd54b22e952d98c4746939aa85?s=96&r=g","url":"https:\/\/secure.gravatar.com\/avatar\/6b0eb9d22841282815e2cd856a0061c45e1761cd54b22e952d98c4746939aa85?s=96&r=g","contentUrl":"https:\/\/secure.gravatar.com\/avatar\/6b0eb9d22841282815e2cd856a0061c45e1761cd54b22e952d98c4746939aa85?s=96&r=g","caption":"Michele"},"description":"Formada em Letras - Portugu\u00eas\/ Ingl\u00eas, e idealizadora do site Escritora de Sucesso, busca expandir o conhecimento de todos com informa\u00e7\u00f5es relevantes sobre diversos assuntos, enquanto redatora. No Vaga de Emprego RJ, traz oportunidades e dicas sobre o mercado de trabalho.","url":"https:\/\/www.vagadeempregorj.com.br\/fr\/author\/michele\/"}]}},"_links":{"self":[{"href":"https:\/\/www.vagadeempregorj.com.br\/fr\/wp-json\/wp\/v2\/posts\/35422","targetHints":{"allow":["GET"]}}],"collection":[{"href":"https:\/\/www.vagadeempregorj.com.br\/fr\/wp-json\/wp\/v2\/posts"}],"about":[{"href":"https:\/\/www.vagadeempregorj.com.br\/fr\/wp-json\/wp\/v2\/types\/post"}],"author":[{"embeddable":true,"href":"https:\/\/www.vagadeempregorj.com.br\/fr\/wp-json\/wp\/v2\/users\/16"}],"replies":[{"embeddable":true,"href":"https:\/\/www.vagadeempregorj.com.br\/fr\/wp-json\/wp\/v2\/comments?post=35422"}],"version-history":[{"count":0,"href":"https:\/\/www.vagadeempregorj.com.br\/fr\/wp-json\/wp\/v2\/posts\/35422\/revisions"}],"wp:featuredmedia":[{"embeddable":true,"href":"https:\/\/www.vagadeempregorj.com.br\/fr\/wp-json\/wp\/v2\/media\/35423"}],"wp:attachment":[{"href":"https:\/\/www.vagadeempregorj.com.br\/fr\/wp-json\/wp\/v2\/media?parent=35422"}],"wp:term":[{"taxonomy":"category","embeddable":true,"href":"https:\/\/www.vagadeempregorj.com.br\/fr\/wp-json\/wp\/v2\/categories?post=35422"},{"taxonomy":"post_tag","embeddable":true,"href":"https:\/\/www.vagadeempregorj.com.br\/fr\/wp-json\/wp\/v2\/tags?post=35422"}],"curies":[{"name":"wp","href":"https:\/\/api.w.org\/{rel}","templated":true}]}}