{"id":35469,"date":"2023-09-20T00:03:00","date_gmt":"2023-09-20T03:03:00","guid":{"rendered":"https:\/\/www.vagadeempregorj.com.br\/?p=35469"},"modified":"2025-10-03T07:02:25","modified_gmt":"2025-10-03T10:02:25","slug":"empregos-cielo","status":"publish","type":"post","link":"https:\/\/www.vagadeempregorj.com.br\/fr\/empregos-cielo\/","title":{"rendered":"Gerentes, Est\u00e1gios, Analista e muito mais na Empresa Cielo"},"content":{"rendered":"<p>Atualizado em<\/p>\n\n\n<div class=\"wp-block-post-date\"><time datetime=\"2023-09-20T00:03:00-03:00\">20\/09\/2023<\/time><\/div>\n\n\n<p>Os <strong>empregos Cielo<\/strong> atualmente dispon\u00edveis proporcionam muitas vantagens aos contratados. Se voc\u00ea ama as possibilidades de crescimento profissional e pessoal, al\u00e9m de simplificar e facilitar neg\u00f3cios por meio de oportunidades em empresas l\u00edderes no setor de pagamentos eletr\u00f4nicos da Am\u00e9rica Latina, esta empresa \u00e9 o lugar para voc\u00ea! No total, possuem mais de 4.000 funcion\u00e1rios que simplificam e facilitam os neg\u00f3cios para todos, e n\u00e3o \u00e9 \u00e0 toa que s\u00e3o uma empresa de tecnologia e servi\u00e7os de varejo e l\u00edder em pagamentos eletr\u00f4nicos na Am\u00e9rica Latina.<\/p>\n\n\n\n<figure class=\"wp-block-image size-full\"><img loading=\"lazy\" decoding=\"async\" width=\"800\" height=\"600\" src=\"https:\/\/www.vagadeempregorj.com.br\/wp-content\/uploads\/2022\/10\/Empregos-Cielo.png\" alt=\"Empregos Cielo\" class=\"wp-image-35471\" srcset=\"https:\/\/www.vagadeempregorj.com.br\/wp-content\/uploads\/2022\/10\/Empregos-Cielo.png 800w, https:\/\/www.vagadeempregorj.com.br\/wp-content\/uploads\/2022\/10\/Empregos-Cielo-300x225.png 300w, https:\/\/www.vagadeempregorj.com.br\/wp-content\/uploads\/2022\/10\/Empregos-Cielo-768x576.png 768w, https:\/\/www.vagadeempregorj.com.br\/wp-content\/uploads\/2022\/10\/Empregos-Cielo-150x113.png 150w\" sizes=\"auto, (max-width: 800px) 100vw, 800px\" \/><figcaption class=\"wp-element-caption\">Imagem: Cielo &#8211; Reprodu\u00e7\u00e3o<\/figcaption><\/figure>\n\n\n\n<h2 class=\"wp-block-heading\">Conhe\u00e7a todas as oportunidades de Empregos Cielo<\/h2>\n\n\n\n<p>H\u00e1 vagas em diversas regi\u00f5es do pa\u00eds e elas s\u00e3o abertas a pessoas com defici\u00eancia. se est\u00e1 buscando o primeiro emprego, h\u00e1 oportunidades para Jovem Aprendiz e estagi\u00e1rios. Confira:&nbsp;<\/p>\n\n\n\n<ul class=\"wp-block-list\">\n<li>Gerente Estadual;<\/li>\n\n\n\n<li>Ana. de Arte Jr;<\/li>\n\n\n\n<li>Cientista de Dados e Analytics;<\/li>\n\n\n\n<li>Ana. de Neg\u00f3cios;<\/li>\n\n\n\n<li>Eng. de Dados;<\/li>\n\n\n\n<li>Ana. DE OPERA\u00c7\u00c3O COMERCIAL;<\/li>\n\n\n\n<li>Gerente de Neg\u00f3cios;<\/li>\n\n\n\n<li>Ana. de Processos Sr;<\/li>\n\n\n\n<li>Espec. em Desenvolvimento Java;<\/li>\n\n\n\n<li>Ana. DE SERVI\u00c7OS DE LOG\u00cdSTICA;<\/li>\n\n\n\n<li>DESENVOLVEDOR MAINFRAME S\u00caNIOR;<\/li>\n\n\n\n<li>Ana. DevOps Salesforce;<\/li>\n\n\n\n<li>Espec. SalesForce;<\/li>\n\n\n\n<li>Ana. em Inova\u00e7\u00e3o de Produtos e Cultura Jr;<\/li>\n\n\n\n<li>Desenvolvedor Java S\u00eanior;<\/li>\n\n\n\n<li>Ana. Java;<\/li>\n\n\n\n<li>Gerente de Neg\u00f3cios;<\/li>\n\n\n\n<li>Arquiteto Cloud;<\/li>\n\n\n\n<li>Quality Engineer;<\/li>\n\n\n\n<li>Arquiteto de Seguran\u00e7a Cloud;<\/li>\n\n\n\n<li>Gerente de Opera\u00e7\u00e3o Comercial;<\/li>\n\n\n\n<li>Consultor SAP FI\/CO\/TDF;<\/li>\n\n\n\n<li>Product Owner;<\/li>\n\n\n\n<li>Coordenador de Governan\u00e7a Salesforce;<\/li>\n\n\n\n<li>Gerente Estadual;<\/li>\n\n\n\n<li>Desenvolvedor Mobile Android ou IOS &#8211; L\u00edder t\u00e9cnico;<\/li>\n\n\n\n<li>Ana. de Seguran\u00e7a da Informa\u00e7\u00e3o Pl;<\/li>\n\n\n\n<li>DESENVOLVEDOR .NET S\u00caNIOR;<\/li>\n\n\n\n<li>Espec. Cloud;<\/li>\n\n\n\n<li>Pessoa Product Designer Junior;<\/li>\n\n\n\n<li>Espec. Cont\u00e1bil;<\/li>\n\n\n\n<li>Ana. em Risco de Cr\u00e9dito;<\/li>\n\n\n\n<li>Est\u00e1gio de Estrat\u00e9gia e Finan\u00e7as;<\/li>\n\n\n\n<li>Ana. de Testes Sr;<\/li>\n\n\n\n<li>Espec. de DBA;<\/li>\n\n\n\n<li>Scrum Master;<\/li>\n\n\n\n<li>Est\u00e1gio em Finan\u00e7as;<\/li>\n\n\n\n<li>ANA. DESENVOLVIMENTO DE PRODUTOS S\u00caNIOR;<\/li>\n\n\n\n<li>Espec. de Intelig\u00eancia de Marketing;<\/li>\n\n\n\n<li>Ana. de Produtos S\u00eanior;<\/li>\n\n\n\n<li>Est\u00e1gio em Opera\u00e7\u00f5es de Agenda Financeira;<\/li>\n\n\n\n<li>Ana. de Estrat\u00e9gia e Performance Sr;<\/li>\n\n\n\n<li>Espec. de Performance;<\/li>\n\n\n\n<li>Ana. de Pricing Sr (Pol\u00edtica de Pre\u00e7os);<\/li>\n\n\n\n<li>Espec. EM DESENVOLVIMENTO COMERCIAL;<\/li>\n\n\n\n<li>Est\u00e1gio em Analytics;<\/li>\n\n\n\n<li>Espec. de Estrat\u00e9gia e Performance;<\/li>\n\n\n\n<li>Est\u00e1gio em E-commerce;<\/li>\n\n\n\n<li>Espec. em Desenvolvimento Java;<\/li>\n\n\n\n<li>Est\u00e1gio em Log\u00edstica;<\/li>\n\n\n\n<li>Espec. de FP&A;<\/li>\n\n\n\n<li>Est\u00e1gio em Reda\u00e7\u00e3o Publicit\u00e1ria;<\/li>\n\n\n\n<li>Espec. em Infraestrutura Cloud;<\/li>\n\n\n\n<li>Espec. em Observabilidade;<\/li>\n\n\n\n<li>Espec.&nbsp; Product Owner;<\/li>\n\n\n\n<li>Espec. em Seguran\u00e7a da Informa\u00e7\u00e3o;<\/li>\n\n\n\n<li>Espec. Mainframe.<\/li>\n<\/ul>\n\n\n\n<h3 class=\"wp-block-heading\">Como se candidatar<\/h3>\n\n\n\n<p>Para enviar a sua candidatura para uma das vagas informadas, basta acessar o site em que \u00e9 feito o processo de sele\u00e7\u00e3o. Deixamos o link abaixo:<\/p>\n\n\n\n<ul class=\"wp-block-list\">\n<li>Cielo Gupy.<\/li>\n<\/ul>\n\n\n\n<p>Al\u00e9m disso, \u00e9 importante observar os requisitos dos cargos antes de fazer a sua inscri\u00e7\u00e3o para ter certeza de que ele \u00e9 compat\u00edvel com o seu perfil.<\/p>\n\n\n\n<p><strong>Veja tamb\u00e9m: <a href=\"https:\/\/www.vagadeempregorj.com.br\/fr\/empregos-jbs\/\">Empregos JBS<\/a><\/strong><\/p>\n\n\n\n<h2 class=\"wp-block-heading\">Sobre a Cielo<\/h2>\n\n\n\n<p>Al\u00e9m de m\u00e1quinas, eles s\u00e3o uma empresa de tecnologia e servi\u00e7os de varejo respons\u00e1vel por mudar a vida de mais de 1,2 milh\u00e3o de pessoas. O seu prop\u00f3sito \u00e9 simplificar e facilitar os neg\u00f3cios para todos. Com mais de 4.000 pessoas diversas e diversas apaixonadas por neg\u00f3cios e inova\u00e7\u00e3o, isso torna seus objetivos uma realidade!&nbsp;<\/p>\n\n\n\n<p>Trabalham juntos para ser a plataforma mais esperada e inteligente dos neg\u00f3cios brasileiros. Seus funcion\u00e1rios s\u00e3o o seu principal patrim\u00f4nio.<\/p>\n\n\n\n<p>L\u00e1 voc\u00ea \u00e9 livre para ser voc\u00ea mesmo. Acreditam que diversidade e inclus\u00e3o n\u00e3o \u00e9 apenas uma pol\u00edtica da empresa. Est\u00e3o buscando de mais pessoas para se juntar ao time da companhia.<\/p>","protected":false},"excerpt":{"rendered":"<p>Atualizado em Os empregos Cielo atualmente dispon\u00edveis proporcionam muitas vantagens aos contratados. Se voc\u00ea ama as possibilidades de crescimento profissional e pessoal, al\u00e9m de simplificar e facilitar neg\u00f3cios por meio de oportunidades em empresas l\u00edderes no setor de pagamentos eletr\u00f4nicos da Am\u00e9rica Latina, esta empresa \u00e9 o lugar para voc\u00ea! No total, possuem mais de&hellip;&nbsp;<\/p>","protected":false},"author":16,"featured_media":35471,"comment_status":"open","ping_status":"closed","sticky":false,"template":"","format":"standard","meta":{"neve_meta_sidebar":"","neve_meta_container":"","neve_meta_enable_content_width":"","neve_meta_content_width":0,"neve_meta_title_alignment":"","neve_meta_author_avatar":"","neve_post_elements_order":"","neve_meta_disable_header":"","neve_meta_disable_footer":"","neve_meta_disable_title":"","footnotes":""},"categories":[123],"tags":[511,608,211],"class_list":["post-35469","post","type-post","status-publish","format-standard","has-post-thumbnail","hentry","category-vagas-de-emprego-nacionais","tag-cielo","tag-oportunidades","tag-vagas-de-emprego"],"yoast_head":"<!-- This site is optimized with the Yoast SEO plugin v27.5 - https:\/\/yoast.com\/product\/yoast-seo-wordpress\/ -->\n<title>Gerentes, Est\u00e1gios, Analista e muito mais na Empresa Cielo<\/title>\n<meta name=\"description\" content=\"Veja em Vagas de Emprego RJ as vagas de emprego com e sem experi\u00eancia no seu Estado e Regi\u00e3o!\" \/>\n<meta name=\"robots\" content=\"index, follow, max-snippet:-1, max-image-preview:large, max-video-preview:-1\" \/>\n<link rel=\"canonical\" href=\"https:\/\/www.vagadeempregorj.com.br\/fr\/empregos-cielo\/\" \/>\n<meta property=\"og:locale\" content=\"fr_FR\" \/>\n<meta property=\"og:type\" content=\"article\" \/>\n<meta property=\"og:title\" content=\"Gerentes, Est\u00e1gios, Analista e muito mais na Empresa Cielo\" \/>\n<meta property=\"og:description\" content=\"Veja em Vagas de Emprego RJ as vagas de emprego com e sem experi\u00eancia no seu Estado e Regi\u00e3o!\" \/>\n<meta property=\"og:url\" content=\"https:\/\/www.vagadeempregorj.com.br\/fr\/empregos-cielo\/\" \/>\n<meta property=\"article:publisher\" content=\"https:\/\/www.facebook.com\/empregobrasiloficial\" \/>\n<meta property=\"article:published_time\" content=\"2023-09-20T03:03:00+00:00\" \/>\n<meta property=\"article:modified_time\" content=\"2025-10-03T10:02:25+00:00\" \/>\n<meta property=\"og:image\" content=\"https:\/\/www.vagadeempregorj.com.br\/wp-content\/uploads\/2022\/10\/Empregos-Cielo.png\" \/>\n\t<meta property=\"og:image:width\" content=\"800\" \/>\n\t<meta property=\"og:image:height\" content=\"600\" \/>\n\t<meta property=\"og:image:type\" content=\"image\/png\" \/>\n<meta name=\"author\" content=\"Michele\" \/>\n<meta name=\"twitter:card\" content=\"summary_large_image\" \/>\n<meta name=\"twitter:label1\" content=\"Written by\" \/>\n\t<meta name=\"twitter:data1\" content=\"Michele\" \/>\n\t<meta name=\"twitter:label2\" content=\"Est. reading time\" \/>\n\t<meta name=\"twitter:data2\" content=\"3 minutes\" \/>\n<script type=\"application\/ld+json\" class=\"yoast-schema-graph\">{\"@context\":\"https:\\\/\\\/schema.org\",\"@graph\":[{\"@type\":\"Article\",\"@id\":\"https:\\\/\\\/www.vagadeempregorj.com.br\\\/empregos-cielo\\\/#article\",\"isPartOf\":{\"@id\":\"https:\\\/\\\/www.vagadeempregorj.com.br\\\/empregos-cielo\\\/\"},\"author\":{\"name\":\"Michele\",\"@id\":\"https:\\\/\\\/www.vagadeempregorj.com.br\\\/#\\\/schema\\\/person\\\/3ddb19fa0539706786e502152f3aae95\"},\"headline\":\"Gerentes, Est\u00e1gios, Analista e muito mais na Empresa Cielo\",\"datePublished\":\"2023-09-20T03:03:00+00:00\",\"dateModified\":\"2025-10-03T10:02:25+00:00\",\"mainEntityOfPage\":{\"@id\":\"https:\\\/\\\/www.vagadeempregorj.com.br\\\/empregos-cielo\\\/\"},\"wordCount\":604,\"commentCount\":0,\"image\":{\"@id\":\"https:\\\/\\\/www.vagadeempregorj.com.br\\\/empregos-cielo\\\/#primaryimage\"},\"thumbnailUrl\":\"https:\\\/\\\/www.vagadeempregorj.com.br\\\/wp-content\\\/uploads\\\/2022\\\/10\\\/Empregos-Cielo.png\",\"keywords\":[\"Cielo\",\"oportunidades\",\"vagas de emprego\"],\"articleSection\":[\"Vagas de Emprego Nacionais\"],\"inLanguage\":\"fr-FR\",\"potentialAction\":[{\"@type\":\"CommentAction\",\"name\":\"Comment\",\"target\":[\"https:\\\/\\\/www.vagadeempregorj.com.br\\\/empregos-cielo\\\/#respond\"]}]},{\"@type\":\"WebPage\",\"@id\":\"https:\\\/\\\/www.vagadeempregorj.com.br\\\/empregos-cielo\\\/\",\"url\":\"https:\\\/\\\/www.vagadeempregorj.com.br\\\/empregos-cielo\\\/\",\"name\":\"Gerentes, Est\u00e1gios, Analista e muito mais na Empresa Cielo\",\"isPartOf\":{\"@id\":\"https:\\\/\\\/www.vagadeempregorj.com.br\\\/#website\"},\"primaryImageOfPage\":{\"@id\":\"https:\\\/\\\/www.vagadeempregorj.com.br\\\/empregos-cielo\\\/#primaryimage\"},\"image\":{\"@id\":\"https:\\\/\\\/www.vagadeempregorj.com.br\\\/empregos-cielo\\\/#primaryimage\"},\"thumbnailUrl\":\"https:\\\/\\\/www.vagadeempregorj.com.br\\\/wp-content\\\/uploads\\\/2022\\\/10\\\/Empregos-Cielo.png\",\"datePublished\":\"2023-09-20T03:03:00+00:00\",\"dateModified\":\"2025-10-03T10:02:25+00:00\",\"author\":{\"@id\":\"https:\\\/\\\/www.vagadeempregorj.com.br\\\/#\\\/schema\\\/person\\\/3ddb19fa0539706786e502152f3aae95\"},\"description\":\"Veja em Vagas de Emprego RJ as vagas de emprego com e sem experi\u00eancia no seu Estado e Regi\u00e3o!\",\"breadcrumb\":{\"@id\":\"https:\\\/\\\/www.vagadeempregorj.com.br\\\/empregos-cielo\\\/#breadcrumb\"},\"inLanguage\":\"fr-FR\",\"potentialAction\":[{\"@type\":\"ReadAction\",\"target\":[\"https:\\\/\\\/www.vagadeempregorj.com.br\\\/empregos-cielo\\\/\"]}]},{\"@type\":\"ImageObject\",\"inLanguage\":\"fr-FR\",\"@id\":\"https:\\\/\\\/www.vagadeempregorj.com.br\\\/empregos-cielo\\\/#primaryimage\",\"url\":\"https:\\\/\\\/www.vagadeempregorj.com.br\\\/wp-content\\\/uploads\\\/2022\\\/10\\\/Empregos-Cielo.png\",\"contentUrl\":\"https:\\\/\\\/www.vagadeempregorj.com.br\\\/wp-content\\\/uploads\\\/2022\\\/10\\\/Empregos-Cielo.png\",\"width\":800,\"height\":600,\"caption\":\"Imagem: Cielo - Reprodu\u00e7\u00e3o\"},{\"@type\":\"BreadcrumbList\",\"@id\":\"https:\\\/\\\/www.vagadeempregorj.com.br\\\/empregos-cielo\\\/#breadcrumb\",\"itemListElement\":[{\"@type\":\"ListItem\",\"position\":1,\"name\":\"In\u00edcio\",\"item\":\"https:\\\/\\\/www.vagadeempregorj.com.br\\\/\"},{\"@type\":\"ListItem\",\"position\":2,\"name\":\"Vagas de Emprego Nacionais\",\"item\":\"https:\\\/\\\/www.vagadeempregorj.com.br\\\/vagas-de-emprego-nacionais\\\/\"},{\"@type\":\"ListItem\",\"position\":3,\"name\":\"Gerentes, Est\u00e1gios, Analista e muito mais na Empresa Cielo\"}]},{\"@type\":\"WebSite\",\"@id\":\"https:\\\/\\\/www.vagadeempregorj.com.br\\\/#website\",\"url\":\"https:\\\/\\\/www.vagadeempregorj.com.br\\\/\",\"name\":\"\",\"description\":\"Conquiste Sonhos: Vagas, Benef\u00edcios e Economia para Transformar Vidas e Alcan\u00e7ar Melhorias Cotidianas\",\"potentialAction\":[{\"@type\":\"SearchAction\",\"target\":{\"@type\":\"EntryPoint\",\"urlTemplate\":\"https:\\\/\\\/www.vagadeempregorj.com.br\\\/?s={search_term_string}\"},\"query-input\":{\"@type\":\"PropertyValueSpecification\",\"valueRequired\":true,\"valueName\":\"search_term_string\"}}],\"inLanguage\":\"fr-FR\"},{\"@type\":\"Person\",\"@id\":\"https:\\\/\\\/www.vagadeempregorj.com.br\\\/#\\\/schema\\\/person\\\/3ddb19fa0539706786e502152f3aae95\",\"name\":\"Michele\",\"image\":{\"@type\":\"ImageObject\",\"inLanguage\":\"fr-FR\",\"@id\":\"https:\\\/\\\/secure.gravatar.com\\\/avatar\\\/6b0eb9d22841282815e2cd856a0061c45e1761cd54b22e952d98c4746939aa85?s=96&r=g\",\"url\":\"https:\\\/\\\/secure.gravatar.com\\\/avatar\\\/6b0eb9d22841282815e2cd856a0061c45e1761cd54b22e952d98c4746939aa85?s=96&r=g\",\"contentUrl\":\"https:\\\/\\\/secure.gravatar.com\\\/avatar\\\/6b0eb9d22841282815e2cd856a0061c45e1761cd54b22e952d98c4746939aa85?s=96&r=g\",\"caption\":\"Michele\"},\"description\":\"Formada em Letras - Portugu\u00eas\\\/ Ingl\u00eas, e idealizadora do site Escritora de Sucesso, busca expandir o conhecimento de todos com informa\u00e7\u00f5es relevantes sobre diversos assuntos, enquanto redatora. No Vaga de Emprego RJ, traz oportunidades e dicas sobre o mercado de trabalho.\",\"url\":\"https:\\\/\\\/www.vagadeempregorj.com.br\\\/fr\\\/author\\\/michele\\\/\"}]}<\/script>\n<!-- \/ Yoast SEO plugin. -->","yoast_head_json":{"title":"Gerentes, Est\u00e1gios, Analista e muito mais na Empresa Cielo","description":"Veja em Vagas de Emprego RJ as vagas de emprego com e sem experi\u00eancia no seu Estado e Regi\u00e3o!","robots":{"index":"index","follow":"follow","max-snippet":"max-snippet:-1","max-image-preview":"max-image-preview:large","max-video-preview":"max-video-preview:-1"},"canonical":"https:\/\/www.vagadeempregorj.com.br\/fr\/empregos-cielo\/","og_locale":"fr_FR","og_type":"article","og_title":"Gerentes, Est\u00e1gios, Analista e muito mais na Empresa Cielo","og_description":"Veja em Vagas de Emprego RJ as vagas de emprego com e sem experi\u00eancia no seu Estado e Regi\u00e3o!","og_url":"https:\/\/www.vagadeempregorj.com.br\/fr\/empregos-cielo\/","article_publisher":"https:\/\/www.facebook.com\/empregobrasiloficial","article_published_time":"2023-09-20T03:03:00+00:00","article_modified_time":"2025-10-03T10:02:25+00:00","og_image":[{"width":800,"height":600,"url":"https:\/\/www.vagadeempregorj.com.br\/wp-content\/uploads\/2022\/10\/Empregos-Cielo.png","type":"image\/png"}],"author":"Michele","twitter_card":"summary_large_image","twitter_misc":{"Written by":"Michele","Est. reading time":"3 minutes"},"schema":{"@context":"https:\/\/schema.org","@graph":[{"@type":"Article","@id":"https:\/\/www.vagadeempregorj.com.br\/empregos-cielo\/#article","isPartOf":{"@id":"https:\/\/www.vagadeempregorj.com.br\/empregos-cielo\/"},"author":{"name":"Michele","@id":"https:\/\/www.vagadeempregorj.com.br\/#\/schema\/person\/3ddb19fa0539706786e502152f3aae95"},"headline":"Gerentes, Est\u00e1gios, Analista e muito mais na Empresa Cielo","datePublished":"2023-09-20T03:03:00+00:00","dateModified":"2025-10-03T10:02:25+00:00","mainEntityOfPage":{"@id":"https:\/\/www.vagadeempregorj.com.br\/empregos-cielo\/"},"wordCount":604,"commentCount":0,"image":{"@id":"https:\/\/www.vagadeempregorj.com.br\/empregos-cielo\/#primaryimage"},"thumbnailUrl":"https:\/\/www.vagadeempregorj.com.br\/wp-content\/uploads\/2022\/10\/Empregos-Cielo.png","keywords":["Cielo","oportunidades","vagas de emprego"],"articleSection":["Vagas de Emprego Nacionais"],"inLanguage":"fr-FR","potentialAction":[{"@type":"CommentAction","name":"Comment","target":["https:\/\/www.vagadeempregorj.com.br\/empregos-cielo\/#respond"]}]},{"@type":"WebPage","@id":"https:\/\/www.vagadeempregorj.com.br\/empregos-cielo\/","url":"https:\/\/www.vagadeempregorj.com.br\/empregos-cielo\/","name":"Gerentes, Est\u00e1gios, Analista e muito mais na Empresa Cielo","isPartOf":{"@id":"https:\/\/www.vagadeempregorj.com.br\/#website"},"primaryImageOfPage":{"@id":"https:\/\/www.vagadeempregorj.com.br\/empregos-cielo\/#primaryimage"},"image":{"@id":"https:\/\/www.vagadeempregorj.com.br\/empregos-cielo\/#primaryimage"},"thumbnailUrl":"https:\/\/www.vagadeempregorj.com.br\/wp-content\/uploads\/2022\/10\/Empregos-Cielo.png","datePublished":"2023-09-20T03:03:00+00:00","dateModified":"2025-10-03T10:02:25+00:00","author":{"@id":"https:\/\/www.vagadeempregorj.com.br\/#\/schema\/person\/3ddb19fa0539706786e502152f3aae95"},"description":"Veja em Vagas de Emprego RJ as vagas de emprego com e sem experi\u00eancia no seu Estado e Regi\u00e3o!","breadcrumb":{"@id":"https:\/\/www.vagadeempregorj.com.br\/empregos-cielo\/#breadcrumb"},"inLanguage":"fr-FR","potentialAction":[{"@type":"ReadAction","target":["https:\/\/www.vagadeempregorj.com.br\/empregos-cielo\/"]}]},{"@type":"ImageObject","inLanguage":"fr-FR","@id":"https:\/\/www.vagadeempregorj.com.br\/empregos-cielo\/#primaryimage","url":"https:\/\/www.vagadeempregorj.com.br\/wp-content\/uploads\/2022\/10\/Empregos-Cielo.png","contentUrl":"https:\/\/www.vagadeempregorj.com.br\/wp-content\/uploads\/2022\/10\/Empregos-Cielo.png","width":800,"height":600,"caption":"Imagem: Cielo - Reprodu\u00e7\u00e3o"},{"@type":"BreadcrumbList","@id":"https:\/\/www.vagadeempregorj.com.br\/empregos-cielo\/#breadcrumb","itemListElement":[{"@type":"ListItem","position":1,"name":"In\u00edcio","item":"https:\/\/www.vagadeempregorj.com.br\/"},{"@type":"ListItem","position":2,"name":"Vagas de Emprego Nacionais","item":"https:\/\/www.vagadeempregorj.com.br\/vagas-de-emprego-nacionais\/"},{"@type":"ListItem","position":3,"name":"Gerentes, Est\u00e1gios, Analista e muito mais na Empresa Cielo"}]},{"@type":"WebSite","@id":"https:\/\/www.vagadeempregorj.com.br\/#website","url":"https:\/\/www.vagadeempregorj.com.br\/","name":"","description":"Conquiste Sonhos: Vagas, Benef\u00edcios e Economia para Transformar Vidas e Alcan\u00e7ar Melhorias Cotidianas","potentialAction":[{"@type":"SearchAction","target":{"@type":"EntryPoint","urlTemplate":"https:\/\/www.vagadeempregorj.com.br\/?s={search_term_string}"},"query-input":{"@type":"PropertyValueSpecification","valueRequired":true,"valueName":"search_term_string"}}],"inLanguage":"fr-FR"},{"@type":"Person","@id":"https:\/\/www.vagadeempregorj.com.br\/#\/schema\/person\/3ddb19fa0539706786e502152f3aae95","name":"Michele","image":{"@type":"ImageObject","inLanguage":"fr-FR","@id":"https:\/\/secure.gravatar.com\/avatar\/6b0eb9d22841282815e2cd856a0061c45e1761cd54b22e952d98c4746939aa85?s=96&r=g","url":"https:\/\/secure.gravatar.com\/avatar\/6b0eb9d22841282815e2cd856a0061c45e1761cd54b22e952d98c4746939aa85?s=96&r=g","contentUrl":"https:\/\/secure.gravatar.com\/avatar\/6b0eb9d22841282815e2cd856a0061c45e1761cd54b22e952d98c4746939aa85?s=96&r=g","caption":"Michele"},"description":"Formada em Letras - Portugu\u00eas\/ Ingl\u00eas, e idealizadora do site Escritora de Sucesso, busca expandir o conhecimento de todos com informa\u00e7\u00f5es relevantes sobre diversos assuntos, enquanto redatora. No Vaga de Emprego RJ, traz oportunidades e dicas sobre o mercado de trabalho.","url":"https:\/\/www.vagadeempregorj.com.br\/fr\/author\/michele\/"}]}},"_links":{"self":[{"href":"https:\/\/www.vagadeempregorj.com.br\/fr\/wp-json\/wp\/v2\/posts\/35469","targetHints":{"allow":["GET"]}}],"collection":[{"href":"https:\/\/www.vagadeempregorj.com.br\/fr\/wp-json\/wp\/v2\/posts"}],"about":[{"href":"https:\/\/www.vagadeempregorj.com.br\/fr\/wp-json\/wp\/v2\/types\/post"}],"author":[{"embeddable":true,"href":"https:\/\/www.vagadeempregorj.com.br\/fr\/wp-json\/wp\/v2\/users\/16"}],"replies":[{"embeddable":true,"href":"https:\/\/www.vagadeempregorj.com.br\/fr\/wp-json\/wp\/v2\/comments?post=35469"}],"version-history":[{"count":1,"href":"https:\/\/www.vagadeempregorj.com.br\/fr\/wp-json\/wp\/v2\/posts\/35469\/revisions"}],"predecessor-version":[{"id":43815,"href":"https:\/\/www.vagadeempregorj.com.br\/fr\/wp-json\/wp\/v2\/posts\/35469\/revisions\/43815"}],"wp:featuredmedia":[{"embeddable":true,"href":"https:\/\/www.vagadeempregorj.com.br\/fr\/wp-json\/wp\/v2\/media\/35471"}],"wp:attachment":[{"href":"https:\/\/www.vagadeempregorj.com.br\/fr\/wp-json\/wp\/v2\/media?parent=35469"}],"wp:term":[{"taxonomy":"category","embeddable":true,"href":"https:\/\/www.vagadeempregorj.com.br\/fr\/wp-json\/wp\/v2\/categories?post=35469"},{"taxonomy":"post_tag","embeddable":true,"href":"https:\/\/www.vagadeempregorj.com.br\/fr\/wp-json\/wp\/v2\/tags?post=35469"}],"curies":[{"name":"wp","href":"https:\/\/api.w.org\/{rel}","templated":true}]}}