{"id":35594,"date":"2023-10-06T00:01:00","date_gmt":"2023-10-06T03:01:00","guid":{"rendered":"https:\/\/www.vagadeempregorj.com.br\/?p=35594"},"modified":"2023-10-05T10:55:22","modified_gmt":"2023-10-05T13:55:22","slug":"empregos-copacol","status":"publish","type":"post","link":"https:\/\/www.vagadeempregorj.com.br\/fr\/empregos-copacol\/","title":{"rendered":"Ajudante de Motorista, Estagi\u00e1rio, Assistente Administrativo, Vendedor, e mais na Empresa Copacol"},"content":{"rendered":"<p>Atualizado em<\/p>\n\n\n<div class=\"wp-block-post-date\"><time datetime=\"2023-10-06T00:01:00-03:00\">06\/10\/2023<\/time><\/div>\n\n\n<p>Os <strong>Empregos Copacol <\/strong>s\u00e3o um grande destaque no mercado de trabalho, devido aos seus benef\u00edcios. Desde a sua cria\u00e7\u00e3o, a empresa conta com algumas pessoas que contribu\u00edram para a constru\u00e7\u00e3o da cooperativa como refer\u00eancia de qualidade e excel\u00eancia, com colaboradores que se orgulham de serem guiados pelos valores que constru\u00edmos ao longo do caminho. Entendem que grandes resultados n\u00e3o podem ser alcan\u00e7ados sem a valoriza\u00e7\u00e3o das pessoas. Por isso, investem na carreira de seus colaboradores por meio de treinamentos, oportunidades de crescimento interno, remunera\u00e7\u00e3o compat\u00edvel com o mercado, incentivos ao aprendizado e outros benef\u00edcios oferecidos pela cooperativa.<\/p>\n\n\n\n<figure class=\"wp-block-image size-large\"><img loading=\"lazy\" decoding=\"async\" width=\"1024\" height=\"538\" src=\"https:\/\/www.vagadeempregorj.com.br\/wp-content\/uploads\/2022\/10\/Empregos-Copacol-1024x538.png\" alt=\"Empregos Copacol\" class=\"wp-image-35598\" srcset=\"https:\/\/www.vagadeempregorj.com.br\/wp-content\/uploads\/2022\/10\/Empregos-Copacol-1024x538.png 1024w, https:\/\/www.vagadeempregorj.com.br\/wp-content\/uploads\/2022\/10\/Empregos-Copacol-300x158.png 300w, https:\/\/www.vagadeempregorj.com.br\/wp-content\/uploads\/2022\/10\/Empregos-Copacol-768x403.png 768w, https:\/\/www.vagadeempregorj.com.br\/wp-content\/uploads\/2022\/10\/Empregos-Copacol-150x79.png 150w, https:\/\/www.vagadeempregorj.com.br\/wp-content\/uploads\/2022\/10\/Empregos-Copacol.png 1200w\" sizes=\"auto, (max-width: 1024px) 100vw, 1024px\" \/><figcaption class=\"wp-element-caption\">Imagem: Copacol &#8211; Reprodu\u00e7\u00e3o<\/figcaption><\/figure>\n\n\n\n<h2 class=\"wp-block-heading\">Conhe\u00e7a todas as oportunidades de Empregos Copacol<\/h2>\n\n\n\n<p>H\u00e1 diversas vagas de trabalho no estado do Paran\u00e1 e para a maioria delas \u00e9 necess\u00e1rio possuir experi\u00eancia na \u00e1rea. No entanto, h\u00e1 oportunidade para estagi\u00e1rio que esteja cursando Engenharia de Produ\u00e7\u00e3o, de Alimentos ou Medicina Veterin\u00e1ria. Al\u00e9m disso, 30% das vagas s\u00e3o reservadas a pessoas com defici\u00eancia.<\/p>\n\n\n\n<p>Al\u00e9m disso, tamb\u00e9m h\u00e1 oportunidades para Jovem Aprendiz que deve ter entre 18 e 22 anos e estar cursando o Ensino M\u00e9dio. Verifique abaixo todos os cargos dispon\u00edveis e sabia em seguida como fazer a sua inscri\u00e7\u00e3o:<\/p>\n\n\n\n<ul class=\"wp-block-list\">\n<li>Supervisor de Produ\u00e7\u00e3o \u2013 Matrizeiro;<\/li>\n\n\n\n<li>Estagi\u00e1rio;<\/li>\n\n\n\n<li>Ajudante de Motorista;<\/li>\n\n\n\n<li>L\u00edder de Produ\u00e7\u00e3o;<\/li>\n\n\n\n<li>Engenheiro Mec\u00e2nico Trainee;<\/li>\n\n\n\n<li>Ass. Administrativo;<\/li>\n\n\n\n<li>Servente de Pedreiro;<\/li>\n\n\n\n<li>Tec. em Eletromec\u00e2nica;<\/li>\n\n\n\n<li>L\u00edder de Produ\u00e7\u00e3o \u2013 Industrial;<\/li>\n\n\n\n<li>Operador de M\u00e1quina Industrial;<\/li>\n\n\n\n<li>Aux. Administrativo;<\/li>\n\n\n\n<li>Monitor de Equipe;<\/li>\n\n\n\n<li>Laboratorista;<\/li>\n\n\n\n<li>Trainee Engenheiro Agr\u00f4nomo;<\/li>\n\n\n\n<li>Engenheiro Eletricista;<\/li>\n\n\n\n<li>Jovem Aprendiz;<\/li>\n\n\n\n<li>Vendedor Externo;<\/li>\n\n\n\n<li>Operador de Climatiza\u00e7\u00e3o.<\/li>\n<\/ul>\n\n\n\n<h3 class=\"wp-block-heading\">Como se candidatar<\/h3>\n\n\n\n<p>Para enviar o seu curr\u00edculo para as vagas que foram informadas, acesse o site em que o processo de sele\u00e7\u00e3o \u00e9 feito. Basta acessar o link a seguir:&nbsp;<\/p>\n\n\n\n<ul class=\"wp-block-list\">\n<li><a href=\"https:\/\/www.copacol.com.br\/trabalhe-conosco\">Copacol.com.br.<\/a><\/li>\n<\/ul>\n\n\n\n<p>Ap\u00f3s isso, \u00e9 fundamental fazer a leitura de todos os requisitos do cargo desejado para ter a certeza de que ele \u00e9 correspondendo com o seu perfil profissional antes de efetuar a sua inscri\u00e7\u00e3o. Em caso positivo, fa\u00e7a o cadastro na plataforma e aguarde o contato.<\/p>\n\n\n\n<p><strong>Veja tamb\u00e9m: <a href=\"https:\/\/www.vagadeempregorj.com.br\/fr\/empregos-alpargatas\/\">Empregos Alpargatas&nbsp;<\/a><\/strong><\/p>\n\n\n\n<h2 class=\"wp-block-heading\">Sobre a Copacol<\/h2>\n\n\n\n<p>Crescer juntos, essa \u00e9 a identidade da empresa, e esse \u00e9 o objetivo estrat\u00e9gico da cooperativa para os pr\u00f3ximos anos. Criar valor para os membros da cooperativa, funcion\u00e1rios, comunidades e clientes por meio de projetos sustent\u00e1veis \u200b\u200be sociais.<\/p>\n\n\n\n<p>At\u00e9 2023, diversas a\u00e7\u00f5es ser\u00e3o realizadas para aumentar o valor dos produtos cooperados, aumentar a produtividade das atividades cooperativas, o desenvolvimento pessoal dos colaboradores, incentivar a educa\u00e7\u00e3o, o esporte e a cultura e fortalecer a marca e a satisfa\u00e7\u00e3o da Copacol e do cliente.<\/p>\n\n\n\n<p>As cooperativas s\u00e3o formadas por pessoas que trabalham duro todos os dias para perseguir seus objetivos e alcan\u00e7ar seus sonhos. Assim \u00e9 a Copacol, movida pelos valores, princ\u00edpios e v\u00ednculos colaborativos entre todos os seus associados e colaboradores.<\/p>\n\n\n\n<p>Desde 1963, a empresa conquistou o cora\u00e7\u00e3o de milhares de consumidores de frango e pescado em diversas regi\u00f5es do Brasil e do exterior. Hoje, \u00e9 uma das principais cooperativas do Brasil e refer\u00eancia na produ\u00e7\u00e3o de alimentos, com foco na qualidade dos produtos e seguran\u00e7a alimentar para seus clientes. O crescimento da cooperativa \u00e9 evidente para todos e \u00e9 fruto do esfor\u00e7o conjunto de cooperados, colaboradores, clientes e parceiros.<\/p>","protected":false},"excerpt":{"rendered":"<p>Atualizado em Os Empregos Copacol s\u00e3o um grande destaque no mercado de trabalho, devido aos seus benef\u00edcios. Desde a sua cria\u00e7\u00e3o, a empresa conta com algumas pessoas que contribu\u00edram para a constru\u00e7\u00e3o da cooperativa como refer\u00eancia de qualidade e excel\u00eancia, com colaboradores que se orgulham de serem guiados pelos valores que constru\u00edmos ao longo do&hellip;&nbsp;<\/p>","protected":false},"author":16,"featured_media":35598,"comment_status":"open","ping_status":"closed","sticky":false,"template":"","format":"standard","meta":{"neve_meta_sidebar":"","neve_meta_container":"","neve_meta_enable_content_width":"","neve_meta_content_width":0,"neve_meta_title_alignment":"","neve_meta_author_avatar":"","neve_post_elements_order":"","neve_meta_disable_header":"","neve_meta_disable_footer":"","neve_meta_disable_title":"","footnotes":""},"categories":[123],"tags":[626,608,211],"class_list":["post-35594","post","type-post","status-publish","format-standard","has-post-thumbnail","hentry","category-vagas-de-emprego-nacionais","tag-copacol","tag-oportunidades","tag-vagas-de-emprego"],"yoast_head":"<!-- This site is optimized with the Yoast SEO plugin v27.5 - https:\/\/yoast.com\/product\/yoast-seo-wordpress\/ -->\n<title>Ajudante de Motorista, Estagi\u00e1rio, Assistente Administrativo, Vendedor, e mais na Empresa Copacol<\/title>\n<meta name=\"description\" content=\"Veja em Vagas de Emprego RJ as vagas de emprego com e sem experi\u00eancia no seu Estado e Regi\u00e3o!\" \/>\n<meta name=\"robots\" content=\"index, follow, max-snippet:-1, max-image-preview:large, max-video-preview:-1\" \/>\n<link rel=\"canonical\" href=\"https:\/\/www.vagadeempregorj.com.br\/fr\/empregos-copacol\/\" \/>\n<meta property=\"og:locale\" content=\"fr_FR\" \/>\n<meta property=\"og:type\" content=\"article\" \/>\n<meta property=\"og:title\" content=\"Ajudante de Motorista, Estagi\u00e1rio, Assistente Administrativo, Vendedor, e mais na Empresa Copacol\" \/>\n<meta property=\"og:description\" content=\"Veja em Vagas de Emprego RJ as vagas de emprego com e sem experi\u00eancia no seu Estado e Regi\u00e3o!\" \/>\n<meta property=\"og:url\" content=\"https:\/\/www.vagadeempregorj.com.br\/fr\/empregos-copacol\/\" \/>\n<meta property=\"article:publisher\" content=\"https:\/\/www.facebook.com\/empregobrasiloficial\" \/>\n<meta property=\"article:published_time\" content=\"2023-10-06T03:01:00+00:00\" \/>\n<meta property=\"og:image\" content=\"https:\/\/www.vagadeempregorj.com.br\/wp-content\/uploads\/2022\/10\/Empregos-Copacol.png\" \/>\n\t<meta property=\"og:image:width\" content=\"1200\" \/>\n\t<meta property=\"og:image:height\" content=\"630\" \/>\n\t<meta property=\"og:image:type\" content=\"image\/png\" \/>\n<meta name=\"author\" content=\"Michele\" \/>\n<meta name=\"twitter:card\" content=\"summary_large_image\" \/>\n<meta name=\"twitter:label1\" content=\"\u00c9crit par\" \/>\n\t<meta name=\"twitter:data1\" content=\"Michele\" \/>\n\t<meta name=\"twitter:label2\" content=\"Dur\u00e9e de lecture estim\u00e9e\" \/>\n\t<meta name=\"twitter:data2\" content=\"3 minutes\" \/>\n<script type=\"application\/ld+json\" class=\"yoast-schema-graph\">{\"@context\":\"https:\\\/\\\/schema.org\",\"@graph\":[{\"@type\":\"Article\",\"@id\":\"https:\\\/\\\/www.vagadeempregorj.com.br\\\/empregos-copacol\\\/#article\",\"isPartOf\":{\"@id\":\"https:\\\/\\\/www.vagadeempregorj.com.br\\\/empregos-copacol\\\/\"},\"author\":{\"name\":\"Michele\",\"@id\":\"https:\\\/\\\/www.vagadeempregorj.com.br\\\/#\\\/schema\\\/person\\\/3ddb19fa0539706786e502152f3aae95\"},\"headline\":\"Ajudante de Motorista, Estagi\u00e1rio, Assistente Administrativo, Vendedor, e mais na Empresa Copacol\",\"datePublished\":\"2023-10-06T03:01:00+00:00\",\"mainEntityOfPage\":{\"@id\":\"https:\\\/\\\/www.vagadeempregorj.com.br\\\/empregos-copacol\\\/\"},\"wordCount\":583,\"commentCount\":0,\"image\":{\"@id\":\"https:\\\/\\\/www.vagadeempregorj.com.br\\\/empregos-copacol\\\/#primaryimage\"},\"thumbnailUrl\":\"https:\\\/\\\/www.vagadeempregorj.com.br\\\/wp-content\\\/uploads\\\/2022\\\/10\\\/Empregos-Copacol.png\",\"keywords\":[\"Copacol\",\"oportunidades\",\"vagas de emprego\"],\"articleSection\":[\"Vagas de Emprego Nacionais\"],\"inLanguage\":\"fr-FR\",\"potentialAction\":[{\"@type\":\"CommentAction\",\"name\":\"Comment\",\"target\":[\"https:\\\/\\\/www.vagadeempregorj.com.br\\\/empregos-copacol\\\/#respond\"]}]},{\"@type\":\"WebPage\",\"@id\":\"https:\\\/\\\/www.vagadeempregorj.com.br\\\/empregos-copacol\\\/\",\"url\":\"https:\\\/\\\/www.vagadeempregorj.com.br\\\/empregos-copacol\\\/\",\"name\":\"Ajudante de Motorista, Estagi\u00e1rio, Assistente Administrativo, Vendedor, e mais na Empresa Copacol\",\"isPartOf\":{\"@id\":\"https:\\\/\\\/www.vagadeempregorj.com.br\\\/#website\"},\"primaryImageOfPage\":{\"@id\":\"https:\\\/\\\/www.vagadeempregorj.com.br\\\/empregos-copacol\\\/#primaryimage\"},\"image\":{\"@id\":\"https:\\\/\\\/www.vagadeempregorj.com.br\\\/empregos-copacol\\\/#primaryimage\"},\"thumbnailUrl\":\"https:\\\/\\\/www.vagadeempregorj.com.br\\\/wp-content\\\/uploads\\\/2022\\\/10\\\/Empregos-Copacol.png\",\"datePublished\":\"2023-10-06T03:01:00+00:00\",\"author\":{\"@id\":\"https:\\\/\\\/www.vagadeempregorj.com.br\\\/#\\\/schema\\\/person\\\/3ddb19fa0539706786e502152f3aae95\"},\"description\":\"Veja em Vagas de Emprego RJ as vagas de emprego com e sem experi\u00eancia no seu Estado e Regi\u00e3o!\",\"breadcrumb\":{\"@id\":\"https:\\\/\\\/www.vagadeempregorj.com.br\\\/empregos-copacol\\\/#breadcrumb\"},\"inLanguage\":\"fr-FR\",\"potentialAction\":[{\"@type\":\"ReadAction\",\"target\":[\"https:\\\/\\\/www.vagadeempregorj.com.br\\\/empregos-copacol\\\/\"]}]},{\"@type\":\"ImageObject\",\"inLanguage\":\"fr-FR\",\"@id\":\"https:\\\/\\\/www.vagadeempregorj.com.br\\\/empregos-copacol\\\/#primaryimage\",\"url\":\"https:\\\/\\\/www.vagadeempregorj.com.br\\\/wp-content\\\/uploads\\\/2022\\\/10\\\/Empregos-Copacol.png\",\"contentUrl\":\"https:\\\/\\\/www.vagadeempregorj.com.br\\\/wp-content\\\/uploads\\\/2022\\\/10\\\/Empregos-Copacol.png\",\"width\":1200,\"height\":630,\"caption\":\"Imagem: Copacol - Reprodu\u00e7\u00e3o\"},{\"@type\":\"BreadcrumbList\",\"@id\":\"https:\\\/\\\/www.vagadeempregorj.com.br\\\/empregos-copacol\\\/#breadcrumb\",\"itemListElement\":[{\"@type\":\"ListItem\",\"position\":1,\"name\":\"In\u00edcio\",\"item\":\"https:\\\/\\\/www.vagadeempregorj.com.br\\\/\"},{\"@type\":\"ListItem\",\"position\":2,\"name\":\"Vagas de Emprego Nacionais\",\"item\":\"https:\\\/\\\/www.vagadeempregorj.com.br\\\/vagas-de-emprego-nacionais\\\/\"},{\"@type\":\"ListItem\",\"position\":3,\"name\":\"Ajudante de Motorista, Estagi\u00e1rio, Assistente Administrativo, Vendedor, e mais na Empresa Copacol\"}]},{\"@type\":\"WebSite\",\"@id\":\"https:\\\/\\\/www.vagadeempregorj.com.br\\\/#website\",\"url\":\"https:\\\/\\\/www.vagadeempregorj.com.br\\\/\",\"name\":\"\",\"description\":\"Conquiste Sonhos: Vagas, Benef\u00edcios e Economia para Transformar Vidas e Alcan\u00e7ar Melhorias Cotidianas\",\"potentialAction\":[{\"@type\":\"SearchAction\",\"target\":{\"@type\":\"EntryPoint\",\"urlTemplate\":\"https:\\\/\\\/www.vagadeempregorj.com.br\\\/?s={search_term_string}\"},\"query-input\":{\"@type\":\"PropertyValueSpecification\",\"valueRequired\":true,\"valueName\":\"search_term_string\"}}],\"inLanguage\":\"fr-FR\"},{\"@type\":\"Person\",\"@id\":\"https:\\\/\\\/www.vagadeempregorj.com.br\\\/#\\\/schema\\\/person\\\/3ddb19fa0539706786e502152f3aae95\",\"name\":\"Michele\",\"image\":{\"@type\":\"ImageObject\",\"inLanguage\":\"fr-FR\",\"@id\":\"https:\\\/\\\/secure.gravatar.com\\\/avatar\\\/6b0eb9d22841282815e2cd856a0061c45e1761cd54b22e952d98c4746939aa85?s=96&r=g\",\"url\":\"https:\\\/\\\/secure.gravatar.com\\\/avatar\\\/6b0eb9d22841282815e2cd856a0061c45e1761cd54b22e952d98c4746939aa85?s=96&r=g\",\"contentUrl\":\"https:\\\/\\\/secure.gravatar.com\\\/avatar\\\/6b0eb9d22841282815e2cd856a0061c45e1761cd54b22e952d98c4746939aa85?s=96&r=g\",\"caption\":\"Michele\"},\"description\":\"Formada em Letras - Portugu\u00eas\\\/ Ingl\u00eas, e idealizadora do site Escritora de Sucesso, busca expandir o conhecimento de todos com informa\u00e7\u00f5es relevantes sobre diversos assuntos, enquanto redatora. No Vaga de Emprego RJ, traz oportunidades e dicas sobre o mercado de trabalho.\",\"url\":\"https:\\\/\\\/www.vagadeempregorj.com.br\\\/fr\\\/author\\\/michele\\\/\"}]}<\/script>\n<!-- \/ Yoast SEO plugin. -->","yoast_head_json":{"title":"Ajudante de Motorista, Estagi\u00e1rio, Assistente Administrativo, Vendedor, e mais na Empresa Copacol","description":"Veja em Vagas de Emprego RJ as vagas de emprego com e sem experi\u00eancia no seu Estado e Regi\u00e3o!","robots":{"index":"index","follow":"follow","max-snippet":"max-snippet:-1","max-image-preview":"max-image-preview:large","max-video-preview":"max-video-preview:-1"},"canonical":"https:\/\/www.vagadeempregorj.com.br\/fr\/empregos-copacol\/","og_locale":"fr_FR","og_type":"article","og_title":"Ajudante de Motorista, Estagi\u00e1rio, Assistente Administrativo, Vendedor, e mais na Empresa Copacol","og_description":"Veja em Vagas de Emprego RJ as vagas de emprego com e sem experi\u00eancia no seu Estado e Regi\u00e3o!","og_url":"https:\/\/www.vagadeempregorj.com.br\/fr\/empregos-copacol\/","article_publisher":"https:\/\/www.facebook.com\/empregobrasiloficial","article_published_time":"2023-10-06T03:01:00+00:00","og_image":[{"width":1200,"height":630,"url":"https:\/\/www.vagadeempregorj.com.br\/wp-content\/uploads\/2022\/10\/Empregos-Copacol.png","type":"image\/png"}],"author":"Michele","twitter_card":"summary_large_image","twitter_misc":{"\u00c9crit par":"Michele","Dur\u00e9e de lecture estim\u00e9e":"3 minutes"},"schema":{"@context":"https:\/\/schema.org","@graph":[{"@type":"Article","@id":"https:\/\/www.vagadeempregorj.com.br\/empregos-copacol\/#article","isPartOf":{"@id":"https:\/\/www.vagadeempregorj.com.br\/empregos-copacol\/"},"author":{"name":"Michele","@id":"https:\/\/www.vagadeempregorj.com.br\/#\/schema\/person\/3ddb19fa0539706786e502152f3aae95"},"headline":"Ajudante de Motorista, Estagi\u00e1rio, Assistente Administrativo, Vendedor, e mais na Empresa Copacol","datePublished":"2023-10-06T03:01:00+00:00","mainEntityOfPage":{"@id":"https:\/\/www.vagadeempregorj.com.br\/empregos-copacol\/"},"wordCount":583,"commentCount":0,"image":{"@id":"https:\/\/www.vagadeempregorj.com.br\/empregos-copacol\/#primaryimage"},"thumbnailUrl":"https:\/\/www.vagadeempregorj.com.br\/wp-content\/uploads\/2022\/10\/Empregos-Copacol.png","keywords":["Copacol","oportunidades","vagas de emprego"],"articleSection":["Vagas de Emprego Nacionais"],"inLanguage":"fr-FR","potentialAction":[{"@type":"CommentAction","name":"Comment","target":["https:\/\/www.vagadeempregorj.com.br\/empregos-copacol\/#respond"]}]},{"@type":"WebPage","@id":"https:\/\/www.vagadeempregorj.com.br\/empregos-copacol\/","url":"https:\/\/www.vagadeempregorj.com.br\/empregos-copacol\/","name":"Ajudante de Motorista, Estagi\u00e1rio, Assistente Administrativo, Vendedor, e mais na Empresa Copacol","isPartOf":{"@id":"https:\/\/www.vagadeempregorj.com.br\/#website"},"primaryImageOfPage":{"@id":"https:\/\/www.vagadeempregorj.com.br\/empregos-copacol\/#primaryimage"},"image":{"@id":"https:\/\/www.vagadeempregorj.com.br\/empregos-copacol\/#primaryimage"},"thumbnailUrl":"https:\/\/www.vagadeempregorj.com.br\/wp-content\/uploads\/2022\/10\/Empregos-Copacol.png","datePublished":"2023-10-06T03:01:00+00:00","author":{"@id":"https:\/\/www.vagadeempregorj.com.br\/#\/schema\/person\/3ddb19fa0539706786e502152f3aae95"},"description":"Veja em Vagas de Emprego RJ as vagas de emprego com e sem experi\u00eancia no seu Estado e Regi\u00e3o!","breadcrumb":{"@id":"https:\/\/www.vagadeempregorj.com.br\/empregos-copacol\/#breadcrumb"},"inLanguage":"fr-FR","potentialAction":[{"@type":"ReadAction","target":["https:\/\/www.vagadeempregorj.com.br\/empregos-copacol\/"]}]},{"@type":"ImageObject","inLanguage":"fr-FR","@id":"https:\/\/www.vagadeempregorj.com.br\/empregos-copacol\/#primaryimage","url":"https:\/\/www.vagadeempregorj.com.br\/wp-content\/uploads\/2022\/10\/Empregos-Copacol.png","contentUrl":"https:\/\/www.vagadeempregorj.com.br\/wp-content\/uploads\/2022\/10\/Empregos-Copacol.png","width":1200,"height":630,"caption":"Imagem: Copacol - Reprodu\u00e7\u00e3o"},{"@type":"BreadcrumbList","@id":"https:\/\/www.vagadeempregorj.com.br\/empregos-copacol\/#breadcrumb","itemListElement":[{"@type":"ListItem","position":1,"name":"In\u00edcio","item":"https:\/\/www.vagadeempregorj.com.br\/"},{"@type":"ListItem","position":2,"name":"Vagas de Emprego Nacionais","item":"https:\/\/www.vagadeempregorj.com.br\/vagas-de-emprego-nacionais\/"},{"@type":"ListItem","position":3,"name":"Ajudante de Motorista, Estagi\u00e1rio, Assistente Administrativo, Vendedor, e mais na Empresa Copacol"}]},{"@type":"WebSite","@id":"https:\/\/www.vagadeempregorj.com.br\/#website","url":"https:\/\/www.vagadeempregorj.com.br\/","name":"","description":"Conquiste Sonhos: Vagas, Benef\u00edcios e Economia para Transformar Vidas e Alcan\u00e7ar Melhorias Cotidianas","potentialAction":[{"@type":"SearchAction","target":{"@type":"EntryPoint","urlTemplate":"https:\/\/www.vagadeempregorj.com.br\/?s={search_term_string}"},"query-input":{"@type":"PropertyValueSpecification","valueRequired":true,"valueName":"search_term_string"}}],"inLanguage":"fr-FR"},{"@type":"Person","@id":"https:\/\/www.vagadeempregorj.com.br\/#\/schema\/person\/3ddb19fa0539706786e502152f3aae95","name":"Michele","image":{"@type":"ImageObject","inLanguage":"fr-FR","@id":"https:\/\/secure.gravatar.com\/avatar\/6b0eb9d22841282815e2cd856a0061c45e1761cd54b22e952d98c4746939aa85?s=96&r=g","url":"https:\/\/secure.gravatar.com\/avatar\/6b0eb9d22841282815e2cd856a0061c45e1761cd54b22e952d98c4746939aa85?s=96&r=g","contentUrl":"https:\/\/secure.gravatar.com\/avatar\/6b0eb9d22841282815e2cd856a0061c45e1761cd54b22e952d98c4746939aa85?s=96&r=g","caption":"Michele"},"description":"Formada em Letras - Portugu\u00eas\/ Ingl\u00eas, e idealizadora do site Escritora de Sucesso, busca expandir o conhecimento de todos com informa\u00e7\u00f5es relevantes sobre diversos assuntos, enquanto redatora. No Vaga de Emprego RJ, traz oportunidades e dicas sobre o mercado de trabalho.","url":"https:\/\/www.vagadeempregorj.com.br\/fr\/author\/michele\/"}]}},"_links":{"self":[{"href":"https:\/\/www.vagadeempregorj.com.br\/fr\/wp-json\/wp\/v2\/posts\/35594","targetHints":{"allow":["GET"]}}],"collection":[{"href":"https:\/\/www.vagadeempregorj.com.br\/fr\/wp-json\/wp\/v2\/posts"}],"about":[{"href":"https:\/\/www.vagadeempregorj.com.br\/fr\/wp-json\/wp\/v2\/types\/post"}],"author":[{"embeddable":true,"href":"https:\/\/www.vagadeempregorj.com.br\/fr\/wp-json\/wp\/v2\/users\/16"}],"replies":[{"embeddable":true,"href":"https:\/\/www.vagadeempregorj.com.br\/fr\/wp-json\/wp\/v2\/comments?post=35594"}],"version-history":[{"count":0,"href":"https:\/\/www.vagadeempregorj.com.br\/fr\/wp-json\/wp\/v2\/posts\/35594\/revisions"}],"wp:featuredmedia":[{"embeddable":true,"href":"https:\/\/www.vagadeempregorj.com.br\/fr\/wp-json\/wp\/v2\/media\/35598"}],"wp:attachment":[{"href":"https:\/\/www.vagadeempregorj.com.br\/fr\/wp-json\/wp\/v2\/media?parent=35594"}],"wp:term":[{"taxonomy":"category","embeddable":true,"href":"https:\/\/www.vagadeempregorj.com.br\/fr\/wp-json\/wp\/v2\/categories?post=35594"},{"taxonomy":"post_tag","embeddable":true,"href":"https:\/\/www.vagadeempregorj.com.br\/fr\/wp-json\/wp\/v2\/tags?post=35594"}],"curies":[{"name":"wp","href":"https:\/\/api.w.org\/{rel}","templated":true}]}}