{"id":35633,"date":"2023-10-09T03:01:00","date_gmt":"2023-10-09T06:01:00","guid":{"rendered":"https:\/\/www.vagadeempregorj.com.br\/?p=35633"},"modified":"2024-08-17T11:03:07","modified_gmt":"2024-08-17T14:03:07","slug":"empregos-dasa","status":"publish","type":"post","link":"https:\/\/www.vagadeempregorj.com.br\/fr\/empregos-dasa\/","title":{"rendered":"Psic\u00f3logos, Fonoaudi\u00f3logo, Nutricionistas, M\u00e9dicos e mais na Empresa Dasa"},"content":{"rendered":"<p>Atualizado em 17 de agosto de 2024<\/p>\n\n\n\n<p>Os <strong>Empregos Dasa <\/strong>s\u00e3o um grande destaque no mercado de trabalho, devido aos seus benef\u00edcios. A \u00e1rea de atua\u00e7\u00e3o da empresa em Hospitais \u00e9 refer\u00eancia em atendimento humanizado, com foco na excel\u00eancia no atendimento, seguran\u00e7a e bem-estar do paciente para entregar os melhores resultados cl\u00ednicos poss\u00edveis. Investem continuamente em qualidade, treinamento e amplia\u00e7\u00e3o de suas unidades. <\/p>\n\n\n\n<p>Tem hospitais nas principais regi\u00f5es do Brasil que oferecem assist\u00eancia, tecnologia e oportunidades de gest\u00e3o. Seus hospitais s\u00e3o credenciados e credenciados por importantes \u00f3rg\u00e3os de acredita\u00e7\u00e3o nacionais e internacionais. Suas equipes s\u00e3o especializadas no atendimento de pessoas em diferentes cargos: corporativo, m\u00e9dico, fisioterapia, pesquisa, enfermagem e muito mais.<\/p>\n\n\n\n<figure class=\"wp-block-image size-full\"><img loading=\"lazy\" decoding=\"async\" width=\"600\" height=\"400\" src=\"https:\/\/www.vagadeempregorj.com.br\/wp-content\/uploads\/2022\/10\/empregos-dasa.jpg\" alt=\"Empregos Dasa\" class=\"wp-image-35639\" srcset=\"https:\/\/www.vagadeempregorj.com.br\/wp-content\/uploads\/2022\/10\/empregos-dasa.jpg 600w, https:\/\/www.vagadeempregorj.com.br\/wp-content\/uploads\/2022\/10\/empregos-dasa-300x200.jpg 300w, https:\/\/www.vagadeempregorj.com.br\/wp-content\/uploads\/2022\/10\/empregos-dasa-150x100.jpg 150w\" sizes=\"auto, (max-width: 600px) 100vw, 600px\" \/><figcaption class=\"wp-element-caption\">Imagem: Dasa &#8211; Reprodu\u00e7\u00e3o<\/figcaption><\/figure>\n\n\n\n<h2 class=\"wp-block-heading\">Conhe\u00e7a todas as oportunidades de Empregos Dasa<\/h2>\n\n\n\n<p>H\u00e1 vagas para diversas regi\u00f5es do pa\u00eds como Rio de Janeiro, Bras\u00edlia, S\u00e3o Paulo, Paran\u00e1 e Goi\u00e1s, mas algumas h\u00e1 a possibilidade de ser trabalho remoto. As oportunidades s\u00e3o em sua maioria efetivas e para a \u00e1rea de sa\u00fade. Portanto, \u00e9 necess\u00e1rio j\u00e1 possuir experi\u00eancia na fun\u00e7\u00e3o. Confira a seguir todos os cargos dispon\u00edveis:<\/p>\n\n\n\n<ul class=\"wp-block-list\">\n<li>M\u00e9dico Pneumologista;<\/li>\n\n\n\n<li>Ana. de Contas a Receber;<\/li>\n\n\n\n<li>Psic\u00f3logo;<\/li>\n\n\n\n<li>Ana. de Planejamento & Performance;<\/li>\n\n\n\n<li>M\u00e9dico Psiquiatra;<\/li>\n\n\n\n<li>Aux. Administrativo;<\/li>\n\n\n\n<li>M\u00e9dico Reumatologista Pedi\u00e1trico;<\/li>\n\n\n\n<li>Fonoaudi\u00f3logo;<\/li>\n\n\n\n<li>M\u00e9dico Urologista;<\/li>\n\n\n\n<li>M\u00e9dico Alergista e Imunologia Pedi\u00e1trico;<\/li>\n\n\n\n<li>M\u00e9dico Otorrinolaringologista;<\/li>\n\n\n\n<li>M\u00e9dico Angiologista;<\/li>\n\n\n\n<li>M\u00e9dico Nutr\u00f3logo Pedi\u00e1trico;<\/li>\n\n\n\n<li>M\u00e9dico Cardiologista Pedi\u00e1trico;&nbsp;<\/li>\n\n\n\n<li>M\u00e9dico Ortopedista;<\/li>\n\n\n\n<li>M\u00e9dico Cirurgi\u00e3o Vascular;<\/li>\n\n\n\n<li>M\u00e9dico Nutr\u00f3logo;<\/li>\n\n\n\n<li>M\u00e9dico Cirurgia Urol\u00f3gica;<\/li>\n\n\n\n<li>M\u00e9dico Oncologista Cl\u00ednico;<\/li>\n\n\n\n<li>M\u00e9dico Cl\u00ednico Geral;<\/li>\n\n\n\n<li>M\u00e9dico Ortopedista e Traumatologista;<\/li>\n\n\n\n<li>M\u00e9dico Coloproctologista;<\/li>\n\n\n\n<li>M\u00e9dico Ginecologista e Obstetr\u00edcia;<\/li>\n\n\n\n<li>M\u00e9dico Dermatologista;<\/li>\n\n\n\n<li>M\u00e9dico Medicina de Fam\u00edlia e Comunidade;<\/li>\n\n\n\n<li>M\u00e9dico Endocrinologista;<\/li>\n\n\n\n<li>M\u00e9dico Fisiatra;<\/li>\n\n\n\n<li>M\u00e9dico Infectologista;<\/li>\n\n\n\n<li>M\u00e9dico Gastroenterologista;<\/li>\n\n\n\n<li>M\u00e9dico Ginecologista;<\/li>\n\n\n\n<li>M\u00e9dico Hepatologista;<\/li>\n\n\n\n<li>M\u00e9dico Homeopata;<\/li>\n\n\n\n<li>M\u00e9dico Gen\u00e9tica M\u00e9dica;<\/li>\n\n\n\n<li>M\u00e9dico Geneticista;<\/li>\n\n\n\n<li>M\u00e9dico Geriatria.<\/li>\n<\/ul>\n\n\n\n<h3 class=\"wp-block-heading\">Como se candidatar<\/h3>\n\n\n\n<p>Para mandar o seu curr\u00edculo, acesse o site em que \u00e9 realizado o procedimento de sele\u00e7\u00e3o. Para isso, clique no link abaixo:<\/p>\n\n\n\n<ul class=\"wp-block-list\">\n<li>Copie e cole o endere\u00e7o <strong>https:\/\/dasaassistencial.gupy.io\/<\/strong> em seu navegador;<\/li>\n\n\n\n<li>Acesse as vagas abertas.<\/li>\n<\/ul>\n\n\n\n<p>Em seguida, ser\u00e1 necess\u00e1rio ler as exig\u00eancias e atribui\u00e7\u00f5es da vaga para analisar se ela \u00e9 compat\u00edvel com o seu perfil antes de efetuar a sua inscri\u00e7\u00e3o.<\/p>\n\n\n\n<p><strong>Veja tamb\u00e9m: <a href=\"https:\/\/www.vagadeempregorj.com.br\/fr\/empregos-ache\/\">Empregos Ach\u00e9<\/a><\/strong><\/p>\n\n\n\n<h2 class=\"wp-block-heading\">Sobre a Dasa<\/h2>\n\n\n\n<p>A empresa conta com mais de 40.000 colaboradores que acreditam em um \u00fanico objetivo: mudar a sa\u00fade das pessoas. Conectam profissionalismo, espa\u00e7o, conhecimento, tecnologia e se tornaram uma empresa cont\u00ednua, completa, din\u00e2mica e em constante evolu\u00e7\u00e3o.&nbsp;<\/p>\n\n\n\n<p>Um novo modelo que expande e integra seus cuidados de sa\u00fade ao longo de sua vida. Atuam h\u00e1 mais de 20 anos em gest\u00e3o de sa\u00fade e home care. Querem ser a sa\u00fade que as pessoas querem e o mundo precisa, com base em sistemas democr\u00e1ticos, integrados, coordenados e sustent\u00e1veis.<\/p>\n\n\n\n<p>A principal diferen\u00e7a \u00e9 a oferta de uma rede integrada de servi\u00e7os de sa\u00fade dirigidos e organizados pela aten\u00e7\u00e3o prim\u00e1ria \u00e0 sa\u00fade (APS) e colocando os usu\u00e1rios no centro do cuidado. A equipe da APS acompanhar\u00e1 e orientar\u00e1 os pacientes em sua jornada pelo ecossistema, garantindo uma l\u00f3gica de atendimento de qualidade, determinada e economicamente sustent\u00e1vel.<\/p>\n\n\n\n<p>Al\u00e9m disso, os participantes ter\u00e3o acesso a uma extensa rede digital, incluindo teleconsulta, centro de emerg\u00eancia 24 horas e monitoramento de enfermagem. Atualmente, est\u00e3o em fase de constru\u00e7\u00e3o da rede m\u00e9dica secund\u00e1ria, e todos os candidatos selecionados devem estar de acordo com o modelo inovador do produto, incluindo a l\u00f3gica de rede baseada no encaminhamento e diagn\u00f3stico reverso. Monitorar e otimizar a qualidade do processo assistencial em todos os n\u00edveis de acordo com os padr\u00f5es cl\u00ednicos por meio do prontu\u00e1rio eletr\u00f4nico do paciente.<\/p>","protected":false},"excerpt":{"rendered":"<p>Atualizado em 17 de agosto de 2024 Os Empregos Dasa s\u00e3o um grande destaque no mercado de trabalho, devido aos seus benef\u00edcios. A \u00e1rea de atua\u00e7\u00e3o da empresa em Hospitais \u00e9 refer\u00eancia em atendimento humanizado, com foco na excel\u00eancia no atendimento, seguran\u00e7a e bem-estar do paciente para entregar os melhores resultados cl\u00ednicos poss\u00edveis. Investem continuamente&hellip;&nbsp;<\/p>","protected":false},"author":16,"featured_media":35639,"comment_status":"open","ping_status":"closed","sticky":false,"template":"","format":"standard","meta":{"neve_meta_sidebar":"","neve_meta_container":"","neve_meta_enable_content_width":"","neve_meta_content_width":0,"neve_meta_title_alignment":"","neve_meta_author_avatar":"","neve_post_elements_order":"","neve_meta_disable_header":"","neve_meta_disable_footer":"","neve_meta_disable_title":"","footnotes":""},"categories":[123],"tags":[632,608,211],"class_list":["post-35633","post","type-post","status-publish","format-standard","has-post-thumbnail","hentry","category-vagas-de-emprego-nacionais","tag-dasa","tag-oportunidades","tag-vagas-de-emprego"],"yoast_head":"<!-- This site is optimized with the Yoast SEO plugin v27.5 - https:\/\/yoast.com\/product\/yoast-seo-wordpress\/ -->\n<title>Psic\u00f3logos, Fonoaudi\u00f3logo, Nutricionistas, M\u00e9dicos e mais na Empresa Dasa -<\/title>\n<meta name=\"description\" content=\"Veja em Vagas de Emprego RJ as vagas de emprego com e sem experi\u00eancia no seu Estado e Regi\u00e3o!\" \/>\n<meta name=\"robots\" content=\"index, follow, max-snippet:-1, max-image-preview:large, max-video-preview:-1\" \/>\n<link rel=\"canonical\" href=\"https:\/\/www.vagadeempregorj.com.br\/fr\/empregos-dasa\/\" \/>\n<meta property=\"og:locale\" content=\"fr_FR\" \/>\n<meta property=\"og:type\" content=\"article\" \/>\n<meta property=\"og:title\" content=\"Psic\u00f3logos, Fonoaudi\u00f3logo, Nutricionistas, M\u00e9dicos e mais na Empresa Dasa -\" \/>\n<meta property=\"og:description\" content=\"Veja em Vagas de Emprego RJ as vagas de emprego com e sem experi\u00eancia no seu Estado e Regi\u00e3o!\" \/>\n<meta property=\"og:url\" content=\"https:\/\/www.vagadeempregorj.com.br\/fr\/empregos-dasa\/\" \/>\n<meta property=\"article:publisher\" content=\"https:\/\/www.facebook.com\/empregobrasiloficial\" \/>\n<meta property=\"article:published_time\" content=\"2023-10-09T06:01:00+00:00\" \/>\n<meta property=\"article:modified_time\" content=\"2024-08-17T14:03:07+00:00\" \/>\n<meta property=\"og:image\" content=\"https:\/\/www.vagadeempregorj.com.br\/wp-content\/uploads\/2022\/10\/empregos-dasa.jpg\" \/>\n\t<meta property=\"og:image:width\" content=\"600\" \/>\n\t<meta property=\"og:image:height\" content=\"400\" \/>\n\t<meta property=\"og:image:type\" content=\"image\/jpeg\" \/>\n<meta name=\"author\" content=\"Michele\" \/>\n<meta name=\"twitter:card\" content=\"summary_large_image\" \/>\n<meta name=\"twitter:label1\" content=\"Written by\" \/>\n\t<meta name=\"twitter:data1\" content=\"Michele\" \/>\n\t<meta name=\"twitter:label2\" content=\"Est. reading time\" \/>\n\t<meta name=\"twitter:data2\" content=\"3 minutes\" \/>\n<script type=\"application\/ld+json\" class=\"yoast-schema-graph\">{\"@context\":\"https:\\\/\\\/schema.org\",\"@graph\":[{\"@type\":\"Article\",\"@id\":\"https:\\\/\\\/www.vagadeempregorj.com.br\\\/empregos-dasa\\\/#article\",\"isPartOf\":{\"@id\":\"https:\\\/\\\/www.vagadeempregorj.com.br\\\/empregos-dasa\\\/\"},\"author\":{\"name\":\"Michele\",\"@id\":\"https:\\\/\\\/www.vagadeempregorj.com.br\\\/#\\\/schema\\\/person\\\/3ddb19fa0539706786e502152f3aae95\"},\"headline\":\"Psic\u00f3logos, Fonoaudi\u00f3logo, Nutricionistas, M\u00e9dicos e mais na Empresa Dasa\",\"datePublished\":\"2023-10-09T06:01:00+00:00\",\"dateModified\":\"2024-08-17T14:03:07+00:00\",\"mainEntityOfPage\":{\"@id\":\"https:\\\/\\\/www.vagadeempregorj.com.br\\\/empregos-dasa\\\/\"},\"wordCount\":691,\"commentCount\":0,\"image\":{\"@id\":\"https:\\\/\\\/www.vagadeempregorj.com.br\\\/empregos-dasa\\\/#primaryimage\"},\"thumbnailUrl\":\"https:\\\/\\\/www.vagadeempregorj.com.br\\\/wp-content\\\/uploads\\\/2022\\\/10\\\/empregos-dasa.jpg\",\"keywords\":[\"Dasa\",\"oportunidades\",\"vagas de emprego\"],\"articleSection\":[\"Vagas de Emprego Nacionais\"],\"inLanguage\":\"fr-FR\",\"potentialAction\":[{\"@type\":\"CommentAction\",\"name\":\"Comment\",\"target\":[\"https:\\\/\\\/www.vagadeempregorj.com.br\\\/empregos-dasa\\\/#respond\"]}]},{\"@type\":\"WebPage\",\"@id\":\"https:\\\/\\\/www.vagadeempregorj.com.br\\\/empregos-dasa\\\/\",\"url\":\"https:\\\/\\\/www.vagadeempregorj.com.br\\\/empregos-dasa\\\/\",\"name\":\"Psic\u00f3logos, Fonoaudi\u00f3logo, Nutricionistas, M\u00e9dicos e mais na Empresa Dasa -\",\"isPartOf\":{\"@id\":\"https:\\\/\\\/www.vagadeempregorj.com.br\\\/#website\"},\"primaryImageOfPage\":{\"@id\":\"https:\\\/\\\/www.vagadeempregorj.com.br\\\/empregos-dasa\\\/#primaryimage\"},\"image\":{\"@id\":\"https:\\\/\\\/www.vagadeempregorj.com.br\\\/empregos-dasa\\\/#primaryimage\"},\"thumbnailUrl\":\"https:\\\/\\\/www.vagadeempregorj.com.br\\\/wp-content\\\/uploads\\\/2022\\\/10\\\/empregos-dasa.jpg\",\"datePublished\":\"2023-10-09T06:01:00+00:00\",\"dateModified\":\"2024-08-17T14:03:07+00:00\",\"author\":{\"@id\":\"https:\\\/\\\/www.vagadeempregorj.com.br\\\/#\\\/schema\\\/person\\\/3ddb19fa0539706786e502152f3aae95\"},\"description\":\"Veja em Vagas de Emprego RJ as vagas de emprego com e sem experi\u00eancia no seu Estado e Regi\u00e3o!\",\"breadcrumb\":{\"@id\":\"https:\\\/\\\/www.vagadeempregorj.com.br\\\/empregos-dasa\\\/#breadcrumb\"},\"inLanguage\":\"fr-FR\",\"potentialAction\":[{\"@type\":\"ReadAction\",\"target\":[\"https:\\\/\\\/www.vagadeempregorj.com.br\\\/empregos-dasa\\\/\"]}]},{\"@type\":\"ImageObject\",\"inLanguage\":\"fr-FR\",\"@id\":\"https:\\\/\\\/www.vagadeempregorj.com.br\\\/empregos-dasa\\\/#primaryimage\",\"url\":\"https:\\\/\\\/www.vagadeempregorj.com.br\\\/wp-content\\\/uploads\\\/2022\\\/10\\\/empregos-dasa.jpg\",\"contentUrl\":\"https:\\\/\\\/www.vagadeempregorj.com.br\\\/wp-content\\\/uploads\\\/2022\\\/10\\\/empregos-dasa.jpg\",\"width\":600,\"height\":400,\"caption\":\"Imagem: Dasa - Reprodu\u00e7\u00e3o\"},{\"@type\":\"BreadcrumbList\",\"@id\":\"https:\\\/\\\/www.vagadeempregorj.com.br\\\/empregos-dasa\\\/#breadcrumb\",\"itemListElement\":[{\"@type\":\"ListItem\",\"position\":1,\"name\":\"In\u00edcio\",\"item\":\"https:\\\/\\\/www.vagadeempregorj.com.br\\\/\"},{\"@type\":\"ListItem\",\"position\":2,\"name\":\"Vagas de Emprego Nacionais\",\"item\":\"https:\\\/\\\/www.vagadeempregorj.com.br\\\/vagas-de-emprego-nacionais\\\/\"},{\"@type\":\"ListItem\",\"position\":3,\"name\":\"Psic\u00f3logos, Fonoaudi\u00f3logo, Nutricionistas, M\u00e9dicos e mais na Empresa Dasa\"}]},{\"@type\":\"WebSite\",\"@id\":\"https:\\\/\\\/www.vagadeempregorj.com.br\\\/#website\",\"url\":\"https:\\\/\\\/www.vagadeempregorj.com.br\\\/\",\"name\":\"\",\"description\":\"Conquiste Sonhos: Vagas, Benef\u00edcios e Economia para Transformar Vidas e Alcan\u00e7ar Melhorias Cotidianas\",\"potentialAction\":[{\"@type\":\"SearchAction\",\"target\":{\"@type\":\"EntryPoint\",\"urlTemplate\":\"https:\\\/\\\/www.vagadeempregorj.com.br\\\/?s={search_term_string}\"},\"query-input\":{\"@type\":\"PropertyValueSpecification\",\"valueRequired\":true,\"valueName\":\"search_term_string\"}}],\"inLanguage\":\"fr-FR\"},{\"@type\":\"Person\",\"@id\":\"https:\\\/\\\/www.vagadeempregorj.com.br\\\/#\\\/schema\\\/person\\\/3ddb19fa0539706786e502152f3aae95\",\"name\":\"Michele\",\"image\":{\"@type\":\"ImageObject\",\"inLanguage\":\"fr-FR\",\"@id\":\"https:\\\/\\\/secure.gravatar.com\\\/avatar\\\/6b0eb9d22841282815e2cd856a0061c45e1761cd54b22e952d98c4746939aa85?s=96&r=g\",\"url\":\"https:\\\/\\\/secure.gravatar.com\\\/avatar\\\/6b0eb9d22841282815e2cd856a0061c45e1761cd54b22e952d98c4746939aa85?s=96&r=g\",\"contentUrl\":\"https:\\\/\\\/secure.gravatar.com\\\/avatar\\\/6b0eb9d22841282815e2cd856a0061c45e1761cd54b22e952d98c4746939aa85?s=96&r=g\",\"caption\":\"Michele\"},\"description\":\"Formada em Letras - Portugu\u00eas\\\/ Ingl\u00eas, e idealizadora do site Escritora de Sucesso, busca expandir o conhecimento de todos com informa\u00e7\u00f5es relevantes sobre diversos assuntos, enquanto redatora. No Vaga de Emprego RJ, traz oportunidades e dicas sobre o mercado de trabalho.\",\"url\":\"https:\\\/\\\/www.vagadeempregorj.com.br\\\/fr\\\/author\\\/michele\\\/\"}]}<\/script>\n<!-- \/ Yoast SEO plugin. -->","yoast_head_json":{"title":"Psic\u00f3logos, Fonoaudi\u00f3logo, Nutricionistas, M\u00e9dicos e mais na Empresa Dasa -","description":"Veja em Vagas de Emprego RJ as vagas de emprego com e sem experi\u00eancia no seu Estado e Regi\u00e3o!","robots":{"index":"index","follow":"follow","max-snippet":"max-snippet:-1","max-image-preview":"max-image-preview:large","max-video-preview":"max-video-preview:-1"},"canonical":"https:\/\/www.vagadeempregorj.com.br\/fr\/empregos-dasa\/","og_locale":"fr_FR","og_type":"article","og_title":"Psic\u00f3logos, Fonoaudi\u00f3logo, Nutricionistas, M\u00e9dicos e mais na Empresa Dasa -","og_description":"Veja em Vagas de Emprego RJ as vagas de emprego com e sem experi\u00eancia no seu Estado e Regi\u00e3o!","og_url":"https:\/\/www.vagadeempregorj.com.br\/fr\/empregos-dasa\/","article_publisher":"https:\/\/www.facebook.com\/empregobrasiloficial","article_published_time":"2023-10-09T06:01:00+00:00","article_modified_time":"2024-08-17T14:03:07+00:00","og_image":[{"width":600,"height":400,"url":"https:\/\/www.vagadeempregorj.com.br\/wp-content\/uploads\/2022\/10\/empregos-dasa.jpg","type":"image\/jpeg"}],"author":"Michele","twitter_card":"summary_large_image","twitter_misc":{"Written by":"Michele","Est. reading time":"3 minutes"},"schema":{"@context":"https:\/\/schema.org","@graph":[{"@type":"Article","@id":"https:\/\/www.vagadeempregorj.com.br\/empregos-dasa\/#article","isPartOf":{"@id":"https:\/\/www.vagadeempregorj.com.br\/empregos-dasa\/"},"author":{"name":"Michele","@id":"https:\/\/www.vagadeempregorj.com.br\/#\/schema\/person\/3ddb19fa0539706786e502152f3aae95"},"headline":"Psic\u00f3logos, Fonoaudi\u00f3logo, Nutricionistas, M\u00e9dicos e mais na Empresa Dasa","datePublished":"2023-10-09T06:01:00+00:00","dateModified":"2024-08-17T14:03:07+00:00","mainEntityOfPage":{"@id":"https:\/\/www.vagadeempregorj.com.br\/empregos-dasa\/"},"wordCount":691,"commentCount":0,"image":{"@id":"https:\/\/www.vagadeempregorj.com.br\/empregos-dasa\/#primaryimage"},"thumbnailUrl":"https:\/\/www.vagadeempregorj.com.br\/wp-content\/uploads\/2022\/10\/empregos-dasa.jpg","keywords":["Dasa","oportunidades","vagas de emprego"],"articleSection":["Vagas de Emprego Nacionais"],"inLanguage":"fr-FR","potentialAction":[{"@type":"CommentAction","name":"Comment","target":["https:\/\/www.vagadeempregorj.com.br\/empregos-dasa\/#respond"]}]},{"@type":"WebPage","@id":"https:\/\/www.vagadeempregorj.com.br\/empregos-dasa\/","url":"https:\/\/www.vagadeempregorj.com.br\/empregos-dasa\/","name":"Psic\u00f3logos, Fonoaudi\u00f3logo, Nutricionistas, M\u00e9dicos e mais na Empresa Dasa -","isPartOf":{"@id":"https:\/\/www.vagadeempregorj.com.br\/#website"},"primaryImageOfPage":{"@id":"https:\/\/www.vagadeempregorj.com.br\/empregos-dasa\/#primaryimage"},"image":{"@id":"https:\/\/www.vagadeempregorj.com.br\/empregos-dasa\/#primaryimage"},"thumbnailUrl":"https:\/\/www.vagadeempregorj.com.br\/wp-content\/uploads\/2022\/10\/empregos-dasa.jpg","datePublished":"2023-10-09T06:01:00+00:00","dateModified":"2024-08-17T14:03:07+00:00","author":{"@id":"https:\/\/www.vagadeempregorj.com.br\/#\/schema\/person\/3ddb19fa0539706786e502152f3aae95"},"description":"Veja em Vagas de Emprego RJ as vagas de emprego com e sem experi\u00eancia no seu Estado e Regi\u00e3o!","breadcrumb":{"@id":"https:\/\/www.vagadeempregorj.com.br\/empregos-dasa\/#breadcrumb"},"inLanguage":"fr-FR","potentialAction":[{"@type":"ReadAction","target":["https:\/\/www.vagadeempregorj.com.br\/empregos-dasa\/"]}]},{"@type":"ImageObject","inLanguage":"fr-FR","@id":"https:\/\/www.vagadeempregorj.com.br\/empregos-dasa\/#primaryimage","url":"https:\/\/www.vagadeempregorj.com.br\/wp-content\/uploads\/2022\/10\/empregos-dasa.jpg","contentUrl":"https:\/\/www.vagadeempregorj.com.br\/wp-content\/uploads\/2022\/10\/empregos-dasa.jpg","width":600,"height":400,"caption":"Imagem: Dasa - Reprodu\u00e7\u00e3o"},{"@type":"BreadcrumbList","@id":"https:\/\/www.vagadeempregorj.com.br\/empregos-dasa\/#breadcrumb","itemListElement":[{"@type":"ListItem","position":1,"name":"In\u00edcio","item":"https:\/\/www.vagadeempregorj.com.br\/"},{"@type":"ListItem","position":2,"name":"Vagas de Emprego Nacionais","item":"https:\/\/www.vagadeempregorj.com.br\/vagas-de-emprego-nacionais\/"},{"@type":"ListItem","position":3,"name":"Psic\u00f3logos, Fonoaudi\u00f3logo, Nutricionistas, M\u00e9dicos e mais na Empresa Dasa"}]},{"@type":"WebSite","@id":"https:\/\/www.vagadeempregorj.com.br\/#website","url":"https:\/\/www.vagadeempregorj.com.br\/","name":"","description":"Conquiste Sonhos: Vagas, Benef\u00edcios e Economia para Transformar Vidas e Alcan\u00e7ar Melhorias Cotidianas","potentialAction":[{"@type":"SearchAction","target":{"@type":"EntryPoint","urlTemplate":"https:\/\/www.vagadeempregorj.com.br\/?s={search_term_string}"},"query-input":{"@type":"PropertyValueSpecification","valueRequired":true,"valueName":"search_term_string"}}],"inLanguage":"fr-FR"},{"@type":"Person","@id":"https:\/\/www.vagadeempregorj.com.br\/#\/schema\/person\/3ddb19fa0539706786e502152f3aae95","name":"Michele","image":{"@type":"ImageObject","inLanguage":"fr-FR","@id":"https:\/\/secure.gravatar.com\/avatar\/6b0eb9d22841282815e2cd856a0061c45e1761cd54b22e952d98c4746939aa85?s=96&r=g","url":"https:\/\/secure.gravatar.com\/avatar\/6b0eb9d22841282815e2cd856a0061c45e1761cd54b22e952d98c4746939aa85?s=96&r=g","contentUrl":"https:\/\/secure.gravatar.com\/avatar\/6b0eb9d22841282815e2cd856a0061c45e1761cd54b22e952d98c4746939aa85?s=96&r=g","caption":"Michele"},"description":"Formada em Letras - Portugu\u00eas\/ Ingl\u00eas, e idealizadora do site Escritora de Sucesso, busca expandir o conhecimento de todos com informa\u00e7\u00f5es relevantes sobre diversos assuntos, enquanto redatora. No Vaga de Emprego RJ, traz oportunidades e dicas sobre o mercado de trabalho.","url":"https:\/\/www.vagadeempregorj.com.br\/fr\/author\/michele\/"}]}},"_links":{"self":[{"href":"https:\/\/www.vagadeempregorj.com.br\/fr\/wp-json\/wp\/v2\/posts\/35633","targetHints":{"allow":["GET"]}}],"collection":[{"href":"https:\/\/www.vagadeempregorj.com.br\/fr\/wp-json\/wp\/v2\/posts"}],"about":[{"href":"https:\/\/www.vagadeempregorj.com.br\/fr\/wp-json\/wp\/v2\/types\/post"}],"author":[{"embeddable":true,"href":"https:\/\/www.vagadeempregorj.com.br\/fr\/wp-json\/wp\/v2\/users\/16"}],"replies":[{"embeddable":true,"href":"https:\/\/www.vagadeempregorj.com.br\/fr\/wp-json\/wp\/v2\/comments?post=35633"}],"version-history":[{"count":0,"href":"https:\/\/www.vagadeempregorj.com.br\/fr\/wp-json\/wp\/v2\/posts\/35633\/revisions"}],"wp:featuredmedia":[{"embeddable":true,"href":"https:\/\/www.vagadeempregorj.com.br\/fr\/wp-json\/wp\/v2\/media\/35639"}],"wp:attachment":[{"href":"https:\/\/www.vagadeempregorj.com.br\/fr\/wp-json\/wp\/v2\/media?parent=35633"}],"wp:term":[{"taxonomy":"category","embeddable":true,"href":"https:\/\/www.vagadeempregorj.com.br\/fr\/wp-json\/wp\/v2\/categories?post=35633"},{"taxonomy":"post_tag","embeddable":true,"href":"https:\/\/www.vagadeempregorj.com.br\/fr\/wp-json\/wp\/v2\/tags?post=35633"}],"curies":[{"name":"wp","href":"https:\/\/api.w.org\/{rel}","templated":true}]}}