{"id":35637,"date":"2023-10-10T03:03:00","date_gmt":"2023-10-10T06:03:00","guid":{"rendered":"https:\/\/www.vagadeempregorj.com.br\/?p=35637"},"modified":"2023-10-09T16:11:24","modified_gmt":"2023-10-09T19:11:24","slug":"empregos-simpar","status":"publish","type":"post","link":"https:\/\/www.vagadeempregorj.com.br\/fr\/empregos-simpar\/","title":{"rendered":"T\u00e9cnico em Seguran\u00e7a do Trabalho, Supervisor de Manuten\u00e7\u00e3o, Auxiliar Administrativo, Jovem Aprendiz, Analistas e muito mais na Empresa Simpar"},"content":{"rendered":"<p>Atualizado em<\/p>\n\n\n<div class=\"wp-block-post-date\"><time datetime=\"2023-10-10T03:03:00-03:00\">10\/10\/2023<\/time><\/div>\n\n\n<p>Os <strong>Empregos Simpar<\/strong> s\u00e3o um grande destaque no mercado de trabalho, devido aos seus benef\u00edcios. Alguns de processos eletivos da empresa s\u00e3o realizados remotamente, o que demonstra o cuidado deles com os seus clientes e colaboradores. Outras ocorrem de forma presencial, mas todos os cuidados preventivos s\u00e3o sempre observados.<\/p>\n\n\n\n<figure class=\"wp-block-image size-large\"><img loading=\"lazy\" decoding=\"async\" width=\"1024\" height=\"681\" src=\"https:\/\/www.vagadeempregorj.com.br\/wp-content\/uploads\/2022\/10\/empregos-simpar-1024x681.jpg\" alt=\"empregos simpar\" class=\"wp-image-35641\" srcset=\"https:\/\/www.vagadeempregorj.com.br\/wp-content\/uploads\/2022\/10\/empregos-simpar-1024x681.jpg 1024w, https:\/\/www.vagadeempregorj.com.br\/wp-content\/uploads\/2022\/10\/empregos-simpar-300x200.jpg 300w, https:\/\/www.vagadeempregorj.com.br\/wp-content\/uploads\/2022\/10\/empregos-simpar-768x511.jpg 768w, https:\/\/www.vagadeempregorj.com.br\/wp-content\/uploads\/2022\/10\/empregos-simpar-150x100.jpg 150w, https:\/\/www.vagadeempregorj.com.br\/wp-content\/uploads\/2022\/10\/empregos-simpar.jpg 1200w\" sizes=\"auto, (max-width: 1024px) 100vw, 1024px\" \/><figcaption class=\"wp-element-caption\">Imagem: Simpar &#8211; Reprodu\u00e7\u00e3o<\/figcaption><\/figure>\n\n\n\n<h2 class=\"wp-block-heading\">Conhe\u00e7a todas as oportunidades de Empregos Simpar<\/h2>\n\n\n\n<p>A maioria das vagas requer experi\u00eancia comprovada na \u00e1rea anteriormente. No entanto, tem oportunidades para Jovem Aprendiz que possua idade de 14 a 21 anos, tenha conclu\u00eddo ou esteja cursando o Ensino M\u00e9dio e tenha conhecimento do Pacote Office.<\/p>\n\n\n\n<p>A fun\u00e7\u00e3o de Auxiliar Administrativo tamb\u00e9m n\u00e3o exige que o candidato possua experi\u00eancia, apenas que seja maior de idade, tenha o certificado do Segundo Grau e Excel intermedi\u00e1rio. Os cargos s\u00e3o efetivos e direcionados a S\u00e3o Paulo e regi\u00e3o, al\u00e9m de serem abertos a pessoas com defici\u00eancia. Confira a seguir todas as vagas dispon\u00edveis:<\/p>\n\n\n\n<ul class=\"wp-block-list\">\n<li>ADVOGADO COM ESPECILIDADE EM TR\u00c2NSITO;<\/li>\n\n\n\n<li>COORD. DE MARKETING;<\/li>\n\n\n\n<li>ADVOGADO JR;<\/li>\n\n\n\n<li>TEC. DE SEGURAN\u00c7A DO TRABALHO;<\/li>\n\n\n\n<li>ANA. CONTABIL PL;<\/li>\n\n\n\n<li>COORD. DE SUPRIMENTOS;<\/li>\n\n\n\n<li>ANA. DE ATRA\u00c7\u00c3O E SELE\u00c7\u00c3O PL;<\/li>\n\n\n\n<li>JOVEM APRENDIZ;<\/li>\n\n\n\n<li>ANA. DE BENEF\u00cdCIOS;<\/li>\n\n\n\n<li>ESPEC. DE COMUNICA\u00c7\u00c3O INTERNA;<\/li>\n\n\n\n<li>ANA. DE CANAIS E EVENTOS JUNIOR;<\/li>\n\n\n\n<li>COORD. JUR\u00cdDICO CIVIL;<\/li>\n\n\n\n<li>ANA. DE COMPRAS S\u00caNIOR;<\/li>\n\n\n\n<li>DBA ORACLE;<\/li>\n\n\n\n<li>ANA. DE DADOS JUR\u00cdDICOS;<\/li>\n\n\n\n<li>ARQUITETO SAP HCM;&nbsp;<\/li>\n\n\n\n<li>ANA. DE DHO SR;<\/li>\n\n\n\n<li>ASS. DE RECURSOS HUMANOS;<\/li>\n\n\n\n<li>ANA. DE INFORMA\u00c7\u00d5ES GERENCIAIS &#8211; POWER BI;<\/li>\n\n\n\n<li>AUX. ADMINISTRATIVO;<\/li>\n\n\n\n<li>ANA. DE INTEGRA\u00c7\u00d5ES PLENO;<\/li>\n\n\n\n<li>ANA. DE MESA DE OPERA\u00c7\u00d5ES JUNIOR;<\/li>\n\n\n\n<li>ANA. DE PLANEJ. FINANCEIRO PL;<\/li>\n\n\n\n<li>ANA. DE RELA\u00c7\u00d5ES SINDICAIS E TRABALHISTAS;<\/li>\n\n\n\n<li>ANA. DE SEGURAN\u00c7A DA INFORMA\u00c7\u00c3O PL;<\/li>\n\n\n\n<li>ANA. DE SUSTENTABILIDADE SR;<\/li>\n\n\n\n<li>ANA. FINANCEIRO SR;<\/li>\n\n\n\n<li>ANA. FUNCIONAL HCM SAP;<\/li>\n\n\n\n<li>ANA. JUR\u00cdDICO PLENO;<\/li>\n\n\n\n<li>ANA. REGULAT\u00d3RIO JR;<\/li>\n\n\n\n<li>ANA. SAP-FI PL.<\/li>\n<\/ul>\n\n\n\n<h3 class=\"wp-block-heading\">Como se candidatar<\/h3>\n\n\n\n<p>Para mandar o seu curr\u00edculo, acesse o site em que \u00e9 realizado o procedimento de sele\u00e7\u00e3o. Para isso, clique no link abaixo:<\/p>\n\n\n\n<ul class=\"wp-block-list\">\n<li><a href=\"https:\/\/simpar.gupy.io\/\">Simpar Gupy.<\/a><\/li>\n<\/ul>\n\n\n\n<p>Em seguida, ser\u00e1 necess\u00e1rio ler as exig\u00eancias e atribui\u00e7\u00f5es da vaga para analisar se ela \u00e9 compat\u00edvel com o seu perfil antes de efetuar a sua inscri\u00e7\u00e3o.&nbsp; Em seguida, ser\u00e1 preciso se cadastrar na p\u00e1gina caso ainda n\u00e3o tenha, colocando as suas informa\u00e7\u00f5es pessoais e aguarde o contato da empresa para marcar a entrevista.<\/p>\n\n\n\n<p><strong>Veja tamb\u00e9m: <a href=\"https:\/\/www.vagadeempregorj.com.br\/fr\/empregos-ache\/\">Empregos Ach\u00e9<\/a><\/strong><\/p>\n\n\n\n<h2 class=\"wp-block-heading\">Sobre a Simpar<\/h2>\n\n\n\n<p>A empresa \u00e9 uma Holding de sete companhias independentes: CS Infra, BBC Digital, Movida, Original Concession\u00e1rias, JSL, Grupo Vamos e CS Brasil, que concentram seus principais neg\u00f3cios e atuam em \u00e1reas e setores com grande potencial de crescimento. Juntas, estas companhias formam um grupo com mais de 60 anos de hist\u00f3ria.<\/p>\n\n\n\n<p>Em um modelo de gest\u00e3o que produz resultados sustent\u00e1veis, s\u00e3o formados por pessoas de diferentes gera\u00e7\u00f5es, com conhecimentos e experi\u00eancias complementares, e com muita energia para executar. O seu objetivo \u00e9 defender as pr\u00e1ticas de governan\u00e7a, os seus valores, modelo de gest\u00e3o, orientando e supervisionando o desenvolvimento de novos neg\u00f3cios, a execu\u00e7\u00e3o dos planos de neg\u00f3cios das subsidi\u00e1rias e divis\u00f5es operacionais, promovendo a cria\u00e7\u00e3o de valor sustent\u00e1vel para os seus clientes, acionistas e sociedade.<\/p>\n\n\n\n<p>\u00c9 uma empresa diversificada que promove a diversidade em todas as fun\u00e7\u00f5es, independentemente de defici\u00eancia, g\u00eanero, religi\u00e3o, orienta\u00e7\u00e3o sexual e ra\u00e7a.<\/p>","protected":false},"excerpt":{"rendered":"<p>Atualizado em Os Empregos Simpar s\u00e3o um grande destaque no mercado de trabalho, devido aos seus benef\u00edcios. Alguns de processos eletivos da empresa s\u00e3o realizados remotamente, o que demonstra o cuidado deles com os seus clientes e colaboradores. Outras ocorrem de forma presencial, mas todos os cuidados preventivos s\u00e3o sempre observados. Conhe\u00e7a todas as oportunidades&hellip;&nbsp;<\/p>","protected":false},"author":16,"featured_media":35641,"comment_status":"open","ping_status":"closed","sticky":false,"template":"","format":"standard","meta":{"neve_meta_sidebar":"","neve_meta_container":"","neve_meta_enable_content_width":"","neve_meta_content_width":0,"neve_meta_title_alignment":"","neve_meta_author_avatar":"","neve_post_elements_order":"","neve_meta_disable_header":"","neve_meta_disable_footer":"","neve_meta_disable_title":"","footnotes":""},"categories":[123],"tags":[608,634,211],"class_list":["post-35637","post","type-post","status-publish","format-standard","has-post-thumbnail","hentry","category-vagas-de-emprego-nacionais","tag-oportunidades","tag-simpar","tag-vagas-de-emprego"],"yoast_head":"<!-- This site is optimized with the Yoast SEO plugin v27.5 - https:\/\/yoast.com\/product\/yoast-seo-wordpress\/ -->\n<title>T\u00e9cnico em Seguran\u00e7a do Trabalho, Supervisor de Manuten\u00e7\u00e3o, Auxiliar Administrativo, Jovem Aprendiz, Analistas e muito mais na Empresa Simpar<\/title>\n<meta name=\"description\" content=\"Veja em Vagas de Emprego RJ as vagas de emprego com e sem experi\u00eancia no seu Estado e Regi\u00e3o!\" \/>\n<meta name=\"robots\" content=\"index, follow, max-snippet:-1, max-image-preview:large, max-video-preview:-1\" \/>\n<link rel=\"canonical\" href=\"https:\/\/www.vagadeempregorj.com.br\/fr\/empregos-simpar\/\" \/>\n<meta property=\"og:locale\" content=\"fr_FR\" \/>\n<meta property=\"og:type\" content=\"article\" \/>\n<meta property=\"og:title\" content=\"T\u00e9cnico em Seguran\u00e7a do Trabalho, Supervisor de Manuten\u00e7\u00e3o, Auxiliar Administrativo, Jovem Aprendiz, Analistas e muito mais na Empresa Simpar\" \/>\n<meta property=\"og:description\" content=\"Veja em Vagas de Emprego RJ as vagas de emprego com e sem experi\u00eancia no seu Estado e Regi\u00e3o!\" \/>\n<meta property=\"og:url\" content=\"https:\/\/www.vagadeempregorj.com.br\/fr\/empregos-simpar\/\" \/>\n<meta property=\"article:publisher\" content=\"https:\/\/www.facebook.com\/empregobrasiloficial\" \/>\n<meta property=\"article:published_time\" content=\"2023-10-10T06:03:00+00:00\" \/>\n<meta property=\"og:image\" content=\"https:\/\/www.vagadeempregorj.com.br\/wp-content\/uploads\/2022\/10\/empregos-simpar.jpg\" \/>\n\t<meta property=\"og:image:width\" content=\"1200\" \/>\n\t<meta property=\"og:image:height\" content=\"798\" \/>\n\t<meta property=\"og:image:type\" content=\"image\/jpeg\" \/>\n<meta name=\"author\" content=\"Michele\" \/>\n<meta name=\"twitter:card\" content=\"summary_large_image\" \/>\n<meta name=\"twitter:label1\" content=\"Written by\" \/>\n\t<meta name=\"twitter:data1\" content=\"Michele\" \/>\n\t<meta name=\"twitter:label2\" content=\"Est. reading time\" \/>\n\t<meta name=\"twitter:data2\" content=\"3 minutes\" \/>\n<script type=\"application\/ld+json\" class=\"yoast-schema-graph\">{\"@context\":\"https:\\\/\\\/schema.org\",\"@graph\":[{\"@type\":\"Article\",\"@id\":\"https:\\\/\\\/www.vagadeempregorj.com.br\\\/empregos-simpar\\\/#article\",\"isPartOf\":{\"@id\":\"https:\\\/\\\/www.vagadeempregorj.com.br\\\/empregos-simpar\\\/\"},\"author\":{\"name\":\"Michele\",\"@id\":\"https:\\\/\\\/www.vagadeempregorj.com.br\\\/#\\\/schema\\\/person\\\/3ddb19fa0539706786e502152f3aae95\"},\"headline\":\"T\u00e9cnico em Seguran\u00e7a do Trabalho, Supervisor de Manuten\u00e7\u00e3o, Auxiliar Administrativo, Jovem Aprendiz, Analistas e muito mais na Empresa Simpar\",\"datePublished\":\"2023-10-10T06:03:00+00:00\",\"mainEntityOfPage\":{\"@id\":\"https:\\\/\\\/www.vagadeempregorj.com.br\\\/empregos-simpar\\\/\"},\"wordCount\":599,\"commentCount\":0,\"image\":{\"@id\":\"https:\\\/\\\/www.vagadeempregorj.com.br\\\/empregos-simpar\\\/#primaryimage\"},\"thumbnailUrl\":\"https:\\\/\\\/www.vagadeempregorj.com.br\\\/wp-content\\\/uploads\\\/2022\\\/10\\\/empregos-simpar.jpg\",\"keywords\":[\"oportunidades\",\"Simpar\",\"vagas de emprego\"],\"articleSection\":[\"Vagas de Emprego Nacionais\"],\"inLanguage\":\"fr-FR\",\"potentialAction\":[{\"@type\":\"CommentAction\",\"name\":\"Comment\",\"target\":[\"https:\\\/\\\/www.vagadeempregorj.com.br\\\/empregos-simpar\\\/#respond\"]}]},{\"@type\":\"WebPage\",\"@id\":\"https:\\\/\\\/www.vagadeempregorj.com.br\\\/empregos-simpar\\\/\",\"url\":\"https:\\\/\\\/www.vagadeempregorj.com.br\\\/empregos-simpar\\\/\",\"name\":\"T\u00e9cnico em Seguran\u00e7a do Trabalho, Supervisor de Manuten\u00e7\u00e3o, Auxiliar Administrativo, Jovem Aprendiz, Analistas e muito mais na Empresa Simpar\",\"isPartOf\":{\"@id\":\"https:\\\/\\\/www.vagadeempregorj.com.br\\\/#website\"},\"primaryImageOfPage\":{\"@id\":\"https:\\\/\\\/www.vagadeempregorj.com.br\\\/empregos-simpar\\\/#primaryimage\"},\"image\":{\"@id\":\"https:\\\/\\\/www.vagadeempregorj.com.br\\\/empregos-simpar\\\/#primaryimage\"},\"thumbnailUrl\":\"https:\\\/\\\/www.vagadeempregorj.com.br\\\/wp-content\\\/uploads\\\/2022\\\/10\\\/empregos-simpar.jpg\",\"datePublished\":\"2023-10-10T06:03:00+00:00\",\"author\":{\"@id\":\"https:\\\/\\\/www.vagadeempregorj.com.br\\\/#\\\/schema\\\/person\\\/3ddb19fa0539706786e502152f3aae95\"},\"description\":\"Veja em Vagas de Emprego RJ as vagas de emprego com e sem experi\u00eancia no seu Estado e Regi\u00e3o!\",\"breadcrumb\":{\"@id\":\"https:\\\/\\\/www.vagadeempregorj.com.br\\\/empregos-simpar\\\/#breadcrumb\"},\"inLanguage\":\"fr-FR\",\"potentialAction\":[{\"@type\":\"ReadAction\",\"target\":[\"https:\\\/\\\/www.vagadeempregorj.com.br\\\/empregos-simpar\\\/\"]}]},{\"@type\":\"ImageObject\",\"inLanguage\":\"fr-FR\",\"@id\":\"https:\\\/\\\/www.vagadeempregorj.com.br\\\/empregos-simpar\\\/#primaryimage\",\"url\":\"https:\\\/\\\/www.vagadeempregorj.com.br\\\/wp-content\\\/uploads\\\/2022\\\/10\\\/empregos-simpar.jpg\",\"contentUrl\":\"https:\\\/\\\/www.vagadeempregorj.com.br\\\/wp-content\\\/uploads\\\/2022\\\/10\\\/empregos-simpar.jpg\",\"width\":1200,\"height\":798,\"caption\":\"Imagem: Simpar - Reprodu\u00e7\u00e3o\"},{\"@type\":\"BreadcrumbList\",\"@id\":\"https:\\\/\\\/www.vagadeempregorj.com.br\\\/empregos-simpar\\\/#breadcrumb\",\"itemListElement\":[{\"@type\":\"ListItem\",\"position\":1,\"name\":\"In\u00edcio\",\"item\":\"https:\\\/\\\/www.vagadeempregorj.com.br\\\/\"},{\"@type\":\"ListItem\",\"position\":2,\"name\":\"Vagas de Emprego Nacionais\",\"item\":\"https:\\\/\\\/www.vagadeempregorj.com.br\\\/vagas-de-emprego-nacionais\\\/\"},{\"@type\":\"ListItem\",\"position\":3,\"name\":\"T\u00e9cnico em Seguran\u00e7a do Trabalho, Supervisor de Manuten\u00e7\u00e3o, Auxiliar Administrativo, Jovem Aprendiz, Analistas e muito mais na Empresa Simpar\"}]},{\"@type\":\"WebSite\",\"@id\":\"https:\\\/\\\/www.vagadeempregorj.com.br\\\/#website\",\"url\":\"https:\\\/\\\/www.vagadeempregorj.com.br\\\/\",\"name\":\"\",\"description\":\"Conquiste Sonhos: Vagas, Benef\u00edcios e Economia para Transformar Vidas e Alcan\u00e7ar Melhorias Cotidianas\",\"potentialAction\":[{\"@type\":\"SearchAction\",\"target\":{\"@type\":\"EntryPoint\",\"urlTemplate\":\"https:\\\/\\\/www.vagadeempregorj.com.br\\\/?s={search_term_string}\"},\"query-input\":{\"@type\":\"PropertyValueSpecification\",\"valueRequired\":true,\"valueName\":\"search_term_string\"}}],\"inLanguage\":\"fr-FR\"},{\"@type\":\"Person\",\"@id\":\"https:\\\/\\\/www.vagadeempregorj.com.br\\\/#\\\/schema\\\/person\\\/3ddb19fa0539706786e502152f3aae95\",\"name\":\"Michele\",\"image\":{\"@type\":\"ImageObject\",\"inLanguage\":\"fr-FR\",\"@id\":\"https:\\\/\\\/secure.gravatar.com\\\/avatar\\\/6b0eb9d22841282815e2cd856a0061c45e1761cd54b22e952d98c4746939aa85?s=96&r=g\",\"url\":\"https:\\\/\\\/secure.gravatar.com\\\/avatar\\\/6b0eb9d22841282815e2cd856a0061c45e1761cd54b22e952d98c4746939aa85?s=96&r=g\",\"contentUrl\":\"https:\\\/\\\/secure.gravatar.com\\\/avatar\\\/6b0eb9d22841282815e2cd856a0061c45e1761cd54b22e952d98c4746939aa85?s=96&r=g\",\"caption\":\"Michele\"},\"description\":\"Formada em Letras - Portugu\u00eas\\\/ Ingl\u00eas, e idealizadora do site Escritora de Sucesso, busca expandir o conhecimento de todos com informa\u00e7\u00f5es relevantes sobre diversos assuntos, enquanto redatora. No Vaga de Emprego RJ, traz oportunidades e dicas sobre o mercado de trabalho.\",\"url\":\"https:\\\/\\\/www.vagadeempregorj.com.br\\\/fr\\\/author\\\/michele\\\/\"}]}<\/script>\n<!-- \/ Yoast SEO plugin. -->","yoast_head_json":{"title":"T\u00e9cnico em Seguran\u00e7a do Trabalho, Supervisor de Manuten\u00e7\u00e3o, Auxiliar Administrativo, Jovem Aprendiz, Analistas e muito mais na Empresa Simpar","description":"Veja em Vagas de Emprego RJ as vagas de emprego com e sem experi\u00eancia no seu Estado e Regi\u00e3o!","robots":{"index":"index","follow":"follow","max-snippet":"max-snippet:-1","max-image-preview":"max-image-preview:large","max-video-preview":"max-video-preview:-1"},"canonical":"https:\/\/www.vagadeempregorj.com.br\/fr\/empregos-simpar\/","og_locale":"fr_FR","og_type":"article","og_title":"T\u00e9cnico em Seguran\u00e7a do Trabalho, Supervisor de Manuten\u00e7\u00e3o, Auxiliar Administrativo, Jovem Aprendiz, Analistas e muito mais na Empresa Simpar","og_description":"Veja em Vagas de Emprego RJ as vagas de emprego com e sem experi\u00eancia no seu Estado e Regi\u00e3o!","og_url":"https:\/\/www.vagadeempregorj.com.br\/fr\/empregos-simpar\/","article_publisher":"https:\/\/www.facebook.com\/empregobrasiloficial","article_published_time":"2023-10-10T06:03:00+00:00","og_image":[{"width":1200,"height":798,"url":"https:\/\/www.vagadeempregorj.com.br\/wp-content\/uploads\/2022\/10\/empregos-simpar.jpg","type":"image\/jpeg"}],"author":"Michele","twitter_card":"summary_large_image","twitter_misc":{"Written by":"Michele","Est. reading time":"3 minutes"},"schema":{"@context":"https:\/\/schema.org","@graph":[{"@type":"Article","@id":"https:\/\/www.vagadeempregorj.com.br\/empregos-simpar\/#article","isPartOf":{"@id":"https:\/\/www.vagadeempregorj.com.br\/empregos-simpar\/"},"author":{"name":"Michele","@id":"https:\/\/www.vagadeempregorj.com.br\/#\/schema\/person\/3ddb19fa0539706786e502152f3aae95"},"headline":"T\u00e9cnico em Seguran\u00e7a do Trabalho, Supervisor de Manuten\u00e7\u00e3o, Auxiliar Administrativo, Jovem Aprendiz, Analistas e muito mais na Empresa Simpar","datePublished":"2023-10-10T06:03:00+00:00","mainEntityOfPage":{"@id":"https:\/\/www.vagadeempregorj.com.br\/empregos-simpar\/"},"wordCount":599,"commentCount":0,"image":{"@id":"https:\/\/www.vagadeempregorj.com.br\/empregos-simpar\/#primaryimage"},"thumbnailUrl":"https:\/\/www.vagadeempregorj.com.br\/wp-content\/uploads\/2022\/10\/empregos-simpar.jpg","keywords":["oportunidades","Simpar","vagas de emprego"],"articleSection":["Vagas de Emprego Nacionais"],"inLanguage":"fr-FR","potentialAction":[{"@type":"CommentAction","name":"Comment","target":["https:\/\/www.vagadeempregorj.com.br\/empregos-simpar\/#respond"]}]},{"@type":"WebPage","@id":"https:\/\/www.vagadeempregorj.com.br\/empregos-simpar\/","url":"https:\/\/www.vagadeempregorj.com.br\/empregos-simpar\/","name":"T\u00e9cnico em Seguran\u00e7a do Trabalho, Supervisor de Manuten\u00e7\u00e3o, Auxiliar Administrativo, Jovem Aprendiz, Analistas e muito mais na Empresa Simpar","isPartOf":{"@id":"https:\/\/www.vagadeempregorj.com.br\/#website"},"primaryImageOfPage":{"@id":"https:\/\/www.vagadeempregorj.com.br\/empregos-simpar\/#primaryimage"},"image":{"@id":"https:\/\/www.vagadeempregorj.com.br\/empregos-simpar\/#primaryimage"},"thumbnailUrl":"https:\/\/www.vagadeempregorj.com.br\/wp-content\/uploads\/2022\/10\/empregos-simpar.jpg","datePublished":"2023-10-10T06:03:00+00:00","author":{"@id":"https:\/\/www.vagadeempregorj.com.br\/#\/schema\/person\/3ddb19fa0539706786e502152f3aae95"},"description":"Veja em Vagas de Emprego RJ as vagas de emprego com e sem experi\u00eancia no seu Estado e Regi\u00e3o!","breadcrumb":{"@id":"https:\/\/www.vagadeempregorj.com.br\/empregos-simpar\/#breadcrumb"},"inLanguage":"fr-FR","potentialAction":[{"@type":"ReadAction","target":["https:\/\/www.vagadeempregorj.com.br\/empregos-simpar\/"]}]},{"@type":"ImageObject","inLanguage":"fr-FR","@id":"https:\/\/www.vagadeempregorj.com.br\/empregos-simpar\/#primaryimage","url":"https:\/\/www.vagadeempregorj.com.br\/wp-content\/uploads\/2022\/10\/empregos-simpar.jpg","contentUrl":"https:\/\/www.vagadeempregorj.com.br\/wp-content\/uploads\/2022\/10\/empregos-simpar.jpg","width":1200,"height":798,"caption":"Imagem: Simpar - Reprodu\u00e7\u00e3o"},{"@type":"BreadcrumbList","@id":"https:\/\/www.vagadeempregorj.com.br\/empregos-simpar\/#breadcrumb","itemListElement":[{"@type":"ListItem","position":1,"name":"In\u00edcio","item":"https:\/\/www.vagadeempregorj.com.br\/"},{"@type":"ListItem","position":2,"name":"Vagas de Emprego Nacionais","item":"https:\/\/www.vagadeempregorj.com.br\/vagas-de-emprego-nacionais\/"},{"@type":"ListItem","position":3,"name":"T\u00e9cnico em Seguran\u00e7a do Trabalho, Supervisor de Manuten\u00e7\u00e3o, Auxiliar Administrativo, Jovem Aprendiz, Analistas e muito mais na Empresa Simpar"}]},{"@type":"WebSite","@id":"https:\/\/www.vagadeempregorj.com.br\/#website","url":"https:\/\/www.vagadeempregorj.com.br\/","name":"","description":"Conquiste Sonhos: Vagas, Benef\u00edcios e Economia para Transformar Vidas e Alcan\u00e7ar Melhorias Cotidianas","potentialAction":[{"@type":"SearchAction","target":{"@type":"EntryPoint","urlTemplate":"https:\/\/www.vagadeempregorj.com.br\/?s={search_term_string}"},"query-input":{"@type":"PropertyValueSpecification","valueRequired":true,"valueName":"search_term_string"}}],"inLanguage":"fr-FR"},{"@type":"Person","@id":"https:\/\/www.vagadeempregorj.com.br\/#\/schema\/person\/3ddb19fa0539706786e502152f3aae95","name":"Michele","image":{"@type":"ImageObject","inLanguage":"fr-FR","@id":"https:\/\/secure.gravatar.com\/avatar\/6b0eb9d22841282815e2cd856a0061c45e1761cd54b22e952d98c4746939aa85?s=96&r=g","url":"https:\/\/secure.gravatar.com\/avatar\/6b0eb9d22841282815e2cd856a0061c45e1761cd54b22e952d98c4746939aa85?s=96&r=g","contentUrl":"https:\/\/secure.gravatar.com\/avatar\/6b0eb9d22841282815e2cd856a0061c45e1761cd54b22e952d98c4746939aa85?s=96&r=g","caption":"Michele"},"description":"Formada em Letras - Portugu\u00eas\/ Ingl\u00eas, e idealizadora do site Escritora de Sucesso, busca expandir o conhecimento de todos com informa\u00e7\u00f5es relevantes sobre diversos assuntos, enquanto redatora. No Vaga de Emprego RJ, traz oportunidades e dicas sobre o mercado de trabalho.","url":"https:\/\/www.vagadeempregorj.com.br\/fr\/author\/michele\/"}]}},"_links":{"self":[{"href":"https:\/\/www.vagadeempregorj.com.br\/fr\/wp-json\/wp\/v2\/posts\/35637","targetHints":{"allow":["GET"]}}],"collection":[{"href":"https:\/\/www.vagadeempregorj.com.br\/fr\/wp-json\/wp\/v2\/posts"}],"about":[{"href":"https:\/\/www.vagadeempregorj.com.br\/fr\/wp-json\/wp\/v2\/types\/post"}],"author":[{"embeddable":true,"href":"https:\/\/www.vagadeempregorj.com.br\/fr\/wp-json\/wp\/v2\/users\/16"}],"replies":[{"embeddable":true,"href":"https:\/\/www.vagadeempregorj.com.br\/fr\/wp-json\/wp\/v2\/comments?post=35637"}],"version-history":[{"count":0,"href":"https:\/\/www.vagadeempregorj.com.br\/fr\/wp-json\/wp\/v2\/posts\/35637\/revisions"}],"wp:featuredmedia":[{"embeddable":true,"href":"https:\/\/www.vagadeempregorj.com.br\/fr\/wp-json\/wp\/v2\/media\/35641"}],"wp:attachment":[{"href":"https:\/\/www.vagadeempregorj.com.br\/fr\/wp-json\/wp\/v2\/media?parent=35637"}],"wp:term":[{"taxonomy":"category","embeddable":true,"href":"https:\/\/www.vagadeempregorj.com.br\/fr\/wp-json\/wp\/v2\/categories?post=35637"},{"taxonomy":"post_tag","embeddable":true,"href":"https:\/\/www.vagadeempregorj.com.br\/fr\/wp-json\/wp\/v2\/tags?post=35637"}],"curies":[{"name":"wp","href":"https:\/\/api.w.org\/{rel}","templated":true}]}}