{"id":35651,"date":"2025-03-17T06:01:00","date_gmt":"2025-03-17T09:01:00","guid":{"rendered":"https:\/\/www.vagadeempregorj.com.br\/?p=35651"},"modified":"2025-03-17T06:22:03","modified_gmt":"2025-03-17T09:22:03","slug":"empregos-brf","status":"publish","type":"post","link":"https:\/\/www.vagadeempregorj.com.br\/fr\/empregos-brf\/","title":{"rendered":"Motoristas, Vendedores, Conferente, Operador de Empilhadeira, T\u00e9cnico de Manuten\u00e7\u00e3o El\u00e9trica, Analistas e muito mais na Empresa BRF"},"content":{"rendered":"<p>Atualizado em<\/p>\n\n\n<div class=\"wp-block-post-date\"><time datetime=\"2025-03-17T06:01:00-03:00\">17\/03\/2025<\/time><\/div>\n\n\n<p>Os <strong>empregos BRF <\/strong>representam a esperada chance de mudan\u00e7a de vida para diversos brasileiros. Isso se d\u00e1 porque muitas pessoas que n\u00e3o conseguem integrar o mercado de trabalho, por falta de boas oportunidades, conseguem na BRF o caminho ideal. Com bons sal\u00e1rios e plano de evolu\u00e7\u00e3o na carreira, os profissionais podem melhorar as realidades deles e de suas fam\u00edlias. A BRF est\u00e1 h\u00e1 mais de 85 anos atuando para realizar sonhos e desenvolver o pa\u00eds.&nbsp;<\/p>\n\n\n\n<figure class=\"wp-block-image size-full\"><img loading=\"lazy\" decoding=\"async\" width=\"855\" height=\"481\" src=\"https:\/\/www.vagadeempregorj.com.br\/wp-content\/uploads\/2022\/10\/emprgos-BRF.jpg\" alt=\"empregos BRF\" class=\"wp-image-35653\" srcset=\"https:\/\/www.vagadeempregorj.com.br\/wp-content\/uploads\/2022\/10\/emprgos-BRF.jpg 855w, https:\/\/www.vagadeempregorj.com.br\/wp-content\/uploads\/2022\/10\/emprgos-BRF-300x169.jpg 300w, https:\/\/www.vagadeempregorj.com.br\/wp-content\/uploads\/2022\/10\/emprgos-BRF-768x432.jpg 768w, https:\/\/www.vagadeempregorj.com.br\/wp-content\/uploads\/2022\/10\/emprgos-BRF-383x215.jpg 383w, https:\/\/www.vagadeempregorj.com.br\/wp-content\/uploads\/2022\/10\/emprgos-BRF-150x84.jpg 150w\" sizes=\"auto, (max-width: 855px) 100vw, 855px\" \/><figcaption class=\"wp-element-caption\">Imagem: Brazil Journal &#8211; Reprodu\u00e7\u00e3o<\/figcaption><\/figure>\n\n\n\n<h2 class=\"wp-block-heading\">Conhe\u00e7a oportunidades de empregos BRF<\/h2>\n\n\n\n<p>A <strong>BRF <\/strong>tem not\u00f3ria experi\u00eancia na \u00e1rea, consolidada pelos muitos anos de desempenho no seu segmento. Mas, n\u00e3o \u00e9 s\u00f3 isso que permite que a empresa seja uma das maiores companhias de alimentos do mundo. A busca pela inova\u00e7\u00e3o, pelo progresso, mantendo o cuidado de sempre, fazem a BRF ser essa pot\u00eancia.<\/p>\n\n\n\n<p>Seguindo valores importantes a empresa alcan\u00e7ou grandes objetivos, e pretende fazer muito mais. Assim, prezar pela \u00e9tica, a sa\u00fade, o respeito com o consumidor, a constante vontade de inovar e a obstina\u00e7\u00e3o por realizar metas, \u00e9 fundamental para um colaborador da marca.&nbsp;<\/p>\n\n\n\n<p>Al\u00e9m disso, \u00e9 de suma import\u00e2ncia que seus profissionais estejam adequados aos cargos que ocupam. Por exemplo, um Auxiliar de Administra\u00e7\u00e3o e Faturamento, precisa ter conhecimento no Pacote Office, e viv\u00eancia em rotinas log\u00edsticas para ocupar a vaga.<\/p>\n\n\n\n<p>A empresa possui alguns programas para desenvolvimento de carreiras. S\u00e3o o programa de Est\u00e1gio, para estudantes, e o Fast Track e o de Trainee, para pessoas que j\u00e1 est\u00e3o formadas na gradua\u00e7\u00e3o.&nbsp;<\/p>\n\n\n\n<p>Veja algumas oportunidades disponibilizadas para compor o time BRF:<\/p>\n\n\n\n<ul class=\"wp-block-list\">\n<li>Analista CSC (Impostos indiretos) &#8211; JR<\/li>\n\n\n\n<li>Assistente financeiro<\/li>\n\n\n\n<li>Analista administrativo &#8211; JR<\/li>\n\n\n\n<li>Balanceiro<\/li>\n\n\n\n<li>Operador de granjas<\/li>\n\n\n\n<li>Veterin\u00e1rio sanitarista (Produ\u00e7\u00e3o de leit\u00f5es)<\/li>\n\n\n\n<li>Extensionista I<\/li>\n\n\n\n<li>Auxiliar CSC &#8211; rela\u00e7\u00f5es com trabalho<\/li>\n\n\n\n<li>Conferente<\/li>\n\n\n\n<li>T\u00e9cnico em manuten\u00e7\u00e3o el\u00e9trica &#8211; Pleno<\/li>\n\n\n\n<li>Analista tribut\u00e1rio &#8211; Pleno<\/li>\n\n\n\n<li>Operador industrial I<\/li>\n\n\n\n<li>Classificador de gr\u00e3os I<\/li>\n\n\n\n<li>Avaliador de qualidade<\/li>\n\n\n\n<li>Laboratorista de sa\u00fade animal<\/li>\n\n\n\n<li>Pre-process Assistant<\/li>\n\n\n\n<li>Operador Gera\u00e7\u00e3o Frio &#8211; I<\/li>\n\n\n\n<li>Motorista<\/li>\n\n\n\n<li>Promotor<\/li>\n\n\n\n<li>Operador empilhadeira<\/li>\n\n\n\n<li>Negociador de biomassa- JR<\/li>\n\n\n\n<li>Analista de riscos &#8211; JR<\/li>\n\n\n\n<li>Analista tribut\u00e1rio &#8211; Pleno<\/li>\n\n\n\n<li>Vendedor<\/li>\n\n\n\n<li>Agile coach<\/li>\n\n\n\n<li>Auxiliar de laborat\u00f3rio industrial<\/li>\n\n\n\n<li>Analista de marketing &#8211; Pleno<\/li>\n\n\n\n<li>Supervisor de vendas<\/li>\n\n\n\n<li>Operador l\u00edder<\/li>\n\n\n\n<li>Auxiliar de atendimento<\/li>\n\n\n\n<li>Analista de projetos comerciais &#8211; s\u00eanior<\/li>\n\n\n\n<li>Est\u00e1gio em marketing ingredients<\/li>\n\n\n\n<li>Operador de produ\u00e7\u00e3o I<\/li>\n\n\n\n<li>Operador margarinas I<\/li>\n\n\n\n<li>Coordenador de controladoria &#8211; F\u00e1brica<\/li>\n\n\n\n<li>Especialista de remunera\u00e7\u00e3o estrat\u00e9gica de executivos<\/li>\n\n\n\n<li>Eletricista I<\/li>\n\n\n\n<li>T\u00e9cnico em manuten\u00e7\u00e3o &#8211; JR<\/li>\n\n\n\n<li>Utilities manager<\/li>\n\n\n\n<li>Mec\u00e2nico I<\/li>\n\n\n\n<li>Enfermeiro do trabalho &#8211; JR<\/li>\n\n\n\n<li>Engenheiro de projetos de automa\u00e7\u00e3o &#8211; s\u00eanior&nbsp;<\/li>\n\n\n\n<li>Analista ambiental &#8211; Pleno<\/li>\n\n\n\n<li>Analista de controles internos -TI<\/li>\n\n\n\n<li>Analista Data scientist&nbsp;<\/li>\n\n\n\n<li>Controlador de processos &#8211; su\u00ednos<\/li>\n<\/ul>\n\n\n\n<h3 class=\"wp-block-heading\">Como se candidatar<\/h3>\n\n\n\n<p>Aos interessados em alguma oportunidade oferecida pela empresa, al\u00e9m de verificar se est\u00e3o adequados a ela, basta acessar o site oferecido pela BRF para cadastro de curr\u00edculos. \u00c9 importante dizer que h\u00e1 vagas para Pessoas com Defici\u00eancia (PCD) no quadro de funcion\u00e1rios.<\/p>\n\n\n\n<ul class=\"wp-block-list\">\n<li><a href=\"https:\/\/talents.brf.com\/?locale=pt_BR%20\">BRF &#8211; Trabalhe conosco<\/a><\/li>\n<\/ul>\n\n\n\n<p><strong>Veja tamb\u00e9m: <a href=\"https:\/\/www.vagadeempregorj.com.br\/fr\/empregos-whirlpool\/\">Empregos Whirlpool<\/a><\/strong><\/p>\n\n\n\n<h2 class=\"wp-block-heading\">Saiba mais sobre a BRF<\/h2>\n\n\n\n<p>A BRF \u00e9 uma das l\u00edderes mundiais na produ\u00e7\u00e3o de prote\u00edna animal. Com a qualidade de seus produtos confirmada pelos seus consumidores, a empresa conta com mais de 100 mil profissionais, distribu\u00eddos por diversos pa\u00edses.<\/p>\n\n\n\n<p>A Companhia venceu o pr\u00eamio de \u201c100 Empresa com maior reputa\u00e7\u00e3o no pa\u00eds\u201d, pela Exame, e n\u00e3o poderia ser diferente. A BRF tem tradi\u00e7\u00e3o, tecnologia e conhecimentos suficientes para fazer muito mais.&nbsp;<\/p>","protected":false},"excerpt":{"rendered":"<p>Atualizado em Os empregos BRF representam a esperada chance de mudan\u00e7a de vida para diversos brasileiros. Isso se d\u00e1 porque muitas pessoas que n\u00e3o conseguem integrar o mercado de trabalho, por falta de boas oportunidades, conseguem na BRF o caminho ideal. Com bons sal\u00e1rios e plano de evolu\u00e7\u00e3o na carreira, os profissionais podem melhorar as&hellip;&nbsp;<\/p>","protected":false},"author":16,"featured_media":35653,"comment_status":"open","ping_status":"closed","sticky":false,"template":"","format":"standard","meta":{"neve_meta_sidebar":"","neve_meta_container":"","neve_meta_enable_content_width":"","neve_meta_content_width":0,"neve_meta_title_alignment":"","neve_meta_author_avatar":"","neve_post_elements_order":"","neve_meta_disable_header":"","neve_meta_disable_footer":"","neve_meta_disable_title":"","footnotes":""},"categories":[123],"tags":[635,211],"class_list":["post-35651","post","type-post","status-publish","format-standard","has-post-thumbnail","hentry","category-vagas-de-emprego-nacionais","tag-brf","tag-vagas-de-emprego"],"yoast_head":"<!-- This site is optimized with the Yoast SEO plugin v27.5 - https:\/\/yoast.com\/product\/yoast-seo-wordpress\/ -->\n<title>Motoristas, Vendedores, Conferente, Operador de Empilhadeira, T\u00e9cnico de Manuten\u00e7\u00e3o El\u00e9trica, Analistas e muito mais na Empresa BRF<\/title>\n<meta name=\"description\" content=\"Veja em Vagas de Emprego RJ as vagas de emprego com e sem experi\u00eancia no seu Estado e Regi\u00e3o!\" \/>\n<meta name=\"robots\" content=\"index, follow, max-snippet:-1, max-image-preview:large, max-video-preview:-1\" \/>\n<link rel=\"canonical\" href=\"https:\/\/www.vagadeempregorj.com.br\/fr\/empregos-brf\/\" \/>\n<meta property=\"og:locale\" content=\"fr_FR\" \/>\n<meta property=\"og:type\" content=\"article\" \/>\n<meta property=\"og:title\" content=\"Motoristas, Vendedores, Conferente, Operador de Empilhadeira, T\u00e9cnico de Manuten\u00e7\u00e3o El\u00e9trica, Analistas e muito mais na Empresa BRF\" \/>\n<meta property=\"og:description\" content=\"Veja em Vagas de Emprego RJ as vagas de emprego com e sem experi\u00eancia no seu Estado e Regi\u00e3o!\" \/>\n<meta property=\"og:url\" content=\"https:\/\/www.vagadeempregorj.com.br\/fr\/empregos-brf\/\" \/>\n<meta property=\"article:publisher\" content=\"https:\/\/www.facebook.com\/empregobrasiloficial\" \/>\n<meta property=\"article:published_time\" content=\"2025-03-17T09:01:00+00:00\" \/>\n<meta property=\"article:modified_time\" content=\"2025-03-17T09:22:03+00:00\" \/>\n<meta property=\"og:image\" content=\"https:\/\/www.vagadeempregorj.com.br\/wp-content\/uploads\/2022\/10\/emprgos-BRF.jpg\" \/>\n\t<meta property=\"og:image:width\" content=\"855\" \/>\n\t<meta property=\"og:image:height\" content=\"481\" \/>\n\t<meta property=\"og:image:type\" content=\"image\/jpeg\" \/>\n<meta name=\"author\" content=\"Michele\" \/>\n<meta name=\"twitter:card\" content=\"summary_large_image\" \/>\n<meta name=\"twitter:label1\" content=\"Written by\" \/>\n\t<meta name=\"twitter:data1\" content=\"Michele\" \/>\n\t<meta name=\"twitter:label2\" content=\"Est. reading time\" \/>\n\t<meta name=\"twitter:data2\" content=\"3 minutes\" \/>\n<script type=\"application\/ld+json\" class=\"yoast-schema-graph\">{\"@context\":\"https:\\\/\\\/schema.org\",\"@graph\":[{\"@type\":\"Article\",\"@id\":\"https:\\\/\\\/www.vagadeempregorj.com.br\\\/empregos-brf\\\/#article\",\"isPartOf\":{\"@id\":\"https:\\\/\\\/www.vagadeempregorj.com.br\\\/empregos-brf\\\/\"},\"author\":{\"name\":\"Michele\",\"@id\":\"https:\\\/\\\/www.vagadeempregorj.com.br\\\/#\\\/schema\\\/person\\\/3ddb19fa0539706786e502152f3aae95\"},\"headline\":\"Motoristas, Vendedores, Conferente, Operador de Empilhadeira, T\u00e9cnico de Manuten\u00e7\u00e3o El\u00e9trica, Analistas e muito mais na Empresa BRF\",\"datePublished\":\"2025-03-17T09:01:00+00:00\",\"dateModified\":\"2025-03-17T09:22:03+00:00\",\"mainEntityOfPage\":{\"@id\":\"https:\\\/\\\/www.vagadeempregorj.com.br\\\/empregos-brf\\\/\"},\"wordCount\":636,\"commentCount\":0,\"image\":{\"@id\":\"https:\\\/\\\/www.vagadeempregorj.com.br\\\/empregos-brf\\\/#primaryimage\"},\"thumbnailUrl\":\"https:\\\/\\\/www.vagadeempregorj.com.br\\\/wp-content\\\/uploads\\\/2022\\\/10\\\/emprgos-BRF.jpg\",\"keywords\":[\"BRF\",\"vagas de emprego\"],\"articleSection\":[\"Vagas de Emprego Nacionais\"],\"inLanguage\":\"fr-FR\",\"potentialAction\":[{\"@type\":\"CommentAction\",\"name\":\"Comment\",\"target\":[\"https:\\\/\\\/www.vagadeempregorj.com.br\\\/empregos-brf\\\/#respond\"]}]},{\"@type\":\"WebPage\",\"@id\":\"https:\\\/\\\/www.vagadeempregorj.com.br\\\/empregos-brf\\\/\",\"url\":\"https:\\\/\\\/www.vagadeempregorj.com.br\\\/empregos-brf\\\/\",\"name\":\"Motoristas, Vendedores, Conferente, Operador de Empilhadeira, T\u00e9cnico de Manuten\u00e7\u00e3o El\u00e9trica, Analistas e muito mais na Empresa BRF\",\"isPartOf\":{\"@id\":\"https:\\\/\\\/www.vagadeempregorj.com.br\\\/#website\"},\"primaryImageOfPage\":{\"@id\":\"https:\\\/\\\/www.vagadeempregorj.com.br\\\/empregos-brf\\\/#primaryimage\"},\"image\":{\"@id\":\"https:\\\/\\\/www.vagadeempregorj.com.br\\\/empregos-brf\\\/#primaryimage\"},\"thumbnailUrl\":\"https:\\\/\\\/www.vagadeempregorj.com.br\\\/wp-content\\\/uploads\\\/2022\\\/10\\\/emprgos-BRF.jpg\",\"datePublished\":\"2025-03-17T09:01:00+00:00\",\"dateModified\":\"2025-03-17T09:22:03+00:00\",\"author\":{\"@id\":\"https:\\\/\\\/www.vagadeempregorj.com.br\\\/#\\\/schema\\\/person\\\/3ddb19fa0539706786e502152f3aae95\"},\"description\":\"Veja em Vagas de Emprego RJ as vagas de emprego com e sem experi\u00eancia no seu Estado e Regi\u00e3o!\",\"breadcrumb\":{\"@id\":\"https:\\\/\\\/www.vagadeempregorj.com.br\\\/empregos-brf\\\/#breadcrumb\"},\"inLanguage\":\"fr-FR\",\"potentialAction\":[{\"@type\":\"ReadAction\",\"target\":[\"https:\\\/\\\/www.vagadeempregorj.com.br\\\/empregos-brf\\\/\"]}]},{\"@type\":\"ImageObject\",\"inLanguage\":\"fr-FR\",\"@id\":\"https:\\\/\\\/www.vagadeempregorj.com.br\\\/empregos-brf\\\/#primaryimage\",\"url\":\"https:\\\/\\\/www.vagadeempregorj.com.br\\\/wp-content\\\/uploads\\\/2022\\\/10\\\/emprgos-BRF.jpg\",\"contentUrl\":\"https:\\\/\\\/www.vagadeempregorj.com.br\\\/wp-content\\\/uploads\\\/2022\\\/10\\\/emprgos-BRF.jpg\",\"width\":855,\"height\":481,\"caption\":\"Imagem: Brazil Journal - Reprodu\u00e7\u00e3o\"},{\"@type\":\"BreadcrumbList\",\"@id\":\"https:\\\/\\\/www.vagadeempregorj.com.br\\\/empregos-brf\\\/#breadcrumb\",\"itemListElement\":[{\"@type\":\"ListItem\",\"position\":1,\"name\":\"In\u00edcio\",\"item\":\"https:\\\/\\\/www.vagadeempregorj.com.br\\\/\"},{\"@type\":\"ListItem\",\"position\":2,\"name\":\"Vagas de Emprego Nacionais\",\"item\":\"https:\\\/\\\/www.vagadeempregorj.com.br\\\/vagas-de-emprego-nacionais\\\/\"},{\"@type\":\"ListItem\",\"position\":3,\"name\":\"Motoristas, Vendedores, Conferente, Operador de Empilhadeira, T\u00e9cnico de Manuten\u00e7\u00e3o El\u00e9trica, Analistas e muito mais na Empresa BRF\"}]},{\"@type\":\"WebSite\",\"@id\":\"https:\\\/\\\/www.vagadeempregorj.com.br\\\/#website\",\"url\":\"https:\\\/\\\/www.vagadeempregorj.com.br\\\/\",\"name\":\"\",\"description\":\"Conquiste Sonhos: Vagas, Benef\u00edcios e Economia para Transformar Vidas e Alcan\u00e7ar Melhorias Cotidianas\",\"potentialAction\":[{\"@type\":\"SearchAction\",\"target\":{\"@type\":\"EntryPoint\",\"urlTemplate\":\"https:\\\/\\\/www.vagadeempregorj.com.br\\\/?s={search_term_string}\"},\"query-input\":{\"@type\":\"PropertyValueSpecification\",\"valueRequired\":true,\"valueName\":\"search_term_string\"}}],\"inLanguage\":\"fr-FR\"},{\"@type\":\"Person\",\"@id\":\"https:\\\/\\\/www.vagadeempregorj.com.br\\\/#\\\/schema\\\/person\\\/3ddb19fa0539706786e502152f3aae95\",\"name\":\"Michele\",\"image\":{\"@type\":\"ImageObject\",\"inLanguage\":\"fr-FR\",\"@id\":\"https:\\\/\\\/secure.gravatar.com\\\/avatar\\\/6b0eb9d22841282815e2cd856a0061c45e1761cd54b22e952d98c4746939aa85?s=96&r=g\",\"url\":\"https:\\\/\\\/secure.gravatar.com\\\/avatar\\\/6b0eb9d22841282815e2cd856a0061c45e1761cd54b22e952d98c4746939aa85?s=96&r=g\",\"contentUrl\":\"https:\\\/\\\/secure.gravatar.com\\\/avatar\\\/6b0eb9d22841282815e2cd856a0061c45e1761cd54b22e952d98c4746939aa85?s=96&r=g\",\"caption\":\"Michele\"},\"description\":\"Formada em Letras - Portugu\u00eas\\\/ Ingl\u00eas, e idealizadora do site Escritora de Sucesso, busca expandir o conhecimento de todos com informa\u00e7\u00f5es relevantes sobre diversos assuntos, enquanto redatora. No Vaga de Emprego RJ, traz oportunidades e dicas sobre o mercado de trabalho.\",\"url\":\"https:\\\/\\\/www.vagadeempregorj.com.br\\\/fr\\\/author\\\/michele\\\/\"}]}<\/script>\n<!-- \/ Yoast SEO plugin. -->","yoast_head_json":{"title":"Motoristas, Vendedores, Conferente, Operador de Empilhadeira, T\u00e9cnico de Manuten\u00e7\u00e3o El\u00e9trica, Analistas e muito mais na Empresa BRF","description":"Veja em Vagas de Emprego RJ as vagas de emprego com e sem experi\u00eancia no seu Estado e Regi\u00e3o!","robots":{"index":"index","follow":"follow","max-snippet":"max-snippet:-1","max-image-preview":"max-image-preview:large","max-video-preview":"max-video-preview:-1"},"canonical":"https:\/\/www.vagadeempregorj.com.br\/fr\/empregos-brf\/","og_locale":"fr_FR","og_type":"article","og_title":"Motoristas, Vendedores, Conferente, Operador de Empilhadeira, T\u00e9cnico de Manuten\u00e7\u00e3o El\u00e9trica, Analistas e muito mais na Empresa BRF","og_description":"Veja em Vagas de Emprego RJ as vagas de emprego com e sem experi\u00eancia no seu Estado e Regi\u00e3o!","og_url":"https:\/\/www.vagadeempregorj.com.br\/fr\/empregos-brf\/","article_publisher":"https:\/\/www.facebook.com\/empregobrasiloficial","article_published_time":"2025-03-17T09:01:00+00:00","article_modified_time":"2025-03-17T09:22:03+00:00","og_image":[{"width":855,"height":481,"url":"https:\/\/www.vagadeempregorj.com.br\/wp-content\/uploads\/2022\/10\/emprgos-BRF.jpg","type":"image\/jpeg"}],"author":"Michele","twitter_card":"summary_large_image","twitter_misc":{"Written by":"Michele","Est. reading time":"3 minutes"},"schema":{"@context":"https:\/\/schema.org","@graph":[{"@type":"Article","@id":"https:\/\/www.vagadeempregorj.com.br\/empregos-brf\/#article","isPartOf":{"@id":"https:\/\/www.vagadeempregorj.com.br\/empregos-brf\/"},"author":{"name":"Michele","@id":"https:\/\/www.vagadeempregorj.com.br\/#\/schema\/person\/3ddb19fa0539706786e502152f3aae95"},"headline":"Motoristas, Vendedores, Conferente, Operador de Empilhadeira, T\u00e9cnico de Manuten\u00e7\u00e3o El\u00e9trica, Analistas e muito mais na Empresa BRF","datePublished":"2025-03-17T09:01:00+00:00","dateModified":"2025-03-17T09:22:03+00:00","mainEntityOfPage":{"@id":"https:\/\/www.vagadeempregorj.com.br\/empregos-brf\/"},"wordCount":636,"commentCount":0,"image":{"@id":"https:\/\/www.vagadeempregorj.com.br\/empregos-brf\/#primaryimage"},"thumbnailUrl":"https:\/\/www.vagadeempregorj.com.br\/wp-content\/uploads\/2022\/10\/emprgos-BRF.jpg","keywords":["BRF","vagas de emprego"],"articleSection":["Vagas de Emprego Nacionais"],"inLanguage":"fr-FR","potentialAction":[{"@type":"CommentAction","name":"Comment","target":["https:\/\/www.vagadeempregorj.com.br\/empregos-brf\/#respond"]}]},{"@type":"WebPage","@id":"https:\/\/www.vagadeempregorj.com.br\/empregos-brf\/","url":"https:\/\/www.vagadeempregorj.com.br\/empregos-brf\/","name":"Motoristas, Vendedores, Conferente, Operador de Empilhadeira, T\u00e9cnico de Manuten\u00e7\u00e3o El\u00e9trica, Analistas e muito mais na Empresa BRF","isPartOf":{"@id":"https:\/\/www.vagadeempregorj.com.br\/#website"},"primaryImageOfPage":{"@id":"https:\/\/www.vagadeempregorj.com.br\/empregos-brf\/#primaryimage"},"image":{"@id":"https:\/\/www.vagadeempregorj.com.br\/empregos-brf\/#primaryimage"},"thumbnailUrl":"https:\/\/www.vagadeempregorj.com.br\/wp-content\/uploads\/2022\/10\/emprgos-BRF.jpg","datePublished":"2025-03-17T09:01:00+00:00","dateModified":"2025-03-17T09:22:03+00:00","author":{"@id":"https:\/\/www.vagadeempregorj.com.br\/#\/schema\/person\/3ddb19fa0539706786e502152f3aae95"},"description":"Veja em Vagas de Emprego RJ as vagas de emprego com e sem experi\u00eancia no seu Estado e Regi\u00e3o!","breadcrumb":{"@id":"https:\/\/www.vagadeempregorj.com.br\/empregos-brf\/#breadcrumb"},"inLanguage":"fr-FR","potentialAction":[{"@type":"ReadAction","target":["https:\/\/www.vagadeempregorj.com.br\/empregos-brf\/"]}]},{"@type":"ImageObject","inLanguage":"fr-FR","@id":"https:\/\/www.vagadeempregorj.com.br\/empregos-brf\/#primaryimage","url":"https:\/\/www.vagadeempregorj.com.br\/wp-content\/uploads\/2022\/10\/emprgos-BRF.jpg","contentUrl":"https:\/\/www.vagadeempregorj.com.br\/wp-content\/uploads\/2022\/10\/emprgos-BRF.jpg","width":855,"height":481,"caption":"Imagem: Brazil Journal - Reprodu\u00e7\u00e3o"},{"@type":"BreadcrumbList","@id":"https:\/\/www.vagadeempregorj.com.br\/empregos-brf\/#breadcrumb","itemListElement":[{"@type":"ListItem","position":1,"name":"In\u00edcio","item":"https:\/\/www.vagadeempregorj.com.br\/"},{"@type":"ListItem","position":2,"name":"Vagas de Emprego Nacionais","item":"https:\/\/www.vagadeempregorj.com.br\/vagas-de-emprego-nacionais\/"},{"@type":"ListItem","position":3,"name":"Motoristas, Vendedores, Conferente, Operador de Empilhadeira, T\u00e9cnico de Manuten\u00e7\u00e3o El\u00e9trica, Analistas e muito mais na Empresa BRF"}]},{"@type":"WebSite","@id":"https:\/\/www.vagadeempregorj.com.br\/#website","url":"https:\/\/www.vagadeempregorj.com.br\/","name":"","description":"Conquiste Sonhos: Vagas, Benef\u00edcios e Economia para Transformar Vidas e Alcan\u00e7ar Melhorias Cotidianas","potentialAction":[{"@type":"SearchAction","target":{"@type":"EntryPoint","urlTemplate":"https:\/\/www.vagadeempregorj.com.br\/?s={search_term_string}"},"query-input":{"@type":"PropertyValueSpecification","valueRequired":true,"valueName":"search_term_string"}}],"inLanguage":"fr-FR"},{"@type":"Person","@id":"https:\/\/www.vagadeempregorj.com.br\/#\/schema\/person\/3ddb19fa0539706786e502152f3aae95","name":"Michele","image":{"@type":"ImageObject","inLanguage":"fr-FR","@id":"https:\/\/secure.gravatar.com\/avatar\/6b0eb9d22841282815e2cd856a0061c45e1761cd54b22e952d98c4746939aa85?s=96&r=g","url":"https:\/\/secure.gravatar.com\/avatar\/6b0eb9d22841282815e2cd856a0061c45e1761cd54b22e952d98c4746939aa85?s=96&r=g","contentUrl":"https:\/\/secure.gravatar.com\/avatar\/6b0eb9d22841282815e2cd856a0061c45e1761cd54b22e952d98c4746939aa85?s=96&r=g","caption":"Michele"},"description":"Formada em Letras - Portugu\u00eas\/ Ingl\u00eas, e idealizadora do site Escritora de Sucesso, busca expandir o conhecimento de todos com informa\u00e7\u00f5es relevantes sobre diversos assuntos, enquanto redatora. No Vaga de Emprego RJ, traz oportunidades e dicas sobre o mercado de trabalho.","url":"https:\/\/www.vagadeempregorj.com.br\/fr\/author\/michele\/"}]}},"_links":{"self":[{"href":"https:\/\/www.vagadeempregorj.com.br\/fr\/wp-json\/wp\/v2\/posts\/35651","targetHints":{"allow":["GET"]}}],"collection":[{"href":"https:\/\/www.vagadeempregorj.com.br\/fr\/wp-json\/wp\/v2\/posts"}],"about":[{"href":"https:\/\/www.vagadeempregorj.com.br\/fr\/wp-json\/wp\/v2\/types\/post"}],"author":[{"embeddable":true,"href":"https:\/\/www.vagadeempregorj.com.br\/fr\/wp-json\/wp\/v2\/users\/16"}],"replies":[{"embeddable":true,"href":"https:\/\/www.vagadeempregorj.com.br\/fr\/wp-json\/wp\/v2\/comments?post=35651"}],"version-history":[{"count":0,"href":"https:\/\/www.vagadeempregorj.com.br\/fr\/wp-json\/wp\/v2\/posts\/35651\/revisions"}],"wp:featuredmedia":[{"embeddable":true,"href":"https:\/\/www.vagadeempregorj.com.br\/fr\/wp-json\/wp\/v2\/media\/35653"}],"wp:attachment":[{"href":"https:\/\/www.vagadeempregorj.com.br\/fr\/wp-json\/wp\/v2\/media?parent=35651"}],"wp:term":[{"taxonomy":"category","embeddable":true,"href":"https:\/\/www.vagadeempregorj.com.br\/fr\/wp-json\/wp\/v2\/categories?post=35651"},{"taxonomy":"post_tag","embeddable":true,"href":"https:\/\/www.vagadeempregorj.com.br\/fr\/wp-json\/wp\/v2\/tags?post=35651"}],"curies":[{"name":"wp","href":"https:\/\/api.w.org\/{rel}","templated":true}]}}