{"id":35661,"date":"2023-10-11T00:02:00","date_gmt":"2023-10-11T03:02:00","guid":{"rendered":"https:\/\/www.vagadeempregorj.com.br\/?p=35661"},"modified":"2025-03-22T14:28:36","modified_gmt":"2025-03-22T17:28:36","slug":"empregos-unico","status":"publish","type":"post","link":"https:\/\/www.vagadeempregorj.com.br\/fr\/empregos-unico\/","title":{"rendered":"Assistente de Opera\u00e7\u00f5es, Gerente Financeiro, Analistas, Desenvolvedores e muito mais na  Empresa \u00danico"},"content":{"rendered":"<p>Atualizado em<\/p>\n\n\n<div class=\"wp-block-post-date\"><time datetime=\"2023-10-11T00:02:00-03:00\">11\/10\/2023<\/time><\/div>\n\n\n<p>Os <strong>Empregos \u00danico<\/strong> s\u00e3o um grande destaque no mercado de trabalho, devido aos seus benef\u00edcios. A empresa acredita que os talentos individuais se complementam para criar algo maior. Valorizam as diferen\u00e7as e criam um ambiente de inclus\u00e3o em que todos podem ser quem s\u00e3o. Acreditam na liberdade de express\u00e3o sem julgamento e praticam a confian\u00e7a e o respeito.<\/p>\n\n\n\n<figure class=\"wp-block-image size-large\"><img loading=\"lazy\" decoding=\"async\" width=\"1024\" height=\"536\" src=\"https:\/\/www.vagadeempregorj.com.br\/wp-content\/uploads\/2022\/10\/empregos-unico-1024x536.jpg\" alt=\"empregos \u00fanico\" class=\"wp-image-35666\" srcset=\"https:\/\/www.vagadeempregorj.com.br\/wp-content\/uploads\/2022\/10\/empregos-unico-1024x536.jpg 1024w, https:\/\/www.vagadeempregorj.com.br\/wp-content\/uploads\/2022\/10\/empregos-unico-300x157.jpg 300w, https:\/\/www.vagadeempregorj.com.br\/wp-content\/uploads\/2022\/10\/empregos-unico-768x402.jpg 768w, https:\/\/www.vagadeempregorj.com.br\/wp-content\/uploads\/2022\/10\/empregos-unico-150x79.jpg 150w, https:\/\/www.vagadeempregorj.com.br\/wp-content\/uploads\/2022\/10\/empregos-unico.jpg 1200w\" sizes=\"auto, (max-width: 1024px) 100vw, 1024px\" \/><figcaption class=\"wp-element-caption\">Imagem: \u00danico &#8211; Reprodu\u00e7\u00e3o<\/figcaption><\/figure>\n\n\n\n<h2 class=\"wp-block-heading\">Conhe\u00e7a todas as oportunidades de Empregos \u00danico<\/h2>\n\n\n\n<p>As vagas s\u00e3o para todo o Brasil, visto que h\u00e1 a possibilidade de trabalho remoto e abertas a pessoas com defici\u00eancia.&nbsp;<\/p>\n\n\n\n<p>A empresa oferece alguns benef\u00edcios como treinamentos, plano de sa\u00fade, workshops, plano odontol\u00f3gico, dia de folga no anivers\u00e1rio, Gympass, vale refei\u00e7\u00e3o e alimenta\u00e7\u00e3o, vale transporte, cesta de final de ano, estacionamento, seguro de vida, aux\u00edlio educa\u00e7\u00e3o, licen\u00e7a paternidade e maternidade estendidas, entre outros. Confira a seguir todos os cargos dispon\u00edveis:<\/p>\n\n\n\n<ul class=\"wp-block-list\">\n<li>Ana. de endomarketing e comunica\u00e7\u00e3o;<\/li>\n\n\n\n<li>Machine Learning Developer;<\/li>\n\n\n\n<li>Espec. de Produtos e Processos;<\/li>\n\n\n\n<li>MLOps Engineer;<\/li>\n\n\n\n<li>Arquiteto Salesforce (L\u00edder T\u00e9c.);<\/li>\n\n\n\n<li>Desenvolvedor Backend (Staff);<\/li>\n\n\n\n<li>Product Designer;<\/li>\n\n\n\n<li>Desenvolvedor Front End &#8211; Portal Web;<\/li>\n\n\n\n<li>Sales Operations Sr. Manager;<\/li>\n\n\n\n<li>Desenvolvedor Front-end;<\/li>\n\n\n\n<li>Tec. Support Analyst;<\/li>\n\n\n\n<li>Desenvolvedor Integra\u00e7\u00f5es;<\/li>\n\n\n\n<li>Espec. em an\u00e1lise de risco;<\/li>\n\n\n\n<li>Desenvolvedor Mobile (iOS);<\/li>\n\n\n\n<li>Gerente Sr &#8211; Growth\/Mktg de Performance;<\/li>\n\n\n\n<li>Desenvolvedor Sr (iOS);<\/li>\n\n\n\n<li>Project Manager;<\/li>\n\n\n\n<li>Ass. de Opera\u00e7\u00f5es;<\/li>\n\n\n\n<li>Design Manager;<\/li>\n\n\n\n<li>Software Engineering Manager;<\/li>\n\n\n\n<li>Head de Customer and Market Insights\/Strategy;<\/li>\n\n\n\n<li>SRE Staff;<\/li>\n\n\n\n<li>Coord. de Opera\u00e7\u00f5es;<\/li>\n\n\n\n<li>Ana. de Seguran\u00e7a Sr (Splunk);<\/li>\n\n\n\n<li>Gerente S\u00eanior de opera\u00e7\u00f5es;<\/li>\n\n\n\n<li>AppSec Sr;<\/li>\n\n\n\n<li>Desenvolvedor Sr (Salesforce);<\/li>\n\n\n\n<li>Database Reliability Engineer Sr (DBRE);<\/li>\n\n\n\n<li>Analista Sr de comunica\u00e7\u00e3o interna;<\/li>\n\n\n\n<li>Gerente Financeiro;<\/li>\n\n\n\n<li>Associate Data Privacy Analyst.<\/li>\n<\/ul>\n\n\n\n<h3 class=\"wp-block-heading\">Como se candidatar<\/h3>\n\n\n\n<p>Para mandar o seu curr\u00edculo, acesse o site em que \u00e9 realizado o procedimento de sele\u00e7\u00e3o. Para isso, clique no link abaixo:<\/p>\n\n\n\n<ul class=\"wp-block-list\">\n<li>\u00danico Carreiras.<\/li>\n<\/ul>\n\n\n\n<p>Em seguida, ser\u00e1 necess\u00e1rio ler as exig\u00eancias e atribui\u00e7\u00f5es da vaga para analisar se ela \u00e9 compat\u00edvel com o seu perfil antes de efetuar a sua inscri\u00e7\u00e3o.&nbsp; Em seguida, ser\u00e1 preciso se cadastrar na p\u00e1gina caso ainda n\u00e3o tenha, colocando as suas informa\u00e7\u00f5es pessoais e aguarde o contato da empresa para marcar a entrevista.<\/p>\n\n\n\n<p><strong>Veja tamb\u00e9m: <a href=\"https:\/\/www.vagadeempregorj.com.br\/fr\/empregos-nubank\/\">Empregos Nubank<\/a><\/strong><\/p>\n\n\n\n<h2 class=\"wp-block-heading\">Sobre a \u00danico<\/h2>\n\n\n\n<p>A hist\u00f3ria da empresa come\u00e7a em 2007, quando Rui Jord\u00e3o, Diego Martins e Paulo Alencastro fundaram a \u00danico. Mudaram muito desde o come\u00e7o, por\u00e9m o seu objetivo de dar aux\u00edlio as pessoas a se apropriarem de suas informa\u00e7\u00f5es para mudar seu relacionamento com o mundo os orienta.&nbsp;<\/p>\n\n\n\n<p>Acreditam que esta mudan\u00e7a somente \u00e9 poss\u00edvel no momento em que todos t\u00eam controle sobre sua identidade digital. S\u00e3o l\u00edderes em todas as \u00e1reas em que atuamos. Cumprem as exig\u00eancias da LGPD. Est\u00e3o cientes do impacto que a sua tecnologia tem na sociedade. Por essa raz\u00e3o, coletam o m\u00ednimo de informa\u00e7\u00f5es poss\u00edvel e est\u00e3o sempre em busca de novas tecnologias para que n\u00e3o possam ser mal utilizadas.<\/p>\n\n\n\n<p>Em 2020, s\u00e3o oficialmente uma companhia remota: possuem funcion\u00e1rios em todo o mundo. Ainda possuem escrit\u00f3rios em todo o Brasil, de onde seus funcion\u00e1rios podem trabalhar a qualquer momento. Mas chegaram \u00e0 conclus\u00e3o de que o distanciamento f\u00edsico n\u00e3o \u00e9 um problema para eles porque todos nos comprometemos. Sabem que o seu telhado \u00e9 \u00fanico, n\u00e3o importa onde esteja.<\/p>","protected":false},"excerpt":{"rendered":"<p>Atualizado em Os Empregos \u00danico s\u00e3o um grande destaque no mercado de trabalho, devido aos seus benef\u00edcios. A empresa acredita que os talentos individuais se complementam para criar algo maior. Valorizam as diferen\u00e7as e criam um ambiente de inclus\u00e3o em que todos podem ser quem s\u00e3o. Acreditam na liberdade de express\u00e3o sem julgamento e praticam&hellip;&nbsp;<\/p>","protected":false},"author":16,"featured_media":35666,"comment_status":"open","ping_status":"closed","sticky":false,"template":"","format":"standard","meta":{"neve_meta_sidebar":"","neve_meta_container":"","neve_meta_enable_content_width":"","neve_meta_content_width":0,"neve_meta_title_alignment":"","neve_meta_author_avatar":"","neve_post_elements_order":"","neve_meta_disable_header":"","neve_meta_disable_footer":"","neve_meta_disable_title":"","footnotes":""},"categories":[123],"tags":[608,638,211],"class_list":["post-35661","post","type-post","status-publish","format-standard","has-post-thumbnail","hentry","category-vagas-de-emprego-nacionais","tag-oportunidades","tag-unico","tag-vagas-de-emprego"],"yoast_head":"<!-- This site is optimized with the Yoast SEO plugin v27.5 - https:\/\/yoast.com\/product\/yoast-seo-wordpress\/ -->\n<title>Assistente de Opera\u00e7\u00f5es, Gerente Financeiro, Analistas, Desenvolvedores e muito mais na Empresa \u00danico -<\/title>\n<meta name=\"description\" content=\"Veja em Vagas de Emprego RJ as vagas de emprego com e sem experi\u00eancia no seu Estado e Regi\u00e3o!\" \/>\n<meta name=\"robots\" content=\"index, follow, max-snippet:-1, max-image-preview:large, max-video-preview:-1\" \/>\n<link rel=\"canonical\" href=\"https:\/\/www.vagadeempregorj.com.br\/fr\/empregos-unico\/\" \/>\n<meta property=\"og:locale\" content=\"fr_FR\" \/>\n<meta property=\"og:type\" content=\"article\" \/>\n<meta property=\"og:title\" content=\"Assistente de Opera\u00e7\u00f5es, Gerente Financeiro, Analistas, Desenvolvedores e muito mais na Empresa \u00danico -\" \/>\n<meta property=\"og:description\" content=\"Veja em Vagas de Emprego RJ as vagas de emprego com e sem experi\u00eancia no seu Estado e Regi\u00e3o!\" \/>\n<meta property=\"og:url\" content=\"https:\/\/www.vagadeempregorj.com.br\/fr\/empregos-unico\/\" \/>\n<meta property=\"article:publisher\" content=\"https:\/\/www.facebook.com\/empregobrasiloficial\" \/>\n<meta property=\"article:published_time\" content=\"2023-10-11T03:02:00+00:00\" \/>\n<meta property=\"article:modified_time\" content=\"2025-03-22T17:28:36+00:00\" \/>\n<meta property=\"og:image\" content=\"https:\/\/www.vagadeempregorj.com.br\/wp-content\/uploads\/2022\/10\/empregos-unico.jpg\" \/>\n\t<meta property=\"og:image:width\" content=\"1200\" \/>\n\t<meta property=\"og:image:height\" content=\"628\" \/>\n\t<meta property=\"og:image:type\" content=\"image\/jpeg\" \/>\n<meta name=\"author\" content=\"Michele\" \/>\n<meta name=\"twitter:card\" content=\"summary_large_image\" \/>\n<meta name=\"twitter:label1\" content=\"Written by\" \/>\n\t<meta name=\"twitter:data1\" content=\"Michele\" \/>\n\t<meta name=\"twitter:label2\" content=\"Est. reading time\" \/>\n\t<meta name=\"twitter:data2\" content=\"3 minutes\" \/>\n<script type=\"application\/ld+json\" class=\"yoast-schema-graph\">{\"@context\":\"https:\\\/\\\/schema.org\",\"@graph\":[{\"@type\":\"Article\",\"@id\":\"https:\\\/\\\/www.vagadeempregorj.com.br\\\/empregos-unico\\\/#article\",\"isPartOf\":{\"@id\":\"https:\\\/\\\/www.vagadeempregorj.com.br\\\/empregos-unico\\\/\"},\"author\":{\"name\":\"Michele\",\"@id\":\"https:\\\/\\\/www.vagadeempregorj.com.br\\\/#\\\/schema\\\/person\\\/3ddb19fa0539706786e502152f3aae95\"},\"headline\":\"Assistente de Opera\u00e7\u00f5es, Gerente Financeiro, Analistas, Desenvolvedores e muito mais na Empresa \u00danico\",\"datePublished\":\"2023-10-11T03:02:00+00:00\",\"dateModified\":\"2025-03-22T17:28:36+00:00\",\"mainEntityOfPage\":{\"@id\":\"https:\\\/\\\/www.vagadeempregorj.com.br\\\/empregos-unico\\\/\"},\"wordCount\":594,\"commentCount\":0,\"image\":{\"@id\":\"https:\\\/\\\/www.vagadeempregorj.com.br\\\/empregos-unico\\\/#primaryimage\"},\"thumbnailUrl\":\"https:\\\/\\\/www.vagadeempregorj.com.br\\\/wp-content\\\/uploads\\\/2022\\\/10\\\/empregos-unico.jpg\",\"keywords\":[\"oportunidades\",\"\u00danico\",\"vagas de emprego\"],\"articleSection\":[\"Vagas de Emprego Nacionais\"],\"inLanguage\":\"fr-FR\",\"potentialAction\":[{\"@type\":\"CommentAction\",\"name\":\"Comment\",\"target\":[\"https:\\\/\\\/www.vagadeempregorj.com.br\\\/empregos-unico\\\/#respond\"]}]},{\"@type\":\"WebPage\",\"@id\":\"https:\\\/\\\/www.vagadeempregorj.com.br\\\/empregos-unico\\\/\",\"url\":\"https:\\\/\\\/www.vagadeempregorj.com.br\\\/empregos-unico\\\/\",\"name\":\"Assistente de Opera\u00e7\u00f5es, Gerente Financeiro, Analistas, Desenvolvedores e muito mais na Empresa \u00danico -\",\"isPartOf\":{\"@id\":\"https:\\\/\\\/www.vagadeempregorj.com.br\\\/#website\"},\"primaryImageOfPage\":{\"@id\":\"https:\\\/\\\/www.vagadeempregorj.com.br\\\/empregos-unico\\\/#primaryimage\"},\"image\":{\"@id\":\"https:\\\/\\\/www.vagadeempregorj.com.br\\\/empregos-unico\\\/#primaryimage\"},\"thumbnailUrl\":\"https:\\\/\\\/www.vagadeempregorj.com.br\\\/wp-content\\\/uploads\\\/2022\\\/10\\\/empregos-unico.jpg\",\"datePublished\":\"2023-10-11T03:02:00+00:00\",\"dateModified\":\"2025-03-22T17:28:36+00:00\",\"author\":{\"@id\":\"https:\\\/\\\/www.vagadeempregorj.com.br\\\/#\\\/schema\\\/person\\\/3ddb19fa0539706786e502152f3aae95\"},\"description\":\"Veja em Vagas de Emprego RJ as vagas de emprego com e sem experi\u00eancia no seu Estado e Regi\u00e3o!\",\"breadcrumb\":{\"@id\":\"https:\\\/\\\/www.vagadeempregorj.com.br\\\/empregos-unico\\\/#breadcrumb\"},\"inLanguage\":\"fr-FR\",\"potentialAction\":[{\"@type\":\"ReadAction\",\"target\":[\"https:\\\/\\\/www.vagadeempregorj.com.br\\\/empregos-unico\\\/\"]}]},{\"@type\":\"ImageObject\",\"inLanguage\":\"fr-FR\",\"@id\":\"https:\\\/\\\/www.vagadeempregorj.com.br\\\/empregos-unico\\\/#primaryimage\",\"url\":\"https:\\\/\\\/www.vagadeempregorj.com.br\\\/wp-content\\\/uploads\\\/2022\\\/10\\\/empregos-unico.jpg\",\"contentUrl\":\"https:\\\/\\\/www.vagadeempregorj.com.br\\\/wp-content\\\/uploads\\\/2022\\\/10\\\/empregos-unico.jpg\",\"width\":1200,\"height\":628,\"caption\":\"Imagem: \u00danico - Reprodu\u00e7\u00e3o\"},{\"@type\":\"BreadcrumbList\",\"@id\":\"https:\\\/\\\/www.vagadeempregorj.com.br\\\/empregos-unico\\\/#breadcrumb\",\"itemListElement\":[{\"@type\":\"ListItem\",\"position\":1,\"name\":\"In\u00edcio\",\"item\":\"https:\\\/\\\/www.vagadeempregorj.com.br\\\/\"},{\"@type\":\"ListItem\",\"position\":2,\"name\":\"Vagas de Emprego Nacionais\",\"item\":\"https:\\\/\\\/www.vagadeempregorj.com.br\\\/vagas-de-emprego-nacionais\\\/\"},{\"@type\":\"ListItem\",\"position\":3,\"name\":\"Assistente de Opera\u00e7\u00f5es, Gerente Financeiro, Analistas, Desenvolvedores e muito mais na Empresa \u00danico\"}]},{\"@type\":\"WebSite\",\"@id\":\"https:\\\/\\\/www.vagadeempregorj.com.br\\\/#website\",\"url\":\"https:\\\/\\\/www.vagadeempregorj.com.br\\\/\",\"name\":\"\",\"description\":\"Conquiste Sonhos: Vagas, Benef\u00edcios e Economia para Transformar Vidas e Alcan\u00e7ar Melhorias Cotidianas\",\"potentialAction\":[{\"@type\":\"SearchAction\",\"target\":{\"@type\":\"EntryPoint\",\"urlTemplate\":\"https:\\\/\\\/www.vagadeempregorj.com.br\\\/?s={search_term_string}\"},\"query-input\":{\"@type\":\"PropertyValueSpecification\",\"valueRequired\":true,\"valueName\":\"search_term_string\"}}],\"inLanguage\":\"fr-FR\"},{\"@type\":\"Person\",\"@id\":\"https:\\\/\\\/www.vagadeempregorj.com.br\\\/#\\\/schema\\\/person\\\/3ddb19fa0539706786e502152f3aae95\",\"name\":\"Michele\",\"image\":{\"@type\":\"ImageObject\",\"inLanguage\":\"fr-FR\",\"@id\":\"https:\\\/\\\/secure.gravatar.com\\\/avatar\\\/6b0eb9d22841282815e2cd856a0061c45e1761cd54b22e952d98c4746939aa85?s=96&r=g\",\"url\":\"https:\\\/\\\/secure.gravatar.com\\\/avatar\\\/6b0eb9d22841282815e2cd856a0061c45e1761cd54b22e952d98c4746939aa85?s=96&r=g\",\"contentUrl\":\"https:\\\/\\\/secure.gravatar.com\\\/avatar\\\/6b0eb9d22841282815e2cd856a0061c45e1761cd54b22e952d98c4746939aa85?s=96&r=g\",\"caption\":\"Michele\"},\"description\":\"Formada em Letras - Portugu\u00eas\\\/ Ingl\u00eas, e idealizadora do site Escritora de Sucesso, busca expandir o conhecimento de todos com informa\u00e7\u00f5es relevantes sobre diversos assuntos, enquanto redatora. No Vaga de Emprego RJ, traz oportunidades e dicas sobre o mercado de trabalho.\",\"url\":\"https:\\\/\\\/www.vagadeempregorj.com.br\\\/fr\\\/author\\\/michele\\\/\"}]}<\/script>\n<!-- \/ Yoast SEO plugin. -->","yoast_head_json":{"title":"Assistente de Opera\u00e7\u00f5es, Gerente Financeiro, Analistas, Desenvolvedores e muito mais na Empresa \u00danico -","description":"Veja em Vagas de Emprego RJ as vagas de emprego com e sem experi\u00eancia no seu Estado e Regi\u00e3o!","robots":{"index":"index","follow":"follow","max-snippet":"max-snippet:-1","max-image-preview":"max-image-preview:large","max-video-preview":"max-video-preview:-1"},"canonical":"https:\/\/www.vagadeempregorj.com.br\/fr\/empregos-unico\/","og_locale":"fr_FR","og_type":"article","og_title":"Assistente de Opera\u00e7\u00f5es, Gerente Financeiro, Analistas, Desenvolvedores e muito mais na Empresa \u00danico -","og_description":"Veja em Vagas de Emprego RJ as vagas de emprego com e sem experi\u00eancia no seu Estado e Regi\u00e3o!","og_url":"https:\/\/www.vagadeempregorj.com.br\/fr\/empregos-unico\/","article_publisher":"https:\/\/www.facebook.com\/empregobrasiloficial","article_published_time":"2023-10-11T03:02:00+00:00","article_modified_time":"2025-03-22T17:28:36+00:00","og_image":[{"width":1200,"height":628,"url":"https:\/\/www.vagadeempregorj.com.br\/wp-content\/uploads\/2022\/10\/empregos-unico.jpg","type":"image\/jpeg"}],"author":"Michele","twitter_card":"summary_large_image","twitter_misc":{"Written by":"Michele","Est. reading time":"3 minutes"},"schema":{"@context":"https:\/\/schema.org","@graph":[{"@type":"Article","@id":"https:\/\/www.vagadeempregorj.com.br\/empregos-unico\/#article","isPartOf":{"@id":"https:\/\/www.vagadeempregorj.com.br\/empregos-unico\/"},"author":{"name":"Michele","@id":"https:\/\/www.vagadeempregorj.com.br\/#\/schema\/person\/3ddb19fa0539706786e502152f3aae95"},"headline":"Assistente de Opera\u00e7\u00f5es, Gerente Financeiro, Analistas, Desenvolvedores e muito mais na Empresa \u00danico","datePublished":"2023-10-11T03:02:00+00:00","dateModified":"2025-03-22T17:28:36+00:00","mainEntityOfPage":{"@id":"https:\/\/www.vagadeempregorj.com.br\/empregos-unico\/"},"wordCount":594,"commentCount":0,"image":{"@id":"https:\/\/www.vagadeempregorj.com.br\/empregos-unico\/#primaryimage"},"thumbnailUrl":"https:\/\/www.vagadeempregorj.com.br\/wp-content\/uploads\/2022\/10\/empregos-unico.jpg","keywords":["oportunidades","\u00danico","vagas de emprego"],"articleSection":["Vagas de Emprego Nacionais"],"inLanguage":"fr-FR","potentialAction":[{"@type":"CommentAction","name":"Comment","target":["https:\/\/www.vagadeempregorj.com.br\/empregos-unico\/#respond"]}]},{"@type":"WebPage","@id":"https:\/\/www.vagadeempregorj.com.br\/empregos-unico\/","url":"https:\/\/www.vagadeempregorj.com.br\/empregos-unico\/","name":"Assistente de Opera\u00e7\u00f5es, Gerente Financeiro, Analistas, Desenvolvedores e muito mais na Empresa \u00danico -","isPartOf":{"@id":"https:\/\/www.vagadeempregorj.com.br\/#website"},"primaryImageOfPage":{"@id":"https:\/\/www.vagadeempregorj.com.br\/empregos-unico\/#primaryimage"},"image":{"@id":"https:\/\/www.vagadeempregorj.com.br\/empregos-unico\/#primaryimage"},"thumbnailUrl":"https:\/\/www.vagadeempregorj.com.br\/wp-content\/uploads\/2022\/10\/empregos-unico.jpg","datePublished":"2023-10-11T03:02:00+00:00","dateModified":"2025-03-22T17:28:36+00:00","author":{"@id":"https:\/\/www.vagadeempregorj.com.br\/#\/schema\/person\/3ddb19fa0539706786e502152f3aae95"},"description":"Veja em Vagas de Emprego RJ as vagas de emprego com e sem experi\u00eancia no seu Estado e Regi\u00e3o!","breadcrumb":{"@id":"https:\/\/www.vagadeempregorj.com.br\/empregos-unico\/#breadcrumb"},"inLanguage":"fr-FR","potentialAction":[{"@type":"ReadAction","target":["https:\/\/www.vagadeempregorj.com.br\/empregos-unico\/"]}]},{"@type":"ImageObject","inLanguage":"fr-FR","@id":"https:\/\/www.vagadeempregorj.com.br\/empregos-unico\/#primaryimage","url":"https:\/\/www.vagadeempregorj.com.br\/wp-content\/uploads\/2022\/10\/empregos-unico.jpg","contentUrl":"https:\/\/www.vagadeempregorj.com.br\/wp-content\/uploads\/2022\/10\/empregos-unico.jpg","width":1200,"height":628,"caption":"Imagem: \u00danico - Reprodu\u00e7\u00e3o"},{"@type":"BreadcrumbList","@id":"https:\/\/www.vagadeempregorj.com.br\/empregos-unico\/#breadcrumb","itemListElement":[{"@type":"ListItem","position":1,"name":"In\u00edcio","item":"https:\/\/www.vagadeempregorj.com.br\/"},{"@type":"ListItem","position":2,"name":"Vagas de Emprego Nacionais","item":"https:\/\/www.vagadeempregorj.com.br\/vagas-de-emprego-nacionais\/"},{"@type":"ListItem","position":3,"name":"Assistente de Opera\u00e7\u00f5es, Gerente Financeiro, Analistas, Desenvolvedores e muito mais na Empresa \u00danico"}]},{"@type":"WebSite","@id":"https:\/\/www.vagadeempregorj.com.br\/#website","url":"https:\/\/www.vagadeempregorj.com.br\/","name":"","description":"Conquiste Sonhos: Vagas, Benef\u00edcios e Economia para Transformar Vidas e Alcan\u00e7ar Melhorias Cotidianas","potentialAction":[{"@type":"SearchAction","target":{"@type":"EntryPoint","urlTemplate":"https:\/\/www.vagadeempregorj.com.br\/?s={search_term_string}"},"query-input":{"@type":"PropertyValueSpecification","valueRequired":true,"valueName":"search_term_string"}}],"inLanguage":"fr-FR"},{"@type":"Person","@id":"https:\/\/www.vagadeempregorj.com.br\/#\/schema\/person\/3ddb19fa0539706786e502152f3aae95","name":"Michele","image":{"@type":"ImageObject","inLanguage":"fr-FR","@id":"https:\/\/secure.gravatar.com\/avatar\/6b0eb9d22841282815e2cd856a0061c45e1761cd54b22e952d98c4746939aa85?s=96&r=g","url":"https:\/\/secure.gravatar.com\/avatar\/6b0eb9d22841282815e2cd856a0061c45e1761cd54b22e952d98c4746939aa85?s=96&r=g","contentUrl":"https:\/\/secure.gravatar.com\/avatar\/6b0eb9d22841282815e2cd856a0061c45e1761cd54b22e952d98c4746939aa85?s=96&r=g","caption":"Michele"},"description":"Formada em Letras - Portugu\u00eas\/ Ingl\u00eas, e idealizadora do site Escritora de Sucesso, busca expandir o conhecimento de todos com informa\u00e7\u00f5es relevantes sobre diversos assuntos, enquanto redatora. No Vaga de Emprego RJ, traz oportunidades e dicas sobre o mercado de trabalho.","url":"https:\/\/www.vagadeempregorj.com.br\/fr\/author\/michele\/"}]}},"_links":{"self":[{"href":"https:\/\/www.vagadeempregorj.com.br\/fr\/wp-json\/wp\/v2\/posts\/35661","targetHints":{"allow":["GET"]}}],"collection":[{"href":"https:\/\/www.vagadeempregorj.com.br\/fr\/wp-json\/wp\/v2\/posts"}],"about":[{"href":"https:\/\/www.vagadeempregorj.com.br\/fr\/wp-json\/wp\/v2\/types\/post"}],"author":[{"embeddable":true,"href":"https:\/\/www.vagadeempregorj.com.br\/fr\/wp-json\/wp\/v2\/users\/16"}],"replies":[{"embeddable":true,"href":"https:\/\/www.vagadeempregorj.com.br\/fr\/wp-json\/wp\/v2\/comments?post=35661"}],"version-history":[{"count":0,"href":"https:\/\/www.vagadeempregorj.com.br\/fr\/wp-json\/wp\/v2\/posts\/35661\/revisions"}],"wp:featuredmedia":[{"embeddable":true,"href":"https:\/\/www.vagadeempregorj.com.br\/fr\/wp-json\/wp\/v2\/media\/35666"}],"wp:attachment":[{"href":"https:\/\/www.vagadeempregorj.com.br\/fr\/wp-json\/wp\/v2\/media?parent=35661"}],"wp:term":[{"taxonomy":"category","embeddable":true,"href":"https:\/\/www.vagadeempregorj.com.br\/fr\/wp-json\/wp\/v2\/categories?post=35661"},{"taxonomy":"post_tag","embeddable":true,"href":"https:\/\/www.vagadeempregorj.com.br\/fr\/wp-json\/wp\/v2\/tags?post=35661"}],"curies":[{"name":"wp","href":"https:\/\/api.w.org\/{rel}","templated":true}]}}