{"id":35673,"date":"2023-10-11T00:42:00","date_gmt":"2023-10-11T03:42:00","guid":{"rendered":"https:\/\/www.vagadeempregorj.com.br\/?p=35673"},"modified":"2023-12-15T16:12:43","modified_gmt":"2023-12-15T19:12:43","slug":"empregos-safra","status":"publish","type":"post","link":"https:\/\/www.vagadeempregorj.com.br\/fr\/empregos-safra\/","title":{"rendered":"Operador de Financiamento, Gerentes, Analistas e muito mais na Empresa Safra"},"content":{"rendered":"<p>Atualizado em<\/p>\n\n\n<div class=\"wp-block-post-date\"><time datetime=\"2023-10-11T00:42:00-03:00\">11\/10\/2023<\/time><\/div>\n\n\n<p>Os <strong>Empregos Safra <\/strong>s\u00e3o um grande destaque no mercado de trabalho, devido aos seus benef\u00edcios. Esta empresa tem uma equipe de mais de 9.000 funcion\u00e1rios de diferentes gera\u00e7\u00f5es e experi\u00eancias. Acreditam que \u00e9 essa diversidade que os permite aprender muito e continuar inovando. Querem levar a experi\u00eancia Safra para mais pessoas. A sua ag\u00eancia \u00e9 pautada pela integridade, agilidade, meritocracia, dilig\u00eancia e longevidade.<\/p>\n\n\n\n<figure class=\"wp-block-image size-large\"><img loading=\"lazy\" decoding=\"async\" width=\"1024\" height=\"576\" src=\"https:\/\/www.vagadeempregorj.com.br\/wp-content\/uploads\/2022\/10\/empregos-Safra-1024x576.jpg\" alt=\"empregos Safra\" class=\"wp-image-35685\" srcset=\"https:\/\/www.vagadeempregorj.com.br\/wp-content\/uploads\/2022\/10\/empregos-Safra-1024x576.jpg 1024w, https:\/\/www.vagadeempregorj.com.br\/wp-content\/uploads\/2022\/10\/empregos-Safra-300x169.jpg 300w, https:\/\/www.vagadeempregorj.com.br\/wp-content\/uploads\/2022\/10\/empregos-Safra-768x432.jpg 768w, https:\/\/www.vagadeempregorj.com.br\/wp-content\/uploads\/2022\/10\/empregos-Safra-383x215.jpg 383w, https:\/\/www.vagadeempregorj.com.br\/wp-content\/uploads\/2022\/10\/empregos-Safra-150x84.jpg 150w, https:\/\/www.vagadeempregorj.com.br\/wp-content\/uploads\/2022\/10\/empregos-Safra.jpg 1280w\" sizes=\"auto, (max-width: 1024px) 100vw, 1024px\" \/><figcaption class=\"wp-element-caption\">Imagem: Safra &#8211; Reprodu\u00e7\u00e3o<\/figcaption><\/figure>\n\n\n\n<h2 class=\"wp-block-heading\">Conhe\u00e7a todas as vagas de Empregos Safra<\/h2>\n\n\n\n<p>Existem diversas oportunidades de trabalho para v\u00e1rias partes do pa\u00eds. A maioria delas necessita de experi\u00eancia comprovada na fun\u00e7\u00e3o, mas tamb\u00e9m h\u00e1 vagas para estagi\u00e1rios. Os valores da empresa os orientam a sermos melhores a cada dia, por isso eles procuram estagi\u00e1rios que tenham vontade de aprender, pensem fora da caixa e queiram fazer a diferen\u00e7a, sempre aliando iniciativa e criatividade a resultados s\u00f3lidos.<\/p>\n\n\n\n<p>Ser\u00e1 preciso que o candidato tenha n\u00edvel intermedi\u00e1rio em ingl\u00eas, conhecimentos avan\u00e7ados de Excel e no\u00e7\u00f5es de programa\u00e7\u00e3o (Python, VBA, etc). Confira a seguir todos os cargos dispon\u00edveis:<\/p>\n\n\n\n<ul class=\"wp-block-list\">\n<li>Ana. Full Stack S\u00eanior Espec. Arquitetura Seguran\u00e7a da Informa\u00e7\u00e3o;<\/li>\n\n\n\n<li>Banker &#8211; High Net;<\/li>\n\n\n\n<li>Gerente Private Banking;<\/li>\n\n\n\n<li>Espec. An\u00e1lise Cr\u00e9dito \u2013 Asset;<\/li>\n\n\n\n<li>Gerente Alta Renda;<\/li>\n\n\n\n<li>Auditor Pl;<\/li>\n\n\n\n<li>Ana. de Pricing;<\/li>\n\n\n\n<li>Gerente Top Advisor &#8211; Baixada Santista Gerente Top Advisor;<\/li>\n\n\n\n<li>EST\u00c1GIO MESA DE OPERA\u00c7\u00d5ES (ASSET E TESOURARIA);<\/li>\n\n\n\n<li>Ana. de BI e Analytics Ger Relacionamento Digital PF Oportunidade Digital;<\/li>\n\n\n\n<li>Operador de Financiamentos &#8211; Ve\u00edculos Leves;<\/li>\n\n\n\n<li>Ana. Planejamento e Controle Pleno;<\/li>\n\n\n\n<li>Inform Cadastro Jr &#8211; Exclusiva para Pessoa com Defici\u00eancia (PCD);<\/li>\n\n\n\n<li>Ana. de Estrat\u00e9gia Comercial Pleno Especialista PMO &#8211; Risco e Recupera\u00e7\u00e3o de Cr\u00e9dito Especialista de Produtos PF;<\/li>\n\n\n\n<li>ANA. CONTABILIDADE S\u00caNIOR.<\/li>\n<\/ul>\n\n\n\n<h3 class=\"wp-block-heading\">Como se candidatar<\/h3>\n\n\n\n<p>Para concorrer \u00e0s oportunidades no Banco Safra \u00e9 preciso acessar o site <a href=\"https:\/\/www.safra.com.br\/\"><strong>https:\/\/www.safra.com.br\/<\/strong><\/a> no menu superior do site passe o mouse no nome <strong>sobre<\/strong> e em seguida clique no link <strong>Trabalhe Conosco.<\/strong><\/p>\n\n\n\n<p>Site da Safra: <a href=\"https:\/\/www.safra.com.br\/\"><strong>https:\/\/www.safra.com.br\/<\/strong><\/a><\/p>\n\n\n\n<p>Ap\u00f3s isso, ser\u00e1 preciso realizar a leitura dos requisitos e atribui\u00e7\u00f5es do cargo desejado para verificar se ele \u00e9 correspondente com o seu perfil profissional antes de fazer a sua inscri\u00e7\u00e3o. Depois, fa\u00e7a o cadastro na plataforma se ainda n\u00e3o tiver e coloque os seus dados pessoais. Por \u00faltimo, espere a empresa entrar em contato para marcar a entrevista.<\/p>\n\n\n\n<p><strong>Veja tamb\u00e9m: <a href=\"https:\/\/www.vagadeempregorj.com.br\/fr\/empregos-nestle\/\">Empregos Nestl\u00e9<\/a><\/strong><\/p>\n\n\n\n<h2 class=\"wp-block-heading\">Sobre a Safra<\/h2>\n\n\n\n<p>O Safra, banco que leva seu nome, carrega a trajet\u00f3ria de uma fam\u00edlia empreendedora e internacional que espalha os frutos de sua capacidade pelo mundo. A sua hist\u00f3ria de sucesso \u00e9 pautada pela quintess\u00eancia de uma propriedade familiar que sabe da sua responsabilidade de nomear a sua pr\u00f3pria marca.<\/p>\n\n\n\n<p>\u00c9 por isso que possuem os princ\u00edpios b\u00e1sicos que orientam o seu crescimento e os levam at\u00e9 aqui. S\u00e3o eles: gest\u00e3o prudente de riscos, pol\u00edtica de cr\u00e9dito conservadora, r\u00edgidos controles internos, efici\u00eancia operacional e profundo conhecimento do cliente. Este \u00e9 o Safra. Bancos s\u00e3o sin\u00f4nimo de seguran\u00e7a e tradi\u00e7\u00e3o.<\/p>\n\n\n\n<p>O banco tem uma carteira completa, mas customizada para seus clientes. Um banco que conta com a efici\u00eancia e solidez de um grupo de renome internacional, ou seja, um banco de valor. A empresa navega nos mares do sistema financeiro h\u00e1 mais de 175 anos. Possuem uma forte heran\u00e7a em seguran\u00e7a e para continuar a manter a integridade, seguran\u00e7a e sustentabilidade da sua institui\u00e7\u00e3o, procuram profissionais para integrar a sua equipe financeira.&nbsp;<\/p>","protected":false},"excerpt":{"rendered":"<p>Atualizado em Os Empregos Safra s\u00e3o um grande destaque no mercado de trabalho, devido aos seus benef\u00edcios. Esta empresa tem uma equipe de mais de 9.000 funcion\u00e1rios de diferentes gera\u00e7\u00f5es e experi\u00eancias. Acreditam que \u00e9 essa diversidade que os permite aprender muito e continuar inovando. Querem levar a experi\u00eancia Safra para mais pessoas. A sua&hellip;&nbsp;<\/p>","protected":false},"author":16,"featured_media":35685,"comment_status":"open","ping_status":"closed","sticky":false,"template":"","format":"standard","meta":{"neve_meta_sidebar":"","neve_meta_container":"","neve_meta_enable_content_width":"","neve_meta_content_width":0,"neve_meta_title_alignment":"","neve_meta_author_avatar":"","neve_post_elements_order":"","neve_meta_disable_header":"","neve_meta_disable_footer":"","neve_meta_disable_title":"","footnotes":""},"categories":[123],"tags":[608,640,211],"class_list":["post-35673","post","type-post","status-publish","format-standard","has-post-thumbnail","hentry","category-vagas-de-emprego-nacionais","tag-oportunidades","tag-safra","tag-vagas-de-emprego"],"yoast_head":"<!-- This site is optimized with the Yoast SEO plugin v27.5 - https:\/\/yoast.com\/product\/yoast-seo-wordpress\/ -->\n<title>Operador de Financiamento, Gerentes, Analistas e muito mais na Empresa Safra -<\/title>\n<meta name=\"description\" content=\"Veja em Vagas de Emprego RJ as vagas de emprego com e sem experi\u00eancia no seu Estado e Regi\u00e3o!\" \/>\n<meta name=\"robots\" content=\"index, follow, max-snippet:-1, max-image-preview:large, max-video-preview:-1\" \/>\n<link rel=\"canonical\" href=\"https:\/\/www.vagadeempregorj.com.br\/fr\/empregos-safra\/\" \/>\n<meta property=\"og:locale\" content=\"fr_FR\" \/>\n<meta property=\"og:type\" content=\"article\" \/>\n<meta property=\"og:title\" content=\"Operador de Financiamento, Gerentes, Analistas e muito mais na Empresa Safra -\" \/>\n<meta property=\"og:description\" content=\"Veja em Vagas de Emprego RJ as vagas de emprego com e sem experi\u00eancia no seu Estado e Regi\u00e3o!\" \/>\n<meta property=\"og:url\" content=\"https:\/\/www.vagadeempregorj.com.br\/fr\/empregos-safra\/\" \/>\n<meta property=\"article:publisher\" content=\"https:\/\/www.facebook.com\/empregobrasiloficial\" \/>\n<meta property=\"article:published_time\" content=\"2023-10-11T03:42:00+00:00\" \/>\n<meta property=\"article:modified_time\" content=\"2023-12-15T19:12:43+00:00\" \/>\n<meta property=\"og:image\" content=\"https:\/\/www.vagadeempregorj.com.br\/wp-content\/uploads\/2022\/10\/empregos-Safra.jpg\" \/>\n\t<meta property=\"og:image:width\" content=\"1280\" \/>\n\t<meta property=\"og:image:height\" content=\"720\" \/>\n\t<meta property=\"og:image:type\" content=\"image\/jpeg\" \/>\n<meta name=\"author\" content=\"Michele\" \/>\n<meta name=\"twitter:card\" content=\"summary_large_image\" \/>\n<meta name=\"twitter:label1\" content=\"Written by\" \/>\n\t<meta name=\"twitter:data1\" content=\"Michele\" \/>\n\t<meta name=\"twitter:label2\" content=\"Est. reading time\" \/>\n\t<meta name=\"twitter:data2\" content=\"3 minutes\" \/>\n<script type=\"application\/ld+json\" class=\"yoast-schema-graph\">{\"@context\":\"https:\\\/\\\/schema.org\",\"@graph\":[{\"@type\":\"Article\",\"@id\":\"https:\\\/\\\/www.vagadeempregorj.com.br\\\/empregos-safra\\\/#article\",\"isPartOf\":{\"@id\":\"https:\\\/\\\/www.vagadeempregorj.com.br\\\/empregos-safra\\\/\"},\"author\":{\"name\":\"Michele\",\"@id\":\"https:\\\/\\\/www.vagadeempregorj.com.br\\\/#\\\/schema\\\/person\\\/3ddb19fa0539706786e502152f3aae95\"},\"headline\":\"Operador de Financiamento, Gerentes, Analistas e muito mais na Empresa Safra\",\"datePublished\":\"2023-10-11T03:42:00+00:00\",\"dateModified\":\"2023-12-15T19:12:43+00:00\",\"mainEntityOfPage\":{\"@id\":\"https:\\\/\\\/www.vagadeempregorj.com.br\\\/empregos-safra\\\/\"},\"wordCount\":617,\"commentCount\":0,\"image\":{\"@id\":\"https:\\\/\\\/www.vagadeempregorj.com.br\\\/empregos-safra\\\/#primaryimage\"},\"thumbnailUrl\":\"https:\\\/\\\/www.vagadeempregorj.com.br\\\/wp-content\\\/uploads\\\/2022\\\/10\\\/empregos-Safra.jpg\",\"keywords\":[\"oportunidades\",\"Safra\",\"vagas de emprego\"],\"articleSection\":[\"Vagas de Emprego Nacionais\"],\"inLanguage\":\"fr-FR\",\"potentialAction\":[{\"@type\":\"CommentAction\",\"name\":\"Comment\",\"target\":[\"https:\\\/\\\/www.vagadeempregorj.com.br\\\/empregos-safra\\\/#respond\"]}]},{\"@type\":\"WebPage\",\"@id\":\"https:\\\/\\\/www.vagadeempregorj.com.br\\\/empregos-safra\\\/\",\"url\":\"https:\\\/\\\/www.vagadeempregorj.com.br\\\/empregos-safra\\\/\",\"name\":\"Operador de Financiamento, Gerentes, Analistas e muito mais na Empresa Safra -\",\"isPartOf\":{\"@id\":\"https:\\\/\\\/www.vagadeempregorj.com.br\\\/#website\"},\"primaryImageOfPage\":{\"@id\":\"https:\\\/\\\/www.vagadeempregorj.com.br\\\/empregos-safra\\\/#primaryimage\"},\"image\":{\"@id\":\"https:\\\/\\\/www.vagadeempregorj.com.br\\\/empregos-safra\\\/#primaryimage\"},\"thumbnailUrl\":\"https:\\\/\\\/www.vagadeempregorj.com.br\\\/wp-content\\\/uploads\\\/2022\\\/10\\\/empregos-Safra.jpg\",\"datePublished\":\"2023-10-11T03:42:00+00:00\",\"dateModified\":\"2023-12-15T19:12:43+00:00\",\"author\":{\"@id\":\"https:\\\/\\\/www.vagadeempregorj.com.br\\\/#\\\/schema\\\/person\\\/3ddb19fa0539706786e502152f3aae95\"},\"description\":\"Veja em Vagas de Emprego RJ as vagas de emprego com e sem experi\u00eancia no seu Estado e Regi\u00e3o!\",\"breadcrumb\":{\"@id\":\"https:\\\/\\\/www.vagadeempregorj.com.br\\\/empregos-safra\\\/#breadcrumb\"},\"inLanguage\":\"fr-FR\",\"potentialAction\":[{\"@type\":\"ReadAction\",\"target\":[\"https:\\\/\\\/www.vagadeempregorj.com.br\\\/empregos-safra\\\/\"]}]},{\"@type\":\"ImageObject\",\"inLanguage\":\"fr-FR\",\"@id\":\"https:\\\/\\\/www.vagadeempregorj.com.br\\\/empregos-safra\\\/#primaryimage\",\"url\":\"https:\\\/\\\/www.vagadeempregorj.com.br\\\/wp-content\\\/uploads\\\/2022\\\/10\\\/empregos-Safra.jpg\",\"contentUrl\":\"https:\\\/\\\/www.vagadeempregorj.com.br\\\/wp-content\\\/uploads\\\/2022\\\/10\\\/empregos-Safra.jpg\",\"width\":1280,\"height\":720,\"caption\":\"Imagem: Safra - Reprodu\u00e7\u00e3o\"},{\"@type\":\"BreadcrumbList\",\"@id\":\"https:\\\/\\\/www.vagadeempregorj.com.br\\\/empregos-safra\\\/#breadcrumb\",\"itemListElement\":[{\"@type\":\"ListItem\",\"position\":1,\"name\":\"In\u00edcio\",\"item\":\"https:\\\/\\\/www.vagadeempregorj.com.br\\\/\"},{\"@type\":\"ListItem\",\"position\":2,\"name\":\"Vagas de Emprego Nacionais\",\"item\":\"https:\\\/\\\/www.vagadeempregorj.com.br\\\/vagas-de-emprego-nacionais\\\/\"},{\"@type\":\"ListItem\",\"position\":3,\"name\":\"Operador de Financiamento, Gerentes, Analistas e muito mais na Empresa Safra\"}]},{\"@type\":\"WebSite\",\"@id\":\"https:\\\/\\\/www.vagadeempregorj.com.br\\\/#website\",\"url\":\"https:\\\/\\\/www.vagadeempregorj.com.br\\\/\",\"name\":\"\",\"description\":\"Conquiste Sonhos: Vagas, Benef\u00edcios e Economia para Transformar Vidas e Alcan\u00e7ar Melhorias Cotidianas\",\"potentialAction\":[{\"@type\":\"SearchAction\",\"target\":{\"@type\":\"EntryPoint\",\"urlTemplate\":\"https:\\\/\\\/www.vagadeempregorj.com.br\\\/?s={search_term_string}\"},\"query-input\":{\"@type\":\"PropertyValueSpecification\",\"valueRequired\":true,\"valueName\":\"search_term_string\"}}],\"inLanguage\":\"fr-FR\"},{\"@type\":\"Person\",\"@id\":\"https:\\\/\\\/www.vagadeempregorj.com.br\\\/#\\\/schema\\\/person\\\/3ddb19fa0539706786e502152f3aae95\",\"name\":\"Michele\",\"image\":{\"@type\":\"ImageObject\",\"inLanguage\":\"fr-FR\",\"@id\":\"https:\\\/\\\/secure.gravatar.com\\\/avatar\\\/6b0eb9d22841282815e2cd856a0061c45e1761cd54b22e952d98c4746939aa85?s=96&r=g\",\"url\":\"https:\\\/\\\/secure.gravatar.com\\\/avatar\\\/6b0eb9d22841282815e2cd856a0061c45e1761cd54b22e952d98c4746939aa85?s=96&r=g\",\"contentUrl\":\"https:\\\/\\\/secure.gravatar.com\\\/avatar\\\/6b0eb9d22841282815e2cd856a0061c45e1761cd54b22e952d98c4746939aa85?s=96&r=g\",\"caption\":\"Michele\"},\"description\":\"Formada em Letras - Portugu\u00eas\\\/ Ingl\u00eas, e idealizadora do site Escritora de Sucesso, busca expandir o conhecimento de todos com informa\u00e7\u00f5es relevantes sobre diversos assuntos, enquanto redatora. No Vaga de Emprego RJ, traz oportunidades e dicas sobre o mercado de trabalho.\",\"url\":\"https:\\\/\\\/www.vagadeempregorj.com.br\\\/fr\\\/author\\\/michele\\\/\"}]}<\/script>\n<!-- \/ Yoast SEO plugin. -->","yoast_head_json":{"title":"Operador de Financiamento, Gerentes, Analistas e muito mais na Empresa Safra -","description":"Veja em Vagas de Emprego RJ as vagas de emprego com e sem experi\u00eancia no seu Estado e Regi\u00e3o!","robots":{"index":"index","follow":"follow","max-snippet":"max-snippet:-1","max-image-preview":"max-image-preview:large","max-video-preview":"max-video-preview:-1"},"canonical":"https:\/\/www.vagadeempregorj.com.br\/fr\/empregos-safra\/","og_locale":"fr_FR","og_type":"article","og_title":"Operador de Financiamento, Gerentes, Analistas e muito mais na Empresa Safra -","og_description":"Veja em Vagas de Emprego RJ as vagas de emprego com e sem experi\u00eancia no seu Estado e Regi\u00e3o!","og_url":"https:\/\/www.vagadeempregorj.com.br\/fr\/empregos-safra\/","article_publisher":"https:\/\/www.facebook.com\/empregobrasiloficial","article_published_time":"2023-10-11T03:42:00+00:00","article_modified_time":"2023-12-15T19:12:43+00:00","og_image":[{"width":1280,"height":720,"url":"https:\/\/www.vagadeempregorj.com.br\/wp-content\/uploads\/2022\/10\/empregos-Safra.jpg","type":"image\/jpeg"}],"author":"Michele","twitter_card":"summary_large_image","twitter_misc":{"Written by":"Michele","Est. reading time":"3 minutes"},"schema":{"@context":"https:\/\/schema.org","@graph":[{"@type":"Article","@id":"https:\/\/www.vagadeempregorj.com.br\/empregos-safra\/#article","isPartOf":{"@id":"https:\/\/www.vagadeempregorj.com.br\/empregos-safra\/"},"author":{"name":"Michele","@id":"https:\/\/www.vagadeempregorj.com.br\/#\/schema\/person\/3ddb19fa0539706786e502152f3aae95"},"headline":"Operador de Financiamento, Gerentes, Analistas e muito mais na Empresa Safra","datePublished":"2023-10-11T03:42:00+00:00","dateModified":"2023-12-15T19:12:43+00:00","mainEntityOfPage":{"@id":"https:\/\/www.vagadeempregorj.com.br\/empregos-safra\/"},"wordCount":617,"commentCount":0,"image":{"@id":"https:\/\/www.vagadeempregorj.com.br\/empregos-safra\/#primaryimage"},"thumbnailUrl":"https:\/\/www.vagadeempregorj.com.br\/wp-content\/uploads\/2022\/10\/empregos-Safra.jpg","keywords":["oportunidades","Safra","vagas de emprego"],"articleSection":["Vagas de Emprego Nacionais"],"inLanguage":"fr-FR","potentialAction":[{"@type":"CommentAction","name":"Comment","target":["https:\/\/www.vagadeempregorj.com.br\/empregos-safra\/#respond"]}]},{"@type":"WebPage","@id":"https:\/\/www.vagadeempregorj.com.br\/empregos-safra\/","url":"https:\/\/www.vagadeempregorj.com.br\/empregos-safra\/","name":"Operador de Financiamento, Gerentes, Analistas e muito mais na Empresa Safra -","isPartOf":{"@id":"https:\/\/www.vagadeempregorj.com.br\/#website"},"primaryImageOfPage":{"@id":"https:\/\/www.vagadeempregorj.com.br\/empregos-safra\/#primaryimage"},"image":{"@id":"https:\/\/www.vagadeempregorj.com.br\/empregos-safra\/#primaryimage"},"thumbnailUrl":"https:\/\/www.vagadeempregorj.com.br\/wp-content\/uploads\/2022\/10\/empregos-Safra.jpg","datePublished":"2023-10-11T03:42:00+00:00","dateModified":"2023-12-15T19:12:43+00:00","author":{"@id":"https:\/\/www.vagadeempregorj.com.br\/#\/schema\/person\/3ddb19fa0539706786e502152f3aae95"},"description":"Veja em Vagas de Emprego RJ as vagas de emprego com e sem experi\u00eancia no seu Estado e Regi\u00e3o!","breadcrumb":{"@id":"https:\/\/www.vagadeempregorj.com.br\/empregos-safra\/#breadcrumb"},"inLanguage":"fr-FR","potentialAction":[{"@type":"ReadAction","target":["https:\/\/www.vagadeempregorj.com.br\/empregos-safra\/"]}]},{"@type":"ImageObject","inLanguage":"fr-FR","@id":"https:\/\/www.vagadeempregorj.com.br\/empregos-safra\/#primaryimage","url":"https:\/\/www.vagadeempregorj.com.br\/wp-content\/uploads\/2022\/10\/empregos-Safra.jpg","contentUrl":"https:\/\/www.vagadeempregorj.com.br\/wp-content\/uploads\/2022\/10\/empregos-Safra.jpg","width":1280,"height":720,"caption":"Imagem: Safra - Reprodu\u00e7\u00e3o"},{"@type":"BreadcrumbList","@id":"https:\/\/www.vagadeempregorj.com.br\/empregos-safra\/#breadcrumb","itemListElement":[{"@type":"ListItem","position":1,"name":"In\u00edcio","item":"https:\/\/www.vagadeempregorj.com.br\/"},{"@type":"ListItem","position":2,"name":"Vagas de Emprego Nacionais","item":"https:\/\/www.vagadeempregorj.com.br\/vagas-de-emprego-nacionais\/"},{"@type":"ListItem","position":3,"name":"Operador de Financiamento, Gerentes, Analistas e muito mais na Empresa Safra"}]},{"@type":"WebSite","@id":"https:\/\/www.vagadeempregorj.com.br\/#website","url":"https:\/\/www.vagadeempregorj.com.br\/","name":"","description":"Conquiste Sonhos: Vagas, Benef\u00edcios e Economia para Transformar Vidas e Alcan\u00e7ar Melhorias Cotidianas","potentialAction":[{"@type":"SearchAction","target":{"@type":"EntryPoint","urlTemplate":"https:\/\/www.vagadeempregorj.com.br\/?s={search_term_string}"},"query-input":{"@type":"PropertyValueSpecification","valueRequired":true,"valueName":"search_term_string"}}],"inLanguage":"fr-FR"},{"@type":"Person","@id":"https:\/\/www.vagadeempregorj.com.br\/#\/schema\/person\/3ddb19fa0539706786e502152f3aae95","name":"Michele","image":{"@type":"ImageObject","inLanguage":"fr-FR","@id":"https:\/\/secure.gravatar.com\/avatar\/6b0eb9d22841282815e2cd856a0061c45e1761cd54b22e952d98c4746939aa85?s=96&r=g","url":"https:\/\/secure.gravatar.com\/avatar\/6b0eb9d22841282815e2cd856a0061c45e1761cd54b22e952d98c4746939aa85?s=96&r=g","contentUrl":"https:\/\/secure.gravatar.com\/avatar\/6b0eb9d22841282815e2cd856a0061c45e1761cd54b22e952d98c4746939aa85?s=96&r=g","caption":"Michele"},"description":"Formada em Letras - Portugu\u00eas\/ Ingl\u00eas, e idealizadora do site Escritora de Sucesso, busca expandir o conhecimento de todos com informa\u00e7\u00f5es relevantes sobre diversos assuntos, enquanto redatora. No Vaga de Emprego RJ, traz oportunidades e dicas sobre o mercado de trabalho.","url":"https:\/\/www.vagadeempregorj.com.br\/fr\/author\/michele\/"}]}},"_links":{"self":[{"href":"https:\/\/www.vagadeempregorj.com.br\/fr\/wp-json\/wp\/v2\/posts\/35673","targetHints":{"allow":["GET"]}}],"collection":[{"href":"https:\/\/www.vagadeempregorj.com.br\/fr\/wp-json\/wp\/v2\/posts"}],"about":[{"href":"https:\/\/www.vagadeempregorj.com.br\/fr\/wp-json\/wp\/v2\/types\/post"}],"author":[{"embeddable":true,"href":"https:\/\/www.vagadeempregorj.com.br\/fr\/wp-json\/wp\/v2\/users\/16"}],"replies":[{"embeddable":true,"href":"https:\/\/www.vagadeempregorj.com.br\/fr\/wp-json\/wp\/v2\/comments?post=35673"}],"version-history":[{"count":0,"href":"https:\/\/www.vagadeempregorj.com.br\/fr\/wp-json\/wp\/v2\/posts\/35673\/revisions"}],"wp:featuredmedia":[{"embeddable":true,"href":"https:\/\/www.vagadeempregorj.com.br\/fr\/wp-json\/wp\/v2\/media\/35685"}],"wp:attachment":[{"href":"https:\/\/www.vagadeempregorj.com.br\/fr\/wp-json\/wp\/v2\/media?parent=35673"}],"wp:term":[{"taxonomy":"category","embeddable":true,"href":"https:\/\/www.vagadeempregorj.com.br\/fr\/wp-json\/wp\/v2\/categories?post=35673"},{"taxonomy":"post_tag","embeddable":true,"href":"https:\/\/www.vagadeempregorj.com.br\/fr\/wp-json\/wp\/v2\/tags?post=35673"}],"curies":[{"name":"wp","href":"https:\/\/api.w.org\/{rel}","templated":true}]}}