{"id":35675,"date":"2023-10-11T00:41:00","date_gmt":"2023-10-11T03:41:00","guid":{"rendered":"https:\/\/www.vagadeempregorj.com.br\/?p=35675"},"modified":"2023-10-10T14:30:20","modified_gmt":"2023-10-10T17:30:20","slug":"empregos-scania","status":"publish","type":"post","link":"https:\/\/www.vagadeempregorj.com.br\/fr\/empregos-scania\/","title":{"rendered":"T\u00e9cnicos de Manuten\u00e7\u00e3o Mec\u00e2nica, Vigilantes, T\u00e9cnico Mecatr\u00f4nica, Programa Menor Aprendiz, Gerentes, Desenvolvedores, Analistas e mais na Empresa Scania"},"content":{"rendered":"<p>Atualizado em<\/p>\n\n\n<div class=\"wp-block-post-date\"><time datetime=\"2023-10-11T00:41:00-03:00\">11\/10\/2023<\/time><\/div>\n\n\n<p>Os <strong>Empregos Scania<\/strong> s\u00e3o um grande destaque no mercado de trabalho, devido aos seus benef\u00edcios. A empresa proporciona oportunidades de crescimento e desenvolvimento profissional, a oportunidade de viver e trabalhar em outros pa\u00edses e investem nas compet\u00eancias individuais de cada colaborador, valorizando a \u00e9tica, a diversidade e o profissionalismo. Se \u00e9 um profissional que procura desenvolvimento cont\u00ednuo, iniciativa, criatividade e motiva\u00e7\u00e3o, junte-se \u00e0 esta equipe!<\/p>\n\n\n\n<figure class=\"wp-block-image size-large\"><img loading=\"lazy\" decoding=\"async\" width=\"1024\" height=\"640\" src=\"https:\/\/www.vagadeempregorj.com.br\/wp-content\/uploads\/2022\/10\/empregos-Scania-1024x640.png\" alt=\"empregos Scania\" class=\"wp-image-35683\" srcset=\"https:\/\/www.vagadeempregorj.com.br\/wp-content\/uploads\/2022\/10\/empregos-Scania-1024x640.png 1024w, https:\/\/www.vagadeempregorj.com.br\/wp-content\/uploads\/2022\/10\/empregos-Scania-300x188.png 300w, https:\/\/www.vagadeempregorj.com.br\/wp-content\/uploads\/2022\/10\/empregos-Scania-768x480.png 768w, https:\/\/www.vagadeempregorj.com.br\/wp-content\/uploads\/2022\/10\/empregos-Scania-150x94.png 150w, https:\/\/www.vagadeempregorj.com.br\/wp-content\/uploads\/2022\/10\/empregos-Scania.png 1080w\" sizes=\"auto, (max-width: 1024px) 100vw, 1024px\" \/><figcaption class=\"wp-element-caption\">Imagem: Scania &#8211; Reprodu\u00e7\u00e3o<\/figcaption><\/figure>\n\n\n\n<h2 class=\"wp-block-heading\">Conhe\u00e7a todas as vagas de Empregos Scania<\/h2>\n\n\n\n<p>Eles querem ser inovadores, digitais, movidos pela atitude protagonista de cada colaborador. Se procura evolu\u00e7\u00e3o cont\u00ednua, iniciativa e criatividade, junte-se \u00e0 esta equipa e ajude-os a fazer esta mudan\u00e7a acontecer! Suas vagas s\u00e3o abertas a todos, independente de sociedade, ra\u00e7a, cultura, g\u00eanero, acessibilidade, orienta\u00e7\u00e3o sexual ou qualquer outro fator.<\/p>\n\n\n\n<p>Al\u00e9m disso, a empresa oferta diversos benef\u00edcios como, por exemplo, Universidade Corporativa, ambulat\u00f3rio odontol\u00f3gico e m\u00e9dico, trabalho h\u00edbrido, academia, vale alimenta\u00e7\u00e3o, seguro de vida, restaurante, plano m\u00e9dico e odontol\u00f3gico, estacionamento, aux\u00edlio creche, descontos, entre outros. A maior parte das vagas \u00e9 para quem j\u00e1 possui experi\u00eancia na \u00e1rea. No entanto, h\u00e1 oportunidades para Jovem Aprendiz com idade a partir de 16 anos que j\u00e1 terminaram o Ensino M\u00e9dio ou ainda estejam cursando. Confira a seguir todos os cargos ofertados:<\/p>\n\n\n\n<ul class=\"wp-block-list\">\n<li>Tec. Manuten\u00e7\u00e3o Mecatr\u00f4nica (Transmiss\u00e3o);<\/li>\n\n\n\n<li>ADVOGADO CONSULTIVO SR (LGC);<\/li>\n\n\n\n<li>Programa Menor Aprendiz;<\/li>\n\n\n\n<li>ANA. DE INTELIG\u00caNCIA DE MERCADO PL;<\/li>\n\n\n\n<li>Tec. Manuten\u00e7\u00e3o Eletromec\u00e2nica;<\/li>\n\n\n\n<li>Desenvolvedor TI;<\/li>\n\n\n\n<li>Gerente de Neg\u00f3cios Pl;<\/li>\n\n\n\n<li>Consultor Interno RH Sr\/HRBP;<\/li>\n\n\n\n<li>Tec. Manuten\u00e7\u00e3o Mec\u00e2nica (Utilidades Facilites).<\/li>\n<\/ul>\n\n\n\n<h3 class=\"wp-block-heading\">Como se candidatar<\/h3>\n\n\n\n<p>Para enviar a sua candidatura, \u00e9 necess\u00e1rio acessar o site em que \u00e9 feito o processo de recrutamento. Basta clicar no link a seguir:<\/p>\n\n\n\n<ul class=\"wp-block-list\">\n<li><a href=\"https:\/\/scania.gupy.io\/\">Scania Gupy<\/a>.<\/li>\n<\/ul>\n\n\n\n<p>Ap\u00f3s isso, ser\u00e1 preciso realizar a leitura dos requisitos e atribui\u00e7\u00f5es do cargo desejado para verificar se ele \u00e9 correspondente com o seu perfil profissional antes de fazer a sua inscri\u00e7\u00e3o. Depois, fa\u00e7a o cadastro na plataforma se ainda n\u00e3o tiver e coloque os seus dados pessoais. Por \u00faltimo, espere a empresa entrar em contato para marcar a entrevista se o seu curr\u00edculo for selecionado.<\/p>\n\n\n\n<p><strong>Veja tamb\u00e9m: <a href=\"https:\/\/www.vagadeempregorj.com.br\/fr\/empregos-nestle\/\">Empregos Nestl\u00e9<\/a><\/strong><\/p>\n\n\n\n<h2 class=\"wp-block-heading\">Sobre a Scania<\/h2>\n\n\n\n<p>A lideran\u00e7a da empresa \u00e9 baseada nos valores fundamentais de compartilhamento e inclus\u00e3o. Isso cria uma atmosfera \u00fanica onde os seus funcion\u00e1rios gostam de assumir responsabilidades e t\u00eam a oportunidade de desenvolver e realizar seu potencial. A empresa busca criar um ecossistema mais sustent\u00e1vel de solu\u00e7\u00f5es de transporte e log\u00edstica. \u00c9 por isso que todos os 55.000 funcion\u00e1rios em todo o mundo est\u00e3o envolvidos. O respeito pelo indiv\u00edduo \u00e9 central em suas rela\u00e7\u00f5es com funcion\u00e1rios, clientes e parceiros. Valorizam diferentes habilidades, perspectivas e habilidades, por isso criaram um ambiente diversificado e inclusivo.<\/p>\n\n\n\n<p>A estrat\u00e9gia da companhia \u00e9 baseada na sustentabilidade. Isso tamb\u00e9m se reflete em seu relacionamento com os seus funcion\u00e1rios. Muitos constru\u00edram suas carreiras inteiras dentro de empresas, trabalhando localmente e em todo o mundo.<\/p>\n\n\n\n<p>Garantir que a equipe Scania tenha um bom equil\u00edbrio de g\u00eanero, idade, forma\u00e7\u00e3o e experi\u00eancia \u00e9 fundamental para o sucesso cont\u00ednuo da empresa. Ela tem uma reputa\u00e7\u00e3o de inova\u00e7\u00e3o. A empresa foi nomeada duas vezes para a lista dos 100 principais inovadores globais.<\/p>","protected":false},"excerpt":{"rendered":"<p>Atualizado em Os Empregos Scania s\u00e3o um grande destaque no mercado de trabalho, devido aos seus benef\u00edcios. A empresa proporciona oportunidades de crescimento e desenvolvimento profissional, a oportunidade de viver e trabalhar em outros pa\u00edses e investem nas compet\u00eancias individuais de cada colaborador, valorizando a \u00e9tica, a diversidade e o profissionalismo. Se \u00e9 um profissional&hellip;&nbsp;<\/p>","protected":false},"author":16,"featured_media":35683,"comment_status":"open","ping_status":"closed","sticky":false,"template":"","format":"standard","meta":{"neve_meta_sidebar":"","neve_meta_container":"","neve_meta_enable_content_width":"","neve_meta_content_width":0,"neve_meta_title_alignment":"","neve_meta_author_avatar":"","neve_post_elements_order":"","neve_meta_disable_header":"","neve_meta_disable_footer":"","neve_meta_disable_title":"","footnotes":""},"categories":[123],"tags":[608,273,211],"class_list":["post-35675","post","type-post","status-publish","format-standard","has-post-thumbnail","hentry","category-vagas-de-emprego-nacionais","tag-oportunidades","tag-scania","tag-vagas-de-emprego"],"yoast_head":"<!-- This site is optimized with the Yoast SEO plugin v27.5 - https:\/\/yoast.com\/product\/yoast-seo-wordpress\/ -->\n<title>T\u00e9cnicos de Manuten\u00e7\u00e3o Mec\u00e2nica, Vigilantes, T\u00e9cnico Mecatr\u00f4nica, Programa Menor Aprendiz, Gerentes, Desenvolvedores, Analistas e mais na Empresa Scania -<\/title>\n<meta name=\"description\" content=\"Veja em Vagas de Emprego RJ as vagas de emprego com e sem experi\u00eancia no seu Estado e Regi\u00e3o!\" \/>\n<meta name=\"robots\" content=\"index, follow, max-snippet:-1, max-image-preview:large, max-video-preview:-1\" \/>\n<link rel=\"canonical\" href=\"https:\/\/www.vagadeempregorj.com.br\/fr\/empregos-scania\/\" \/>\n<meta property=\"og:locale\" content=\"fr_FR\" \/>\n<meta property=\"og:type\" content=\"article\" \/>\n<meta property=\"og:title\" content=\"T\u00e9cnicos de Manuten\u00e7\u00e3o Mec\u00e2nica, Vigilantes, T\u00e9cnico Mecatr\u00f4nica, Programa Menor Aprendiz, Gerentes, Desenvolvedores, Analistas e mais na Empresa Scania -\" \/>\n<meta property=\"og:description\" content=\"Veja em Vagas de Emprego RJ as vagas de emprego com e sem experi\u00eancia no seu Estado e Regi\u00e3o!\" \/>\n<meta property=\"og:url\" content=\"https:\/\/www.vagadeempregorj.com.br\/fr\/empregos-scania\/\" \/>\n<meta property=\"article:publisher\" content=\"https:\/\/www.facebook.com\/empregobrasiloficial\" \/>\n<meta property=\"article:published_time\" content=\"2023-10-11T03:41:00+00:00\" \/>\n<meta property=\"og:image\" content=\"https:\/\/www.vagadeempregorj.com.br\/wp-content\/uploads\/2022\/10\/empregos-Scania.png\" \/>\n\t<meta property=\"og:image:width\" content=\"1080\" \/>\n\t<meta property=\"og:image:height\" content=\"675\" \/>\n\t<meta property=\"og:image:type\" content=\"image\/png\" \/>\n<meta name=\"author\" content=\"Michele\" \/>\n<meta name=\"twitter:card\" content=\"summary_large_image\" \/>\n<meta name=\"twitter:label1\" content=\"Written by\" \/>\n\t<meta name=\"twitter:data1\" content=\"Michele\" \/>\n\t<meta name=\"twitter:label2\" content=\"Est. reading time\" \/>\n\t<meta name=\"twitter:data2\" content=\"3 minutes\" \/>\n<script type=\"application\/ld+json\" class=\"yoast-schema-graph\">{\"@context\":\"https:\\\/\\\/schema.org\",\"@graph\":[{\"@type\":\"Article\",\"@id\":\"https:\\\/\\\/www.vagadeempregorj.com.br\\\/empregos-scania\\\/#article\",\"isPartOf\":{\"@id\":\"https:\\\/\\\/www.vagadeempregorj.com.br\\\/empregos-scania\\\/\"},\"author\":{\"name\":\"Michele\",\"@id\":\"https:\\\/\\\/www.vagadeempregorj.com.br\\\/#\\\/schema\\\/person\\\/3ddb19fa0539706786e502152f3aae95\"},\"headline\":\"T\u00e9cnicos de Manuten\u00e7\u00e3o Mec\u00e2nica, Vigilantes, T\u00e9cnico Mecatr\u00f4nica, Programa Menor Aprendiz, Gerentes, Desenvolvedores, Analistas e mais na Empresa Scania\",\"datePublished\":\"2023-10-11T03:41:00+00:00\",\"mainEntityOfPage\":{\"@id\":\"https:\\\/\\\/www.vagadeempregorj.com.br\\\/empregos-scania\\\/\"},\"wordCount\":587,\"commentCount\":0,\"image\":{\"@id\":\"https:\\\/\\\/www.vagadeempregorj.com.br\\\/empregos-scania\\\/#primaryimage\"},\"thumbnailUrl\":\"https:\\\/\\\/www.vagadeempregorj.com.br\\\/wp-content\\\/uploads\\\/2022\\\/10\\\/empregos-Scania.png\",\"keywords\":[\"oportunidades\",\"Scania\",\"vagas de emprego\"],\"articleSection\":[\"Vagas de Emprego Nacionais\"],\"inLanguage\":\"fr-FR\",\"potentialAction\":[{\"@type\":\"CommentAction\",\"name\":\"Comment\",\"target\":[\"https:\\\/\\\/www.vagadeempregorj.com.br\\\/empregos-scania\\\/#respond\"]}]},{\"@type\":\"WebPage\",\"@id\":\"https:\\\/\\\/www.vagadeempregorj.com.br\\\/empregos-scania\\\/\",\"url\":\"https:\\\/\\\/www.vagadeempregorj.com.br\\\/empregos-scania\\\/\",\"name\":\"T\u00e9cnicos de Manuten\u00e7\u00e3o Mec\u00e2nica, Vigilantes, T\u00e9cnico Mecatr\u00f4nica, Programa Menor Aprendiz, Gerentes, Desenvolvedores, Analistas e mais na Empresa Scania -\",\"isPartOf\":{\"@id\":\"https:\\\/\\\/www.vagadeempregorj.com.br\\\/#website\"},\"primaryImageOfPage\":{\"@id\":\"https:\\\/\\\/www.vagadeempregorj.com.br\\\/empregos-scania\\\/#primaryimage\"},\"image\":{\"@id\":\"https:\\\/\\\/www.vagadeempregorj.com.br\\\/empregos-scania\\\/#primaryimage\"},\"thumbnailUrl\":\"https:\\\/\\\/www.vagadeempregorj.com.br\\\/wp-content\\\/uploads\\\/2022\\\/10\\\/empregos-Scania.png\",\"datePublished\":\"2023-10-11T03:41:00+00:00\",\"author\":{\"@id\":\"https:\\\/\\\/www.vagadeempregorj.com.br\\\/#\\\/schema\\\/person\\\/3ddb19fa0539706786e502152f3aae95\"},\"description\":\"Veja em Vagas de Emprego RJ as vagas de emprego com e sem experi\u00eancia no seu Estado e Regi\u00e3o!\",\"breadcrumb\":{\"@id\":\"https:\\\/\\\/www.vagadeempregorj.com.br\\\/empregos-scania\\\/#breadcrumb\"},\"inLanguage\":\"fr-FR\",\"potentialAction\":[{\"@type\":\"ReadAction\",\"target\":[\"https:\\\/\\\/www.vagadeempregorj.com.br\\\/empregos-scania\\\/\"]}]},{\"@type\":\"ImageObject\",\"inLanguage\":\"fr-FR\",\"@id\":\"https:\\\/\\\/www.vagadeempregorj.com.br\\\/empregos-scania\\\/#primaryimage\",\"url\":\"https:\\\/\\\/www.vagadeempregorj.com.br\\\/wp-content\\\/uploads\\\/2022\\\/10\\\/empregos-Scania.png\",\"contentUrl\":\"https:\\\/\\\/www.vagadeempregorj.com.br\\\/wp-content\\\/uploads\\\/2022\\\/10\\\/empregos-Scania.png\",\"width\":1080,\"height\":675,\"caption\":\"Imagem: Scania - Reprodu\u00e7\u00e3o\"},{\"@type\":\"BreadcrumbList\",\"@id\":\"https:\\\/\\\/www.vagadeempregorj.com.br\\\/empregos-scania\\\/#breadcrumb\",\"itemListElement\":[{\"@type\":\"ListItem\",\"position\":1,\"name\":\"In\u00edcio\",\"item\":\"https:\\\/\\\/www.vagadeempregorj.com.br\\\/\"},{\"@type\":\"ListItem\",\"position\":2,\"name\":\"Vagas de Emprego Nacionais\",\"item\":\"https:\\\/\\\/www.vagadeempregorj.com.br\\\/vagas-de-emprego-nacionais\\\/\"},{\"@type\":\"ListItem\",\"position\":3,\"name\":\"T\u00e9cnicos de Manuten\u00e7\u00e3o Mec\u00e2nica, Vigilantes, T\u00e9cnico Mecatr\u00f4nica, Programa Menor Aprendiz, Gerentes, Desenvolvedores, Analistas e mais na Empresa Scania\"}]},{\"@type\":\"WebSite\",\"@id\":\"https:\\\/\\\/www.vagadeempregorj.com.br\\\/#website\",\"url\":\"https:\\\/\\\/www.vagadeempregorj.com.br\\\/\",\"name\":\"\",\"description\":\"Conquiste Sonhos: Vagas, Benef\u00edcios e Economia para Transformar Vidas e Alcan\u00e7ar Melhorias Cotidianas\",\"potentialAction\":[{\"@type\":\"SearchAction\",\"target\":{\"@type\":\"EntryPoint\",\"urlTemplate\":\"https:\\\/\\\/www.vagadeempregorj.com.br\\\/?s={search_term_string}\"},\"query-input\":{\"@type\":\"PropertyValueSpecification\",\"valueRequired\":true,\"valueName\":\"search_term_string\"}}],\"inLanguage\":\"fr-FR\"},{\"@type\":\"Person\",\"@id\":\"https:\\\/\\\/www.vagadeempregorj.com.br\\\/#\\\/schema\\\/person\\\/3ddb19fa0539706786e502152f3aae95\",\"name\":\"Michele\",\"image\":{\"@type\":\"ImageObject\",\"inLanguage\":\"fr-FR\",\"@id\":\"https:\\\/\\\/secure.gravatar.com\\\/avatar\\\/6b0eb9d22841282815e2cd856a0061c45e1761cd54b22e952d98c4746939aa85?s=96&r=g\",\"url\":\"https:\\\/\\\/secure.gravatar.com\\\/avatar\\\/6b0eb9d22841282815e2cd856a0061c45e1761cd54b22e952d98c4746939aa85?s=96&r=g\",\"contentUrl\":\"https:\\\/\\\/secure.gravatar.com\\\/avatar\\\/6b0eb9d22841282815e2cd856a0061c45e1761cd54b22e952d98c4746939aa85?s=96&r=g\",\"caption\":\"Michele\"},\"description\":\"Formada em Letras - Portugu\u00eas\\\/ Ingl\u00eas, e idealizadora do site Escritora de Sucesso, busca expandir o conhecimento de todos com informa\u00e7\u00f5es relevantes sobre diversos assuntos, enquanto redatora. No Vaga de Emprego RJ, traz oportunidades e dicas sobre o mercado de trabalho.\",\"url\":\"https:\\\/\\\/www.vagadeempregorj.com.br\\\/fr\\\/author\\\/michele\\\/\"}]}<\/script>\n<!-- \/ Yoast SEO plugin. -->","yoast_head_json":{"title":"T\u00e9cnicos de Manuten\u00e7\u00e3o Mec\u00e2nica, Vigilantes, T\u00e9cnico Mecatr\u00f4nica, Programa Menor Aprendiz, Gerentes, Desenvolvedores, Analistas e mais na Empresa Scania -","description":"Veja em Vagas de Emprego RJ as vagas de emprego com e sem experi\u00eancia no seu Estado e Regi\u00e3o!","robots":{"index":"index","follow":"follow","max-snippet":"max-snippet:-1","max-image-preview":"max-image-preview:large","max-video-preview":"max-video-preview:-1"},"canonical":"https:\/\/www.vagadeempregorj.com.br\/fr\/empregos-scania\/","og_locale":"fr_FR","og_type":"article","og_title":"T\u00e9cnicos de Manuten\u00e7\u00e3o Mec\u00e2nica, Vigilantes, T\u00e9cnico Mecatr\u00f4nica, Programa Menor Aprendiz, Gerentes, Desenvolvedores, Analistas e mais na Empresa Scania -","og_description":"Veja em Vagas de Emprego RJ as vagas de emprego com e sem experi\u00eancia no seu Estado e Regi\u00e3o!","og_url":"https:\/\/www.vagadeempregorj.com.br\/fr\/empregos-scania\/","article_publisher":"https:\/\/www.facebook.com\/empregobrasiloficial","article_published_time":"2023-10-11T03:41:00+00:00","og_image":[{"width":1080,"height":675,"url":"https:\/\/www.vagadeempregorj.com.br\/wp-content\/uploads\/2022\/10\/empregos-Scania.png","type":"image\/png"}],"author":"Michele","twitter_card":"summary_large_image","twitter_misc":{"Written by":"Michele","Est. reading time":"3 minutes"},"schema":{"@context":"https:\/\/schema.org","@graph":[{"@type":"Article","@id":"https:\/\/www.vagadeempregorj.com.br\/empregos-scania\/#article","isPartOf":{"@id":"https:\/\/www.vagadeempregorj.com.br\/empregos-scania\/"},"author":{"name":"Michele","@id":"https:\/\/www.vagadeempregorj.com.br\/#\/schema\/person\/3ddb19fa0539706786e502152f3aae95"},"headline":"T\u00e9cnicos de Manuten\u00e7\u00e3o Mec\u00e2nica, Vigilantes, T\u00e9cnico Mecatr\u00f4nica, Programa Menor Aprendiz, Gerentes, Desenvolvedores, Analistas e mais na Empresa Scania","datePublished":"2023-10-11T03:41:00+00:00","mainEntityOfPage":{"@id":"https:\/\/www.vagadeempregorj.com.br\/empregos-scania\/"},"wordCount":587,"commentCount":0,"image":{"@id":"https:\/\/www.vagadeempregorj.com.br\/empregos-scania\/#primaryimage"},"thumbnailUrl":"https:\/\/www.vagadeempregorj.com.br\/wp-content\/uploads\/2022\/10\/empregos-Scania.png","keywords":["oportunidades","Scania","vagas de emprego"],"articleSection":["Vagas de Emprego Nacionais"],"inLanguage":"fr-FR","potentialAction":[{"@type":"CommentAction","name":"Comment","target":["https:\/\/www.vagadeempregorj.com.br\/empregos-scania\/#respond"]}]},{"@type":"WebPage","@id":"https:\/\/www.vagadeempregorj.com.br\/empregos-scania\/","url":"https:\/\/www.vagadeempregorj.com.br\/empregos-scania\/","name":"T\u00e9cnicos de Manuten\u00e7\u00e3o Mec\u00e2nica, Vigilantes, T\u00e9cnico Mecatr\u00f4nica, Programa Menor Aprendiz, Gerentes, Desenvolvedores, Analistas e mais na Empresa Scania -","isPartOf":{"@id":"https:\/\/www.vagadeempregorj.com.br\/#website"},"primaryImageOfPage":{"@id":"https:\/\/www.vagadeempregorj.com.br\/empregos-scania\/#primaryimage"},"image":{"@id":"https:\/\/www.vagadeempregorj.com.br\/empregos-scania\/#primaryimage"},"thumbnailUrl":"https:\/\/www.vagadeempregorj.com.br\/wp-content\/uploads\/2022\/10\/empregos-Scania.png","datePublished":"2023-10-11T03:41:00+00:00","author":{"@id":"https:\/\/www.vagadeempregorj.com.br\/#\/schema\/person\/3ddb19fa0539706786e502152f3aae95"},"description":"Veja em Vagas de Emprego RJ as vagas de emprego com e sem experi\u00eancia no seu Estado e Regi\u00e3o!","breadcrumb":{"@id":"https:\/\/www.vagadeempregorj.com.br\/empregos-scania\/#breadcrumb"},"inLanguage":"fr-FR","potentialAction":[{"@type":"ReadAction","target":["https:\/\/www.vagadeempregorj.com.br\/empregos-scania\/"]}]},{"@type":"ImageObject","inLanguage":"fr-FR","@id":"https:\/\/www.vagadeempregorj.com.br\/empregos-scania\/#primaryimage","url":"https:\/\/www.vagadeempregorj.com.br\/wp-content\/uploads\/2022\/10\/empregos-Scania.png","contentUrl":"https:\/\/www.vagadeempregorj.com.br\/wp-content\/uploads\/2022\/10\/empregos-Scania.png","width":1080,"height":675,"caption":"Imagem: Scania - Reprodu\u00e7\u00e3o"},{"@type":"BreadcrumbList","@id":"https:\/\/www.vagadeempregorj.com.br\/empregos-scania\/#breadcrumb","itemListElement":[{"@type":"ListItem","position":1,"name":"In\u00edcio","item":"https:\/\/www.vagadeempregorj.com.br\/"},{"@type":"ListItem","position":2,"name":"Vagas de Emprego Nacionais","item":"https:\/\/www.vagadeempregorj.com.br\/vagas-de-emprego-nacionais\/"},{"@type":"ListItem","position":3,"name":"T\u00e9cnicos de Manuten\u00e7\u00e3o Mec\u00e2nica, Vigilantes, T\u00e9cnico Mecatr\u00f4nica, Programa Menor Aprendiz, Gerentes, Desenvolvedores, Analistas e mais na Empresa Scania"}]},{"@type":"WebSite","@id":"https:\/\/www.vagadeempregorj.com.br\/#website","url":"https:\/\/www.vagadeempregorj.com.br\/","name":"","description":"Conquiste Sonhos: Vagas, Benef\u00edcios e Economia para Transformar Vidas e Alcan\u00e7ar Melhorias Cotidianas","potentialAction":[{"@type":"SearchAction","target":{"@type":"EntryPoint","urlTemplate":"https:\/\/www.vagadeempregorj.com.br\/?s={search_term_string}"},"query-input":{"@type":"PropertyValueSpecification","valueRequired":true,"valueName":"search_term_string"}}],"inLanguage":"fr-FR"},{"@type":"Person","@id":"https:\/\/www.vagadeempregorj.com.br\/#\/schema\/person\/3ddb19fa0539706786e502152f3aae95","name":"Michele","image":{"@type":"ImageObject","inLanguage":"fr-FR","@id":"https:\/\/secure.gravatar.com\/avatar\/6b0eb9d22841282815e2cd856a0061c45e1761cd54b22e952d98c4746939aa85?s=96&r=g","url":"https:\/\/secure.gravatar.com\/avatar\/6b0eb9d22841282815e2cd856a0061c45e1761cd54b22e952d98c4746939aa85?s=96&r=g","contentUrl":"https:\/\/secure.gravatar.com\/avatar\/6b0eb9d22841282815e2cd856a0061c45e1761cd54b22e952d98c4746939aa85?s=96&r=g","caption":"Michele"},"description":"Formada em Letras - Portugu\u00eas\/ Ingl\u00eas, e idealizadora do site Escritora de Sucesso, busca expandir o conhecimento de todos com informa\u00e7\u00f5es relevantes sobre diversos assuntos, enquanto redatora. No Vaga de Emprego RJ, traz oportunidades e dicas sobre o mercado de trabalho.","url":"https:\/\/www.vagadeempregorj.com.br\/fr\/author\/michele\/"}]}},"_links":{"self":[{"href":"https:\/\/www.vagadeempregorj.com.br\/fr\/wp-json\/wp\/v2\/posts\/35675","targetHints":{"allow":["GET"]}}],"collection":[{"href":"https:\/\/www.vagadeempregorj.com.br\/fr\/wp-json\/wp\/v2\/posts"}],"about":[{"href":"https:\/\/www.vagadeempregorj.com.br\/fr\/wp-json\/wp\/v2\/types\/post"}],"author":[{"embeddable":true,"href":"https:\/\/www.vagadeempregorj.com.br\/fr\/wp-json\/wp\/v2\/users\/16"}],"replies":[{"embeddable":true,"href":"https:\/\/www.vagadeempregorj.com.br\/fr\/wp-json\/wp\/v2\/comments?post=35675"}],"version-history":[{"count":0,"href":"https:\/\/www.vagadeempregorj.com.br\/fr\/wp-json\/wp\/v2\/posts\/35675\/revisions"}],"wp:featuredmedia":[{"embeddable":true,"href":"https:\/\/www.vagadeempregorj.com.br\/fr\/wp-json\/wp\/v2\/media\/35683"}],"wp:attachment":[{"href":"https:\/\/www.vagadeempregorj.com.br\/fr\/wp-json\/wp\/v2\/media?parent=35675"}],"wp:term":[{"taxonomy":"category","embeddable":true,"href":"https:\/\/www.vagadeempregorj.com.br\/fr\/wp-json\/wp\/v2\/categories?post=35675"},{"taxonomy":"post_tag","embeddable":true,"href":"https:\/\/www.vagadeempregorj.com.br\/fr\/wp-json\/wp\/v2\/tags?post=35675"}],"curies":[{"name":"wp","href":"https:\/\/api.w.org\/{rel}","templated":true}]}}