{"id":35719,"date":"2023-10-13T02:33:00","date_gmt":"2023-10-13T05:33:00","guid":{"rendered":"https:\/\/www.vagadeempregorj.com.br\/?p=35719"},"modified":"2024-08-12T17:20:57","modified_gmt":"2024-08-12T20:20:57","slug":"empregos-cosan","status":"publish","type":"post","link":"https:\/\/www.vagadeempregorj.com.br\/fr\/empregos-cosan\/","title":{"rendered":"Analista em Seguran\u00e7a da Informa\u00e7\u00e3o S\u00eanior e Analista em Seguran\u00e7a da Informa\u00e7\u00e3o Pleno e mais na Empresa Cosan"},"content":{"rendered":"<p>Atualizado em<\/p>\n\n\n<div class=\"wp-block-post-date\"><time datetime=\"2023-10-13T02:33:00-03:00\">13\/10\/2023<\/time><\/div>\n\n\n<p>Os <strong>Empregos Cosan<\/strong> s\u00e3o um enorme destaque no mercado de trabalho, em virtude de seus benef\u00edcios. A empresa \u00e9 uma holding formada por pessoas que sonham e buscam transformar o pa\u00eds. Junto com o seu neg\u00f3cio, eles t\u00eam uma equipe de mais de 40.000 funcion\u00e1rios que acreditam e est\u00e3o comprometidas em mudar este pa\u00eds. Eles s\u00e3o l\u00edderes nas \u00e1reas em que atuam e impulsionam ind\u00fastrias e o cotidiano das pessoas, fornecendo desde energia mais limpa at\u00e9 uma log\u00edstica com mais confian\u00e7a e efici\u00eancia, que contribui diretamente para construir um futuro com mais sustentabilidade.<\/p>\n\n\n\n<figure class=\"wp-block-image size-full\"><img loading=\"lazy\" decoding=\"async\" width=\"923\" height=\"446\" src=\"https:\/\/www.vagadeempregorj.com.br\/wp-content\/uploads\/2022\/10\/empregos-cosan.png\" alt=\"empregos cosan\" class=\"wp-image-35729\" srcset=\"https:\/\/www.vagadeempregorj.com.br\/wp-content\/uploads\/2022\/10\/empregos-cosan.png 923w, https:\/\/www.vagadeempregorj.com.br\/wp-content\/uploads\/2022\/10\/empregos-cosan-300x145.png 300w, https:\/\/www.vagadeempregorj.com.br\/wp-content\/uploads\/2022\/10\/empregos-cosan-768x371.png 768w, https:\/\/www.vagadeempregorj.com.br\/wp-content\/uploads\/2022\/10\/empregos-cosan-150x72.png 150w\" sizes=\"auto, (max-width: 923px) 100vw, 923px\" \/><figcaption class=\"wp-element-caption\">Imagem: Cosan &#8211; Reprodu\u00e7\u00e3o<\/figcaption><\/figure>\n\n\n\n<h2 class=\"wp-block-heading\">Verifique todas as oportunidades de Empregos Cosan<\/h2>\n\n\n\n<p>\u00c9 crucial escolher onde ir\u00e1 desenvolver a sua carreira e achar um lugar onde possa partilhar os seus sonhos e o seu cotidiano com colegas que perseguem os mesmos objetivos que voc\u00ea. Todos os dias na empresa, mais de 40.000 funcion\u00e1rios buscam e sonham com desenvolvimento sustent\u00e1vel no Brasil.<\/p>\n\n\n\n<p>Al\u00e9m disso, a companhia oferece diversos benef\u00edcios aos seus funcion\u00e1rios como, por exemplo, licen\u00e7a paternidade e maternidade, sala de apoia \u00e0 amamenta\u00e7\u00e3o, biciclet\u00e1rio, cafeteria, vale alimenta\u00e7\u00e3o e refei\u00e7\u00e3o, estacionamento, kit de Natal, aux\u00edlio creche, dia de folga no anivers\u00e1rio, Gympass, plano de sa\u00fade e odontol\u00f3gico, aux\u00edlio farm\u00e1cia, reembolso para \u00f3culos, previd\u00eancia privada, seguro de vida e funeral. Observe a seguir todos os cargos divulgados:<\/p>\n\n\n\n<ul class=\"wp-block-list\">\n<li>Ana. em Seguran\u00e7a da Informa\u00e7\u00e3o S\u00eanior;<\/li>\n\n\n\n<li>Ana. em Seguran\u00e7a da Informa\u00e7\u00e3o Pleno.<\/li>\n<\/ul>\n\n\n\n<h3 class=\"wp-block-heading\">Como se candidatar<\/h3>\n\n\n\n<p>Para realizar a sua inscri\u00e7\u00e3o em uma das vagas mencionadas, basta acessar o site em que o procedimento de sele\u00e7\u00e3o \u00e9 feito. Sendo assim, acesse o link a seguir:<\/p>\n\n\n\n<ul class=\"wp-block-list\">\n<li>Acesse o site <strong>https:\/\/www.cosan.com.br\/<\/strong> no seu navegador;<\/li>\n\n\n\n<li>Clique no \u00edcone Carreiras;<\/li>\n\n\n\n<li>Busque por Vagas Abertas.<\/li>\n<\/ul>\n\n\n\n<p>Depois disso, leia com cuidado todos os requisitos e as atribui\u00e7\u00f5es da fun\u00e7\u00e3o para ter certeza de que ela est\u00e1 de acordo com o seu perfil profissional antes de fazer a sua candidatura. Em caso positivo, fa\u00e7a o seu cadastro na plataforma se ainda n\u00e3o tiver.<\/p>\n\n\n\n<h2 class=\"wp-block-heading\">Sobre a Cosan<\/h2>\n\n\n\n<p>O objetivo da empresa \u00e9 mudar a vida das pessoas e, para isso, investem nas pessoas e em todo o seu poder. Afinal, a constru\u00e7\u00e3o e transforma\u00e7\u00e3o que est\u00e3o fazendo s\u00f3 est\u00e1 acontecendo com um time incr\u00edvel de profissionais que veem desafios como oportunidades de crescimento, que s\u00e3o empreendedores e buscam ser os melhores em tudo que fazem.<\/p>\n\n\n\n<p>Eles s\u00e3o uma equipe diversificada de pessoas talentosas que juntas buscam sinergias para criar solu\u00e7\u00f5es e avan\u00e7ar nas \u00e1reas em que atuam. Ao se tornar um membro da empresa, o funcion\u00e1rio parte do ecossistema de energia e movimento.<\/p>\n\n\n\n<p>A cada dia na empresa \u00e9 refor\u00e7ado o empreendedorismo, a \u00e9tica para enquadrar as suas a\u00e7\u00f5es, um ambiente inspirador que promove o crescimento e o desenvolvimento e uma empatia que abra\u00e7a a diversidade de ideias e perspectivas. Acreditam que estar aberto ao novo \u00e9 o caminho para construir um ambiente de inova\u00e7\u00e3o e criatividade. Por isso, fortalecem a equidade e buscam formas de gerar oportunidades equitativas e inclusivas. \u00c9 valorizado a autonomia, for\u00e7a de vontade e diversidade que existe em cada hist\u00f3ria, em cada jornada. Junto com a equipe, sonham, realizam, superam desafios, transformam, inovam e criam alternativas mais sustent\u00e1veis.<\/p>","protected":false},"excerpt":{"rendered":"<p>Atualizado em Os Empregos Cosan s\u00e3o um enorme destaque no mercado de trabalho, em virtude de seus benef\u00edcios. A empresa \u00e9 uma holding formada por pessoas que sonham e buscam transformar o pa\u00eds. Junto com o seu neg\u00f3cio, eles t\u00eam uma equipe de mais de 40.000 funcion\u00e1rios que acreditam e est\u00e3o comprometidas em mudar este&hellip;&nbsp;<\/p>","protected":false},"author":16,"featured_media":35729,"comment_status":"open","ping_status":"closed","sticky":false,"template":"","format":"standard","meta":{"neve_meta_sidebar":"","neve_meta_container":"","neve_meta_enable_content_width":"","neve_meta_content_width":0,"neve_meta_title_alignment":"","neve_meta_author_avatar":"","neve_post_elements_order":"","neve_meta_disable_header":"","neve_meta_disable_footer":"","neve_meta_disable_title":"","footnotes":""},"categories":[123],"tags":[645,608,211],"class_list":["post-35719","post","type-post","status-publish","format-standard","has-post-thumbnail","hentry","category-vagas-de-emprego-nacionais","tag-cosan","tag-oportunidades","tag-vagas-de-emprego"],"yoast_head":"<!-- This site is optimized with the Yoast SEO plugin v27.5 - https:\/\/yoast.com\/product\/yoast-seo-wordpress\/ -->\n<title>Analista em Seguran\u00e7a da Informa\u00e7\u00e3o S\u00eanior e Analista em Seguran\u00e7a da Informa\u00e7\u00e3o Pleno e mais na Empresa Cosan -<\/title>\n<meta name=\"description\" content=\"Veja em Vagas de Emprego RJ as vagas de emprego com e sem experi\u00eancia no seu Estado e Regi\u00e3o! Clique e confira.\" \/>\n<meta name=\"robots\" content=\"index, follow, max-snippet:-1, max-image-preview:large, max-video-preview:-1\" \/>\n<link rel=\"canonical\" href=\"https:\/\/www.vagadeempregorj.com.br\/fr\/empregos-cosan\/\" \/>\n<meta property=\"og:locale\" content=\"fr_FR\" \/>\n<meta property=\"og:type\" content=\"article\" \/>\n<meta property=\"og:title\" content=\"Analista em Seguran\u00e7a da Informa\u00e7\u00e3o S\u00eanior e Analista em Seguran\u00e7a da Informa\u00e7\u00e3o Pleno e mais na Empresa Cosan -\" \/>\n<meta property=\"og:description\" content=\"Veja em Vagas de Emprego RJ as vagas de emprego com e sem experi\u00eancia no seu Estado e Regi\u00e3o! Clique e confira.\" \/>\n<meta property=\"og:url\" content=\"https:\/\/www.vagadeempregorj.com.br\/fr\/empregos-cosan\/\" \/>\n<meta property=\"article:publisher\" content=\"https:\/\/www.facebook.com\/empregobrasiloficial\" \/>\n<meta property=\"article:published_time\" content=\"2023-10-13T05:33:00+00:00\" \/>\n<meta property=\"article:modified_time\" content=\"2024-08-12T20:20:57+00:00\" \/>\n<meta property=\"og:image\" content=\"https:\/\/www.vagadeempregorj.com.br\/wp-content\/uploads\/2022\/10\/empregos-cosan.png\" \/>\n\t<meta property=\"og:image:width\" content=\"923\" \/>\n\t<meta property=\"og:image:height\" content=\"446\" \/>\n\t<meta property=\"og:image:type\" content=\"image\/png\" \/>\n<meta name=\"author\" content=\"Michele\" \/>\n<meta name=\"twitter:card\" content=\"summary_large_image\" \/>\n<meta name=\"twitter:label1\" content=\"Written by\" \/>\n\t<meta name=\"twitter:data1\" content=\"Michele\" \/>\n\t<meta name=\"twitter:label2\" content=\"Est. reading time\" \/>\n\t<meta name=\"twitter:data2\" content=\"3 minutes\" \/>\n<script type=\"application\/ld+json\" class=\"yoast-schema-graph\">{\"@context\":\"https:\\\/\\\/schema.org\",\"@graph\":[{\"@type\":\"Article\",\"@id\":\"https:\\\/\\\/www.vagadeempregorj.com.br\\\/empregos-cosan\\\/#article\",\"isPartOf\":{\"@id\":\"https:\\\/\\\/www.vagadeempregorj.com.br\\\/empregos-cosan\\\/\"},\"author\":{\"name\":\"Michele\",\"@id\":\"https:\\\/\\\/www.vagadeempregorj.com.br\\\/#\\\/schema\\\/person\\\/3ddb19fa0539706786e502152f3aae95\"},\"headline\":\"Analista em Seguran\u00e7a da Informa\u00e7\u00e3o S\u00eanior e Analista em Seguran\u00e7a da Informa\u00e7\u00e3o Pleno e mais na Empresa Cosan\",\"datePublished\":\"2023-10-13T05:33:00+00:00\",\"dateModified\":\"2024-08-12T20:20:57+00:00\",\"mainEntityOfPage\":{\"@id\":\"https:\\\/\\\/www.vagadeempregorj.com.br\\\/empregos-cosan\\\/\"},\"wordCount\":599,\"commentCount\":0,\"image\":{\"@id\":\"https:\\\/\\\/www.vagadeempregorj.com.br\\\/empregos-cosan\\\/#primaryimage\"},\"thumbnailUrl\":\"https:\\\/\\\/www.vagadeempregorj.com.br\\\/wp-content\\\/uploads\\\/2022\\\/10\\\/empregos-cosan.png\",\"keywords\":[\"Cosan\",\"oportunidades\",\"vagas de emprego\"],\"articleSection\":[\"Vagas de Emprego Nacionais\"],\"inLanguage\":\"fr-FR\",\"potentialAction\":[{\"@type\":\"CommentAction\",\"name\":\"Comment\",\"target\":[\"https:\\\/\\\/www.vagadeempregorj.com.br\\\/empregos-cosan\\\/#respond\"]}]},{\"@type\":\"WebPage\",\"@id\":\"https:\\\/\\\/www.vagadeempregorj.com.br\\\/empregos-cosan\\\/\",\"url\":\"https:\\\/\\\/www.vagadeempregorj.com.br\\\/empregos-cosan\\\/\",\"name\":\"Analista em Seguran\u00e7a da Informa\u00e7\u00e3o S\u00eanior e Analista em Seguran\u00e7a da Informa\u00e7\u00e3o Pleno e mais na Empresa Cosan -\",\"isPartOf\":{\"@id\":\"https:\\\/\\\/www.vagadeempregorj.com.br\\\/#website\"},\"primaryImageOfPage\":{\"@id\":\"https:\\\/\\\/www.vagadeempregorj.com.br\\\/empregos-cosan\\\/#primaryimage\"},\"image\":{\"@id\":\"https:\\\/\\\/www.vagadeempregorj.com.br\\\/empregos-cosan\\\/#primaryimage\"},\"thumbnailUrl\":\"https:\\\/\\\/www.vagadeempregorj.com.br\\\/wp-content\\\/uploads\\\/2022\\\/10\\\/empregos-cosan.png\",\"datePublished\":\"2023-10-13T05:33:00+00:00\",\"dateModified\":\"2024-08-12T20:20:57+00:00\",\"author\":{\"@id\":\"https:\\\/\\\/www.vagadeempregorj.com.br\\\/#\\\/schema\\\/person\\\/3ddb19fa0539706786e502152f3aae95\"},\"description\":\"Veja em Vagas de Emprego RJ as vagas de emprego com e sem experi\u00eancia no seu Estado e Regi\u00e3o! Clique e confira.\",\"breadcrumb\":{\"@id\":\"https:\\\/\\\/www.vagadeempregorj.com.br\\\/empregos-cosan\\\/#breadcrumb\"},\"inLanguage\":\"fr-FR\",\"potentialAction\":[{\"@type\":\"ReadAction\",\"target\":[\"https:\\\/\\\/www.vagadeempregorj.com.br\\\/empregos-cosan\\\/\"]}]},{\"@type\":\"ImageObject\",\"inLanguage\":\"fr-FR\",\"@id\":\"https:\\\/\\\/www.vagadeempregorj.com.br\\\/empregos-cosan\\\/#primaryimage\",\"url\":\"https:\\\/\\\/www.vagadeempregorj.com.br\\\/wp-content\\\/uploads\\\/2022\\\/10\\\/empregos-cosan.png\",\"contentUrl\":\"https:\\\/\\\/www.vagadeempregorj.com.br\\\/wp-content\\\/uploads\\\/2022\\\/10\\\/empregos-cosan.png\",\"width\":923,\"height\":446,\"caption\":\"Imagem: Cosan - Reprodu\u00e7\u00e3o\"},{\"@type\":\"BreadcrumbList\",\"@id\":\"https:\\\/\\\/www.vagadeempregorj.com.br\\\/empregos-cosan\\\/#breadcrumb\",\"itemListElement\":[{\"@type\":\"ListItem\",\"position\":1,\"name\":\"In\u00edcio\",\"item\":\"https:\\\/\\\/www.vagadeempregorj.com.br\\\/\"},{\"@type\":\"ListItem\",\"position\":2,\"name\":\"Vagas de Emprego Nacionais\",\"item\":\"https:\\\/\\\/www.vagadeempregorj.com.br\\\/vagas-de-emprego-nacionais\\\/\"},{\"@type\":\"ListItem\",\"position\":3,\"name\":\"Analista em Seguran\u00e7a da Informa\u00e7\u00e3o S\u00eanior e Analista em Seguran\u00e7a da Informa\u00e7\u00e3o Pleno e mais na Empresa Cosan\"}]},{\"@type\":\"WebSite\",\"@id\":\"https:\\\/\\\/www.vagadeempregorj.com.br\\\/#website\",\"url\":\"https:\\\/\\\/www.vagadeempregorj.com.br\\\/\",\"name\":\"\",\"description\":\"Conquiste Sonhos: Vagas, Benef\u00edcios e Economia para Transformar Vidas e Alcan\u00e7ar Melhorias Cotidianas\",\"potentialAction\":[{\"@type\":\"SearchAction\",\"target\":{\"@type\":\"EntryPoint\",\"urlTemplate\":\"https:\\\/\\\/www.vagadeempregorj.com.br\\\/?s={search_term_string}\"},\"query-input\":{\"@type\":\"PropertyValueSpecification\",\"valueRequired\":true,\"valueName\":\"search_term_string\"}}],\"inLanguage\":\"fr-FR\"},{\"@type\":\"Person\",\"@id\":\"https:\\\/\\\/www.vagadeempregorj.com.br\\\/#\\\/schema\\\/person\\\/3ddb19fa0539706786e502152f3aae95\",\"name\":\"Michele\",\"image\":{\"@type\":\"ImageObject\",\"inLanguage\":\"fr-FR\",\"@id\":\"https:\\\/\\\/secure.gravatar.com\\\/avatar\\\/6b0eb9d22841282815e2cd856a0061c45e1761cd54b22e952d98c4746939aa85?s=96&r=g\",\"url\":\"https:\\\/\\\/secure.gravatar.com\\\/avatar\\\/6b0eb9d22841282815e2cd856a0061c45e1761cd54b22e952d98c4746939aa85?s=96&r=g\",\"contentUrl\":\"https:\\\/\\\/secure.gravatar.com\\\/avatar\\\/6b0eb9d22841282815e2cd856a0061c45e1761cd54b22e952d98c4746939aa85?s=96&r=g\",\"caption\":\"Michele\"},\"description\":\"Formada em Letras - Portugu\u00eas\\\/ Ingl\u00eas, e idealizadora do site Escritora de Sucesso, busca expandir o conhecimento de todos com informa\u00e7\u00f5es relevantes sobre diversos assuntos, enquanto redatora. No Vaga de Emprego RJ, traz oportunidades e dicas sobre o mercado de trabalho.\",\"url\":\"https:\\\/\\\/www.vagadeempregorj.com.br\\\/fr\\\/author\\\/michele\\\/\"}]}<\/script>\n<!-- \/ Yoast SEO plugin. -->","yoast_head_json":{"title":"Analista em Seguran\u00e7a da Informa\u00e7\u00e3o S\u00eanior e Analista em Seguran\u00e7a da Informa\u00e7\u00e3o Pleno e mais na Empresa Cosan -","description":"Veja em Vagas de Emprego RJ as vagas de emprego com e sem experi\u00eancia no seu Estado e Regi\u00e3o! Clique e confira.","robots":{"index":"index","follow":"follow","max-snippet":"max-snippet:-1","max-image-preview":"max-image-preview:large","max-video-preview":"max-video-preview:-1"},"canonical":"https:\/\/www.vagadeempregorj.com.br\/fr\/empregos-cosan\/","og_locale":"fr_FR","og_type":"article","og_title":"Analista em Seguran\u00e7a da Informa\u00e7\u00e3o S\u00eanior e Analista em Seguran\u00e7a da Informa\u00e7\u00e3o Pleno e mais na Empresa Cosan -","og_description":"Veja em Vagas de Emprego RJ as vagas de emprego com e sem experi\u00eancia no seu Estado e Regi\u00e3o! Clique e confira.","og_url":"https:\/\/www.vagadeempregorj.com.br\/fr\/empregos-cosan\/","article_publisher":"https:\/\/www.facebook.com\/empregobrasiloficial","article_published_time":"2023-10-13T05:33:00+00:00","article_modified_time":"2024-08-12T20:20:57+00:00","og_image":[{"width":923,"height":446,"url":"https:\/\/www.vagadeempregorj.com.br\/wp-content\/uploads\/2022\/10\/empregos-cosan.png","type":"image\/png"}],"author":"Michele","twitter_card":"summary_large_image","twitter_misc":{"Written by":"Michele","Est. reading time":"3 minutes"},"schema":{"@context":"https:\/\/schema.org","@graph":[{"@type":"Article","@id":"https:\/\/www.vagadeempregorj.com.br\/empregos-cosan\/#article","isPartOf":{"@id":"https:\/\/www.vagadeempregorj.com.br\/empregos-cosan\/"},"author":{"name":"Michele","@id":"https:\/\/www.vagadeempregorj.com.br\/#\/schema\/person\/3ddb19fa0539706786e502152f3aae95"},"headline":"Analista em Seguran\u00e7a da Informa\u00e7\u00e3o S\u00eanior e Analista em Seguran\u00e7a da Informa\u00e7\u00e3o Pleno e mais na Empresa Cosan","datePublished":"2023-10-13T05:33:00+00:00","dateModified":"2024-08-12T20:20:57+00:00","mainEntityOfPage":{"@id":"https:\/\/www.vagadeempregorj.com.br\/empregos-cosan\/"},"wordCount":599,"commentCount":0,"image":{"@id":"https:\/\/www.vagadeempregorj.com.br\/empregos-cosan\/#primaryimage"},"thumbnailUrl":"https:\/\/www.vagadeempregorj.com.br\/wp-content\/uploads\/2022\/10\/empregos-cosan.png","keywords":["Cosan","oportunidades","vagas de emprego"],"articleSection":["Vagas de Emprego Nacionais"],"inLanguage":"fr-FR","potentialAction":[{"@type":"CommentAction","name":"Comment","target":["https:\/\/www.vagadeempregorj.com.br\/empregos-cosan\/#respond"]}]},{"@type":"WebPage","@id":"https:\/\/www.vagadeempregorj.com.br\/empregos-cosan\/","url":"https:\/\/www.vagadeempregorj.com.br\/empregos-cosan\/","name":"Analista em Seguran\u00e7a da Informa\u00e7\u00e3o S\u00eanior e Analista em Seguran\u00e7a da Informa\u00e7\u00e3o Pleno e mais na Empresa Cosan -","isPartOf":{"@id":"https:\/\/www.vagadeempregorj.com.br\/#website"},"primaryImageOfPage":{"@id":"https:\/\/www.vagadeempregorj.com.br\/empregos-cosan\/#primaryimage"},"image":{"@id":"https:\/\/www.vagadeempregorj.com.br\/empregos-cosan\/#primaryimage"},"thumbnailUrl":"https:\/\/www.vagadeempregorj.com.br\/wp-content\/uploads\/2022\/10\/empregos-cosan.png","datePublished":"2023-10-13T05:33:00+00:00","dateModified":"2024-08-12T20:20:57+00:00","author":{"@id":"https:\/\/www.vagadeempregorj.com.br\/#\/schema\/person\/3ddb19fa0539706786e502152f3aae95"},"description":"Veja em Vagas de Emprego RJ as vagas de emprego com e sem experi\u00eancia no seu Estado e Regi\u00e3o! Clique e confira.","breadcrumb":{"@id":"https:\/\/www.vagadeempregorj.com.br\/empregos-cosan\/#breadcrumb"},"inLanguage":"fr-FR","potentialAction":[{"@type":"ReadAction","target":["https:\/\/www.vagadeempregorj.com.br\/empregos-cosan\/"]}]},{"@type":"ImageObject","inLanguage":"fr-FR","@id":"https:\/\/www.vagadeempregorj.com.br\/empregos-cosan\/#primaryimage","url":"https:\/\/www.vagadeempregorj.com.br\/wp-content\/uploads\/2022\/10\/empregos-cosan.png","contentUrl":"https:\/\/www.vagadeempregorj.com.br\/wp-content\/uploads\/2022\/10\/empregos-cosan.png","width":923,"height":446,"caption":"Imagem: Cosan - Reprodu\u00e7\u00e3o"},{"@type":"BreadcrumbList","@id":"https:\/\/www.vagadeempregorj.com.br\/empregos-cosan\/#breadcrumb","itemListElement":[{"@type":"ListItem","position":1,"name":"In\u00edcio","item":"https:\/\/www.vagadeempregorj.com.br\/"},{"@type":"ListItem","position":2,"name":"Vagas de Emprego Nacionais","item":"https:\/\/www.vagadeempregorj.com.br\/vagas-de-emprego-nacionais\/"},{"@type":"ListItem","position":3,"name":"Analista em Seguran\u00e7a da Informa\u00e7\u00e3o S\u00eanior e Analista em Seguran\u00e7a da Informa\u00e7\u00e3o Pleno e mais na Empresa Cosan"}]},{"@type":"WebSite","@id":"https:\/\/www.vagadeempregorj.com.br\/#website","url":"https:\/\/www.vagadeempregorj.com.br\/","name":"","description":"Conquiste Sonhos: Vagas, Benef\u00edcios e Economia para Transformar Vidas e Alcan\u00e7ar Melhorias Cotidianas","potentialAction":[{"@type":"SearchAction","target":{"@type":"EntryPoint","urlTemplate":"https:\/\/www.vagadeempregorj.com.br\/?s={search_term_string}"},"query-input":{"@type":"PropertyValueSpecification","valueRequired":true,"valueName":"search_term_string"}}],"inLanguage":"fr-FR"},{"@type":"Person","@id":"https:\/\/www.vagadeempregorj.com.br\/#\/schema\/person\/3ddb19fa0539706786e502152f3aae95","name":"Michele","image":{"@type":"ImageObject","inLanguage":"fr-FR","@id":"https:\/\/secure.gravatar.com\/avatar\/6b0eb9d22841282815e2cd856a0061c45e1761cd54b22e952d98c4746939aa85?s=96&r=g","url":"https:\/\/secure.gravatar.com\/avatar\/6b0eb9d22841282815e2cd856a0061c45e1761cd54b22e952d98c4746939aa85?s=96&r=g","contentUrl":"https:\/\/secure.gravatar.com\/avatar\/6b0eb9d22841282815e2cd856a0061c45e1761cd54b22e952d98c4746939aa85?s=96&r=g","caption":"Michele"},"description":"Formada em Letras - Portugu\u00eas\/ Ingl\u00eas, e idealizadora do site Escritora de Sucesso, busca expandir o conhecimento de todos com informa\u00e7\u00f5es relevantes sobre diversos assuntos, enquanto redatora. No Vaga de Emprego RJ, traz oportunidades e dicas sobre o mercado de trabalho.","url":"https:\/\/www.vagadeempregorj.com.br\/fr\/author\/michele\/"}]}},"_links":{"self":[{"href":"https:\/\/www.vagadeempregorj.com.br\/fr\/wp-json\/wp\/v2\/posts\/35719","targetHints":{"allow":["GET"]}}],"collection":[{"href":"https:\/\/www.vagadeempregorj.com.br\/fr\/wp-json\/wp\/v2\/posts"}],"about":[{"href":"https:\/\/www.vagadeempregorj.com.br\/fr\/wp-json\/wp\/v2\/types\/post"}],"author":[{"embeddable":true,"href":"https:\/\/www.vagadeempregorj.com.br\/fr\/wp-json\/wp\/v2\/users\/16"}],"replies":[{"embeddable":true,"href":"https:\/\/www.vagadeempregorj.com.br\/fr\/wp-json\/wp\/v2\/comments?post=35719"}],"version-history":[{"count":0,"href":"https:\/\/www.vagadeempregorj.com.br\/fr\/wp-json\/wp\/v2\/posts\/35719\/revisions"}],"wp:featuredmedia":[{"embeddable":true,"href":"https:\/\/www.vagadeempregorj.com.br\/fr\/wp-json\/wp\/v2\/media\/35729"}],"wp:attachment":[{"href":"https:\/\/www.vagadeempregorj.com.br\/fr\/wp-json\/wp\/v2\/media?parent=35719"}],"wp:term":[{"taxonomy":"category","embeddable":true,"href":"https:\/\/www.vagadeempregorj.com.br\/fr\/wp-json\/wp\/v2\/categories?post=35719"},{"taxonomy":"post_tag","embeddable":true,"href":"https:\/\/www.vagadeempregorj.com.br\/fr\/wp-json\/wp\/v2\/tags?post=35719"}],"curies":[{"name":"wp","href":"https:\/\/api.w.org\/{rel}","templated":true}]}}