{"id":35762,"date":"2023-10-24T01:02:00","date_gmt":"2023-10-24T04:02:00","guid":{"rendered":"https:\/\/www.vagadeempregorj.com.br\/?p=35762"},"modified":"2023-10-23T10:04:19","modified_gmt":"2023-10-23T13:04:19","slug":"empregos-reckitt","status":"publish","type":"post","link":"https:\/\/www.vagadeempregorj.com.br\/fr\/empregos-reckitt\/","title":{"rendered":"Estagi\u00e1rios, Analistas e muito mais na Empresa Reckitt"},"content":{"rendered":"<p>Atualizado:<\/p>\n\n\n<div class=\"wp-block-post-date\"><time datetime=\"2023-10-24T01:02:00-03:00\">24\/10\/2023<\/time><\/div>\n\n\n<p>O <strong>Empregos Reckitt<\/strong>, \u00e9 uma das maiores comunidades globais no setor de sa\u00fade e produtos de higiene. Atualmente a companhia \u00e9 composta por mais de quarenta mil colaboradores, que juntas trabalham em prol de um \u00fanico prop\u00f3sito: um mundo mais saud\u00e1vel e limpo para todas as pessoas. A empresa possui um amplo portf\u00f3lio de produtos, que s\u00e3o usufru\u00eddos por milh\u00f5es de clientes em todo o mundo.&nbsp;<\/p>\n\n\n\n<figure class=\"wp-block-image size-full\"><img loading=\"lazy\" decoding=\"async\" width=\"1024\" height=\"575\" src=\"https:\/\/www.vagadeempregorj.com.br\/wp-content\/uploads\/2022\/10\/empregos-reckitt.jpg\" alt=\"empregos reckitt\" class=\"wp-image-35779\" srcset=\"https:\/\/www.vagadeempregorj.com.br\/wp-content\/uploads\/2022\/10\/empregos-reckitt.jpg 1024w, https:\/\/www.vagadeempregorj.com.br\/wp-content\/uploads\/2022\/10\/empregos-reckitt-300x168.jpg 300w, https:\/\/www.vagadeempregorj.com.br\/wp-content\/uploads\/2022\/10\/empregos-reckitt-768x431.jpg 768w, https:\/\/www.vagadeempregorj.com.br\/wp-content\/uploads\/2022\/10\/empregos-reckitt-383x215.jpg 383w, https:\/\/www.vagadeempregorj.com.br\/wp-content\/uploads\/2022\/10\/empregos-reckitt-150x84.jpg 150w\" sizes=\"auto, (max-width: 1024px) 100vw, 1024px\" \/><figcaption class=\"wp-element-caption\">Imagem: Reckitt &#8211; Reprodu\u00e7\u00e3o<\/figcaption><\/figure>\n\n\n\n<h2 class=\"wp-block-heading\">Confira as vagas de Empregos Reckitt<\/h2>\n\n\n\n<p>A empresa Reckitt, est\u00e1 buscando candidatos talentosos, que se identifiquem com sua cultura e que estejam comprometidos a criar um mundo mais saud\u00e1vel e limpo em parceria com a companhia. As vagas est\u00e3o dispon\u00edveis para serem preenchidas em v\u00e1rias regi\u00f5es do pa\u00eds, possuindo oportunidades efetivas e est\u00e1gio em diferentes \u00e1reas de atua\u00e7\u00e3o.&nbsp;<\/p>\n\n\n\n<p>Atualmente as vagas s\u00e3o voltadas para os estados do Rio de Janeiro e S\u00e3o Paulo, dessa forma, os interessados devem residir em regi\u00f5es pr\u00f3ximas \u00e0s unidades contratantes, e atender aos crit\u00e9rios pr\u00e9 estabelecidos para que as chances de contrata\u00e7\u00f5es aumentem. Confira as vagas dispon\u00edveis para inscri\u00e7\u00e3o.&nbsp;<\/p>\n\n\n\n<ul class=\"wp-block-list\">\n<li>Sales Executive \u2014 Rio de Janeiro;<\/li>\n\n\n\n<li>Analista de Marketing Pleno Analg\u00e9sicos \u2014 S\u00e3o Paulo;<\/li>\n\n\n\n<li>Analista de Trade Marketing J\u00fanior \u2014 S\u00e3o Paulo;<\/li>\n\n\n\n<li>Microbi\u00f3logo Analista S\u00eanior \u2014 S\u00e3o Paulo;<\/li>\n\n\n\n<li>Coordenadores Pricing \u2014 S\u00e3o Paulo;<\/li>\n\n\n\n<li>Analistas J\u00fanior Sales Intelligence \u2014 S\u00e3o Paulo;<\/li>\n\n\n\n<li>Estagi\u00e1rios para o setor de Comunica\u00e7\u00e3o Interna \u2014 S\u00e3o Paulo;<\/li>\n\n\n\n<li>EHS Manager \u2014 S\u00e3o Paulo;<\/li>\n\n\n\n<li>Specialist Buyer \u2014 S\u00e3o Paulo;<\/li>\n\n\n\n<li>Estagi\u00e1rios Shopper & Catman \u2014 S\u00e3o Paulo;<\/li>\n\n\n\n<li>Sales Operations Manager S\u00eanior \u2014 S\u00e3o Paulo.&nbsp;<\/li>\n<\/ul>\n\n\n\n<h3 class=\"wp-block-heading\">Como se cadastrar<\/h3>\n\n\n\n<p>Para tornar-se um dos novos membros da empresa Reckitt, os candidatos que atenderem aos requisitos exigidos e morarem pr\u00f3ximo \u00e0s regi\u00f5es onde as vagas est\u00e3o sendo disponibilizadas, podem acessar o site de inscri\u00e7\u00f5es, onde encontram-se todas as informa\u00e7\u00f5es sobre o preenchimento correto da ficha cadastral, sendo ele:<\/p>\n\n\n\n<ul class=\"wp-block-list\">\n<li><a href=\"https:\/\/www.reckitt.com\/br\/carreiras\/\">Carreiras Reckitt<\/a>.&nbsp;<\/li>\n<\/ul>\n\n\n\n<p>Todas as vagas exigem alguns requisitos, sendo imprescind\u00edvel consultar todas as informa\u00e7\u00f5es relevantes dentro da vaga que pretende preencher. O candidato dever\u00e1 incluir de forma atenta todos os campos obrigat\u00f3rios, e se candidatar para vagas que se encaixem em seu perfil profissional, dessa forma as chances de contrata\u00e7\u00e3o podem dobrar.&nbsp;<\/p>\n\n\n\n<p><strong>Veja tamb\u00e9m: <a href=\"https:\/\/www.vagadeempregorj.com.br\/fr\/empregos-agibank\/\">Empregos Agibank<\/a><\/strong><\/p>\n\n\n\n<h2 class=\"wp-block-heading\">Sobre a empresa Reckitt<\/h2>\n\n\n\n<p>Possuindo mais de quarenta mil colaboradores, com unidades espalhadas em todo o mundo, a empresa Reckitt \u00e9 um dos maiores nomes na ind\u00fastria de limpeza. A companhia \u00e9 respons\u00e1vel por produzir grandes marcas utilizadas por milh\u00f5es de pessoas diariamente, dentre elas destacam-se: Poliflor, Veet, Veja, Air Wick, Lysol, Vanish, SBP, Mortein, Finish, Strepsils, Luftal, Naldecon, Jontex e diversas outras.&nbsp;<\/p>\n\n\n\n<p>Possuindo mais de duzentos anos de hist\u00f3ria, a Reckitt \u00e9 um destaque em produtos de limpeza, higiene pessoal e medicamentos, crescendo anualmente cada vez mais, entregando aos seus consumidores produtos de qualidade feitos com a mais alta tecnologia do mercado, sempre utilizando m\u00e9todos sustent\u00e1veis, o que tornaram a empresa reconhecida mundialmente nos segmentos em que atua.&nbsp;<\/p>","protected":false},"excerpt":{"rendered":"<p>Atualizado: O Empregos Reckitt, \u00e9 uma das maiores comunidades globais no setor de sa\u00fade e produtos de higiene. Atualmente a companhia \u00e9 composta por mais de quarenta mil colaboradores, que juntas trabalham em prol de um \u00fanico prop\u00f3sito: um mundo mais saud\u00e1vel e limpo para todas as pessoas. A empresa possui um amplo portf\u00f3lio de&hellip;&nbsp;<\/p>","protected":false},"author":16,"featured_media":35779,"comment_status":"open","ping_status":"closed","sticky":false,"template":"","format":"standard","meta":{"neve_meta_sidebar":"","neve_meta_container":"","neve_meta_enable_content_width":"","neve_meta_content_width":0,"neve_meta_title_alignment":"","neve_meta_author_avatar":"","neve_post_elements_order":"","neve_meta_disable_header":"","neve_meta_disable_footer":"","neve_meta_disable_title":"","footnotes":""},"categories":[123],"tags":[608,647,211],"class_list":["post-35762","post","type-post","status-publish","format-standard","has-post-thumbnail","hentry","category-vagas-de-emprego-nacionais","tag-oportunidades","tag-reckitt","tag-vagas-de-emprego"],"yoast_head":"<!-- This site is optimized with the Yoast SEO plugin v27.5 - https:\/\/yoast.com\/product\/yoast-seo-wordpress\/ -->\n<title>Estagi\u00e1rios, Analistas e muito mais na Empresa Reckitt -<\/title>\n<meta name=\"description\" content=\"Veja em Vagas de Emprego RJ as vagas de emprego com e sem experi\u00eancia no seu Estado e Regi\u00e3o!\" \/>\n<meta name=\"robots\" content=\"index, follow, max-snippet:-1, max-image-preview:large, max-video-preview:-1\" \/>\n<link rel=\"canonical\" href=\"https:\/\/www.vagadeempregorj.com.br\/fr\/empregos-reckitt\/\" \/>\n<meta property=\"og:locale\" content=\"fr_FR\" \/>\n<meta property=\"og:type\" content=\"article\" \/>\n<meta property=\"og:title\" content=\"Estagi\u00e1rios, Analistas e muito mais na Empresa Reckitt -\" \/>\n<meta property=\"og:description\" content=\"Veja em Vagas de Emprego RJ as vagas de emprego com e sem experi\u00eancia no seu Estado e Regi\u00e3o!\" \/>\n<meta property=\"og:url\" content=\"https:\/\/www.vagadeempregorj.com.br\/fr\/empregos-reckitt\/\" \/>\n<meta property=\"article:publisher\" content=\"https:\/\/www.facebook.com\/empregobrasiloficial\" \/>\n<meta property=\"article:published_time\" content=\"2023-10-24T04:02:00+00:00\" \/>\n<meta property=\"og:image\" content=\"https:\/\/www.vagadeempregorj.com.br\/wp-content\/uploads\/2022\/10\/empregos-reckitt.jpg\" \/>\n\t<meta property=\"og:image:width\" content=\"1024\" \/>\n\t<meta property=\"og:image:height\" content=\"575\" \/>\n\t<meta property=\"og:image:type\" content=\"image\/jpeg\" \/>\n<meta name=\"author\" content=\"Michele\" \/>\n<meta name=\"twitter:card\" content=\"summary_large_image\" \/>\n<meta name=\"twitter:label1\" content=\"Written by\" \/>\n\t<meta name=\"twitter:data1\" content=\"Michele\" \/>\n\t<meta name=\"twitter:label2\" content=\"Est. reading time\" \/>\n\t<meta name=\"twitter:data2\" content=\"3 minutes\" \/>\n<script type=\"application\/ld+json\" class=\"yoast-schema-graph\">{\"@context\":\"https:\\\/\\\/schema.org\",\"@graph\":[{\"@type\":\"Article\",\"@id\":\"https:\\\/\\\/www.vagadeempregorj.com.br\\\/empregos-reckitt\\\/#article\",\"isPartOf\":{\"@id\":\"https:\\\/\\\/www.vagadeempregorj.com.br\\\/empregos-reckitt\\\/\"},\"author\":{\"name\":\"Michele\",\"@id\":\"https:\\\/\\\/www.vagadeempregorj.com.br\\\/#\\\/schema\\\/person\\\/3ddb19fa0539706786e502152f3aae95\"},\"headline\":\"Estagi\u00e1rios, Analistas e muito mais na Empresa Reckitt\",\"datePublished\":\"2023-10-24T04:02:00+00:00\",\"mainEntityOfPage\":{\"@id\":\"https:\\\/\\\/www.vagadeempregorj.com.br\\\/empregos-reckitt\\\/\"},\"wordCount\":534,\"commentCount\":0,\"image\":{\"@id\":\"https:\\\/\\\/www.vagadeempregorj.com.br\\\/empregos-reckitt\\\/#primaryimage\"},\"thumbnailUrl\":\"https:\\\/\\\/www.vagadeempregorj.com.br\\\/wp-content\\\/uploads\\\/2022\\\/10\\\/empregos-reckitt.jpg\",\"keywords\":[\"oportunidades\",\"Reckitt\",\"vagas de emprego\"],\"articleSection\":[\"Vagas de Emprego Nacionais\"],\"inLanguage\":\"fr-FR\",\"potentialAction\":[{\"@type\":\"CommentAction\",\"name\":\"Comment\",\"target\":[\"https:\\\/\\\/www.vagadeempregorj.com.br\\\/empregos-reckitt\\\/#respond\"]}]},{\"@type\":\"WebPage\",\"@id\":\"https:\\\/\\\/www.vagadeempregorj.com.br\\\/empregos-reckitt\\\/\",\"url\":\"https:\\\/\\\/www.vagadeempregorj.com.br\\\/empregos-reckitt\\\/\",\"name\":\"Estagi\u00e1rios, Analistas e muito mais na Empresa Reckitt -\",\"isPartOf\":{\"@id\":\"https:\\\/\\\/www.vagadeempregorj.com.br\\\/#website\"},\"primaryImageOfPage\":{\"@id\":\"https:\\\/\\\/www.vagadeempregorj.com.br\\\/empregos-reckitt\\\/#primaryimage\"},\"image\":{\"@id\":\"https:\\\/\\\/www.vagadeempregorj.com.br\\\/empregos-reckitt\\\/#primaryimage\"},\"thumbnailUrl\":\"https:\\\/\\\/www.vagadeempregorj.com.br\\\/wp-content\\\/uploads\\\/2022\\\/10\\\/empregos-reckitt.jpg\",\"datePublished\":\"2023-10-24T04:02:00+00:00\",\"author\":{\"@id\":\"https:\\\/\\\/www.vagadeempregorj.com.br\\\/#\\\/schema\\\/person\\\/3ddb19fa0539706786e502152f3aae95\"},\"description\":\"Veja em Vagas de Emprego RJ as vagas de emprego com e sem experi\u00eancia no seu Estado e Regi\u00e3o!\",\"breadcrumb\":{\"@id\":\"https:\\\/\\\/www.vagadeempregorj.com.br\\\/empregos-reckitt\\\/#breadcrumb\"},\"inLanguage\":\"fr-FR\",\"potentialAction\":[{\"@type\":\"ReadAction\",\"target\":[\"https:\\\/\\\/www.vagadeempregorj.com.br\\\/empregos-reckitt\\\/\"]}]},{\"@type\":\"ImageObject\",\"inLanguage\":\"fr-FR\",\"@id\":\"https:\\\/\\\/www.vagadeempregorj.com.br\\\/empregos-reckitt\\\/#primaryimage\",\"url\":\"https:\\\/\\\/www.vagadeempregorj.com.br\\\/wp-content\\\/uploads\\\/2022\\\/10\\\/empregos-reckitt.jpg\",\"contentUrl\":\"https:\\\/\\\/www.vagadeempregorj.com.br\\\/wp-content\\\/uploads\\\/2022\\\/10\\\/empregos-reckitt.jpg\",\"width\":1024,\"height\":575,\"caption\":\"Imagem: Reckitt - Reprodu\u00e7\u00e3o\"},{\"@type\":\"BreadcrumbList\",\"@id\":\"https:\\\/\\\/www.vagadeempregorj.com.br\\\/empregos-reckitt\\\/#breadcrumb\",\"itemListElement\":[{\"@type\":\"ListItem\",\"position\":1,\"name\":\"In\u00edcio\",\"item\":\"https:\\\/\\\/www.vagadeempregorj.com.br\\\/\"},{\"@type\":\"ListItem\",\"position\":2,\"name\":\"Vagas de Emprego Nacionais\",\"item\":\"https:\\\/\\\/www.vagadeempregorj.com.br\\\/vagas-de-emprego-nacionais\\\/\"},{\"@type\":\"ListItem\",\"position\":3,\"name\":\"Estagi\u00e1rios, Analistas e muito mais na Empresa Reckitt\"}]},{\"@type\":\"WebSite\",\"@id\":\"https:\\\/\\\/www.vagadeempregorj.com.br\\\/#website\",\"url\":\"https:\\\/\\\/www.vagadeempregorj.com.br\\\/\",\"name\":\"\",\"description\":\"Conquiste Sonhos: Vagas, Benef\u00edcios e Economia para Transformar Vidas e Alcan\u00e7ar Melhorias Cotidianas\",\"potentialAction\":[{\"@type\":\"SearchAction\",\"target\":{\"@type\":\"EntryPoint\",\"urlTemplate\":\"https:\\\/\\\/www.vagadeempregorj.com.br\\\/?s={search_term_string}\"},\"query-input\":{\"@type\":\"PropertyValueSpecification\",\"valueRequired\":true,\"valueName\":\"search_term_string\"}}],\"inLanguage\":\"fr-FR\"},{\"@type\":\"Person\",\"@id\":\"https:\\\/\\\/www.vagadeempregorj.com.br\\\/#\\\/schema\\\/person\\\/3ddb19fa0539706786e502152f3aae95\",\"name\":\"Michele\",\"image\":{\"@type\":\"ImageObject\",\"inLanguage\":\"fr-FR\",\"@id\":\"https:\\\/\\\/secure.gravatar.com\\\/avatar\\\/6b0eb9d22841282815e2cd856a0061c45e1761cd54b22e952d98c4746939aa85?s=96&r=g\",\"url\":\"https:\\\/\\\/secure.gravatar.com\\\/avatar\\\/6b0eb9d22841282815e2cd856a0061c45e1761cd54b22e952d98c4746939aa85?s=96&r=g\",\"contentUrl\":\"https:\\\/\\\/secure.gravatar.com\\\/avatar\\\/6b0eb9d22841282815e2cd856a0061c45e1761cd54b22e952d98c4746939aa85?s=96&r=g\",\"caption\":\"Michele\"},\"description\":\"Formada em Letras - Portugu\u00eas\\\/ Ingl\u00eas, e idealizadora do site Escritora de Sucesso, busca expandir o conhecimento de todos com informa\u00e7\u00f5es relevantes sobre diversos assuntos, enquanto redatora. No Vaga de Emprego RJ, traz oportunidades e dicas sobre o mercado de trabalho.\",\"url\":\"https:\\\/\\\/www.vagadeempregorj.com.br\\\/fr\\\/author\\\/michele\\\/\"}]}<\/script>\n<!-- \/ Yoast SEO plugin. -->","yoast_head_json":{"title":"Estagi\u00e1rios, Analistas e muito mais na Empresa Reckitt -","description":"Veja em Vagas de Emprego RJ as vagas de emprego com e sem experi\u00eancia no seu Estado e Regi\u00e3o!","robots":{"index":"index","follow":"follow","max-snippet":"max-snippet:-1","max-image-preview":"max-image-preview:large","max-video-preview":"max-video-preview:-1"},"canonical":"https:\/\/www.vagadeempregorj.com.br\/fr\/empregos-reckitt\/","og_locale":"fr_FR","og_type":"article","og_title":"Estagi\u00e1rios, Analistas e muito mais na Empresa Reckitt -","og_description":"Veja em Vagas de Emprego RJ as vagas de emprego com e sem experi\u00eancia no seu Estado e Regi\u00e3o!","og_url":"https:\/\/www.vagadeempregorj.com.br\/fr\/empregos-reckitt\/","article_publisher":"https:\/\/www.facebook.com\/empregobrasiloficial","article_published_time":"2023-10-24T04:02:00+00:00","og_image":[{"width":1024,"height":575,"url":"https:\/\/www.vagadeempregorj.com.br\/wp-content\/uploads\/2022\/10\/empregos-reckitt.jpg","type":"image\/jpeg"}],"author":"Michele","twitter_card":"summary_large_image","twitter_misc":{"Written by":"Michele","Est. reading time":"3 minutes"},"schema":{"@context":"https:\/\/schema.org","@graph":[{"@type":"Article","@id":"https:\/\/www.vagadeempregorj.com.br\/empregos-reckitt\/#article","isPartOf":{"@id":"https:\/\/www.vagadeempregorj.com.br\/empregos-reckitt\/"},"author":{"name":"Michele","@id":"https:\/\/www.vagadeempregorj.com.br\/#\/schema\/person\/3ddb19fa0539706786e502152f3aae95"},"headline":"Estagi\u00e1rios, Analistas e muito mais na Empresa Reckitt","datePublished":"2023-10-24T04:02:00+00:00","mainEntityOfPage":{"@id":"https:\/\/www.vagadeempregorj.com.br\/empregos-reckitt\/"},"wordCount":534,"commentCount":0,"image":{"@id":"https:\/\/www.vagadeempregorj.com.br\/empregos-reckitt\/#primaryimage"},"thumbnailUrl":"https:\/\/www.vagadeempregorj.com.br\/wp-content\/uploads\/2022\/10\/empregos-reckitt.jpg","keywords":["oportunidades","Reckitt","vagas de emprego"],"articleSection":["Vagas de Emprego Nacionais"],"inLanguage":"fr-FR","potentialAction":[{"@type":"CommentAction","name":"Comment","target":["https:\/\/www.vagadeempregorj.com.br\/empregos-reckitt\/#respond"]}]},{"@type":"WebPage","@id":"https:\/\/www.vagadeempregorj.com.br\/empregos-reckitt\/","url":"https:\/\/www.vagadeempregorj.com.br\/empregos-reckitt\/","name":"Estagi\u00e1rios, Analistas e muito mais na Empresa Reckitt -","isPartOf":{"@id":"https:\/\/www.vagadeempregorj.com.br\/#website"},"primaryImageOfPage":{"@id":"https:\/\/www.vagadeempregorj.com.br\/empregos-reckitt\/#primaryimage"},"image":{"@id":"https:\/\/www.vagadeempregorj.com.br\/empregos-reckitt\/#primaryimage"},"thumbnailUrl":"https:\/\/www.vagadeempregorj.com.br\/wp-content\/uploads\/2022\/10\/empregos-reckitt.jpg","datePublished":"2023-10-24T04:02:00+00:00","author":{"@id":"https:\/\/www.vagadeempregorj.com.br\/#\/schema\/person\/3ddb19fa0539706786e502152f3aae95"},"description":"Veja em Vagas de Emprego RJ as vagas de emprego com e sem experi\u00eancia no seu Estado e Regi\u00e3o!","breadcrumb":{"@id":"https:\/\/www.vagadeempregorj.com.br\/empregos-reckitt\/#breadcrumb"},"inLanguage":"fr-FR","potentialAction":[{"@type":"ReadAction","target":["https:\/\/www.vagadeempregorj.com.br\/empregos-reckitt\/"]}]},{"@type":"ImageObject","inLanguage":"fr-FR","@id":"https:\/\/www.vagadeempregorj.com.br\/empregos-reckitt\/#primaryimage","url":"https:\/\/www.vagadeempregorj.com.br\/wp-content\/uploads\/2022\/10\/empregos-reckitt.jpg","contentUrl":"https:\/\/www.vagadeempregorj.com.br\/wp-content\/uploads\/2022\/10\/empregos-reckitt.jpg","width":1024,"height":575,"caption":"Imagem: Reckitt - Reprodu\u00e7\u00e3o"},{"@type":"BreadcrumbList","@id":"https:\/\/www.vagadeempregorj.com.br\/empregos-reckitt\/#breadcrumb","itemListElement":[{"@type":"ListItem","position":1,"name":"In\u00edcio","item":"https:\/\/www.vagadeempregorj.com.br\/"},{"@type":"ListItem","position":2,"name":"Vagas de Emprego Nacionais","item":"https:\/\/www.vagadeempregorj.com.br\/vagas-de-emprego-nacionais\/"},{"@type":"ListItem","position":3,"name":"Estagi\u00e1rios, Analistas e muito mais na Empresa Reckitt"}]},{"@type":"WebSite","@id":"https:\/\/www.vagadeempregorj.com.br\/#website","url":"https:\/\/www.vagadeempregorj.com.br\/","name":"","description":"Conquiste Sonhos: Vagas, Benef\u00edcios e Economia para Transformar Vidas e Alcan\u00e7ar Melhorias Cotidianas","potentialAction":[{"@type":"SearchAction","target":{"@type":"EntryPoint","urlTemplate":"https:\/\/www.vagadeempregorj.com.br\/?s={search_term_string}"},"query-input":{"@type":"PropertyValueSpecification","valueRequired":true,"valueName":"search_term_string"}}],"inLanguage":"fr-FR"},{"@type":"Person","@id":"https:\/\/www.vagadeempregorj.com.br\/#\/schema\/person\/3ddb19fa0539706786e502152f3aae95","name":"Michele","image":{"@type":"ImageObject","inLanguage":"fr-FR","@id":"https:\/\/secure.gravatar.com\/avatar\/6b0eb9d22841282815e2cd856a0061c45e1761cd54b22e952d98c4746939aa85?s=96&r=g","url":"https:\/\/secure.gravatar.com\/avatar\/6b0eb9d22841282815e2cd856a0061c45e1761cd54b22e952d98c4746939aa85?s=96&r=g","contentUrl":"https:\/\/secure.gravatar.com\/avatar\/6b0eb9d22841282815e2cd856a0061c45e1761cd54b22e952d98c4746939aa85?s=96&r=g","caption":"Michele"},"description":"Formada em Letras - Portugu\u00eas\/ Ingl\u00eas, e idealizadora do site Escritora de Sucesso, busca expandir o conhecimento de todos com informa\u00e7\u00f5es relevantes sobre diversos assuntos, enquanto redatora. No Vaga de Emprego RJ, traz oportunidades e dicas sobre o mercado de trabalho.","url":"https:\/\/www.vagadeempregorj.com.br\/fr\/author\/michele\/"}]}},"_links":{"self":[{"href":"https:\/\/www.vagadeempregorj.com.br\/fr\/wp-json\/wp\/v2\/posts\/35762","targetHints":{"allow":["GET"]}}],"collection":[{"href":"https:\/\/www.vagadeempregorj.com.br\/fr\/wp-json\/wp\/v2\/posts"}],"about":[{"href":"https:\/\/www.vagadeempregorj.com.br\/fr\/wp-json\/wp\/v2\/types\/post"}],"author":[{"embeddable":true,"href":"https:\/\/www.vagadeempregorj.com.br\/fr\/wp-json\/wp\/v2\/users\/16"}],"replies":[{"embeddable":true,"href":"https:\/\/www.vagadeempregorj.com.br\/fr\/wp-json\/wp\/v2\/comments?post=35762"}],"version-history":[{"count":0,"href":"https:\/\/www.vagadeempregorj.com.br\/fr\/wp-json\/wp\/v2\/posts\/35762\/revisions"}],"wp:featuredmedia":[{"embeddable":true,"href":"https:\/\/www.vagadeempregorj.com.br\/fr\/wp-json\/wp\/v2\/media\/35779"}],"wp:attachment":[{"href":"https:\/\/www.vagadeempregorj.com.br\/fr\/wp-json\/wp\/v2\/media?parent=35762"}],"wp:term":[{"taxonomy":"category","embeddable":true,"href":"https:\/\/www.vagadeempregorj.com.br\/fr\/wp-json\/wp\/v2\/categories?post=35762"},{"taxonomy":"post_tag","embeddable":true,"href":"https:\/\/www.vagadeempregorj.com.br\/fr\/wp-json\/wp\/v2\/tags?post=35762"}],"curies":[{"name":"wp","href":"https:\/\/api.w.org\/{rel}","templated":true}]}}