{"id":35764,"date":"2023-10-16T01:03:00","date_gmt":"2023-10-16T04:03:00","guid":{"rendered":"https:\/\/www.vagadeempregorj.com.br\/?p=35764"},"modified":"2023-10-15T14:11:58","modified_gmt":"2023-10-15T17:11:58","slug":"empregos-bosch","status":"publish","type":"post","link":"https:\/\/www.vagadeempregorj.com.br\/fr\/empregos-bosch\/","title":{"rendered":"Conferentes, Analistas, Promotor de Merchandising, Assistente Administrativo, Motorista e mais na Empresa Bosch"},"content":{"rendered":"<p>Atualizado em<\/p>\n\n\n<div class=\"wp-block-post-date\"><time datetime=\"2023-10-16T01:03:00-03:00\">16\/10\/2023<\/time><\/div>\n\n\n<p>Os <strong>Empregos Bosch<\/strong>, l\u00edder mundial no fornecimento de servi\u00e7os e tecnologia, \u00e9 uma das empresas de n\u00edvel mundial que emprega mais de oito mil colaboradores todos os anos. No ano de 2021, a empresa bateu um recorde no faturamento l\u00edquido, ofertando produtos para o setor de Solu\u00e7\u00f5es de Mobilidade, Tecnologia Predial e Tecnologia Industrial. Para fazer parte deste time, o interessado deve consultar os crit\u00e9rios m\u00ednimos e morar em regi\u00f5es onde a companhia est\u00e1 recrutando.<\/p>\n\n\n\n<figure class=\"wp-block-image size-large\"><img loading=\"lazy\" decoding=\"async\" width=\"1024\" height=\"569\" src=\"https:\/\/www.vagadeempregorj.com.br\/wp-content\/uploads\/2022\/10\/empregos-bosch-1024x569.jpg\" alt=\"empregos bosch\" class=\"wp-image-35778\" srcset=\"https:\/\/www.vagadeempregorj.com.br\/wp-content\/uploads\/2022\/10\/empregos-bosch-1024x569.jpg 1024w, https:\/\/www.vagadeempregorj.com.br\/wp-content\/uploads\/2022\/10\/empregos-bosch-300x167.jpg 300w, https:\/\/www.vagadeempregorj.com.br\/wp-content\/uploads\/2022\/10\/empregos-bosch-768x427.jpg 768w, https:\/\/www.vagadeempregorj.com.br\/wp-content\/uploads\/2022\/10\/empregos-bosch-350x195.jpg 350w, https:\/\/www.vagadeempregorj.com.br\/wp-content\/uploads\/2022\/10\/empregos-bosch-150x83.jpg 150w, https:\/\/www.vagadeempregorj.com.br\/wp-content\/uploads\/2022\/10\/empregos-bosch.jpg 1200w\" sizes=\"auto, (max-width: 1024px) 100vw, 1024px\" \/><figcaption class=\"wp-element-caption\">Imagem: Bosch &#8211; Reprodu\u00e7\u00e3o<\/figcaption><\/figure>\n\n\n\n<h2 class=\"wp-block-heading\">Confira agora as vagas de Empregos Bosch<\/h2>\n\n\n\n<p>A empresa Colgate, est\u00e1 \u00e0 procura de candidatos respons\u00e1veis, que gostem de trabalhar em equipe e que tenham muita vontade de crescer profissionalmente dentro de uma empresa de n\u00edvel global. Para enviar seu cadastro ser\u00e1 necess\u00e1rio atender a alguns crit\u00e9rios m\u00ednimos. Al\u00e9m de sal\u00e1rios compat\u00edveis com o mercado, a mesma oferece aos contratados uma s\u00e9rie de vantagens, que podem ser conferidas dentro do link da vaga escolhida.<\/p>\n\n\n\n<p>A companhia oferece aos interessados vagas efetivas, afirmativas, tempor\u00e1rias e oportunidades de est\u00e1gio para alunos de n\u00edvel t\u00e9cnico e superior a fim de entrarem no mercado de trabalho e aperfei\u00e7oarem seus conhecimentos na pr\u00e1tica. Veja agora as posi\u00e7\u00f5es dispon\u00edveis e as regi\u00f5es onde a companhia est\u00e1 contratando atualmente.<\/p>\n\n\n\n<ul class=\"wp-block-list\">\n<li>Conferentes &#8211; Campina Grande do Sul;<\/li>\n\n\n\n<li>Assistente Administrativo Pleno &#8211; Belo Horizonte;<\/li>\n\n\n\n<li>Gerente de Marketing &#8211; Campinas;<\/li>\n\n\n\n<li>Analista de Controladoria Junior (Vaga Temporaria) &#8211; Campinas;<\/li>\n\n\n\n<li>Analista de Marketing S\u00eanior &#8211; Campinas;<\/li>\n\n\n\n<li>Arquiteto de Solu\u00e7\u00f5es &#8211; Campinas;<\/li>\n\n\n\n<li>Promotor de Merchandising Junior &#8211; Chapec\u00f3;<\/li>\n\n\n\n<li>Engenheiro de Produto Junior &#8211; Curitiba;<\/li>\n\n\n\n<li>Cloud Data Engineer &#8211; Curitiba;<\/li>\n\n\n\n<li>Analista de Desenvolvimento de Sistemas Web &#8211; Curitiba;<\/li>\n\n\n\n<li>Programa de Est\u00e1gio &#8211; Curitiba;<\/li>\n\n\n\n<li>Motorista Pleno &#8211; Itatiba;<\/li>\n\n\n\n<li>L\u00edder de Time Call Center &#8211; Joinville;<\/li>\n\n\n\n<li>Vaga Exclusiva para Portadores de Defici\u00eancia Operador de M\u00e1quinas &#8211; Parque Via Norte.<\/li>\n<\/ul>\n\n\n\n<h3 class=\"wp-block-heading\">Como se cadastrar<\/h3>\n\n\n\n<p>Quer se tornar um dos novos membros da empresa Bosch? Os profissionais que atenderem aos crit\u00e9rios m\u00ednimos e morarem em localidades pr\u00f3ximas \u00e0s regi\u00f5es onde as vagas est\u00e3o sendo disponibilizadas, podem acessar o site de inscri\u00e7\u00f5es, onde encontram-se todas as informa\u00e7\u00f5es sobre o preenchimento correto da ficha cadastral e todas as vagas abertas, sendo ele:<\/p>\n\n\n\n<ul class=\"wp-block-list\">\n<li><a href=\"https:\/\/careers.smartrecruiters.com\/BoschGroup\/brazil\">Carreiras Bosch<\/a>.&nbsp;<\/li>\n<\/ul>\n\n\n\n<p>Todas as vagas exigem alguns requisitos, sendo imprescind\u00edvel consultar todas as informa\u00e7\u00f5es relevantes dentro da vaga que pretende preencher. O candidato dever\u00e1 incluir de forma atenta todos os campos obrigat\u00f3rios, e se candidatar para vagas que se encaixem em seu perfil profissional, dessa forma as chances de contrata\u00e7\u00e3o podem aumentar.&nbsp;<\/p>\n\n\n\n<p><strong>Veja tamb\u00e9m: <a href=\"https:\/\/www.vagadeempregorj.com.br\/fr\/empregos-agibank\/\">Empregos Agibank<\/a><\/strong><\/p>\n\n\n\n<h2 class=\"wp-block-heading\">Sobre a empresa Bosch<\/h2>\n\n\n\n<p>Fundada no ano de 1954, a empresa Bosch \u00e9 um dos maiores nomes no setor tecnol\u00f3gico do mundo. O Grupo est\u00e1 na lideran\u00e7a mundial do fornecimento de servi\u00e7os e tecnologia, empregando mais de quatrocentos mil colaboradores todos os anos em suas unidades ativas.&nbsp;<\/p>\n\n\n\n<p>Suas opera\u00e7\u00f5es podem ser divididas por meio de cinco setores de neg\u00f3cios: Tecnologias Prediais, Energia, Bens de Consumo, Tecnologia Industrial e Solu\u00e7\u00f5es de Mobilidade. A companhia est\u00e1 sempre em busca de mobilidades sustent\u00e1veis, que oferecem seguran\u00e7a e tecnologia para todos os seus consumidores.<\/p>","protected":false},"excerpt":{"rendered":"<p>Atualizado em Os Empregos Bosch, l\u00edder mundial no fornecimento de servi\u00e7os e tecnologia, \u00e9 uma das empresas de n\u00edvel mundial que emprega mais de oito mil colaboradores todos os anos. No ano de 2021, a empresa bateu um recorde no faturamento l\u00edquido, ofertando produtos para o setor de Solu\u00e7\u00f5es de Mobilidade, Tecnologia Predial e Tecnologia&hellip;&nbsp;<\/p>","protected":false},"author":16,"featured_media":35778,"comment_status":"open","ping_status":"closed","sticky":false,"template":"","format":"standard","meta":{"neve_meta_sidebar":"","neve_meta_container":"","neve_meta_enable_content_width":"","neve_meta_content_width":0,"neve_meta_title_alignment":"","neve_meta_author_avatar":"","neve_post_elements_order":"","neve_meta_disable_header":"","neve_meta_disable_footer":"","neve_meta_disable_title":"","footnotes":""},"categories":[123],"tags":[439,608,211],"class_list":["post-35764","post","type-post","status-publish","format-standard","has-post-thumbnail","hentry","category-vagas-de-emprego-nacionais","tag-bosch","tag-oportunidades","tag-vagas-de-emprego"],"yoast_head":"<!-- This site is optimized with the Yoast SEO plugin v27.5 - https:\/\/yoast.com\/product\/yoast-seo-wordpress\/ -->\n<title>Conferentes, Analistas, Promotor de Merchandising, Assistente Administrativo, Motorista e mais na Empresa Bosch -<\/title>\n<meta name=\"description\" content=\"Veja em Vagas de Emprego RJ as vagas de emprego com e sem experi\u00eancia no seu Estado e Regi\u00e3o!\" \/>\n<meta name=\"robots\" content=\"index, follow, max-snippet:-1, max-image-preview:large, max-video-preview:-1\" \/>\n<link rel=\"canonical\" href=\"https:\/\/www.vagadeempregorj.com.br\/fr\/empregos-bosch\/\" \/>\n<meta property=\"og:locale\" content=\"fr_FR\" \/>\n<meta property=\"og:type\" content=\"article\" \/>\n<meta property=\"og:title\" content=\"Conferentes, Analistas, Promotor de Merchandising, Assistente Administrativo, Motorista e mais na Empresa Bosch -\" \/>\n<meta property=\"og:description\" content=\"Veja em Vagas de Emprego RJ as vagas de emprego com e sem experi\u00eancia no seu Estado e Regi\u00e3o!\" \/>\n<meta property=\"og:url\" content=\"https:\/\/www.vagadeempregorj.com.br\/fr\/empregos-bosch\/\" \/>\n<meta property=\"article:publisher\" content=\"https:\/\/www.facebook.com\/empregobrasiloficial\" \/>\n<meta property=\"article:published_time\" content=\"2023-10-16T04:03:00+00:00\" \/>\n<meta property=\"og:image\" content=\"https:\/\/www.vagadeempregorj.com.br\/wp-content\/uploads\/2022\/10\/empregos-bosch.jpg\" \/>\n\t<meta property=\"og:image:width\" content=\"1200\" \/>\n\t<meta property=\"og:image:height\" content=\"667\" \/>\n\t<meta property=\"og:image:type\" content=\"image\/jpeg\" \/>\n<meta name=\"author\" content=\"Michele\" \/>\n<meta name=\"twitter:card\" content=\"summary_large_image\" \/>\n<meta name=\"twitter:label1\" content=\"\u00c9crit par\" \/>\n\t<meta name=\"twitter:data1\" content=\"Michele\" \/>\n\t<meta name=\"twitter:label2\" content=\"Dur\u00e9e de lecture estim\u00e9e\" \/>\n\t<meta name=\"twitter:data2\" content=\"3 minutes\" \/>\n<script type=\"application\/ld+json\" class=\"yoast-schema-graph\">{\"@context\":\"https:\\\/\\\/schema.org\",\"@graph\":[{\"@type\":\"Article\",\"@id\":\"https:\\\/\\\/www.vagadeempregorj.com.br\\\/empregos-bosch\\\/#article\",\"isPartOf\":{\"@id\":\"https:\\\/\\\/www.vagadeempregorj.com.br\\\/empregos-bosch\\\/\"},\"author\":{\"name\":\"Michele\",\"@id\":\"https:\\\/\\\/www.vagadeempregorj.com.br\\\/#\\\/schema\\\/person\\\/3ddb19fa0539706786e502152f3aae95\"},\"headline\":\"Conferentes, Analistas, Promotor de Merchandising, Assistente Administrativo, Motorista e mais na Empresa Bosch\",\"datePublished\":\"2023-10-16T04:03:00+00:00\",\"mainEntityOfPage\":{\"@id\":\"https:\\\/\\\/www.vagadeempregorj.com.br\\\/empregos-bosch\\\/\"},\"wordCount\":561,\"commentCount\":0,\"image\":{\"@id\":\"https:\\\/\\\/www.vagadeempregorj.com.br\\\/empregos-bosch\\\/#primaryimage\"},\"thumbnailUrl\":\"https:\\\/\\\/www.vagadeempregorj.com.br\\\/wp-content\\\/uploads\\\/2022\\\/10\\\/empregos-bosch.jpg\",\"keywords\":[\"Bosch\",\"oportunidades\",\"vagas de emprego\"],\"articleSection\":[\"Vagas de Emprego Nacionais\"],\"inLanguage\":\"fr-FR\",\"potentialAction\":[{\"@type\":\"CommentAction\",\"name\":\"Comment\",\"target\":[\"https:\\\/\\\/www.vagadeempregorj.com.br\\\/empregos-bosch\\\/#respond\"]}]},{\"@type\":\"WebPage\",\"@id\":\"https:\\\/\\\/www.vagadeempregorj.com.br\\\/empregos-bosch\\\/\",\"url\":\"https:\\\/\\\/www.vagadeempregorj.com.br\\\/empregos-bosch\\\/\",\"name\":\"Conferentes, Analistas, Promotor de Merchandising, Assistente Administrativo, Motorista e mais na Empresa Bosch -\",\"isPartOf\":{\"@id\":\"https:\\\/\\\/www.vagadeempregorj.com.br\\\/#website\"},\"primaryImageOfPage\":{\"@id\":\"https:\\\/\\\/www.vagadeempregorj.com.br\\\/empregos-bosch\\\/#primaryimage\"},\"image\":{\"@id\":\"https:\\\/\\\/www.vagadeempregorj.com.br\\\/empregos-bosch\\\/#primaryimage\"},\"thumbnailUrl\":\"https:\\\/\\\/www.vagadeempregorj.com.br\\\/wp-content\\\/uploads\\\/2022\\\/10\\\/empregos-bosch.jpg\",\"datePublished\":\"2023-10-16T04:03:00+00:00\",\"author\":{\"@id\":\"https:\\\/\\\/www.vagadeempregorj.com.br\\\/#\\\/schema\\\/person\\\/3ddb19fa0539706786e502152f3aae95\"},\"description\":\"Veja em Vagas de Emprego RJ as vagas de emprego com e sem experi\u00eancia no seu Estado e Regi\u00e3o!\",\"breadcrumb\":{\"@id\":\"https:\\\/\\\/www.vagadeempregorj.com.br\\\/empregos-bosch\\\/#breadcrumb\"},\"inLanguage\":\"fr-FR\",\"potentialAction\":[{\"@type\":\"ReadAction\",\"target\":[\"https:\\\/\\\/www.vagadeempregorj.com.br\\\/empregos-bosch\\\/\"]}]},{\"@type\":\"ImageObject\",\"inLanguage\":\"fr-FR\",\"@id\":\"https:\\\/\\\/www.vagadeempregorj.com.br\\\/empregos-bosch\\\/#primaryimage\",\"url\":\"https:\\\/\\\/www.vagadeempregorj.com.br\\\/wp-content\\\/uploads\\\/2022\\\/10\\\/empregos-bosch.jpg\",\"contentUrl\":\"https:\\\/\\\/www.vagadeempregorj.com.br\\\/wp-content\\\/uploads\\\/2022\\\/10\\\/empregos-bosch.jpg\",\"width\":1200,\"height\":667,\"caption\":\"Imagem: Bosch - Reprodu\u00e7\u00e3o\"},{\"@type\":\"BreadcrumbList\",\"@id\":\"https:\\\/\\\/www.vagadeempregorj.com.br\\\/empregos-bosch\\\/#breadcrumb\",\"itemListElement\":[{\"@type\":\"ListItem\",\"position\":1,\"name\":\"In\u00edcio\",\"item\":\"https:\\\/\\\/www.vagadeempregorj.com.br\\\/\"},{\"@type\":\"ListItem\",\"position\":2,\"name\":\"Vagas de Emprego Nacionais\",\"item\":\"https:\\\/\\\/www.vagadeempregorj.com.br\\\/vagas-de-emprego-nacionais\\\/\"},{\"@type\":\"ListItem\",\"position\":3,\"name\":\"Conferentes, Analistas, Promotor de Merchandising, Assistente Administrativo, Motorista e mais na Empresa Bosch\"}]},{\"@type\":\"WebSite\",\"@id\":\"https:\\\/\\\/www.vagadeempregorj.com.br\\\/#website\",\"url\":\"https:\\\/\\\/www.vagadeempregorj.com.br\\\/\",\"name\":\"\",\"description\":\"Conquiste Sonhos: Vagas, Benef\u00edcios e Economia para Transformar Vidas e Alcan\u00e7ar Melhorias Cotidianas\",\"potentialAction\":[{\"@type\":\"SearchAction\",\"target\":{\"@type\":\"EntryPoint\",\"urlTemplate\":\"https:\\\/\\\/www.vagadeempregorj.com.br\\\/?s={search_term_string}\"},\"query-input\":{\"@type\":\"PropertyValueSpecification\",\"valueRequired\":true,\"valueName\":\"search_term_string\"}}],\"inLanguage\":\"fr-FR\"},{\"@type\":\"Person\",\"@id\":\"https:\\\/\\\/www.vagadeempregorj.com.br\\\/#\\\/schema\\\/person\\\/3ddb19fa0539706786e502152f3aae95\",\"name\":\"Michele\",\"image\":{\"@type\":\"ImageObject\",\"inLanguage\":\"fr-FR\",\"@id\":\"https:\\\/\\\/secure.gravatar.com\\\/avatar\\\/6b0eb9d22841282815e2cd856a0061c45e1761cd54b22e952d98c4746939aa85?s=96&r=g\",\"url\":\"https:\\\/\\\/secure.gravatar.com\\\/avatar\\\/6b0eb9d22841282815e2cd856a0061c45e1761cd54b22e952d98c4746939aa85?s=96&r=g\",\"contentUrl\":\"https:\\\/\\\/secure.gravatar.com\\\/avatar\\\/6b0eb9d22841282815e2cd856a0061c45e1761cd54b22e952d98c4746939aa85?s=96&r=g\",\"caption\":\"Michele\"},\"description\":\"Formada em Letras - Portugu\u00eas\\\/ Ingl\u00eas, e idealizadora do site Escritora de Sucesso, busca expandir o conhecimento de todos com informa\u00e7\u00f5es relevantes sobre diversos assuntos, enquanto redatora. No Vaga de Emprego RJ, traz oportunidades e dicas sobre o mercado de trabalho.\",\"url\":\"https:\\\/\\\/www.vagadeempregorj.com.br\\\/fr\\\/author\\\/michele\\\/\"}]}<\/script>\n<!-- \/ Yoast SEO plugin. -->","yoast_head_json":{"title":"Conferentes, Analistas, Promotor de Merchandising, Assistente Administrativo, Motorista e mais na Empresa Bosch -","description":"Veja em Vagas de Emprego RJ as vagas de emprego com e sem experi\u00eancia no seu Estado e Regi\u00e3o!","robots":{"index":"index","follow":"follow","max-snippet":"max-snippet:-1","max-image-preview":"max-image-preview:large","max-video-preview":"max-video-preview:-1"},"canonical":"https:\/\/www.vagadeempregorj.com.br\/fr\/empregos-bosch\/","og_locale":"fr_FR","og_type":"article","og_title":"Conferentes, Analistas, Promotor de Merchandising, Assistente Administrativo, Motorista e mais na Empresa Bosch -","og_description":"Veja em Vagas de Emprego RJ as vagas de emprego com e sem experi\u00eancia no seu Estado e Regi\u00e3o!","og_url":"https:\/\/www.vagadeempregorj.com.br\/fr\/empregos-bosch\/","article_publisher":"https:\/\/www.facebook.com\/empregobrasiloficial","article_published_time":"2023-10-16T04:03:00+00:00","og_image":[{"width":1200,"height":667,"url":"https:\/\/www.vagadeempregorj.com.br\/wp-content\/uploads\/2022\/10\/empregos-bosch.jpg","type":"image\/jpeg"}],"author":"Michele","twitter_card":"summary_large_image","twitter_misc":{"\u00c9crit par":"Michele","Dur\u00e9e de lecture estim\u00e9e":"3 minutes"},"schema":{"@context":"https:\/\/schema.org","@graph":[{"@type":"Article","@id":"https:\/\/www.vagadeempregorj.com.br\/empregos-bosch\/#article","isPartOf":{"@id":"https:\/\/www.vagadeempregorj.com.br\/empregos-bosch\/"},"author":{"name":"Michele","@id":"https:\/\/www.vagadeempregorj.com.br\/#\/schema\/person\/3ddb19fa0539706786e502152f3aae95"},"headline":"Conferentes, Analistas, Promotor de Merchandising, Assistente Administrativo, Motorista e mais na Empresa Bosch","datePublished":"2023-10-16T04:03:00+00:00","mainEntityOfPage":{"@id":"https:\/\/www.vagadeempregorj.com.br\/empregos-bosch\/"},"wordCount":561,"commentCount":0,"image":{"@id":"https:\/\/www.vagadeempregorj.com.br\/empregos-bosch\/#primaryimage"},"thumbnailUrl":"https:\/\/www.vagadeempregorj.com.br\/wp-content\/uploads\/2022\/10\/empregos-bosch.jpg","keywords":["Bosch","oportunidades","vagas de emprego"],"articleSection":["Vagas de Emprego Nacionais"],"inLanguage":"fr-FR","potentialAction":[{"@type":"CommentAction","name":"Comment","target":["https:\/\/www.vagadeempregorj.com.br\/empregos-bosch\/#respond"]}]},{"@type":"WebPage","@id":"https:\/\/www.vagadeempregorj.com.br\/empregos-bosch\/","url":"https:\/\/www.vagadeempregorj.com.br\/empregos-bosch\/","name":"Conferentes, Analistas, Promotor de Merchandising, Assistente Administrativo, Motorista e mais na Empresa Bosch -","isPartOf":{"@id":"https:\/\/www.vagadeempregorj.com.br\/#website"},"primaryImageOfPage":{"@id":"https:\/\/www.vagadeempregorj.com.br\/empregos-bosch\/#primaryimage"},"image":{"@id":"https:\/\/www.vagadeempregorj.com.br\/empregos-bosch\/#primaryimage"},"thumbnailUrl":"https:\/\/www.vagadeempregorj.com.br\/wp-content\/uploads\/2022\/10\/empregos-bosch.jpg","datePublished":"2023-10-16T04:03:00+00:00","author":{"@id":"https:\/\/www.vagadeempregorj.com.br\/#\/schema\/person\/3ddb19fa0539706786e502152f3aae95"},"description":"Veja em Vagas de Emprego RJ as vagas de emprego com e sem experi\u00eancia no seu Estado e Regi\u00e3o!","breadcrumb":{"@id":"https:\/\/www.vagadeempregorj.com.br\/empregos-bosch\/#breadcrumb"},"inLanguage":"fr-FR","potentialAction":[{"@type":"ReadAction","target":["https:\/\/www.vagadeempregorj.com.br\/empregos-bosch\/"]}]},{"@type":"ImageObject","inLanguage":"fr-FR","@id":"https:\/\/www.vagadeempregorj.com.br\/empregos-bosch\/#primaryimage","url":"https:\/\/www.vagadeempregorj.com.br\/wp-content\/uploads\/2022\/10\/empregos-bosch.jpg","contentUrl":"https:\/\/www.vagadeempregorj.com.br\/wp-content\/uploads\/2022\/10\/empregos-bosch.jpg","width":1200,"height":667,"caption":"Imagem: Bosch - Reprodu\u00e7\u00e3o"},{"@type":"BreadcrumbList","@id":"https:\/\/www.vagadeempregorj.com.br\/empregos-bosch\/#breadcrumb","itemListElement":[{"@type":"ListItem","position":1,"name":"In\u00edcio","item":"https:\/\/www.vagadeempregorj.com.br\/"},{"@type":"ListItem","position":2,"name":"Vagas de Emprego Nacionais","item":"https:\/\/www.vagadeempregorj.com.br\/vagas-de-emprego-nacionais\/"},{"@type":"ListItem","position":3,"name":"Conferentes, Analistas, Promotor de Merchandising, Assistente Administrativo, Motorista e mais na Empresa Bosch"}]},{"@type":"WebSite","@id":"https:\/\/www.vagadeempregorj.com.br\/#website","url":"https:\/\/www.vagadeempregorj.com.br\/","name":"","description":"Conquiste Sonhos: Vagas, Benef\u00edcios e Economia para Transformar Vidas e Alcan\u00e7ar Melhorias Cotidianas","potentialAction":[{"@type":"SearchAction","target":{"@type":"EntryPoint","urlTemplate":"https:\/\/www.vagadeempregorj.com.br\/?s={search_term_string}"},"query-input":{"@type":"PropertyValueSpecification","valueRequired":true,"valueName":"search_term_string"}}],"inLanguage":"fr-FR"},{"@type":"Person","@id":"https:\/\/www.vagadeempregorj.com.br\/#\/schema\/person\/3ddb19fa0539706786e502152f3aae95","name":"Michele","image":{"@type":"ImageObject","inLanguage":"fr-FR","@id":"https:\/\/secure.gravatar.com\/avatar\/6b0eb9d22841282815e2cd856a0061c45e1761cd54b22e952d98c4746939aa85?s=96&r=g","url":"https:\/\/secure.gravatar.com\/avatar\/6b0eb9d22841282815e2cd856a0061c45e1761cd54b22e952d98c4746939aa85?s=96&r=g","contentUrl":"https:\/\/secure.gravatar.com\/avatar\/6b0eb9d22841282815e2cd856a0061c45e1761cd54b22e952d98c4746939aa85?s=96&r=g","caption":"Michele"},"description":"Formada em Letras - Portugu\u00eas\/ Ingl\u00eas, e idealizadora do site Escritora de Sucesso, busca expandir o conhecimento de todos com informa\u00e7\u00f5es relevantes sobre diversos assuntos, enquanto redatora. No Vaga de Emprego RJ, traz oportunidades e dicas sobre o mercado de trabalho.","url":"https:\/\/www.vagadeempregorj.com.br\/fr\/author\/michele\/"}]}},"_links":{"self":[{"href":"https:\/\/www.vagadeempregorj.com.br\/fr\/wp-json\/wp\/v2\/posts\/35764","targetHints":{"allow":["GET"]}}],"collection":[{"href":"https:\/\/www.vagadeempregorj.com.br\/fr\/wp-json\/wp\/v2\/posts"}],"about":[{"href":"https:\/\/www.vagadeempregorj.com.br\/fr\/wp-json\/wp\/v2\/types\/post"}],"author":[{"embeddable":true,"href":"https:\/\/www.vagadeempregorj.com.br\/fr\/wp-json\/wp\/v2\/users\/16"}],"replies":[{"embeddable":true,"href":"https:\/\/www.vagadeempregorj.com.br\/fr\/wp-json\/wp\/v2\/comments?post=35764"}],"version-history":[{"count":0,"href":"https:\/\/www.vagadeempregorj.com.br\/fr\/wp-json\/wp\/v2\/posts\/35764\/revisions"}],"wp:featuredmedia":[{"embeddable":true,"href":"https:\/\/www.vagadeempregorj.com.br\/fr\/wp-json\/wp\/v2\/media\/35778"}],"wp:attachment":[{"href":"https:\/\/www.vagadeempregorj.com.br\/fr\/wp-json\/wp\/v2\/media?parent=35764"}],"wp:term":[{"taxonomy":"category","embeddable":true,"href":"https:\/\/www.vagadeempregorj.com.br\/fr\/wp-json\/wp\/v2\/categories?post=35764"},{"taxonomy":"post_tag","embeddable":true,"href":"https:\/\/www.vagadeempregorj.com.br\/fr\/wp-json\/wp\/v2\/tags?post=35764"}],"curies":[{"name":"wp","href":"https:\/\/api.w.org\/{rel}","templated":true}]}}