{"id":35846,"date":"2023-10-23T00:01:00","date_gmt":"2023-10-23T03:01:00","guid":{"rendered":"https:\/\/www.vagadeempregorj.com.br\/?p=35846"},"modified":"2023-10-22T12:15:12","modified_gmt":"2023-10-22T15:15:12","slug":"empregos-sabin","status":"publish","type":"post","link":"https:\/\/www.vagadeempregorj.com.br\/fr\/empregos-sabin\/","title":{"rendered":"Agente de Recep\u00e7\u00e3o, Analistas, Assistente Administrativo, Est\u00e1gios, Servi\u00e7os Gerais, Jovem Aprendiz e muito mais no Grupo Sabin"},"content":{"rendered":"<p>Atualizado em<\/p>\n\n\n<div class=\"wp-block-post-date\"><time datetime=\"2023-10-23T00:01:00-03:00\">23\/10\/2023<\/time><\/div>\n\n\n<p>Os <strong>Empregos Sabin<\/strong> s\u00e3o um grande destaque no mercado de trabalho em virtude de seus diversos benef\u00edcios. A empresa tem recebido importantes reconhecimentos e pr\u00eamios nas \u00e1reas de gest\u00e3o, pesquisa t\u00e9cnico-cient\u00edfica, sustentabilidade, qualidade e inova\u00e7\u00e3o. <\/p>\n\n\n\n<p>Selecionada como \u201cEmpresa do Ano 2020\u201d pelo Guia Exame da Diversidade, tem planos cuidadosamente elaborados para fortalecer uma cultura organizacional cada vez mais participativa e garantir que a\u00e7\u00f5es que incentivem a diversidade e a inclus\u00e3o sejam fomentadas em um ambiente de harmonia e igualdade. 77% da for\u00e7a de trabalho da empresa \u00e9 composta por mulheres, que ocupam 74% dos cargos de lideran\u00e7a.&nbsp;<\/p>\n\n\n\n<figure class=\"wp-block-image size-full\"><img loading=\"lazy\" decoding=\"async\" width=\"600\" height=\"400\" src=\"https:\/\/www.vagadeempregorj.com.br\/wp-content\/uploads\/2022\/10\/empregos-sabin.png\" alt=\"empregos sabin\" class=\"wp-image-35856\" srcset=\"https:\/\/www.vagadeempregorj.com.br\/wp-content\/uploads\/2022\/10\/empregos-sabin.png 600w, https:\/\/www.vagadeempregorj.com.br\/wp-content\/uploads\/2022\/10\/empregos-sabin-300x200.png 300w, https:\/\/www.vagadeempregorj.com.br\/wp-content\/uploads\/2022\/10\/empregos-sabin-150x100.png 150w\" sizes=\"auto, (max-width: 600px) 100vw, 600px\" \/><figcaption class=\"wp-element-caption\">Imagem: Sabin &#8211; Reprodu\u00e7\u00e3o<\/figcaption><\/figure>\n\n\n\n<h2 class=\"wp-block-heading\">Conhe\u00e7a todas as vagas de Empregos Sabin<\/h2>\n\n\n\n<p>H\u00e1 oportunidades para Jovem Aprendiz. Os requisitos s\u00e3o ter entre 16 a 18 anos, ter terminado ou ainda estar cursando o Ensino M\u00e9dio e ter disponibilidade hor\u00e1rio. Tamb\u00e9m h\u00e1 possibilidade para estagi\u00e1rios de \u00e1reas como Secretariado, Administra\u00e7\u00e3o, Gest\u00e3o Hospitalar e em Recursos Humanos, entre outras. Verifique todas as vagas abaixo:<\/p>\n\n\n\n<ul class=\"wp-block-list\">\n<li>Coord. de Atendimento;<\/li>\n\n\n\n<li>Agente De Central De Atendimento;<\/li>\n\n\n\n<li>Tec. em Laborat\u00f3rio;<\/li>\n\n\n\n<li>Agente de Recep\u00e7\u00e3o;<\/li>\n\n\n\n<li>Est\u00e1gio Relacionamento;<\/li>\n\n\n\n<li>Agente De Servi\u00e7os De Apoio;<\/li>\n\n\n\n<li>Superv. de Unidade;<\/li>\n\n\n\n<li>Agente de Servi\u00e7os Gerais;<\/li>\n\n\n\n<li>Faturista<\/li>\n\n\n\n<li>Ana. de Departamento Pessoal;<\/li>\n\n\n\n<li>Gestor Regional;<\/li>\n\n\n\n<li>Ana. de Relacionamento;<\/li>\n\n\n\n<li>Jovem Aprendiz;<\/li>\n\n\n\n<li>Ass. Administrativo;<\/li>\n\n\n\n<li>Tec. em Seguran\u00e7a do Trabalho;<\/li>\n\n\n\n<li>Ass. Central de Atendimento;<\/li>\n\n\n\n<li>Colhedor Laborat\u00f3rio;<\/li>\n\n\n\n<li>Ass. de RH;<\/li>\n\n\n\n<li>Tec. em Manuten\u00e7\u00e3o;<\/li>\n\n\n\n<li>Aux. Administrativo \u2013 Suprimentos;<\/li>\n\n\n\n<li>Colhedor t\u00e9cnico Operacional;<\/li>\n\n\n\n<li>Bioqu\u00edmico Hospitalar;<\/li>\n\n\n\n<li>Est\u00e1gio Atendimento;<\/li>\n\n\n\n<li>Colhedor de servi\u00e7o m\u00f3vel;<\/li>\n\n\n\n<li>Estagi\u00e1rio \u2013 Faturamento;<\/li>\n\n\n\n<li>Colhedor Externo.<\/li>\n<\/ul>\n\n\n\n<h3 class=\"wp-block-heading\">Como se candidatar<\/h3>\n\n\n\n<p>Para se inscrever em um dos cargos mencionados, acesse a p\u00e1gina em que o recrutamento \u00e9 feito. Clique no link abaixo:<\/p>\n\n\n\n<ul class=\"wp-block-list\">\n<li><a href=\"https:\/\/gruposabin.gupy.io\/\">Grupo Sabin<\/a>.&nbsp;<\/li>\n<\/ul>\n\n\n\n<p>Em seguida, encontre o cargo desejado e leia todos os requisitos da vaga para se certificar que ela \u00e9 correspondente com o seu perfil, uma vez que a maioria delas exige experi\u00eancia anterior na fun\u00e7\u00e3o, entre outros crit\u00e9rios.<\/p>\n\n\n\n<p>Em caso afirmativo, efetue o seu login ou crie o seu cadastro na p\u00e1gina. Por \u00faltimo, aguarde o retorno da empresa para marcar a entrevista.<\/p>\n\n\n\n<p><strong>Veja tamb\u00e9m: <a href=\"https:\/\/www.vagadeempregorj.com.br\/fr\/empregos-grupo-perto\/\">Empregos Grupo Perto<\/a><\/strong><\/p>\n\n\n\n<h2 class=\"wp-block-heading\">Sobre a Sabin<\/h2>\n\n\n\n<p>Fundada em Bras\u00edlia (DF) em 1984, a hist\u00f3ria da empresa possui princ\u00edpios e valores empresariais que colocam as pessoas no centro da estrat\u00e9gia empresarial. Com base em uma forte cultura organizacional, constru\u00edram um ambiente de inclus\u00e3o, respeito, diversidade e desenvolvimento e s\u00e3o reconhecidos como uma das melhores empresas para se trabalhar na Am\u00e9rica Latina e no pa\u00eds h\u00e1 quase 20 anos seguidos.<\/p>\n\n\n\n<p>No ano de 2010, iniciaram o procedimento de expandir a companhia e atualmente eles est\u00e3o presentes em mais de 70 cidades, entregaram mais de 40 milh\u00f5es de exames anualmente e atendem mais de 6 milh\u00f5es de clientes. Com o objetivo de inspirar as pessoas a cuidar dos outros, a sua grande equipe de 6.700 funcion\u00e1rios tem o objetivo de fornecer sa\u00fade excepcional \u00e0s popula\u00e7\u00f5es do pa\u00eds, tanto do norte quanto do sul.<\/p>\n\n\n\n<p>O portf\u00f3lio da empresa inclui mais de 7 mil exames de imagem e laborat\u00f3rio, al\u00e9m de um servi\u00e7o de vacinas que oferta mais de 20 imuniza\u00e7\u00f5es. Ano passado, a empresa ainda lan\u00e7ou&nbsp; uma plataforma outra abrangente de servi\u00e7os de sa\u00fade chamada Rita Sa\u00fade.<\/p>","protected":false},"excerpt":{"rendered":"<p>Atualizado em Os Empregos Sabin s\u00e3o um grande destaque no mercado de trabalho em virtude de seus diversos benef\u00edcios. A empresa tem recebido importantes reconhecimentos e pr\u00eamios nas \u00e1reas de gest\u00e3o, pesquisa t\u00e9cnico-cient\u00edfica, sustentabilidade, qualidade e inova\u00e7\u00e3o. Selecionada como \u201cEmpresa do Ano 2020\u201d pelo Guia Exame da Diversidade, tem planos cuidadosamente elaborados para fortalecer uma&hellip;&nbsp;<\/p>","protected":false},"author":16,"featured_media":35856,"comment_status":"open","ping_status":"closed","sticky":false,"template":"","format":"standard","meta":{"neve_meta_sidebar":"","neve_meta_container":"","neve_meta_enable_content_width":"","neve_meta_content_width":0,"neve_meta_title_alignment":"","neve_meta_author_avatar":"","neve_post_elements_order":"","neve_meta_disable_header":"","neve_meta_disable_footer":"","neve_meta_disable_title":"","footnotes":""},"categories":[123],"tags":[608,653,211],"class_list":["post-35846","post","type-post","status-publish","format-standard","has-post-thumbnail","hentry","category-vagas-de-emprego-nacionais","tag-oportunidades","tag-sabin","tag-vagas-de-emprego"],"yoast_head":"<!-- This site is optimized with the Yoast SEO plugin v27.5 - https:\/\/yoast.com\/product\/yoast-seo-wordpress\/ -->\n<title>Agente de Recep\u00e7\u00e3o, Analistas, Assistente Administrativo, Est\u00e1gios, Servi\u00e7os Gerais, Jovem Aprendiz e muito mais no Grupo Sabin -<\/title>\n<meta name=\"description\" content=\"Veja em Vagas de Emprego RJ as vagas de emprego com e sem experi\u00eancia no seu Estado e Regi\u00e3o!\" \/>\n<meta name=\"robots\" content=\"index, follow, max-snippet:-1, max-image-preview:large, max-video-preview:-1\" \/>\n<link rel=\"canonical\" href=\"https:\/\/www.vagadeempregorj.com.br\/fr\/empregos-sabin\/\" \/>\n<meta property=\"og:locale\" content=\"fr_FR\" \/>\n<meta property=\"og:type\" content=\"article\" \/>\n<meta property=\"og:title\" content=\"Agente de Recep\u00e7\u00e3o, Analistas, Assistente Administrativo, Est\u00e1gios, Servi\u00e7os Gerais, Jovem Aprendiz e muito mais no Grupo Sabin -\" \/>\n<meta property=\"og:description\" content=\"Veja em Vagas de Emprego RJ as vagas de emprego com e sem experi\u00eancia no seu Estado e Regi\u00e3o!\" \/>\n<meta property=\"og:url\" content=\"https:\/\/www.vagadeempregorj.com.br\/fr\/empregos-sabin\/\" \/>\n<meta property=\"article:publisher\" content=\"https:\/\/www.facebook.com\/empregobrasiloficial\" \/>\n<meta property=\"article:published_time\" content=\"2023-10-23T03:01:00+00:00\" \/>\n<meta property=\"og:image\" content=\"https:\/\/www.vagadeempregorj.com.br\/wp-content\/uploads\/2022\/10\/empregos-sabin.png\" \/>\n\t<meta property=\"og:image:width\" content=\"600\" \/>\n\t<meta property=\"og:image:height\" content=\"400\" \/>\n\t<meta property=\"og:image:type\" content=\"image\/png\" \/>\n<meta name=\"author\" content=\"Michele\" \/>\n<meta name=\"twitter:card\" content=\"summary_large_image\" \/>\n<meta name=\"twitter:label1\" content=\"Written by\" \/>\n\t<meta name=\"twitter:data1\" content=\"Michele\" \/>\n\t<meta name=\"twitter:label2\" content=\"Est. reading time\" \/>\n\t<meta name=\"twitter:data2\" content=\"3 minutes\" \/>\n<script type=\"application\/ld+json\" class=\"yoast-schema-graph\">{\"@context\":\"https:\\\/\\\/schema.org\",\"@graph\":[{\"@type\":\"Article\",\"@id\":\"https:\\\/\\\/www.vagadeempregorj.com.br\\\/empregos-sabin\\\/#article\",\"isPartOf\":{\"@id\":\"https:\\\/\\\/www.vagadeempregorj.com.br\\\/empregos-sabin\\\/\"},\"author\":{\"name\":\"Michele\",\"@id\":\"https:\\\/\\\/www.vagadeempregorj.com.br\\\/#\\\/schema\\\/person\\\/3ddb19fa0539706786e502152f3aae95\"},\"headline\":\"Agente de Recep\u00e7\u00e3o, Analistas, Assistente Administrativo, Est\u00e1gios, Servi\u00e7os Gerais, Jovem Aprendiz e muito mais no Grupo Sabin\",\"datePublished\":\"2023-10-23T03:01:00+00:00\",\"mainEntityOfPage\":{\"@id\":\"https:\\\/\\\/www.vagadeempregorj.com.br\\\/empregos-sabin\\\/\"},\"wordCount\":582,\"commentCount\":0,\"image\":{\"@id\":\"https:\\\/\\\/www.vagadeempregorj.com.br\\\/empregos-sabin\\\/#primaryimage\"},\"thumbnailUrl\":\"https:\\\/\\\/www.vagadeempregorj.com.br\\\/wp-content\\\/uploads\\\/2022\\\/10\\\/empregos-sabin.png\",\"keywords\":[\"oportunidades\",\"Sabin\",\"vagas de emprego\"],\"articleSection\":[\"Vagas de Emprego Nacionais\"],\"inLanguage\":\"fr-FR\",\"potentialAction\":[{\"@type\":\"CommentAction\",\"name\":\"Comment\",\"target\":[\"https:\\\/\\\/www.vagadeempregorj.com.br\\\/empregos-sabin\\\/#respond\"]}]},{\"@type\":\"WebPage\",\"@id\":\"https:\\\/\\\/www.vagadeempregorj.com.br\\\/empregos-sabin\\\/\",\"url\":\"https:\\\/\\\/www.vagadeempregorj.com.br\\\/empregos-sabin\\\/\",\"name\":\"Agente de Recep\u00e7\u00e3o, Analistas, Assistente Administrativo, Est\u00e1gios, Servi\u00e7os Gerais, Jovem Aprendiz e muito mais no Grupo Sabin -\",\"isPartOf\":{\"@id\":\"https:\\\/\\\/www.vagadeempregorj.com.br\\\/#website\"},\"primaryImageOfPage\":{\"@id\":\"https:\\\/\\\/www.vagadeempregorj.com.br\\\/empregos-sabin\\\/#primaryimage\"},\"image\":{\"@id\":\"https:\\\/\\\/www.vagadeempregorj.com.br\\\/empregos-sabin\\\/#primaryimage\"},\"thumbnailUrl\":\"https:\\\/\\\/www.vagadeempregorj.com.br\\\/wp-content\\\/uploads\\\/2022\\\/10\\\/empregos-sabin.png\",\"datePublished\":\"2023-10-23T03:01:00+00:00\",\"author\":{\"@id\":\"https:\\\/\\\/www.vagadeempregorj.com.br\\\/#\\\/schema\\\/person\\\/3ddb19fa0539706786e502152f3aae95\"},\"description\":\"Veja em Vagas de Emprego RJ as vagas de emprego com e sem experi\u00eancia no seu Estado e Regi\u00e3o!\",\"breadcrumb\":{\"@id\":\"https:\\\/\\\/www.vagadeempregorj.com.br\\\/empregos-sabin\\\/#breadcrumb\"},\"inLanguage\":\"fr-FR\",\"potentialAction\":[{\"@type\":\"ReadAction\",\"target\":[\"https:\\\/\\\/www.vagadeempregorj.com.br\\\/empregos-sabin\\\/\"]}]},{\"@type\":\"ImageObject\",\"inLanguage\":\"fr-FR\",\"@id\":\"https:\\\/\\\/www.vagadeempregorj.com.br\\\/empregos-sabin\\\/#primaryimage\",\"url\":\"https:\\\/\\\/www.vagadeempregorj.com.br\\\/wp-content\\\/uploads\\\/2022\\\/10\\\/empregos-sabin.png\",\"contentUrl\":\"https:\\\/\\\/www.vagadeempregorj.com.br\\\/wp-content\\\/uploads\\\/2022\\\/10\\\/empregos-sabin.png\",\"width\":600,\"height\":400,\"caption\":\"Imagem: Sabin - Reprodu\u00e7\u00e3o\"},{\"@type\":\"BreadcrumbList\",\"@id\":\"https:\\\/\\\/www.vagadeempregorj.com.br\\\/empregos-sabin\\\/#breadcrumb\",\"itemListElement\":[{\"@type\":\"ListItem\",\"position\":1,\"name\":\"In\u00edcio\",\"item\":\"https:\\\/\\\/www.vagadeempregorj.com.br\\\/\"},{\"@type\":\"ListItem\",\"position\":2,\"name\":\"Vagas de Emprego Nacionais\",\"item\":\"https:\\\/\\\/www.vagadeempregorj.com.br\\\/vagas-de-emprego-nacionais\\\/\"},{\"@type\":\"ListItem\",\"position\":3,\"name\":\"Agente de Recep\u00e7\u00e3o, Analistas, Assistente Administrativo, Est\u00e1gios, Servi\u00e7os Gerais, Jovem Aprendiz e muito mais no Grupo Sabin\"}]},{\"@type\":\"WebSite\",\"@id\":\"https:\\\/\\\/www.vagadeempregorj.com.br\\\/#website\",\"url\":\"https:\\\/\\\/www.vagadeempregorj.com.br\\\/\",\"name\":\"\",\"description\":\"Conquiste Sonhos: Vagas, Benef\u00edcios e Economia para Transformar Vidas e Alcan\u00e7ar Melhorias Cotidianas\",\"potentialAction\":[{\"@type\":\"SearchAction\",\"target\":{\"@type\":\"EntryPoint\",\"urlTemplate\":\"https:\\\/\\\/www.vagadeempregorj.com.br\\\/?s={search_term_string}\"},\"query-input\":{\"@type\":\"PropertyValueSpecification\",\"valueRequired\":true,\"valueName\":\"search_term_string\"}}],\"inLanguage\":\"fr-FR\"},{\"@type\":\"Person\",\"@id\":\"https:\\\/\\\/www.vagadeempregorj.com.br\\\/#\\\/schema\\\/person\\\/3ddb19fa0539706786e502152f3aae95\",\"name\":\"Michele\",\"image\":{\"@type\":\"ImageObject\",\"inLanguage\":\"fr-FR\",\"@id\":\"https:\\\/\\\/secure.gravatar.com\\\/avatar\\\/6b0eb9d22841282815e2cd856a0061c45e1761cd54b22e952d98c4746939aa85?s=96&r=g\",\"url\":\"https:\\\/\\\/secure.gravatar.com\\\/avatar\\\/6b0eb9d22841282815e2cd856a0061c45e1761cd54b22e952d98c4746939aa85?s=96&r=g\",\"contentUrl\":\"https:\\\/\\\/secure.gravatar.com\\\/avatar\\\/6b0eb9d22841282815e2cd856a0061c45e1761cd54b22e952d98c4746939aa85?s=96&r=g\",\"caption\":\"Michele\"},\"description\":\"Formada em Letras - Portugu\u00eas\\\/ Ingl\u00eas, e idealizadora do site Escritora de Sucesso, busca expandir o conhecimento de todos com informa\u00e7\u00f5es relevantes sobre diversos assuntos, enquanto redatora. No Vaga de Emprego RJ, traz oportunidades e dicas sobre o mercado de trabalho.\",\"url\":\"https:\\\/\\\/www.vagadeempregorj.com.br\\\/fr\\\/author\\\/michele\\\/\"}]}<\/script>\n<!-- \/ Yoast SEO plugin. -->","yoast_head_json":{"title":"Agente de Recep\u00e7\u00e3o, Analistas, Assistente Administrativo, Est\u00e1gios, Servi\u00e7os Gerais, Jovem Aprendiz e muito mais no Grupo Sabin -","description":"Veja em Vagas de Emprego RJ as vagas de emprego com e sem experi\u00eancia no seu Estado e Regi\u00e3o!","robots":{"index":"index","follow":"follow","max-snippet":"max-snippet:-1","max-image-preview":"max-image-preview:large","max-video-preview":"max-video-preview:-1"},"canonical":"https:\/\/www.vagadeempregorj.com.br\/fr\/empregos-sabin\/","og_locale":"fr_FR","og_type":"article","og_title":"Agente de Recep\u00e7\u00e3o, Analistas, Assistente Administrativo, Est\u00e1gios, Servi\u00e7os Gerais, Jovem Aprendiz e muito mais no Grupo Sabin -","og_description":"Veja em Vagas de Emprego RJ as vagas de emprego com e sem experi\u00eancia no seu Estado e Regi\u00e3o!","og_url":"https:\/\/www.vagadeempregorj.com.br\/fr\/empregos-sabin\/","article_publisher":"https:\/\/www.facebook.com\/empregobrasiloficial","article_published_time":"2023-10-23T03:01:00+00:00","og_image":[{"width":600,"height":400,"url":"https:\/\/www.vagadeempregorj.com.br\/wp-content\/uploads\/2022\/10\/empregos-sabin.png","type":"image\/png"}],"author":"Michele","twitter_card":"summary_large_image","twitter_misc":{"Written by":"Michele","Est. reading time":"3 minutes"},"schema":{"@context":"https:\/\/schema.org","@graph":[{"@type":"Article","@id":"https:\/\/www.vagadeempregorj.com.br\/empregos-sabin\/#article","isPartOf":{"@id":"https:\/\/www.vagadeempregorj.com.br\/empregos-sabin\/"},"author":{"name":"Michele","@id":"https:\/\/www.vagadeempregorj.com.br\/#\/schema\/person\/3ddb19fa0539706786e502152f3aae95"},"headline":"Agente de Recep\u00e7\u00e3o, Analistas, Assistente Administrativo, Est\u00e1gios, Servi\u00e7os Gerais, Jovem Aprendiz e muito mais no Grupo Sabin","datePublished":"2023-10-23T03:01:00+00:00","mainEntityOfPage":{"@id":"https:\/\/www.vagadeempregorj.com.br\/empregos-sabin\/"},"wordCount":582,"commentCount":0,"image":{"@id":"https:\/\/www.vagadeempregorj.com.br\/empregos-sabin\/#primaryimage"},"thumbnailUrl":"https:\/\/www.vagadeempregorj.com.br\/wp-content\/uploads\/2022\/10\/empregos-sabin.png","keywords":["oportunidades","Sabin","vagas de emprego"],"articleSection":["Vagas de Emprego Nacionais"],"inLanguage":"fr-FR","potentialAction":[{"@type":"CommentAction","name":"Comment","target":["https:\/\/www.vagadeempregorj.com.br\/empregos-sabin\/#respond"]}]},{"@type":"WebPage","@id":"https:\/\/www.vagadeempregorj.com.br\/empregos-sabin\/","url":"https:\/\/www.vagadeempregorj.com.br\/empregos-sabin\/","name":"Agente de Recep\u00e7\u00e3o, Analistas, Assistente Administrativo, Est\u00e1gios, Servi\u00e7os Gerais, Jovem Aprendiz e muito mais no Grupo Sabin -","isPartOf":{"@id":"https:\/\/www.vagadeempregorj.com.br\/#website"},"primaryImageOfPage":{"@id":"https:\/\/www.vagadeempregorj.com.br\/empregos-sabin\/#primaryimage"},"image":{"@id":"https:\/\/www.vagadeempregorj.com.br\/empregos-sabin\/#primaryimage"},"thumbnailUrl":"https:\/\/www.vagadeempregorj.com.br\/wp-content\/uploads\/2022\/10\/empregos-sabin.png","datePublished":"2023-10-23T03:01:00+00:00","author":{"@id":"https:\/\/www.vagadeempregorj.com.br\/#\/schema\/person\/3ddb19fa0539706786e502152f3aae95"},"description":"Veja em Vagas de Emprego RJ as vagas de emprego com e sem experi\u00eancia no seu Estado e Regi\u00e3o!","breadcrumb":{"@id":"https:\/\/www.vagadeempregorj.com.br\/empregos-sabin\/#breadcrumb"},"inLanguage":"fr-FR","potentialAction":[{"@type":"ReadAction","target":["https:\/\/www.vagadeempregorj.com.br\/empregos-sabin\/"]}]},{"@type":"ImageObject","inLanguage":"fr-FR","@id":"https:\/\/www.vagadeempregorj.com.br\/empregos-sabin\/#primaryimage","url":"https:\/\/www.vagadeempregorj.com.br\/wp-content\/uploads\/2022\/10\/empregos-sabin.png","contentUrl":"https:\/\/www.vagadeempregorj.com.br\/wp-content\/uploads\/2022\/10\/empregos-sabin.png","width":600,"height":400,"caption":"Imagem: Sabin - Reprodu\u00e7\u00e3o"},{"@type":"BreadcrumbList","@id":"https:\/\/www.vagadeempregorj.com.br\/empregos-sabin\/#breadcrumb","itemListElement":[{"@type":"ListItem","position":1,"name":"In\u00edcio","item":"https:\/\/www.vagadeempregorj.com.br\/"},{"@type":"ListItem","position":2,"name":"Vagas de Emprego Nacionais","item":"https:\/\/www.vagadeempregorj.com.br\/vagas-de-emprego-nacionais\/"},{"@type":"ListItem","position":3,"name":"Agente de Recep\u00e7\u00e3o, Analistas, Assistente Administrativo, Est\u00e1gios, Servi\u00e7os Gerais, Jovem Aprendiz e muito mais no Grupo Sabin"}]},{"@type":"WebSite","@id":"https:\/\/www.vagadeempregorj.com.br\/#website","url":"https:\/\/www.vagadeempregorj.com.br\/","name":"","description":"Conquiste Sonhos: Vagas, Benef\u00edcios e Economia para Transformar Vidas e Alcan\u00e7ar Melhorias Cotidianas","potentialAction":[{"@type":"SearchAction","target":{"@type":"EntryPoint","urlTemplate":"https:\/\/www.vagadeempregorj.com.br\/?s={search_term_string}"},"query-input":{"@type":"PropertyValueSpecification","valueRequired":true,"valueName":"search_term_string"}}],"inLanguage":"fr-FR"},{"@type":"Person","@id":"https:\/\/www.vagadeempregorj.com.br\/#\/schema\/person\/3ddb19fa0539706786e502152f3aae95","name":"Michele","image":{"@type":"ImageObject","inLanguage":"fr-FR","@id":"https:\/\/secure.gravatar.com\/avatar\/6b0eb9d22841282815e2cd856a0061c45e1761cd54b22e952d98c4746939aa85?s=96&r=g","url":"https:\/\/secure.gravatar.com\/avatar\/6b0eb9d22841282815e2cd856a0061c45e1761cd54b22e952d98c4746939aa85?s=96&r=g","contentUrl":"https:\/\/secure.gravatar.com\/avatar\/6b0eb9d22841282815e2cd856a0061c45e1761cd54b22e952d98c4746939aa85?s=96&r=g","caption":"Michele"},"description":"Formada em Letras - Portugu\u00eas\/ Ingl\u00eas, e idealizadora do site Escritora de Sucesso, busca expandir o conhecimento de todos com informa\u00e7\u00f5es relevantes sobre diversos assuntos, enquanto redatora. No Vaga de Emprego RJ, traz oportunidades e dicas sobre o mercado de trabalho.","url":"https:\/\/www.vagadeempregorj.com.br\/fr\/author\/michele\/"}]}},"_links":{"self":[{"href":"https:\/\/www.vagadeempregorj.com.br\/fr\/wp-json\/wp\/v2\/posts\/35846","targetHints":{"allow":["GET"]}}],"collection":[{"href":"https:\/\/www.vagadeempregorj.com.br\/fr\/wp-json\/wp\/v2\/posts"}],"about":[{"href":"https:\/\/www.vagadeempregorj.com.br\/fr\/wp-json\/wp\/v2\/types\/post"}],"author":[{"embeddable":true,"href":"https:\/\/www.vagadeempregorj.com.br\/fr\/wp-json\/wp\/v2\/users\/16"}],"replies":[{"embeddable":true,"href":"https:\/\/www.vagadeempregorj.com.br\/fr\/wp-json\/wp\/v2\/comments?post=35846"}],"version-history":[{"count":0,"href":"https:\/\/www.vagadeempregorj.com.br\/fr\/wp-json\/wp\/v2\/posts\/35846\/revisions"}],"wp:featuredmedia":[{"embeddable":true,"href":"https:\/\/www.vagadeempregorj.com.br\/fr\/wp-json\/wp\/v2\/media\/35856"}],"wp:attachment":[{"href":"https:\/\/www.vagadeempregorj.com.br\/fr\/wp-json\/wp\/v2\/media?parent=35846"}],"wp:term":[{"taxonomy":"category","embeddable":true,"href":"https:\/\/www.vagadeempregorj.com.br\/fr\/wp-json\/wp\/v2\/categories?post=35846"},{"taxonomy":"post_tag","embeddable":true,"href":"https:\/\/www.vagadeempregorj.com.br\/fr\/wp-json\/wp\/v2\/tags?post=35846"}],"curies":[{"name":"wp","href":"https:\/\/api.w.org\/{rel}","templated":true}]}}