{"id":35898,"date":"2023-10-25T01:03:00","date_gmt":"2023-10-25T04:03:00","guid":{"rendered":"https:\/\/www.vagadeempregorj.com.br\/?p=35898"},"modified":"2023-10-24T11:27:13","modified_gmt":"2023-10-24T14:27:13","slug":"empregos-otis","status":"publish","type":"post","link":"https:\/\/www.vagadeempregorj.com.br\/fr\/empregos-otis\/","title":{"rendered":"Auxiliar Aten\u00e7\u00e3o Clientes PCD, Almoxarife, T\u00e9cnicos de Manuten\u00e7\u00e3o de Elevadores e muito mais na Empresa OTIS"},"content":{"rendered":"<p>Atualizado em<\/p>\n\n\n<div class=\"wp-block-post-date\"><time datetime=\"2023-10-25T01:03:00-03:00\">25\/10\/2023<\/time><\/div>\n\n\n<p><strong>Os Empregos OTIS <\/strong>oferecem aos seus colaboradores sal\u00e1rios fixos compat\u00edveis com a m\u00e9dia do mercado, al\u00e9m de v\u00e1rios benef\u00edcios como vale transporte, vale refei\u00e7\u00e3o, seguro de vida, participa\u00e7\u00e3o de lucros, aux\u00edlio academia, plano m\u00e9dico e plano odontol\u00f3gico. Para fazer parte da equipe alguns crit\u00e9rios devem ser atendidos, a fim de aumentar as chances de contrata\u00e7\u00e3o.&nbsp;<\/p>\n\n\n\n<figure class=\"wp-block-image size-full\"><img loading=\"lazy\" decoding=\"async\" width=\"660\" height=\"330\" src=\"https:\/\/www.vagadeempregorj.com.br\/wp-content\/uploads\/2022\/11\/Empregos-OTIS.png\" alt=\"Empregos OTIS\" class=\"wp-image-35919\" srcset=\"https:\/\/www.vagadeempregorj.com.br\/wp-content\/uploads\/2022\/11\/Empregos-OTIS.png 660w, https:\/\/www.vagadeempregorj.com.br\/wp-content\/uploads\/2022\/11\/Empregos-OTIS-300x150.png 300w, https:\/\/www.vagadeempregorj.com.br\/wp-content\/uploads\/2022\/11\/Empregos-OTIS-150x75.png 150w\" sizes=\"auto, (max-width: 660px) 100vw, 660px\" \/><figcaption class=\"wp-element-caption\">Imagem: OTIS &#8211; Reprodu\u00e7\u00e3o<\/figcaption><\/figure>\n\n\n\n<h2 class=\"wp-block-heading\">Confiras as oportunidades de empregos OTIS&nbsp;<\/h2>\n\n\n\n<p>A empresa OTIS preza pela inclus\u00e3o e diversidade em todas as \u00e1reas de atua\u00e7\u00e3o, oferecendo oportunidades exclusivas para portadores de defici\u00eancia, mulheres, negros, LGBTQIA+, independente de cor, ra\u00e7a ou g\u00eanero. Para garantir a participa\u00e7\u00e3o no processo seletivo, os interessados devem acessar o link \u201cCarreiras OTIS\u201d, e conferir todos os requisitos m\u00ednimos exigidos. Veja, abaixo, as oportunidades dispon\u00edveis no momento.&nbsp;<\/p>\n\n\n\n<ul class=\"wp-block-list\">\n<li>T\u00e9cnicos em Manuten\u00e7\u00e3o de Elevadores \u2014 necess\u00e1rio ensino t\u00e9cnico em el\u00e9trica ou mec\u00e2nica e disponibilidade para atuar de segunda a s\u00e1bado das 8h \u00e0s 16h20;<\/li>\n\n\n\n<li>Auxiliares Aten\u00e7\u00e3o Cliente Exclusivamente para PCD \u2014 ensino m\u00e9dio conclu\u00eddo, habilidades escritas, verbais e disponibilidade para trabalhar em escala 5&#215;2;<\/li>\n\n\n\n<li>T\u00e9cnico em Manuten\u00e7\u00e3o de Elevadores Exclusivamente para Portadores de Defici\u00eancia \u2014 forma\u00e7\u00e3o t\u00e9cnica em mec\u00e2nica ou el\u00e9trica e disponibilidade para atuar de segunda a s\u00e1bado das 8h \u00e0s 16h20.&nbsp;<\/li>\n<\/ul>\n\n\n\n<h3 class=\"wp-block-heading\">Como se candidatar&nbsp;<\/h3>\n\n\n\n<p>Para os interessados em participar do processo seletivo, atender aos crit\u00e9rios m\u00ednimos e morar em regi\u00f5es onde a empresa est\u00e1 contratando ser\u00e1 fundamental. As vagas alteram frequentemente, portanto, caso n\u00e3o encontre nenhuma posi\u00e7\u00e3o que se encaixe em seu perfil, o link de cadastro ficar\u00e1 dispon\u00edvel para novas consultas por tempo indeterminado. Confira o link de participa\u00e7\u00e3o:<\/p>\n\n\n\n<ul class=\"wp-block-list\">\n<li><a href=\"https:\/\/www.vagas.com.br\/empregos\/otis-elevadores\">Carreiras OTIS<\/a>.&nbsp;<\/li>\n<\/ul>\n\n\n\n<p>Antes de finalizar a inscri\u00e7\u00e3o \u00e9 necess\u00e1rio certificar-se de que todos os campos obrigat\u00f3rios foram preenchidos corretamente, a fim de evitar poss\u00edveis transtornos.&nbsp;<\/p>\n\n\n\n<p><strong>Veja tamb\u00e9m: <a href=\"https:\/\/www.vagadeempregorj.com.br\/fr\/empregos-grupo-perto\/\">Empregos Grupo Perto<\/a><\/strong><\/p>\n\n\n\n<h2 class=\"wp-block-heading\">Sobre a empresa OTIS<\/h2>\n\n\n\n<p>A OTIS \u00e9 uma empresa de n\u00edvel mundial, l\u00edder em fabrica\u00e7\u00e3o de escadas rolantes, elevadores, servi\u00e7os e instala\u00e7\u00f5es. A empresa est\u00e1 presente em mais de duzentos pa\u00edses, onde realiza a manuten\u00e7\u00e3o de mais de dois milh\u00f5es de escadas rolantes e elevadores.&nbsp;<\/p>\n\n\n\n<p>Atualmente seu quadro de colaboradores \u00e9 composto por mais de sessenta mil, onde operam em diferentes \u00e1reas da companhia, incluindo profissionais do campo, t\u00e9cnicos que atuam dentro das f\u00e1bricas, especialistas em atividades operacionais e vendas, especialistas em tecnologia digital, engenheiros e diversos outros. Sua equipe \u00e9 de n\u00edvel global, onde atende todos os desafios impostos com alta performance e de maneira \u00e1gil.<\/p>\n\n\n\n<p>A empresa oferece aos seus funcion\u00e1rios a oportunidade de criar ideias e fazerem o uso de suas cria\u00e7\u00f5es, sendo compartilhada dentro de todas as duas unidades espalhadas por todo o mundo, a fim de garantir um melhor atendimento aos seus clientes.&nbsp;<\/p>\n\n\n\n<p>Todos os seus colaboradores contam com oportunidades significativas de crescimento, um ambiente de trabalho onde podem ser voc\u00ea mesmo, sal\u00e1rios e benef\u00edcios atraentes que superam a m\u00e9dia de mercado.&nbsp;<\/p>","protected":false},"excerpt":{"rendered":"<p>Atualizado em Os Empregos OTIS oferecem aos seus colaboradores sal\u00e1rios fixos compat\u00edveis com a m\u00e9dia do mercado, al\u00e9m de v\u00e1rios benef\u00edcios como vale transporte, vale refei\u00e7\u00e3o, seguro de vida, participa\u00e7\u00e3o de lucros, aux\u00edlio academia, plano m\u00e9dico e plano odontol\u00f3gico. Para fazer parte da equipe alguns crit\u00e9rios devem ser atendidos, a fim de aumentar as chances&hellip;&nbsp;<\/p>","protected":false},"author":16,"featured_media":35919,"comment_status":"open","ping_status":"closed","sticky":false,"template":"","format":"standard","meta":{"neve_meta_sidebar":"","neve_meta_container":"","neve_meta_enable_content_width":"","neve_meta_content_width":0,"neve_meta_title_alignment":"","neve_meta_author_avatar":"","neve_post_elements_order":"","neve_meta_disable_header":"","neve_meta_disable_footer":"","neve_meta_disable_title":"","footnotes":""},"categories":[123],"tags":[608,211],"class_list":["post-35898","post","type-post","status-publish","format-standard","has-post-thumbnail","hentry","category-vagas-de-emprego-nacionais","tag-oportunidades","tag-vagas-de-emprego"],"yoast_head":"<!-- This site is optimized with the Yoast SEO plugin v27.5 - https:\/\/yoast.com\/product\/yoast-seo-wordpress\/ -->\n<title>Auxiliar Aten\u00e7\u00e3o Clientes PCD, Almoxarife, T\u00e9cnicos de Manuten\u00e7\u00e3o de Elevadores e muito mais na Empresa OTIS -<\/title>\n<meta name=\"description\" content=\"Veja em Vagas de Emprego RJ as vagas de emprego com e sem experi\u00eancia no seu Estado e Regi\u00e3o!\" \/>\n<meta name=\"robots\" content=\"index, follow, max-snippet:-1, max-image-preview:large, max-video-preview:-1\" \/>\n<link rel=\"canonical\" href=\"https:\/\/www.vagadeempregorj.com.br\/fr\/empregos-otis\/\" \/>\n<meta property=\"og:locale\" content=\"fr_FR\" \/>\n<meta property=\"og:type\" content=\"article\" \/>\n<meta property=\"og:title\" content=\"Auxiliar Aten\u00e7\u00e3o Clientes PCD, Almoxarife, T\u00e9cnicos de Manuten\u00e7\u00e3o de Elevadores e muito mais na Empresa OTIS -\" \/>\n<meta property=\"og:description\" content=\"Veja em Vagas de Emprego RJ as vagas de emprego com e sem experi\u00eancia no seu Estado e Regi\u00e3o!\" \/>\n<meta property=\"og:url\" content=\"https:\/\/www.vagadeempregorj.com.br\/fr\/empregos-otis\/\" \/>\n<meta property=\"article:publisher\" content=\"https:\/\/www.facebook.com\/empregobrasiloficial\" \/>\n<meta property=\"article:published_time\" content=\"2023-10-25T04:03:00+00:00\" \/>\n<meta property=\"og:image\" content=\"https:\/\/www.vagadeempregorj.com.br\/wp-content\/uploads\/2022\/11\/Empregos-OTIS.png\" \/>\n\t<meta property=\"og:image:width\" content=\"660\" \/>\n\t<meta property=\"og:image:height\" content=\"330\" \/>\n\t<meta property=\"og:image:type\" content=\"image\/png\" \/>\n<meta name=\"author\" content=\"Michele\" \/>\n<meta name=\"twitter:card\" content=\"summary_large_image\" \/>\n<meta name=\"twitter:label1\" content=\"Written by\" \/>\n\t<meta name=\"twitter:data1\" content=\"Michele\" \/>\n\t<meta name=\"twitter:label2\" content=\"Est. reading time\" \/>\n\t<meta name=\"twitter:data2\" content=\"3 minutes\" \/>\n<script type=\"application\/ld+json\" class=\"yoast-schema-graph\">{\"@context\":\"https:\\\/\\\/schema.org\",\"@graph\":[{\"@type\":\"Article\",\"@id\":\"https:\\\/\\\/www.vagadeempregorj.com.br\\\/empregos-otis\\\/#article\",\"isPartOf\":{\"@id\":\"https:\\\/\\\/www.vagadeempregorj.com.br\\\/empregos-otis\\\/\"},\"author\":{\"name\":\"Michele\",\"@id\":\"https:\\\/\\\/www.vagadeempregorj.com.br\\\/#\\\/schema\\\/person\\\/3ddb19fa0539706786e502152f3aae95\"},\"headline\":\"Auxiliar Aten\u00e7\u00e3o Clientes PCD, Almoxarife, T\u00e9cnicos de Manuten\u00e7\u00e3o de Elevadores e muito mais na Empresa OTIS\",\"datePublished\":\"2023-10-25T04:03:00+00:00\",\"mainEntityOfPage\":{\"@id\":\"https:\\\/\\\/www.vagadeempregorj.com.br\\\/empregos-otis\\\/\"},\"wordCount\":556,\"commentCount\":0,\"image\":{\"@id\":\"https:\\\/\\\/www.vagadeempregorj.com.br\\\/empregos-otis\\\/#primaryimage\"},\"thumbnailUrl\":\"https:\\\/\\\/www.vagadeempregorj.com.br\\\/wp-content\\\/uploads\\\/2022\\\/11\\\/Empregos-OTIS.png\",\"keywords\":[\"oportunidades\",\"vagas de emprego\"],\"articleSection\":[\"Vagas de Emprego Nacionais\"],\"inLanguage\":\"fr-FR\",\"potentialAction\":[{\"@type\":\"CommentAction\",\"name\":\"Comment\",\"target\":[\"https:\\\/\\\/www.vagadeempregorj.com.br\\\/empregos-otis\\\/#respond\"]}]},{\"@type\":\"WebPage\",\"@id\":\"https:\\\/\\\/www.vagadeempregorj.com.br\\\/empregos-otis\\\/\",\"url\":\"https:\\\/\\\/www.vagadeempregorj.com.br\\\/empregos-otis\\\/\",\"name\":\"Auxiliar Aten\u00e7\u00e3o Clientes PCD, Almoxarife, T\u00e9cnicos de Manuten\u00e7\u00e3o de Elevadores e muito mais na Empresa OTIS -\",\"isPartOf\":{\"@id\":\"https:\\\/\\\/www.vagadeempregorj.com.br\\\/#website\"},\"primaryImageOfPage\":{\"@id\":\"https:\\\/\\\/www.vagadeempregorj.com.br\\\/empregos-otis\\\/#primaryimage\"},\"image\":{\"@id\":\"https:\\\/\\\/www.vagadeempregorj.com.br\\\/empregos-otis\\\/#primaryimage\"},\"thumbnailUrl\":\"https:\\\/\\\/www.vagadeempregorj.com.br\\\/wp-content\\\/uploads\\\/2022\\\/11\\\/Empregos-OTIS.png\",\"datePublished\":\"2023-10-25T04:03:00+00:00\",\"author\":{\"@id\":\"https:\\\/\\\/www.vagadeempregorj.com.br\\\/#\\\/schema\\\/person\\\/3ddb19fa0539706786e502152f3aae95\"},\"description\":\"Veja em Vagas de Emprego RJ as vagas de emprego com e sem experi\u00eancia no seu Estado e Regi\u00e3o!\",\"breadcrumb\":{\"@id\":\"https:\\\/\\\/www.vagadeempregorj.com.br\\\/empregos-otis\\\/#breadcrumb\"},\"inLanguage\":\"fr-FR\",\"potentialAction\":[{\"@type\":\"ReadAction\",\"target\":[\"https:\\\/\\\/www.vagadeempregorj.com.br\\\/empregos-otis\\\/\"]}]},{\"@type\":\"ImageObject\",\"inLanguage\":\"fr-FR\",\"@id\":\"https:\\\/\\\/www.vagadeempregorj.com.br\\\/empregos-otis\\\/#primaryimage\",\"url\":\"https:\\\/\\\/www.vagadeempregorj.com.br\\\/wp-content\\\/uploads\\\/2022\\\/11\\\/Empregos-OTIS.png\",\"contentUrl\":\"https:\\\/\\\/www.vagadeempregorj.com.br\\\/wp-content\\\/uploads\\\/2022\\\/11\\\/Empregos-OTIS.png\",\"width\":660,\"height\":330,\"caption\":\"Imagem: OTIS - Reprodu\u00e7\u00e3o\"},{\"@type\":\"BreadcrumbList\",\"@id\":\"https:\\\/\\\/www.vagadeempregorj.com.br\\\/empregos-otis\\\/#breadcrumb\",\"itemListElement\":[{\"@type\":\"ListItem\",\"position\":1,\"name\":\"In\u00edcio\",\"item\":\"https:\\\/\\\/www.vagadeempregorj.com.br\\\/\"},{\"@type\":\"ListItem\",\"position\":2,\"name\":\"Vagas de Emprego Nacionais\",\"item\":\"https:\\\/\\\/www.vagadeempregorj.com.br\\\/vagas-de-emprego-nacionais\\\/\"},{\"@type\":\"ListItem\",\"position\":3,\"name\":\"Auxiliar Aten\u00e7\u00e3o Clientes PCD, Almoxarife, T\u00e9cnicos de Manuten\u00e7\u00e3o de Elevadores e muito mais na Empresa OTIS\"}]},{\"@type\":\"WebSite\",\"@id\":\"https:\\\/\\\/www.vagadeempregorj.com.br\\\/#website\",\"url\":\"https:\\\/\\\/www.vagadeempregorj.com.br\\\/\",\"name\":\"\",\"description\":\"Conquiste Sonhos: Vagas, Benef\u00edcios e Economia para Transformar Vidas e Alcan\u00e7ar Melhorias Cotidianas\",\"potentialAction\":[{\"@type\":\"SearchAction\",\"target\":{\"@type\":\"EntryPoint\",\"urlTemplate\":\"https:\\\/\\\/www.vagadeempregorj.com.br\\\/?s={search_term_string}\"},\"query-input\":{\"@type\":\"PropertyValueSpecification\",\"valueRequired\":true,\"valueName\":\"search_term_string\"}}],\"inLanguage\":\"fr-FR\"},{\"@type\":\"Person\",\"@id\":\"https:\\\/\\\/www.vagadeempregorj.com.br\\\/#\\\/schema\\\/person\\\/3ddb19fa0539706786e502152f3aae95\",\"name\":\"Michele\",\"image\":{\"@type\":\"ImageObject\",\"inLanguage\":\"fr-FR\",\"@id\":\"https:\\\/\\\/secure.gravatar.com\\\/avatar\\\/6b0eb9d22841282815e2cd856a0061c45e1761cd54b22e952d98c4746939aa85?s=96&r=g\",\"url\":\"https:\\\/\\\/secure.gravatar.com\\\/avatar\\\/6b0eb9d22841282815e2cd856a0061c45e1761cd54b22e952d98c4746939aa85?s=96&r=g\",\"contentUrl\":\"https:\\\/\\\/secure.gravatar.com\\\/avatar\\\/6b0eb9d22841282815e2cd856a0061c45e1761cd54b22e952d98c4746939aa85?s=96&r=g\",\"caption\":\"Michele\"},\"description\":\"Formada em Letras - Portugu\u00eas\\\/ Ingl\u00eas, e idealizadora do site Escritora de Sucesso, busca expandir o conhecimento de todos com informa\u00e7\u00f5es relevantes sobre diversos assuntos, enquanto redatora. No Vaga de Emprego RJ, traz oportunidades e dicas sobre o mercado de trabalho.\",\"url\":\"https:\\\/\\\/www.vagadeempregorj.com.br\\\/fr\\\/author\\\/michele\\\/\"}]}<\/script>\n<!-- \/ Yoast SEO plugin. -->","yoast_head_json":{"title":"Auxiliar Aten\u00e7\u00e3o Clientes PCD, Almoxarife, T\u00e9cnicos de Manuten\u00e7\u00e3o de Elevadores e muito mais na Empresa OTIS -","description":"Veja em Vagas de Emprego RJ as vagas de emprego com e sem experi\u00eancia no seu Estado e Regi\u00e3o!","robots":{"index":"index","follow":"follow","max-snippet":"max-snippet:-1","max-image-preview":"max-image-preview:large","max-video-preview":"max-video-preview:-1"},"canonical":"https:\/\/www.vagadeempregorj.com.br\/fr\/empregos-otis\/","og_locale":"fr_FR","og_type":"article","og_title":"Auxiliar Aten\u00e7\u00e3o Clientes PCD, Almoxarife, T\u00e9cnicos de Manuten\u00e7\u00e3o de Elevadores e muito mais na Empresa OTIS -","og_description":"Veja em Vagas de Emprego RJ as vagas de emprego com e sem experi\u00eancia no seu Estado e Regi\u00e3o!","og_url":"https:\/\/www.vagadeempregorj.com.br\/fr\/empregos-otis\/","article_publisher":"https:\/\/www.facebook.com\/empregobrasiloficial","article_published_time":"2023-10-25T04:03:00+00:00","og_image":[{"width":660,"height":330,"url":"https:\/\/www.vagadeempregorj.com.br\/wp-content\/uploads\/2022\/11\/Empregos-OTIS.png","type":"image\/png"}],"author":"Michele","twitter_card":"summary_large_image","twitter_misc":{"Written by":"Michele","Est. reading time":"3 minutes"},"schema":{"@context":"https:\/\/schema.org","@graph":[{"@type":"Article","@id":"https:\/\/www.vagadeempregorj.com.br\/empregos-otis\/#article","isPartOf":{"@id":"https:\/\/www.vagadeempregorj.com.br\/empregos-otis\/"},"author":{"name":"Michele","@id":"https:\/\/www.vagadeempregorj.com.br\/#\/schema\/person\/3ddb19fa0539706786e502152f3aae95"},"headline":"Auxiliar Aten\u00e7\u00e3o Clientes PCD, Almoxarife, T\u00e9cnicos de Manuten\u00e7\u00e3o de Elevadores e muito mais na Empresa OTIS","datePublished":"2023-10-25T04:03:00+00:00","mainEntityOfPage":{"@id":"https:\/\/www.vagadeempregorj.com.br\/empregos-otis\/"},"wordCount":556,"commentCount":0,"image":{"@id":"https:\/\/www.vagadeempregorj.com.br\/empregos-otis\/#primaryimage"},"thumbnailUrl":"https:\/\/www.vagadeempregorj.com.br\/wp-content\/uploads\/2022\/11\/Empregos-OTIS.png","keywords":["oportunidades","vagas de emprego"],"articleSection":["Vagas de Emprego Nacionais"],"inLanguage":"fr-FR","potentialAction":[{"@type":"CommentAction","name":"Comment","target":["https:\/\/www.vagadeempregorj.com.br\/empregos-otis\/#respond"]}]},{"@type":"WebPage","@id":"https:\/\/www.vagadeempregorj.com.br\/empregos-otis\/","url":"https:\/\/www.vagadeempregorj.com.br\/empregos-otis\/","name":"Auxiliar Aten\u00e7\u00e3o Clientes PCD, Almoxarife, T\u00e9cnicos de Manuten\u00e7\u00e3o de Elevadores e muito mais na Empresa OTIS -","isPartOf":{"@id":"https:\/\/www.vagadeempregorj.com.br\/#website"},"primaryImageOfPage":{"@id":"https:\/\/www.vagadeempregorj.com.br\/empregos-otis\/#primaryimage"},"image":{"@id":"https:\/\/www.vagadeempregorj.com.br\/empregos-otis\/#primaryimage"},"thumbnailUrl":"https:\/\/www.vagadeempregorj.com.br\/wp-content\/uploads\/2022\/11\/Empregos-OTIS.png","datePublished":"2023-10-25T04:03:00+00:00","author":{"@id":"https:\/\/www.vagadeempregorj.com.br\/#\/schema\/person\/3ddb19fa0539706786e502152f3aae95"},"description":"Veja em Vagas de Emprego RJ as vagas de emprego com e sem experi\u00eancia no seu Estado e Regi\u00e3o!","breadcrumb":{"@id":"https:\/\/www.vagadeempregorj.com.br\/empregos-otis\/#breadcrumb"},"inLanguage":"fr-FR","potentialAction":[{"@type":"ReadAction","target":["https:\/\/www.vagadeempregorj.com.br\/empregos-otis\/"]}]},{"@type":"ImageObject","inLanguage":"fr-FR","@id":"https:\/\/www.vagadeempregorj.com.br\/empregos-otis\/#primaryimage","url":"https:\/\/www.vagadeempregorj.com.br\/wp-content\/uploads\/2022\/11\/Empregos-OTIS.png","contentUrl":"https:\/\/www.vagadeempregorj.com.br\/wp-content\/uploads\/2022\/11\/Empregos-OTIS.png","width":660,"height":330,"caption":"Imagem: OTIS - Reprodu\u00e7\u00e3o"},{"@type":"BreadcrumbList","@id":"https:\/\/www.vagadeempregorj.com.br\/empregos-otis\/#breadcrumb","itemListElement":[{"@type":"ListItem","position":1,"name":"In\u00edcio","item":"https:\/\/www.vagadeempregorj.com.br\/"},{"@type":"ListItem","position":2,"name":"Vagas de Emprego Nacionais","item":"https:\/\/www.vagadeempregorj.com.br\/vagas-de-emprego-nacionais\/"},{"@type":"ListItem","position":3,"name":"Auxiliar Aten\u00e7\u00e3o Clientes PCD, Almoxarife, T\u00e9cnicos de Manuten\u00e7\u00e3o de Elevadores e muito mais na Empresa OTIS"}]},{"@type":"WebSite","@id":"https:\/\/www.vagadeempregorj.com.br\/#website","url":"https:\/\/www.vagadeempregorj.com.br\/","name":"","description":"Conquiste Sonhos: Vagas, Benef\u00edcios e Economia para Transformar Vidas e Alcan\u00e7ar Melhorias Cotidianas","potentialAction":[{"@type":"SearchAction","target":{"@type":"EntryPoint","urlTemplate":"https:\/\/www.vagadeempregorj.com.br\/?s={search_term_string}"},"query-input":{"@type":"PropertyValueSpecification","valueRequired":true,"valueName":"search_term_string"}}],"inLanguage":"fr-FR"},{"@type":"Person","@id":"https:\/\/www.vagadeempregorj.com.br\/#\/schema\/person\/3ddb19fa0539706786e502152f3aae95","name":"Michele","image":{"@type":"ImageObject","inLanguage":"fr-FR","@id":"https:\/\/secure.gravatar.com\/avatar\/6b0eb9d22841282815e2cd856a0061c45e1761cd54b22e952d98c4746939aa85?s=96&r=g","url":"https:\/\/secure.gravatar.com\/avatar\/6b0eb9d22841282815e2cd856a0061c45e1761cd54b22e952d98c4746939aa85?s=96&r=g","contentUrl":"https:\/\/secure.gravatar.com\/avatar\/6b0eb9d22841282815e2cd856a0061c45e1761cd54b22e952d98c4746939aa85?s=96&r=g","caption":"Michele"},"description":"Formada em Letras - Portugu\u00eas\/ Ingl\u00eas, e idealizadora do site Escritora de Sucesso, busca expandir o conhecimento de todos com informa\u00e7\u00f5es relevantes sobre diversos assuntos, enquanto redatora. No Vaga de Emprego RJ, traz oportunidades e dicas sobre o mercado de trabalho.","url":"https:\/\/www.vagadeempregorj.com.br\/fr\/author\/michele\/"}]}},"_links":{"self":[{"href":"https:\/\/www.vagadeempregorj.com.br\/fr\/wp-json\/wp\/v2\/posts\/35898","targetHints":{"allow":["GET"]}}],"collection":[{"href":"https:\/\/www.vagadeempregorj.com.br\/fr\/wp-json\/wp\/v2\/posts"}],"about":[{"href":"https:\/\/www.vagadeempregorj.com.br\/fr\/wp-json\/wp\/v2\/types\/post"}],"author":[{"embeddable":true,"href":"https:\/\/www.vagadeempregorj.com.br\/fr\/wp-json\/wp\/v2\/users\/16"}],"replies":[{"embeddable":true,"href":"https:\/\/www.vagadeempregorj.com.br\/fr\/wp-json\/wp\/v2\/comments?post=35898"}],"version-history":[{"count":0,"href":"https:\/\/www.vagadeempregorj.com.br\/fr\/wp-json\/wp\/v2\/posts\/35898\/revisions"}],"wp:featuredmedia":[{"embeddable":true,"href":"https:\/\/www.vagadeempregorj.com.br\/fr\/wp-json\/wp\/v2\/media\/35919"}],"wp:attachment":[{"href":"https:\/\/www.vagadeempregorj.com.br\/fr\/wp-json\/wp\/v2\/media?parent=35898"}],"wp:term":[{"taxonomy":"category","embeddable":true,"href":"https:\/\/www.vagadeempregorj.com.br\/fr\/wp-json\/wp\/v2\/categories?post=35898"},{"taxonomy":"post_tag","embeddable":true,"href":"https:\/\/www.vagadeempregorj.com.br\/fr\/wp-json\/wp\/v2\/tags?post=35898"}],"curies":[{"name":"wp","href":"https:\/\/api.w.org\/{rel}","templated":true}]}}