{"id":35980,"date":"2023-10-26T01:02:00","date_gmt":"2023-10-26T04:02:00","guid":{"rendered":"https:\/\/www.vagadeempregorj.com.br\/?p=35980"},"modified":"2023-10-25T10:20:02","modified_gmt":"2023-10-25T13:20:02","slug":"empregos-estacio-2","status":"publish","type":"post","link":"https:\/\/www.vagadeempregorj.com.br\/fr\/empregos-estacio-2\/","title":{"rendered":"Assistente Administrativo PCD, Auxiliar Administrativo, Auxiliar de Inform\u00e1tica e muito mais na Empresa Est\u00e1cio"},"content":{"rendered":"<p>Atualizado em<\/p>\n\n\n<div class=\"wp-block-post-date\"><time datetime=\"2023-10-26T01:02:00-03:00\">26\/10\/2023<\/time><\/div>\n\n\n<p>Os <strong>Empregos Est\u00e1cio <\/strong>se destacam no mercado de trabalho por causa de seus benef\u00edcios. \u00c9 uma das maiores e mais respeitadas institui\u00e7\u00f5es de educa\u00e7\u00e3o do Brasil. Por mais de 50 anos, fornecem oportunidades educacionais de qualidade em escala. Com presen\u00e7a nacional, oferecendo cursos de gradua\u00e7\u00e3o, p\u00f3s-gradua\u00e7\u00e3o e p\u00fablicos, inclusive presenciais e digitais, buscam constantemente a qualidade acad\u00eamica e o investimento no ensino para garantir que as suas institui\u00e7\u00f5es e programas sejam reconhecidos pelo MEC por sua filosofia de alta qualidade. <\/p>\n\n\n\n<p>Eles sempre se esfor\u00e7am para aprimorar o talento para revelar a carreira de cada aluno. Os alunos tamb\u00e9m sabem que em cada diamante identificam um diamante a ser lapidado. Juntos formam uma comunidade com diferentes imagens e sonhos em todos os cantos do Brasil. A empresa faz mais do que conceder diplomas, ela cria as condi\u00e7\u00f5es para escrever novas hist\u00f3rias de vida.<\/p>\n\n\n\n<figure class=\"wp-block-image size-full\"><img loading=\"lazy\" decoding=\"async\" width=\"450\" height=\"221\" src=\"https:\/\/www.vagadeempregorj.com.br\/wp-content\/uploads\/2022\/11\/Empregos-Estacio.png\" alt=\"Empregos Est\u00e1cio\" class=\"wp-image-35985\" srcset=\"https:\/\/www.vagadeempregorj.com.br\/wp-content\/uploads\/2022\/11\/Empregos-Estacio.png 450w, https:\/\/www.vagadeempregorj.com.br\/wp-content\/uploads\/2022\/11\/Empregos-Estacio-300x147.png 300w, https:\/\/www.vagadeempregorj.com.br\/wp-content\/uploads\/2022\/11\/Empregos-Estacio-150x74.png 150w\" sizes=\"auto, (max-width: 450px) 100vw, 450px\" \/><\/figure>\n\n\n\n<h2 class=\"wp-block-heading\">Conhe\u00e7a todas as vagas de Empregos Est\u00e1cio<\/h2>\n\n\n\n<p>A maior parte das oportunidades s\u00e3o para docentes e todas elas est\u00e3o abertas para pessoas com defici\u00eancia. veja todos os cargos abaixo:<\/p>\n\n\n\n<ul class=\"wp-block-list\">\n<li>PRECEPTOR \u2013 ODONTOLOGIA;<\/li>\n\n\n\n<li>RESPONS\u00c1VEL NAAP;<\/li>\n\n\n\n<li>TUTOR EAD \u2013 PCD;<\/li>\n\n\n\n<li>PRECEPTOR \u2013 BIOMEDICINA;<\/li>\n\n\n\n<li>ADVOGADO ORIENTADOR PL;<\/li>\n\n\n\n<li>PROFESSOR AUXILIAR &#8211; PROPED\u00caUTICA M\u00c9DICA;<\/li>\n\n\n\n<li>ASS. ADMINISTRATIVO \u2013 PCD;<\/li>\n\n\n\n<li>SUPERV. ADMINISTRATIVO FINANCEIRO;<\/li>\n\n\n\n<li>PRECEPTOR &#8211; NUTRI\u00c7\u00c3O CL\u00cdNICA;<\/li>\n\n\n\n<li>ASS. DE GENTE E GEST\u00c3O;<\/li>\n\n\n\n<li>TRADUTOR E INT\u00c9RPRETE DE LINGUAGEM DE SINAIS;<\/li>\n\n\n\n<li>PRECEPTOR &#8211; EDUCA\u00c7\u00c3O F\u00cdSICA;<\/li>\n\n\n\n<li>AUX. ADMINISTRATIVO;<\/li>\n\n\n\n<li>ORIENTADOR EDUCACIONAL \u2013 FISIOTERAPIA;<\/li>\n\n\n\n<li>PRECEPTOR &#8211; NUTRI\u00c7\u00c3O EM SA\u00daDE COLETIVA;<\/li>\n\n\n\n<li>AUX. DE T.I \u2013 PCD;<\/li>\n\n\n\n<li>COORD. DE CURSO &#8211; Publicidade e Propaganda;<\/li>\n\n\n\n<li>AUX. INFORM\u00c1TICA;<\/li>\n\n\n\n<li>ORIENTADOR EDUCACIONAL &#8211; EDUCA\u00c7\u00c3O F\u00cdSICA;<\/li>\n\n\n\n<li>PRECEPTOR &#8211; ENSINO CL\u00cdNICO EM SA\u00daDE ADULTO IDOSO;<\/li>\n\n\n\n<li>CONSULTOR COMERCIAL;<\/li>\n\n\n\n<li>PRECEPTOR &#8211; EST\u00c1GIO\/BIOMEDICINA;<\/li>\n\n\n\n<li>COORD. DE RELACIONAMENTO;<\/li>\n\n\n\n<li>L\u00cdDER DE SALA DE MATR\u00cdCULA;<\/li>\n\n\n\n<li>COORD. DE CURSO \u2013 BIOMEDICINA;<\/li>\n\n\n\n<li>PRECEPTOR &#8211; EST\u00c1GIO\/PSICOLOGIA;<\/li>\n\n\n\n<li>INSPETOR DE ALUNOS \u2013 PCD;<\/li>\n\n\n\n<li>COORD. DE CURSO \u2013 DIREITO;<\/li>\n\n\n\n<li>PRECEPTOR \u2013 FARM\u00c1CIA;<\/li>\n\n\n\n<li>INT\u00c9RPRETE LEDOR;<\/li>\n\n\n\n<li>COORD. DE CURSO \u2013 ENFERMAGEM;<\/li>\n\n\n\n<li>PRECEPTOR PARA CURSO DE FARM\u00c1CIA;<\/li>\n\n\n\n<li>COORD. DE CURSO &#8211; ENGENHARIA CIVIL;<\/li>\n\n\n\n<li>PROFESSOR AUXILIAR \u2013 FARM\u00c1CIA;<\/li>\n\n\n\n<li>COORD. DE CURSO \u2013 JORNALISMO;<\/li>\n\n\n\n<li>PRECEPTOR &#8211; PR\u00c1TICA SUPERVISIONADO EST\u00c1GIO \u2013 FISIOTERAPIA;<\/li>\n\n\n\n<li>COORD. DE CURSO &#8211; MEDICINA VETERIN\u00c1RIA;<\/li>\n\n\n\n<li>PROFESSOR AUXILIAR &#8211; AUDIOVISUAL \/ NARRATIVAS MIDI\u00c1TICAS;<\/li>\n\n\n\n<li>COORD. DE CURSO \u2013 NUTRI\u00c7\u00c3O;<\/li>\n\n\n\n<li>PRECEPTOR \u2013 PSICOLOGIA;<\/li>\n\n\n\n<li>COORD. DE CURSO \u2013 PSICOLOGIA;<\/li>\n\n\n\n<li>ORIENTADOR EDUCACIONAL \u2013 NUTRI\u00c7\u00c3O;<\/li>\n\n\n\n<li>PRECEPTOR &#8211; BACHARELADO EM ENFERMAGEM.<\/li>\n<\/ul>\n\n\n\n<p><strong>Veja tamb\u00e9m: <a href=\"https:\/\/www.vagadeempregorj.com.br\/fr\/empregos-kanui\/\">Est\u00e1gios, L\u00edder de Preven\u00e7\u00e3o de Perdas, Analistas e muito mais na Empresa Kanui<\/a><\/strong><\/p>\n\n\n\n<h3 class=\"wp-block-heading\">Como se candidatar<\/h3>\n\n\n\n<p>Para enviar o seu curr\u00edculo para qualquer uma das fun\u00e7\u00f5es divulgadas, \u00e9 preciso acessar o site do processo de sele\u00e7\u00e3o. Par isso, basta clicar no link abaixo.<\/p>\n\n\n\n<ul class=\"wp-block-list\">\n<li><a href=\"https:\/\/vempraestacio.gupy.io\/\">Vagas Est\u00e1cio.<\/a><\/li>\n<\/ul>\n\n\n\n<p>Em seguida, encontre o cargo desejado e leia todos os requisitos da vaga com muita aten\u00e7\u00e3o para se certificar que ela \u00e9 correspondente com o seu perfil, uma vez que a maioria delas exige experi\u00eancia anterior na fun\u00e7\u00e3o, entre outros crit\u00e9rios. Em caso positivo, cadastre-se no site caso seja a sua primeira vez na plataforma.<\/p>\n\n\n\n<p>Na hora da entrevista \u00e9 preciso estar preparado, geralmente \u00e9 realizada uma prova com quest\u00f5es de portugu\u00eas e matem\u00e1tica, assim como din\u00e2mica em grupos. Tamb\u00e9m \u00e9 perguntado por que o candidato deseja trabalhar na empresa, qual sua pretens\u00e3o, seus defeitos e qualidades.<\/p>\n\n\n\n<h2 class=\"wp-block-heading\">Sobre a Est\u00e1cio<\/h2>\n\n\n\n<p>A empresa possui profissionais que valorizam a inova\u00e7\u00e3o em um ambiente diversificado com simplicidade e \u00e9tica. Suas iniciativas s\u00e3o sempre centradas no aluno, pois veem o sucesso deles como o seu. Com uma forte apropria\u00e7\u00e3o da cultura digital, apostam no desenvolvimento de m\u00e9todos e conte\u00fados que reflitam os desafios e necessidades do nosso tempo.<\/p>\n\n\n\n<p>Possuem uma equipe muito s\u00eanior e competente de l\u00edderes seniores que os guiam com confian\u00e7a na estrat\u00e9gia da organiza\u00e7\u00e3o. Est\u00e3o comprometidos em contribuir para a redu\u00e7\u00e3o das quest\u00f5es estrat\u00e9gicas de diversidade e inclus\u00e3o no pa\u00eds, implementando um programa estruturado e mantendo esse tema na agenda da alta lideran\u00e7a. S\u00e3o apaixonados pelo engajamento dos colaboradores e implementamos um programa eNPS estruturado, executado por 5 equipes em paralelo, focado na melhoria cont\u00ednua da experi\u00eancia dos colaboradores.<\/p>\n\n\n\n<p>Em 3 meses ap\u00f3s o lan\u00e7amento, implementaram 14 melhorias focadas em oportunidades de carreira e infraestrutura digital. Valorizam a meritocracia, como evidenciado pelo fato de que 63% de nossas vagas ser\u00e3o preenchidas por funcion\u00e1rios internos em 2021.<\/p>","protected":false},"excerpt":{"rendered":"<p>Atualizado em Os Empregos Est\u00e1cio se destacam no mercado de trabalho por causa de seus benef\u00edcios. \u00c9 uma das maiores e mais respeitadas institui\u00e7\u00f5es de educa\u00e7\u00e3o do Brasil. Por mais de 50 anos, fornecem oportunidades educacionais de qualidade em escala. Com presen\u00e7a nacional, oferecendo cursos de gradua\u00e7\u00e3o, p\u00f3s-gradua\u00e7\u00e3o e p\u00fablicos, inclusive presenciais e digitais, buscam&hellip;&nbsp;<\/p>","protected":false},"author":16,"featured_media":35985,"comment_status":"open","ping_status":"closed","sticky":false,"template":"","format":"standard","meta":{"neve_meta_sidebar":"","neve_meta_container":"","neve_meta_enable_content_width":"","neve_meta_content_width":0,"neve_meta_title_alignment":"","neve_meta_author_avatar":"","neve_post_elements_order":"","neve_meta_disable_header":"","neve_meta_disable_footer":"","neve_meta_disable_title":"","footnotes":""},"categories":[123],"tags":[616,608,211],"class_list":["post-35980","post","type-post","status-publish","format-standard","has-post-thumbnail","hentry","category-vagas-de-emprego-nacionais","tag-estacio","tag-oportunidades","tag-vagas-de-emprego"],"yoast_head":"<!-- This site is optimized with the Yoast SEO plugin v27.5 - https:\/\/yoast.com\/product\/yoast-seo-wordpress\/ -->\n<title>Assistente Administrativo PCD, Auxiliar Administrativo, Auxiliar de Inform\u00e1tica e muito mais na Empresa Est\u00e1cio -<\/title>\n<meta name=\"description\" content=\"Veja em Vagas de Emprego RJ as vagas de emprego com e sem experi\u00eancia no seu Estado e Regi\u00e3o!\" \/>\n<meta name=\"robots\" content=\"index, follow, max-snippet:-1, max-image-preview:large, max-video-preview:-1\" \/>\n<link rel=\"canonical\" href=\"https:\/\/www.vagadeempregorj.com.br\/fr\/empregos-estacio-2\/\" \/>\n<meta property=\"og:locale\" content=\"fr_FR\" \/>\n<meta property=\"og:type\" content=\"article\" \/>\n<meta property=\"og:title\" content=\"Assistente Administrativo PCD, Auxiliar Administrativo, Auxiliar de Inform\u00e1tica e muito mais na Empresa Est\u00e1cio -\" \/>\n<meta property=\"og:description\" content=\"Veja em Vagas de Emprego RJ as vagas de emprego com e sem experi\u00eancia no seu Estado e Regi\u00e3o!\" \/>\n<meta property=\"og:url\" content=\"https:\/\/www.vagadeempregorj.com.br\/fr\/empregos-estacio-2\/\" \/>\n<meta property=\"article:publisher\" content=\"https:\/\/www.facebook.com\/empregobrasiloficial\" \/>\n<meta property=\"article:published_time\" content=\"2023-10-26T04:02:00+00:00\" \/>\n<meta property=\"og:image\" content=\"https:\/\/www.vagadeempregorj.com.br\/wp-content\/uploads\/2022\/11\/Empregos-Estacio.png\" \/>\n\t<meta property=\"og:image:width\" content=\"450\" \/>\n\t<meta property=\"og:image:height\" content=\"221\" \/>\n\t<meta property=\"og:image:type\" content=\"image\/png\" \/>\n<meta name=\"author\" content=\"Michele\" \/>\n<meta name=\"twitter:card\" content=\"summary_large_image\" \/>\n<meta name=\"twitter:label1\" content=\"Written by\" \/>\n\t<meta name=\"twitter:data1\" content=\"Michele\" \/>\n\t<meta name=\"twitter:label2\" content=\"Est. reading time\" \/>\n\t<meta name=\"twitter:data2\" content=\"4 minutes\" \/>\n<script type=\"application\/ld+json\" class=\"yoast-schema-graph\">{\"@context\":\"https:\\\/\\\/schema.org\",\"@graph\":[{\"@type\":\"Article\",\"@id\":\"https:\\\/\\\/www.vagadeempregorj.com.br\\\/empregos-estacio-2\\\/#article\",\"isPartOf\":{\"@id\":\"https:\\\/\\\/www.vagadeempregorj.com.br\\\/empregos-estacio-2\\\/\"},\"author\":{\"name\":\"Michele\",\"@id\":\"https:\\\/\\\/www.vagadeempregorj.com.br\\\/#\\\/schema\\\/person\\\/3ddb19fa0539706786e502152f3aae95\"},\"headline\":\"Assistente Administrativo PCD, Auxiliar Administrativo, Auxiliar de Inform\u00e1tica e muito mais na Empresa Est\u00e1cio\",\"datePublished\":\"2023-10-26T04:02:00+00:00\",\"mainEntityOfPage\":{\"@id\":\"https:\\\/\\\/www.vagadeempregorj.com.br\\\/empregos-estacio-2\\\/\"},\"wordCount\":755,\"commentCount\":0,\"image\":{\"@id\":\"https:\\\/\\\/www.vagadeempregorj.com.br\\\/empregos-estacio-2\\\/#primaryimage\"},\"thumbnailUrl\":\"https:\\\/\\\/www.vagadeempregorj.com.br\\\/wp-content\\\/uploads\\\/2022\\\/11\\\/Empregos-Estacio.png\",\"keywords\":[\"Est\u00e1cio\",\"oportunidades\",\"vagas de emprego\"],\"articleSection\":[\"Vagas de Emprego Nacionais\"],\"inLanguage\":\"fr-FR\",\"potentialAction\":[{\"@type\":\"CommentAction\",\"name\":\"Comment\",\"target\":[\"https:\\\/\\\/www.vagadeempregorj.com.br\\\/empregos-estacio-2\\\/#respond\"]}]},{\"@type\":\"WebPage\",\"@id\":\"https:\\\/\\\/www.vagadeempregorj.com.br\\\/empregos-estacio-2\\\/\",\"url\":\"https:\\\/\\\/www.vagadeempregorj.com.br\\\/empregos-estacio-2\\\/\",\"name\":\"Assistente Administrativo PCD, Auxiliar Administrativo, Auxiliar de Inform\u00e1tica e muito mais na Empresa Est\u00e1cio -\",\"isPartOf\":{\"@id\":\"https:\\\/\\\/www.vagadeempregorj.com.br\\\/#website\"},\"primaryImageOfPage\":{\"@id\":\"https:\\\/\\\/www.vagadeempregorj.com.br\\\/empregos-estacio-2\\\/#primaryimage\"},\"image\":{\"@id\":\"https:\\\/\\\/www.vagadeempregorj.com.br\\\/empregos-estacio-2\\\/#primaryimage\"},\"thumbnailUrl\":\"https:\\\/\\\/www.vagadeempregorj.com.br\\\/wp-content\\\/uploads\\\/2022\\\/11\\\/Empregos-Estacio.png\",\"datePublished\":\"2023-10-26T04:02:00+00:00\",\"author\":{\"@id\":\"https:\\\/\\\/www.vagadeempregorj.com.br\\\/#\\\/schema\\\/person\\\/3ddb19fa0539706786e502152f3aae95\"},\"description\":\"Veja em Vagas de Emprego RJ as vagas de emprego com e sem experi\u00eancia no seu Estado e Regi\u00e3o!\",\"breadcrumb\":{\"@id\":\"https:\\\/\\\/www.vagadeempregorj.com.br\\\/empregos-estacio-2\\\/#breadcrumb\"},\"inLanguage\":\"fr-FR\",\"potentialAction\":[{\"@type\":\"ReadAction\",\"target\":[\"https:\\\/\\\/www.vagadeempregorj.com.br\\\/empregos-estacio-2\\\/\"]}]},{\"@type\":\"ImageObject\",\"inLanguage\":\"fr-FR\",\"@id\":\"https:\\\/\\\/www.vagadeempregorj.com.br\\\/empregos-estacio-2\\\/#primaryimage\",\"url\":\"https:\\\/\\\/www.vagadeempregorj.com.br\\\/wp-content\\\/uploads\\\/2022\\\/11\\\/Empregos-Estacio.png\",\"contentUrl\":\"https:\\\/\\\/www.vagadeempregorj.com.br\\\/wp-content\\\/uploads\\\/2022\\\/11\\\/Empregos-Estacio.png\",\"width\":450,\"height\":221,\"caption\":\"Empregos Est\u00e1cio\"},{\"@type\":\"BreadcrumbList\",\"@id\":\"https:\\\/\\\/www.vagadeempregorj.com.br\\\/empregos-estacio-2\\\/#breadcrumb\",\"itemListElement\":[{\"@type\":\"ListItem\",\"position\":1,\"name\":\"In\u00edcio\",\"item\":\"https:\\\/\\\/www.vagadeempregorj.com.br\\\/\"},{\"@type\":\"ListItem\",\"position\":2,\"name\":\"Vagas de Emprego Nacionais\",\"item\":\"https:\\\/\\\/www.vagadeempregorj.com.br\\\/vagas-de-emprego-nacionais\\\/\"},{\"@type\":\"ListItem\",\"position\":3,\"name\":\"Assistente Administrativo PCD, Auxiliar Administrativo, Auxiliar de Inform\u00e1tica e muito mais na Empresa Est\u00e1cio\"}]},{\"@type\":\"WebSite\",\"@id\":\"https:\\\/\\\/www.vagadeempregorj.com.br\\\/#website\",\"url\":\"https:\\\/\\\/www.vagadeempregorj.com.br\\\/\",\"name\":\"\",\"description\":\"Conquiste Sonhos: Vagas, Benef\u00edcios e Economia para Transformar Vidas e Alcan\u00e7ar Melhorias Cotidianas\",\"potentialAction\":[{\"@type\":\"SearchAction\",\"target\":{\"@type\":\"EntryPoint\",\"urlTemplate\":\"https:\\\/\\\/www.vagadeempregorj.com.br\\\/?s={search_term_string}\"},\"query-input\":{\"@type\":\"PropertyValueSpecification\",\"valueRequired\":true,\"valueName\":\"search_term_string\"}}],\"inLanguage\":\"fr-FR\"},{\"@type\":\"Person\",\"@id\":\"https:\\\/\\\/www.vagadeempregorj.com.br\\\/#\\\/schema\\\/person\\\/3ddb19fa0539706786e502152f3aae95\",\"name\":\"Michele\",\"image\":{\"@type\":\"ImageObject\",\"inLanguage\":\"fr-FR\",\"@id\":\"https:\\\/\\\/secure.gravatar.com\\\/avatar\\\/6b0eb9d22841282815e2cd856a0061c45e1761cd54b22e952d98c4746939aa85?s=96&r=g\",\"url\":\"https:\\\/\\\/secure.gravatar.com\\\/avatar\\\/6b0eb9d22841282815e2cd856a0061c45e1761cd54b22e952d98c4746939aa85?s=96&r=g\",\"contentUrl\":\"https:\\\/\\\/secure.gravatar.com\\\/avatar\\\/6b0eb9d22841282815e2cd856a0061c45e1761cd54b22e952d98c4746939aa85?s=96&r=g\",\"caption\":\"Michele\"},\"description\":\"Formada em Letras - Portugu\u00eas\\\/ Ingl\u00eas, e idealizadora do site Escritora de Sucesso, busca expandir o conhecimento de todos com informa\u00e7\u00f5es relevantes sobre diversos assuntos, enquanto redatora. No Vaga de Emprego RJ, traz oportunidades e dicas sobre o mercado de trabalho.\",\"url\":\"https:\\\/\\\/www.vagadeempregorj.com.br\\\/fr\\\/author\\\/michele\\\/\"}]}<\/script>\n<!-- \/ Yoast SEO plugin. -->","yoast_head_json":{"title":"Assistente Administrativo PCD, Auxiliar Administrativo, Auxiliar de Inform\u00e1tica e muito mais na Empresa Est\u00e1cio -","description":"Veja em Vagas de Emprego RJ as vagas de emprego com e sem experi\u00eancia no seu Estado e Regi\u00e3o!","robots":{"index":"index","follow":"follow","max-snippet":"max-snippet:-1","max-image-preview":"max-image-preview:large","max-video-preview":"max-video-preview:-1"},"canonical":"https:\/\/www.vagadeempregorj.com.br\/fr\/empregos-estacio-2\/","og_locale":"fr_FR","og_type":"article","og_title":"Assistente Administrativo PCD, Auxiliar Administrativo, Auxiliar de Inform\u00e1tica e muito mais na Empresa Est\u00e1cio -","og_description":"Veja em Vagas de Emprego RJ as vagas de emprego com e sem experi\u00eancia no seu Estado e Regi\u00e3o!","og_url":"https:\/\/www.vagadeempregorj.com.br\/fr\/empregos-estacio-2\/","article_publisher":"https:\/\/www.facebook.com\/empregobrasiloficial","article_published_time":"2023-10-26T04:02:00+00:00","og_image":[{"width":450,"height":221,"url":"https:\/\/www.vagadeempregorj.com.br\/wp-content\/uploads\/2022\/11\/Empregos-Estacio.png","type":"image\/png"}],"author":"Michele","twitter_card":"summary_large_image","twitter_misc":{"Written by":"Michele","Est. reading time":"4 minutes"},"schema":{"@context":"https:\/\/schema.org","@graph":[{"@type":"Article","@id":"https:\/\/www.vagadeempregorj.com.br\/empregos-estacio-2\/#article","isPartOf":{"@id":"https:\/\/www.vagadeempregorj.com.br\/empregos-estacio-2\/"},"author":{"name":"Michele","@id":"https:\/\/www.vagadeempregorj.com.br\/#\/schema\/person\/3ddb19fa0539706786e502152f3aae95"},"headline":"Assistente Administrativo PCD, Auxiliar Administrativo, Auxiliar de Inform\u00e1tica e muito mais na Empresa Est\u00e1cio","datePublished":"2023-10-26T04:02:00+00:00","mainEntityOfPage":{"@id":"https:\/\/www.vagadeempregorj.com.br\/empregos-estacio-2\/"},"wordCount":755,"commentCount":0,"image":{"@id":"https:\/\/www.vagadeempregorj.com.br\/empregos-estacio-2\/#primaryimage"},"thumbnailUrl":"https:\/\/www.vagadeempregorj.com.br\/wp-content\/uploads\/2022\/11\/Empregos-Estacio.png","keywords":["Est\u00e1cio","oportunidades","vagas de emprego"],"articleSection":["Vagas de Emprego Nacionais"],"inLanguage":"fr-FR","potentialAction":[{"@type":"CommentAction","name":"Comment","target":["https:\/\/www.vagadeempregorj.com.br\/empregos-estacio-2\/#respond"]}]},{"@type":"WebPage","@id":"https:\/\/www.vagadeempregorj.com.br\/empregos-estacio-2\/","url":"https:\/\/www.vagadeempregorj.com.br\/empregos-estacio-2\/","name":"Assistente Administrativo PCD, Auxiliar Administrativo, Auxiliar de Inform\u00e1tica e muito mais na Empresa Est\u00e1cio -","isPartOf":{"@id":"https:\/\/www.vagadeempregorj.com.br\/#website"},"primaryImageOfPage":{"@id":"https:\/\/www.vagadeempregorj.com.br\/empregos-estacio-2\/#primaryimage"},"image":{"@id":"https:\/\/www.vagadeempregorj.com.br\/empregos-estacio-2\/#primaryimage"},"thumbnailUrl":"https:\/\/www.vagadeempregorj.com.br\/wp-content\/uploads\/2022\/11\/Empregos-Estacio.png","datePublished":"2023-10-26T04:02:00+00:00","author":{"@id":"https:\/\/www.vagadeempregorj.com.br\/#\/schema\/person\/3ddb19fa0539706786e502152f3aae95"},"description":"Veja em Vagas de Emprego RJ as vagas de emprego com e sem experi\u00eancia no seu Estado e Regi\u00e3o!","breadcrumb":{"@id":"https:\/\/www.vagadeempregorj.com.br\/empregos-estacio-2\/#breadcrumb"},"inLanguage":"fr-FR","potentialAction":[{"@type":"ReadAction","target":["https:\/\/www.vagadeempregorj.com.br\/empregos-estacio-2\/"]}]},{"@type":"ImageObject","inLanguage":"fr-FR","@id":"https:\/\/www.vagadeempregorj.com.br\/empregos-estacio-2\/#primaryimage","url":"https:\/\/www.vagadeempregorj.com.br\/wp-content\/uploads\/2022\/11\/Empregos-Estacio.png","contentUrl":"https:\/\/www.vagadeempregorj.com.br\/wp-content\/uploads\/2022\/11\/Empregos-Estacio.png","width":450,"height":221,"caption":"Empregos Est\u00e1cio"},{"@type":"BreadcrumbList","@id":"https:\/\/www.vagadeempregorj.com.br\/empregos-estacio-2\/#breadcrumb","itemListElement":[{"@type":"ListItem","position":1,"name":"In\u00edcio","item":"https:\/\/www.vagadeempregorj.com.br\/"},{"@type":"ListItem","position":2,"name":"Vagas de Emprego Nacionais","item":"https:\/\/www.vagadeempregorj.com.br\/vagas-de-emprego-nacionais\/"},{"@type":"ListItem","position":3,"name":"Assistente Administrativo PCD, Auxiliar Administrativo, Auxiliar de Inform\u00e1tica e muito mais na Empresa Est\u00e1cio"}]},{"@type":"WebSite","@id":"https:\/\/www.vagadeempregorj.com.br\/#website","url":"https:\/\/www.vagadeempregorj.com.br\/","name":"","description":"Conquiste Sonhos: Vagas, Benef\u00edcios e Economia para Transformar Vidas e Alcan\u00e7ar Melhorias Cotidianas","potentialAction":[{"@type":"SearchAction","target":{"@type":"EntryPoint","urlTemplate":"https:\/\/www.vagadeempregorj.com.br\/?s={search_term_string}"},"query-input":{"@type":"PropertyValueSpecification","valueRequired":true,"valueName":"search_term_string"}}],"inLanguage":"fr-FR"},{"@type":"Person","@id":"https:\/\/www.vagadeempregorj.com.br\/#\/schema\/person\/3ddb19fa0539706786e502152f3aae95","name":"Michele","image":{"@type":"ImageObject","inLanguage":"fr-FR","@id":"https:\/\/secure.gravatar.com\/avatar\/6b0eb9d22841282815e2cd856a0061c45e1761cd54b22e952d98c4746939aa85?s=96&r=g","url":"https:\/\/secure.gravatar.com\/avatar\/6b0eb9d22841282815e2cd856a0061c45e1761cd54b22e952d98c4746939aa85?s=96&r=g","contentUrl":"https:\/\/secure.gravatar.com\/avatar\/6b0eb9d22841282815e2cd856a0061c45e1761cd54b22e952d98c4746939aa85?s=96&r=g","caption":"Michele"},"description":"Formada em Letras - Portugu\u00eas\/ Ingl\u00eas, e idealizadora do site Escritora de Sucesso, busca expandir o conhecimento de todos com informa\u00e7\u00f5es relevantes sobre diversos assuntos, enquanto redatora. No Vaga de Emprego RJ, traz oportunidades e dicas sobre o mercado de trabalho.","url":"https:\/\/www.vagadeempregorj.com.br\/fr\/author\/michele\/"}]}},"_links":{"self":[{"href":"https:\/\/www.vagadeempregorj.com.br\/fr\/wp-json\/wp\/v2\/posts\/35980","targetHints":{"allow":["GET"]}}],"collection":[{"href":"https:\/\/www.vagadeempregorj.com.br\/fr\/wp-json\/wp\/v2\/posts"}],"about":[{"href":"https:\/\/www.vagadeempregorj.com.br\/fr\/wp-json\/wp\/v2\/types\/post"}],"author":[{"embeddable":true,"href":"https:\/\/www.vagadeempregorj.com.br\/fr\/wp-json\/wp\/v2\/users\/16"}],"replies":[{"embeddable":true,"href":"https:\/\/www.vagadeempregorj.com.br\/fr\/wp-json\/wp\/v2\/comments?post=35980"}],"version-history":[{"count":0,"href":"https:\/\/www.vagadeempregorj.com.br\/fr\/wp-json\/wp\/v2\/posts\/35980\/revisions"}],"wp:featuredmedia":[{"embeddable":true,"href":"https:\/\/www.vagadeempregorj.com.br\/fr\/wp-json\/wp\/v2\/media\/35985"}],"wp:attachment":[{"href":"https:\/\/www.vagadeempregorj.com.br\/fr\/wp-json\/wp\/v2\/media?parent=35980"}],"wp:term":[{"taxonomy":"category","embeddable":true,"href":"https:\/\/www.vagadeempregorj.com.br\/fr\/wp-json\/wp\/v2\/categories?post=35980"},{"taxonomy":"post_tag","embeddable":true,"href":"https:\/\/www.vagadeempregorj.com.br\/fr\/wp-json\/wp\/v2\/tags?post=35980"}],"curies":[{"name":"wp","href":"https:\/\/api.w.org\/{rel}","templated":true}]}}