{"id":35982,"date":"2023-10-26T01:01:00","date_gmt":"2023-10-26T04:01:00","guid":{"rendered":"https:\/\/www.vagadeempregorj.com.br\/?p=35982"},"modified":"2023-10-25T10:19:53","modified_gmt":"2023-10-25T13:19:53","slug":"empregos-yduqs","status":"publish","type":"post","link":"https:\/\/www.vagadeempregorj.com.br\/fr\/empregos-yduqs\/","title":{"rendered":"Consultor Funcional, Desenvolvedores, Analista e mais na Empresa YDUQS"},"content":{"rendered":"<p>Atualizado em<\/p>\n\n\n<div class=\"wp-block-post-date\"><time datetime=\"2023-10-26T01:01:00-03:00\">26\/10\/2023<\/time><\/div>\n\n\n<p>Os <strong>Empregos YDUQS<\/strong> se destacam no mercado de trabalho por causa de seus benef\u00edcios. A empresa possui um projeto ambicioso que exige uma equipe disposta a pensar de forma original e disruptiva, visando abordar os grandes problemas da educa\u00e7\u00e3o hoje: acesso, tecnologia, customiza\u00e7\u00e3o e sucesso do aluno. \u00c9 uma companhia din\u00e2mica, constru\u00edda para ser grande, com resultados extraordin\u00e1rios.<\/p>\n\n\n\n<figure class=\"wp-block-image size-large\"><img loading=\"lazy\" decoding=\"async\" width=\"1024\" height=\"1024\" src=\"https:\/\/www.vagadeempregorj.com.br\/wp-content\/uploads\/2022\/11\/Empregos-YDUQS-1024x1024.png\" alt=\"Empregos YDUQS\" class=\"wp-image-35986\" srcset=\"https:\/\/www.vagadeempregorj.com.br\/wp-content\/uploads\/2022\/11\/Empregos-YDUQS-1024x1024.png 1024w, https:\/\/www.vagadeempregorj.com.br\/wp-content\/uploads\/2022\/11\/Empregos-YDUQS-300x300.png 300w, https:\/\/www.vagadeempregorj.com.br\/wp-content\/uploads\/2022\/11\/Empregos-YDUQS-150x150.png 150w, https:\/\/www.vagadeempregorj.com.br\/wp-content\/uploads\/2022\/11\/Empregos-YDUQS-768x768.png 768w, https:\/\/www.vagadeempregorj.com.br\/wp-content\/uploads\/2022\/11\/Empregos-YDUQS-96x96.png 96w, https:\/\/www.vagadeempregorj.com.br\/wp-content\/uploads\/2022\/11\/Empregos-YDUQS.png 1080w\" sizes=\"auto, (max-width: 1024px) 100vw, 1024px\" \/><\/figure>\n\n\n\n<h2 class=\"wp-block-heading\">Conhe\u00e7a todas as vagas de Empregos YDUQS<\/h2>\n\n\n\n<p>A empresa oferta chances de crescimento, seguro de vida, b\u00f4nus, bolsa de estudos, vale refei\u00e7\u00e3o, assist\u00eancia m\u00e9dica, vale alimenta\u00e7\u00e3o e assist\u00eancia odontol\u00f3gica. Veja todos os cargos dispon\u00edveis abaixo:<\/p>\n\n\n\n<ul class=\"wp-block-list\">\n<li>DESENVOLV. FRONTEND (ESPECIALISTA);<\/li>\n\n\n\n<li>AGILE COACH;<\/li>\n\n\n\n<li>TECH LEAD (ESPECIALISTA);<\/li>\n\n\n\n<li>AGILE MASTER S\u00caNIOR;<\/li>\n\n\n\n<li>PRODUCT OWNER;<\/li>\n\n\n\n<li>ANALISTA SER;<\/li>\n\n\n\n<li>ESPEC. EM INFRAESTRUTURA (END USER);<\/li>\n\n\n\n<li>ARQUITETO DE TESTES S\u00caNIOR;<\/li>\n\n\n\n<li>L\u00cdDER DE DESENVOLVIMENTO;<\/li>\n\n\n\n<li>ARQUITETO SOLU\u00c7\u00d5ES CLOUD;<\/li>\n\n\n\n<li>PRODUCT DESIGNER S\u00caNIOR;<\/li>\n\n\n\n<li>CIENTISTA DE DADOS (ESPECIALISTA);<\/li>\n\n\n\n<li>DESENVOLV. FULLSTACK SR;<\/li>\n\n\n\n<li>CONSULTOR FUNCIONAL SAP SD (SENIOR);<\/li>\n\n\n\n<li>ESPEC. EM DADOS;<\/li>\n\n\n\n<li>DATA LEAD;<\/li>\n\n\n\n<li>ENG. DE SOFTWARE;<\/li>\n\n\n\n<li>DESENVOLV. ASP CL\u00c1SSICO \/ .NET S\u00caNIOR;<\/li>\n\n\n\n<li>DIGITAL ANALYTICS (ESPECIALISTA);<\/li>\n\n\n\n<li>DESENVOLV. BACKEND SR.<\/li>\n<\/ul>\n\n\n\n<h3 class=\"wp-block-heading\">Como se candidatar<\/h3>\n\n\n\n<p>Para enviar o seu curr\u00edculo para qualquer uma das fun\u00e7\u00f5es divulgadas, \u00e9 preciso acessar o site do processo de sele\u00e7\u00e3o. Par isso, basta clicar no link abaixo.<\/p>\n\n\n\n<ul class=\"wp-block-list\">\n<li><a href=\"https:\/\/yduqstech.gupy.io\/\">YDUQS Tech.<\/a><\/li>\n<\/ul>\n\n\n\n<p>Em seguida, encontre o cargo desejado e leia todos os requisitos da vaga com muita aten\u00e7\u00e3o para se certificar que ela \u00e9 correspondente com o seu perfil, uma vez que a maioria delas exige experi\u00eancia anterior na fun\u00e7\u00e3o, entre outros crit\u00e9rios. Em caso positivo, cadastre-se no site caso seja a sua primeira vez na plataforma.<\/p>\n\n\n\n<p>Na hora da entrevista \u00e9 preciso estar preparado, geralmente \u00e9 realizada uma prova com quest\u00f5es de portugu\u00eas e matem\u00e1tica, assim como din\u00e2mica em grupos. Tamb\u00e9m \u00e9 perguntado por que o candidato deseja trabalhar na empresa, qual sua pretens\u00e3o, seus defeitos e qualidades.<\/p>\n\n\n\n<p><strong>Veja tamb\u00e9m: <a href=\"https:\/\/www.vagadeempregorj.com.br\/fr\/empregos-kanui\/\">Est\u00e1gios, L\u00edder de Preven\u00e7\u00e3o de Perdas, Analistas e muito mais na Empresa Kanui<\/a><\/strong><\/p>\n\n\n\n<h2 class=\"wp-block-heading\">Sobre a YDUQS<\/h2>\n\n\n\n<p>Nesta empresa a tecnologia faz parte do seu core business: combinam educa\u00e7\u00e3o com o seu ecossistema de transforma\u00e7\u00e3o digital, impactando mais de 1,2 milh\u00e3o de alunos todos os dias! Desde 2018, aprimoram e virtualizam continuamente a experi\u00eancia administrativa dos estudantes de sua institui\u00e7\u00e3o. Em 2022, lan\u00e7aram a marca Labs, um programa de inova\u00e7\u00e3o aberta desenvolvido para fazer neg\u00f3cios com startups j\u00e1 em fase de tra\u00e7\u00e3o para desenvolver solu\u00e7\u00f5es para os seus desafios corporativos.<\/p>\n\n\n\n<p>J\u00e1 s\u00e3o conhecidos como uma das principais express\u00f5es de inova\u00e7\u00e3o na \u00e1rea e, no mercado interno, fortalecem o seu hub de pesquisa e conte\u00fado em educa\u00e7\u00e3o digital, do qual as empresas de Hardwork Medicina, edtech EnsineMe e Qconcursos passaram a fazer parte. S\u00e3o o maior grupo de ensino superior do pa\u00eds e uma das organiza\u00e7\u00f5es mais inovadoras e em crescimento do pa\u00eds. Oferecem educa\u00e7\u00e3o de qualidade para pessoas de todas as esferas da vida em todo o pa\u00eds e durante toda a vida adulta.<\/p>\n\n\n\n<p>A organiza\u00e7\u00e3o est\u00e1 dividida em tr\u00eas segmentos de neg\u00f3cios: premium, presencial e digital. Na vertical digital, eles possuem o EnsineMe, uma unidade de conte\u00fado e m\u00e9todos digitais que coloca o Yduqs na vanguarda de seu desenvolvimento, pesquisa e produ\u00e7\u00e3o de conhecimento curricular. Al\u00e9m disso, contam com uma equipe que inclui atividades como Gente e Gest\u00e3o, Finan\u00e7as, TI e Marketing.<\/p>","protected":false},"excerpt":{"rendered":"<p>Atualizado em Os Empregos YDUQS se destacam no mercado de trabalho por causa de seus benef\u00edcios. A empresa possui um projeto ambicioso que exige uma equipe disposta a pensar de forma original e disruptiva, visando abordar os grandes problemas da educa\u00e7\u00e3o hoje: acesso, tecnologia, customiza\u00e7\u00e3o e sucesso do aluno. \u00c9 uma companhia din\u00e2mica, constru\u00edda para&hellip;&nbsp;<\/p>","protected":false},"author":16,"featured_media":35986,"comment_status":"open","ping_status":"closed","sticky":false,"template":"","format":"standard","meta":{"neve_meta_sidebar":"","neve_meta_container":"","neve_meta_enable_content_width":"","neve_meta_content_width":0,"neve_meta_title_alignment":"","neve_meta_author_avatar":"","neve_post_elements_order":"","neve_meta_disable_header":"","neve_meta_disable_footer":"","neve_meta_disable_title":"","footnotes":""},"categories":[123],"tags":[608,211,661],"class_list":["post-35982","post","type-post","status-publish","format-standard","has-post-thumbnail","hentry","category-vagas-de-emprego-nacionais","tag-oportunidades","tag-vagas-de-emprego","tag-yduqs"],"yoast_head":"<!-- This site is optimized with the Yoast SEO plugin v27.5 - https:\/\/yoast.com\/product\/yoast-seo-wordpress\/ -->\n<title>Consultor Funcional, Desenvolvedores, Analista e mais na Empresa YDUQS -<\/title>\n<meta name=\"description\" content=\"Veja em Vagas de Emprego RJ as vagas de emprego com e sem experi\u00eancia no seu Estado e Regi\u00e3o!\" \/>\n<meta name=\"robots\" content=\"index, follow, max-snippet:-1, max-image-preview:large, max-video-preview:-1\" \/>\n<link rel=\"canonical\" href=\"https:\/\/www.vagadeempregorj.com.br\/fr\/empregos-yduqs\/\" \/>\n<meta property=\"og:locale\" content=\"fr_FR\" \/>\n<meta property=\"og:type\" content=\"article\" \/>\n<meta property=\"og:title\" content=\"Consultor Funcional, Desenvolvedores, Analista e mais na Empresa YDUQS -\" \/>\n<meta property=\"og:description\" content=\"Veja em Vagas de Emprego RJ as vagas de emprego com e sem experi\u00eancia no seu Estado e Regi\u00e3o!\" \/>\n<meta property=\"og:url\" content=\"https:\/\/www.vagadeempregorj.com.br\/fr\/empregos-yduqs\/\" \/>\n<meta property=\"article:publisher\" content=\"https:\/\/www.facebook.com\/empregobrasiloficial\" \/>\n<meta property=\"article:published_time\" content=\"2023-10-26T04:01:00+00:00\" \/>\n<meta property=\"og:image\" content=\"https:\/\/www.vagadeempregorj.com.br\/wp-content\/uploads\/2022\/11\/Empregos-YDUQS.png\" \/>\n\t<meta property=\"og:image:width\" content=\"1080\" \/>\n\t<meta property=\"og:image:height\" content=\"1080\" \/>\n\t<meta property=\"og:image:type\" content=\"image\/png\" \/>\n<meta name=\"author\" content=\"Michele\" \/>\n<meta name=\"twitter:card\" content=\"summary_large_image\" \/>\n<meta name=\"twitter:label1\" content=\"Written by\" \/>\n\t<meta name=\"twitter:data1\" content=\"Michele\" \/>\n\t<meta name=\"twitter:label2\" content=\"Est. reading time\" \/>\n\t<meta name=\"twitter:data2\" content=\"3 minutes\" \/>\n<script type=\"application\/ld+json\" class=\"yoast-schema-graph\">{\"@context\":\"https:\\\/\\\/schema.org\",\"@graph\":[{\"@type\":\"Article\",\"@id\":\"https:\\\/\\\/www.vagadeempregorj.com.br\\\/empregos-yduqs\\\/#article\",\"isPartOf\":{\"@id\":\"https:\\\/\\\/www.vagadeempregorj.com.br\\\/empregos-yduqs\\\/\"},\"author\":{\"name\":\"Michele\",\"@id\":\"https:\\\/\\\/www.vagadeempregorj.com.br\\\/#\\\/schema\\\/person\\\/3ddb19fa0539706786e502152f3aae95\"},\"headline\":\"Consultor Funcional, Desenvolvedores, Analista e mais na Empresa YDUQS\",\"datePublished\":\"2023-10-26T04:01:00+00:00\",\"mainEntityOfPage\":{\"@id\":\"https:\\\/\\\/www.vagadeempregorj.com.br\\\/empregos-yduqs\\\/\"},\"wordCount\":591,\"commentCount\":0,\"image\":{\"@id\":\"https:\\\/\\\/www.vagadeempregorj.com.br\\\/empregos-yduqs\\\/#primaryimage\"},\"thumbnailUrl\":\"https:\\\/\\\/www.vagadeempregorj.com.br\\\/wp-content\\\/uploads\\\/2022\\\/11\\\/Empregos-YDUQS.png\",\"keywords\":[\"oportunidades\",\"vagas de emprego\",\"YDUQS\"],\"articleSection\":[\"Vagas de Emprego Nacionais\"],\"inLanguage\":\"fr-FR\",\"potentialAction\":[{\"@type\":\"CommentAction\",\"name\":\"Comment\",\"target\":[\"https:\\\/\\\/www.vagadeempregorj.com.br\\\/empregos-yduqs\\\/#respond\"]}]},{\"@type\":\"WebPage\",\"@id\":\"https:\\\/\\\/www.vagadeempregorj.com.br\\\/empregos-yduqs\\\/\",\"url\":\"https:\\\/\\\/www.vagadeempregorj.com.br\\\/empregos-yduqs\\\/\",\"name\":\"Consultor Funcional, Desenvolvedores, Analista e mais na Empresa YDUQS -\",\"isPartOf\":{\"@id\":\"https:\\\/\\\/www.vagadeempregorj.com.br\\\/#website\"},\"primaryImageOfPage\":{\"@id\":\"https:\\\/\\\/www.vagadeempregorj.com.br\\\/empregos-yduqs\\\/#primaryimage\"},\"image\":{\"@id\":\"https:\\\/\\\/www.vagadeempregorj.com.br\\\/empregos-yduqs\\\/#primaryimage\"},\"thumbnailUrl\":\"https:\\\/\\\/www.vagadeempregorj.com.br\\\/wp-content\\\/uploads\\\/2022\\\/11\\\/Empregos-YDUQS.png\",\"datePublished\":\"2023-10-26T04:01:00+00:00\",\"author\":{\"@id\":\"https:\\\/\\\/www.vagadeempregorj.com.br\\\/#\\\/schema\\\/person\\\/3ddb19fa0539706786e502152f3aae95\"},\"description\":\"Veja em Vagas de Emprego RJ as vagas de emprego com e sem experi\u00eancia no seu Estado e Regi\u00e3o!\",\"breadcrumb\":{\"@id\":\"https:\\\/\\\/www.vagadeempregorj.com.br\\\/empregos-yduqs\\\/#breadcrumb\"},\"inLanguage\":\"fr-FR\",\"potentialAction\":[{\"@type\":\"ReadAction\",\"target\":[\"https:\\\/\\\/www.vagadeempregorj.com.br\\\/empregos-yduqs\\\/\"]}]},{\"@type\":\"ImageObject\",\"inLanguage\":\"fr-FR\",\"@id\":\"https:\\\/\\\/www.vagadeempregorj.com.br\\\/empregos-yduqs\\\/#primaryimage\",\"url\":\"https:\\\/\\\/www.vagadeempregorj.com.br\\\/wp-content\\\/uploads\\\/2022\\\/11\\\/Empregos-YDUQS.png\",\"contentUrl\":\"https:\\\/\\\/www.vagadeempregorj.com.br\\\/wp-content\\\/uploads\\\/2022\\\/11\\\/Empregos-YDUQS.png\",\"width\":1080,\"height\":1080,\"caption\":\"Empregos YDUQS\"},{\"@type\":\"BreadcrumbList\",\"@id\":\"https:\\\/\\\/www.vagadeempregorj.com.br\\\/empregos-yduqs\\\/#breadcrumb\",\"itemListElement\":[{\"@type\":\"ListItem\",\"position\":1,\"name\":\"In\u00edcio\",\"item\":\"https:\\\/\\\/www.vagadeempregorj.com.br\\\/\"},{\"@type\":\"ListItem\",\"position\":2,\"name\":\"Vagas de Emprego Nacionais\",\"item\":\"https:\\\/\\\/www.vagadeempregorj.com.br\\\/vagas-de-emprego-nacionais\\\/\"},{\"@type\":\"ListItem\",\"position\":3,\"name\":\"Consultor Funcional, Desenvolvedores, Analista e mais na Empresa YDUQS\"}]},{\"@type\":\"WebSite\",\"@id\":\"https:\\\/\\\/www.vagadeempregorj.com.br\\\/#website\",\"url\":\"https:\\\/\\\/www.vagadeempregorj.com.br\\\/\",\"name\":\"\",\"description\":\"Conquiste Sonhos: Vagas, Benef\u00edcios e Economia para Transformar Vidas e Alcan\u00e7ar Melhorias Cotidianas\",\"potentialAction\":[{\"@type\":\"SearchAction\",\"target\":{\"@type\":\"EntryPoint\",\"urlTemplate\":\"https:\\\/\\\/www.vagadeempregorj.com.br\\\/?s={search_term_string}\"},\"query-input\":{\"@type\":\"PropertyValueSpecification\",\"valueRequired\":true,\"valueName\":\"search_term_string\"}}],\"inLanguage\":\"fr-FR\"},{\"@type\":\"Person\",\"@id\":\"https:\\\/\\\/www.vagadeempregorj.com.br\\\/#\\\/schema\\\/person\\\/3ddb19fa0539706786e502152f3aae95\",\"name\":\"Michele\",\"image\":{\"@type\":\"ImageObject\",\"inLanguage\":\"fr-FR\",\"@id\":\"https:\\\/\\\/secure.gravatar.com\\\/avatar\\\/6b0eb9d22841282815e2cd856a0061c45e1761cd54b22e952d98c4746939aa85?s=96&r=g\",\"url\":\"https:\\\/\\\/secure.gravatar.com\\\/avatar\\\/6b0eb9d22841282815e2cd856a0061c45e1761cd54b22e952d98c4746939aa85?s=96&r=g\",\"contentUrl\":\"https:\\\/\\\/secure.gravatar.com\\\/avatar\\\/6b0eb9d22841282815e2cd856a0061c45e1761cd54b22e952d98c4746939aa85?s=96&r=g\",\"caption\":\"Michele\"},\"description\":\"Formada em Letras - Portugu\u00eas\\\/ Ingl\u00eas, e idealizadora do site Escritora de Sucesso, busca expandir o conhecimento de todos com informa\u00e7\u00f5es relevantes sobre diversos assuntos, enquanto redatora. No Vaga de Emprego RJ, traz oportunidades e dicas sobre o mercado de trabalho.\",\"url\":\"https:\\\/\\\/www.vagadeempregorj.com.br\\\/fr\\\/author\\\/michele\\\/\"}]}<\/script>\n<!-- \/ Yoast SEO plugin. -->","yoast_head_json":{"title":"Consultor Funcional, Desenvolvedores, Analista e mais na Empresa YDUQS -","description":"Veja em Vagas de Emprego RJ as vagas de emprego com e sem experi\u00eancia no seu Estado e Regi\u00e3o!","robots":{"index":"index","follow":"follow","max-snippet":"max-snippet:-1","max-image-preview":"max-image-preview:large","max-video-preview":"max-video-preview:-1"},"canonical":"https:\/\/www.vagadeempregorj.com.br\/fr\/empregos-yduqs\/","og_locale":"fr_FR","og_type":"article","og_title":"Consultor Funcional, Desenvolvedores, Analista e mais na Empresa YDUQS -","og_description":"Veja em Vagas de Emprego RJ as vagas de emprego com e sem experi\u00eancia no seu Estado e Regi\u00e3o!","og_url":"https:\/\/www.vagadeempregorj.com.br\/fr\/empregos-yduqs\/","article_publisher":"https:\/\/www.facebook.com\/empregobrasiloficial","article_published_time":"2023-10-26T04:01:00+00:00","og_image":[{"width":1080,"height":1080,"url":"https:\/\/www.vagadeempregorj.com.br\/wp-content\/uploads\/2022\/11\/Empregos-YDUQS.png","type":"image\/png"}],"author":"Michele","twitter_card":"summary_large_image","twitter_misc":{"Written by":"Michele","Est. reading time":"3 minutes"},"schema":{"@context":"https:\/\/schema.org","@graph":[{"@type":"Article","@id":"https:\/\/www.vagadeempregorj.com.br\/empregos-yduqs\/#article","isPartOf":{"@id":"https:\/\/www.vagadeempregorj.com.br\/empregos-yduqs\/"},"author":{"name":"Michele","@id":"https:\/\/www.vagadeempregorj.com.br\/#\/schema\/person\/3ddb19fa0539706786e502152f3aae95"},"headline":"Consultor Funcional, Desenvolvedores, Analista e mais na Empresa YDUQS","datePublished":"2023-10-26T04:01:00+00:00","mainEntityOfPage":{"@id":"https:\/\/www.vagadeempregorj.com.br\/empregos-yduqs\/"},"wordCount":591,"commentCount":0,"image":{"@id":"https:\/\/www.vagadeempregorj.com.br\/empregos-yduqs\/#primaryimage"},"thumbnailUrl":"https:\/\/www.vagadeempregorj.com.br\/wp-content\/uploads\/2022\/11\/Empregos-YDUQS.png","keywords":["oportunidades","vagas de emprego","YDUQS"],"articleSection":["Vagas de Emprego Nacionais"],"inLanguage":"fr-FR","potentialAction":[{"@type":"CommentAction","name":"Comment","target":["https:\/\/www.vagadeempregorj.com.br\/empregos-yduqs\/#respond"]}]},{"@type":"WebPage","@id":"https:\/\/www.vagadeempregorj.com.br\/empregos-yduqs\/","url":"https:\/\/www.vagadeempregorj.com.br\/empregos-yduqs\/","name":"Consultor Funcional, Desenvolvedores, Analista e mais na Empresa YDUQS -","isPartOf":{"@id":"https:\/\/www.vagadeempregorj.com.br\/#website"},"primaryImageOfPage":{"@id":"https:\/\/www.vagadeempregorj.com.br\/empregos-yduqs\/#primaryimage"},"image":{"@id":"https:\/\/www.vagadeempregorj.com.br\/empregos-yduqs\/#primaryimage"},"thumbnailUrl":"https:\/\/www.vagadeempregorj.com.br\/wp-content\/uploads\/2022\/11\/Empregos-YDUQS.png","datePublished":"2023-10-26T04:01:00+00:00","author":{"@id":"https:\/\/www.vagadeempregorj.com.br\/#\/schema\/person\/3ddb19fa0539706786e502152f3aae95"},"description":"Veja em Vagas de Emprego RJ as vagas de emprego com e sem experi\u00eancia no seu Estado e Regi\u00e3o!","breadcrumb":{"@id":"https:\/\/www.vagadeempregorj.com.br\/empregos-yduqs\/#breadcrumb"},"inLanguage":"fr-FR","potentialAction":[{"@type":"ReadAction","target":["https:\/\/www.vagadeempregorj.com.br\/empregos-yduqs\/"]}]},{"@type":"ImageObject","inLanguage":"fr-FR","@id":"https:\/\/www.vagadeempregorj.com.br\/empregos-yduqs\/#primaryimage","url":"https:\/\/www.vagadeempregorj.com.br\/wp-content\/uploads\/2022\/11\/Empregos-YDUQS.png","contentUrl":"https:\/\/www.vagadeempregorj.com.br\/wp-content\/uploads\/2022\/11\/Empregos-YDUQS.png","width":1080,"height":1080,"caption":"Empregos YDUQS"},{"@type":"BreadcrumbList","@id":"https:\/\/www.vagadeempregorj.com.br\/empregos-yduqs\/#breadcrumb","itemListElement":[{"@type":"ListItem","position":1,"name":"In\u00edcio","item":"https:\/\/www.vagadeempregorj.com.br\/"},{"@type":"ListItem","position":2,"name":"Vagas de Emprego Nacionais","item":"https:\/\/www.vagadeempregorj.com.br\/vagas-de-emprego-nacionais\/"},{"@type":"ListItem","position":3,"name":"Consultor Funcional, Desenvolvedores, Analista e mais na Empresa YDUQS"}]},{"@type":"WebSite","@id":"https:\/\/www.vagadeempregorj.com.br\/#website","url":"https:\/\/www.vagadeempregorj.com.br\/","name":"","description":"Conquiste Sonhos: Vagas, Benef\u00edcios e Economia para Transformar Vidas e Alcan\u00e7ar Melhorias Cotidianas","potentialAction":[{"@type":"SearchAction","target":{"@type":"EntryPoint","urlTemplate":"https:\/\/www.vagadeempregorj.com.br\/?s={search_term_string}"},"query-input":{"@type":"PropertyValueSpecification","valueRequired":true,"valueName":"search_term_string"}}],"inLanguage":"fr-FR"},{"@type":"Person","@id":"https:\/\/www.vagadeempregorj.com.br\/#\/schema\/person\/3ddb19fa0539706786e502152f3aae95","name":"Michele","image":{"@type":"ImageObject","inLanguage":"fr-FR","@id":"https:\/\/secure.gravatar.com\/avatar\/6b0eb9d22841282815e2cd856a0061c45e1761cd54b22e952d98c4746939aa85?s=96&r=g","url":"https:\/\/secure.gravatar.com\/avatar\/6b0eb9d22841282815e2cd856a0061c45e1761cd54b22e952d98c4746939aa85?s=96&r=g","contentUrl":"https:\/\/secure.gravatar.com\/avatar\/6b0eb9d22841282815e2cd856a0061c45e1761cd54b22e952d98c4746939aa85?s=96&r=g","caption":"Michele"},"description":"Formada em Letras - Portugu\u00eas\/ Ingl\u00eas, e idealizadora do site Escritora de Sucesso, busca expandir o conhecimento de todos com informa\u00e7\u00f5es relevantes sobre diversos assuntos, enquanto redatora. No Vaga de Emprego RJ, traz oportunidades e dicas sobre o mercado de trabalho.","url":"https:\/\/www.vagadeempregorj.com.br\/fr\/author\/michele\/"}]}},"_links":{"self":[{"href":"https:\/\/www.vagadeempregorj.com.br\/fr\/wp-json\/wp\/v2\/posts\/35982","targetHints":{"allow":["GET"]}}],"collection":[{"href":"https:\/\/www.vagadeempregorj.com.br\/fr\/wp-json\/wp\/v2\/posts"}],"about":[{"href":"https:\/\/www.vagadeempregorj.com.br\/fr\/wp-json\/wp\/v2\/types\/post"}],"author":[{"embeddable":true,"href":"https:\/\/www.vagadeempregorj.com.br\/fr\/wp-json\/wp\/v2\/users\/16"}],"replies":[{"embeddable":true,"href":"https:\/\/www.vagadeempregorj.com.br\/fr\/wp-json\/wp\/v2\/comments?post=35982"}],"version-history":[{"count":0,"href":"https:\/\/www.vagadeempregorj.com.br\/fr\/wp-json\/wp\/v2\/posts\/35982\/revisions"}],"wp:featuredmedia":[{"embeddable":true,"href":"https:\/\/www.vagadeempregorj.com.br\/fr\/wp-json\/wp\/v2\/media\/35986"}],"wp:attachment":[{"href":"https:\/\/www.vagadeempregorj.com.br\/fr\/wp-json\/wp\/v2\/media?parent=35982"}],"wp:term":[{"taxonomy":"category","embeddable":true,"href":"https:\/\/www.vagadeempregorj.com.br\/fr\/wp-json\/wp\/v2\/categories?post=35982"},{"taxonomy":"post_tag","embeddable":true,"href":"https:\/\/www.vagadeempregorj.com.br\/fr\/wp-json\/wp\/v2\/tags?post=35982"}],"curies":[{"name":"wp","href":"https:\/\/api.w.org\/{rel}","templated":true}]}}