{"id":36100,"date":"2023-09-22T02:03:00","date_gmt":"2023-09-22T05:03:00","guid":{"rendered":"https:\/\/www.vagadeempregorj.com.br\/?p=36100"},"modified":"2025-12-30T18:41:56","modified_gmt":"2025-12-30T21:41:56","slug":"empregos-grupo-brisanet","status":"publish","type":"post","link":"https:\/\/www.vagadeempregorj.com.br\/fr\/empregos-grupo-brisanet\/","title":{"rendered":"Agente de Coleta, Analista, Atendente de Loja, T\u00e9cnico em Seguran\u00e7a do Trabalho, Promotor de Vendas, Operador de Caixa e muito mais na Empresa Grupo Brisanet"},"content":{"rendered":"<p>Atualizado em<\/p>\n\n\n<div class=\"wp-block-post-date\"><time datetime=\"2023-09-22T02:03:00-03:00\">22\/09\/2023<\/time><\/div>\n\n\n<p>Os <strong>Empregos Grupo Brisanet<\/strong> t\u00eam destaque no mercado de trabalho em raz\u00e3o dos benef\u00edcios ofertados pela empresa, que em pesquisa realizada pela Anatel, a banda larga ficou em primeiro lugar no Brasil em satisfa\u00e7\u00e3o, pelo quarto ano consecutivo no Cear\u00e1, o terceiro no Rio Grande do Norte, o segundo na Para\u00edba, a primeira vez em Pernambuco, a marca mais bem avaliada entre as empresas no Nordeste.<\/p>\n\n\n\n<figure class=\"wp-block-image size-large\"><img loading=\"lazy\" decoding=\"async\" width=\"1024\" height=\"307\" src=\"https:\/\/www.vagadeempregorj.com.br\/wp-content\/uploads\/2022\/11\/Empregos-Brisanet-1024x307.jpg\" alt=\"Empregos Brisanet\" class=\"wp-image-36106\" srcset=\"https:\/\/www.vagadeempregorj.com.br\/wp-content\/uploads\/2022\/11\/Empregos-Brisanet-1024x307.jpg 1024w, https:\/\/www.vagadeempregorj.com.br\/wp-content\/uploads\/2022\/11\/Empregos-Brisanet-300x90.jpg 300w, https:\/\/www.vagadeempregorj.com.br\/wp-content\/uploads\/2022\/11\/Empregos-Brisanet-768x230.jpg 768w, https:\/\/www.vagadeempregorj.com.br\/wp-content\/uploads\/2022\/11\/Empregos-Brisanet-150x45.jpg 150w, https:\/\/www.vagadeempregorj.com.br\/wp-content\/uploads\/2022\/11\/Empregos-Brisanet.jpg 1390w\" sizes=\"auto, (max-width: 1024px) 100vw, 1024px\" \/><figcaption class=\"wp-element-caption\">Imagem: Brisanet &#8211; Reprodu\u00e7\u00e3o<\/figcaption><\/figure>\n\n\n\n<h2 class=\"wp-block-heading\">Conhe\u00e7a todas as vagas de Empregos Grupo Brisanet<\/h2>\n\n\n\n<p>Se est\u00e1 buscando seu primeiro emprego, h\u00e1 diversas oportunidades para estagi\u00e1rios e Jovem Aprendiz em v\u00e1rias partes do pa\u00eds. Confira:<\/p>\n\n\n\n<ul class=\"wp-block-list\">\n<li>Agente de Coleta;<\/li>\n\n\n\n<li>Superv. de Relacionamento Comercial;<\/li>\n\n\n\n<li>Ana. de Compliance;<\/li>\n\n\n\n<li>Tec. de Seguran\u00e7a do Trabalho;<\/li>\n\n\n\n<li>Ana. de Endomarketing;<\/li>\n\n\n\n<li>Promotor de Vendas;<\/li>\n\n\n\n<li>Ana. de Projetos Corporativos;<\/li>\n\n\n\n<li>Superv. Administrativa;<\/li>\n\n\n\n<li>Ana. de Tecnologia da Informa\u00e7\u00e3o;<\/li>\n\n\n\n<li>Op. de Suporte T\u00e9cnico;<\/li>\n\n\n\n<li>Ana. de Trade Marketing;<\/li>\n\n\n\n<li>Pintor Automotiva;<\/li>\n\n\n\n<li>Ass. de Compras;<\/li>\n\n\n\n<li>Reparador de Telecomunica\u00e7\u00f5es;<\/li>\n\n\n\n<li>Ass. de Log\u00edstica;<\/li>\n\n\n\n<li>Prospector de Im\u00f3veis;<\/li>\n\n\n\n<li>Ass. de Produtos;<\/li>\n\n\n\n<li>Op. de Cobran\u00e7a;<\/li>\n\n\n\n<li>Ass. Fiscal;<\/li>\n\n\n\n<li>Coord. de Produtos;<\/li>\n\n\n\n<li>Ass. Jur\u00eddico;<\/li>\n\n\n\n<li>Op. de Caixa;<\/li>\n\n\n\n<li>Aux. Administrativo;<\/li>\n\n\n\n<li>Coord. de Servi\u00e7os de Campo;<\/li>\n\n\n\n<li>Aux. de Agendamento;<\/li>\n\n\n\n<li>L\u00edder de Vendas;<\/li>\n\n\n\n<li>Aux. de Almoxarifado;<\/li>\n\n\n\n<li>Instalador de Telecomunica\u00e7\u00f5es;<\/li>\n\n\n\n<li>Aux. de Frotas;<\/li>\n\n\n\n<li>Desenvolvedor Mobile;<\/li>\n\n\n\n<li>Aux. de Instala\u00e7\u00e3o de Equipamentos de Monitoramento;<\/li>\n\n\n\n<li>Inspetor de Implanta\u00e7\u00e3o de Fibra;<\/li>\n\n\n\n<li>Aux. de loja;<\/li>\n\n\n\n<li>Executivo de Contas;<\/li>\n\n\n\n<li>Aux. de Programa\u00e7\u00e3o;<\/li>\n\n\n\n<li>Estagi\u00e1rio de El\u00e9trica Data Center;<\/li>\n\n\n\n<li>Aux. de Reparo em Equipamentos;<\/li>\n\n\n\n<li>L\u00edder de Fus\u00e3o;<\/li>\n\n\n\n<li>Aux. de Servi\u00e7os Gerais;<\/li>\n\n\n\n<li>Estagi\u00e1rio de Gest\u00e3o Ambiental;<\/li>\n\n\n\n<li>Aux. de Suporte a Opera\u00e7\u00f5es;<\/li>\n\n\n\n<li>Instalador de CFTV;<\/li>\n\n\n\n<li>Designer;<\/li>\n\n\n\n<li>Jovem Aprendiz;<\/li>\n\n\n\n<li>Emendador de Cabos de Fibra \u00d3ptica;<\/li>\n\n\n\n<li>L\u00edder de Almoxarifado;<\/li>\n\n\n\n<li>Especialista de Marketing Digital;<\/li>\n\n\n\n<li>Op. de Servi\u00e7os de Campo;<\/li>\n\n\n\n<li>Especialista em Faturamento;<\/li>\n\n\n\n<li>Superv. de Almoxarifado;<\/li>\n\n\n\n<li>L\u00edder de Servi\u00e7os de Campo;<\/li>\n\n\n\n<li>Op. de Suporte Digital;<\/li>\n\n\n\n<li>Mec\u00e2nico;<\/li>\n\n\n\n<li>Superv. Comercial;<\/li>\n\n\n\n<li>Aprendiz de Business Partner;<\/li>\n\n\n\n<li>Op. de Gest\u00e3o de Clientes;<\/li>\n\n\n\n<li>Consultor de Relacionamento Comercial;<\/li>\n\n\n\n<li>Superv. de Servi\u00e7os de Campo;<\/li>\n\n\n\n<li>Consultor de Vendas;<\/li>\n\n\n\n<li>Op. de Manuten\u00e7\u00e3o de Fibra \u00d3ptica;<\/li>\n\n\n\n<li>Coord. de Crescimento;<\/li>\n\n\n\n<li>Superv. de Crescimento;<\/li>\n\n\n\n<li>Op. de SAC.<\/li>\n<\/ul>\n\n\n\n<h3 class=\"wp-block-heading\">Como se candidatar<\/h3>\n\n\n\n<p>Para enviar o seu curr\u00edculo para uma das fun\u00e7\u00f5es informadas, acesse o site oficial da empersa Brisanet, pois \u00e9 atrav\u00e9s dele que a sele\u00e7\u00e3o dos candidatos \u00e9 realizada.<\/p>\n\n\n\n<p>Depois, \u00e9 preciso encontrar a vaga que deseja e ler com cuidado todas as exig\u00eancias requeridas para entender se ela \u00e9 realmente compat\u00edvel com o seu perfil profissional, uma vez que na maior parte delas \u00e9 exigido experi\u00eancia na \u00e1rea, entre outros requisitos. Se houver correspond\u00eancia, fa\u00e7a o seu login na p\u00e1gina ou crie um caso ainda n\u00e3o tenha.&nbsp;<\/p>\n\n\n\n<p>Se por acaso n\u00e3o tiver nenhum cargo em espec\u00edfico, \u00e9 poss\u00edvel preencher o formul\u00e1rio com todas as suas informa\u00e7\u00f5es e aguardar o contato da empresa.&nbsp;<\/p>\n\n\n\n<p>No dia da entrevista \u00e9 preciso estar preparado para tudo. Geralmente, os candidatos necessitam fazer uma prova de conhecimentos gerais e \u00e0s vezes din\u00e2micas em grupos. \u00c9 poss\u00edvel que o entrevistador pergunte quais s\u00e3o as suas qualidades e defeitos, a pretens\u00e3o salarial, o motivo dos candidatos desejarem trabalhar na companhia, entre outras perguntas.<\/p>\n\n\n\n<p><strong>Veja tamb\u00e9m: <a href=\"https:\/\/www.vagadeempregorj.com.br\/fr\/empregos-hennings\/\">Operadores Log\u00edsticos, Auxiliar de Opera\u00e7\u00f5es, Almoxarife, Assistentes, Analistas e muito mais na Empresa Hennings<\/a><\/strong><\/p>\n\n\n\n<h2 class=\"wp-block-heading\">Sobre o Grupo Brisanet<\/h2>\n\n\n\n<p>\u00c9 uma empresa do ramo de telecomunica\u00e7\u00f5es (banda larga, TV a cabo, fixo e m\u00f3vel), fundada em 1998 pelo empres\u00e1rio Jos\u00e9 Roberto Nogueira em sua cidade natal de Pereiro (no semi\u00e1rido cearense). Nasceram do sonho de fornecer internet de qualidade a um pre\u00e7o acess\u00edvel que nenhum outro provedor poderia imaginar: rural nordestino. Contribu\u00edram para o desenvolvimento de regi\u00f5es carentes de oportunidades e investimentos por meio da inclus\u00e3o digital, movimenta\u00e7\u00e3o econ\u00f4mica e gera\u00e7\u00e3o de empregos.<\/p>\n\n\n\n<p>Ano ap\u00f3s ano, inovam tecnologicamente e expandem os seus neg\u00f3cios. Hoje, possuem mais de 8.000 colaboradores em mais de 200 cidades nos estados do Sergipe, Cear\u00e1, Piau\u00ed, Para\u00edba, Alagoas, Pernambuco e Rio Grande do Norte. Mais de 900.000 usu\u00e1rios j\u00e1 utilizam a sua conex\u00e3o premium, que \u00e9 tr\u00eas vezes mais r\u00e1pida que a m\u00e9dia brasileira e compat\u00edvel com os padr\u00f5es norte-americano e sul-coreano.<\/p>\n\n\n\n<p>J\u00e1 s\u00e3o l\u00edderes em n\u00famero de clientes que utilizam banda larga fixa nos estados em que atuam e continuar\u00e3o a expandir em todo o Nordeste, incluindo novas cidades no interior e capitais do Nordeste.<\/p>","protected":false},"excerpt":{"rendered":"<p>Atualizado em Os Empregos Grupo Brisanet t\u00eam destaque no mercado de trabalho em raz\u00e3o dos benef\u00edcios ofertados pela empresa, que em pesquisa realizada pela Anatel, a banda larga ficou em primeiro lugar no Brasil em satisfa\u00e7\u00e3o, pelo quarto ano consecutivo no Cear\u00e1, o terceiro no Rio Grande do Norte, o segundo na Para\u00edba, a primeira&hellip;&nbsp;<\/p>","protected":false},"author":16,"featured_media":36106,"comment_status":"open","ping_status":"closed","sticky":false,"template":"","format":"standard","meta":{"neve_meta_sidebar":"","neve_meta_container":"","neve_meta_enable_content_width":"","neve_meta_content_width":0,"neve_meta_title_alignment":"","neve_meta_author_avatar":"","neve_post_elements_order":"","neve_meta_disable_header":"","neve_meta_disable_footer":"","neve_meta_disable_title":"","footnotes":""},"categories":[123],"tags":[676,608,211],"class_list":["post-36100","post","type-post","status-publish","format-standard","has-post-thumbnail","hentry","category-vagas-de-emprego-nacionais","tag-brisanet","tag-oportunidades","tag-vagas-de-emprego"],"yoast_head":"<!-- This site is optimized with the Yoast SEO plugin v27.5 - https:\/\/yoast.com\/product\/yoast-seo-wordpress\/ -->\n<title>Agente de Coleta, Analista, Atendente de Loja, T\u00e9cnico em Seguran\u00e7a do Trabalho, Promotor de Vendas, Operador de Caixa e muito mais na Empresa Grupo Brisanet -<\/title>\n<meta name=\"description\" content=\"Veja em Vagas de Emprego RJ as vagas de emprego com e sem experi\u00eancia no seu Estado e Regi\u00e3o!\" \/>\n<meta name=\"robots\" content=\"index, follow, max-snippet:-1, max-image-preview:large, max-video-preview:-1\" \/>\n<link rel=\"canonical\" href=\"https:\/\/www.vagadeempregorj.com.br\/fr\/empregos-grupo-brisanet\/\" \/>\n<meta property=\"og:locale\" content=\"fr_FR\" \/>\n<meta property=\"og:type\" content=\"article\" \/>\n<meta property=\"og:title\" content=\"Agente de Coleta, Analista, Atendente de Loja, T\u00e9cnico em Seguran\u00e7a do Trabalho, Promotor de Vendas, Operador de Caixa e muito mais na Empresa Grupo Brisanet -\" \/>\n<meta property=\"og:description\" content=\"Veja em Vagas de Emprego RJ as vagas de emprego com e sem experi\u00eancia no seu Estado e Regi\u00e3o!\" \/>\n<meta property=\"og:url\" content=\"https:\/\/www.vagadeempregorj.com.br\/fr\/empregos-grupo-brisanet\/\" \/>\n<meta property=\"article:publisher\" content=\"https:\/\/www.facebook.com\/empregobrasiloficial\" \/>\n<meta property=\"article:published_time\" content=\"2023-09-22T05:03:00+00:00\" \/>\n<meta property=\"article:modified_time\" content=\"2025-12-30T21:41:56+00:00\" \/>\n<meta property=\"og:image\" content=\"https:\/\/www.vagadeempregorj.com.br\/wp-content\/uploads\/2022\/11\/Empregos-Brisanet.jpg\" \/>\n\t<meta property=\"og:image:width\" content=\"1390\" \/>\n\t<meta property=\"og:image:height\" content=\"417\" \/>\n\t<meta property=\"og:image:type\" content=\"image\/jpeg\" \/>\n<meta name=\"author\" content=\"Michele\" \/>\n<meta name=\"twitter:card\" content=\"summary_large_image\" \/>\n<meta name=\"twitter:label1\" content=\"\u00c9crit par\" \/>\n\t<meta name=\"twitter:data1\" content=\"Michele\" \/>\n\t<meta name=\"twitter:label2\" content=\"Dur\u00e9e de lecture estim\u00e9e\" \/>\n\t<meta name=\"twitter:data2\" content=\"4 minutes\" \/>\n<script type=\"application\/ld+json\" class=\"yoast-schema-graph\">{\"@context\":\"https:\\\/\\\/schema.org\",\"@graph\":[{\"@type\":\"Article\",\"@id\":\"https:\\\/\\\/www.vagadeempregorj.com.br\\\/empregos-grupo-brisanet\\\/#article\",\"isPartOf\":{\"@id\":\"https:\\\/\\\/www.vagadeempregorj.com.br\\\/empregos-grupo-brisanet\\\/\"},\"author\":{\"name\":\"Michele\",\"@id\":\"https:\\\/\\\/www.vagadeempregorj.com.br\\\/#\\\/schema\\\/person\\\/3ddb19fa0539706786e502152f3aae95\"},\"headline\":\"Agente de Coleta, Analista, Atendente de Loja, T\u00e9cnico em Seguran\u00e7a do Trabalho, Promotor de Vendas, Operador de Caixa e muito mais na Empresa Grupo Brisanet\",\"datePublished\":\"2023-09-22T05:03:00+00:00\",\"dateModified\":\"2025-12-30T21:41:56+00:00\",\"mainEntityOfPage\":{\"@id\":\"https:\\\/\\\/www.vagadeempregorj.com.br\\\/empregos-grupo-brisanet\\\/\"},\"wordCount\":782,\"commentCount\":0,\"image\":{\"@id\":\"https:\\\/\\\/www.vagadeempregorj.com.br\\\/empregos-grupo-brisanet\\\/#primaryimage\"},\"thumbnailUrl\":\"https:\\\/\\\/www.vagadeempregorj.com.br\\\/wp-content\\\/uploads\\\/2022\\\/11\\\/Empregos-Brisanet.jpg\",\"keywords\":[\"Brisanet\",\"oportunidades\",\"vagas de emprego\"],\"articleSection\":[\"Vagas de Emprego Nacionais\"],\"inLanguage\":\"fr-FR\",\"potentialAction\":[{\"@type\":\"CommentAction\",\"name\":\"Comment\",\"target\":[\"https:\\\/\\\/www.vagadeempregorj.com.br\\\/empregos-grupo-brisanet\\\/#respond\"]}]},{\"@type\":\"WebPage\",\"@id\":\"https:\\\/\\\/www.vagadeempregorj.com.br\\\/empregos-grupo-brisanet\\\/\",\"url\":\"https:\\\/\\\/www.vagadeempregorj.com.br\\\/empregos-grupo-brisanet\\\/\",\"name\":\"Agente de Coleta, Analista, Atendente de Loja, T\u00e9cnico em Seguran\u00e7a do Trabalho, Promotor de Vendas, Operador de Caixa e muito mais na Empresa Grupo Brisanet -\",\"isPartOf\":{\"@id\":\"https:\\\/\\\/www.vagadeempregorj.com.br\\\/#website\"},\"primaryImageOfPage\":{\"@id\":\"https:\\\/\\\/www.vagadeempregorj.com.br\\\/empregos-grupo-brisanet\\\/#primaryimage\"},\"image\":{\"@id\":\"https:\\\/\\\/www.vagadeempregorj.com.br\\\/empregos-grupo-brisanet\\\/#primaryimage\"},\"thumbnailUrl\":\"https:\\\/\\\/www.vagadeempregorj.com.br\\\/wp-content\\\/uploads\\\/2022\\\/11\\\/Empregos-Brisanet.jpg\",\"datePublished\":\"2023-09-22T05:03:00+00:00\",\"dateModified\":\"2025-12-30T21:41:56+00:00\",\"author\":{\"@id\":\"https:\\\/\\\/www.vagadeempregorj.com.br\\\/#\\\/schema\\\/person\\\/3ddb19fa0539706786e502152f3aae95\"},\"description\":\"Veja em Vagas de Emprego RJ as vagas de emprego com e sem experi\u00eancia no seu Estado e Regi\u00e3o!\",\"breadcrumb\":{\"@id\":\"https:\\\/\\\/www.vagadeempregorj.com.br\\\/empregos-grupo-brisanet\\\/#breadcrumb\"},\"inLanguage\":\"fr-FR\",\"potentialAction\":[{\"@type\":\"ReadAction\",\"target\":[\"https:\\\/\\\/www.vagadeempregorj.com.br\\\/empregos-grupo-brisanet\\\/\"]}]},{\"@type\":\"ImageObject\",\"inLanguage\":\"fr-FR\",\"@id\":\"https:\\\/\\\/www.vagadeempregorj.com.br\\\/empregos-grupo-brisanet\\\/#primaryimage\",\"url\":\"https:\\\/\\\/www.vagadeempregorj.com.br\\\/wp-content\\\/uploads\\\/2022\\\/11\\\/Empregos-Brisanet.jpg\",\"contentUrl\":\"https:\\\/\\\/www.vagadeempregorj.com.br\\\/wp-content\\\/uploads\\\/2022\\\/11\\\/Empregos-Brisanet.jpg\",\"width\":1390,\"height\":417,\"caption\":\"Imagem: Brisanet - Reprodu\u00e7\u00e3o\"},{\"@type\":\"BreadcrumbList\",\"@id\":\"https:\\\/\\\/www.vagadeempregorj.com.br\\\/empregos-grupo-brisanet\\\/#breadcrumb\",\"itemListElement\":[{\"@type\":\"ListItem\",\"position\":1,\"name\":\"In\u00edcio\",\"item\":\"https:\\\/\\\/www.vagadeempregorj.com.br\\\/\"},{\"@type\":\"ListItem\",\"position\":2,\"name\":\"Vagas de Emprego Nacionais\",\"item\":\"https:\\\/\\\/www.vagadeempregorj.com.br\\\/vagas-de-emprego-nacionais\\\/\"},{\"@type\":\"ListItem\",\"position\":3,\"name\":\"Agente de Coleta, Analista, Atendente de Loja, T\u00e9cnico em Seguran\u00e7a do Trabalho, Promotor de Vendas, Operador de Caixa e muito mais na Empresa Grupo Brisanet\"}]},{\"@type\":\"WebSite\",\"@id\":\"https:\\\/\\\/www.vagadeempregorj.com.br\\\/#website\",\"url\":\"https:\\\/\\\/www.vagadeempregorj.com.br\\\/\",\"name\":\"\",\"description\":\"Conquiste Sonhos: Vagas, Benef\u00edcios e Economia para Transformar Vidas e Alcan\u00e7ar Melhorias Cotidianas\",\"potentialAction\":[{\"@type\":\"SearchAction\",\"target\":{\"@type\":\"EntryPoint\",\"urlTemplate\":\"https:\\\/\\\/www.vagadeempregorj.com.br\\\/?s={search_term_string}\"},\"query-input\":{\"@type\":\"PropertyValueSpecification\",\"valueRequired\":true,\"valueName\":\"search_term_string\"}}],\"inLanguage\":\"fr-FR\"},{\"@type\":\"Person\",\"@id\":\"https:\\\/\\\/www.vagadeempregorj.com.br\\\/#\\\/schema\\\/person\\\/3ddb19fa0539706786e502152f3aae95\",\"name\":\"Michele\",\"image\":{\"@type\":\"ImageObject\",\"inLanguage\":\"fr-FR\",\"@id\":\"https:\\\/\\\/secure.gravatar.com\\\/avatar\\\/6b0eb9d22841282815e2cd856a0061c45e1761cd54b22e952d98c4746939aa85?s=96&r=g\",\"url\":\"https:\\\/\\\/secure.gravatar.com\\\/avatar\\\/6b0eb9d22841282815e2cd856a0061c45e1761cd54b22e952d98c4746939aa85?s=96&r=g\",\"contentUrl\":\"https:\\\/\\\/secure.gravatar.com\\\/avatar\\\/6b0eb9d22841282815e2cd856a0061c45e1761cd54b22e952d98c4746939aa85?s=96&r=g\",\"caption\":\"Michele\"},\"description\":\"Formada em Letras - Portugu\u00eas\\\/ Ingl\u00eas, e idealizadora do site Escritora de Sucesso, busca expandir o conhecimento de todos com informa\u00e7\u00f5es relevantes sobre diversos assuntos, enquanto redatora. No Vaga de Emprego RJ, traz oportunidades e dicas sobre o mercado de trabalho.\",\"url\":\"https:\\\/\\\/www.vagadeempregorj.com.br\\\/fr\\\/author\\\/michele\\\/\"}]}<\/script>\n<!-- \/ Yoast SEO plugin. -->","yoast_head_json":{"title":"Agente de Coleta, Analista, Atendente de Loja, T\u00e9cnico em Seguran\u00e7a do Trabalho, Promotor de Vendas, Operador de Caixa e muito mais na Empresa Grupo Brisanet -","description":"Veja em Vagas de Emprego RJ as vagas de emprego com e sem experi\u00eancia no seu Estado e Regi\u00e3o!","robots":{"index":"index","follow":"follow","max-snippet":"max-snippet:-1","max-image-preview":"max-image-preview:large","max-video-preview":"max-video-preview:-1"},"canonical":"https:\/\/www.vagadeempregorj.com.br\/fr\/empregos-grupo-brisanet\/","og_locale":"fr_FR","og_type":"article","og_title":"Agente de Coleta, Analista, Atendente de Loja, T\u00e9cnico em Seguran\u00e7a do Trabalho, Promotor de Vendas, Operador de Caixa e muito mais na Empresa Grupo Brisanet -","og_description":"Veja em Vagas de Emprego RJ as vagas de emprego com e sem experi\u00eancia no seu Estado e Regi\u00e3o!","og_url":"https:\/\/www.vagadeempregorj.com.br\/fr\/empregos-grupo-brisanet\/","article_publisher":"https:\/\/www.facebook.com\/empregobrasiloficial","article_published_time":"2023-09-22T05:03:00+00:00","article_modified_time":"2025-12-30T21:41:56+00:00","og_image":[{"width":1390,"height":417,"url":"https:\/\/www.vagadeempregorj.com.br\/wp-content\/uploads\/2022\/11\/Empregos-Brisanet.jpg","type":"image\/jpeg"}],"author":"Michele","twitter_card":"summary_large_image","twitter_misc":{"\u00c9crit par":"Michele","Dur\u00e9e de lecture estim\u00e9e":"4 minutes"},"schema":{"@context":"https:\/\/schema.org","@graph":[{"@type":"Article","@id":"https:\/\/www.vagadeempregorj.com.br\/empregos-grupo-brisanet\/#article","isPartOf":{"@id":"https:\/\/www.vagadeempregorj.com.br\/empregos-grupo-brisanet\/"},"author":{"name":"Michele","@id":"https:\/\/www.vagadeempregorj.com.br\/#\/schema\/person\/3ddb19fa0539706786e502152f3aae95"},"headline":"Agente de Coleta, Analista, Atendente de Loja, T\u00e9cnico em Seguran\u00e7a do Trabalho, Promotor de Vendas, Operador de Caixa e muito mais na Empresa Grupo Brisanet","datePublished":"2023-09-22T05:03:00+00:00","dateModified":"2025-12-30T21:41:56+00:00","mainEntityOfPage":{"@id":"https:\/\/www.vagadeempregorj.com.br\/empregos-grupo-brisanet\/"},"wordCount":782,"commentCount":0,"image":{"@id":"https:\/\/www.vagadeempregorj.com.br\/empregos-grupo-brisanet\/#primaryimage"},"thumbnailUrl":"https:\/\/www.vagadeempregorj.com.br\/wp-content\/uploads\/2022\/11\/Empregos-Brisanet.jpg","keywords":["Brisanet","oportunidades","vagas de emprego"],"articleSection":["Vagas de Emprego Nacionais"],"inLanguage":"fr-FR","potentialAction":[{"@type":"CommentAction","name":"Comment","target":["https:\/\/www.vagadeempregorj.com.br\/empregos-grupo-brisanet\/#respond"]}]},{"@type":"WebPage","@id":"https:\/\/www.vagadeempregorj.com.br\/empregos-grupo-brisanet\/","url":"https:\/\/www.vagadeempregorj.com.br\/empregos-grupo-brisanet\/","name":"Agente de Coleta, Analista, Atendente de Loja, T\u00e9cnico em Seguran\u00e7a do Trabalho, Promotor de Vendas, Operador de Caixa e muito mais na Empresa Grupo Brisanet -","isPartOf":{"@id":"https:\/\/www.vagadeempregorj.com.br\/#website"},"primaryImageOfPage":{"@id":"https:\/\/www.vagadeempregorj.com.br\/empregos-grupo-brisanet\/#primaryimage"},"image":{"@id":"https:\/\/www.vagadeempregorj.com.br\/empregos-grupo-brisanet\/#primaryimage"},"thumbnailUrl":"https:\/\/www.vagadeempregorj.com.br\/wp-content\/uploads\/2022\/11\/Empregos-Brisanet.jpg","datePublished":"2023-09-22T05:03:00+00:00","dateModified":"2025-12-30T21:41:56+00:00","author":{"@id":"https:\/\/www.vagadeempregorj.com.br\/#\/schema\/person\/3ddb19fa0539706786e502152f3aae95"},"description":"Veja em Vagas de Emprego RJ as vagas de emprego com e sem experi\u00eancia no seu Estado e Regi\u00e3o!","breadcrumb":{"@id":"https:\/\/www.vagadeempregorj.com.br\/empregos-grupo-brisanet\/#breadcrumb"},"inLanguage":"fr-FR","potentialAction":[{"@type":"ReadAction","target":["https:\/\/www.vagadeempregorj.com.br\/empregos-grupo-brisanet\/"]}]},{"@type":"ImageObject","inLanguage":"fr-FR","@id":"https:\/\/www.vagadeempregorj.com.br\/empregos-grupo-brisanet\/#primaryimage","url":"https:\/\/www.vagadeempregorj.com.br\/wp-content\/uploads\/2022\/11\/Empregos-Brisanet.jpg","contentUrl":"https:\/\/www.vagadeempregorj.com.br\/wp-content\/uploads\/2022\/11\/Empregos-Brisanet.jpg","width":1390,"height":417,"caption":"Imagem: Brisanet - Reprodu\u00e7\u00e3o"},{"@type":"BreadcrumbList","@id":"https:\/\/www.vagadeempregorj.com.br\/empregos-grupo-brisanet\/#breadcrumb","itemListElement":[{"@type":"ListItem","position":1,"name":"In\u00edcio","item":"https:\/\/www.vagadeempregorj.com.br\/"},{"@type":"ListItem","position":2,"name":"Vagas de Emprego Nacionais","item":"https:\/\/www.vagadeempregorj.com.br\/vagas-de-emprego-nacionais\/"},{"@type":"ListItem","position":3,"name":"Agente de Coleta, Analista, Atendente de Loja, T\u00e9cnico em Seguran\u00e7a do Trabalho, Promotor de Vendas, Operador de Caixa e muito mais na Empresa Grupo Brisanet"}]},{"@type":"WebSite","@id":"https:\/\/www.vagadeempregorj.com.br\/#website","url":"https:\/\/www.vagadeempregorj.com.br\/","name":"","description":"Conquiste Sonhos: Vagas, Benef\u00edcios e Economia para Transformar Vidas e Alcan\u00e7ar Melhorias Cotidianas","potentialAction":[{"@type":"SearchAction","target":{"@type":"EntryPoint","urlTemplate":"https:\/\/www.vagadeempregorj.com.br\/?s={search_term_string}"},"query-input":{"@type":"PropertyValueSpecification","valueRequired":true,"valueName":"search_term_string"}}],"inLanguage":"fr-FR"},{"@type":"Person","@id":"https:\/\/www.vagadeempregorj.com.br\/#\/schema\/person\/3ddb19fa0539706786e502152f3aae95","name":"Michele","image":{"@type":"ImageObject","inLanguage":"fr-FR","@id":"https:\/\/secure.gravatar.com\/avatar\/6b0eb9d22841282815e2cd856a0061c45e1761cd54b22e952d98c4746939aa85?s=96&r=g","url":"https:\/\/secure.gravatar.com\/avatar\/6b0eb9d22841282815e2cd856a0061c45e1761cd54b22e952d98c4746939aa85?s=96&r=g","contentUrl":"https:\/\/secure.gravatar.com\/avatar\/6b0eb9d22841282815e2cd856a0061c45e1761cd54b22e952d98c4746939aa85?s=96&r=g","caption":"Michele"},"description":"Formada em Letras - Portugu\u00eas\/ Ingl\u00eas, e idealizadora do site Escritora de Sucesso, busca expandir o conhecimento de todos com informa\u00e7\u00f5es relevantes sobre diversos assuntos, enquanto redatora. No Vaga de Emprego RJ, traz oportunidades e dicas sobre o mercado de trabalho.","url":"https:\/\/www.vagadeempregorj.com.br\/fr\/author\/michele\/"}]}},"_links":{"self":[{"href":"https:\/\/www.vagadeempregorj.com.br\/fr\/wp-json\/wp\/v2\/posts\/36100","targetHints":{"allow":["GET"]}}],"collection":[{"href":"https:\/\/www.vagadeempregorj.com.br\/fr\/wp-json\/wp\/v2\/posts"}],"about":[{"href":"https:\/\/www.vagadeempregorj.com.br\/fr\/wp-json\/wp\/v2\/types\/post"}],"author":[{"embeddable":true,"href":"https:\/\/www.vagadeempregorj.com.br\/fr\/wp-json\/wp\/v2\/users\/16"}],"replies":[{"embeddable":true,"href":"https:\/\/www.vagadeempregorj.com.br\/fr\/wp-json\/wp\/v2\/comments?post=36100"}],"version-history":[{"count":1,"href":"https:\/\/www.vagadeempregorj.com.br\/fr\/wp-json\/wp\/v2\/posts\/36100\/revisions"}],"predecessor-version":[{"id":44111,"href":"https:\/\/www.vagadeempregorj.com.br\/fr\/wp-json\/wp\/v2\/posts\/36100\/revisions\/44111"}],"wp:featuredmedia":[{"embeddable":true,"href":"https:\/\/www.vagadeempregorj.com.br\/fr\/wp-json\/wp\/v2\/media\/36106"}],"wp:attachment":[{"href":"https:\/\/www.vagadeempregorj.com.br\/fr\/wp-json\/wp\/v2\/media?parent=36100"}],"wp:term":[{"taxonomy":"category","embeddable":true,"href":"https:\/\/www.vagadeempregorj.com.br\/fr\/wp-json\/wp\/v2\/categories?post=36100"},{"taxonomy":"post_tag","embeddable":true,"href":"https:\/\/www.vagadeempregorj.com.br\/fr\/wp-json\/wp\/v2\/tags?post=36100"}],"curies":[{"name":"wp","href":"https:\/\/api.w.org\/{rel}","templated":true}]}}