{"id":36128,"date":"2023-09-22T00:32:00","date_gmt":"2023-09-22T03:32:00","guid":{"rendered":"https:\/\/www.vagadeempregorj.com.br\/?p=36128"},"modified":"2023-09-21T13:05:45","modified_gmt":"2023-09-21T16:05:45","slug":"empregos-natto","status":"publish","type":"post","link":"https:\/\/www.vagadeempregorj.com.br\/fr\/empregos-natto\/","title":{"rendered":"Assistente Administrativo, Auxiliar de Produ\u00e7\u00e3o, Encarregado de Manuten\u00e7\u00e3o Veicular, Analistas e muito mais na Empresa Natto"},"content":{"rendered":"<p>Atualizado em<\/p>\n\n\n<div class=\"wp-block-post-date\"><time datetime=\"2023-09-22T00:32:00-03:00\">22\/09\/2023<\/time><\/div>\n\n\n<p>Os<strong> Empregos Natto <\/strong>t\u00eam destaque no mercado de trabalho em virtude dos benef\u00edcios ofertados pela empresa. A luz em seus olhos e a vontade de crescer s\u00e3o as qualidades que ela mais valoriza em seu pessoal, a sua busca incans\u00e1vel por resultados superiores e o seu compromisso de estar mais pr\u00f3ximo do consumidor e a companhia de prote\u00edna mais eficiente.<\/p>\n\n\n\n<figure class=\"wp-block-image size-full\"><img loading=\"lazy\" decoding=\"async\" width=\"567\" height=\"309\" src=\"https:\/\/www.vagadeempregorj.com.br\/wp-content\/uploads\/2022\/11\/empregos-natto.png\" alt=\"empregos natto\" class=\"wp-image-36133\" srcset=\"https:\/\/www.vagadeempregorj.com.br\/wp-content\/uploads\/2022\/11\/empregos-natto.png 567w, https:\/\/www.vagadeempregorj.com.br\/wp-content\/uploads\/2022\/11\/empregos-natto-300x163.png 300w, https:\/\/www.vagadeempregorj.com.br\/wp-content\/uploads\/2022\/11\/empregos-natto-150x82.png 150w\" sizes=\"auto, (max-width: 567px) 100vw, 567px\" \/><figcaption class=\"wp-element-caption\">Imagem: Natto &#8211; Reprodu\u00e7\u00e3o<\/figcaption><\/figure>\n\n\n\n<h2 class=\"wp-block-heading\">Conhe\u00e7a todas as vagas de Empregos Natto<\/h2>\n\n\n\n<p>A empresa procura algu\u00e9m que possa contribuir com a sua miss\u00e3o de ser a companhia de prote\u00ednas mais pr\u00f3xima de seus consumidores e a mais eficiente do campo ao garfo, cuidando do processo, garantindo qualidade e efici\u00eancia. Se voc\u00ea \u00e9 um profissional com atitude de dono e dedica\u00e7\u00e3o a resultados excepcionais, ent\u00e3o este \u00e9 o seu lugar. Confira todas as oportunidades dispon\u00edveis abaixo:<\/p>\n\n\n\n<ul class=\"wp-block-list\">\n<li>ANA. COMERCIAL SR;<\/li>\n\n\n\n<li>Encarregado de Manuten\u00e7\u00e3o Veicular;<\/li>\n\n\n\n<li>ANA. DE MANUTEN\u00c7\u00c3O;<\/li>\n\n\n\n<li>Tec. de Seguran\u00e7a do Trabalho;<\/li>\n\n\n\n<li>ANA. DE PROJETOS;&nbsp;<\/li>\n\n\n\n<li>Superv. de Obras;<\/li>\n\n\n\n<li>Ana. de Recursos Humanos;<\/li>\n\n\n\n<li>Encarregado de Produ\u00e7\u00e3o &#8211; Incubat\u00f3rio<\/li>\n\n\n\n<li>Ana. de TI;<\/li>\n\n\n\n<li>Superv. Administrativo;<\/li>\n\n\n\n<li>Ass. Administrativo;<\/li>\n\n\n\n<li>Encarregado de Granja;<\/li>\n\n\n\n<li>Auditor Interno;&nbsp;<\/li>\n\n\n\n<li>Coord. Administrativo.<\/li>\n<\/ul>\n\n\n\n<h3 class=\"wp-block-heading\">Como se candidatar<\/h3>\n\n\n\n<p>Se interessado em algum cargo informado e deseja realizar o envio dos seus dados, basta acessar o link abaixo, uma vez que \u00e9 por meio deles que o recrutamento dos candidatos \u00e9 feito:&nbsp;<\/p>\n\n\n\n<ul class=\"wp-block-list\">\n<li><a href=\"https:\/\/natto.gupy.io\/\">Vagas<\/a>.<\/li>\n<\/ul>\n\n\n\n<p>Em seguida, ser\u00e1 necess\u00e1rio achar a fun\u00e7\u00e3o do seu interesse e fazer com calma a leitura de todos os requisitos exigidos para ter a certeza de que ela se encaixa com o seu perfil profissional, visto que a maioria das exig\u00eancias delas \u00e9 possuir experi\u00eancia no cargo, entre outros crit\u00e9rios. Caso haja compatibilidade, realize o seu login na plataforma ou crie um cadastro se ainda n\u00e3o tiver.&nbsp;<\/p>\n\n\n\n<p>Se n\u00e3o houver nenhuma vaga especificada no site, preencha o formul\u00e1rio que aparecer com os dados pedidos e aguarde a empresa entrar em contato.&nbsp;<\/p>\n\n\n\n<p>No dia da entrevista, \u00e9 fundamental que o candidato esteja preparado. Para isso, saiba de antem\u00e3o que talvez seja necess\u00e1rio realizar uma prova com quest\u00f5es de portugu\u00eas e matem\u00e1tica e \u00e0s vezes din\u00e2micas em grupos.&nbsp;<\/p>\n\n\n\n<h2 class=\"wp-block-heading\">Sobre a NAtto<\/h2>\n\n\n\n<p>A empresa faz parte da fam\u00edlia brasileira. Est\u00e1 na mesa de jantar de todos os nordestinos h\u00e1 25 anos. Isso porque acreditam que podem sempre fazer mais, o que est\u00e1 no centro do seu neg\u00f3cio. Este \u00e9 o seu guia. O desenvolvimento da companhia \u00e9 uma pol\u00edtica consistente da empresa, s\u00f3 os melhores produtos podem chegar a todo o Nordeste e entrar em todas as fam\u00edlias. Estas casas tamb\u00e9m fazem parte do seu cora\u00e7\u00e3o e servem de guias, dando-lhes uma grande certeza: est\u00e3o proporcionando momentos especiais!<\/p>\n\n\n\n<p>Existem v\u00e1rios alimentos deliciosos, saud\u00e1veis \u200b\u200be acess\u00edveis para essas ocasi\u00f5es, como caf\u00e9 da manh\u00e3, almo\u00e7o, jantar, churrasco, festas e algumas outras ocasi\u00f5es felizes do dia a dia. Oferecem sempre frango congelado e congelado, salsichas e kebabs. Salsichas como lingui\u00e7a, lingui\u00e7a e mortadela. Legumes como batatas fritas, br\u00f3colis, verduras mistas e ervilhas. Com exce\u00e7\u00e3o das linhas Natto Fest, Pescados e Vida Pr\u00e1tica. Sempre focam em seus consumidores, por meio dos quais aprendemos que trazer produtos frescos e produzidos para perto \u00e9 como sair do forno em casa.&nbsp;<\/p>","protected":false},"excerpt":{"rendered":"<p>Atualizado em Os Empregos Natto t\u00eam destaque no mercado de trabalho em virtude dos benef\u00edcios ofertados pela empresa. A luz em seus olhos e a vontade de crescer s\u00e3o as qualidades que ela mais valoriza em seu pessoal, a sua busca incans\u00e1vel por resultados superiores e o seu compromisso de estar mais pr\u00f3ximo do consumidor&hellip;&nbsp;<\/p>","protected":false},"author":16,"featured_media":36133,"comment_status":"open","ping_status":"closed","sticky":false,"template":"","format":"standard","meta":{"neve_meta_sidebar":"","neve_meta_container":"","neve_meta_enable_content_width":"","neve_meta_content_width":0,"neve_meta_title_alignment":"","neve_meta_author_avatar":"","neve_post_elements_order":"","neve_meta_disable_header":"","neve_meta_disable_footer":"","neve_meta_disable_title":"","footnotes":""},"categories":[123],"tags":[678,608,211],"class_list":["post-36128","post","type-post","status-publish","format-standard","has-post-thumbnail","hentry","category-vagas-de-emprego-nacionais","tag-natto","tag-oportunidades","tag-vagas-de-emprego"],"yoast_head":"<!-- This site is optimized with the Yoast SEO plugin v27.5 - https:\/\/yoast.com\/product\/yoast-seo-wordpress\/ -->\n<title>Assistente Administrativo, Auxiliar de Produ\u00e7\u00e3o, Encarregado de Manuten\u00e7\u00e3o Veicular, Analistas e muito mais na Empresa Natto -<\/title>\n<meta name=\"description\" content=\"Veja em Vagas de Emprego RJ as vagas de emprego com e sem experi\u00eancia no seu Estado e Regi\u00e3o!\" \/>\n<meta name=\"robots\" content=\"index, follow, max-snippet:-1, max-image-preview:large, max-video-preview:-1\" \/>\n<link rel=\"canonical\" href=\"https:\/\/www.vagadeempregorj.com.br\/fr\/empregos-natto\/\" \/>\n<meta property=\"og:locale\" content=\"fr_FR\" \/>\n<meta property=\"og:type\" content=\"article\" \/>\n<meta property=\"og:title\" content=\"Assistente Administrativo, Auxiliar de Produ\u00e7\u00e3o, Encarregado de Manuten\u00e7\u00e3o Veicular, Analistas e muito mais na Empresa Natto -\" \/>\n<meta property=\"og:description\" content=\"Veja em Vagas de Emprego RJ as vagas de emprego com e sem experi\u00eancia no seu Estado e Regi\u00e3o!\" \/>\n<meta property=\"og:url\" content=\"https:\/\/www.vagadeempregorj.com.br\/fr\/empregos-natto\/\" \/>\n<meta property=\"article:publisher\" content=\"https:\/\/www.facebook.com\/empregobrasiloficial\" \/>\n<meta property=\"article:published_time\" content=\"2023-09-22T03:32:00+00:00\" \/>\n<meta property=\"og:image\" content=\"https:\/\/www.vagadeempregorj.com.br\/wp-content\/uploads\/2022\/11\/empregos-natto.png\" \/>\n\t<meta property=\"og:image:width\" content=\"567\" \/>\n\t<meta property=\"og:image:height\" content=\"309\" \/>\n\t<meta property=\"og:image:type\" content=\"image\/png\" \/>\n<meta name=\"author\" content=\"Michele\" \/>\n<meta name=\"twitter:card\" content=\"summary_large_image\" \/>\n<meta name=\"twitter:label1\" content=\"Written by\" \/>\n\t<meta name=\"twitter:data1\" content=\"Michele\" \/>\n\t<meta name=\"twitter:label2\" content=\"Est. reading time\" \/>\n\t<meta name=\"twitter:data2\" content=\"3 minutes\" \/>\n<script type=\"application\/ld+json\" class=\"yoast-schema-graph\">{\"@context\":\"https:\\\/\\\/schema.org\",\"@graph\":[{\"@type\":\"Article\",\"@id\":\"https:\\\/\\\/www.vagadeempregorj.com.br\\\/empregos-natto\\\/#article\",\"isPartOf\":{\"@id\":\"https:\\\/\\\/www.vagadeempregorj.com.br\\\/empregos-natto\\\/\"},\"author\":{\"name\":\"Michele\",\"@id\":\"https:\\\/\\\/www.vagadeempregorj.com.br\\\/#\\\/schema\\\/person\\\/3ddb19fa0539706786e502152f3aae95\"},\"headline\":\"Assistente Administrativo, Auxiliar de Produ\u00e7\u00e3o, Encarregado de Manuten\u00e7\u00e3o Veicular, Analistas e muito mais na Empresa Natto\",\"datePublished\":\"2023-09-22T03:32:00+00:00\",\"mainEntityOfPage\":{\"@id\":\"https:\\\/\\\/www.vagadeempregorj.com.br\\\/empregos-natto\\\/\"},\"wordCount\":586,\"commentCount\":0,\"image\":{\"@id\":\"https:\\\/\\\/www.vagadeempregorj.com.br\\\/empregos-natto\\\/#primaryimage\"},\"thumbnailUrl\":\"https:\\\/\\\/www.vagadeempregorj.com.br\\\/wp-content\\\/uploads\\\/2022\\\/11\\\/empregos-natto.png\",\"keywords\":[\"Natto\",\"oportunidades\",\"vagas de emprego\"],\"articleSection\":[\"Vagas de Emprego Nacionais\"],\"inLanguage\":\"fr-FR\",\"potentialAction\":[{\"@type\":\"CommentAction\",\"name\":\"Comment\",\"target\":[\"https:\\\/\\\/www.vagadeempregorj.com.br\\\/empregos-natto\\\/#respond\"]}]},{\"@type\":\"WebPage\",\"@id\":\"https:\\\/\\\/www.vagadeempregorj.com.br\\\/empregos-natto\\\/\",\"url\":\"https:\\\/\\\/www.vagadeempregorj.com.br\\\/empregos-natto\\\/\",\"name\":\"Assistente Administrativo, Auxiliar de Produ\u00e7\u00e3o, Encarregado de Manuten\u00e7\u00e3o Veicular, Analistas e muito mais na Empresa Natto -\",\"isPartOf\":{\"@id\":\"https:\\\/\\\/www.vagadeempregorj.com.br\\\/#website\"},\"primaryImageOfPage\":{\"@id\":\"https:\\\/\\\/www.vagadeempregorj.com.br\\\/empregos-natto\\\/#primaryimage\"},\"image\":{\"@id\":\"https:\\\/\\\/www.vagadeempregorj.com.br\\\/empregos-natto\\\/#primaryimage\"},\"thumbnailUrl\":\"https:\\\/\\\/www.vagadeempregorj.com.br\\\/wp-content\\\/uploads\\\/2022\\\/11\\\/empregos-natto.png\",\"datePublished\":\"2023-09-22T03:32:00+00:00\",\"author\":{\"@id\":\"https:\\\/\\\/www.vagadeempregorj.com.br\\\/#\\\/schema\\\/person\\\/3ddb19fa0539706786e502152f3aae95\"},\"description\":\"Veja em Vagas de Emprego RJ as vagas de emprego com e sem experi\u00eancia no seu Estado e Regi\u00e3o!\",\"breadcrumb\":{\"@id\":\"https:\\\/\\\/www.vagadeempregorj.com.br\\\/empregos-natto\\\/#breadcrumb\"},\"inLanguage\":\"fr-FR\",\"potentialAction\":[{\"@type\":\"ReadAction\",\"target\":[\"https:\\\/\\\/www.vagadeempregorj.com.br\\\/empregos-natto\\\/\"]}]},{\"@type\":\"ImageObject\",\"inLanguage\":\"fr-FR\",\"@id\":\"https:\\\/\\\/www.vagadeempregorj.com.br\\\/empregos-natto\\\/#primaryimage\",\"url\":\"https:\\\/\\\/www.vagadeempregorj.com.br\\\/wp-content\\\/uploads\\\/2022\\\/11\\\/empregos-natto.png\",\"contentUrl\":\"https:\\\/\\\/www.vagadeempregorj.com.br\\\/wp-content\\\/uploads\\\/2022\\\/11\\\/empregos-natto.png\",\"width\":567,\"height\":309,\"caption\":\"Imagem: Natto - Reprodu\u00e7\u00e3o\"},{\"@type\":\"BreadcrumbList\",\"@id\":\"https:\\\/\\\/www.vagadeempregorj.com.br\\\/empregos-natto\\\/#breadcrumb\",\"itemListElement\":[{\"@type\":\"ListItem\",\"position\":1,\"name\":\"In\u00edcio\",\"item\":\"https:\\\/\\\/www.vagadeempregorj.com.br\\\/\"},{\"@type\":\"ListItem\",\"position\":2,\"name\":\"Vagas de Emprego Nacionais\",\"item\":\"https:\\\/\\\/www.vagadeempregorj.com.br\\\/vagas-de-emprego-nacionais\\\/\"},{\"@type\":\"ListItem\",\"position\":3,\"name\":\"Assistente Administrativo, Auxiliar de Produ\u00e7\u00e3o, Encarregado de Manuten\u00e7\u00e3o Veicular, Analistas e muito mais na Empresa Natto\"}]},{\"@type\":\"WebSite\",\"@id\":\"https:\\\/\\\/www.vagadeempregorj.com.br\\\/#website\",\"url\":\"https:\\\/\\\/www.vagadeempregorj.com.br\\\/\",\"name\":\"\",\"description\":\"Conquiste Sonhos: Vagas, Benef\u00edcios e Economia para Transformar Vidas e Alcan\u00e7ar Melhorias Cotidianas\",\"potentialAction\":[{\"@type\":\"SearchAction\",\"target\":{\"@type\":\"EntryPoint\",\"urlTemplate\":\"https:\\\/\\\/www.vagadeempregorj.com.br\\\/?s={search_term_string}\"},\"query-input\":{\"@type\":\"PropertyValueSpecification\",\"valueRequired\":true,\"valueName\":\"search_term_string\"}}],\"inLanguage\":\"fr-FR\"},{\"@type\":\"Person\",\"@id\":\"https:\\\/\\\/www.vagadeempregorj.com.br\\\/#\\\/schema\\\/person\\\/3ddb19fa0539706786e502152f3aae95\",\"name\":\"Michele\",\"image\":{\"@type\":\"ImageObject\",\"inLanguage\":\"fr-FR\",\"@id\":\"https:\\\/\\\/secure.gravatar.com\\\/avatar\\\/6b0eb9d22841282815e2cd856a0061c45e1761cd54b22e952d98c4746939aa85?s=96&r=g\",\"url\":\"https:\\\/\\\/secure.gravatar.com\\\/avatar\\\/6b0eb9d22841282815e2cd856a0061c45e1761cd54b22e952d98c4746939aa85?s=96&r=g\",\"contentUrl\":\"https:\\\/\\\/secure.gravatar.com\\\/avatar\\\/6b0eb9d22841282815e2cd856a0061c45e1761cd54b22e952d98c4746939aa85?s=96&r=g\",\"caption\":\"Michele\"},\"description\":\"Formada em Letras - Portugu\u00eas\\\/ Ingl\u00eas, e idealizadora do site Escritora de Sucesso, busca expandir o conhecimento de todos com informa\u00e7\u00f5es relevantes sobre diversos assuntos, enquanto redatora. No Vaga de Emprego RJ, traz oportunidades e dicas sobre o mercado de trabalho.\",\"url\":\"https:\\\/\\\/www.vagadeempregorj.com.br\\\/fr\\\/author\\\/michele\\\/\"}]}<\/script>\n<!-- \/ Yoast SEO plugin. -->","yoast_head_json":{"title":"Assistente Administrativo, Auxiliar de Produ\u00e7\u00e3o, Encarregado de Manuten\u00e7\u00e3o Veicular, Analistas e muito mais na Empresa Natto -","description":"Veja em Vagas de Emprego RJ as vagas de emprego com e sem experi\u00eancia no seu Estado e Regi\u00e3o!","robots":{"index":"index","follow":"follow","max-snippet":"max-snippet:-1","max-image-preview":"max-image-preview:large","max-video-preview":"max-video-preview:-1"},"canonical":"https:\/\/www.vagadeempregorj.com.br\/fr\/empregos-natto\/","og_locale":"fr_FR","og_type":"article","og_title":"Assistente Administrativo, Auxiliar de Produ\u00e7\u00e3o, Encarregado de Manuten\u00e7\u00e3o Veicular, Analistas e muito mais na Empresa Natto -","og_description":"Veja em Vagas de Emprego RJ as vagas de emprego com e sem experi\u00eancia no seu Estado e Regi\u00e3o!","og_url":"https:\/\/www.vagadeempregorj.com.br\/fr\/empregos-natto\/","article_publisher":"https:\/\/www.facebook.com\/empregobrasiloficial","article_published_time":"2023-09-22T03:32:00+00:00","og_image":[{"width":567,"height":309,"url":"https:\/\/www.vagadeempregorj.com.br\/wp-content\/uploads\/2022\/11\/empregos-natto.png","type":"image\/png"}],"author":"Michele","twitter_card":"summary_large_image","twitter_misc":{"Written by":"Michele","Est. reading time":"3 minutes"},"schema":{"@context":"https:\/\/schema.org","@graph":[{"@type":"Article","@id":"https:\/\/www.vagadeempregorj.com.br\/empregos-natto\/#article","isPartOf":{"@id":"https:\/\/www.vagadeempregorj.com.br\/empregos-natto\/"},"author":{"name":"Michele","@id":"https:\/\/www.vagadeempregorj.com.br\/#\/schema\/person\/3ddb19fa0539706786e502152f3aae95"},"headline":"Assistente Administrativo, Auxiliar de Produ\u00e7\u00e3o, Encarregado de Manuten\u00e7\u00e3o Veicular, Analistas e muito mais na Empresa Natto","datePublished":"2023-09-22T03:32:00+00:00","mainEntityOfPage":{"@id":"https:\/\/www.vagadeempregorj.com.br\/empregos-natto\/"},"wordCount":586,"commentCount":0,"image":{"@id":"https:\/\/www.vagadeempregorj.com.br\/empregos-natto\/#primaryimage"},"thumbnailUrl":"https:\/\/www.vagadeempregorj.com.br\/wp-content\/uploads\/2022\/11\/empregos-natto.png","keywords":["Natto","oportunidades","vagas de emprego"],"articleSection":["Vagas de Emprego Nacionais"],"inLanguage":"fr-FR","potentialAction":[{"@type":"CommentAction","name":"Comment","target":["https:\/\/www.vagadeempregorj.com.br\/empregos-natto\/#respond"]}]},{"@type":"WebPage","@id":"https:\/\/www.vagadeempregorj.com.br\/empregos-natto\/","url":"https:\/\/www.vagadeempregorj.com.br\/empregos-natto\/","name":"Assistente Administrativo, Auxiliar de Produ\u00e7\u00e3o, Encarregado de Manuten\u00e7\u00e3o Veicular, Analistas e muito mais na Empresa Natto -","isPartOf":{"@id":"https:\/\/www.vagadeempregorj.com.br\/#website"},"primaryImageOfPage":{"@id":"https:\/\/www.vagadeempregorj.com.br\/empregos-natto\/#primaryimage"},"image":{"@id":"https:\/\/www.vagadeempregorj.com.br\/empregos-natto\/#primaryimage"},"thumbnailUrl":"https:\/\/www.vagadeempregorj.com.br\/wp-content\/uploads\/2022\/11\/empregos-natto.png","datePublished":"2023-09-22T03:32:00+00:00","author":{"@id":"https:\/\/www.vagadeempregorj.com.br\/#\/schema\/person\/3ddb19fa0539706786e502152f3aae95"},"description":"Veja em Vagas de Emprego RJ as vagas de emprego com e sem experi\u00eancia no seu Estado e Regi\u00e3o!","breadcrumb":{"@id":"https:\/\/www.vagadeempregorj.com.br\/empregos-natto\/#breadcrumb"},"inLanguage":"fr-FR","potentialAction":[{"@type":"ReadAction","target":["https:\/\/www.vagadeempregorj.com.br\/empregos-natto\/"]}]},{"@type":"ImageObject","inLanguage":"fr-FR","@id":"https:\/\/www.vagadeempregorj.com.br\/empregos-natto\/#primaryimage","url":"https:\/\/www.vagadeempregorj.com.br\/wp-content\/uploads\/2022\/11\/empregos-natto.png","contentUrl":"https:\/\/www.vagadeempregorj.com.br\/wp-content\/uploads\/2022\/11\/empregos-natto.png","width":567,"height":309,"caption":"Imagem: Natto - Reprodu\u00e7\u00e3o"},{"@type":"BreadcrumbList","@id":"https:\/\/www.vagadeempregorj.com.br\/empregos-natto\/#breadcrumb","itemListElement":[{"@type":"ListItem","position":1,"name":"In\u00edcio","item":"https:\/\/www.vagadeempregorj.com.br\/"},{"@type":"ListItem","position":2,"name":"Vagas de Emprego Nacionais","item":"https:\/\/www.vagadeempregorj.com.br\/vagas-de-emprego-nacionais\/"},{"@type":"ListItem","position":3,"name":"Assistente Administrativo, Auxiliar de Produ\u00e7\u00e3o, Encarregado de Manuten\u00e7\u00e3o Veicular, Analistas e muito mais na Empresa Natto"}]},{"@type":"WebSite","@id":"https:\/\/www.vagadeempregorj.com.br\/#website","url":"https:\/\/www.vagadeempregorj.com.br\/","name":"","description":"Conquiste Sonhos: Vagas, Benef\u00edcios e Economia para Transformar Vidas e Alcan\u00e7ar Melhorias Cotidianas","potentialAction":[{"@type":"SearchAction","target":{"@type":"EntryPoint","urlTemplate":"https:\/\/www.vagadeempregorj.com.br\/?s={search_term_string}"},"query-input":{"@type":"PropertyValueSpecification","valueRequired":true,"valueName":"search_term_string"}}],"inLanguage":"fr-FR"},{"@type":"Person","@id":"https:\/\/www.vagadeempregorj.com.br\/#\/schema\/person\/3ddb19fa0539706786e502152f3aae95","name":"Michele","image":{"@type":"ImageObject","inLanguage":"fr-FR","@id":"https:\/\/secure.gravatar.com\/avatar\/6b0eb9d22841282815e2cd856a0061c45e1761cd54b22e952d98c4746939aa85?s=96&r=g","url":"https:\/\/secure.gravatar.com\/avatar\/6b0eb9d22841282815e2cd856a0061c45e1761cd54b22e952d98c4746939aa85?s=96&r=g","contentUrl":"https:\/\/secure.gravatar.com\/avatar\/6b0eb9d22841282815e2cd856a0061c45e1761cd54b22e952d98c4746939aa85?s=96&r=g","caption":"Michele"},"description":"Formada em Letras - Portugu\u00eas\/ Ingl\u00eas, e idealizadora do site Escritora de Sucesso, busca expandir o conhecimento de todos com informa\u00e7\u00f5es relevantes sobre diversos assuntos, enquanto redatora. No Vaga de Emprego RJ, traz oportunidades e dicas sobre o mercado de trabalho.","url":"https:\/\/www.vagadeempregorj.com.br\/fr\/author\/michele\/"}]}},"_links":{"self":[{"href":"https:\/\/www.vagadeempregorj.com.br\/fr\/wp-json\/wp\/v2\/posts\/36128","targetHints":{"allow":["GET"]}}],"collection":[{"href":"https:\/\/www.vagadeempregorj.com.br\/fr\/wp-json\/wp\/v2\/posts"}],"about":[{"href":"https:\/\/www.vagadeempregorj.com.br\/fr\/wp-json\/wp\/v2\/types\/post"}],"author":[{"embeddable":true,"href":"https:\/\/www.vagadeempregorj.com.br\/fr\/wp-json\/wp\/v2\/users\/16"}],"replies":[{"embeddable":true,"href":"https:\/\/www.vagadeempregorj.com.br\/fr\/wp-json\/wp\/v2\/comments?post=36128"}],"version-history":[{"count":0,"href":"https:\/\/www.vagadeempregorj.com.br\/fr\/wp-json\/wp\/v2\/posts\/36128\/revisions"}],"wp:featuredmedia":[{"embeddable":true,"href":"https:\/\/www.vagadeempregorj.com.br\/fr\/wp-json\/wp\/v2\/media\/36133"}],"wp:attachment":[{"href":"https:\/\/www.vagadeempregorj.com.br\/fr\/wp-json\/wp\/v2\/media?parent=36128"}],"wp:term":[{"taxonomy":"category","embeddable":true,"href":"https:\/\/www.vagadeempregorj.com.br\/fr\/wp-json\/wp\/v2\/categories?post=36128"},{"taxonomy":"post_tag","embeddable":true,"href":"https:\/\/www.vagadeempregorj.com.br\/fr\/wp-json\/wp\/v2\/tags?post=36128"}],"curies":[{"name":"wp","href":"https:\/\/api.w.org\/{rel}","templated":true}]}}