{"id":36130,"date":"2023-09-27T00:31:00","date_gmt":"2023-09-27T03:31:00","guid":{"rendered":"https:\/\/www.vagadeempregorj.com.br\/?p=36130"},"modified":"2023-09-26T17:52:04","modified_gmt":"2023-09-26T20:52:04","slug":"empregos-fabula","status":"publish","type":"post","link":"https:\/\/www.vagadeempregorj.com.br\/fr\/empregos-fabula\/","title":{"rendered":"Vendedores, Gerente, Estoquistas, Caixa, Auxiliares de Loja e muito mais na Empresa F\u00e1bula"},"content":{"rendered":"<p>Atualizado em<\/p>\n\n\n<div class=\"wp-block-post-date\"><time datetime=\"2023-09-27T00:31:00-03:00\">27\/09\/2023<\/time><\/div>\n\n\n<p>Os<strong> Empregos F\u00e1bula <\/strong>oferecem aos seus colaboradores um ambiente de trabalho inclusivo e harmonioso. A companhia possui v\u00e1rias unidades pr\u00f3prias espalhadas nos estados de S\u00e3o Paulo, Recife e Rio de Janeiro, al\u00e9m de suas lojas f\u00edsicas, possui uma expans\u00e3o de pop-ups e um e-commerce, com mais de quinhentos pontos de vendas realizados em todo o Brasil.&nbsp;<\/p>\n\n\n\n<figure class=\"wp-block-image size-full\"><img loading=\"lazy\" decoding=\"async\" width=\"300\" height=\"240\" src=\"https:\/\/www.vagadeempregorj.com.br\/wp-content\/uploads\/2022\/11\/empregos-fabula.png\" alt=\"empregos f\u00e1bula\" class=\"wp-image-36134\" srcset=\"https:\/\/www.vagadeempregorj.com.br\/wp-content\/uploads\/2022\/11\/empregos-fabula.png 300w, https:\/\/www.vagadeempregorj.com.br\/wp-content\/uploads\/2022\/11\/empregos-fabula-150x120.png 150w\" sizes=\"auto, (max-width: 300px) 100vw, 300px\" \/><figcaption class=\"wp-element-caption\">Imagem: F\u00e1bula &#8211; Reprodu\u00e7\u00e3o<\/figcaption><\/figure>\n\n\n\n<h2 class=\"wp-block-heading\">Confira as oportunidades de Empregos F\u00e1bula&nbsp;<\/h2>\n\n\n\n<p>A empresa F\u00e1bula oferece um sal\u00e1rio fixo, al\u00e9m de v\u00e1rios benef\u00edcios que ser\u00e3o divulgados no momento da contrata\u00e7\u00e3o. Essas vantagens est\u00e3o inclusas em todas as \u00e1reas operacionais. As oportunidades variam de cargos de n\u00edvel b\u00e1sico a cargos especializados e de n\u00edvel superior, dando aos profissionais com qualquer n\u00edvel de educa\u00e7\u00e3o a chance de trabalhar para a empresa, desde que atendam aos requisitos para o cargo.<\/p>\n\n\n\n<p>Algumas das op\u00e7\u00f5es atuais para empregos que est\u00e3o dispon\u00edveis s\u00e3o as seguintes:<\/p>\n\n\n\n<ul class=\"wp-block-list\">\n<li>Vendedores;<\/li>\n\n\n\n<li>Vendedor Extra Natal;<\/li>\n\n\n\n<li>Gerente de Loja;<\/li>\n\n\n\n<li>Estoquista;<\/li>\n\n\n\n<li>Estoquista Extra Natal;<\/li>\n\n\n\n<li>Vendedores Exclusivo para Portadores de Defici\u00eancia;<\/li>\n\n\n\n<li>Caixa;<\/li>\n\n\n\n<li>Caixa Extra para o Natal;<\/li>\n\n\n\n<li>Auxiliares de Loja Extra para o Natal.&nbsp;<\/li>\n<\/ul>\n\n\n\n<p>Atualmente, o pa\u00eds est\u00e1 coberto de suas F\u00e1bulas. A empresa tem doze lojas pr\u00f3prias no Rio de Janeiro, S\u00e3o Paulo e Recife, um plano de expans\u00e3o pop-up, uma loja online e mais de 500 locais multimercados que vendem em todo o Brasil. Portanto, o interessado poder\u00e1 se candidatar \u00e0 vaga mais pr\u00f3xima do local em que reside, garantindo maior chance de contrata\u00e7\u00e3o.&nbsp;<\/p>\n\n\n\n<h3 class=\"wp-block-heading\">Como se candidatar&nbsp;<\/h3>\n\n\n\n<p>A empresa possui vagas efetivas e cargos tempor\u00e1rios para a temporada de natal, mas como divulgado, os profissionais que forem contratados por um per\u00edodo de tempo, tem grandes chances de efetiva\u00e7\u00e3o ap\u00f3s o contrato de natal, para isso ser\u00e1 necess\u00e1rio mostrar interesse na fun\u00e7\u00e3o e atender aos crit\u00e9rios m\u00ednimos. Para consultar todas as regi\u00f5es e vagas dispon\u00edveis, basta acessar o site abaixo:<\/p>\n\n\n\n<ul class=\"wp-block-list\">\n<li><a href=\"https:\/\/afabula.gupy.io\">Carreiras F\u00e1bula<\/a>.&nbsp;<\/li>\n<\/ul>\n\n\n\n<p>As vagas ficam dispon\u00edveis por um tempo indeterminado, com atualiza\u00e7\u00f5es constantes. Caso o interessado n\u00e3o encontre uma vaga que corresponda ao seu perfil profissional, poder\u00e1 realizar novas consultas at\u00e9 encontrar uma vaga que se encaixe em suas habilidades.&nbsp;<\/p>\n\n\n\n<h2 class=\"wp-block-heading\">Sobre a empresa F\u00e1bula&nbsp;<\/h2>\n\n\n\n<p>Uma marca chamada &#8220;f\u00e1bula&#8221; celebra a liberdade das crian\u00e7as e, desde 2008, criou mundos imaginativos cheios de padr\u00f5es coloridos e personagens que contam hist\u00f3rias.<\/p>\n\n\n\n<p>F\u00e1bula \u00e9 o produto do desejo de Katherine Barros e Marcello Bastos, que criaram o estilo de vida da fazenda e sonhavam em criar roupas infantis de uma maneira \u00fanica.<\/p>\n\n\n\n<p>Desde 12 anos atr\u00e1s, sob a dire\u00e7\u00e3o criativa de Marta Rodrigues, a f\u00e1bula viajou entre plantas gigantes, p\u00e1ssaros tropicais, rios, flores, ondas oce\u00e2nicas e planetas enquanto criava roupas.&nbsp;<\/p>\n\n\n\n<p>Hoje, o pa\u00eds est\u00e1 coberto de suas F\u00e1bulas. A companhia possui doze lojas pr\u00f3prias no Rio de Janeiro, S\u00e3o Paulo e Recife, um plano de expans\u00e3o pop-up, uma loja online e mais de 500 locais multimercados que vendem em todo o Brasil.<\/p>","protected":false},"excerpt":{"rendered":"<p>Atualizado em Os Empregos F\u00e1bula oferecem aos seus colaboradores um ambiente de trabalho inclusivo e harmonioso. A companhia possui v\u00e1rias unidades pr\u00f3prias espalhadas nos estados de S\u00e3o Paulo, Recife e Rio de Janeiro, al\u00e9m de suas lojas f\u00edsicas, possui uma expans\u00e3o de pop-ups e um e-commerce, com mais de quinhentos pontos de vendas realizados em&hellip;&nbsp;<\/p>","protected":false},"author":16,"featured_media":36134,"comment_status":"open","ping_status":"closed","sticky":false,"template":"","format":"standard","meta":{"neve_meta_sidebar":"","neve_meta_container":"","neve_meta_enable_content_width":"","neve_meta_content_width":0,"neve_meta_title_alignment":"","neve_meta_author_avatar":"","neve_post_elements_order":"","neve_meta_disable_header":"","neve_meta_disable_footer":"","neve_meta_disable_title":"","footnotes":""},"categories":[123],"tags":[679,608,211],"class_list":["post-36130","post","type-post","status-publish","format-standard","has-post-thumbnail","hentry","category-vagas-de-emprego-nacionais","tag-fabula","tag-oportunidades","tag-vagas-de-emprego"],"yoast_head":"<!-- This site is optimized with the Yoast SEO plugin v27.5 - https:\/\/yoast.com\/product\/yoast-seo-wordpress\/ -->\n<title>Vendedores, Gerente, Estoquistas, Caixa, Auxiliares de Loja e muito mais na Empresa F\u00e1bula -<\/title>\n<meta name=\"description\" content=\"Veja em Vagas de Emprego RJ as vagas de emprego com e sem experi\u00eancia no seu Estado e Regi\u00e3o!\" \/>\n<meta name=\"robots\" content=\"index, follow, max-snippet:-1, max-image-preview:large, max-video-preview:-1\" \/>\n<link rel=\"canonical\" href=\"https:\/\/www.vagadeempregorj.com.br\/fr\/empregos-fabula\/\" \/>\n<meta property=\"og:locale\" content=\"fr_FR\" \/>\n<meta property=\"og:type\" content=\"article\" \/>\n<meta property=\"og:title\" content=\"Vendedores, Gerente, Estoquistas, Caixa, Auxiliares de Loja e muito mais na Empresa F\u00e1bula -\" \/>\n<meta property=\"og:description\" content=\"Veja em Vagas de Emprego RJ as vagas de emprego com e sem experi\u00eancia no seu Estado e Regi\u00e3o!\" \/>\n<meta property=\"og:url\" content=\"https:\/\/www.vagadeempregorj.com.br\/fr\/empregos-fabula\/\" \/>\n<meta property=\"article:publisher\" content=\"https:\/\/www.facebook.com\/empregobrasiloficial\" \/>\n<meta property=\"article:published_time\" content=\"2023-09-27T03:31:00+00:00\" \/>\n<meta property=\"og:image\" content=\"https:\/\/www.vagadeempregorj.com.br\/wp-content\/uploads\/2022\/11\/empregos-fabula.png\" \/>\n\t<meta property=\"og:image:width\" content=\"300\" \/>\n\t<meta property=\"og:image:height\" content=\"240\" \/>\n\t<meta property=\"og:image:type\" content=\"image\/png\" \/>\n<meta name=\"author\" content=\"Michele\" \/>\n<meta name=\"twitter:card\" content=\"summary_large_image\" \/>\n<meta name=\"twitter:label1\" content=\"\u00c9crit par\" \/>\n\t<meta name=\"twitter:data1\" content=\"Michele\" \/>\n\t<meta name=\"twitter:label2\" content=\"Dur\u00e9e de lecture estim\u00e9e\" \/>\n\t<meta name=\"twitter:data2\" content=\"3 minutes\" \/>\n<script type=\"application\/ld+json\" class=\"yoast-schema-graph\">{\"@context\":\"https:\\\/\\\/schema.org\",\"@graph\":[{\"@type\":\"Article\",\"@id\":\"https:\\\/\\\/www.vagadeempregorj.com.br\\\/empregos-fabula\\\/#article\",\"isPartOf\":{\"@id\":\"https:\\\/\\\/www.vagadeempregorj.com.br\\\/empregos-fabula\\\/\"},\"author\":{\"name\":\"Michele\",\"@id\":\"https:\\\/\\\/www.vagadeempregorj.com.br\\\/#\\\/schema\\\/person\\\/3ddb19fa0539706786e502152f3aae95\"},\"headline\":\"Vendedores, Gerente, Estoquistas, Caixa, Auxiliares de Loja e muito mais na Empresa F\u00e1bula\",\"datePublished\":\"2023-09-27T03:31:00+00:00\",\"mainEntityOfPage\":{\"@id\":\"https:\\\/\\\/www.vagadeempregorj.com.br\\\/empregos-fabula\\\/\"},\"wordCount\":552,\"commentCount\":0,\"image\":{\"@id\":\"https:\\\/\\\/www.vagadeempregorj.com.br\\\/empregos-fabula\\\/#primaryimage\"},\"thumbnailUrl\":\"https:\\\/\\\/www.vagadeempregorj.com.br\\\/wp-content\\\/uploads\\\/2022\\\/11\\\/empregos-fabula.png\",\"keywords\":[\"F\u00e1bula\",\"oportunidades\",\"vagas de emprego\"],\"articleSection\":[\"Vagas de Emprego Nacionais\"],\"inLanguage\":\"fr-FR\",\"potentialAction\":[{\"@type\":\"CommentAction\",\"name\":\"Comment\",\"target\":[\"https:\\\/\\\/www.vagadeempregorj.com.br\\\/empregos-fabula\\\/#respond\"]}]},{\"@type\":\"WebPage\",\"@id\":\"https:\\\/\\\/www.vagadeempregorj.com.br\\\/empregos-fabula\\\/\",\"url\":\"https:\\\/\\\/www.vagadeempregorj.com.br\\\/empregos-fabula\\\/\",\"name\":\"Vendedores, Gerente, Estoquistas, Caixa, Auxiliares de Loja e muito mais na Empresa F\u00e1bula -\",\"isPartOf\":{\"@id\":\"https:\\\/\\\/www.vagadeempregorj.com.br\\\/#website\"},\"primaryImageOfPage\":{\"@id\":\"https:\\\/\\\/www.vagadeempregorj.com.br\\\/empregos-fabula\\\/#primaryimage\"},\"image\":{\"@id\":\"https:\\\/\\\/www.vagadeempregorj.com.br\\\/empregos-fabula\\\/#primaryimage\"},\"thumbnailUrl\":\"https:\\\/\\\/www.vagadeempregorj.com.br\\\/wp-content\\\/uploads\\\/2022\\\/11\\\/empregos-fabula.png\",\"datePublished\":\"2023-09-27T03:31:00+00:00\",\"author\":{\"@id\":\"https:\\\/\\\/www.vagadeempregorj.com.br\\\/#\\\/schema\\\/person\\\/3ddb19fa0539706786e502152f3aae95\"},\"description\":\"Veja em Vagas de Emprego RJ as vagas de emprego com e sem experi\u00eancia no seu Estado e Regi\u00e3o!\",\"breadcrumb\":{\"@id\":\"https:\\\/\\\/www.vagadeempregorj.com.br\\\/empregos-fabula\\\/#breadcrumb\"},\"inLanguage\":\"fr-FR\",\"potentialAction\":[{\"@type\":\"ReadAction\",\"target\":[\"https:\\\/\\\/www.vagadeempregorj.com.br\\\/empregos-fabula\\\/\"]}]},{\"@type\":\"ImageObject\",\"inLanguage\":\"fr-FR\",\"@id\":\"https:\\\/\\\/www.vagadeempregorj.com.br\\\/empregos-fabula\\\/#primaryimage\",\"url\":\"https:\\\/\\\/www.vagadeempregorj.com.br\\\/wp-content\\\/uploads\\\/2022\\\/11\\\/empregos-fabula.png\",\"contentUrl\":\"https:\\\/\\\/www.vagadeempregorj.com.br\\\/wp-content\\\/uploads\\\/2022\\\/11\\\/empregos-fabula.png\",\"width\":300,\"height\":240,\"caption\":\"Imagem: F\u00e1bula - Reprodu\u00e7\u00e3o\"},{\"@type\":\"BreadcrumbList\",\"@id\":\"https:\\\/\\\/www.vagadeempregorj.com.br\\\/empregos-fabula\\\/#breadcrumb\",\"itemListElement\":[{\"@type\":\"ListItem\",\"position\":1,\"name\":\"In\u00edcio\",\"item\":\"https:\\\/\\\/www.vagadeempregorj.com.br\\\/\"},{\"@type\":\"ListItem\",\"position\":2,\"name\":\"Vagas de Emprego Nacionais\",\"item\":\"https:\\\/\\\/www.vagadeempregorj.com.br\\\/vagas-de-emprego-nacionais\\\/\"},{\"@type\":\"ListItem\",\"position\":3,\"name\":\"Vendedores, Gerente, Estoquistas, Caixa, Auxiliares de Loja e muito mais na Empresa F\u00e1bula\"}]},{\"@type\":\"WebSite\",\"@id\":\"https:\\\/\\\/www.vagadeempregorj.com.br\\\/#website\",\"url\":\"https:\\\/\\\/www.vagadeempregorj.com.br\\\/\",\"name\":\"\",\"description\":\"Conquiste Sonhos: Vagas, Benef\u00edcios e Economia para Transformar Vidas e Alcan\u00e7ar Melhorias Cotidianas\",\"potentialAction\":[{\"@type\":\"SearchAction\",\"target\":{\"@type\":\"EntryPoint\",\"urlTemplate\":\"https:\\\/\\\/www.vagadeempregorj.com.br\\\/?s={search_term_string}\"},\"query-input\":{\"@type\":\"PropertyValueSpecification\",\"valueRequired\":true,\"valueName\":\"search_term_string\"}}],\"inLanguage\":\"fr-FR\"},{\"@type\":\"Person\",\"@id\":\"https:\\\/\\\/www.vagadeempregorj.com.br\\\/#\\\/schema\\\/person\\\/3ddb19fa0539706786e502152f3aae95\",\"name\":\"Michele\",\"image\":{\"@type\":\"ImageObject\",\"inLanguage\":\"fr-FR\",\"@id\":\"https:\\\/\\\/secure.gravatar.com\\\/avatar\\\/6b0eb9d22841282815e2cd856a0061c45e1761cd54b22e952d98c4746939aa85?s=96&r=g\",\"url\":\"https:\\\/\\\/secure.gravatar.com\\\/avatar\\\/6b0eb9d22841282815e2cd856a0061c45e1761cd54b22e952d98c4746939aa85?s=96&r=g\",\"contentUrl\":\"https:\\\/\\\/secure.gravatar.com\\\/avatar\\\/6b0eb9d22841282815e2cd856a0061c45e1761cd54b22e952d98c4746939aa85?s=96&r=g\",\"caption\":\"Michele\"},\"description\":\"Formada em Letras - Portugu\u00eas\\\/ Ingl\u00eas, e idealizadora do site Escritora de Sucesso, busca expandir o conhecimento de todos com informa\u00e7\u00f5es relevantes sobre diversos assuntos, enquanto redatora. No Vaga de Emprego RJ, traz oportunidades e dicas sobre o mercado de trabalho.\",\"url\":\"https:\\\/\\\/www.vagadeempregorj.com.br\\\/fr\\\/author\\\/michele\\\/\"}]}<\/script>\n<!-- \/ Yoast SEO plugin. -->","yoast_head_json":{"title":"Vendedores, Gerente, Estoquistas, Caixa, Auxiliares de Loja e muito mais na Empresa F\u00e1bula -","description":"Veja em Vagas de Emprego RJ as vagas de emprego com e sem experi\u00eancia no seu Estado e Regi\u00e3o!","robots":{"index":"index","follow":"follow","max-snippet":"max-snippet:-1","max-image-preview":"max-image-preview:large","max-video-preview":"max-video-preview:-1"},"canonical":"https:\/\/www.vagadeempregorj.com.br\/fr\/empregos-fabula\/","og_locale":"fr_FR","og_type":"article","og_title":"Vendedores, Gerente, Estoquistas, Caixa, Auxiliares de Loja e muito mais na Empresa F\u00e1bula -","og_description":"Veja em Vagas de Emprego RJ as vagas de emprego com e sem experi\u00eancia no seu Estado e Regi\u00e3o!","og_url":"https:\/\/www.vagadeempregorj.com.br\/fr\/empregos-fabula\/","article_publisher":"https:\/\/www.facebook.com\/empregobrasiloficial","article_published_time":"2023-09-27T03:31:00+00:00","og_image":[{"width":300,"height":240,"url":"https:\/\/www.vagadeempregorj.com.br\/wp-content\/uploads\/2022\/11\/empregos-fabula.png","type":"image\/png"}],"author":"Michele","twitter_card":"summary_large_image","twitter_misc":{"\u00c9crit par":"Michele","Dur\u00e9e de lecture estim\u00e9e":"3 minutes"},"schema":{"@context":"https:\/\/schema.org","@graph":[{"@type":"Article","@id":"https:\/\/www.vagadeempregorj.com.br\/empregos-fabula\/#article","isPartOf":{"@id":"https:\/\/www.vagadeempregorj.com.br\/empregos-fabula\/"},"author":{"name":"Michele","@id":"https:\/\/www.vagadeempregorj.com.br\/#\/schema\/person\/3ddb19fa0539706786e502152f3aae95"},"headline":"Vendedores, Gerente, Estoquistas, Caixa, Auxiliares de Loja e muito mais na Empresa F\u00e1bula","datePublished":"2023-09-27T03:31:00+00:00","mainEntityOfPage":{"@id":"https:\/\/www.vagadeempregorj.com.br\/empregos-fabula\/"},"wordCount":552,"commentCount":0,"image":{"@id":"https:\/\/www.vagadeempregorj.com.br\/empregos-fabula\/#primaryimage"},"thumbnailUrl":"https:\/\/www.vagadeempregorj.com.br\/wp-content\/uploads\/2022\/11\/empregos-fabula.png","keywords":["F\u00e1bula","oportunidades","vagas de emprego"],"articleSection":["Vagas de Emprego Nacionais"],"inLanguage":"fr-FR","potentialAction":[{"@type":"CommentAction","name":"Comment","target":["https:\/\/www.vagadeempregorj.com.br\/empregos-fabula\/#respond"]}]},{"@type":"WebPage","@id":"https:\/\/www.vagadeempregorj.com.br\/empregos-fabula\/","url":"https:\/\/www.vagadeempregorj.com.br\/empregos-fabula\/","name":"Vendedores, Gerente, Estoquistas, Caixa, Auxiliares de Loja e muito mais na Empresa F\u00e1bula -","isPartOf":{"@id":"https:\/\/www.vagadeempregorj.com.br\/#website"},"primaryImageOfPage":{"@id":"https:\/\/www.vagadeempregorj.com.br\/empregos-fabula\/#primaryimage"},"image":{"@id":"https:\/\/www.vagadeempregorj.com.br\/empregos-fabula\/#primaryimage"},"thumbnailUrl":"https:\/\/www.vagadeempregorj.com.br\/wp-content\/uploads\/2022\/11\/empregos-fabula.png","datePublished":"2023-09-27T03:31:00+00:00","author":{"@id":"https:\/\/www.vagadeempregorj.com.br\/#\/schema\/person\/3ddb19fa0539706786e502152f3aae95"},"description":"Veja em Vagas de Emprego RJ as vagas de emprego com e sem experi\u00eancia no seu Estado e Regi\u00e3o!","breadcrumb":{"@id":"https:\/\/www.vagadeempregorj.com.br\/empregos-fabula\/#breadcrumb"},"inLanguage":"fr-FR","potentialAction":[{"@type":"ReadAction","target":["https:\/\/www.vagadeempregorj.com.br\/empregos-fabula\/"]}]},{"@type":"ImageObject","inLanguage":"fr-FR","@id":"https:\/\/www.vagadeempregorj.com.br\/empregos-fabula\/#primaryimage","url":"https:\/\/www.vagadeempregorj.com.br\/wp-content\/uploads\/2022\/11\/empregos-fabula.png","contentUrl":"https:\/\/www.vagadeempregorj.com.br\/wp-content\/uploads\/2022\/11\/empregos-fabula.png","width":300,"height":240,"caption":"Imagem: F\u00e1bula - Reprodu\u00e7\u00e3o"},{"@type":"BreadcrumbList","@id":"https:\/\/www.vagadeempregorj.com.br\/empregos-fabula\/#breadcrumb","itemListElement":[{"@type":"ListItem","position":1,"name":"In\u00edcio","item":"https:\/\/www.vagadeempregorj.com.br\/"},{"@type":"ListItem","position":2,"name":"Vagas de Emprego Nacionais","item":"https:\/\/www.vagadeempregorj.com.br\/vagas-de-emprego-nacionais\/"},{"@type":"ListItem","position":3,"name":"Vendedores, Gerente, Estoquistas, Caixa, Auxiliares de Loja e muito mais na Empresa F\u00e1bula"}]},{"@type":"WebSite","@id":"https:\/\/www.vagadeempregorj.com.br\/#website","url":"https:\/\/www.vagadeempregorj.com.br\/","name":"","description":"Conquiste Sonhos: Vagas, Benef\u00edcios e Economia para Transformar Vidas e Alcan\u00e7ar Melhorias Cotidianas","potentialAction":[{"@type":"SearchAction","target":{"@type":"EntryPoint","urlTemplate":"https:\/\/www.vagadeempregorj.com.br\/?s={search_term_string}"},"query-input":{"@type":"PropertyValueSpecification","valueRequired":true,"valueName":"search_term_string"}}],"inLanguage":"fr-FR"},{"@type":"Person","@id":"https:\/\/www.vagadeempregorj.com.br\/#\/schema\/person\/3ddb19fa0539706786e502152f3aae95","name":"Michele","image":{"@type":"ImageObject","inLanguage":"fr-FR","@id":"https:\/\/secure.gravatar.com\/avatar\/6b0eb9d22841282815e2cd856a0061c45e1761cd54b22e952d98c4746939aa85?s=96&r=g","url":"https:\/\/secure.gravatar.com\/avatar\/6b0eb9d22841282815e2cd856a0061c45e1761cd54b22e952d98c4746939aa85?s=96&r=g","contentUrl":"https:\/\/secure.gravatar.com\/avatar\/6b0eb9d22841282815e2cd856a0061c45e1761cd54b22e952d98c4746939aa85?s=96&r=g","caption":"Michele"},"description":"Formada em Letras - Portugu\u00eas\/ Ingl\u00eas, e idealizadora do site Escritora de Sucesso, busca expandir o conhecimento de todos com informa\u00e7\u00f5es relevantes sobre diversos assuntos, enquanto redatora. No Vaga de Emprego RJ, traz oportunidades e dicas sobre o mercado de trabalho.","url":"https:\/\/www.vagadeempregorj.com.br\/fr\/author\/michele\/"}]}},"_links":{"self":[{"href":"https:\/\/www.vagadeempregorj.com.br\/fr\/wp-json\/wp\/v2\/posts\/36130","targetHints":{"allow":["GET"]}}],"collection":[{"href":"https:\/\/www.vagadeempregorj.com.br\/fr\/wp-json\/wp\/v2\/posts"}],"about":[{"href":"https:\/\/www.vagadeempregorj.com.br\/fr\/wp-json\/wp\/v2\/types\/post"}],"author":[{"embeddable":true,"href":"https:\/\/www.vagadeempregorj.com.br\/fr\/wp-json\/wp\/v2\/users\/16"}],"replies":[{"embeddable":true,"href":"https:\/\/www.vagadeempregorj.com.br\/fr\/wp-json\/wp\/v2\/comments?post=36130"}],"version-history":[{"count":0,"href":"https:\/\/www.vagadeempregorj.com.br\/fr\/wp-json\/wp\/v2\/posts\/36130\/revisions"}],"wp:featuredmedia":[{"embeddable":true,"href":"https:\/\/www.vagadeempregorj.com.br\/fr\/wp-json\/wp\/v2\/media\/36134"}],"wp:attachment":[{"href":"https:\/\/www.vagadeempregorj.com.br\/fr\/wp-json\/wp\/v2\/media?parent=36130"}],"wp:term":[{"taxonomy":"category","embeddable":true,"href":"https:\/\/www.vagadeempregorj.com.br\/fr\/wp-json\/wp\/v2\/categories?post=36130"},{"taxonomy":"post_tag","embeddable":true,"href":"https:\/\/www.vagadeempregorj.com.br\/fr\/wp-json\/wp\/v2\/tags?post=36130"}],"curies":[{"name":"wp","href":"https:\/\/api.w.org\/{rel}","templated":true}]}}