{"id":36247,"date":"2023-10-02T00:02:00","date_gmt":"2023-10-02T03:02:00","guid":{"rendered":"https:\/\/www.vagadeempregorj.com.br\/?p=36247"},"modified":"2023-10-01T11:36:34","modified_gmt":"2023-10-01T14:36:34","slug":"empregos-ambev","status":"publish","type":"post","link":"https:\/\/www.vagadeempregorj.com.br\/fr\/empregos-ambev\/","title":{"rendered":"Vendedores, Auxiliar de Cozinha, T\u00e9cnico em Seguran\u00e7a do Trabalho, Motorista, Aprendiz, Analistas e muito mais na Empresa Ambev"},"content":{"rendered":"<p>Atualizado em<\/p>\n\n\n<div class=\"wp-block-post-date\"><time datetime=\"2023-10-02T00:02:00-03:00\">02\/10\/2023<\/time><\/div>\n\n\n<p>Os <strong>empregos Ambev <\/strong>oferecem os melhores produtos aos seus clientes, a Ambev procura pessoas que trabalham duro e est\u00e3o comprometidas em alcan\u00e7ar a qualidade em suas bebidas. A empresa est\u00e1 procurando pessoas motivadas a promover esses momentos \u00fanicos. Se voc\u00ea quer participar deste com\u00e9rcio e gostar de trabalhar de forma colaborativa por um mundo melhor, Ambev \u00e9 o lugar para voc\u00ea. Oportunidades est\u00e3o dispon\u00edveis atrav\u00e9s da empresa em todo o Brasil.&nbsp;<\/p>\n\n\n\n<figure class=\"wp-block-image size-large\"><img loading=\"lazy\" decoding=\"async\" width=\"1024\" height=\"538\" src=\"https:\/\/www.vagadeempregorj.com.br\/wp-content\/uploads\/2022\/11\/Empregos-Ambev-1024x538.jpg\" alt=\"Empregos Ambev\" class=\"wp-image-36253\" srcset=\"https:\/\/www.vagadeempregorj.com.br\/wp-content\/uploads\/2022\/11\/Empregos-Ambev-1024x538.jpg 1024w, https:\/\/www.vagadeempregorj.com.br\/wp-content\/uploads\/2022\/11\/Empregos-Ambev-300x158.jpg 300w, https:\/\/www.vagadeempregorj.com.br\/wp-content\/uploads\/2022\/11\/Empregos-Ambev-768x403.jpg 768w, https:\/\/www.vagadeempregorj.com.br\/wp-content\/uploads\/2022\/11\/Empregos-Ambev-150x79.jpg 150w, https:\/\/www.vagadeempregorj.com.br\/wp-content\/uploads\/2022\/11\/Empregos-Ambev.jpg 1200w\" sizes=\"auto, (max-width: 1024px) 100vw, 1024px\" \/><figcaption class=\"wp-element-caption\">Imagem: Ambev &#8211; Reprodu\u00e7\u00e3o<\/figcaption><\/figure>\n\n\n\n<h2 class=\"wp-block-heading\">Acompanhe as oportunidades de empregos Ambev<\/h2>\n\n\n\n<p>Para fazer parte da equipe de trabalho Ambev, os interessados devem acessar o site de cadastro e conferir todos os crit\u00e9rios m\u00ednimos para a participa\u00e7\u00e3o. As chances de contrata\u00e7\u00e3o podem aumentar caso o profissional atenda as habilidades exigidas e more em regi\u00f5es pr\u00f3ximas \u00e0s unidades contrastantes. Acompanhe vagas dispon\u00edveis para inscri\u00e7\u00e3o:<\/p>\n\n\n\n<ul class=\"wp-block-list\">\n<li>Vendedores;<\/li>\n\n\n\n<li>Vendas \u2014 T\u00e9cnico em Seguran\u00e7a do Trabalho;<\/li>\n\n\n\n<li>Vendas \u2014 T\u00e9cnico Administrativo;<\/li>\n\n\n\n<li>Vendas \u2014 Supervisor de Neg\u00f3cios;<\/li>\n\n\n\n<li>Vendas \u2014 Supervisor de N\u00edvel de Servi\u00e7o;<\/li>\n\n\n\n<li>Vendas \u2014 Supervisor de Contas;<\/li>\n\n\n\n<li>Vendas \u2014 Representante de Vendas;<\/li>\n\n\n\n<li>Vendas \u2014 Representante de Neg\u00f3cios;<\/li>\n\n\n\n<li>Vendas \u2014 Representante de Execu\u00e7\u00e3o L\u00edder;<\/li>\n\n\n\n<li>Vendas \u2014 Promotor Auto Servi\u00e7o;<\/li>\n\n\n\n<li>Vendas \u2014 Auxiliar de Execu\u00e7\u00e3o Trade Marketing;<\/li>\n\n\n\n<li>Vendas \u2014 Aprendiz;<\/li>\n\n\n\n<li>Vendas \u2014 Analista Supervisor;<\/li>\n\n\n\n<li>Vaga Banco T\u00e9cnico Operador de Packaging;<\/li>\n\n\n\n<li>Vaga Banco Representante de Neg\u00f3cios;<\/li>\n\n\n\n<li>Vaga Banco para Portadores de Defici\u00eancia;<\/li>\n\n\n\n<li>Representante de Neg\u00f3cios S\u00eanior;<\/li>\n\n\n\n<li>Est\u00e1gio T\u00e9cnico de Laborat\u00f3rio;<\/li>\n\n\n\n<li>Promotores;<\/li>\n\n\n\n<li>Analista de Controle setor de Log\u00edstica;<\/li>\n\n\n\n<li>Jovem Aprendiz;<\/li>\n\n\n\n<li>Motorista de Caminh\u00e3o setor de Log\u00edstica;<\/li>\n\n\n\n<li>Gente e Planejamento \u2014 performance;<\/li>\n\n\n\n<li>Est\u00e1gio T\u00e9cnico Administrativo \u2014 Gente e Planejamento;<\/li>\n\n\n\n<li>Analista Financeiro \u2014 Setor Financeiro;<\/li>\n\n\n\n<li>Est\u00e1gio T\u00e9cnico;<\/li>\n\n\n\n<li>Est\u00e1tico T\u00e9cnico setor de Manuten\u00e7\u00e3o;<\/li>\n\n\n\n<li>Especialidade em Melhoria Cont\u00ednua;<\/li>\n\n\n\n<li>Conferente de Armaz\u00e9m;<\/li>\n\n\n\n<li>Banco de Talentos Vendas;<\/li>\n\n\n\n<li>Banco de Talentos Log\u00edstica.&nbsp;<\/li>\n<\/ul>\n\n\n\n<p>As oportunidades est\u00e3o dispon\u00edveis em v\u00e1rios setores da companhia, e exigem desde o n\u00edvel b\u00e1sico de ensino at\u00e9 o superior, com habilidades que alteram conforme a \u00e1rea escolhida. Para participar do processo seletivo o candidato deve atentar-se aos crit\u00e9rios estabelecidos dentro da fun\u00e7\u00e3o e garantir que atende \u00e0s exig\u00eancias colocadas.&nbsp;<\/p>\n\n\n\n<h3 class=\"wp-block-heading\">Como se candidatar&nbsp;<\/h3>\n\n\n\n<p>Todas as vagas abertas e informa\u00e7\u00f5es adicionais podem ser acessadas atrav\u00e9s do link abaixo:<\/p>\n\n\n\n<ul class=\"wp-block-list\">\n<li><a href=\"https:\/\/ambev.gupy.io\">Carreiras Ambev<\/a>.&nbsp;<\/li>\n<\/ul>\n\n\n\n<p>O candidato que n\u00e3o encontrar uma vaga que se encaixa com suas habilidades profissionais, poder\u00e1 cadastrar seu curr\u00edculo no banco de talentos dispon\u00edvel no site de inscri\u00e7\u00e3o. As vagas alteram conforme o quadro de colaboradores for preenchido, mas o site de inscri\u00e7\u00f5es ficar\u00e1 dispon\u00edvel por tempo indeterminado para realiza\u00e7\u00e3o de novas consultas.<\/p>\n\n\n\n<p><strong>Veja tamb\u00e9m: <a href=\"https:\/\/www.vagadeempregorj.com.br\/fr\/empregos-bip-brasil\/\">Consultor de Neg\u00f3cios, Engenheiro de Dados, Analistas, Desenvolvedores e muito mais na Empresa BIP Brasil<\/a><\/strong><\/p>\n\n\n\n<h2 class=\"wp-block-heading\">Sobre a empresa Ambev<\/h2>\n\n\n\n<p>A centen\u00e1ria Cervejaria Brahma e a Companhia Ant\u00e1rtica anunciaram sua decis\u00e3o de combinar esfor\u00e7os em 1999, come\u00e7ando a hist\u00f3ria da Companhia de Bebidas das Am\u00e9ricas, a Ambev. A funda\u00e7\u00e3o da empresa impulsionou a ind\u00fastria brasileira de bebidas, possibilitando que novas marcas e concorrentes expandissem no mercado, aumentou a gama de produtos de alta qualidade dispon\u00edveis a pre\u00e7os acess\u00edveis, incentivou a introdu\u00e7\u00e3o de inova\u00e7\u00f5es e mais do que dobrou os n\u00edveis de emprego e receita tribut\u00e1ria.&nbsp;<\/p>\n\n\n\n<p>As duas empresas empregavam mais de quinze mil pessoas no momento da fus\u00e3o. Atualmente, a Ambev emprega mais de quarenta mil pessoas, cerca de vinte mil destes funcion\u00e1rios trabalham exclusivamente no Brasil. Aproximadamente seis milh\u00f5es de pessoas est\u00e3o empregadas em sua cadeia de produ\u00e7\u00e3o, em unidades espalhadas por todo o mundo.&nbsp;<\/p>","protected":false},"excerpt":{"rendered":"<p>Atualizado em Os empregos Ambev oferecem os melhores produtos aos seus clientes, a Ambev procura pessoas que trabalham duro e est\u00e3o comprometidas em alcan\u00e7ar a qualidade em suas bebidas. A empresa est\u00e1 procurando pessoas motivadas a promover esses momentos \u00fanicos. Se voc\u00ea quer participar deste com\u00e9rcio e gostar de trabalhar de forma colaborativa por um&hellip;&nbsp;<\/p>","protected":false},"author":16,"featured_media":36253,"comment_status":"open","ping_status":"closed","sticky":false,"template":"","format":"standard","meta":{"neve_meta_sidebar":"","neve_meta_container":"","neve_meta_enable_content_width":"","neve_meta_content_width":0,"neve_meta_title_alignment":"","neve_meta_author_avatar":"","neve_post_elements_order":"","neve_meta_disable_header":"","neve_meta_disable_footer":"","neve_meta_disable_title":"","footnotes":""},"categories":[123],"tags":[182,608,211],"class_list":["post-36247","post","type-post","status-publish","format-standard","has-post-thumbnail","hentry","category-vagas-de-emprego-nacionais","tag-ambev","tag-oportunidades","tag-vagas-de-emprego"],"yoast_head":"<!-- This site is optimized with the Yoast SEO plugin v27.5 - https:\/\/yoast.com\/product\/yoast-seo-wordpress\/ -->\n<title>Vendedores, Auxiliar de Cozinha, T\u00e9cnico em Seguran\u00e7a do Trabalho, Motorista, Aprendiz, Analistas e muito mais na Empresa Ambev -<\/title>\n<meta name=\"description\" content=\"Veja em Vagas de Emprego RJ as vagas de emprego com e sem experi\u00eancia no seu Estado e Regi\u00e3o!\" \/>\n<meta name=\"robots\" content=\"index, follow, max-snippet:-1, max-image-preview:large, max-video-preview:-1\" \/>\n<link rel=\"canonical\" href=\"https:\/\/www.vagadeempregorj.com.br\/fr\/empregos-ambev\/\" \/>\n<meta property=\"og:locale\" content=\"fr_FR\" \/>\n<meta property=\"og:type\" content=\"article\" \/>\n<meta property=\"og:title\" content=\"Vendedores, Auxiliar de Cozinha, T\u00e9cnico em Seguran\u00e7a do Trabalho, Motorista, Aprendiz, Analistas e muito mais na Empresa Ambev -\" \/>\n<meta property=\"og:description\" content=\"Veja em Vagas de Emprego RJ as vagas de emprego com e sem experi\u00eancia no seu Estado e Regi\u00e3o!\" \/>\n<meta property=\"og:url\" content=\"https:\/\/www.vagadeempregorj.com.br\/fr\/empregos-ambev\/\" \/>\n<meta property=\"article:publisher\" content=\"https:\/\/www.facebook.com\/empregobrasiloficial\" \/>\n<meta property=\"article:published_time\" content=\"2023-10-02T03:02:00+00:00\" \/>\n<meta property=\"og:image\" content=\"https:\/\/www.vagadeempregorj.com.br\/wp-content\/uploads\/2022\/11\/Empregos-Ambev.jpg\" \/>\n\t<meta property=\"og:image:width\" content=\"1200\" \/>\n\t<meta property=\"og:image:height\" content=\"630\" \/>\n\t<meta property=\"og:image:type\" content=\"image\/jpeg\" \/>\n<meta name=\"author\" content=\"Michele\" \/>\n<meta name=\"twitter:card\" content=\"summary_large_image\" \/>\n<meta name=\"twitter:label1\" content=\"Written by\" \/>\n\t<meta name=\"twitter:data1\" content=\"Michele\" \/>\n\t<meta name=\"twitter:label2\" content=\"Est. reading time\" \/>\n\t<meta name=\"twitter:data2\" content=\"3 minutes\" \/>\n<script type=\"application\/ld+json\" class=\"yoast-schema-graph\">{\"@context\":\"https:\\\/\\\/schema.org\",\"@graph\":[{\"@type\":\"Article\",\"@id\":\"https:\\\/\\\/www.vagadeempregorj.com.br\\\/empregos-ambev\\\/#article\",\"isPartOf\":{\"@id\":\"https:\\\/\\\/www.vagadeempregorj.com.br\\\/empregos-ambev\\\/\"},\"author\":{\"name\":\"Michele\",\"@id\":\"https:\\\/\\\/www.vagadeempregorj.com.br\\\/#\\\/schema\\\/person\\\/3ddb19fa0539706786e502152f3aae95\"},\"headline\":\"Vendedores, Auxiliar de Cozinha, T\u00e9cnico em Seguran\u00e7a do Trabalho, Motorista, Aprendiz, Analistas e muito mais na Empresa Ambev\",\"datePublished\":\"2023-10-02T03:02:00+00:00\",\"mainEntityOfPage\":{\"@id\":\"https:\\\/\\\/www.vagadeempregorj.com.br\\\/empregos-ambev\\\/\"},\"wordCount\":642,\"commentCount\":0,\"image\":{\"@id\":\"https:\\\/\\\/www.vagadeempregorj.com.br\\\/empregos-ambev\\\/#primaryimage\"},\"thumbnailUrl\":\"https:\\\/\\\/www.vagadeempregorj.com.br\\\/wp-content\\\/uploads\\\/2022\\\/11\\\/Empregos-Ambev.jpg\",\"keywords\":[\"ambev\",\"oportunidades\",\"vagas de emprego\"],\"articleSection\":[\"Vagas de Emprego Nacionais\"],\"inLanguage\":\"fr-FR\",\"potentialAction\":[{\"@type\":\"CommentAction\",\"name\":\"Comment\",\"target\":[\"https:\\\/\\\/www.vagadeempregorj.com.br\\\/empregos-ambev\\\/#respond\"]}]},{\"@type\":\"WebPage\",\"@id\":\"https:\\\/\\\/www.vagadeempregorj.com.br\\\/empregos-ambev\\\/\",\"url\":\"https:\\\/\\\/www.vagadeempregorj.com.br\\\/empregos-ambev\\\/\",\"name\":\"Vendedores, Auxiliar de Cozinha, T\u00e9cnico em Seguran\u00e7a do Trabalho, Motorista, Aprendiz, Analistas e muito mais na Empresa Ambev -\",\"isPartOf\":{\"@id\":\"https:\\\/\\\/www.vagadeempregorj.com.br\\\/#website\"},\"primaryImageOfPage\":{\"@id\":\"https:\\\/\\\/www.vagadeempregorj.com.br\\\/empregos-ambev\\\/#primaryimage\"},\"image\":{\"@id\":\"https:\\\/\\\/www.vagadeempregorj.com.br\\\/empregos-ambev\\\/#primaryimage\"},\"thumbnailUrl\":\"https:\\\/\\\/www.vagadeempregorj.com.br\\\/wp-content\\\/uploads\\\/2022\\\/11\\\/Empregos-Ambev.jpg\",\"datePublished\":\"2023-10-02T03:02:00+00:00\",\"author\":{\"@id\":\"https:\\\/\\\/www.vagadeempregorj.com.br\\\/#\\\/schema\\\/person\\\/3ddb19fa0539706786e502152f3aae95\"},\"description\":\"Veja em Vagas de Emprego RJ as vagas de emprego com e sem experi\u00eancia no seu Estado e Regi\u00e3o!\",\"breadcrumb\":{\"@id\":\"https:\\\/\\\/www.vagadeempregorj.com.br\\\/empregos-ambev\\\/#breadcrumb\"},\"inLanguage\":\"fr-FR\",\"potentialAction\":[{\"@type\":\"ReadAction\",\"target\":[\"https:\\\/\\\/www.vagadeempregorj.com.br\\\/empregos-ambev\\\/\"]}]},{\"@type\":\"ImageObject\",\"inLanguage\":\"fr-FR\",\"@id\":\"https:\\\/\\\/www.vagadeempregorj.com.br\\\/empregos-ambev\\\/#primaryimage\",\"url\":\"https:\\\/\\\/www.vagadeempregorj.com.br\\\/wp-content\\\/uploads\\\/2022\\\/11\\\/Empregos-Ambev.jpg\",\"contentUrl\":\"https:\\\/\\\/www.vagadeempregorj.com.br\\\/wp-content\\\/uploads\\\/2022\\\/11\\\/Empregos-Ambev.jpg\",\"width\":1200,\"height\":630,\"caption\":\"Imagem: Ambev - Reprodu\u00e7\u00e3o\"},{\"@type\":\"BreadcrumbList\",\"@id\":\"https:\\\/\\\/www.vagadeempregorj.com.br\\\/empregos-ambev\\\/#breadcrumb\",\"itemListElement\":[{\"@type\":\"ListItem\",\"position\":1,\"name\":\"In\u00edcio\",\"item\":\"https:\\\/\\\/www.vagadeempregorj.com.br\\\/\"},{\"@type\":\"ListItem\",\"position\":2,\"name\":\"Vagas de Emprego Nacionais\",\"item\":\"https:\\\/\\\/www.vagadeempregorj.com.br\\\/vagas-de-emprego-nacionais\\\/\"},{\"@type\":\"ListItem\",\"position\":3,\"name\":\"Vendedores, Auxiliar de Cozinha, T\u00e9cnico em Seguran\u00e7a do Trabalho, Motorista, Aprendiz, Analistas e muito mais na Empresa Ambev\"}]},{\"@type\":\"WebSite\",\"@id\":\"https:\\\/\\\/www.vagadeempregorj.com.br\\\/#website\",\"url\":\"https:\\\/\\\/www.vagadeempregorj.com.br\\\/\",\"name\":\"\",\"description\":\"Conquiste Sonhos: Vagas, Benef\u00edcios e Economia para Transformar Vidas e Alcan\u00e7ar Melhorias Cotidianas\",\"potentialAction\":[{\"@type\":\"SearchAction\",\"target\":{\"@type\":\"EntryPoint\",\"urlTemplate\":\"https:\\\/\\\/www.vagadeempregorj.com.br\\\/?s={search_term_string}\"},\"query-input\":{\"@type\":\"PropertyValueSpecification\",\"valueRequired\":true,\"valueName\":\"search_term_string\"}}],\"inLanguage\":\"fr-FR\"},{\"@type\":\"Person\",\"@id\":\"https:\\\/\\\/www.vagadeempregorj.com.br\\\/#\\\/schema\\\/person\\\/3ddb19fa0539706786e502152f3aae95\",\"name\":\"Michele\",\"image\":{\"@type\":\"ImageObject\",\"inLanguage\":\"fr-FR\",\"@id\":\"https:\\\/\\\/secure.gravatar.com\\\/avatar\\\/6b0eb9d22841282815e2cd856a0061c45e1761cd54b22e952d98c4746939aa85?s=96&r=g\",\"url\":\"https:\\\/\\\/secure.gravatar.com\\\/avatar\\\/6b0eb9d22841282815e2cd856a0061c45e1761cd54b22e952d98c4746939aa85?s=96&r=g\",\"contentUrl\":\"https:\\\/\\\/secure.gravatar.com\\\/avatar\\\/6b0eb9d22841282815e2cd856a0061c45e1761cd54b22e952d98c4746939aa85?s=96&r=g\",\"caption\":\"Michele\"},\"description\":\"Formada em Letras - Portugu\u00eas\\\/ Ingl\u00eas, e idealizadora do site Escritora de Sucesso, busca expandir o conhecimento de todos com informa\u00e7\u00f5es relevantes sobre diversos assuntos, enquanto redatora. No Vaga de Emprego RJ, traz oportunidades e dicas sobre o mercado de trabalho.\",\"url\":\"https:\\\/\\\/www.vagadeempregorj.com.br\\\/fr\\\/author\\\/michele\\\/\"}]}<\/script>\n<!-- \/ Yoast SEO plugin. -->","yoast_head_json":{"title":"Vendedores, Auxiliar de Cozinha, T\u00e9cnico em Seguran\u00e7a do Trabalho, Motorista, Aprendiz, Analistas e muito mais na Empresa Ambev -","description":"Veja em Vagas de Emprego RJ as vagas de emprego com e sem experi\u00eancia no seu Estado e Regi\u00e3o!","robots":{"index":"index","follow":"follow","max-snippet":"max-snippet:-1","max-image-preview":"max-image-preview:large","max-video-preview":"max-video-preview:-1"},"canonical":"https:\/\/www.vagadeempregorj.com.br\/fr\/empregos-ambev\/","og_locale":"fr_FR","og_type":"article","og_title":"Vendedores, Auxiliar de Cozinha, T\u00e9cnico em Seguran\u00e7a do Trabalho, Motorista, Aprendiz, Analistas e muito mais na Empresa Ambev -","og_description":"Veja em Vagas de Emprego RJ as vagas de emprego com e sem experi\u00eancia no seu Estado e Regi\u00e3o!","og_url":"https:\/\/www.vagadeempregorj.com.br\/fr\/empregos-ambev\/","article_publisher":"https:\/\/www.facebook.com\/empregobrasiloficial","article_published_time":"2023-10-02T03:02:00+00:00","og_image":[{"width":1200,"height":630,"url":"https:\/\/www.vagadeempregorj.com.br\/wp-content\/uploads\/2022\/11\/Empregos-Ambev.jpg","type":"image\/jpeg"}],"author":"Michele","twitter_card":"summary_large_image","twitter_misc":{"Written by":"Michele","Est. reading time":"3 minutes"},"schema":{"@context":"https:\/\/schema.org","@graph":[{"@type":"Article","@id":"https:\/\/www.vagadeempregorj.com.br\/empregos-ambev\/#article","isPartOf":{"@id":"https:\/\/www.vagadeempregorj.com.br\/empregos-ambev\/"},"author":{"name":"Michele","@id":"https:\/\/www.vagadeempregorj.com.br\/#\/schema\/person\/3ddb19fa0539706786e502152f3aae95"},"headline":"Vendedores, Auxiliar de Cozinha, T\u00e9cnico em Seguran\u00e7a do Trabalho, Motorista, Aprendiz, Analistas e muito mais na Empresa Ambev","datePublished":"2023-10-02T03:02:00+00:00","mainEntityOfPage":{"@id":"https:\/\/www.vagadeempregorj.com.br\/empregos-ambev\/"},"wordCount":642,"commentCount":0,"image":{"@id":"https:\/\/www.vagadeempregorj.com.br\/empregos-ambev\/#primaryimage"},"thumbnailUrl":"https:\/\/www.vagadeempregorj.com.br\/wp-content\/uploads\/2022\/11\/Empregos-Ambev.jpg","keywords":["ambev","oportunidades","vagas de emprego"],"articleSection":["Vagas de Emprego Nacionais"],"inLanguage":"fr-FR","potentialAction":[{"@type":"CommentAction","name":"Comment","target":["https:\/\/www.vagadeempregorj.com.br\/empregos-ambev\/#respond"]}]},{"@type":"WebPage","@id":"https:\/\/www.vagadeempregorj.com.br\/empregos-ambev\/","url":"https:\/\/www.vagadeempregorj.com.br\/empregos-ambev\/","name":"Vendedores, Auxiliar de Cozinha, T\u00e9cnico em Seguran\u00e7a do Trabalho, Motorista, Aprendiz, Analistas e muito mais na Empresa Ambev -","isPartOf":{"@id":"https:\/\/www.vagadeempregorj.com.br\/#website"},"primaryImageOfPage":{"@id":"https:\/\/www.vagadeempregorj.com.br\/empregos-ambev\/#primaryimage"},"image":{"@id":"https:\/\/www.vagadeempregorj.com.br\/empregos-ambev\/#primaryimage"},"thumbnailUrl":"https:\/\/www.vagadeempregorj.com.br\/wp-content\/uploads\/2022\/11\/Empregos-Ambev.jpg","datePublished":"2023-10-02T03:02:00+00:00","author":{"@id":"https:\/\/www.vagadeempregorj.com.br\/#\/schema\/person\/3ddb19fa0539706786e502152f3aae95"},"description":"Veja em Vagas de Emprego RJ as vagas de emprego com e sem experi\u00eancia no seu Estado e Regi\u00e3o!","breadcrumb":{"@id":"https:\/\/www.vagadeempregorj.com.br\/empregos-ambev\/#breadcrumb"},"inLanguage":"fr-FR","potentialAction":[{"@type":"ReadAction","target":["https:\/\/www.vagadeempregorj.com.br\/empregos-ambev\/"]}]},{"@type":"ImageObject","inLanguage":"fr-FR","@id":"https:\/\/www.vagadeempregorj.com.br\/empregos-ambev\/#primaryimage","url":"https:\/\/www.vagadeempregorj.com.br\/wp-content\/uploads\/2022\/11\/Empregos-Ambev.jpg","contentUrl":"https:\/\/www.vagadeempregorj.com.br\/wp-content\/uploads\/2022\/11\/Empregos-Ambev.jpg","width":1200,"height":630,"caption":"Imagem: Ambev - Reprodu\u00e7\u00e3o"},{"@type":"BreadcrumbList","@id":"https:\/\/www.vagadeempregorj.com.br\/empregos-ambev\/#breadcrumb","itemListElement":[{"@type":"ListItem","position":1,"name":"In\u00edcio","item":"https:\/\/www.vagadeempregorj.com.br\/"},{"@type":"ListItem","position":2,"name":"Vagas de Emprego Nacionais","item":"https:\/\/www.vagadeempregorj.com.br\/vagas-de-emprego-nacionais\/"},{"@type":"ListItem","position":3,"name":"Vendedores, Auxiliar de Cozinha, T\u00e9cnico em Seguran\u00e7a do Trabalho, Motorista, Aprendiz, Analistas e muito mais na Empresa Ambev"}]},{"@type":"WebSite","@id":"https:\/\/www.vagadeempregorj.com.br\/#website","url":"https:\/\/www.vagadeempregorj.com.br\/","name":"","description":"Conquiste Sonhos: Vagas, Benef\u00edcios e Economia para Transformar Vidas e Alcan\u00e7ar Melhorias Cotidianas","potentialAction":[{"@type":"SearchAction","target":{"@type":"EntryPoint","urlTemplate":"https:\/\/www.vagadeempregorj.com.br\/?s={search_term_string}"},"query-input":{"@type":"PropertyValueSpecification","valueRequired":true,"valueName":"search_term_string"}}],"inLanguage":"fr-FR"},{"@type":"Person","@id":"https:\/\/www.vagadeempregorj.com.br\/#\/schema\/person\/3ddb19fa0539706786e502152f3aae95","name":"Michele","image":{"@type":"ImageObject","inLanguage":"fr-FR","@id":"https:\/\/secure.gravatar.com\/avatar\/6b0eb9d22841282815e2cd856a0061c45e1761cd54b22e952d98c4746939aa85?s=96&r=g","url":"https:\/\/secure.gravatar.com\/avatar\/6b0eb9d22841282815e2cd856a0061c45e1761cd54b22e952d98c4746939aa85?s=96&r=g","contentUrl":"https:\/\/secure.gravatar.com\/avatar\/6b0eb9d22841282815e2cd856a0061c45e1761cd54b22e952d98c4746939aa85?s=96&r=g","caption":"Michele"},"description":"Formada em Letras - Portugu\u00eas\/ Ingl\u00eas, e idealizadora do site Escritora de Sucesso, busca expandir o conhecimento de todos com informa\u00e7\u00f5es relevantes sobre diversos assuntos, enquanto redatora. No Vaga de Emprego RJ, traz oportunidades e dicas sobre o mercado de trabalho.","url":"https:\/\/www.vagadeempregorj.com.br\/fr\/author\/michele\/"}]}},"_links":{"self":[{"href":"https:\/\/www.vagadeempregorj.com.br\/fr\/wp-json\/wp\/v2\/posts\/36247","targetHints":{"allow":["GET"]}}],"collection":[{"href":"https:\/\/www.vagadeempregorj.com.br\/fr\/wp-json\/wp\/v2\/posts"}],"about":[{"href":"https:\/\/www.vagadeempregorj.com.br\/fr\/wp-json\/wp\/v2\/types\/post"}],"author":[{"embeddable":true,"href":"https:\/\/www.vagadeempregorj.com.br\/fr\/wp-json\/wp\/v2\/users\/16"}],"replies":[{"embeddable":true,"href":"https:\/\/www.vagadeempregorj.com.br\/fr\/wp-json\/wp\/v2\/comments?post=36247"}],"version-history":[{"count":0,"href":"https:\/\/www.vagadeempregorj.com.br\/fr\/wp-json\/wp\/v2\/posts\/36247\/revisions"}],"wp:featuredmedia":[{"embeddable":true,"href":"https:\/\/www.vagadeempregorj.com.br\/fr\/wp-json\/wp\/v2\/media\/36253"}],"wp:attachment":[{"href":"https:\/\/www.vagadeempregorj.com.br\/fr\/wp-json\/wp\/v2\/media?parent=36247"}],"wp:term":[{"taxonomy":"category","embeddable":true,"href":"https:\/\/www.vagadeempregorj.com.br\/fr\/wp-json\/wp\/v2\/categories?post=36247"},{"taxonomy":"post_tag","embeddable":true,"href":"https:\/\/www.vagadeempregorj.com.br\/fr\/wp-json\/wp\/v2\/tags?post=36247"}],"curies":[{"name":"wp","href":"https:\/\/api.w.org\/{rel}","templated":true}]}}