{"id":36297,"date":"2023-10-03T02:41:00","date_gmt":"2023-10-03T05:41:00","guid":{"rendered":"https:\/\/www.vagadeempregorj.com.br\/?p=36297"},"modified":"2025-05-08T20:34:20","modified_gmt":"2025-05-08T23:34:20","slug":"empregos-softys","status":"publish","type":"post","link":"https:\/\/www.vagadeempregorj.com.br\/fr\/empregos-softys\/","title":{"rendered":"Vendedores, Auxiliar de Produ\u00e7\u00e3o, Promotores, Mec\u00e2nico de Manuten\u00e7\u00e3o, Assistentes, Analistas e muito mais na Empresa Softys"},"content":{"rendered":"<p>Atualizado em<\/p>\n\n\n<div class=\"wp-block-post-date\"><time datetime=\"2023-10-03T02:41:00-03:00\">03\/10\/2023<\/time><\/div>\n\n\n<p>Os<strong> Empregos Softys<\/strong> permite alcan\u00e7ar mais de quinhentos mil consumidores oferecendo-lhes as melhores marcas e produtos, al\u00e9m de prestar o melhor atendimento \u00e0s pessoas diariamente e em todas as etapas da vida. Para fazer parte da equipe, os interessados devem realizar um cadastro em vagas onde seu perfil profissional se encaixe. Continue lendo e tenha acesso a mais detalhes.&nbsp;<\/p>\n\n\n\n<figure class=\"wp-block-image size-full\"><img loading=\"lazy\" decoding=\"async\" width=\"500\" height=\"500\" src=\"https:\/\/www.vagadeempregorj.com.br\/wp-content\/uploads\/2022\/11\/empregos-softys.jpg\" alt=\"empregos softys\" class=\"wp-image-36301\" srcset=\"https:\/\/www.vagadeempregorj.com.br\/wp-content\/uploads\/2022\/11\/empregos-softys.jpg 500w, https:\/\/www.vagadeempregorj.com.br\/wp-content\/uploads\/2022\/11\/empregos-softys-300x300.jpg 300w, https:\/\/www.vagadeempregorj.com.br\/wp-content\/uploads\/2022\/11\/empregos-softys-150x150.jpg 150w, https:\/\/www.vagadeempregorj.com.br\/wp-content\/uploads\/2022\/11\/empregos-softys-96x96.jpg 96w\" sizes=\"auto, (max-width: 500px) 100vw, 500px\" \/><figcaption class=\"wp-element-caption\">Imagem: Reprodu\u00e7\u00e3o<\/figcaption><\/figure>\n\n\n\n<h2 class=\"wp-block-heading\">Confira as oportunidades de empregos Softys&nbsp;<\/h2>\n\n\n\n<p>As vagas est\u00e3o dispon\u00edveis em v\u00e1rios setores, e variam de cargos efetivos, tempor\u00e1rios, est\u00e1gio e seu banco de talentos, onde profissionais que n\u00e3o encontrarem uma vaga que corresponda \u00e0s suas habilidades podem cadastrar seu curr\u00edculo para que posteriormente, no surgimento de novas oportunidades, possa participar de um novo processo seletivo. Confira algumas vagas que podem ser preenchidas:<\/p>\n\n\n\n<ul class=\"wp-block-list\">\n<li>Vendedores S\u00eanior;<\/li>\n\n\n\n<li>Vendedores Pleno;<\/li>\n\n\n\n<li>Supervisores de Fabrica\u00e7\u00e3o de Papel;<\/li>\n\n\n\n<li>Promotores e Vendedores;<\/li>\n\n\n\n<li>Mec\u00e2nico de Manuten\u00e7\u00e3o S\u00eanior;<\/li>\n\n\n\n<li>Inspetor de Produto;<\/li>\n\n\n\n<li>Gestor de Trade Marketing;<\/li>\n\n\n\n<li>Gestor de Revenue Growth Management;<\/li>\n\n\n\n<li>Engenheiro de Manuten\u00e7\u00e3o;<\/li>\n\n\n\n<li>Engenheiro de Processos;<\/li>\n\n\n\n<li>Eletrot\u00e9cnico S\u00eanior;<\/li>\n\n\n\n<li>Desenhista Projetista;<\/li>\n\n\n\n<li>Time de Promotor Vendedor (Banco de Talentos);<\/li>\n\n\n\n<li>Time de Opera\u00e7\u00f5es (Banco de Talentos);<\/li>\n\n\n\n<li>Time Comercial e Vendas (Banco de Talentos);<\/li>\n\n\n\n<li>Time Administrativo (Banco de Talentos);<\/li>\n\n\n\n<li>Banco de Talentos Exclusivo para Portadores de Defici\u00eancia;<\/li>\n\n\n\n<li>Auditor Interno S\u00eanior;<\/li>\n\n\n\n<li>Assistente Tribut\u00e1rio;<\/li>\n\n\n\n<li>Assistente de Compras;<\/li>\n\n\n\n<li>Analista Tribut\u00e1rio S\u00eanior (Impostos Indiretos);<\/li>\n\n\n\n<li>Analista de Planejamento S\u00eanior;<\/li>\n\n\n\n<li>Analista Financeiro Pleno (Tesouraria e Contas a Pagar);<\/li>\n\n\n\n<li>Analista Financeiro Pleno (Contas a receber\/cobrar);<\/li>\n\n\n\n<li>Analista de Trade Marketing S\u00eanior;<\/li>\n\n\n\n<li>Analista de Trade Marketing Canal S\u00eanior;<\/li>\n\n\n\n<li>Analista de Suprimento S\u00eanior;<\/li>\n\n\n\n<li>Analista de Sistemas Pleno;<\/li>\n\n\n\n<li>Analista de Recrutamento e Sele\u00e7\u00e3o;<\/li>\n\n\n\n<li>Analista de Marketing S\u00eanior;<\/li>\n\n\n\n<li>Analista de Marketing de Produto.&nbsp;<\/li>\n<\/ul>\n\n\n\n<p>O grau de escolaridade exigido varia desde o n\u00edvel m\u00e9dio at\u00e9 o superior, com habilidades que alteram conforme o setor escolhido.&nbsp;<\/p>\n\n\n\n<h3 class=\"wp-block-heading\">Como se candidatar&nbsp;<\/h3>\n\n\n\n<p>As oportunidades ficam dispon\u00edveis por tempo indeterminado, e podem alterar conforme forem sendo preenchidas. Para conferir a lista completa das fun\u00e7\u00f5es, requisitos exigidos e regi\u00f5es com vagas dispon\u00edveis, basta acessar o link abaixo:<\/p>\n\n\n\n<ul class=\"wp-block-list\">\n<li>Carreiras Softys.\u00a0<\/li>\n<\/ul>\n\n\n\n<p>Para que as chances de contrata\u00e7\u00e3o aumentem, o interessado deve atender os requisitos m\u00ednimos e morar em regi\u00f5es pr\u00f3ximas \u00e0s unidades contratantes. Al\u00e9m de sal\u00e1rios de acordo com a m\u00e9dia do mercado de trabalho, os novos colaboradores contam com v\u00e1rios benef\u00edcios, como: assist\u00eancia m\u00e9dica, seguro de vida, vale alimenta\u00e7\u00e3o, conv\u00eanio com farm\u00e1cias, kit natalino, kit escolar para filhos e v\u00e1rios outros.&nbsp;<\/p>\n\n\n\n<p><strong>Veja tamb\u00e9m: <a href=\"https:\/\/www.vagadeempregorj.com.br\/fr\/empregos-lojas-quero-quero\/\">Montador de M\u00f3veis, Auxiliar Administrativo, Motorista, Caixa, Servente e muito mais na Empresa Lojas Quero-Quero<\/a><\/strong><\/p>\n\n\n\n<h2 class=\"wp-block-heading\">Sobre a empresa Softys&nbsp;<\/h2>\n\n\n\n<p>Com suas v\u00e1rias marcas de produtos de higiene pessoal e materiais de limpeza, a empresa Softys \u00e9 l\u00edder no desenvolvimento de produtos e solu\u00e7\u00f5es para o cuidado das pessoas. A companhia atua h\u00e1 mais de 40 anos no mercado de sa\u00fade e higiene dentro da Am\u00e9rica Latina.<\/p>\n\n\n\n<p>A empresa atualmente opera 19 instala\u00e7\u00f5es de f\u00e1bricas que fabricam produtos de higiene pessoal em oito pa\u00edses da Am\u00e9rica Latina: Brasil, Argentina, Chile, M\u00e9xico, Equador, Peru e Uruguai. Chegando \u00e0 regi\u00e3o com suas 25 marcas, eles foram capazes de atender \u00e0s necessidades de mais de 500 milh\u00f5es de pessoas todos os anos.&nbsp;<\/p>","protected":false},"excerpt":{"rendered":"<p>Atualizado em Os Empregos Softys permite alcan\u00e7ar mais de quinhentos mil consumidores oferecendo-lhes as melhores marcas e produtos, al\u00e9m de prestar o melhor atendimento \u00e0s pessoas diariamente e em todas as etapas da vida. Para fazer parte da equipe, os interessados devem realizar um cadastro em vagas onde seu perfil profissional se encaixe. Continue lendo&hellip;&nbsp;<\/p>","protected":false},"author":16,"featured_media":36301,"comment_status":"open","ping_status":"closed","sticky":false,"template":"","format":"standard","meta":{"neve_meta_sidebar":"","neve_meta_container":"","neve_meta_enable_content_width":"","neve_meta_content_width":0,"neve_meta_title_alignment":"","neve_meta_author_avatar":"","neve_post_elements_order":"","neve_meta_disable_header":"","neve_meta_disable_footer":"","neve_meta_disable_title":"","footnotes":""},"categories":[123],"tags":[608,696,147],"class_list":["post-36297","post","type-post","status-publish","format-standard","has-post-thumbnail","hentry","category-vagas-de-emprego-nacionais","tag-oportunidades","tag-softys","tag-vaga-de-emprego"],"yoast_head":"<!-- This site is optimized with the Yoast SEO plugin v27.5 - https:\/\/yoast.com\/product\/yoast-seo-wordpress\/ -->\n<title>Vendedores, Auxiliar de Produ\u00e7\u00e3o, Promotores, Mec\u00e2nico de Manuten\u00e7\u00e3o, Assistentes, Analistas e muito mais na Empresa Softys -<\/title>\n<meta name=\"description\" content=\"Veja em Vagas de Emprego RJ as vagas de emprego com e sem experi\u00eancia no seu Estado e Regi\u00e3o!\" \/>\n<meta name=\"robots\" content=\"index, follow, max-snippet:-1, max-image-preview:large, max-video-preview:-1\" \/>\n<link rel=\"canonical\" href=\"https:\/\/www.vagadeempregorj.com.br\/fr\/empregos-softys\/\" \/>\n<meta property=\"og:locale\" content=\"fr_FR\" \/>\n<meta property=\"og:type\" content=\"article\" \/>\n<meta property=\"og:title\" content=\"Vendedores, Auxiliar de Produ\u00e7\u00e3o, Promotores, Mec\u00e2nico de Manuten\u00e7\u00e3o, Assistentes, Analistas e muito mais na Empresa Softys -\" \/>\n<meta property=\"og:description\" content=\"Veja em Vagas de Emprego RJ as vagas de emprego com e sem experi\u00eancia no seu Estado e Regi\u00e3o!\" \/>\n<meta property=\"og:url\" content=\"https:\/\/www.vagadeempregorj.com.br\/fr\/empregos-softys\/\" \/>\n<meta property=\"article:publisher\" content=\"https:\/\/www.facebook.com\/empregobrasiloficial\" \/>\n<meta property=\"article:published_time\" content=\"2023-10-03T05:41:00+00:00\" \/>\n<meta property=\"article:modified_time\" content=\"2025-05-08T23:34:20+00:00\" \/>\n<meta property=\"og:image\" content=\"https:\/\/www.vagadeempregorj.com.br\/wp-content\/uploads\/2022\/11\/empregos-softys.jpg\" \/>\n\t<meta property=\"og:image:width\" content=\"500\" \/>\n\t<meta property=\"og:image:height\" content=\"500\" \/>\n\t<meta property=\"og:image:type\" content=\"image\/jpeg\" \/>\n<meta name=\"author\" content=\"Michele\" \/>\n<meta name=\"twitter:card\" content=\"summary_large_image\" \/>\n<meta name=\"twitter:label1\" content=\"Written by\" \/>\n\t<meta name=\"twitter:data1\" content=\"Michele\" \/>\n\t<meta name=\"twitter:label2\" content=\"Est. reading time\" \/>\n\t<meta name=\"twitter:data2\" content=\"3 minutes\" \/>\n<script type=\"application\/ld+json\" class=\"yoast-schema-graph\">{\"@context\":\"https:\\\/\\\/schema.org\",\"@graph\":[{\"@type\":\"Article\",\"@id\":\"https:\\\/\\\/www.vagadeempregorj.com.br\\\/empregos-softys\\\/#article\",\"isPartOf\":{\"@id\":\"https:\\\/\\\/www.vagadeempregorj.com.br\\\/empregos-softys\\\/\"},\"author\":{\"name\":\"Michele\",\"@id\":\"https:\\\/\\\/www.vagadeempregorj.com.br\\\/#\\\/schema\\\/person\\\/3ddb19fa0539706786e502152f3aae95\"},\"headline\":\"Vendedores, Auxiliar de Produ\u00e7\u00e3o, Promotores, Mec\u00e2nico de Manuten\u00e7\u00e3o, Assistentes, Analistas e muito mais na Empresa Softys\",\"datePublished\":\"2023-10-03T05:41:00+00:00\",\"dateModified\":\"2025-05-08T23:34:20+00:00\",\"mainEntityOfPage\":{\"@id\":\"https:\\\/\\\/www.vagadeempregorj.com.br\\\/empregos-softys\\\/\"},\"wordCount\":588,\"commentCount\":0,\"image\":{\"@id\":\"https:\\\/\\\/www.vagadeempregorj.com.br\\\/empregos-softys\\\/#primaryimage\"},\"thumbnailUrl\":\"https:\\\/\\\/www.vagadeempregorj.com.br\\\/wp-content\\\/uploads\\\/2022\\\/11\\\/empregos-softys.jpg\",\"keywords\":[\"oportunidades\",\"softys\",\"vaga de emprego\"],\"articleSection\":[\"Vagas de Emprego Nacionais\"],\"inLanguage\":\"fr-FR\",\"potentialAction\":[{\"@type\":\"CommentAction\",\"name\":\"Comment\",\"target\":[\"https:\\\/\\\/www.vagadeempregorj.com.br\\\/empregos-softys\\\/#respond\"]}]},{\"@type\":\"WebPage\",\"@id\":\"https:\\\/\\\/www.vagadeempregorj.com.br\\\/empregos-softys\\\/\",\"url\":\"https:\\\/\\\/www.vagadeempregorj.com.br\\\/empregos-softys\\\/\",\"name\":\"Vendedores, Auxiliar de Produ\u00e7\u00e3o, Promotores, Mec\u00e2nico de Manuten\u00e7\u00e3o, Assistentes, Analistas e muito mais na Empresa Softys -\",\"isPartOf\":{\"@id\":\"https:\\\/\\\/www.vagadeempregorj.com.br\\\/#website\"},\"primaryImageOfPage\":{\"@id\":\"https:\\\/\\\/www.vagadeempregorj.com.br\\\/empregos-softys\\\/#primaryimage\"},\"image\":{\"@id\":\"https:\\\/\\\/www.vagadeempregorj.com.br\\\/empregos-softys\\\/#primaryimage\"},\"thumbnailUrl\":\"https:\\\/\\\/www.vagadeempregorj.com.br\\\/wp-content\\\/uploads\\\/2022\\\/11\\\/empregos-softys.jpg\",\"datePublished\":\"2023-10-03T05:41:00+00:00\",\"dateModified\":\"2025-05-08T23:34:20+00:00\",\"author\":{\"@id\":\"https:\\\/\\\/www.vagadeempregorj.com.br\\\/#\\\/schema\\\/person\\\/3ddb19fa0539706786e502152f3aae95\"},\"description\":\"Veja em Vagas de Emprego RJ as vagas de emprego com e sem experi\u00eancia no seu Estado e Regi\u00e3o!\",\"breadcrumb\":{\"@id\":\"https:\\\/\\\/www.vagadeempregorj.com.br\\\/empregos-softys\\\/#breadcrumb\"},\"inLanguage\":\"fr-FR\",\"potentialAction\":[{\"@type\":\"ReadAction\",\"target\":[\"https:\\\/\\\/www.vagadeempregorj.com.br\\\/empregos-softys\\\/\"]}]},{\"@type\":\"ImageObject\",\"inLanguage\":\"fr-FR\",\"@id\":\"https:\\\/\\\/www.vagadeempregorj.com.br\\\/empregos-softys\\\/#primaryimage\",\"url\":\"https:\\\/\\\/www.vagadeempregorj.com.br\\\/wp-content\\\/uploads\\\/2022\\\/11\\\/empregos-softys.jpg\",\"contentUrl\":\"https:\\\/\\\/www.vagadeempregorj.com.br\\\/wp-content\\\/uploads\\\/2022\\\/11\\\/empregos-softys.jpg\",\"width\":500,\"height\":500,\"caption\":\"Imagem: Reprodu\u00e7\u00e3o\"},{\"@type\":\"BreadcrumbList\",\"@id\":\"https:\\\/\\\/www.vagadeempregorj.com.br\\\/empregos-softys\\\/#breadcrumb\",\"itemListElement\":[{\"@type\":\"ListItem\",\"position\":1,\"name\":\"In\u00edcio\",\"item\":\"https:\\\/\\\/www.vagadeempregorj.com.br\\\/\"},{\"@type\":\"ListItem\",\"position\":2,\"name\":\"Vagas de Emprego Nacionais\",\"item\":\"https:\\\/\\\/www.vagadeempregorj.com.br\\\/vagas-de-emprego-nacionais\\\/\"},{\"@type\":\"ListItem\",\"position\":3,\"name\":\"Vendedores, Auxiliar de Produ\u00e7\u00e3o, Promotores, Mec\u00e2nico de Manuten\u00e7\u00e3o, Assistentes, Analistas e muito mais na Empresa Softys\"}]},{\"@type\":\"WebSite\",\"@id\":\"https:\\\/\\\/www.vagadeempregorj.com.br\\\/#website\",\"url\":\"https:\\\/\\\/www.vagadeempregorj.com.br\\\/\",\"name\":\"\",\"description\":\"Conquiste Sonhos: Vagas, Benef\u00edcios e Economia para Transformar Vidas e Alcan\u00e7ar Melhorias Cotidianas\",\"potentialAction\":[{\"@type\":\"SearchAction\",\"target\":{\"@type\":\"EntryPoint\",\"urlTemplate\":\"https:\\\/\\\/www.vagadeempregorj.com.br\\\/?s={search_term_string}\"},\"query-input\":{\"@type\":\"PropertyValueSpecification\",\"valueRequired\":true,\"valueName\":\"search_term_string\"}}],\"inLanguage\":\"fr-FR\"},{\"@type\":\"Person\",\"@id\":\"https:\\\/\\\/www.vagadeempregorj.com.br\\\/#\\\/schema\\\/person\\\/3ddb19fa0539706786e502152f3aae95\",\"name\":\"Michele\",\"image\":{\"@type\":\"ImageObject\",\"inLanguage\":\"fr-FR\",\"@id\":\"https:\\\/\\\/secure.gravatar.com\\\/avatar\\\/6b0eb9d22841282815e2cd856a0061c45e1761cd54b22e952d98c4746939aa85?s=96&r=g\",\"url\":\"https:\\\/\\\/secure.gravatar.com\\\/avatar\\\/6b0eb9d22841282815e2cd856a0061c45e1761cd54b22e952d98c4746939aa85?s=96&r=g\",\"contentUrl\":\"https:\\\/\\\/secure.gravatar.com\\\/avatar\\\/6b0eb9d22841282815e2cd856a0061c45e1761cd54b22e952d98c4746939aa85?s=96&r=g\",\"caption\":\"Michele\"},\"description\":\"Formada em Letras - Portugu\u00eas\\\/ Ingl\u00eas, e idealizadora do site Escritora de Sucesso, busca expandir o conhecimento de todos com informa\u00e7\u00f5es relevantes sobre diversos assuntos, enquanto redatora. No Vaga de Emprego RJ, traz oportunidades e dicas sobre o mercado de trabalho.\",\"url\":\"https:\\\/\\\/www.vagadeempregorj.com.br\\\/fr\\\/author\\\/michele\\\/\"}]}<\/script>\n<!-- \/ Yoast SEO plugin. -->","yoast_head_json":{"title":"Vendedores, Auxiliar de Produ\u00e7\u00e3o, Promotores, Mec\u00e2nico de Manuten\u00e7\u00e3o, Assistentes, Analistas e muito mais na Empresa Softys -","description":"Veja em Vagas de Emprego RJ as vagas de emprego com e sem experi\u00eancia no seu Estado e Regi\u00e3o!","robots":{"index":"index","follow":"follow","max-snippet":"max-snippet:-1","max-image-preview":"max-image-preview:large","max-video-preview":"max-video-preview:-1"},"canonical":"https:\/\/www.vagadeempregorj.com.br\/fr\/empregos-softys\/","og_locale":"fr_FR","og_type":"article","og_title":"Vendedores, Auxiliar de Produ\u00e7\u00e3o, Promotores, Mec\u00e2nico de Manuten\u00e7\u00e3o, Assistentes, Analistas e muito mais na Empresa Softys -","og_description":"Veja em Vagas de Emprego RJ as vagas de emprego com e sem experi\u00eancia no seu Estado e Regi\u00e3o!","og_url":"https:\/\/www.vagadeempregorj.com.br\/fr\/empregos-softys\/","article_publisher":"https:\/\/www.facebook.com\/empregobrasiloficial","article_published_time":"2023-10-03T05:41:00+00:00","article_modified_time":"2025-05-08T23:34:20+00:00","og_image":[{"width":500,"height":500,"url":"https:\/\/www.vagadeempregorj.com.br\/wp-content\/uploads\/2022\/11\/empregos-softys.jpg","type":"image\/jpeg"}],"author":"Michele","twitter_card":"summary_large_image","twitter_misc":{"Written by":"Michele","Est. reading time":"3 minutes"},"schema":{"@context":"https:\/\/schema.org","@graph":[{"@type":"Article","@id":"https:\/\/www.vagadeempregorj.com.br\/empregos-softys\/#article","isPartOf":{"@id":"https:\/\/www.vagadeempregorj.com.br\/empregos-softys\/"},"author":{"name":"Michele","@id":"https:\/\/www.vagadeempregorj.com.br\/#\/schema\/person\/3ddb19fa0539706786e502152f3aae95"},"headline":"Vendedores, Auxiliar de Produ\u00e7\u00e3o, Promotores, Mec\u00e2nico de Manuten\u00e7\u00e3o, Assistentes, Analistas e muito mais na Empresa Softys","datePublished":"2023-10-03T05:41:00+00:00","dateModified":"2025-05-08T23:34:20+00:00","mainEntityOfPage":{"@id":"https:\/\/www.vagadeempregorj.com.br\/empregos-softys\/"},"wordCount":588,"commentCount":0,"image":{"@id":"https:\/\/www.vagadeempregorj.com.br\/empregos-softys\/#primaryimage"},"thumbnailUrl":"https:\/\/www.vagadeempregorj.com.br\/wp-content\/uploads\/2022\/11\/empregos-softys.jpg","keywords":["oportunidades","softys","vaga de emprego"],"articleSection":["Vagas de Emprego Nacionais"],"inLanguage":"fr-FR","potentialAction":[{"@type":"CommentAction","name":"Comment","target":["https:\/\/www.vagadeempregorj.com.br\/empregos-softys\/#respond"]}]},{"@type":"WebPage","@id":"https:\/\/www.vagadeempregorj.com.br\/empregos-softys\/","url":"https:\/\/www.vagadeempregorj.com.br\/empregos-softys\/","name":"Vendedores, Auxiliar de Produ\u00e7\u00e3o, Promotores, Mec\u00e2nico de Manuten\u00e7\u00e3o, Assistentes, Analistas e muito mais na Empresa Softys -","isPartOf":{"@id":"https:\/\/www.vagadeempregorj.com.br\/#website"},"primaryImageOfPage":{"@id":"https:\/\/www.vagadeempregorj.com.br\/empregos-softys\/#primaryimage"},"image":{"@id":"https:\/\/www.vagadeempregorj.com.br\/empregos-softys\/#primaryimage"},"thumbnailUrl":"https:\/\/www.vagadeempregorj.com.br\/wp-content\/uploads\/2022\/11\/empregos-softys.jpg","datePublished":"2023-10-03T05:41:00+00:00","dateModified":"2025-05-08T23:34:20+00:00","author":{"@id":"https:\/\/www.vagadeempregorj.com.br\/#\/schema\/person\/3ddb19fa0539706786e502152f3aae95"},"description":"Veja em Vagas de Emprego RJ as vagas de emprego com e sem experi\u00eancia no seu Estado e Regi\u00e3o!","breadcrumb":{"@id":"https:\/\/www.vagadeempregorj.com.br\/empregos-softys\/#breadcrumb"},"inLanguage":"fr-FR","potentialAction":[{"@type":"ReadAction","target":["https:\/\/www.vagadeempregorj.com.br\/empregos-softys\/"]}]},{"@type":"ImageObject","inLanguage":"fr-FR","@id":"https:\/\/www.vagadeempregorj.com.br\/empregos-softys\/#primaryimage","url":"https:\/\/www.vagadeempregorj.com.br\/wp-content\/uploads\/2022\/11\/empregos-softys.jpg","contentUrl":"https:\/\/www.vagadeempregorj.com.br\/wp-content\/uploads\/2022\/11\/empregos-softys.jpg","width":500,"height":500,"caption":"Imagem: Reprodu\u00e7\u00e3o"},{"@type":"BreadcrumbList","@id":"https:\/\/www.vagadeempregorj.com.br\/empregos-softys\/#breadcrumb","itemListElement":[{"@type":"ListItem","position":1,"name":"In\u00edcio","item":"https:\/\/www.vagadeempregorj.com.br\/"},{"@type":"ListItem","position":2,"name":"Vagas de Emprego Nacionais","item":"https:\/\/www.vagadeempregorj.com.br\/vagas-de-emprego-nacionais\/"},{"@type":"ListItem","position":3,"name":"Vendedores, Auxiliar de Produ\u00e7\u00e3o, Promotores, Mec\u00e2nico de Manuten\u00e7\u00e3o, Assistentes, Analistas e muito mais na Empresa Softys"}]},{"@type":"WebSite","@id":"https:\/\/www.vagadeempregorj.com.br\/#website","url":"https:\/\/www.vagadeempregorj.com.br\/","name":"","description":"Conquiste Sonhos: Vagas, Benef\u00edcios e Economia para Transformar Vidas e Alcan\u00e7ar Melhorias Cotidianas","potentialAction":[{"@type":"SearchAction","target":{"@type":"EntryPoint","urlTemplate":"https:\/\/www.vagadeempregorj.com.br\/?s={search_term_string}"},"query-input":{"@type":"PropertyValueSpecification","valueRequired":true,"valueName":"search_term_string"}}],"inLanguage":"fr-FR"},{"@type":"Person","@id":"https:\/\/www.vagadeempregorj.com.br\/#\/schema\/person\/3ddb19fa0539706786e502152f3aae95","name":"Michele","image":{"@type":"ImageObject","inLanguage":"fr-FR","@id":"https:\/\/secure.gravatar.com\/avatar\/6b0eb9d22841282815e2cd856a0061c45e1761cd54b22e952d98c4746939aa85?s=96&r=g","url":"https:\/\/secure.gravatar.com\/avatar\/6b0eb9d22841282815e2cd856a0061c45e1761cd54b22e952d98c4746939aa85?s=96&r=g","contentUrl":"https:\/\/secure.gravatar.com\/avatar\/6b0eb9d22841282815e2cd856a0061c45e1761cd54b22e952d98c4746939aa85?s=96&r=g","caption":"Michele"},"description":"Formada em Letras - Portugu\u00eas\/ Ingl\u00eas, e idealizadora do site Escritora de Sucesso, busca expandir o conhecimento de todos com informa\u00e7\u00f5es relevantes sobre diversos assuntos, enquanto redatora. No Vaga de Emprego RJ, traz oportunidades e dicas sobre o mercado de trabalho.","url":"https:\/\/www.vagadeempregorj.com.br\/fr\/author\/michele\/"}]}},"_links":{"self":[{"href":"https:\/\/www.vagadeempregorj.com.br\/fr\/wp-json\/wp\/v2\/posts\/36297","targetHints":{"allow":["GET"]}}],"collection":[{"href":"https:\/\/www.vagadeempregorj.com.br\/fr\/wp-json\/wp\/v2\/posts"}],"about":[{"href":"https:\/\/www.vagadeempregorj.com.br\/fr\/wp-json\/wp\/v2\/types\/post"}],"author":[{"embeddable":true,"href":"https:\/\/www.vagadeempregorj.com.br\/fr\/wp-json\/wp\/v2\/users\/16"}],"replies":[{"embeddable":true,"href":"https:\/\/www.vagadeempregorj.com.br\/fr\/wp-json\/wp\/v2\/comments?post=36297"}],"version-history":[{"count":1,"href":"https:\/\/www.vagadeempregorj.com.br\/fr\/wp-json\/wp\/v2\/posts\/36297\/revisions"}],"predecessor-version":[{"id":43279,"href":"https:\/\/www.vagadeempregorj.com.br\/fr\/wp-json\/wp\/v2\/posts\/36297\/revisions\/43279"}],"wp:featuredmedia":[{"embeddable":true,"href":"https:\/\/www.vagadeempregorj.com.br\/fr\/wp-json\/wp\/v2\/media\/36301"}],"wp:attachment":[{"href":"https:\/\/www.vagadeempregorj.com.br\/fr\/wp-json\/wp\/v2\/media?parent=36297"}],"wp:term":[{"taxonomy":"category","embeddable":true,"href":"https:\/\/www.vagadeempregorj.com.br\/fr\/wp-json\/wp\/v2\/categories?post=36297"},{"taxonomy":"post_tag","embeddable":true,"href":"https:\/\/www.vagadeempregorj.com.br\/fr\/wp-json\/wp\/v2\/tags?post=36297"}],"curies":[{"name":"wp","href":"https:\/\/api.w.org\/{rel}","templated":true}]}}