{"id":36399,"date":"2023-09-01T00:01:00","date_gmt":"2023-09-01T03:01:00","guid":{"rendered":"https:\/\/www.vagadeempregorj.com.br\/?p=36399"},"modified":"2023-08-26T11:58:22","modified_gmt":"2023-08-26T14:58:22","slug":"empregos-natura","status":"publish","type":"post","link":"https:\/\/www.vagadeempregorj.com.br\/fr\/empregos-natura\/","title":{"rendered":"Vendedor, Gerente de Loja, Coordenador de Marketing, Analistas e muito mais na Empresa Natura"},"content":{"rendered":"<p>Atualizado<\/p>\n\n\n<div class=\"wp-block-post-date\"><time datetime=\"2023-09-01T00:01:00-03:00\">01\/09\/2023<\/time><\/div>\n\n\n<p>Os <strong>Empregos Natura<\/strong> destacam-se no mercado de trabalho devido aos benef\u00edcios que a companhia oferta. \u00c9 uma marca brasileira nascida da paix\u00e3o pela cosm\u00e9tica e pela conex\u00e3o humana. Al\u00e9m da Mal\u00e1sia, Fran\u00e7a e Estados Unidos, atuam em 7 pa\u00edses da Am\u00e9rica Latina. Sua rede inclui 6,9 mil colaboradores e 2 milh\u00f5es de consultoras, al\u00e9m de fornecedores e parceiros. Acreditam que a inova\u00e7\u00e3o \u00e9 um dos pilares para impactar positivamente e alcan\u00e7ar um modelo sustent\u00e1vel. Buscam criar valor para a sociedade como um todo, produzindo resultados integrados social, econ\u00f4mico e ambientalmente.<\/p>\n\n\n\n<figure class=\"wp-block-image size-large\"><img loading=\"lazy\" decoding=\"async\" width=\"1024\" height=\"1024\" src=\"https:\/\/www.vagadeempregorj.com.br\/wp-content\/uploads\/2022\/11\/empregos-Natura-1024x1024.jpg\" alt=\"empregos Natura\" class=\"wp-image-36409\" srcset=\"https:\/\/www.vagadeempregorj.com.br\/wp-content\/uploads\/2022\/11\/empregos-Natura-1024x1024.jpg 1024w, https:\/\/www.vagadeempregorj.com.br\/wp-content\/uploads\/2022\/11\/empregos-Natura-300x300.jpg 300w, https:\/\/www.vagadeempregorj.com.br\/wp-content\/uploads\/2022\/11\/empregos-Natura-150x150.jpg 150w, https:\/\/www.vagadeempregorj.com.br\/wp-content\/uploads\/2022\/11\/empregos-Natura-768x768.jpg 768w, https:\/\/www.vagadeempregorj.com.br\/wp-content\/uploads\/2022\/11\/empregos-Natura-1536x1536.jpg 1536w, https:\/\/www.vagadeempregorj.com.br\/wp-content\/uploads\/2022\/11\/empregos-Natura-96x96.jpg 96w, https:\/\/www.vagadeempregorj.com.br\/wp-content\/uploads\/2022\/11\/empregos-Natura.jpg 2048w\" sizes=\"auto, (max-width: 1024px) 100vw, 1024px\" \/><figcaption class=\"wp-element-caption\">Imagem: Natura &#8211; Reprodu\u00e7\u00e3o<\/figcaption><\/figure>\n\n\n\n<h2 class=\"wp-block-heading\">Veja quais s\u00e3o os empregos Natura dispon\u00edveis<\/h2>\n\n\n\n<p>\u00c9 ofertado vale refei\u00e7\u00e3o, PLR, assist\u00eancia m\u00e9dica, modelo de trabalho h\u00edbrido, assist\u00eancia odontol\u00f3gica, Short Friday, seguro de vida, dia de folga no anivers\u00e1rio e Vale presente Natura, presente no dia das M\u00e3es, produtos com descontos e licen\u00e7a paternidade e maternidade estendidas. Verifique todos os cargos abaixo:<\/p>\n\n\n\n<ul class=\"wp-block-list\">\n<li>Anl. de Projetos de Treinamento Comercial S\u00eanior \u2013 PCD;<\/li>\n\n\n\n<li>Ger Estrat\u00e9gia de Marca &#8211; Dados e Insights;<\/li>\n\n\n\n<li>ANL. DE MODELO COMERCIAL;<\/li>\n\n\n\n<li>Gerente de CRM S\u00eanior;<\/li>\n\n\n\n<li>Anl. Sr;<\/li>\n\n\n\n<li>Gerente de Loja;<\/li>\n\n\n\n<li>Coordenador de FP&A;<\/li>\n\n\n\n<li>Anl. de E-Commerce S\u00eanior;<\/li>\n\n\n\n<li>Business Advisor;<\/li>\n\n\n\n<li>Vendedor;<\/li>\n\n\n\n<li>Anl. de E-Commerce Sr;<\/li>\n\n\n\n<li>Coord Marketing;<\/li>\n\n\n\n<li>Anl. de B2B Junior;<\/li>\n\n\n\n<li>Coord Planejamento de Produto;<\/li>\n\n\n\n<li>Anl. de Projetos de Treinamento Comercial S\u00eanior;<\/li>\n\n\n\n<li>Coordenador de Estrat\u00e9gia Competitiva de Mercado;<\/li>\n\n\n\n<li>Anl. de Processos de Inova\u00e7\u00e3o Pl;<\/li>\n\n\n\n<li>Coord. Analytics (PCD);<\/li>\n\n\n\n<li>Anl. S\u00eanior de Pesquisa e Estrat\u00e9gia Competitiva de Mercado;<\/li>\n\n\n\n<li>Privacy Leader\/Counsel and Data Protection Officer;<\/li>\n\n\n\n<li>COORDINADOR REGIONAL DE VENTAS QUERETARO;<\/li>\n\n\n\n<li>Anl. de Marketing (Amostragem) Pl \u2013 PCD;<\/li>\n\n\n\n<li>Coord Global de Marketing.<\/li>\n<\/ul>\n\n\n\n<h3 class=\"wp-block-heading\">Como se candidatar<\/h3>\n\n\n\n<p>O procedimento para concorrer aos cargos mencionados \u00e9 muito simples. Em primeiro lugar, \u00e9 preciso entrar no site abaixo para participar do processo de sele\u00e7\u00e3o:<\/p>\n\n\n\n<ul class=\"wp-block-list\">\n<li><a href=\"https:\/\/mercantildobrasil.com.br\/SobreNos\/TrabalheConosco\/Paginas\/Trabalhe-Conosco.aspx\">Mercantil do Brasil<\/a>.<\/li>\n<\/ul>\n\n\n\n<p>Ap\u00f3s isso, o segundo passo ser\u00e1 encontrar a fun\u00e7\u00e3o que deseja se inscrever e ler com cuidado todos os crit\u00e9rios exigidos para ter a certeza de que ela \u00e9 realmente compat\u00edvel com o seu curr\u00edculo. Se for, realize o seu login caso j\u00e1 possua ou cadastre-se na p\u00e1gina se for o seu primeiro acesso.<\/p>\n\n\n\n<p>Por fim, aguarde a empresa entrar em contato caso seja selecionado e n\u00e3o se esque\u00e7a de estar bem preparado para o momento da entrevista. Para este dia, saiba de antem\u00e3o que \u00e9 prov\u00e1vel que o candidato precise responder perguntas pessoais como: quais s\u00e3o seus defeitos e qualidades, a raz\u00e3o pela qual deseja fazer parte da empresa, entre outras.<\/p>\n\n\n\n<p>Al\u00e9m disso, tamb\u00e9m \u00e9 poss\u00edvel que seja necess\u00e1rio que o candidato realize uma prova com perguntas de matem\u00e1tica e l\u00edngua portuguesa, al\u00e9m de participar de din\u00e2micas em grupo.<\/p>\n\n\n\n<p><strong>Veja tamb\u00e9m: <a href=\"https:\/\/www.vagadeempregorj.com.br\/fr\/empregos-level-group\/\">Auxiliar Administrativo, Auxiliar de Compras, Auxiliar de Departamento Pessoal, Analistas e muito mais na Empresa Level Group<\/a><\/strong><\/p>\n\n\n\n<h2 class=\"wp-block-heading\">Sobre a Natura<\/h2>\n\n\n\n<p>A trajet\u00f3ria que os transformou na maior multinacional de cosm\u00e9ticos do Brasil come\u00e7ou em 1969, quando Luiz Seabra abriu uma pequena f\u00e1brica em S\u00e3o Paulo. Desde ent\u00e3o, constru\u00edram um neg\u00f3cio que busca o Bem Estar\u2013 que se manifesta nas rela\u00e7\u00f5es harmoniosas que o indiv\u00edduo desenvolve consigo mesmo, com o outro e com a natureza.<\/p>\n\n\n\n<p>Acreditam no potencial da conex\u00e3o humana e no poder dos cosm\u00e9ticos como intensificadores de consci\u00eancia. Atingiram mais de 100 milh\u00f5es de consumidores em todos os canais. Principalmente venda direta, com cerca de 1,7 milh\u00e3o de consultoras no Peru, Brasil, M\u00e9xico, Argentina, Col\u00f4mbia e Chile.&nbsp;<\/p>","protected":false},"excerpt":{"rendered":"<p>Atualizado Os Empregos Natura destacam-se no mercado de trabalho devido aos benef\u00edcios que a companhia oferta. \u00c9 uma marca brasileira nascida da paix\u00e3o pela cosm\u00e9tica e pela conex\u00e3o humana. Al\u00e9m da Mal\u00e1sia, Fran\u00e7a e Estados Unidos, atuam em 7 pa\u00edses da Am\u00e9rica Latina. Sua rede inclui 6,9 mil colaboradores e 2 milh\u00f5es de consultoras, al\u00e9m&hellip;&nbsp;<\/p>","protected":false},"author":16,"featured_media":36409,"comment_status":"closed","ping_status":"closed","sticky":false,"template":"","format":"standard","meta":{"neve_meta_sidebar":"","neve_meta_container":"","neve_meta_enable_content_width":"","neve_meta_content_width":0,"neve_meta_title_alignment":"","neve_meta_author_avatar":"","neve_post_elements_order":"","neve_meta_disable_header":"","neve_meta_disable_footer":"","neve_meta_disable_title":"","footnotes":""},"categories":[123],"tags":[176,608,211],"class_list":["post-36399","post","type-post","status-publish","format-standard","has-post-thumbnail","hentry","category-vagas-de-emprego-nacionais","tag-natura","tag-oportunidades","tag-vagas-de-emprego"],"yoast_head":"<!-- This site is optimized with the Yoast SEO plugin v27.5 - https:\/\/yoast.com\/product\/yoast-seo-wordpress\/ -->\n<title>Vendedor, Gerente de Loja, Coordenador de Marketing, Analistas e muito mais na Empresa Natura -<\/title>\n<meta name=\"description\" content=\"Veja em Vagas de Emprego RJ as vagas de emprego com e sem experi\u00eancia no seu Estado e Regi\u00e3o!\" \/>\n<meta name=\"robots\" content=\"index, follow, max-snippet:-1, max-image-preview:large, max-video-preview:-1\" \/>\n<link rel=\"canonical\" href=\"https:\/\/www.vagadeempregorj.com.br\/fr\/empregos-natura\/\" \/>\n<meta property=\"og:locale\" content=\"fr_FR\" \/>\n<meta property=\"og:type\" content=\"article\" \/>\n<meta property=\"og:title\" content=\"Vendedor, Gerente de Loja, Coordenador de Marketing, Analistas e muito mais na Empresa Natura -\" \/>\n<meta property=\"og:description\" content=\"Veja em Vagas de Emprego RJ as vagas de emprego com e sem experi\u00eancia no seu Estado e Regi\u00e3o!\" \/>\n<meta property=\"og:url\" content=\"https:\/\/www.vagadeempregorj.com.br\/fr\/empregos-natura\/\" \/>\n<meta property=\"article:publisher\" content=\"https:\/\/www.facebook.com\/empregobrasiloficial\" \/>\n<meta property=\"article:published_time\" content=\"2023-09-01T03:01:00+00:00\" \/>\n<meta property=\"og:image\" content=\"https:\/\/www.vagadeempregorj.com.br\/wp-content\/uploads\/2022\/11\/empregos-Natura.jpg\" \/>\n\t<meta property=\"og:image:width\" content=\"2048\" \/>\n\t<meta property=\"og:image:height\" content=\"2048\" \/>\n\t<meta property=\"og:image:type\" content=\"image\/jpeg\" \/>\n<meta name=\"author\" content=\"Michele\" \/>\n<meta name=\"twitter:card\" content=\"summary_large_image\" \/>\n<meta name=\"twitter:label1\" content=\"Written by\" \/>\n\t<meta name=\"twitter:data1\" content=\"Michele\" \/>\n\t<meta name=\"twitter:label2\" content=\"Est. reading time\" \/>\n\t<meta name=\"twitter:data2\" content=\"3 minutes\" \/>\n<script type=\"application\/ld+json\" class=\"yoast-schema-graph\">{\"@context\":\"https:\\\/\\\/schema.org\",\"@graph\":[{\"@type\":\"Article\",\"@id\":\"https:\\\/\\\/www.vagadeempregorj.com.br\\\/empregos-natura\\\/#article\",\"isPartOf\":{\"@id\":\"https:\\\/\\\/www.vagadeempregorj.com.br\\\/empregos-natura\\\/\"},\"author\":{\"name\":\"Michele\",\"@id\":\"https:\\\/\\\/www.vagadeempregorj.com.br\\\/#\\\/schema\\\/person\\\/3ddb19fa0539706786e502152f3aae95\"},\"headline\":\"Vendedor, Gerente de Loja, Coordenador de Marketing, Analistas e muito mais na Empresa Natura\",\"datePublished\":\"2023-09-01T03:01:00+00:00\",\"mainEntityOfPage\":{\"@id\":\"https:\\\/\\\/www.vagadeempregorj.com.br\\\/empregos-natura\\\/\"},\"wordCount\":624,\"image\":{\"@id\":\"https:\\\/\\\/www.vagadeempregorj.com.br\\\/empregos-natura\\\/#primaryimage\"},\"thumbnailUrl\":\"https:\\\/\\\/www.vagadeempregorj.com.br\\\/wp-content\\\/uploads\\\/2022\\\/11\\\/empregos-Natura.jpg\",\"keywords\":[\"natura\",\"oportunidades\",\"vagas de emprego\"],\"articleSection\":[\"Vagas de Emprego Nacionais\"],\"inLanguage\":\"fr-FR\"},{\"@type\":\"WebPage\",\"@id\":\"https:\\\/\\\/www.vagadeempregorj.com.br\\\/empregos-natura\\\/\",\"url\":\"https:\\\/\\\/www.vagadeempregorj.com.br\\\/empregos-natura\\\/\",\"name\":\"Vendedor, Gerente de Loja, Coordenador de Marketing, Analistas e muito mais na Empresa Natura -\",\"isPartOf\":{\"@id\":\"https:\\\/\\\/www.vagadeempregorj.com.br\\\/#website\"},\"primaryImageOfPage\":{\"@id\":\"https:\\\/\\\/www.vagadeempregorj.com.br\\\/empregos-natura\\\/#primaryimage\"},\"image\":{\"@id\":\"https:\\\/\\\/www.vagadeempregorj.com.br\\\/empregos-natura\\\/#primaryimage\"},\"thumbnailUrl\":\"https:\\\/\\\/www.vagadeempregorj.com.br\\\/wp-content\\\/uploads\\\/2022\\\/11\\\/empregos-Natura.jpg\",\"datePublished\":\"2023-09-01T03:01:00+00:00\",\"author\":{\"@id\":\"https:\\\/\\\/www.vagadeempregorj.com.br\\\/#\\\/schema\\\/person\\\/3ddb19fa0539706786e502152f3aae95\"},\"description\":\"Veja em Vagas de Emprego RJ as vagas de emprego com e sem experi\u00eancia no seu Estado e Regi\u00e3o!\",\"breadcrumb\":{\"@id\":\"https:\\\/\\\/www.vagadeempregorj.com.br\\\/empregos-natura\\\/#breadcrumb\"},\"inLanguage\":\"fr-FR\",\"potentialAction\":[{\"@type\":\"ReadAction\",\"target\":[\"https:\\\/\\\/www.vagadeempregorj.com.br\\\/empregos-natura\\\/\"]}]},{\"@type\":\"ImageObject\",\"inLanguage\":\"fr-FR\",\"@id\":\"https:\\\/\\\/www.vagadeempregorj.com.br\\\/empregos-natura\\\/#primaryimage\",\"url\":\"https:\\\/\\\/www.vagadeempregorj.com.br\\\/wp-content\\\/uploads\\\/2022\\\/11\\\/empregos-Natura.jpg\",\"contentUrl\":\"https:\\\/\\\/www.vagadeempregorj.com.br\\\/wp-content\\\/uploads\\\/2022\\\/11\\\/empregos-Natura.jpg\",\"width\":2048,\"height\":2048,\"caption\":\"Imagem: Natura - Reprodu\u00e7\u00e3o\"},{\"@type\":\"BreadcrumbList\",\"@id\":\"https:\\\/\\\/www.vagadeempregorj.com.br\\\/empregos-natura\\\/#breadcrumb\",\"itemListElement\":[{\"@type\":\"ListItem\",\"position\":1,\"name\":\"In\u00edcio\",\"item\":\"https:\\\/\\\/www.vagadeempregorj.com.br\\\/\"},{\"@type\":\"ListItem\",\"position\":2,\"name\":\"Vagas de Emprego Nacionais\",\"item\":\"https:\\\/\\\/www.vagadeempregorj.com.br\\\/vagas-de-emprego-nacionais\\\/\"},{\"@type\":\"ListItem\",\"position\":3,\"name\":\"Vendedor, Gerente de Loja, Coordenador de Marketing, Analistas e muito mais na Empresa Natura\"}]},{\"@type\":\"WebSite\",\"@id\":\"https:\\\/\\\/www.vagadeempregorj.com.br\\\/#website\",\"url\":\"https:\\\/\\\/www.vagadeempregorj.com.br\\\/\",\"name\":\"\",\"description\":\"Conquiste Sonhos: Vagas, Benef\u00edcios e Economia para Transformar Vidas e Alcan\u00e7ar Melhorias Cotidianas\",\"potentialAction\":[{\"@type\":\"SearchAction\",\"target\":{\"@type\":\"EntryPoint\",\"urlTemplate\":\"https:\\\/\\\/www.vagadeempregorj.com.br\\\/?s={search_term_string}\"},\"query-input\":{\"@type\":\"PropertyValueSpecification\",\"valueRequired\":true,\"valueName\":\"search_term_string\"}}],\"inLanguage\":\"fr-FR\"},{\"@type\":\"Person\",\"@id\":\"https:\\\/\\\/www.vagadeempregorj.com.br\\\/#\\\/schema\\\/person\\\/3ddb19fa0539706786e502152f3aae95\",\"name\":\"Michele\",\"image\":{\"@type\":\"ImageObject\",\"inLanguage\":\"fr-FR\",\"@id\":\"https:\\\/\\\/secure.gravatar.com\\\/avatar\\\/6b0eb9d22841282815e2cd856a0061c45e1761cd54b22e952d98c4746939aa85?s=96&r=g\",\"url\":\"https:\\\/\\\/secure.gravatar.com\\\/avatar\\\/6b0eb9d22841282815e2cd856a0061c45e1761cd54b22e952d98c4746939aa85?s=96&r=g\",\"contentUrl\":\"https:\\\/\\\/secure.gravatar.com\\\/avatar\\\/6b0eb9d22841282815e2cd856a0061c45e1761cd54b22e952d98c4746939aa85?s=96&r=g\",\"caption\":\"Michele\"},\"description\":\"Formada em Letras - Portugu\u00eas\\\/ Ingl\u00eas, e idealizadora do site Escritora de Sucesso, busca expandir o conhecimento de todos com informa\u00e7\u00f5es relevantes sobre diversos assuntos, enquanto redatora. No Vaga de Emprego RJ, traz oportunidades e dicas sobre o mercado de trabalho.\",\"url\":\"https:\\\/\\\/www.vagadeempregorj.com.br\\\/fr\\\/author\\\/michele\\\/\"}]}<\/script>\n<!-- \/ Yoast SEO plugin. -->","yoast_head_json":{"title":"Vendedor, Gerente de Loja, Coordenador de Marketing, Analistas e muito mais na Empresa Natura -","description":"Veja em Vagas de Emprego RJ as vagas de emprego com e sem experi\u00eancia no seu Estado e Regi\u00e3o!","robots":{"index":"index","follow":"follow","max-snippet":"max-snippet:-1","max-image-preview":"max-image-preview:large","max-video-preview":"max-video-preview:-1"},"canonical":"https:\/\/www.vagadeempregorj.com.br\/fr\/empregos-natura\/","og_locale":"fr_FR","og_type":"article","og_title":"Vendedor, Gerente de Loja, Coordenador de Marketing, Analistas e muito mais na Empresa Natura -","og_description":"Veja em Vagas de Emprego RJ as vagas de emprego com e sem experi\u00eancia no seu Estado e Regi\u00e3o!","og_url":"https:\/\/www.vagadeempregorj.com.br\/fr\/empregos-natura\/","article_publisher":"https:\/\/www.facebook.com\/empregobrasiloficial","article_published_time":"2023-09-01T03:01:00+00:00","og_image":[{"width":2048,"height":2048,"url":"https:\/\/www.vagadeempregorj.com.br\/wp-content\/uploads\/2022\/11\/empregos-Natura.jpg","type":"image\/jpeg"}],"author":"Michele","twitter_card":"summary_large_image","twitter_misc":{"Written by":"Michele","Est. reading time":"3 minutes"},"schema":{"@context":"https:\/\/schema.org","@graph":[{"@type":"Article","@id":"https:\/\/www.vagadeempregorj.com.br\/empregos-natura\/#article","isPartOf":{"@id":"https:\/\/www.vagadeempregorj.com.br\/empregos-natura\/"},"author":{"name":"Michele","@id":"https:\/\/www.vagadeempregorj.com.br\/#\/schema\/person\/3ddb19fa0539706786e502152f3aae95"},"headline":"Vendedor, Gerente de Loja, Coordenador de Marketing, Analistas e muito mais na Empresa Natura","datePublished":"2023-09-01T03:01:00+00:00","mainEntityOfPage":{"@id":"https:\/\/www.vagadeempregorj.com.br\/empregos-natura\/"},"wordCount":624,"image":{"@id":"https:\/\/www.vagadeempregorj.com.br\/empregos-natura\/#primaryimage"},"thumbnailUrl":"https:\/\/www.vagadeempregorj.com.br\/wp-content\/uploads\/2022\/11\/empregos-Natura.jpg","keywords":["natura","oportunidades","vagas de emprego"],"articleSection":["Vagas de Emprego Nacionais"],"inLanguage":"fr-FR"},{"@type":"WebPage","@id":"https:\/\/www.vagadeempregorj.com.br\/empregos-natura\/","url":"https:\/\/www.vagadeempregorj.com.br\/empregos-natura\/","name":"Vendedor, Gerente de Loja, Coordenador de Marketing, Analistas e muito mais na Empresa Natura -","isPartOf":{"@id":"https:\/\/www.vagadeempregorj.com.br\/#website"},"primaryImageOfPage":{"@id":"https:\/\/www.vagadeempregorj.com.br\/empregos-natura\/#primaryimage"},"image":{"@id":"https:\/\/www.vagadeempregorj.com.br\/empregos-natura\/#primaryimage"},"thumbnailUrl":"https:\/\/www.vagadeempregorj.com.br\/wp-content\/uploads\/2022\/11\/empregos-Natura.jpg","datePublished":"2023-09-01T03:01:00+00:00","author":{"@id":"https:\/\/www.vagadeempregorj.com.br\/#\/schema\/person\/3ddb19fa0539706786e502152f3aae95"},"description":"Veja em Vagas de Emprego RJ as vagas de emprego com e sem experi\u00eancia no seu Estado e Regi\u00e3o!","breadcrumb":{"@id":"https:\/\/www.vagadeempregorj.com.br\/empregos-natura\/#breadcrumb"},"inLanguage":"fr-FR","potentialAction":[{"@type":"ReadAction","target":["https:\/\/www.vagadeempregorj.com.br\/empregos-natura\/"]}]},{"@type":"ImageObject","inLanguage":"fr-FR","@id":"https:\/\/www.vagadeempregorj.com.br\/empregos-natura\/#primaryimage","url":"https:\/\/www.vagadeempregorj.com.br\/wp-content\/uploads\/2022\/11\/empregos-Natura.jpg","contentUrl":"https:\/\/www.vagadeempregorj.com.br\/wp-content\/uploads\/2022\/11\/empregos-Natura.jpg","width":2048,"height":2048,"caption":"Imagem: Natura - Reprodu\u00e7\u00e3o"},{"@type":"BreadcrumbList","@id":"https:\/\/www.vagadeempregorj.com.br\/empregos-natura\/#breadcrumb","itemListElement":[{"@type":"ListItem","position":1,"name":"In\u00edcio","item":"https:\/\/www.vagadeempregorj.com.br\/"},{"@type":"ListItem","position":2,"name":"Vagas de Emprego Nacionais","item":"https:\/\/www.vagadeempregorj.com.br\/vagas-de-emprego-nacionais\/"},{"@type":"ListItem","position":3,"name":"Vendedor, Gerente de Loja, Coordenador de Marketing, Analistas e muito mais na Empresa Natura"}]},{"@type":"WebSite","@id":"https:\/\/www.vagadeempregorj.com.br\/#website","url":"https:\/\/www.vagadeempregorj.com.br\/","name":"","description":"Conquiste Sonhos: Vagas, Benef\u00edcios e Economia para Transformar Vidas e Alcan\u00e7ar Melhorias Cotidianas","potentialAction":[{"@type":"SearchAction","target":{"@type":"EntryPoint","urlTemplate":"https:\/\/www.vagadeempregorj.com.br\/?s={search_term_string}"},"query-input":{"@type":"PropertyValueSpecification","valueRequired":true,"valueName":"search_term_string"}}],"inLanguage":"fr-FR"},{"@type":"Person","@id":"https:\/\/www.vagadeempregorj.com.br\/#\/schema\/person\/3ddb19fa0539706786e502152f3aae95","name":"Michele","image":{"@type":"ImageObject","inLanguage":"fr-FR","@id":"https:\/\/secure.gravatar.com\/avatar\/6b0eb9d22841282815e2cd856a0061c45e1761cd54b22e952d98c4746939aa85?s=96&r=g","url":"https:\/\/secure.gravatar.com\/avatar\/6b0eb9d22841282815e2cd856a0061c45e1761cd54b22e952d98c4746939aa85?s=96&r=g","contentUrl":"https:\/\/secure.gravatar.com\/avatar\/6b0eb9d22841282815e2cd856a0061c45e1761cd54b22e952d98c4746939aa85?s=96&r=g","caption":"Michele"},"description":"Formada em Letras - Portugu\u00eas\/ Ingl\u00eas, e idealizadora do site Escritora de Sucesso, busca expandir o conhecimento de todos com informa\u00e7\u00f5es relevantes sobre diversos assuntos, enquanto redatora. No Vaga de Emprego RJ, traz oportunidades e dicas sobre o mercado de trabalho.","url":"https:\/\/www.vagadeempregorj.com.br\/fr\/author\/michele\/"}]}},"_links":{"self":[{"href":"https:\/\/www.vagadeempregorj.com.br\/fr\/wp-json\/wp\/v2\/posts\/36399","targetHints":{"allow":["GET"]}}],"collection":[{"href":"https:\/\/www.vagadeempregorj.com.br\/fr\/wp-json\/wp\/v2\/posts"}],"about":[{"href":"https:\/\/www.vagadeempregorj.com.br\/fr\/wp-json\/wp\/v2\/types\/post"}],"author":[{"embeddable":true,"href":"https:\/\/www.vagadeempregorj.com.br\/fr\/wp-json\/wp\/v2\/users\/16"}],"replies":[{"embeddable":true,"href":"https:\/\/www.vagadeempregorj.com.br\/fr\/wp-json\/wp\/v2\/comments?post=36399"}],"version-history":[{"count":0,"href":"https:\/\/www.vagadeempregorj.com.br\/fr\/wp-json\/wp\/v2\/posts\/36399\/revisions"}],"wp:featuredmedia":[{"embeddable":true,"href":"https:\/\/www.vagadeempregorj.com.br\/fr\/wp-json\/wp\/v2\/media\/36409"}],"wp:attachment":[{"href":"https:\/\/www.vagadeempregorj.com.br\/fr\/wp-json\/wp\/v2\/media?parent=36399"}],"wp:term":[{"taxonomy":"category","embeddable":true,"href":"https:\/\/www.vagadeempregorj.com.br\/fr\/wp-json\/wp\/v2\/categories?post=36399"},{"taxonomy":"post_tag","embeddable":true,"href":"https:\/\/www.vagadeempregorj.com.br\/fr\/wp-json\/wp\/v2\/tags?post=36399"}],"curies":[{"name":"wp","href":"https:\/\/api.w.org\/{rel}","templated":true}]}}