{"id":36511,"date":"2023-11-01T00:03:00","date_gmt":"2023-11-01T03:03:00","guid":{"rendered":"https:\/\/www.vagadeempregorj.com.br\/?p=36511"},"modified":"2023-10-31T09:30:08","modified_gmt":"2023-10-31T12:30:08","slug":"empregos-lojas-mm","status":"publish","type":"post","link":"https:\/\/www.vagadeempregorj.com.br\/fr\/empregos-lojas-mm\/","title":{"rendered":"Assistentes de Lojas, Promotores de Servi\u00e7os, Gerentes, Vendedores e muito mais na Empresa Lojas MM"},"content":{"rendered":"<p>Atualizado em<\/p>\n\n\n<div class=\"wp-block-post-date\"><time datetime=\"2023-11-01T00:03:00-03:00\">01\/11\/2023<\/time><\/div>\n\n\n<p>Os<strong> Empregos Lojas MM<\/strong> est\u00e3o buscando profissionais que gostem de trabalhar com o p\u00fablico, sejam comunicativos, tenham energia e atendam aos crit\u00e9rios da fun\u00e7\u00e3o escolhida. A companhia valoriza a honestidade, o respeito e a dedica\u00e7\u00e3o entre todos os seus funcion\u00e1rios. Continue lendo e obtenha mais detalhes sobre como se cadastrar.&nbsp;<\/p>\n\n\n\n<figure class=\"wp-block-image size-full\"><img loading=\"lazy\" decoding=\"async\" width=\"500\" height=\"400\" src=\"https:\/\/www.vagadeempregorj.com.br\/wp-content\/uploads\/2022\/12\/empregos-lojas-MM.jpg\" alt=\"empregos lojas MM\" class=\"wp-image-36517\" srcset=\"https:\/\/www.vagadeempregorj.com.br\/wp-content\/uploads\/2022\/12\/empregos-lojas-MM.jpg 500w, https:\/\/www.vagadeempregorj.com.br\/wp-content\/uploads\/2022\/12\/empregos-lojas-MM-300x240.jpg 300w, https:\/\/www.vagadeempregorj.com.br\/wp-content\/uploads\/2022\/12\/empregos-lojas-MM-150x120.jpg 150w\" sizes=\"auto, (max-width: 500px) 100vw, 500px\" \/><figcaption class=\"wp-element-caption\">Imagem: Lojas MM &#8211; Reprodu\u00e7\u00e3o<\/figcaption><\/figure>\n\n\n\n<h2 class=\"wp-block-heading\">Confira as oportunidades de empregos Lojas MM&nbsp;<\/h2>\n\n\n\n<p>As oportunidades dispon\u00edveis nas Lojas MM variam de cargos efetivos, tempor\u00e1rios, jovem aprendiz e vagas para estagi\u00e1rios em diversos setores operacionais. Para se candidatar o interessado dever\u00e1 pesquisar todos os requisitos m\u00ednimos da fun\u00e7\u00e3o pretendida, al\u00e9m de morar em regi\u00f5es pr\u00f3ximas \u00e0s unidades de contrata\u00e7\u00e3o. Confira algumas oportunidades abertas para serem preenchidas:<\/p>\n\n\n\n<ul class=\"wp-block-list\">\n<li>Assistentes de Lojas;<\/li>\n\n\n\n<li>Assistentes de Cobran\u00e7as;<\/li>\n\n\n\n<li>Promotores de Servi\u00e7os;<\/li>\n\n\n\n<li>Gerentes para Lojas;<\/li>\n\n\n\n<li>Full Stack Developer n\u00edvel Pleno;<\/li>\n\n\n\n<li>Auxiliares setor Administrativo;<\/li>\n\n\n\n<li>Auditores Externos;<\/li>\n\n\n\n<li>Vendedores;<\/li>\n\n\n\n<li>Promotores de Servi\u00e7os;<\/li>\n\n\n\n<li>Vendedores setor de Tecnologia.&nbsp;<\/li>\n<\/ul>\n\n\n\n<p>Antes de enviar sua inscri\u00e7\u00e3o, \u00e9 aconselh\u00e1vel que voc\u00ea escolha uma posi\u00e7\u00e3o que melhor corresponda \u00e0s suas habilidades profissionais e esteja perto de onde voc\u00ea mora para aumentar suas chances de ser contratado. As posi\u00e7\u00f5es variam dependendo da regi\u00e3o.<\/p>\n\n\n\n<p>Como eles acreditam que isso melhora a qualidade e a efic\u00e1cia de seus produtos e opera\u00e7\u00f5es comerciais, a Lojas MM procura indiv\u00edduos comprometidos em realizar seu melhor trabalho.<\/p>\n\n\n\n<h3 class=\"wp-block-heading\">Como se candidatar&nbsp;<\/h3>\n\n\n\n<p>O link a seguir pode ser usado para preencher uma inscri\u00e7\u00e3o dentro dos espa\u00e7os dispon\u00edveis e est\u00e1 aberto para visualizar todas as posi\u00e7\u00f5es abertas, bem como informa\u00e7\u00f5es detalhadas sobre a posi\u00e7\u00e3o escolhida.&nbsp;<\/p>\n\n\n\n<ul class=\"wp-block-list\">\n<li><a href=\"https:\/\/platform.senior.com.br\/hcmrs\/hcm\/curriculo\/?tenant=lojasmmcombr&tenantdomain=lojasmm.com.br#!\/vacancies\/list\">Oportunidades Lojas MM.<\/a><\/li>\n<\/ul>\n\n\n\n<p>Use o mesmo site para visualizar todas as outras posi\u00e7\u00f5es abertas, os requisitos para cada posi\u00e7\u00e3o e as regi\u00f5es onde a empresa est\u00e1 contratando. Este site estar\u00e1 acess\u00edvel para novas consultas por um per\u00edodo de tempo n\u00e3o especificado.<\/p>\n\n\n\n<p><strong>Veja tamb\u00e9m: <a href=\"https:\/\/www.vagadeempregorj.com.br\/fr\/empregos-semantix\/\">Analistas, Administradores, Programadores e mais na Empresa Semantix<\/a><\/strong><\/p>\n\n\n\n<h2 class=\"wp-block-heading\">Sobre a empresa Lojas MM&nbsp;<\/h2>\n\n\n\n<p>Fundada em 1978, a Lojas MM ainda \u00e9 conhecida por oferecer uma vantagem significativa sobre a concorr\u00eancia, vendendo para aqueles sem cr\u00e9dito. Mais de quatro d\u00e9cadas depois, Jeroslau Pauliki, fundador e presidente do grupo, lembra que a primeira loja foi fundada especificamente para atender clientes de baixa renda que n\u00e3o podiam fazer compras em grandes lojas de departamento.<\/p>\n\n\n\n<p>Como a excel\u00eancia no desenvolvimento humano sempre foi e continua sendo sua principal prioridade, a hist\u00f3ria de sucesso da Lojas MM foi reconhecida e homenageada in\u00fameras vezes por v\u00e1rias institui\u00e7\u00f5es. As conquistas da Lojas MM incluem se tornar uma das principais redes comerciais do pa\u00eds e, mais importante, classificar-se entre as melhores empresas para as quais trabalhar no pa\u00eds.&nbsp;<\/p>\n\n\n\n<p>Essas realiza\u00e7\u00f5es foram poss\u00edveis pelas qualidades \u00fanicas da rede, o que permitiu que a empresa existisse onde existe hoje. Apesar de sua hist\u00f3ria familiar, a Lojas MM tem um n\u00edvel muito alto de gest\u00e3o, colocando a governan\u00e7a corporativa em pr\u00e1tica. Isso garantiu sua melhoria constante ao longo dos anos. Seus clientes e colaboradores s\u00e3o a prioridade da companhia.&nbsp;<\/p>","protected":false},"excerpt":{"rendered":"<p>Atualizado em Os Empregos Lojas MM est\u00e3o buscando profissionais que gostem de trabalhar com o p\u00fablico, sejam comunicativos, tenham energia e atendam aos crit\u00e9rios da fun\u00e7\u00e3o escolhida. A companhia valoriza a honestidade, o respeito e a dedica\u00e7\u00e3o entre todos os seus funcion\u00e1rios. Continue lendo e obtenha mais detalhes sobre como se cadastrar.&nbsp; Confira as oportunidades&hellip;&nbsp;<\/p>","protected":false},"author":16,"featured_media":36517,"comment_status":"closed","ping_status":"closed","sticky":false,"template":"","format":"standard","meta":{"neve_meta_sidebar":"","neve_meta_container":"","neve_meta_enable_content_width":"","neve_meta_content_width":0,"neve_meta_title_alignment":"","neve_meta_author_avatar":"","neve_post_elements_order":"","neve_meta_disable_header":"","neve_meta_disable_footer":"","neve_meta_disable_title":"","footnotes":""},"categories":[123],"tags":[724,608,211],"class_list":["post-36511","post","type-post","status-publish","format-standard","has-post-thumbnail","hentry","category-vagas-de-emprego-nacionais","tag-lojas-mm","tag-oportunidades","tag-vagas-de-emprego"],"yoast_head":"<!-- This site is optimized with the Yoast SEO plugin v27.5 - https:\/\/yoast.com\/product\/yoast-seo-wordpress\/ -->\n<title>Assistentes de Lojas, Promotores de Servi\u00e7os, Gerentes, Vendedores e muito mais na Empresa Lojas MM -<\/title>\n<meta name=\"description\" content=\"Veja em Vagas de Emprego RJ as vagas de emprego com e sem experi\u00eancia no seu Estado e Regi\u00e3o!\" \/>\n<meta name=\"robots\" content=\"index, follow, max-snippet:-1, max-image-preview:large, max-video-preview:-1\" \/>\n<link rel=\"canonical\" href=\"https:\/\/www.vagadeempregorj.com.br\/fr\/empregos-lojas-mm\/\" \/>\n<meta property=\"og:locale\" content=\"fr_FR\" \/>\n<meta property=\"og:type\" content=\"article\" \/>\n<meta property=\"og:title\" content=\"Assistentes de Lojas, Promotores de Servi\u00e7os, Gerentes, Vendedores e muito mais na Empresa Lojas MM -\" \/>\n<meta property=\"og:description\" content=\"Veja em Vagas de Emprego RJ as vagas de emprego com e sem experi\u00eancia no seu Estado e Regi\u00e3o!\" \/>\n<meta property=\"og:url\" content=\"https:\/\/www.vagadeempregorj.com.br\/fr\/empregos-lojas-mm\/\" \/>\n<meta property=\"article:publisher\" content=\"https:\/\/www.facebook.com\/empregobrasiloficial\" \/>\n<meta property=\"article:published_time\" content=\"2023-11-01T03:03:00+00:00\" \/>\n<meta property=\"og:image\" content=\"https:\/\/www.vagadeempregorj.com.br\/wp-content\/uploads\/2022\/12\/empregos-lojas-MM.jpg\" \/>\n\t<meta property=\"og:image:width\" content=\"500\" \/>\n\t<meta property=\"og:image:height\" content=\"400\" \/>\n\t<meta property=\"og:image:type\" content=\"image\/jpeg\" \/>\n<meta name=\"author\" content=\"Michele\" \/>\n<meta name=\"twitter:card\" content=\"summary_large_image\" \/>\n<meta name=\"twitter:label1\" content=\"Written by\" \/>\n\t<meta name=\"twitter:data1\" content=\"Michele\" \/>\n\t<meta name=\"twitter:label2\" content=\"Est. reading time\" \/>\n\t<meta name=\"twitter:data2\" content=\"3 minutes\" \/>\n<script type=\"application\/ld+json\" class=\"yoast-schema-graph\">{\"@context\":\"https:\\\/\\\/schema.org\",\"@graph\":[{\"@type\":\"Article\",\"@id\":\"https:\\\/\\\/www.vagadeempregorj.com.br\\\/empregos-lojas-mm\\\/#article\",\"isPartOf\":{\"@id\":\"https:\\\/\\\/www.vagadeempregorj.com.br\\\/empregos-lojas-mm\\\/\"},\"author\":{\"name\":\"Michele\",\"@id\":\"https:\\\/\\\/www.vagadeempregorj.com.br\\\/#\\\/schema\\\/person\\\/3ddb19fa0539706786e502152f3aae95\"},\"headline\":\"Assistentes de Lojas, Promotores de Servi\u00e7os, Gerentes, Vendedores e muito mais na Empresa Lojas MM\",\"datePublished\":\"2023-11-01T03:03:00+00:00\",\"mainEntityOfPage\":{\"@id\":\"https:\\\/\\\/www.vagadeempregorj.com.br\\\/empregos-lojas-mm\\\/\"},\"wordCount\":560,\"image\":{\"@id\":\"https:\\\/\\\/www.vagadeempregorj.com.br\\\/empregos-lojas-mm\\\/#primaryimage\"},\"thumbnailUrl\":\"https:\\\/\\\/www.vagadeempregorj.com.br\\\/wp-content\\\/uploads\\\/2022\\\/12\\\/empregos-lojas-MM.jpg\",\"keywords\":[\"Lojas MM\",\"oportunidades\",\"vagas de emprego\"],\"articleSection\":[\"Vagas de Emprego Nacionais\"],\"inLanguage\":\"fr-FR\"},{\"@type\":\"WebPage\",\"@id\":\"https:\\\/\\\/www.vagadeempregorj.com.br\\\/empregos-lojas-mm\\\/\",\"url\":\"https:\\\/\\\/www.vagadeempregorj.com.br\\\/empregos-lojas-mm\\\/\",\"name\":\"Assistentes de Lojas, Promotores de Servi\u00e7os, Gerentes, Vendedores e muito mais na Empresa Lojas MM -\",\"isPartOf\":{\"@id\":\"https:\\\/\\\/www.vagadeempregorj.com.br\\\/#website\"},\"primaryImageOfPage\":{\"@id\":\"https:\\\/\\\/www.vagadeempregorj.com.br\\\/empregos-lojas-mm\\\/#primaryimage\"},\"image\":{\"@id\":\"https:\\\/\\\/www.vagadeempregorj.com.br\\\/empregos-lojas-mm\\\/#primaryimage\"},\"thumbnailUrl\":\"https:\\\/\\\/www.vagadeempregorj.com.br\\\/wp-content\\\/uploads\\\/2022\\\/12\\\/empregos-lojas-MM.jpg\",\"datePublished\":\"2023-11-01T03:03:00+00:00\",\"author\":{\"@id\":\"https:\\\/\\\/www.vagadeempregorj.com.br\\\/#\\\/schema\\\/person\\\/3ddb19fa0539706786e502152f3aae95\"},\"description\":\"Veja em Vagas de Emprego RJ as vagas de emprego com e sem experi\u00eancia no seu Estado e Regi\u00e3o!\",\"breadcrumb\":{\"@id\":\"https:\\\/\\\/www.vagadeempregorj.com.br\\\/empregos-lojas-mm\\\/#breadcrumb\"},\"inLanguage\":\"fr-FR\",\"potentialAction\":[{\"@type\":\"ReadAction\",\"target\":[\"https:\\\/\\\/www.vagadeempregorj.com.br\\\/empregos-lojas-mm\\\/\"]}]},{\"@type\":\"ImageObject\",\"inLanguage\":\"fr-FR\",\"@id\":\"https:\\\/\\\/www.vagadeempregorj.com.br\\\/empregos-lojas-mm\\\/#primaryimage\",\"url\":\"https:\\\/\\\/www.vagadeempregorj.com.br\\\/wp-content\\\/uploads\\\/2022\\\/12\\\/empregos-lojas-MM.jpg\",\"contentUrl\":\"https:\\\/\\\/www.vagadeempregorj.com.br\\\/wp-content\\\/uploads\\\/2022\\\/12\\\/empregos-lojas-MM.jpg\",\"width\":500,\"height\":400,\"caption\":\"Imagem: Lojas MM - Reprodu\u00e7\u00e3o\"},{\"@type\":\"BreadcrumbList\",\"@id\":\"https:\\\/\\\/www.vagadeempregorj.com.br\\\/empregos-lojas-mm\\\/#breadcrumb\",\"itemListElement\":[{\"@type\":\"ListItem\",\"position\":1,\"name\":\"In\u00edcio\",\"item\":\"https:\\\/\\\/www.vagadeempregorj.com.br\\\/\"},{\"@type\":\"ListItem\",\"position\":2,\"name\":\"Vagas de Emprego Nacionais\",\"item\":\"https:\\\/\\\/www.vagadeempregorj.com.br\\\/vagas-de-emprego-nacionais\\\/\"},{\"@type\":\"ListItem\",\"position\":3,\"name\":\"Assistentes de Lojas, Promotores de Servi\u00e7os, Gerentes, Vendedores e muito mais na Empresa Lojas MM\"}]},{\"@type\":\"WebSite\",\"@id\":\"https:\\\/\\\/www.vagadeempregorj.com.br\\\/#website\",\"url\":\"https:\\\/\\\/www.vagadeempregorj.com.br\\\/\",\"name\":\"\",\"description\":\"Conquiste Sonhos: Vagas, Benef\u00edcios e Economia para Transformar Vidas e Alcan\u00e7ar Melhorias Cotidianas\",\"potentialAction\":[{\"@type\":\"SearchAction\",\"target\":{\"@type\":\"EntryPoint\",\"urlTemplate\":\"https:\\\/\\\/www.vagadeempregorj.com.br\\\/?s={search_term_string}\"},\"query-input\":{\"@type\":\"PropertyValueSpecification\",\"valueRequired\":true,\"valueName\":\"search_term_string\"}}],\"inLanguage\":\"fr-FR\"},{\"@type\":\"Person\",\"@id\":\"https:\\\/\\\/www.vagadeempregorj.com.br\\\/#\\\/schema\\\/person\\\/3ddb19fa0539706786e502152f3aae95\",\"name\":\"Michele\",\"image\":{\"@type\":\"ImageObject\",\"inLanguage\":\"fr-FR\",\"@id\":\"https:\\\/\\\/secure.gravatar.com\\\/avatar\\\/6b0eb9d22841282815e2cd856a0061c45e1761cd54b22e952d98c4746939aa85?s=96&r=g\",\"url\":\"https:\\\/\\\/secure.gravatar.com\\\/avatar\\\/6b0eb9d22841282815e2cd856a0061c45e1761cd54b22e952d98c4746939aa85?s=96&r=g\",\"contentUrl\":\"https:\\\/\\\/secure.gravatar.com\\\/avatar\\\/6b0eb9d22841282815e2cd856a0061c45e1761cd54b22e952d98c4746939aa85?s=96&r=g\",\"caption\":\"Michele\"},\"description\":\"Formada em Letras - Portugu\u00eas\\\/ Ingl\u00eas, e idealizadora do site Escritora de Sucesso, busca expandir o conhecimento de todos com informa\u00e7\u00f5es relevantes sobre diversos assuntos, enquanto redatora. No Vaga de Emprego RJ, traz oportunidades e dicas sobre o mercado de trabalho.\",\"url\":\"https:\\\/\\\/www.vagadeempregorj.com.br\\\/fr\\\/author\\\/michele\\\/\"}]}<\/script>\n<!-- \/ Yoast SEO plugin. -->","yoast_head_json":{"title":"Assistentes de Lojas, Promotores de Servi\u00e7os, Gerentes, Vendedores e muito mais na Empresa Lojas MM -","description":"Veja em Vagas de Emprego RJ as vagas de emprego com e sem experi\u00eancia no seu Estado e Regi\u00e3o!","robots":{"index":"index","follow":"follow","max-snippet":"max-snippet:-1","max-image-preview":"max-image-preview:large","max-video-preview":"max-video-preview:-1"},"canonical":"https:\/\/www.vagadeempregorj.com.br\/fr\/empregos-lojas-mm\/","og_locale":"fr_FR","og_type":"article","og_title":"Assistentes de Lojas, Promotores de Servi\u00e7os, Gerentes, Vendedores e muito mais na Empresa Lojas MM -","og_description":"Veja em Vagas de Emprego RJ as vagas de emprego com e sem experi\u00eancia no seu Estado e Regi\u00e3o!","og_url":"https:\/\/www.vagadeempregorj.com.br\/fr\/empregos-lojas-mm\/","article_publisher":"https:\/\/www.facebook.com\/empregobrasiloficial","article_published_time":"2023-11-01T03:03:00+00:00","og_image":[{"width":500,"height":400,"url":"https:\/\/www.vagadeempregorj.com.br\/wp-content\/uploads\/2022\/12\/empregos-lojas-MM.jpg","type":"image\/jpeg"}],"author":"Michele","twitter_card":"summary_large_image","twitter_misc":{"Written by":"Michele","Est. reading time":"3 minutes"},"schema":{"@context":"https:\/\/schema.org","@graph":[{"@type":"Article","@id":"https:\/\/www.vagadeempregorj.com.br\/empregos-lojas-mm\/#article","isPartOf":{"@id":"https:\/\/www.vagadeempregorj.com.br\/empregos-lojas-mm\/"},"author":{"name":"Michele","@id":"https:\/\/www.vagadeempregorj.com.br\/#\/schema\/person\/3ddb19fa0539706786e502152f3aae95"},"headline":"Assistentes de Lojas, Promotores de Servi\u00e7os, Gerentes, Vendedores e muito mais na Empresa Lojas MM","datePublished":"2023-11-01T03:03:00+00:00","mainEntityOfPage":{"@id":"https:\/\/www.vagadeempregorj.com.br\/empregos-lojas-mm\/"},"wordCount":560,"image":{"@id":"https:\/\/www.vagadeempregorj.com.br\/empregos-lojas-mm\/#primaryimage"},"thumbnailUrl":"https:\/\/www.vagadeempregorj.com.br\/wp-content\/uploads\/2022\/12\/empregos-lojas-MM.jpg","keywords":["Lojas MM","oportunidades","vagas de emprego"],"articleSection":["Vagas de Emprego Nacionais"],"inLanguage":"fr-FR"},{"@type":"WebPage","@id":"https:\/\/www.vagadeempregorj.com.br\/empregos-lojas-mm\/","url":"https:\/\/www.vagadeempregorj.com.br\/empregos-lojas-mm\/","name":"Assistentes de Lojas, Promotores de Servi\u00e7os, Gerentes, Vendedores e muito mais na Empresa Lojas MM -","isPartOf":{"@id":"https:\/\/www.vagadeempregorj.com.br\/#website"},"primaryImageOfPage":{"@id":"https:\/\/www.vagadeempregorj.com.br\/empregos-lojas-mm\/#primaryimage"},"image":{"@id":"https:\/\/www.vagadeempregorj.com.br\/empregos-lojas-mm\/#primaryimage"},"thumbnailUrl":"https:\/\/www.vagadeempregorj.com.br\/wp-content\/uploads\/2022\/12\/empregos-lojas-MM.jpg","datePublished":"2023-11-01T03:03:00+00:00","author":{"@id":"https:\/\/www.vagadeempregorj.com.br\/#\/schema\/person\/3ddb19fa0539706786e502152f3aae95"},"description":"Veja em Vagas de Emprego RJ as vagas de emprego com e sem experi\u00eancia no seu Estado e Regi\u00e3o!","breadcrumb":{"@id":"https:\/\/www.vagadeempregorj.com.br\/empregos-lojas-mm\/#breadcrumb"},"inLanguage":"fr-FR","potentialAction":[{"@type":"ReadAction","target":["https:\/\/www.vagadeempregorj.com.br\/empregos-lojas-mm\/"]}]},{"@type":"ImageObject","inLanguage":"fr-FR","@id":"https:\/\/www.vagadeempregorj.com.br\/empregos-lojas-mm\/#primaryimage","url":"https:\/\/www.vagadeempregorj.com.br\/wp-content\/uploads\/2022\/12\/empregos-lojas-MM.jpg","contentUrl":"https:\/\/www.vagadeempregorj.com.br\/wp-content\/uploads\/2022\/12\/empregos-lojas-MM.jpg","width":500,"height":400,"caption":"Imagem: Lojas MM - Reprodu\u00e7\u00e3o"},{"@type":"BreadcrumbList","@id":"https:\/\/www.vagadeempregorj.com.br\/empregos-lojas-mm\/#breadcrumb","itemListElement":[{"@type":"ListItem","position":1,"name":"In\u00edcio","item":"https:\/\/www.vagadeempregorj.com.br\/"},{"@type":"ListItem","position":2,"name":"Vagas de Emprego Nacionais","item":"https:\/\/www.vagadeempregorj.com.br\/vagas-de-emprego-nacionais\/"},{"@type":"ListItem","position":3,"name":"Assistentes de Lojas, Promotores de Servi\u00e7os, Gerentes, Vendedores e muito mais na Empresa Lojas MM"}]},{"@type":"WebSite","@id":"https:\/\/www.vagadeempregorj.com.br\/#website","url":"https:\/\/www.vagadeempregorj.com.br\/","name":"","description":"Conquiste Sonhos: Vagas, Benef\u00edcios e Economia para Transformar Vidas e Alcan\u00e7ar Melhorias Cotidianas","potentialAction":[{"@type":"SearchAction","target":{"@type":"EntryPoint","urlTemplate":"https:\/\/www.vagadeempregorj.com.br\/?s={search_term_string}"},"query-input":{"@type":"PropertyValueSpecification","valueRequired":true,"valueName":"search_term_string"}}],"inLanguage":"fr-FR"},{"@type":"Person","@id":"https:\/\/www.vagadeempregorj.com.br\/#\/schema\/person\/3ddb19fa0539706786e502152f3aae95","name":"Michele","image":{"@type":"ImageObject","inLanguage":"fr-FR","@id":"https:\/\/secure.gravatar.com\/avatar\/6b0eb9d22841282815e2cd856a0061c45e1761cd54b22e952d98c4746939aa85?s=96&r=g","url":"https:\/\/secure.gravatar.com\/avatar\/6b0eb9d22841282815e2cd856a0061c45e1761cd54b22e952d98c4746939aa85?s=96&r=g","contentUrl":"https:\/\/secure.gravatar.com\/avatar\/6b0eb9d22841282815e2cd856a0061c45e1761cd54b22e952d98c4746939aa85?s=96&r=g","caption":"Michele"},"description":"Formada em Letras - Portugu\u00eas\/ Ingl\u00eas, e idealizadora do site Escritora de Sucesso, busca expandir o conhecimento de todos com informa\u00e7\u00f5es relevantes sobre diversos assuntos, enquanto redatora. No Vaga de Emprego RJ, traz oportunidades e dicas sobre o mercado de trabalho.","url":"https:\/\/www.vagadeempregorj.com.br\/fr\/author\/michele\/"}]}},"_links":{"self":[{"href":"https:\/\/www.vagadeempregorj.com.br\/fr\/wp-json\/wp\/v2\/posts\/36511","targetHints":{"allow":["GET"]}}],"collection":[{"href":"https:\/\/www.vagadeempregorj.com.br\/fr\/wp-json\/wp\/v2\/posts"}],"about":[{"href":"https:\/\/www.vagadeempregorj.com.br\/fr\/wp-json\/wp\/v2\/types\/post"}],"author":[{"embeddable":true,"href":"https:\/\/www.vagadeempregorj.com.br\/fr\/wp-json\/wp\/v2\/users\/16"}],"replies":[{"embeddable":true,"href":"https:\/\/www.vagadeempregorj.com.br\/fr\/wp-json\/wp\/v2\/comments?post=36511"}],"version-history":[{"count":0,"href":"https:\/\/www.vagadeempregorj.com.br\/fr\/wp-json\/wp\/v2\/posts\/36511\/revisions"}],"wp:featuredmedia":[{"embeddable":true,"href":"https:\/\/www.vagadeempregorj.com.br\/fr\/wp-json\/wp\/v2\/media\/36517"}],"wp:attachment":[{"href":"https:\/\/www.vagadeempregorj.com.br\/fr\/wp-json\/wp\/v2\/media?parent=36511"}],"wp:term":[{"taxonomy":"category","embeddable":true,"href":"https:\/\/www.vagadeempregorj.com.br\/fr\/wp-json\/wp\/v2\/categories?post=36511"},{"taxonomy":"post_tag","embeddable":true,"href":"https:\/\/www.vagadeempregorj.com.br\/fr\/wp-json\/wp\/v2\/tags?post=36511"}],"curies":[{"name":"wp","href":"https:\/\/api.w.org\/{rel}","templated":true}]}}