{"id":36515,"date":"2023-11-01T00:01:00","date_gmt":"2023-11-01T03:01:00","guid":{"rendered":"https:\/\/www.vagadeempregorj.com.br\/?p=36515"},"modified":"2023-10-31T09:29:53","modified_gmt":"2023-10-31T12:29:53","slug":"empregos-jequiti","status":"publish","type":"post","link":"https:\/\/www.vagadeempregorj.com.br\/fr\/empregos-jequiti\/","title":{"rendered":"Jovem Aprendiz, Gestor Comercial, Gerente de Vendas, Analistas e mais na Empresa Jequiti"},"content":{"rendered":"<p>Atualizado em<\/p>\n\n\n<div class=\"wp-block-post-date\"><time datetime=\"2023-11-01T00:01:00-03:00\">01\/11\/2023<\/time><\/div>\n\n\n<p>Os <strong>Empregos Jequiti <\/strong>possuem v\u00e1rios benef\u00edcios, uma vez que \u00e9 de uma \u00e9 uma marca completa que oferece a mais diversificada cole\u00e7\u00e3o de produtos cosm\u00e9ticos e de beleza para acompanhar o cliente em todos os momentos. Pensando nisso, idealizaram a mini cole\u00e7\u00e3o e essas pequenas fragr\u00e2ncias de 25ml se tornaram nossos produtos carro-chefe. S\u00e3o \u00f3timos para experimentar diferentes aromas, escolher o seu preferido e levar com voc\u00ea!<\/p>\n\n\n\n<figure class=\"wp-block-image size-full is-resized\"><img loading=\"lazy\" decoding=\"async\" width=\"270\" height=\"270\" src=\"https:\/\/www.vagadeempregorj.com.br\/wp-content\/uploads\/2022\/12\/empregos-jequiti.jpg\" alt=\"empregos jequiti\" class=\"wp-image-36519\" style=\"width:380px;height:380px\" srcset=\"https:\/\/www.vagadeempregorj.com.br\/wp-content\/uploads\/2022\/12\/empregos-jequiti.jpg 270w, https:\/\/www.vagadeempregorj.com.br\/wp-content\/uploads\/2022\/12\/empregos-jequiti-150x150.jpg 150w, https:\/\/www.vagadeempregorj.com.br\/wp-content\/uploads\/2022\/12\/empregos-jequiti-96x96.jpg 96w\" sizes=\"auto, (max-width: 270px) 100vw, 270px\" \/><figcaption class=\"wp-element-caption\">Imagem: Jequiti &#8211; Reprodu\u00e7\u00e3o<\/figcaption><\/figure>\n\n\n\n<h2 class=\"wp-block-heading\">Veja quais s\u00e3o os Empregos Jequiti dispon\u00edveis<\/h2>\n\n\n\n<p>H\u00e1 oportunidades para Jovem Aprendiz que tenham de 14 a 24 anos. As vagas s\u00e3o para as cidades de S\u00e3o Paulo e regi\u00e3o, Florian\u00f3polis, Salvador, Bel\u00e9m, Bras\u00edlia, Recife, Rio de Janeiro, entre outras.<\/p>\n\n\n\n<p>\u00c9 oferecido diversos benef\u00edcios como plano de carreira, aux\u00edlio combust\u00edvel, vale alimenta\u00e7\u00e3o, assist\u00eancia m\u00e9dica, vale refei\u00e7\u00e3o, assist\u00eancia odontol\u00f3gica, aux\u00edlio funeral, aux\u00edlio creche, seguro de vida, convenio farm\u00e1cia, produtos da marca, empr\u00e9stimo consignado, previd\u00eancia privada, Gympass, entre outros dependendo do cargo. Conhe\u00e7a abaixo todos os cargos ofertados e descubra em seguida como se inscrever:<\/p>\n\n\n\n<ul class=\"wp-block-list\">\n<li>Anl. de Cobran\u00e7a Pl;<\/li>\n\n\n\n<li>Gestor Comercial;<\/li>\n\n\n\n<li>Anl. de Desenvolvimento de Embalagem Pl;<\/li>\n\n\n\n<li>Jovem Aprendiz;<\/li>\n\n\n\n<li>Anl. de Marketing Digital Pl;<\/li>\n\n\n\n<li>Gerente de Vendas;<\/li>\n\n\n\n<li>Anl. de Marketing Junior;<\/li>\n\n\n\n<li>Anl. de Viabilidade Financeira Pl;<\/li>\n\n\n\n<li>Anl. de Marketplace Pl;<\/li>\n\n\n\n<li>Anl. de Suporte Jr;<\/li>\n\n\n\n<li>Anl. de Planejamento e Controle Log\u00edstico Pl;<\/li>\n\n\n\n<li>Anl. de Sistemas Sr;<\/li>\n\n\n\n<li>Anl. de Produtos Jr;<\/li>\n\n\n\n<li>Anl. de Remunera\u00e7\u00e3o.<\/li>\n<\/ul>\n\n\n\n<h3 class=\"wp-block-heading\">Como se candidatar<\/h3>\n\n\n\n<p>Para se inscrever em qualquer uma das vagas mencionadas, \u00e9 necess\u00e1rio participar do processo de sele\u00e7\u00e3o que \u00e9 feito pelo link abaixo:<\/p>\n\n\n\n<ul class=\"wp-block-list\">\n<li><a href=\"https:\/\/jequiti.gupy.io\/\">Vagas Jequiti<\/a>.<\/li>\n<\/ul>\n\n\n\n<p>Ap\u00f3s acessar o site, crie um breve cadastro na plataforma e candidata-se no cargo desejado se o seu perfil for o ideal.<\/p>\n\n\n\n<p><strong>Veja tamb\u00e9m: <a href=\"https:\/\/www.vagadeempregorj.com.br\/fr\/empregos-semantix\/\">Analistas, Administradores, Programadores e mais na Empresa Semantix<\/a><\/strong><\/p>\n\n\n\n<h2 class=\"wp-block-heading\">Sobre a Jequiti<\/h2>\n\n\n\n<p>\u00c9 uma empresa fundada pelo famoso e carism\u00e1tico empres\u00e1rio e apresentador Silvio Santos. \u00c9 dele que vem o nosso fasc\u00ednio, a vontade de assumir e fazer acontecer. As suas identidades s\u00e3o baseadas em cosm\u00e9ticos, entretenimento e prop\u00f3sitos de proporcionar oportunidades de neg\u00f3cios e incentivar o empreendedorismo. O seu portf\u00f3lio de produtos abrange todas as categorias: cole\u00e7\u00f5es infantis, fragr\u00e2ncias, cabeleireiro, maquiagem e cuidados di\u00e1rios. Ao longo desses quase 20 anos de hist\u00f3ria, se destacam no mercado brasileiro com uma trajet\u00f3ria de sucesso e busca constante por inova\u00e7\u00e3o.<\/p>\n\n\n\n<p>Al\u00e9m disso, j\u00e1 distribu\u00edram mais de R$ 128 milh\u00f5es em pr\u00eamios em programas de TV exclusivos para consultoras e consumidores. Multicanal, multidisciplinar e constante transforma\u00e7\u00e3o digital \u00e9 o que os define hoje. Com mais de 600 colaboradores, valorizam compet\u00eancias como vis\u00e3o de neg\u00f3cios, aprendizado cont\u00ednuo, trabalho em equipe, comunica\u00e7\u00e3o, resili\u00eancia, foco em resultados e lideran\u00e7a. Oferecem oportunidades em diversas \u00e1reas, incluindo TI, neg\u00f3cios, recursos humanos, comunica\u00e7\u00e3o, produtos, e-commerce, planejamento, finan\u00e7as, opera\u00e7\u00f5es, jur\u00eddico, marketing e log\u00edstica, promovendo um entendimento amplo e integrado de todo o neg\u00f3cio.<\/p>\n\n\n\n<p>Quando trabalhado com bom humor e esp\u00edrito colaborativo, um escrit\u00f3rio cl\u00e1ssico pode se transformar em um ambiente inclusivo, alegre, din\u00e2mico e acolhedor. Por isso, est\u00e3o sempre em busca de talentos que possam ajud\u00e1-los a impactar positivamente o seu neg\u00f3cio e a vida de todos aqueles que escrevem essa hist\u00f3ria com eles. Se est\u00e1 procurando uma empresa para aprender e crescer, este \u00e9 o seu lugar. Al\u00e9m de programas espec\u00edficos, eles possuem oportunidades para todos.<\/p>","protected":false},"excerpt":{"rendered":"<p>Atualizado em Os Empregos Jequiti possuem v\u00e1rios benef\u00edcios, uma vez que \u00e9 de uma \u00e9 uma marca completa que oferece a mais diversificada cole\u00e7\u00e3o de produtos cosm\u00e9ticos e de beleza para acompanhar o cliente em todos os momentos. Pensando nisso, idealizaram a mini cole\u00e7\u00e3o e essas pequenas fragr\u00e2ncias de 25ml se tornaram nossos produtos carro-chefe.&hellip;&nbsp;<\/p>","protected":false},"author":16,"featured_media":36519,"comment_status":"closed","ping_status":"closed","sticky":false,"template":"","format":"standard","meta":{"neve_meta_sidebar":"","neve_meta_container":"","neve_meta_enable_content_width":"","neve_meta_content_width":0,"neve_meta_title_alignment":"","neve_meta_author_avatar":"","neve_post_elements_order":"","neve_meta_disable_header":"","neve_meta_disable_footer":"","neve_meta_disable_title":"","footnotes":""},"categories":[123],"tags":[722,608,211],"class_list":["post-36515","post","type-post","status-publish","format-standard","has-post-thumbnail","hentry","category-vagas-de-emprego-nacionais","tag-jequiti","tag-oportunidades","tag-vagas-de-emprego"],"yoast_head":"<!-- This site is optimized with the Yoast SEO plugin v27.5 - https:\/\/yoast.com\/product\/yoast-seo-wordpress\/ -->\n<title>Jovem Aprendiz, Gestor Comercial, Gerente de Vendas, Analistas e mais na Empresa Jequiti -<\/title>\n<meta name=\"description\" content=\"Veja em Vagas de Emprego RJ as vagas de emprego com e sem experi\u00eancia no seu Estado e Regi\u00e3o!\" \/>\n<meta name=\"robots\" content=\"index, follow, max-snippet:-1, max-image-preview:large, max-video-preview:-1\" \/>\n<link rel=\"canonical\" href=\"https:\/\/www.vagadeempregorj.com.br\/fr\/empregos-jequiti\/\" \/>\n<meta property=\"og:locale\" content=\"fr_FR\" \/>\n<meta property=\"og:type\" content=\"article\" \/>\n<meta property=\"og:title\" content=\"Jovem Aprendiz, Gestor Comercial, Gerente de Vendas, Analistas e mais na Empresa Jequiti -\" \/>\n<meta property=\"og:description\" content=\"Veja em Vagas de Emprego RJ as vagas de emprego com e sem experi\u00eancia no seu Estado e Regi\u00e3o!\" \/>\n<meta property=\"og:url\" content=\"https:\/\/www.vagadeempregorj.com.br\/fr\/empregos-jequiti\/\" \/>\n<meta property=\"article:publisher\" content=\"https:\/\/www.facebook.com\/empregobrasiloficial\" \/>\n<meta property=\"article:published_time\" content=\"2023-11-01T03:01:00+00:00\" \/>\n<meta property=\"og:image\" content=\"https:\/\/www.vagadeempregorj.com.br\/wp-content\/uploads\/2022\/12\/empregos-jequiti.jpg\" \/>\n\t<meta property=\"og:image:width\" content=\"270\" \/>\n\t<meta property=\"og:image:height\" content=\"270\" \/>\n\t<meta property=\"og:image:type\" content=\"image\/jpeg\" \/>\n<meta name=\"author\" content=\"Michele\" \/>\n<meta name=\"twitter:card\" content=\"summary_large_image\" \/>\n<meta name=\"twitter:label1\" content=\"Written by\" \/>\n\t<meta name=\"twitter:data1\" content=\"Michele\" \/>\n\t<meta name=\"twitter:label2\" content=\"Est. reading time\" \/>\n\t<meta name=\"twitter:data2\" content=\"3 minutes\" \/>\n<script type=\"application\/ld+json\" class=\"yoast-schema-graph\">{\"@context\":\"https:\\\/\\\/schema.org\",\"@graph\":[{\"@type\":\"Article\",\"@id\":\"https:\\\/\\\/www.vagadeempregorj.com.br\\\/empregos-jequiti\\\/#article\",\"isPartOf\":{\"@id\":\"https:\\\/\\\/www.vagadeempregorj.com.br\\\/empregos-jequiti\\\/\"},\"author\":{\"name\":\"Michele\",\"@id\":\"https:\\\/\\\/www.vagadeempregorj.com.br\\\/#\\\/schema\\\/person\\\/3ddb19fa0539706786e502152f3aae95\"},\"headline\":\"Jovem Aprendiz, Gestor Comercial, Gerente de Vendas, Analistas e mais na Empresa Jequiti\",\"datePublished\":\"2023-11-01T03:01:00+00:00\",\"mainEntityOfPage\":{\"@id\":\"https:\\\/\\\/www.vagadeempregorj.com.br\\\/empregos-jequiti\\\/\"},\"wordCount\":610,\"image\":{\"@id\":\"https:\\\/\\\/www.vagadeempregorj.com.br\\\/empregos-jequiti\\\/#primaryimage\"},\"thumbnailUrl\":\"https:\\\/\\\/www.vagadeempregorj.com.br\\\/wp-content\\\/uploads\\\/2022\\\/12\\\/empregos-jequiti.jpg\",\"keywords\":[\"Jequiti\",\"oportunidades\",\"vagas de emprego\"],\"articleSection\":[\"Vagas de Emprego Nacionais\"],\"inLanguage\":\"fr-FR\"},{\"@type\":\"WebPage\",\"@id\":\"https:\\\/\\\/www.vagadeempregorj.com.br\\\/empregos-jequiti\\\/\",\"url\":\"https:\\\/\\\/www.vagadeempregorj.com.br\\\/empregos-jequiti\\\/\",\"name\":\"Jovem Aprendiz, Gestor Comercial, Gerente de Vendas, Analistas e mais na Empresa Jequiti -\",\"isPartOf\":{\"@id\":\"https:\\\/\\\/www.vagadeempregorj.com.br\\\/#website\"},\"primaryImageOfPage\":{\"@id\":\"https:\\\/\\\/www.vagadeempregorj.com.br\\\/empregos-jequiti\\\/#primaryimage\"},\"image\":{\"@id\":\"https:\\\/\\\/www.vagadeempregorj.com.br\\\/empregos-jequiti\\\/#primaryimage\"},\"thumbnailUrl\":\"https:\\\/\\\/www.vagadeempregorj.com.br\\\/wp-content\\\/uploads\\\/2022\\\/12\\\/empregos-jequiti.jpg\",\"datePublished\":\"2023-11-01T03:01:00+00:00\",\"author\":{\"@id\":\"https:\\\/\\\/www.vagadeempregorj.com.br\\\/#\\\/schema\\\/person\\\/3ddb19fa0539706786e502152f3aae95\"},\"description\":\"Veja em Vagas de Emprego RJ as vagas de emprego com e sem experi\u00eancia no seu Estado e Regi\u00e3o!\",\"breadcrumb\":{\"@id\":\"https:\\\/\\\/www.vagadeempregorj.com.br\\\/empregos-jequiti\\\/#breadcrumb\"},\"inLanguage\":\"fr-FR\",\"potentialAction\":[{\"@type\":\"ReadAction\",\"target\":[\"https:\\\/\\\/www.vagadeempregorj.com.br\\\/empregos-jequiti\\\/\"]}]},{\"@type\":\"ImageObject\",\"inLanguage\":\"fr-FR\",\"@id\":\"https:\\\/\\\/www.vagadeempregorj.com.br\\\/empregos-jequiti\\\/#primaryimage\",\"url\":\"https:\\\/\\\/www.vagadeempregorj.com.br\\\/wp-content\\\/uploads\\\/2022\\\/12\\\/empregos-jequiti.jpg\",\"contentUrl\":\"https:\\\/\\\/www.vagadeempregorj.com.br\\\/wp-content\\\/uploads\\\/2022\\\/12\\\/empregos-jequiti.jpg\",\"width\":270,\"height\":270,\"caption\":\"Imagem: Jequiti - Reprodu\u00e7\u00e3o\"},{\"@type\":\"BreadcrumbList\",\"@id\":\"https:\\\/\\\/www.vagadeempregorj.com.br\\\/empregos-jequiti\\\/#breadcrumb\",\"itemListElement\":[{\"@type\":\"ListItem\",\"position\":1,\"name\":\"In\u00edcio\",\"item\":\"https:\\\/\\\/www.vagadeempregorj.com.br\\\/\"},{\"@type\":\"ListItem\",\"position\":2,\"name\":\"Vagas de Emprego Nacionais\",\"item\":\"https:\\\/\\\/www.vagadeempregorj.com.br\\\/vagas-de-emprego-nacionais\\\/\"},{\"@type\":\"ListItem\",\"position\":3,\"name\":\"Jovem Aprendiz, Gestor Comercial, Gerente de Vendas, Analistas e mais na Empresa Jequiti\"}]},{\"@type\":\"WebSite\",\"@id\":\"https:\\\/\\\/www.vagadeempregorj.com.br\\\/#website\",\"url\":\"https:\\\/\\\/www.vagadeempregorj.com.br\\\/\",\"name\":\"\",\"description\":\"Conquiste Sonhos: Vagas, Benef\u00edcios e Economia para Transformar Vidas e Alcan\u00e7ar Melhorias Cotidianas\",\"potentialAction\":[{\"@type\":\"SearchAction\",\"target\":{\"@type\":\"EntryPoint\",\"urlTemplate\":\"https:\\\/\\\/www.vagadeempregorj.com.br\\\/?s={search_term_string}\"},\"query-input\":{\"@type\":\"PropertyValueSpecification\",\"valueRequired\":true,\"valueName\":\"search_term_string\"}}],\"inLanguage\":\"fr-FR\"},{\"@type\":\"Person\",\"@id\":\"https:\\\/\\\/www.vagadeempregorj.com.br\\\/#\\\/schema\\\/person\\\/3ddb19fa0539706786e502152f3aae95\",\"name\":\"Michele\",\"image\":{\"@type\":\"ImageObject\",\"inLanguage\":\"fr-FR\",\"@id\":\"https:\\\/\\\/secure.gravatar.com\\\/avatar\\\/6b0eb9d22841282815e2cd856a0061c45e1761cd54b22e952d98c4746939aa85?s=96&r=g\",\"url\":\"https:\\\/\\\/secure.gravatar.com\\\/avatar\\\/6b0eb9d22841282815e2cd856a0061c45e1761cd54b22e952d98c4746939aa85?s=96&r=g\",\"contentUrl\":\"https:\\\/\\\/secure.gravatar.com\\\/avatar\\\/6b0eb9d22841282815e2cd856a0061c45e1761cd54b22e952d98c4746939aa85?s=96&r=g\",\"caption\":\"Michele\"},\"description\":\"Formada em Letras - Portugu\u00eas\\\/ Ingl\u00eas, e idealizadora do site Escritora de Sucesso, busca expandir o conhecimento de todos com informa\u00e7\u00f5es relevantes sobre diversos assuntos, enquanto redatora. No Vaga de Emprego RJ, traz oportunidades e dicas sobre o mercado de trabalho.\",\"url\":\"https:\\\/\\\/www.vagadeempregorj.com.br\\\/fr\\\/author\\\/michele\\\/\"}]}<\/script>\n<!-- \/ Yoast SEO plugin. -->","yoast_head_json":{"title":"Jovem Aprendiz, Gestor Comercial, Gerente de Vendas, Analistas e mais na Empresa Jequiti -","description":"Veja em Vagas de Emprego RJ as vagas de emprego com e sem experi\u00eancia no seu Estado e Regi\u00e3o!","robots":{"index":"index","follow":"follow","max-snippet":"max-snippet:-1","max-image-preview":"max-image-preview:large","max-video-preview":"max-video-preview:-1"},"canonical":"https:\/\/www.vagadeempregorj.com.br\/fr\/empregos-jequiti\/","og_locale":"fr_FR","og_type":"article","og_title":"Jovem Aprendiz, Gestor Comercial, Gerente de Vendas, Analistas e mais na Empresa Jequiti -","og_description":"Veja em Vagas de Emprego RJ as vagas de emprego com e sem experi\u00eancia no seu Estado e Regi\u00e3o!","og_url":"https:\/\/www.vagadeempregorj.com.br\/fr\/empregos-jequiti\/","article_publisher":"https:\/\/www.facebook.com\/empregobrasiloficial","article_published_time":"2023-11-01T03:01:00+00:00","og_image":[{"width":270,"height":270,"url":"https:\/\/www.vagadeempregorj.com.br\/wp-content\/uploads\/2022\/12\/empregos-jequiti.jpg","type":"image\/jpeg"}],"author":"Michele","twitter_card":"summary_large_image","twitter_misc":{"Written by":"Michele","Est. reading time":"3 minutes"},"schema":{"@context":"https:\/\/schema.org","@graph":[{"@type":"Article","@id":"https:\/\/www.vagadeempregorj.com.br\/empregos-jequiti\/#article","isPartOf":{"@id":"https:\/\/www.vagadeempregorj.com.br\/empregos-jequiti\/"},"author":{"name":"Michele","@id":"https:\/\/www.vagadeempregorj.com.br\/#\/schema\/person\/3ddb19fa0539706786e502152f3aae95"},"headline":"Jovem Aprendiz, Gestor Comercial, Gerente de Vendas, Analistas e mais na Empresa Jequiti","datePublished":"2023-11-01T03:01:00+00:00","mainEntityOfPage":{"@id":"https:\/\/www.vagadeempregorj.com.br\/empregos-jequiti\/"},"wordCount":610,"image":{"@id":"https:\/\/www.vagadeempregorj.com.br\/empregos-jequiti\/#primaryimage"},"thumbnailUrl":"https:\/\/www.vagadeempregorj.com.br\/wp-content\/uploads\/2022\/12\/empregos-jequiti.jpg","keywords":["Jequiti","oportunidades","vagas de emprego"],"articleSection":["Vagas de Emprego Nacionais"],"inLanguage":"fr-FR"},{"@type":"WebPage","@id":"https:\/\/www.vagadeempregorj.com.br\/empregos-jequiti\/","url":"https:\/\/www.vagadeempregorj.com.br\/empregos-jequiti\/","name":"Jovem Aprendiz, Gestor Comercial, Gerente de Vendas, Analistas e mais na Empresa Jequiti -","isPartOf":{"@id":"https:\/\/www.vagadeempregorj.com.br\/#website"},"primaryImageOfPage":{"@id":"https:\/\/www.vagadeempregorj.com.br\/empregos-jequiti\/#primaryimage"},"image":{"@id":"https:\/\/www.vagadeempregorj.com.br\/empregos-jequiti\/#primaryimage"},"thumbnailUrl":"https:\/\/www.vagadeempregorj.com.br\/wp-content\/uploads\/2022\/12\/empregos-jequiti.jpg","datePublished":"2023-11-01T03:01:00+00:00","author":{"@id":"https:\/\/www.vagadeempregorj.com.br\/#\/schema\/person\/3ddb19fa0539706786e502152f3aae95"},"description":"Veja em Vagas de Emprego RJ as vagas de emprego com e sem experi\u00eancia no seu Estado e Regi\u00e3o!","breadcrumb":{"@id":"https:\/\/www.vagadeempregorj.com.br\/empregos-jequiti\/#breadcrumb"},"inLanguage":"fr-FR","potentialAction":[{"@type":"ReadAction","target":["https:\/\/www.vagadeempregorj.com.br\/empregos-jequiti\/"]}]},{"@type":"ImageObject","inLanguage":"fr-FR","@id":"https:\/\/www.vagadeempregorj.com.br\/empregos-jequiti\/#primaryimage","url":"https:\/\/www.vagadeempregorj.com.br\/wp-content\/uploads\/2022\/12\/empregos-jequiti.jpg","contentUrl":"https:\/\/www.vagadeempregorj.com.br\/wp-content\/uploads\/2022\/12\/empregos-jequiti.jpg","width":270,"height":270,"caption":"Imagem: Jequiti - Reprodu\u00e7\u00e3o"},{"@type":"BreadcrumbList","@id":"https:\/\/www.vagadeempregorj.com.br\/empregos-jequiti\/#breadcrumb","itemListElement":[{"@type":"ListItem","position":1,"name":"In\u00edcio","item":"https:\/\/www.vagadeempregorj.com.br\/"},{"@type":"ListItem","position":2,"name":"Vagas de Emprego Nacionais","item":"https:\/\/www.vagadeempregorj.com.br\/vagas-de-emprego-nacionais\/"},{"@type":"ListItem","position":3,"name":"Jovem Aprendiz, Gestor Comercial, Gerente de Vendas, Analistas e mais na Empresa Jequiti"}]},{"@type":"WebSite","@id":"https:\/\/www.vagadeempregorj.com.br\/#website","url":"https:\/\/www.vagadeempregorj.com.br\/","name":"","description":"Conquiste Sonhos: Vagas, Benef\u00edcios e Economia para Transformar Vidas e Alcan\u00e7ar Melhorias Cotidianas","potentialAction":[{"@type":"SearchAction","target":{"@type":"EntryPoint","urlTemplate":"https:\/\/www.vagadeempregorj.com.br\/?s={search_term_string}"},"query-input":{"@type":"PropertyValueSpecification","valueRequired":true,"valueName":"search_term_string"}}],"inLanguage":"fr-FR"},{"@type":"Person","@id":"https:\/\/www.vagadeempregorj.com.br\/#\/schema\/person\/3ddb19fa0539706786e502152f3aae95","name":"Michele","image":{"@type":"ImageObject","inLanguage":"fr-FR","@id":"https:\/\/secure.gravatar.com\/avatar\/6b0eb9d22841282815e2cd856a0061c45e1761cd54b22e952d98c4746939aa85?s=96&r=g","url":"https:\/\/secure.gravatar.com\/avatar\/6b0eb9d22841282815e2cd856a0061c45e1761cd54b22e952d98c4746939aa85?s=96&r=g","contentUrl":"https:\/\/secure.gravatar.com\/avatar\/6b0eb9d22841282815e2cd856a0061c45e1761cd54b22e952d98c4746939aa85?s=96&r=g","caption":"Michele"},"description":"Formada em Letras - Portugu\u00eas\/ Ingl\u00eas, e idealizadora do site Escritora de Sucesso, busca expandir o conhecimento de todos com informa\u00e7\u00f5es relevantes sobre diversos assuntos, enquanto redatora. No Vaga de Emprego RJ, traz oportunidades e dicas sobre o mercado de trabalho.","url":"https:\/\/www.vagadeempregorj.com.br\/fr\/author\/michele\/"}]}},"_links":{"self":[{"href":"https:\/\/www.vagadeempregorj.com.br\/fr\/wp-json\/wp\/v2\/posts\/36515","targetHints":{"allow":["GET"]}}],"collection":[{"href":"https:\/\/www.vagadeempregorj.com.br\/fr\/wp-json\/wp\/v2\/posts"}],"about":[{"href":"https:\/\/www.vagadeempregorj.com.br\/fr\/wp-json\/wp\/v2\/types\/post"}],"author":[{"embeddable":true,"href":"https:\/\/www.vagadeempregorj.com.br\/fr\/wp-json\/wp\/v2\/users\/16"}],"replies":[{"embeddable":true,"href":"https:\/\/www.vagadeempregorj.com.br\/fr\/wp-json\/wp\/v2\/comments?post=36515"}],"version-history":[{"count":0,"href":"https:\/\/www.vagadeempregorj.com.br\/fr\/wp-json\/wp\/v2\/posts\/36515\/revisions"}],"wp:featuredmedia":[{"embeddable":true,"href":"https:\/\/www.vagadeempregorj.com.br\/fr\/wp-json\/wp\/v2\/media\/36519"}],"wp:attachment":[{"href":"https:\/\/www.vagadeempregorj.com.br\/fr\/wp-json\/wp\/v2\/media?parent=36515"}],"wp:term":[{"taxonomy":"category","embeddable":true,"href":"https:\/\/www.vagadeempregorj.com.br\/fr\/wp-json\/wp\/v2\/categories?post=36515"},{"taxonomy":"post_tag","embeddable":true,"href":"https:\/\/www.vagadeempregorj.com.br\/fr\/wp-json\/wp\/v2\/tags?post=36515"}],"curies":[{"name":"wp","href":"https:\/\/api.w.org\/{rel}","templated":true}]}}