{"id":36686,"date":"2023-11-03T00:02:00","date_gmt":"2023-11-03T03:02:00","guid":{"rendered":"https:\/\/www.vagadeempregorj.com.br\/?p=36686"},"modified":"2023-11-02T12:02:55","modified_gmt":"2023-11-02T15:02:55","slug":"empregos-solar-coca-cola-2","status":"publish","type":"post","link":"https:\/\/www.vagadeempregorj.com.br\/fr\/empregos-solar-coca-cola-2\/","title":{"rendered":"Operadores de Produ\u00e7\u00e3o, Auxiliar Administrativo, Vendedores, Eletricista Industrial, Auxiliar de Expedi\u00e7\u00e3o, Frentista, Analistas e muito mais na Empresa Solar Coca-Cola"},"content":{"rendered":"<p>Atualizado em<\/p>\n\n\n<div class=\"wp-block-post-date\"><time datetime=\"2023-11-03T00:02:00-03:00\">03\/11\/2023<\/time><\/div>\n\n\n<p>Os<strong> Empregos Solar Coca-Cola <\/strong>contam com muitas vantagens para o mercado de trabalho, visto que a empresa \u00e9 o segundo maior fabricante de sistemas da Coca-Cola no Brasil, um dos 13 maiores fabricantes de sistemas da marca do mundo, uma das vinte maiores empresas do Nordeste e uma das maiores empresas de bens de consumo dos Estados Unidos. A companhia produz mais de 3 bilh\u00f5es de litros de bebidas por ano, atende cerca de 400.000 pontos de venda, emprega cerca de 15.000 pessoas, est\u00e1 espalhada por nossas 13 f\u00e1bricas e 44 centros de distribui\u00e7\u00e3o e ocupa 70% do nosso territ\u00f3rio brasileiro, com atua\u00e7\u00e3o nas regi\u00f5es Norte, Nordeste e todos os estados do Mato Grosso e partes de Goi\u00e1s e Tocantins. Mesmo com esse tamanho, eles s\u00e3o diferentes porque s\u00e3o quentes e ensolarados. \u00c9 um grupo de lutadores mobilizados para o trabalho porque s\u00e3o apaixonados pelo que fazem.<\/p>\n\n\n\n<figure class=\"wp-block-image size-large\"><img loading=\"lazy\" decoding=\"async\" width=\"1024\" height=\"683\" src=\"https:\/\/www.vagadeempregorj.com.br\/wp-content\/uploads\/2022\/12\/Coca-Cola-1024x683.jpg\" alt=\"Empregos Coca-Cola\" class=\"wp-image-36692\" srcset=\"https:\/\/www.vagadeempregorj.com.br\/wp-content\/uploads\/2022\/12\/Coca-Cola-1024x683.jpg 1024w, https:\/\/www.vagadeempregorj.com.br\/wp-content\/uploads\/2022\/12\/Coca-Cola-300x200.jpg 300w, https:\/\/www.vagadeempregorj.com.br\/wp-content\/uploads\/2022\/12\/Coca-Cola-768x512.jpg 768w, https:\/\/www.vagadeempregorj.com.br\/wp-content\/uploads\/2022\/12\/Coca-Cola-150x100.jpg 150w, https:\/\/www.vagadeempregorj.com.br\/wp-content\/uploads\/2022\/12\/Coca-Cola.jpg 1200w\" sizes=\"auto, (max-width: 1024px) 100vw, 1024px\" \/><figcaption class=\"wp-element-caption\">Imagem: Coca-Cola &#8211; Reprodu\u00e7\u00e3o<\/figcaption><\/figure>\n\n\n\n<h2 class=\"wp-block-heading\">Conhe\u00e7a todos os Empregos Solar Coca-Cola divulgados<\/h2>\n\n\n\n<p>H\u00e1 vagas para Jovem Aprendiz que tenha completado o Ensino Fundamental e tenha conhecimento do Pacote Office.<\/p>\n\n\n\n<p>\u00c9 oferecido licen\u00e7a paternidade e maternidade estendidas, plano de sa\u00fade, previd\u00eancia privada, plano odontol\u00f3gico, consumo dos produtos liberado na empresa, refeit\u00f3rio, participa\u00e7\u00e3o nos resultados, vale refei\u00e7\u00e3o, seguro de vida e vale transporte. Veja a seguir todas as fun\u00e7\u00f5es dispon\u00edveis e saiba como se inscrever em seguida:<\/p>\n\n\n\n<ul class=\"wp-block-list\">\n<li>Empilhador Manobrista;<\/li>\n\n\n\n<li>Anl. de CSC;<\/li>\n\n\n\n<li>Op. de Execu\u00e7\u00e3o e Vendas;<\/li>\n\n\n\n<li>Anl. de Engenharia;<\/li>\n\n\n\n<li>Vendedor;<\/li>\n\n\n\n<li>Anl. de Log\u00edstica;<\/li>\n\n\n\n<li>Tec. de Planejamento e Controle da Manuten\u00e7\u00e3o;<\/li>\n\n\n\n<li>Anl. de Marketing;<\/li>\n\n\n\n<li>Op. de Produ\u00e7\u00e3o;<\/li>\n\n\n\n<li>Anl. de Planejamento e Controle de Produ\u00e7\u00e3o;<\/li>\n\n\n\n<li>Promotor de Vendas;<\/li>\n\n\n\n<li>Anl. de Recursos Humanos;<\/li>\n\n\n\n<li>Tec. de Manuten\u00e7\u00e3o Mec\u00e2nica;<\/li>\n\n\n\n<li>Anl. de SGI;<\/li>\n\n\n\n<li>Superv. de Distribui\u00e7\u00e3o;<\/li>\n\n\n\n<li>Anl. de Tecnologia da Informa\u00e7\u00e3o;<\/li>\n\n\n\n<li>Tec. de Manuten\u00e7\u00e3o El\u00e9trica;<\/li>\n\n\n\n<li>Anl. Financeiro;<\/li>\n\n\n\n<li>Superv. de Equipamentos;<\/li>\n\n\n\n<li>Aprendiz Comercial;<\/li>\n\n\n\n<li>Tec. de Assegura\u00e7\u00e3o da Qualidade;<\/li>\n\n\n\n<li>Ass. Administrativo;<\/li>\n\n\n\n<li>Superv. de Expedi\u00e7\u00e3o;<\/li>\n\n\n\n<li>Executor de Mercado;<\/li>\n\n\n\n<li>Ativador de Mercado;<\/li>\n\n\n\n<li>Eletricista Industrial;<\/li>\n\n\n\n<li>Superv. de Vendas;<\/li>\n\n\n\n<li>Aux. Administrativo Aprendiz;<\/li>\n\n\n\n<li>Superv. de RED;<\/li>\n\n\n\n<li>Aux. de Almoxarifado;<\/li>\n\n\n\n<li>Superv. de Merchandising;<\/li>\n\n\n\n<li>Aux. de Entrega;<\/li>\n\n\n\n<li>Op. de Empilhadeira;<\/li>\n\n\n\n<li>Aux. de Expedi\u00e7\u00e3o;&nbsp;<\/li>\n\n\n\n<li>Frentista;<\/li>\n\n\n\n<li>Aux. de Manuten\u00e7\u00e3o;<\/li>\n\n\n\n<li>Motorista de Entrega;<\/li>\n\n\n\n<li>Aux. de Produ\u00e7\u00e3o;<\/li>\n\n\n\n<li>Inspetor de Rota;<\/li>\n\n\n\n<li>Controlador de P\u00e1tio;<\/li>\n\n\n\n<li>Mec\u00e2nico Industrial;<\/li>\n\n\n\n<li>Coord. Comercial;<\/li>\n\n\n\n<li>Instalador;<\/li>\n\n\n\n<li>Coord. de Engenharia;<\/li>\n\n\n\n<li>Manobrista;<\/li>\n\n\n\n<li>Desenvolvedor de Mercado;<\/li>\n\n\n\n<li>Entregador de Vendas;<\/li>\n\n\n\n<li>Designer Digital;<\/li>\n\n\n\n<li>Estoquista.<\/li>\n<\/ul>\n\n\n\n<h3 class=\"wp-block-heading\">Como se candidatar<\/h3>\n\n\n\n<p>Para concorrer aos cargos anunciados anteriormente, basta acessar o site abaixo e fazer parte do processo seletivo dos candidatos:<\/p>\n\n\n\n<ul class=\"wp-block-list\">\n<li><a href=\"https:\/\/solarcocacola.gupy.io\/\">Vagas Solar<\/a>.<\/li>\n<\/ul>\n\n\n\n<p><strong>Veja tamb\u00e9m: <a href=\"https:\/\/www.vagadeempregorj.com.br\/fr\/empregos-gentil-negocios\/\">Vendedora, Operadora de Caixa, Auxiliar de Estoque, Jovem Aprendiz, Est\u00e1gios, Analistas e muito mais na Empresa Gentil Neg\u00f3cios<\/a><\/strong><\/p>\n\n\n\n<h2 class=\"wp-block-heading\">Sobre a Solar Coca-Cola<\/h2>\n\n\n\n<p>Eles querem uma empresa que seja feita daquilo em que acreditamos, de onde s\u00e3o feitos nossos sonhos e de onde est\u00e3o. Uma companhia moderna, \u00e9tica, ambiciosa e acima de tudo solar. Sonham com uma empresa onde as suas cren\u00e7as e valores estejam por toda parte nos corredores, f\u00e1bricas, r\u00f3tulos, contratos, caminh\u00f5es e rostos de nossos funcion\u00e1rios. Desse sonho nasceu a empresa, fruto da fus\u00e3o da Norsa, Renosa, Guararapes e mais recentemente com o Grupo Sim\u00f5es.<\/p>\n\n\n\n<p>Eles s\u00e3o o segundo maior fabricante de sistemas Coca-Cola no Brasil e uma das dez maiores empresas do Nordeste da China e uma das maiores empresas de bens de consumo do pa\u00eds. A companhia produz mais de 3 bilh\u00f5es de litros de bebidas por ano, atende cerca de 400.000 pontos de venda, emprega cerca de 15.000 pessoas, est\u00e1 espalhada por nossas 13 f\u00e1bricas e 44 centros de distribui\u00e7\u00e3o e ocupa 70% do territ\u00f3rio brasileiro, operando em todo o Norte, Nordeste, Mato Grosso e partes de Goi\u00e1s e Tocantins.<\/p>\n\n\n\n<p>Para transformar esse sonho em realidade, ela \u00e9 uma empresa que tem como miss\u00e3o ser uma empresa apaixonada por entregar um sorriso e que prima pela produ\u00e7\u00e3o e distribui\u00e7\u00e3o de bebidas!<\/p>","protected":false},"excerpt":{"rendered":"<p>Atualizado em Os Empregos Solar Coca-Cola contam com muitas vantagens para o mercado de trabalho, visto que a empresa \u00e9 o segundo maior fabricante de sistemas da Coca-Cola no Brasil, um dos 13 maiores fabricantes de sistemas da marca do mundo, uma das vinte maiores empresas do Nordeste e uma das maiores empresas de bens&hellip;&nbsp;<\/p>","protected":false},"author":16,"featured_media":36692,"comment_status":"closed","ping_status":"closed","sticky":false,"template":"","format":"standard","meta":{"neve_meta_sidebar":"","neve_meta_container":"","neve_meta_enable_content_width":"","neve_meta_content_width":0,"neve_meta_title_alignment":"","neve_meta_author_avatar":"","neve_post_elements_order":"","neve_meta_disable_header":"","neve_meta_disable_footer":"","neve_meta_disable_title":"","footnotes":""},"categories":[123],"tags":[751,608,211],"class_list":["post-36686","post","type-post","status-publish","format-standard","has-post-thumbnail","hentry","category-vagas-de-emprego-nacionais","tag-coca-cola","tag-oportunidades","tag-vagas-de-emprego"],"yoast_head":"<!-- This site is optimized with the Yoast SEO plugin v27.5 - https:\/\/yoast.com\/product\/yoast-seo-wordpress\/ -->\n<title>Operadores de Produ\u00e7\u00e3o, Auxiliar Administrativo, Vendedores, Eletricista Industrial, Auxiliar de Expedi\u00e7\u00e3o, Frentista, Analistas e muito mais na Empresa Solar Coca-Cola -<\/title>\n<meta name=\"description\" content=\"Veja em Vagas de Emprego RJ as vagas de emprego com e sem experi\u00eancia no seu Estado e Regi\u00e3o!\" \/>\n<meta name=\"robots\" content=\"index, follow, max-snippet:-1, max-image-preview:large, max-video-preview:-1\" \/>\n<link rel=\"canonical\" href=\"https:\/\/www.vagadeempregorj.com.br\/fr\/empregos-solar-coca-cola-2\/\" \/>\n<meta property=\"og:locale\" content=\"fr_FR\" \/>\n<meta property=\"og:type\" content=\"article\" \/>\n<meta property=\"og:title\" content=\"Operadores de Produ\u00e7\u00e3o, Auxiliar Administrativo, Vendedores, Eletricista Industrial, Auxiliar de Expedi\u00e7\u00e3o, Frentista, Analistas e muito mais na Empresa Solar Coca-Cola -\" \/>\n<meta property=\"og:description\" content=\"Veja em Vagas de Emprego RJ as vagas de emprego com e sem experi\u00eancia no seu Estado e Regi\u00e3o!\" \/>\n<meta property=\"og:url\" content=\"https:\/\/www.vagadeempregorj.com.br\/fr\/empregos-solar-coca-cola-2\/\" \/>\n<meta property=\"article:publisher\" content=\"https:\/\/www.facebook.com\/empregobrasiloficial\" \/>\n<meta property=\"article:published_time\" content=\"2023-11-03T03:02:00+00:00\" \/>\n<meta property=\"og:image\" content=\"https:\/\/www.vagadeempregorj.com.br\/wp-content\/uploads\/2022\/12\/Coca-Cola.jpg\" \/>\n\t<meta property=\"og:image:width\" content=\"1200\" \/>\n\t<meta property=\"og:image:height\" content=\"800\" \/>\n\t<meta property=\"og:image:type\" content=\"image\/jpeg\" \/>\n<meta name=\"author\" content=\"Michele\" \/>\n<meta name=\"twitter:card\" content=\"summary_large_image\" \/>\n<meta name=\"twitter:label1\" content=\"Written by\" \/>\n\t<meta name=\"twitter:data1\" content=\"Michele\" \/>\n\t<meta name=\"twitter:label2\" content=\"Est. reading time\" \/>\n\t<meta name=\"twitter:data2\" content=\"3 minutes\" \/>\n<script type=\"application\/ld+json\" class=\"yoast-schema-graph\">{\"@context\":\"https:\\\/\\\/schema.org\",\"@graph\":[{\"@type\":\"Article\",\"@id\":\"https:\\\/\\\/www.vagadeempregorj.com.br\\\/empregos-solar-coca-cola-2\\\/#article\",\"isPartOf\":{\"@id\":\"https:\\\/\\\/www.vagadeempregorj.com.br\\\/empregos-solar-coca-cola-2\\\/\"},\"author\":{\"name\":\"Michele\",\"@id\":\"https:\\\/\\\/www.vagadeempregorj.com.br\\\/#\\\/schema\\\/person\\\/3ddb19fa0539706786e502152f3aae95\"},\"headline\":\"Operadores de Produ\u00e7\u00e3o, Auxiliar Administrativo, Vendedores, Eletricista Industrial, Auxiliar de Expedi\u00e7\u00e3o, Frentista, Analistas e muito mais na Empresa Solar Coca-Cola\",\"datePublished\":\"2023-11-03T03:02:00+00:00\",\"mainEntityOfPage\":{\"@id\":\"https:\\\/\\\/www.vagadeempregorj.com.br\\\/empregos-solar-coca-cola-2\\\/\"},\"wordCount\":678,\"image\":{\"@id\":\"https:\\\/\\\/www.vagadeempregorj.com.br\\\/empregos-solar-coca-cola-2\\\/#primaryimage\"},\"thumbnailUrl\":\"https:\\\/\\\/www.vagadeempregorj.com.br\\\/wp-content\\\/uploads\\\/2022\\\/12\\\/Coca-Cola.jpg\",\"keywords\":[\"Coca-Cola\",\"oportunidades\",\"vagas de emprego\"],\"articleSection\":[\"Vagas de Emprego Nacionais\"],\"inLanguage\":\"fr-FR\"},{\"@type\":\"WebPage\",\"@id\":\"https:\\\/\\\/www.vagadeempregorj.com.br\\\/empregos-solar-coca-cola-2\\\/\",\"url\":\"https:\\\/\\\/www.vagadeempregorj.com.br\\\/empregos-solar-coca-cola-2\\\/\",\"name\":\"Operadores de Produ\u00e7\u00e3o, Auxiliar Administrativo, Vendedores, Eletricista Industrial, Auxiliar de Expedi\u00e7\u00e3o, Frentista, Analistas e muito mais na Empresa Solar Coca-Cola -\",\"isPartOf\":{\"@id\":\"https:\\\/\\\/www.vagadeempregorj.com.br\\\/#website\"},\"primaryImageOfPage\":{\"@id\":\"https:\\\/\\\/www.vagadeempregorj.com.br\\\/empregos-solar-coca-cola-2\\\/#primaryimage\"},\"image\":{\"@id\":\"https:\\\/\\\/www.vagadeempregorj.com.br\\\/empregos-solar-coca-cola-2\\\/#primaryimage\"},\"thumbnailUrl\":\"https:\\\/\\\/www.vagadeempregorj.com.br\\\/wp-content\\\/uploads\\\/2022\\\/12\\\/Coca-Cola.jpg\",\"datePublished\":\"2023-11-03T03:02:00+00:00\",\"author\":{\"@id\":\"https:\\\/\\\/www.vagadeempregorj.com.br\\\/#\\\/schema\\\/person\\\/3ddb19fa0539706786e502152f3aae95\"},\"description\":\"Veja em Vagas de Emprego RJ as vagas de emprego com e sem experi\u00eancia no seu Estado e Regi\u00e3o!\",\"breadcrumb\":{\"@id\":\"https:\\\/\\\/www.vagadeempregorj.com.br\\\/empregos-solar-coca-cola-2\\\/#breadcrumb\"},\"inLanguage\":\"fr-FR\",\"potentialAction\":[{\"@type\":\"ReadAction\",\"target\":[\"https:\\\/\\\/www.vagadeempregorj.com.br\\\/empregos-solar-coca-cola-2\\\/\"]}]},{\"@type\":\"ImageObject\",\"inLanguage\":\"fr-FR\",\"@id\":\"https:\\\/\\\/www.vagadeempregorj.com.br\\\/empregos-solar-coca-cola-2\\\/#primaryimage\",\"url\":\"https:\\\/\\\/www.vagadeempregorj.com.br\\\/wp-content\\\/uploads\\\/2022\\\/12\\\/Coca-Cola.jpg\",\"contentUrl\":\"https:\\\/\\\/www.vagadeempregorj.com.br\\\/wp-content\\\/uploads\\\/2022\\\/12\\\/Coca-Cola.jpg\",\"width\":1200,\"height\":800,\"caption\":\"Imagem: Coca-Cola - Reprodu\u00e7\u00e3o\"},{\"@type\":\"BreadcrumbList\",\"@id\":\"https:\\\/\\\/www.vagadeempregorj.com.br\\\/empregos-solar-coca-cola-2\\\/#breadcrumb\",\"itemListElement\":[{\"@type\":\"ListItem\",\"position\":1,\"name\":\"In\u00edcio\",\"item\":\"https:\\\/\\\/www.vagadeempregorj.com.br\\\/\"},{\"@type\":\"ListItem\",\"position\":2,\"name\":\"Vagas de Emprego Nacionais\",\"item\":\"https:\\\/\\\/www.vagadeempregorj.com.br\\\/vagas-de-emprego-nacionais\\\/\"},{\"@type\":\"ListItem\",\"position\":3,\"name\":\"Operadores de Produ\u00e7\u00e3o, Auxiliar Administrativo, Vendedores, Eletricista Industrial, Auxiliar de Expedi\u00e7\u00e3o, Frentista, Analistas e muito mais na Empresa Solar Coca-Cola\"}]},{\"@type\":\"WebSite\",\"@id\":\"https:\\\/\\\/www.vagadeempregorj.com.br\\\/#website\",\"url\":\"https:\\\/\\\/www.vagadeempregorj.com.br\\\/\",\"name\":\"\",\"description\":\"Conquiste Sonhos: Vagas, Benef\u00edcios e Economia para Transformar Vidas e Alcan\u00e7ar Melhorias Cotidianas\",\"potentialAction\":[{\"@type\":\"SearchAction\",\"target\":{\"@type\":\"EntryPoint\",\"urlTemplate\":\"https:\\\/\\\/www.vagadeempregorj.com.br\\\/?s={search_term_string}\"},\"query-input\":{\"@type\":\"PropertyValueSpecification\",\"valueRequired\":true,\"valueName\":\"search_term_string\"}}],\"inLanguage\":\"fr-FR\"},{\"@type\":\"Person\",\"@id\":\"https:\\\/\\\/www.vagadeempregorj.com.br\\\/#\\\/schema\\\/person\\\/3ddb19fa0539706786e502152f3aae95\",\"name\":\"Michele\",\"image\":{\"@type\":\"ImageObject\",\"inLanguage\":\"fr-FR\",\"@id\":\"https:\\\/\\\/secure.gravatar.com\\\/avatar\\\/6b0eb9d22841282815e2cd856a0061c45e1761cd54b22e952d98c4746939aa85?s=96&r=g\",\"url\":\"https:\\\/\\\/secure.gravatar.com\\\/avatar\\\/6b0eb9d22841282815e2cd856a0061c45e1761cd54b22e952d98c4746939aa85?s=96&r=g\",\"contentUrl\":\"https:\\\/\\\/secure.gravatar.com\\\/avatar\\\/6b0eb9d22841282815e2cd856a0061c45e1761cd54b22e952d98c4746939aa85?s=96&r=g\",\"caption\":\"Michele\"},\"description\":\"Formada em Letras - Portugu\u00eas\\\/ Ingl\u00eas, e idealizadora do site Escritora de Sucesso, busca expandir o conhecimento de todos com informa\u00e7\u00f5es relevantes sobre diversos assuntos, enquanto redatora. No Vaga de Emprego RJ, traz oportunidades e dicas sobre o mercado de trabalho.\",\"url\":\"https:\\\/\\\/www.vagadeempregorj.com.br\\\/fr\\\/author\\\/michele\\\/\"}]}<\/script>\n<!-- \/ Yoast SEO plugin. -->","yoast_head_json":{"title":"Operadores de Produ\u00e7\u00e3o, Auxiliar Administrativo, Vendedores, Eletricista Industrial, Auxiliar de Expedi\u00e7\u00e3o, Frentista, Analistas e muito mais na Empresa Solar Coca-Cola -","description":"Veja em Vagas de Emprego RJ as vagas de emprego com e sem experi\u00eancia no seu Estado e Regi\u00e3o!","robots":{"index":"index","follow":"follow","max-snippet":"max-snippet:-1","max-image-preview":"max-image-preview:large","max-video-preview":"max-video-preview:-1"},"canonical":"https:\/\/www.vagadeempregorj.com.br\/fr\/empregos-solar-coca-cola-2\/","og_locale":"fr_FR","og_type":"article","og_title":"Operadores de Produ\u00e7\u00e3o, Auxiliar Administrativo, Vendedores, Eletricista Industrial, Auxiliar de Expedi\u00e7\u00e3o, Frentista, Analistas e muito mais na Empresa Solar Coca-Cola -","og_description":"Veja em Vagas de Emprego RJ as vagas de emprego com e sem experi\u00eancia no seu Estado e Regi\u00e3o!","og_url":"https:\/\/www.vagadeempregorj.com.br\/fr\/empregos-solar-coca-cola-2\/","article_publisher":"https:\/\/www.facebook.com\/empregobrasiloficial","article_published_time":"2023-11-03T03:02:00+00:00","og_image":[{"width":1200,"height":800,"url":"https:\/\/www.vagadeempregorj.com.br\/wp-content\/uploads\/2022\/12\/Coca-Cola.jpg","type":"image\/jpeg"}],"author":"Michele","twitter_card":"summary_large_image","twitter_misc":{"Written by":"Michele","Est. reading time":"3 minutes"},"schema":{"@context":"https:\/\/schema.org","@graph":[{"@type":"Article","@id":"https:\/\/www.vagadeempregorj.com.br\/empregos-solar-coca-cola-2\/#article","isPartOf":{"@id":"https:\/\/www.vagadeempregorj.com.br\/empregos-solar-coca-cola-2\/"},"author":{"name":"Michele","@id":"https:\/\/www.vagadeempregorj.com.br\/#\/schema\/person\/3ddb19fa0539706786e502152f3aae95"},"headline":"Operadores de Produ\u00e7\u00e3o, Auxiliar Administrativo, Vendedores, Eletricista Industrial, Auxiliar de Expedi\u00e7\u00e3o, Frentista, Analistas e muito mais na Empresa Solar Coca-Cola","datePublished":"2023-11-03T03:02:00+00:00","mainEntityOfPage":{"@id":"https:\/\/www.vagadeempregorj.com.br\/empregos-solar-coca-cola-2\/"},"wordCount":678,"image":{"@id":"https:\/\/www.vagadeempregorj.com.br\/empregos-solar-coca-cola-2\/#primaryimage"},"thumbnailUrl":"https:\/\/www.vagadeempregorj.com.br\/wp-content\/uploads\/2022\/12\/Coca-Cola.jpg","keywords":["Coca-Cola","oportunidades","vagas de emprego"],"articleSection":["Vagas de Emprego Nacionais"],"inLanguage":"fr-FR"},{"@type":"WebPage","@id":"https:\/\/www.vagadeempregorj.com.br\/empregos-solar-coca-cola-2\/","url":"https:\/\/www.vagadeempregorj.com.br\/empregos-solar-coca-cola-2\/","name":"Operadores de Produ\u00e7\u00e3o, Auxiliar Administrativo, Vendedores, Eletricista Industrial, Auxiliar de Expedi\u00e7\u00e3o, Frentista, Analistas e muito mais na Empresa Solar Coca-Cola -","isPartOf":{"@id":"https:\/\/www.vagadeempregorj.com.br\/#website"},"primaryImageOfPage":{"@id":"https:\/\/www.vagadeempregorj.com.br\/empregos-solar-coca-cola-2\/#primaryimage"},"image":{"@id":"https:\/\/www.vagadeempregorj.com.br\/empregos-solar-coca-cola-2\/#primaryimage"},"thumbnailUrl":"https:\/\/www.vagadeempregorj.com.br\/wp-content\/uploads\/2022\/12\/Coca-Cola.jpg","datePublished":"2023-11-03T03:02:00+00:00","author":{"@id":"https:\/\/www.vagadeempregorj.com.br\/#\/schema\/person\/3ddb19fa0539706786e502152f3aae95"},"description":"Veja em Vagas de Emprego RJ as vagas de emprego com e sem experi\u00eancia no seu Estado e Regi\u00e3o!","breadcrumb":{"@id":"https:\/\/www.vagadeempregorj.com.br\/empregos-solar-coca-cola-2\/#breadcrumb"},"inLanguage":"fr-FR","potentialAction":[{"@type":"ReadAction","target":["https:\/\/www.vagadeempregorj.com.br\/empregos-solar-coca-cola-2\/"]}]},{"@type":"ImageObject","inLanguage":"fr-FR","@id":"https:\/\/www.vagadeempregorj.com.br\/empregos-solar-coca-cola-2\/#primaryimage","url":"https:\/\/www.vagadeempregorj.com.br\/wp-content\/uploads\/2022\/12\/Coca-Cola.jpg","contentUrl":"https:\/\/www.vagadeempregorj.com.br\/wp-content\/uploads\/2022\/12\/Coca-Cola.jpg","width":1200,"height":800,"caption":"Imagem: Coca-Cola - Reprodu\u00e7\u00e3o"},{"@type":"BreadcrumbList","@id":"https:\/\/www.vagadeempregorj.com.br\/empregos-solar-coca-cola-2\/#breadcrumb","itemListElement":[{"@type":"ListItem","position":1,"name":"In\u00edcio","item":"https:\/\/www.vagadeempregorj.com.br\/"},{"@type":"ListItem","position":2,"name":"Vagas de Emprego Nacionais","item":"https:\/\/www.vagadeempregorj.com.br\/vagas-de-emprego-nacionais\/"},{"@type":"ListItem","position":3,"name":"Operadores de Produ\u00e7\u00e3o, Auxiliar Administrativo, Vendedores, Eletricista Industrial, Auxiliar de Expedi\u00e7\u00e3o, Frentista, Analistas e muito mais na Empresa Solar Coca-Cola"}]},{"@type":"WebSite","@id":"https:\/\/www.vagadeempregorj.com.br\/#website","url":"https:\/\/www.vagadeempregorj.com.br\/","name":"","description":"Conquiste Sonhos: Vagas, Benef\u00edcios e Economia para Transformar Vidas e Alcan\u00e7ar Melhorias Cotidianas","potentialAction":[{"@type":"SearchAction","target":{"@type":"EntryPoint","urlTemplate":"https:\/\/www.vagadeempregorj.com.br\/?s={search_term_string}"},"query-input":{"@type":"PropertyValueSpecification","valueRequired":true,"valueName":"search_term_string"}}],"inLanguage":"fr-FR"},{"@type":"Person","@id":"https:\/\/www.vagadeempregorj.com.br\/#\/schema\/person\/3ddb19fa0539706786e502152f3aae95","name":"Michele","image":{"@type":"ImageObject","inLanguage":"fr-FR","@id":"https:\/\/secure.gravatar.com\/avatar\/6b0eb9d22841282815e2cd856a0061c45e1761cd54b22e952d98c4746939aa85?s=96&r=g","url":"https:\/\/secure.gravatar.com\/avatar\/6b0eb9d22841282815e2cd856a0061c45e1761cd54b22e952d98c4746939aa85?s=96&r=g","contentUrl":"https:\/\/secure.gravatar.com\/avatar\/6b0eb9d22841282815e2cd856a0061c45e1761cd54b22e952d98c4746939aa85?s=96&r=g","caption":"Michele"},"description":"Formada em Letras - Portugu\u00eas\/ Ingl\u00eas, e idealizadora do site Escritora de Sucesso, busca expandir o conhecimento de todos com informa\u00e7\u00f5es relevantes sobre diversos assuntos, enquanto redatora. No Vaga de Emprego RJ, traz oportunidades e dicas sobre o mercado de trabalho.","url":"https:\/\/www.vagadeempregorj.com.br\/fr\/author\/michele\/"}]}},"_links":{"self":[{"href":"https:\/\/www.vagadeempregorj.com.br\/fr\/wp-json\/wp\/v2\/posts\/36686","targetHints":{"allow":["GET"]}}],"collection":[{"href":"https:\/\/www.vagadeempregorj.com.br\/fr\/wp-json\/wp\/v2\/posts"}],"about":[{"href":"https:\/\/www.vagadeempregorj.com.br\/fr\/wp-json\/wp\/v2\/types\/post"}],"author":[{"embeddable":true,"href":"https:\/\/www.vagadeempregorj.com.br\/fr\/wp-json\/wp\/v2\/users\/16"}],"replies":[{"embeddable":true,"href":"https:\/\/www.vagadeempregorj.com.br\/fr\/wp-json\/wp\/v2\/comments?post=36686"}],"version-history":[{"count":0,"href":"https:\/\/www.vagadeempregorj.com.br\/fr\/wp-json\/wp\/v2\/posts\/36686\/revisions"}],"wp:featuredmedia":[{"embeddable":true,"href":"https:\/\/www.vagadeempregorj.com.br\/fr\/wp-json\/wp\/v2\/media\/36692"}],"wp:attachment":[{"href":"https:\/\/www.vagadeempregorj.com.br\/fr\/wp-json\/wp\/v2\/media?parent=36686"}],"wp:term":[{"taxonomy":"category","embeddable":true,"href":"https:\/\/www.vagadeempregorj.com.br\/fr\/wp-json\/wp\/v2\/categories?post=36686"},{"taxonomy":"post_tag","embeddable":true,"href":"https:\/\/www.vagadeempregorj.com.br\/fr\/wp-json\/wp\/v2\/tags?post=36686"}],"curies":[{"name":"wp","href":"https:\/\/api.w.org\/{rel}","templated":true}]}}