{"id":36910,"date":"2023-11-07T00:01:00","date_gmt":"2023-11-07T03:01:00","guid":{"rendered":"https:\/\/www.vagadeempregorj.com.br\/?p=36910"},"modified":"2025-11-26T20:20:13","modified_gmt":"2025-11-26T23:20:13","slug":"empregos-refriko","status":"publish","type":"post","link":"https:\/\/www.vagadeempregorj.com.br\/fr\/empregos-refriko\/","title":{"rendered":"Ajudante de Armaz\u00e9m, Auxiliar de Produ\u00e7\u00e3o, Ajudante de Estoque, Vendedores, Ajudante de Motorista, Auxiliar de Motorista, Jovem Aprendiz e muito mais na Empresa Refriko"},"content":{"rendered":"<p>Atualizado em<\/p>\n\n\n<div class=\"wp-block-post-date\"><time datetime=\"2023-11-07T00:01:00-03:00\">07\/11\/2023<\/time><\/div>\n\n\n<p>Os <strong>Empregos Refriko<\/strong> contam com muitas vantagens para o mercado de trabalho, visto que a empresa est\u00e1 constantemente desenvolvendo a sua estrat\u00e9gia de neg\u00f3cios para se tornarem cada vez mais uma refer\u00eancia nacional no setor de bebidas. Para atender \u00e0s mais diversas necessidades dos consumidores, eles oferecem uma variedade de embalagens, nas vers\u00f5es simples, com redu\u00e7\u00e3o cal\u00f3rica ou sem a\u00e7\u00facar. Fabricam cacha\u00e7a, refrigerantes, vodca, energ\u00e9ticos, gim, cerveja, coquet\u00e9is aromatizados e \u00e1gua. Focam na distribui\u00e7\u00e3o, no atendimento e na venda de seus produtos, primando pela qualidade e excel\u00eancia.<\/p>\n\n\n\n<figure class=\"wp-block-image size-full\"><img loading=\"lazy\" decoding=\"async\" width=\"500\" height=\"500\" src=\"https:\/\/www.vagadeempregorj.com.br\/wp-content\/uploads\/2022\/12\/empregos-Refriko.jpg\" alt=\"empregos Refriko\" class=\"wp-image-36934\" srcset=\"https:\/\/www.vagadeempregorj.com.br\/wp-content\/uploads\/2022\/12\/empregos-Refriko.jpg 500w, https:\/\/www.vagadeempregorj.com.br\/wp-content\/uploads\/2022\/12\/empregos-Refriko-300x300.jpg 300w, https:\/\/www.vagadeempregorj.com.br\/wp-content\/uploads\/2022\/12\/empregos-Refriko-150x150.jpg 150w, https:\/\/www.vagadeempregorj.com.br\/wp-content\/uploads\/2022\/12\/empregos-Refriko-96x96.jpg 96w\" sizes=\"auto, (max-width: 500px) 100vw, 500px\" \/><figcaption class=\"wp-element-caption\">Imagem: Refriko &#8211; Reprodu\u00e7\u00e3o<\/figcaption><\/figure>\n\n\n\n<h2 class=\"wp-block-heading\">Conhe\u00e7a as oportunidades de Empregos Refriko<\/h2>\n\n\n\n<p>As vagas s\u00e3o dirigidas aos moradores dos estados do Paran\u00e1, S\u00e3o Paulo e Mato Grosso do Sul. H\u00e1 oportunidade de estagio para estudantes de Administra\u00e7\u00e3o ou Engenharia de Produ\u00e7\u00e3o que saibam mexer no Excel.<\/p>\n\n\n\n<p>Tamb\u00e9m h\u00e1 possibilidades para Jovem Aprendiz com idade de 14 a 24 anos que ainda estejam estudando. \u00c9 oferecido estacionamento, vale transporte, refeit\u00f3rio, caf\u00e9 da manh\u00e3, vale alimenta\u00e7\u00e3o, desconto nos produtos e plano odontol\u00f3gico, entre outros dependendo da fun\u00e7\u00e3o exercida. Veja abaixo todos os cargos ofertados e depois descubra como realizar a sua inscri\u00e7\u00e3o:<\/p>\n\n\n\n<ul class=\"wp-block-list\">\n<li>Gerente Industrial;<\/li>\n\n\n\n<li>Ajudante de Armaz\u00e9m;<\/li>\n\n\n\n<li>Xaropeiro;<\/li>\n\n\n\n<li>Ajudante de Deposito;<\/li>\n\n\n\n<li>Op. de Empilhadeira;<\/li>\n\n\n\n<li>Ajudante de Estoque;&nbsp;<\/li>\n\n\n\n<li>Vendedor Interno;<\/li>\n\n\n\n<li>Ajudante de Motorista;<\/li>\n\n\n\n<li>Op. de Xaroparia;<\/li>\n\n\n\n<li>Anl. de PCM;<\/li>\n\n\n\n<li>Televendedor;<\/li>\n\n\n\n<li>Ass. de Opera\u00e7\u00f5es;<\/li>\n\n\n\n<li>Tec. em Eletroeletr\u00f4nica;<\/li>\n\n\n\n<li>Ass. de Processos;<\/li>\n\n\n\n<li>Motorista Toco;<\/li>\n\n\n\n<li>Aux. de Laborat\u00f3rio;<\/li>\n\n\n\n<li>Jovem Aprendiz;<\/li>\n\n\n\n<li>Aux. de Processos Industriais;<\/li>\n\n\n\n<li>Motorista de Carreta;<\/li>\n\n\n\n<li>Aux. de Produ\u00e7\u00e3o;<\/li>\n\n\n\n<li>Mec\u00e2nico Auto;<\/li>\n\n\n\n<li>Controladoria;<\/li>\n\n\n\n<li>Motorista de Caminh\u00e3o Toco;<\/li>\n\n\n\n<li>Coord. de Manuten\u00e7\u00e3o de Frotas;<\/li>\n\n\n\n<li>Estagi\u00e1rio de Processos Industriais.<\/li>\n<\/ul>\n\n\n\n<h3 class=\"wp-block-heading\">Como se candidatar<\/h3>\n\n\n\n<p>Para fazer a sua inscri\u00e7\u00e3o para uma das vagas divulgadas acima, o primeiro passo \u00e9 acessar o site abaixo:<\/p>\n\n\n\n<ul class=\"wp-block-list\">\n<li>Vagas Refriko.<\/li>\n<\/ul>\n\n\n\n<p>Em seguida, procure o cargo de interesse e ap\u00f3s ler com cuidado todos os requisitos e certificar-se de que ele possui compatibilidade com a sua forma\u00e7\u00e3o acad\u00eamica e profissional fa\u00e7a o seu cadastro na plataforma.<\/p>\n\n\n\n<p><strong>Veja tamb\u00e9m: <a href=\"https:\/\/www.vagadeempregorj.com.br\/fr\/empregos-combio-energia\/\">Mec\u00e2nico de Manuten\u00e7\u00e3o, Motorista de Carreta, Mec\u00e2nico de M\u00e1quinas Florestais, Eletricistas, Analistas e muito mais na Empresa ComBio Energia<\/a><\/strong><\/p>\n\n\n\n<h2 class=\"wp-block-heading\">Sobre a Refriko<\/h2>\n\n\n\n<p>A sua paix\u00e3o \u00e9 criar produtos e sabores que revigorem os brasileiros fisicamente e mentalmente. Por isso, trabalham juntos com dedica\u00e7\u00e3o e cuidado em todo o processo de fabrica\u00e7\u00e3o. Contam com uma equipe de profissionais altamente qualificados e talentosos em todas as \u00e1reas para entregar uma experi\u00eancia completa e excepcional em cada detalhe. Sempre surpreendendo e superando desafios, est\u00e3o sempre na vanguarda de projetos e a\u00e7\u00f5es inovadoras, acompanhando as novas tend\u00eancias do mercado.<\/p>\n\n\n\n<p>Utilizam mat\u00e9ria-prima selecionada e certificada, al\u00e9m de um rigoroso controle de qualidade em seu processo, que \u00e9 monitorado 24 horas analiticamente por engenheiros de alimentos e qu\u00edmicos respons\u00e1veis \u200b\u200bem dois laborat\u00f3rios pr\u00f3prios.<\/p>\n\n\n\n<p>A empresa surgiu de um sonho de levar qualidade aos brasileiros. Sempre surpreendemos e superamos desafios para lan\u00e7ar produtos com muito sucesso e amor do consumidor. O desenvolvimento faz parte da sua hist\u00f3ria. Sempre empenhados em levar at\u00e9 os seus consumidores produtos que tragam mais sabor ao seu dia a dia. A companhia \u00e9 l\u00edder regional no setor de bebidas nos estados do Paran\u00e1 e Mato Grosso do Sul, reunindo marcas como Cerveja Moema, Guaran\u00e1 Refriko, Cerveja Bamboa Puro Malte, Furioso Energy Drink e Hidratar.<\/p>","protected":false},"excerpt":{"rendered":"<p>Atualizado em Os Empregos Refriko contam com muitas vantagens para o mercado de trabalho, visto que a empresa est\u00e1 constantemente desenvolvendo a sua estrat\u00e9gia de neg\u00f3cios para se tornarem cada vez mais uma refer\u00eancia nacional no setor de bebidas. Para atender \u00e0s mais diversas necessidades dos consumidores, eles oferecem uma variedade de embalagens, nas vers\u00f5es&hellip;&nbsp;<\/p>","protected":false},"author":16,"featured_media":36934,"comment_status":"closed","ping_status":"closed","sticky":false,"template":"","format":"standard","meta":{"neve_meta_sidebar":"","neve_meta_container":"","neve_meta_enable_content_width":"","neve_meta_content_width":0,"neve_meta_title_alignment":"","neve_meta_author_avatar":"","neve_post_elements_order":"","neve_meta_disable_header":"","neve_meta_disable_footer":"","neve_meta_disable_title":"","footnotes":""},"categories":[123],"tags":[608,765,211],"class_list":["post-36910","post","type-post","status-publish","format-standard","has-post-thumbnail","hentry","category-vagas-de-emprego-nacionais","tag-oportunidades","tag-refriko","tag-vagas-de-emprego"],"yoast_head":"<!-- This site is optimized with the Yoast SEO plugin v27.5 - https:\/\/yoast.com\/product\/yoast-seo-wordpress\/ -->\n<title>Ajudante de Armaz\u00e9m, Auxiliar de Produ\u00e7\u00e3o, Ajudante de Estoque, Vendedores, Ajudante de Motorista, Auxiliar de Motorista, Jovem Aprendiz e muito mais na Empresa Refriko -<\/title>\n<meta name=\"description\" content=\"Veja em Vagas de Emprego RJ as vagas de emprego com e sem experi\u00eancia no seu Estado e Regi\u00e3o!\" \/>\n<meta name=\"robots\" content=\"index, follow, max-snippet:-1, max-image-preview:large, max-video-preview:-1\" \/>\n<link rel=\"canonical\" href=\"https:\/\/www.vagadeempregorj.com.br\/fr\/empregos-refriko\/\" \/>\n<meta property=\"og:locale\" content=\"fr_FR\" \/>\n<meta property=\"og:type\" content=\"article\" \/>\n<meta property=\"og:title\" content=\"Ajudante de Armaz\u00e9m, Auxiliar de Produ\u00e7\u00e3o, Ajudante de Estoque, Vendedores, Ajudante de Motorista, Auxiliar de Motorista, Jovem Aprendiz e muito mais na Empresa Refriko -\" \/>\n<meta property=\"og:description\" content=\"Veja em Vagas de Emprego RJ as vagas de emprego com e sem experi\u00eancia no seu Estado e Regi\u00e3o!\" \/>\n<meta property=\"og:url\" content=\"https:\/\/www.vagadeempregorj.com.br\/fr\/empregos-refriko\/\" \/>\n<meta property=\"article:publisher\" content=\"https:\/\/www.facebook.com\/empregobrasiloficial\" \/>\n<meta property=\"article:published_time\" content=\"2023-11-07T03:01:00+00:00\" \/>\n<meta property=\"article:modified_time\" content=\"2025-11-26T23:20:13+00:00\" \/>\n<meta property=\"og:image\" content=\"https:\/\/www.vagadeempregorj.com.br\/wp-content\/uploads\/2022\/12\/empregos-Refriko.jpg\" \/>\n\t<meta property=\"og:image:width\" content=\"500\" \/>\n\t<meta property=\"og:image:height\" content=\"500\" \/>\n\t<meta property=\"og:image:type\" content=\"image\/jpeg\" \/>\n<meta name=\"author\" content=\"Michele\" \/>\n<meta name=\"twitter:card\" content=\"summary_large_image\" \/>\n<meta name=\"twitter:label1\" content=\"\u00c9crit par\" \/>\n\t<meta name=\"twitter:data1\" content=\"Michele\" \/>\n\t<meta name=\"twitter:label2\" content=\"Dur\u00e9e de lecture estim\u00e9e\" \/>\n\t<meta name=\"twitter:data2\" content=\"3 minutes\" \/>\n<script type=\"application\/ld+json\" class=\"yoast-schema-graph\">{\"@context\":\"https:\\\/\\\/schema.org\",\"@graph\":[{\"@type\":\"Article\",\"@id\":\"https:\\\/\\\/www.vagadeempregorj.com.br\\\/empregos-refriko\\\/#article\",\"isPartOf\":{\"@id\":\"https:\\\/\\\/www.vagadeempregorj.com.br\\\/empregos-refriko\\\/\"},\"author\":{\"name\":\"Michele\",\"@id\":\"https:\\\/\\\/www.vagadeempregorj.com.br\\\/#\\\/schema\\\/person\\\/3ddb19fa0539706786e502152f3aae95\"},\"headline\":\"Ajudante de Armaz\u00e9m, Auxiliar de Produ\u00e7\u00e3o, Ajudante de Estoque, Vendedores, Ajudante de Motorista, Auxiliar de Motorista, Jovem Aprendiz e muito mais na Empresa Refriko\",\"datePublished\":\"2023-11-07T03:01:00+00:00\",\"dateModified\":\"2025-11-26T23:20:13+00:00\",\"mainEntityOfPage\":{\"@id\":\"https:\\\/\\\/www.vagadeempregorj.com.br\\\/empregos-refriko\\\/\"},\"wordCount\":607,\"image\":{\"@id\":\"https:\\\/\\\/www.vagadeempregorj.com.br\\\/empregos-refriko\\\/#primaryimage\"},\"thumbnailUrl\":\"https:\\\/\\\/www.vagadeempregorj.com.br\\\/wp-content\\\/uploads\\\/2022\\\/12\\\/empregos-Refriko.jpg\",\"keywords\":[\"oportunidades\",\"Refriko\",\"vagas de emprego\"],\"articleSection\":[\"Vagas de Emprego Nacionais\"],\"inLanguage\":\"fr-FR\"},{\"@type\":\"WebPage\",\"@id\":\"https:\\\/\\\/www.vagadeempregorj.com.br\\\/empregos-refriko\\\/\",\"url\":\"https:\\\/\\\/www.vagadeempregorj.com.br\\\/empregos-refriko\\\/\",\"name\":\"Ajudante de Armaz\u00e9m, Auxiliar de Produ\u00e7\u00e3o, Ajudante de Estoque, Vendedores, Ajudante de Motorista, Auxiliar de Motorista, Jovem Aprendiz e muito mais na Empresa Refriko -\",\"isPartOf\":{\"@id\":\"https:\\\/\\\/www.vagadeempregorj.com.br\\\/#website\"},\"primaryImageOfPage\":{\"@id\":\"https:\\\/\\\/www.vagadeempregorj.com.br\\\/empregos-refriko\\\/#primaryimage\"},\"image\":{\"@id\":\"https:\\\/\\\/www.vagadeempregorj.com.br\\\/empregos-refriko\\\/#primaryimage\"},\"thumbnailUrl\":\"https:\\\/\\\/www.vagadeempregorj.com.br\\\/wp-content\\\/uploads\\\/2022\\\/12\\\/empregos-Refriko.jpg\",\"datePublished\":\"2023-11-07T03:01:00+00:00\",\"dateModified\":\"2025-11-26T23:20:13+00:00\",\"author\":{\"@id\":\"https:\\\/\\\/www.vagadeempregorj.com.br\\\/#\\\/schema\\\/person\\\/3ddb19fa0539706786e502152f3aae95\"},\"description\":\"Veja em Vagas de Emprego RJ as vagas de emprego com e sem experi\u00eancia no seu Estado e Regi\u00e3o!\",\"breadcrumb\":{\"@id\":\"https:\\\/\\\/www.vagadeempregorj.com.br\\\/empregos-refriko\\\/#breadcrumb\"},\"inLanguage\":\"fr-FR\",\"potentialAction\":[{\"@type\":\"ReadAction\",\"target\":[\"https:\\\/\\\/www.vagadeempregorj.com.br\\\/empregos-refriko\\\/\"]}]},{\"@type\":\"ImageObject\",\"inLanguage\":\"fr-FR\",\"@id\":\"https:\\\/\\\/www.vagadeempregorj.com.br\\\/empregos-refriko\\\/#primaryimage\",\"url\":\"https:\\\/\\\/www.vagadeempregorj.com.br\\\/wp-content\\\/uploads\\\/2022\\\/12\\\/empregos-Refriko.jpg\",\"contentUrl\":\"https:\\\/\\\/www.vagadeempregorj.com.br\\\/wp-content\\\/uploads\\\/2022\\\/12\\\/empregos-Refriko.jpg\",\"width\":500,\"height\":500,\"caption\":\"Imagem: Refriko - Reprodu\u00e7\u00e3o\"},{\"@type\":\"BreadcrumbList\",\"@id\":\"https:\\\/\\\/www.vagadeempregorj.com.br\\\/empregos-refriko\\\/#breadcrumb\",\"itemListElement\":[{\"@type\":\"ListItem\",\"position\":1,\"name\":\"In\u00edcio\",\"item\":\"https:\\\/\\\/www.vagadeempregorj.com.br\\\/\"},{\"@type\":\"ListItem\",\"position\":2,\"name\":\"Vagas de Emprego Nacionais\",\"item\":\"https:\\\/\\\/www.vagadeempregorj.com.br\\\/vagas-de-emprego-nacionais\\\/\"},{\"@type\":\"ListItem\",\"position\":3,\"name\":\"Ajudante de Armaz\u00e9m, Auxiliar de Produ\u00e7\u00e3o, Ajudante de Estoque, Vendedores, Ajudante de Motorista, Auxiliar de Motorista, Jovem Aprendiz e muito mais na Empresa Refriko\"}]},{\"@type\":\"WebSite\",\"@id\":\"https:\\\/\\\/www.vagadeempregorj.com.br\\\/#website\",\"url\":\"https:\\\/\\\/www.vagadeempregorj.com.br\\\/\",\"name\":\"\",\"description\":\"Conquiste Sonhos: Vagas, Benef\u00edcios e Economia para Transformar Vidas e Alcan\u00e7ar Melhorias Cotidianas\",\"potentialAction\":[{\"@type\":\"SearchAction\",\"target\":{\"@type\":\"EntryPoint\",\"urlTemplate\":\"https:\\\/\\\/www.vagadeempregorj.com.br\\\/?s={search_term_string}\"},\"query-input\":{\"@type\":\"PropertyValueSpecification\",\"valueRequired\":true,\"valueName\":\"search_term_string\"}}],\"inLanguage\":\"fr-FR\"},{\"@type\":\"Person\",\"@id\":\"https:\\\/\\\/www.vagadeempregorj.com.br\\\/#\\\/schema\\\/person\\\/3ddb19fa0539706786e502152f3aae95\",\"name\":\"Michele\",\"image\":{\"@type\":\"ImageObject\",\"inLanguage\":\"fr-FR\",\"@id\":\"https:\\\/\\\/secure.gravatar.com\\\/avatar\\\/6b0eb9d22841282815e2cd856a0061c45e1761cd54b22e952d98c4746939aa85?s=96&r=g\",\"url\":\"https:\\\/\\\/secure.gravatar.com\\\/avatar\\\/6b0eb9d22841282815e2cd856a0061c45e1761cd54b22e952d98c4746939aa85?s=96&r=g\",\"contentUrl\":\"https:\\\/\\\/secure.gravatar.com\\\/avatar\\\/6b0eb9d22841282815e2cd856a0061c45e1761cd54b22e952d98c4746939aa85?s=96&r=g\",\"caption\":\"Michele\"},\"description\":\"Formada em Letras - Portugu\u00eas\\\/ Ingl\u00eas, e idealizadora do site Escritora de Sucesso, busca expandir o conhecimento de todos com informa\u00e7\u00f5es relevantes sobre diversos assuntos, enquanto redatora. No Vaga de Emprego RJ, traz oportunidades e dicas sobre o mercado de trabalho.\",\"url\":\"https:\\\/\\\/www.vagadeempregorj.com.br\\\/fr\\\/author\\\/michele\\\/\"}]}<\/script>\n<!-- \/ Yoast SEO plugin. -->","yoast_head_json":{"title":"Ajudante de Armaz\u00e9m, Auxiliar de Produ\u00e7\u00e3o, Ajudante de Estoque, Vendedores, Ajudante de Motorista, Auxiliar de Motorista, Jovem Aprendiz e muito mais na Empresa Refriko -","description":"Veja em Vagas de Emprego RJ as vagas de emprego com e sem experi\u00eancia no seu Estado e Regi\u00e3o!","robots":{"index":"index","follow":"follow","max-snippet":"max-snippet:-1","max-image-preview":"max-image-preview:large","max-video-preview":"max-video-preview:-1"},"canonical":"https:\/\/www.vagadeempregorj.com.br\/fr\/empregos-refriko\/","og_locale":"fr_FR","og_type":"article","og_title":"Ajudante de Armaz\u00e9m, Auxiliar de Produ\u00e7\u00e3o, Ajudante de Estoque, Vendedores, Ajudante de Motorista, Auxiliar de Motorista, Jovem Aprendiz e muito mais na Empresa Refriko -","og_description":"Veja em Vagas de Emprego RJ as vagas de emprego com e sem experi\u00eancia no seu Estado e Regi\u00e3o!","og_url":"https:\/\/www.vagadeempregorj.com.br\/fr\/empregos-refriko\/","article_publisher":"https:\/\/www.facebook.com\/empregobrasiloficial","article_published_time":"2023-11-07T03:01:00+00:00","article_modified_time":"2025-11-26T23:20:13+00:00","og_image":[{"width":500,"height":500,"url":"https:\/\/www.vagadeempregorj.com.br\/wp-content\/uploads\/2022\/12\/empregos-Refriko.jpg","type":"image\/jpeg"}],"author":"Michele","twitter_card":"summary_large_image","twitter_misc":{"\u00c9crit par":"Michele","Dur\u00e9e de lecture estim\u00e9e":"3 minutes"},"schema":{"@context":"https:\/\/schema.org","@graph":[{"@type":"Article","@id":"https:\/\/www.vagadeempregorj.com.br\/empregos-refriko\/#article","isPartOf":{"@id":"https:\/\/www.vagadeempregorj.com.br\/empregos-refriko\/"},"author":{"name":"Michele","@id":"https:\/\/www.vagadeempregorj.com.br\/#\/schema\/person\/3ddb19fa0539706786e502152f3aae95"},"headline":"Ajudante de Armaz\u00e9m, Auxiliar de Produ\u00e7\u00e3o, Ajudante de Estoque, Vendedores, Ajudante de Motorista, Auxiliar de Motorista, Jovem Aprendiz e muito mais na Empresa Refriko","datePublished":"2023-11-07T03:01:00+00:00","dateModified":"2025-11-26T23:20:13+00:00","mainEntityOfPage":{"@id":"https:\/\/www.vagadeempregorj.com.br\/empregos-refriko\/"},"wordCount":607,"image":{"@id":"https:\/\/www.vagadeempregorj.com.br\/empregos-refriko\/#primaryimage"},"thumbnailUrl":"https:\/\/www.vagadeempregorj.com.br\/wp-content\/uploads\/2022\/12\/empregos-Refriko.jpg","keywords":["oportunidades","Refriko","vagas de emprego"],"articleSection":["Vagas de Emprego Nacionais"],"inLanguage":"fr-FR"},{"@type":"WebPage","@id":"https:\/\/www.vagadeempregorj.com.br\/empregos-refriko\/","url":"https:\/\/www.vagadeempregorj.com.br\/empregos-refriko\/","name":"Ajudante de Armaz\u00e9m, Auxiliar de Produ\u00e7\u00e3o, Ajudante de Estoque, Vendedores, Ajudante de Motorista, Auxiliar de Motorista, Jovem Aprendiz e muito mais na Empresa Refriko -","isPartOf":{"@id":"https:\/\/www.vagadeempregorj.com.br\/#website"},"primaryImageOfPage":{"@id":"https:\/\/www.vagadeempregorj.com.br\/empregos-refriko\/#primaryimage"},"image":{"@id":"https:\/\/www.vagadeempregorj.com.br\/empregos-refriko\/#primaryimage"},"thumbnailUrl":"https:\/\/www.vagadeempregorj.com.br\/wp-content\/uploads\/2022\/12\/empregos-Refriko.jpg","datePublished":"2023-11-07T03:01:00+00:00","dateModified":"2025-11-26T23:20:13+00:00","author":{"@id":"https:\/\/www.vagadeempregorj.com.br\/#\/schema\/person\/3ddb19fa0539706786e502152f3aae95"},"description":"Veja em Vagas de Emprego RJ as vagas de emprego com e sem experi\u00eancia no seu Estado e Regi\u00e3o!","breadcrumb":{"@id":"https:\/\/www.vagadeempregorj.com.br\/empregos-refriko\/#breadcrumb"},"inLanguage":"fr-FR","potentialAction":[{"@type":"ReadAction","target":["https:\/\/www.vagadeempregorj.com.br\/empregos-refriko\/"]}]},{"@type":"ImageObject","inLanguage":"fr-FR","@id":"https:\/\/www.vagadeempregorj.com.br\/empregos-refriko\/#primaryimage","url":"https:\/\/www.vagadeempregorj.com.br\/wp-content\/uploads\/2022\/12\/empregos-Refriko.jpg","contentUrl":"https:\/\/www.vagadeempregorj.com.br\/wp-content\/uploads\/2022\/12\/empregos-Refriko.jpg","width":500,"height":500,"caption":"Imagem: Refriko - Reprodu\u00e7\u00e3o"},{"@type":"BreadcrumbList","@id":"https:\/\/www.vagadeempregorj.com.br\/empregos-refriko\/#breadcrumb","itemListElement":[{"@type":"ListItem","position":1,"name":"In\u00edcio","item":"https:\/\/www.vagadeempregorj.com.br\/"},{"@type":"ListItem","position":2,"name":"Vagas de Emprego Nacionais","item":"https:\/\/www.vagadeempregorj.com.br\/vagas-de-emprego-nacionais\/"},{"@type":"ListItem","position":3,"name":"Ajudante de Armaz\u00e9m, Auxiliar de Produ\u00e7\u00e3o, Ajudante de Estoque, Vendedores, Ajudante de Motorista, Auxiliar de Motorista, Jovem Aprendiz e muito mais na Empresa Refriko"}]},{"@type":"WebSite","@id":"https:\/\/www.vagadeempregorj.com.br\/#website","url":"https:\/\/www.vagadeempregorj.com.br\/","name":"","description":"Conquiste Sonhos: Vagas, Benef\u00edcios e Economia para Transformar Vidas e Alcan\u00e7ar Melhorias Cotidianas","potentialAction":[{"@type":"SearchAction","target":{"@type":"EntryPoint","urlTemplate":"https:\/\/www.vagadeempregorj.com.br\/?s={search_term_string}"},"query-input":{"@type":"PropertyValueSpecification","valueRequired":true,"valueName":"search_term_string"}}],"inLanguage":"fr-FR"},{"@type":"Person","@id":"https:\/\/www.vagadeempregorj.com.br\/#\/schema\/person\/3ddb19fa0539706786e502152f3aae95","name":"Michele","image":{"@type":"ImageObject","inLanguage":"fr-FR","@id":"https:\/\/secure.gravatar.com\/avatar\/6b0eb9d22841282815e2cd856a0061c45e1761cd54b22e952d98c4746939aa85?s=96&r=g","url":"https:\/\/secure.gravatar.com\/avatar\/6b0eb9d22841282815e2cd856a0061c45e1761cd54b22e952d98c4746939aa85?s=96&r=g","contentUrl":"https:\/\/secure.gravatar.com\/avatar\/6b0eb9d22841282815e2cd856a0061c45e1761cd54b22e952d98c4746939aa85?s=96&r=g","caption":"Michele"},"description":"Formada em Letras - Portugu\u00eas\/ Ingl\u00eas, e idealizadora do site Escritora de Sucesso, busca expandir o conhecimento de todos com informa\u00e7\u00f5es relevantes sobre diversos assuntos, enquanto redatora. No Vaga de Emprego RJ, traz oportunidades e dicas sobre o mercado de trabalho.","url":"https:\/\/www.vagadeempregorj.com.br\/fr\/author\/michele\/"}]}},"_links":{"self":[{"href":"https:\/\/www.vagadeempregorj.com.br\/fr\/wp-json\/wp\/v2\/posts\/36910","targetHints":{"allow":["GET"]}}],"collection":[{"href":"https:\/\/www.vagadeempregorj.com.br\/fr\/wp-json\/wp\/v2\/posts"}],"about":[{"href":"https:\/\/www.vagadeempregorj.com.br\/fr\/wp-json\/wp\/v2\/types\/post"}],"author":[{"embeddable":true,"href":"https:\/\/www.vagadeempregorj.com.br\/fr\/wp-json\/wp\/v2\/users\/16"}],"replies":[{"embeddable":true,"href":"https:\/\/www.vagadeempregorj.com.br\/fr\/wp-json\/wp\/v2\/comments?post=36910"}],"version-history":[{"count":1,"href":"https:\/\/www.vagadeempregorj.com.br\/fr\/wp-json\/wp\/v2\/posts\/36910\/revisions"}],"predecessor-version":[{"id":43925,"href":"https:\/\/www.vagadeempregorj.com.br\/fr\/wp-json\/wp\/v2\/posts\/36910\/revisions\/43925"}],"wp:featuredmedia":[{"embeddable":true,"href":"https:\/\/www.vagadeempregorj.com.br\/fr\/wp-json\/wp\/v2\/media\/36934"}],"wp:attachment":[{"href":"https:\/\/www.vagadeempregorj.com.br\/fr\/wp-json\/wp\/v2\/media?parent=36910"}],"wp:term":[{"taxonomy":"category","embeddable":true,"href":"https:\/\/www.vagadeempregorj.com.br\/fr\/wp-json\/wp\/v2\/categories?post=36910"},{"taxonomy":"post_tag","embeddable":true,"href":"https:\/\/www.vagadeempregorj.com.br\/fr\/wp-json\/wp\/v2\/tags?post=36910"}],"curies":[{"name":"wp","href":"https:\/\/api.w.org\/{rel}","templated":true}]}}