{"id":36916,"date":"2023-11-07T00:01:00","date_gmt":"2023-11-07T03:01:00","guid":{"rendered":"https:\/\/www.vagadeempregorj.com.br\/?p=36916"},"modified":"2025-07-07T20:08:57","modified_gmt":"2025-07-07T23:08:57","slug":"empregos-nelogica","status":"publish","type":"post","link":"https:\/\/www.vagadeempregorj.com.br\/fr\/empregos-nelogica\/","title":{"rendered":"Redator, Est\u00e1gios, Assistente Comercial, Desenvolvedores, Analistas e muito mais na Empresa Nelogica"},"content":{"rendered":"<p>Atualizado em<\/p>\n\n\n<div class=\"wp-block-post-date\"><time datetime=\"2023-11-07T00:01:00-03:00\">07\/11\/2023<\/time><\/div>\n\n\n<p>Os <strong>Empregos Nelogica <\/strong>possuem diversos benef\u00edcios, visto que a empresa nasceu do sonho empreendedor de dois amigos de inf\u00e2ncia, apaixonados por mercado financeiro e tecnologia, que resolveram juntar esses dois mundos e democratizar o acesso a informa\u00e7\u00f5es de investimentos. Hoje, eles s\u00e3o refer\u00eancia em nosso segmento, consolidando nossa posi\u00e7\u00e3o como a maior empresa de plataforma de negocia\u00e7\u00e3o da Am\u00e9rica Latina, atingindo mais de 1 milh\u00e3o de pessoas com as suas mais diversas solu\u00e7\u00f5es. O seu objetivo no desenvolvimento de software de alto desempenho \u00e9 mudar o futuro dos mercados financeiros e se tornaram a melhor tecnologia de investimento do mundo, j\u00e1 possuem mais de 700 colaboradores construindo isso!<\/p>\n\n\n\n<figure class=\"wp-block-image size-full\"><img loading=\"lazy\" decoding=\"async\" width=\"500\" height=\"500\" src=\"https:\/\/www.vagadeempregorj.com.br\/wp-content\/uploads\/2022\/12\/empregos-Nelogica.png\" alt=\"empregos Nelogica\" class=\"wp-image-36937\" srcset=\"https:\/\/www.vagadeempregorj.com.br\/wp-content\/uploads\/2022\/12\/empregos-Nelogica.png 500w, https:\/\/www.vagadeempregorj.com.br\/wp-content\/uploads\/2022\/12\/empregos-Nelogica-300x300.png 300w, https:\/\/www.vagadeempregorj.com.br\/wp-content\/uploads\/2022\/12\/empregos-Nelogica-150x150.png 150w, https:\/\/www.vagadeempregorj.com.br\/wp-content\/uploads\/2022\/12\/empregos-Nelogica-96x96.png 96w\" sizes=\"auto, (max-width: 500px) 100vw, 500px\" \/><figcaption class=\"wp-element-caption\">Imagem: Nelogica &#8211; Reprodu\u00e7\u00e3o<\/figcaption><\/figure>\n\n\n\n<h2 class=\"wp-block-heading\">Conhe\u00e7a todas as oportunidades de Empregos Nelogica anunciadas<\/h2>\n\n\n\n<p>H\u00e1 vagas para estagi\u00e1rios que estejam cursando Tecnologia da Informa\u00e7\u00e3o, Ci\u00eancia da Computa\u00e7\u00e3o, An\u00e1lise e Desenvolvimento de Sistemas, Engenharia da Computa\u00e7\u00e3o ou \u00e1reas correlatas. Veja a seguir todos os cargos ofertados e descubra em seguida como fazer a sua inscri\u00e7\u00e3o:<\/p>\n\n\n\n<ul class=\"wp-block-list\">\n<li>Desenvolv.de Software Backend Sistemas de informa\u00e7\u00e3o;<\/li>\n\n\n\n<li>Anl. Comercial B2B;<\/li>\n\n\n\n<li>Est\u00e1gio em Desenvolvimento de Software;<\/li>\n\n\n\n<li>Desenvolv. Mobile IOS;<\/li>\n\n\n\n<li>Redator;<\/li>\n\n\n\n<li>Anl. de Infraestrutura Cloud;<\/li>\n\n\n\n<li>Desenvolv. de Software Desktop;<\/li>\n\n\n\n<li>Cientista de Dados Sr;<\/li>\n\n\n\n<li>Anl. de Social Media;<\/li>\n\n\n\n<li>L\u00edder de Desenvolvimento de Software;<\/li>\n\n\n\n<li>Espec. em FP&A;<\/li>\n\n\n\n<li>Ass. Comercial;&nbsp;<\/li>\n\n\n\n<li>Content Creator \u2013 Crypto;<\/li>\n\n\n\n<li>Desenvolv. de Software Web;<\/li>\n\n\n\n<li>Ass. de Customer Success;<\/li>\n\n\n\n<li>Inside Sales;<\/li>\n\n\n\n<li>Desenvolv. Mobile Android;<\/li>\n\n\n\n<li>Ass. de Suporte;<\/li>\n\n\n\n<li>Desenvolv. de Software Backend Server Side.<\/li>\n<\/ul>\n\n\n\n<h3 class=\"wp-block-heading\">Como se candidatar<\/h3>\n\n\n\n<p>Para participar do processo seletivo da empresa \u00e9 necess\u00e1rio acessar o site em que ele \u00e9 realizado, ent\u00e3o clique no link abaixo:<\/p>\n\n\n\n<ul class=\"wp-block-list\">\n<li>Vagas Nelogica.<\/li>\n<\/ul>\n\n\n\n<p>Em seguida, encontre a fun\u00e7\u00e3o desejada e leia com cuidado todos os requisitos para saber se ela possui compatibilidade com o seu curr\u00edculo. Caso haja, entre com o seu login ou crie o seu cadastro na plataforma.<\/p>\n\n\n\n<p><strong>Veja tamb\u00e9m: <a href=\"https:\/\/www.vagadeempregorj.com.br\/fr\/empregos-combio-energia\/\">Mec\u00e2nico de Manuten\u00e7\u00e3o, Motorista de Carreta, Mec\u00e2nico de M\u00e1quinas Florestais, Eletricistas, Analistas e muito mais na Empresa ComBio Energia<\/a><\/strong><\/p>\n\n\n\n<h2 class=\"wp-block-heading\">Sobre a Nelogica<\/h2>\n\n\n\n<p>A empresa informa os mercados financeiros e desenvolve aplicativos avan\u00e7ados. A flexibilidade de sua linha de produtos faz com que sua carteira de clientes seja composta por investidores individuais e institucionais, corretoras, bancos, companhias abertas, funda\u00e7\u00f5es e consultorias. Ao criar um software inovador, proporciona aos investidores um processo de tomada de decis\u00e3o mais seguro, estruturado e preciso.&nbsp;<\/p>\n\n\n\n<p>A maior caracter\u00edstica da empresa \u00e9 a diferencia\u00e7\u00e3o t\u00e9cnica, com foco em an\u00e1lise de ativos, monitoramento e sistemas de negocia\u00e7\u00e3o. O software da companhia agora participa ativamente dos milhares de pedidos de compra e venda gerados todos os dias. Eles possuem um dos mais modernos parques tecnol\u00f3gicos do Brasil, composto por quatro data centers localizados na cidade de S\u00e3o Paulo. Cada instala\u00e7\u00e3o possui total redund\u00e2ncia de linhas de dados, grupos de servidores e software, garantindo um alt\u00edssimo n\u00edvel de disponibilidade.&nbsp;<\/p>\n\n\n\n<p>Refor\u00e7ados com compromisso e crescimento exponencial, somos uma empresa progressiva. A Endeavor \u00e9 uma organiza\u00e7\u00e3o global sem fins lucrativos projetada para multiplicar o poder transformador dos empreendedores. Tornar-se uma empresa apoiada pela Endeavor \u00e9 uma prova do crescimento cont\u00ednuo da empresa, que est\u00e1 empenhada em fornecer um servi\u00e7o da mais alta qualidade e est\u00e1 comprometida com o sucesso de seus clientes e parceiros. Acreditam que o poder de combinar tecnologia e pessoas pode produzir resultados verdadeiramente fant\u00e1sticos.<\/p>","protected":false},"excerpt":{"rendered":"<p>Atualizado em Os Empregos Nelogica possuem diversos benef\u00edcios, visto que a empresa nasceu do sonho empreendedor de dois amigos de inf\u00e2ncia, apaixonados por mercado financeiro e tecnologia, que resolveram juntar esses dois mundos e democratizar o acesso a informa\u00e7\u00f5es de investimentos. Hoje, eles s\u00e3o refer\u00eancia em nosso segmento, consolidando nossa posi\u00e7\u00e3o como a maior empresa&hellip;&nbsp;<\/p>","protected":false},"author":16,"featured_media":36937,"comment_status":"closed","ping_status":"closed","sticky":false,"template":"","format":"standard","meta":{"neve_meta_sidebar":"","neve_meta_container":"","neve_meta_enable_content_width":"","neve_meta_content_width":0,"neve_meta_title_alignment":"","neve_meta_author_avatar":"","neve_post_elements_order":"","neve_meta_disable_header":"","neve_meta_disable_footer":"","neve_meta_disable_title":"","footnotes":""},"categories":[123],"tags":[763,608,211],"class_list":["post-36916","post","type-post","status-publish","format-standard","has-post-thumbnail","hentry","category-vagas-de-emprego-nacionais","tag-nelogica","tag-oportunidades","tag-vagas-de-emprego"],"yoast_head":"<!-- This site is optimized with the Yoast SEO plugin v27.5 - https:\/\/yoast.com\/product\/yoast-seo-wordpress\/ -->\n<title>Redator, Est\u00e1gios, Assistente Comercial, Desenvolvedores, Analistas e muito mais na Empresa Nelogica -<\/title>\n<meta name=\"description\" content=\"Veja em Vagas de Emprego RJ as vagas de emprego com e sem experi\u00eancia no seu Estado e Regi\u00e3o!\" \/>\n<meta name=\"robots\" content=\"index, follow, max-snippet:-1, max-image-preview:large, max-video-preview:-1\" \/>\n<link rel=\"canonical\" href=\"https:\/\/www.vagadeempregorj.com.br\/fr\/empregos-nelogica\/\" \/>\n<meta property=\"og:locale\" content=\"fr_FR\" \/>\n<meta property=\"og:type\" content=\"article\" \/>\n<meta property=\"og:title\" content=\"Redator, Est\u00e1gios, Assistente Comercial, Desenvolvedores, Analistas e muito mais na Empresa Nelogica -\" \/>\n<meta property=\"og:description\" content=\"Veja em Vagas de Emprego RJ as vagas de emprego com e sem experi\u00eancia no seu Estado e Regi\u00e3o!\" \/>\n<meta property=\"og:url\" content=\"https:\/\/www.vagadeempregorj.com.br\/fr\/empregos-nelogica\/\" \/>\n<meta property=\"article:publisher\" content=\"https:\/\/www.facebook.com\/empregobrasiloficial\" \/>\n<meta property=\"article:published_time\" content=\"2023-11-07T03:01:00+00:00\" \/>\n<meta property=\"article:modified_time\" content=\"2025-07-07T23:08:57+00:00\" \/>\n<meta property=\"og:image\" content=\"https:\/\/www.vagadeempregorj.com.br\/wp-content\/uploads\/2022\/12\/empregos-Nelogica.png\" \/>\n\t<meta property=\"og:image:width\" content=\"500\" \/>\n\t<meta property=\"og:image:height\" content=\"500\" \/>\n\t<meta property=\"og:image:type\" content=\"image\/png\" \/>\n<meta name=\"author\" content=\"Michele\" \/>\n<meta name=\"twitter:card\" content=\"summary_large_image\" \/>\n<meta name=\"twitter:label1\" content=\"\u00c9crit par\" \/>\n\t<meta name=\"twitter:data1\" content=\"Michele\" \/>\n\t<meta name=\"twitter:label2\" content=\"Dur\u00e9e de lecture estim\u00e9e\" \/>\n\t<meta name=\"twitter:data2\" content=\"3 minutes\" \/>\n<script type=\"application\/ld+json\" class=\"yoast-schema-graph\">{\"@context\":\"https:\\\/\\\/schema.org\",\"@graph\":[{\"@type\":\"Article\",\"@id\":\"https:\\\/\\\/www.vagadeempregorj.com.br\\\/empregos-nelogica\\\/#article\",\"isPartOf\":{\"@id\":\"https:\\\/\\\/www.vagadeempregorj.com.br\\\/empregos-nelogica\\\/\"},\"author\":{\"name\":\"Michele\",\"@id\":\"https:\\\/\\\/www.vagadeempregorj.com.br\\\/#\\\/schema\\\/person\\\/3ddb19fa0539706786e502152f3aae95\"},\"headline\":\"Redator, Est\u00e1gios, Assistente Comercial, Desenvolvedores, Analistas e muito mais na Empresa Nelogica\",\"datePublished\":\"2023-11-07T03:01:00+00:00\",\"dateModified\":\"2025-07-07T23:08:57+00:00\",\"mainEntityOfPage\":{\"@id\":\"https:\\\/\\\/www.vagadeempregorj.com.br\\\/empregos-nelogica\\\/\"},\"wordCount\":595,\"image\":{\"@id\":\"https:\\\/\\\/www.vagadeempregorj.com.br\\\/empregos-nelogica\\\/#primaryimage\"},\"thumbnailUrl\":\"https:\\\/\\\/www.vagadeempregorj.com.br\\\/wp-content\\\/uploads\\\/2022\\\/12\\\/empregos-Nelogica.png\",\"keywords\":[\"Nelogica\",\"oportunidades\",\"vagas de emprego\"],\"articleSection\":[\"Vagas de Emprego Nacionais\"],\"inLanguage\":\"fr-FR\"},{\"@type\":\"WebPage\",\"@id\":\"https:\\\/\\\/www.vagadeempregorj.com.br\\\/empregos-nelogica\\\/\",\"url\":\"https:\\\/\\\/www.vagadeempregorj.com.br\\\/empregos-nelogica\\\/\",\"name\":\"Redator, Est\u00e1gios, Assistente Comercial, Desenvolvedores, Analistas e muito mais na Empresa Nelogica -\",\"isPartOf\":{\"@id\":\"https:\\\/\\\/www.vagadeempregorj.com.br\\\/#website\"},\"primaryImageOfPage\":{\"@id\":\"https:\\\/\\\/www.vagadeempregorj.com.br\\\/empregos-nelogica\\\/#primaryimage\"},\"image\":{\"@id\":\"https:\\\/\\\/www.vagadeempregorj.com.br\\\/empregos-nelogica\\\/#primaryimage\"},\"thumbnailUrl\":\"https:\\\/\\\/www.vagadeempregorj.com.br\\\/wp-content\\\/uploads\\\/2022\\\/12\\\/empregos-Nelogica.png\",\"datePublished\":\"2023-11-07T03:01:00+00:00\",\"dateModified\":\"2025-07-07T23:08:57+00:00\",\"author\":{\"@id\":\"https:\\\/\\\/www.vagadeempregorj.com.br\\\/#\\\/schema\\\/person\\\/3ddb19fa0539706786e502152f3aae95\"},\"description\":\"Veja em Vagas de Emprego RJ as vagas de emprego com e sem experi\u00eancia no seu Estado e Regi\u00e3o!\",\"breadcrumb\":{\"@id\":\"https:\\\/\\\/www.vagadeempregorj.com.br\\\/empregos-nelogica\\\/#breadcrumb\"},\"inLanguage\":\"fr-FR\",\"potentialAction\":[{\"@type\":\"ReadAction\",\"target\":[\"https:\\\/\\\/www.vagadeempregorj.com.br\\\/empregos-nelogica\\\/\"]}]},{\"@type\":\"ImageObject\",\"inLanguage\":\"fr-FR\",\"@id\":\"https:\\\/\\\/www.vagadeempregorj.com.br\\\/empregos-nelogica\\\/#primaryimage\",\"url\":\"https:\\\/\\\/www.vagadeempregorj.com.br\\\/wp-content\\\/uploads\\\/2022\\\/12\\\/empregos-Nelogica.png\",\"contentUrl\":\"https:\\\/\\\/www.vagadeempregorj.com.br\\\/wp-content\\\/uploads\\\/2022\\\/12\\\/empregos-Nelogica.png\",\"width\":500,\"height\":500,\"caption\":\"Imagem: Nelogica - Reprodu\u00e7\u00e3o\"},{\"@type\":\"BreadcrumbList\",\"@id\":\"https:\\\/\\\/www.vagadeempregorj.com.br\\\/empregos-nelogica\\\/#breadcrumb\",\"itemListElement\":[{\"@type\":\"ListItem\",\"position\":1,\"name\":\"In\u00edcio\",\"item\":\"https:\\\/\\\/www.vagadeempregorj.com.br\\\/\"},{\"@type\":\"ListItem\",\"position\":2,\"name\":\"Vagas de Emprego Nacionais\",\"item\":\"https:\\\/\\\/www.vagadeempregorj.com.br\\\/vagas-de-emprego-nacionais\\\/\"},{\"@type\":\"ListItem\",\"position\":3,\"name\":\"Redator, Est\u00e1gios, Assistente Comercial, Desenvolvedores, Analistas e muito mais na Empresa Nelogica\"}]},{\"@type\":\"WebSite\",\"@id\":\"https:\\\/\\\/www.vagadeempregorj.com.br\\\/#website\",\"url\":\"https:\\\/\\\/www.vagadeempregorj.com.br\\\/\",\"name\":\"\",\"description\":\"Conquiste Sonhos: Vagas, Benef\u00edcios e Economia para Transformar Vidas e Alcan\u00e7ar Melhorias Cotidianas\",\"potentialAction\":[{\"@type\":\"SearchAction\",\"target\":{\"@type\":\"EntryPoint\",\"urlTemplate\":\"https:\\\/\\\/www.vagadeempregorj.com.br\\\/?s={search_term_string}\"},\"query-input\":{\"@type\":\"PropertyValueSpecification\",\"valueRequired\":true,\"valueName\":\"search_term_string\"}}],\"inLanguage\":\"fr-FR\"},{\"@type\":\"Person\",\"@id\":\"https:\\\/\\\/www.vagadeempregorj.com.br\\\/#\\\/schema\\\/person\\\/3ddb19fa0539706786e502152f3aae95\",\"name\":\"Michele\",\"image\":{\"@type\":\"ImageObject\",\"inLanguage\":\"fr-FR\",\"@id\":\"https:\\\/\\\/secure.gravatar.com\\\/avatar\\\/6b0eb9d22841282815e2cd856a0061c45e1761cd54b22e952d98c4746939aa85?s=96&r=g\",\"url\":\"https:\\\/\\\/secure.gravatar.com\\\/avatar\\\/6b0eb9d22841282815e2cd856a0061c45e1761cd54b22e952d98c4746939aa85?s=96&r=g\",\"contentUrl\":\"https:\\\/\\\/secure.gravatar.com\\\/avatar\\\/6b0eb9d22841282815e2cd856a0061c45e1761cd54b22e952d98c4746939aa85?s=96&r=g\",\"caption\":\"Michele\"},\"description\":\"Formada em Letras - Portugu\u00eas\\\/ Ingl\u00eas, e idealizadora do site Escritora de Sucesso, busca expandir o conhecimento de todos com informa\u00e7\u00f5es relevantes sobre diversos assuntos, enquanto redatora. No Vaga de Emprego RJ, traz oportunidades e dicas sobre o mercado de trabalho.\",\"url\":\"https:\\\/\\\/www.vagadeempregorj.com.br\\\/fr\\\/author\\\/michele\\\/\"}]}<\/script>\n<!-- \/ Yoast SEO plugin. -->","yoast_head_json":{"title":"Redator, Est\u00e1gios, Assistente Comercial, Desenvolvedores, Analistas e muito mais na Empresa Nelogica -","description":"Veja em Vagas de Emprego RJ as vagas de emprego com e sem experi\u00eancia no seu Estado e Regi\u00e3o!","robots":{"index":"index","follow":"follow","max-snippet":"max-snippet:-1","max-image-preview":"max-image-preview:large","max-video-preview":"max-video-preview:-1"},"canonical":"https:\/\/www.vagadeempregorj.com.br\/fr\/empregos-nelogica\/","og_locale":"fr_FR","og_type":"article","og_title":"Redator, Est\u00e1gios, Assistente Comercial, Desenvolvedores, Analistas e muito mais na Empresa Nelogica -","og_description":"Veja em Vagas de Emprego RJ as vagas de emprego com e sem experi\u00eancia no seu Estado e Regi\u00e3o!","og_url":"https:\/\/www.vagadeempregorj.com.br\/fr\/empregos-nelogica\/","article_publisher":"https:\/\/www.facebook.com\/empregobrasiloficial","article_published_time":"2023-11-07T03:01:00+00:00","article_modified_time":"2025-07-07T23:08:57+00:00","og_image":[{"width":500,"height":500,"url":"https:\/\/www.vagadeempregorj.com.br\/wp-content\/uploads\/2022\/12\/empregos-Nelogica.png","type":"image\/png"}],"author":"Michele","twitter_card":"summary_large_image","twitter_misc":{"\u00c9crit par":"Michele","Dur\u00e9e de lecture estim\u00e9e":"3 minutes"},"schema":{"@context":"https:\/\/schema.org","@graph":[{"@type":"Article","@id":"https:\/\/www.vagadeempregorj.com.br\/empregos-nelogica\/#article","isPartOf":{"@id":"https:\/\/www.vagadeempregorj.com.br\/empregos-nelogica\/"},"author":{"name":"Michele","@id":"https:\/\/www.vagadeempregorj.com.br\/#\/schema\/person\/3ddb19fa0539706786e502152f3aae95"},"headline":"Redator, Est\u00e1gios, Assistente Comercial, Desenvolvedores, Analistas e muito mais na Empresa Nelogica","datePublished":"2023-11-07T03:01:00+00:00","dateModified":"2025-07-07T23:08:57+00:00","mainEntityOfPage":{"@id":"https:\/\/www.vagadeempregorj.com.br\/empregos-nelogica\/"},"wordCount":595,"image":{"@id":"https:\/\/www.vagadeempregorj.com.br\/empregos-nelogica\/#primaryimage"},"thumbnailUrl":"https:\/\/www.vagadeempregorj.com.br\/wp-content\/uploads\/2022\/12\/empregos-Nelogica.png","keywords":["Nelogica","oportunidades","vagas de emprego"],"articleSection":["Vagas de Emprego Nacionais"],"inLanguage":"fr-FR"},{"@type":"WebPage","@id":"https:\/\/www.vagadeempregorj.com.br\/empregos-nelogica\/","url":"https:\/\/www.vagadeempregorj.com.br\/empregos-nelogica\/","name":"Redator, Est\u00e1gios, Assistente Comercial, Desenvolvedores, Analistas e muito mais na Empresa Nelogica -","isPartOf":{"@id":"https:\/\/www.vagadeempregorj.com.br\/#website"},"primaryImageOfPage":{"@id":"https:\/\/www.vagadeempregorj.com.br\/empregos-nelogica\/#primaryimage"},"image":{"@id":"https:\/\/www.vagadeempregorj.com.br\/empregos-nelogica\/#primaryimage"},"thumbnailUrl":"https:\/\/www.vagadeempregorj.com.br\/wp-content\/uploads\/2022\/12\/empregos-Nelogica.png","datePublished":"2023-11-07T03:01:00+00:00","dateModified":"2025-07-07T23:08:57+00:00","author":{"@id":"https:\/\/www.vagadeempregorj.com.br\/#\/schema\/person\/3ddb19fa0539706786e502152f3aae95"},"description":"Veja em Vagas de Emprego RJ as vagas de emprego com e sem experi\u00eancia no seu Estado e Regi\u00e3o!","breadcrumb":{"@id":"https:\/\/www.vagadeempregorj.com.br\/empregos-nelogica\/#breadcrumb"},"inLanguage":"fr-FR","potentialAction":[{"@type":"ReadAction","target":["https:\/\/www.vagadeempregorj.com.br\/empregos-nelogica\/"]}]},{"@type":"ImageObject","inLanguage":"fr-FR","@id":"https:\/\/www.vagadeempregorj.com.br\/empregos-nelogica\/#primaryimage","url":"https:\/\/www.vagadeempregorj.com.br\/wp-content\/uploads\/2022\/12\/empregos-Nelogica.png","contentUrl":"https:\/\/www.vagadeempregorj.com.br\/wp-content\/uploads\/2022\/12\/empregos-Nelogica.png","width":500,"height":500,"caption":"Imagem: Nelogica - Reprodu\u00e7\u00e3o"},{"@type":"BreadcrumbList","@id":"https:\/\/www.vagadeempregorj.com.br\/empregos-nelogica\/#breadcrumb","itemListElement":[{"@type":"ListItem","position":1,"name":"In\u00edcio","item":"https:\/\/www.vagadeempregorj.com.br\/"},{"@type":"ListItem","position":2,"name":"Vagas de Emprego Nacionais","item":"https:\/\/www.vagadeempregorj.com.br\/vagas-de-emprego-nacionais\/"},{"@type":"ListItem","position":3,"name":"Redator, Est\u00e1gios, Assistente Comercial, Desenvolvedores, Analistas e muito mais na Empresa Nelogica"}]},{"@type":"WebSite","@id":"https:\/\/www.vagadeempregorj.com.br\/#website","url":"https:\/\/www.vagadeempregorj.com.br\/","name":"","description":"Conquiste Sonhos: Vagas, Benef\u00edcios e Economia para Transformar Vidas e Alcan\u00e7ar Melhorias Cotidianas","potentialAction":[{"@type":"SearchAction","target":{"@type":"EntryPoint","urlTemplate":"https:\/\/www.vagadeempregorj.com.br\/?s={search_term_string}"},"query-input":{"@type":"PropertyValueSpecification","valueRequired":true,"valueName":"search_term_string"}}],"inLanguage":"fr-FR"},{"@type":"Person","@id":"https:\/\/www.vagadeempregorj.com.br\/#\/schema\/person\/3ddb19fa0539706786e502152f3aae95","name":"Michele","image":{"@type":"ImageObject","inLanguage":"fr-FR","@id":"https:\/\/secure.gravatar.com\/avatar\/6b0eb9d22841282815e2cd856a0061c45e1761cd54b22e952d98c4746939aa85?s=96&r=g","url":"https:\/\/secure.gravatar.com\/avatar\/6b0eb9d22841282815e2cd856a0061c45e1761cd54b22e952d98c4746939aa85?s=96&r=g","contentUrl":"https:\/\/secure.gravatar.com\/avatar\/6b0eb9d22841282815e2cd856a0061c45e1761cd54b22e952d98c4746939aa85?s=96&r=g","caption":"Michele"},"description":"Formada em Letras - Portugu\u00eas\/ Ingl\u00eas, e idealizadora do site Escritora de Sucesso, busca expandir o conhecimento de todos com informa\u00e7\u00f5es relevantes sobre diversos assuntos, enquanto redatora. No Vaga de Emprego RJ, traz oportunidades e dicas sobre o mercado de trabalho.","url":"https:\/\/www.vagadeempregorj.com.br\/fr\/author\/michele\/"}]}},"_links":{"self":[{"href":"https:\/\/www.vagadeempregorj.com.br\/fr\/wp-json\/wp\/v2\/posts\/36916","targetHints":{"allow":["GET"]}}],"collection":[{"href":"https:\/\/www.vagadeempregorj.com.br\/fr\/wp-json\/wp\/v2\/posts"}],"about":[{"href":"https:\/\/www.vagadeempregorj.com.br\/fr\/wp-json\/wp\/v2\/types\/post"}],"author":[{"embeddable":true,"href":"https:\/\/www.vagadeempregorj.com.br\/fr\/wp-json\/wp\/v2\/users\/16"}],"replies":[{"embeddable":true,"href":"https:\/\/www.vagadeempregorj.com.br\/fr\/wp-json\/wp\/v2\/comments?post=36916"}],"version-history":[{"count":1,"href":"https:\/\/www.vagadeempregorj.com.br\/fr\/wp-json\/wp\/v2\/posts\/36916\/revisions"}],"predecessor-version":[{"id":43684,"href":"https:\/\/www.vagadeempregorj.com.br\/fr\/wp-json\/wp\/v2\/posts\/36916\/revisions\/43684"}],"wp:featuredmedia":[{"embeddable":true,"href":"https:\/\/www.vagadeempregorj.com.br\/fr\/wp-json\/wp\/v2\/media\/36937"}],"wp:attachment":[{"href":"https:\/\/www.vagadeempregorj.com.br\/fr\/wp-json\/wp\/v2\/media?parent=36916"}],"wp:term":[{"taxonomy":"category","embeddable":true,"href":"https:\/\/www.vagadeempregorj.com.br\/fr\/wp-json\/wp\/v2\/categories?post=36916"},{"taxonomy":"post_tag","embeddable":true,"href":"https:\/\/www.vagadeempregorj.com.br\/fr\/wp-json\/wp\/v2\/tags?post=36916"}],"curies":[{"name":"wp","href":"https:\/\/api.w.org\/{rel}","templated":true}]}}