{"id":36922,"date":"2023-11-06T01:01:00","date_gmt":"2023-11-06T04:01:00","guid":{"rendered":"https:\/\/www.vagadeempregorj.com.br\/?p=36922"},"modified":"2023-11-05T10:50:37","modified_gmt":"2023-11-05T13:50:37","slug":"empregos-vivo-diversidade","status":"publish","type":"post","link":"https:\/\/www.vagadeempregorj.com.br\/fr\/empregos-vivo-diversidade\/","title":{"rendered":"Vagas Exclusivas PCD, Atendentes, Consultores, T\u00e9cnicos e muito mais na Empresa Vivo Diversidade"},"content":{"rendered":"<p>Atualizado em <\/p>\n\n\n<div class=\"wp-block-post-date\"><time datetime=\"2023-11-06T01:01:00-03:00\">06\/11\/2023<\/time><\/div>\n\n\n<p>Os <strong>Empregos Vivo Diversidade<\/strong> oferecem um ambiente livre de preconceitos onde cada pessoa pode alcan\u00e7ar todo o seu potencial. \u00c9 por isso que incentiva o respeito e a empatia para que todos se sintam livres para expressar quem s\u00e3o e exercer seus v\u00e1rios pontos de vista dentro da empresa. Para os candidatos que se identificam com a sua cultura, continue lendo e obtenha mais detalhes sobre o cadastro.&nbsp;<\/p>\n\n\n\n<figure class=\"wp-block-image size-large\"><img loading=\"lazy\" decoding=\"async\" width=\"1024\" height=\"576\" src=\"https:\/\/www.vagadeempregorj.com.br\/wp-content\/uploads\/2022\/12\/empregos-Vivo-1024x576.jpg\" alt=\"empregos Vivo\" class=\"wp-image-36928\" srcset=\"https:\/\/www.vagadeempregorj.com.br\/wp-content\/uploads\/2022\/12\/empregos-Vivo-1024x576.jpg 1024w, https:\/\/www.vagadeempregorj.com.br\/wp-content\/uploads\/2022\/12\/empregos-Vivo-300x169.jpg 300w, https:\/\/www.vagadeempregorj.com.br\/wp-content\/uploads\/2022\/12\/empregos-Vivo-768x432.jpg 768w, https:\/\/www.vagadeempregorj.com.br\/wp-content\/uploads\/2022\/12\/empregos-Vivo-1536x864.jpg 1536w, https:\/\/www.vagadeempregorj.com.br\/wp-content\/uploads\/2022\/12\/empregos-Vivo-383x215.jpg 383w, https:\/\/www.vagadeempregorj.com.br\/wp-content\/uploads\/2022\/12\/empregos-Vivo-150x84.jpg 150w, https:\/\/www.vagadeempregorj.com.br\/wp-content\/uploads\/2022\/12\/empregos-Vivo.jpg 1920w\" sizes=\"auto, (max-width: 1024px) 100vw, 1024px\" \/><figcaption class=\"wp-element-caption\">Imagem: Vivo &#8211; Reprodu\u00e7\u00e3o<\/figcaption><\/figure>\n\n\n\n<h2 class=\"wp-block-heading\">Confira as oportunidades de empregos Vivo Diversidade&nbsp;<\/h2>\n\n\n\n<p>A empresa Vivo tem como principal objetivo garantir a inclus\u00e3o e a diversidade em todas as \u00e1reas da companhia, por conta disso criou uma p\u00e1gina dentro da plataforma Gupy com vagas exclusivas afirmativas, onde profissionais que se identificam com a empresa e buscam um local de trabalho inclusivo possam se cadastrar. Confira algumas oportunidades que podem ser preenchidas:<\/p>\n\n\n\n<ul class=\"wp-block-list\">\n<li>Pessoas 50+ \u2014 Consultores de Neg\u00f3cios;<\/li>\n\n\n\n<li>Consultores de Neg\u00f3cios \u2014 vaga exclusiva para portadores de defici\u00eancia;<\/li>\n\n\n\n<li>T\u00e9cnico Telecom n\u00edvel J\u00fanior \u2014 vaga exclusiva para portadores de defici\u00eancia;<\/li>\n\n\n\n<li>Consultores de Neg\u00f3cios n\u00edvel Pleno \u2014 vaga exclusivas para pessoas Trans;<\/li>\n\n\n\n<li>Consultores de neg\u00f3cios n\u00edvel Pleno \u2014 exclusivo para pessoas 50+;<\/li>\n\n\n\n<li>Consultores de Neg\u00f3cios n\u00edvel J\u00fanior \u2014 vaga exclusiva para portadores de defici\u00eancia;<\/li>\n\n\n\n<li>Vaga exclusiva para portadores de defici\u00eancia \u2014 Banco de Talentos Setor de Engenharia e servi\u00e7os para o cliente;<\/li>\n\n\n\n<li>Vaga exclusiva para portadores de defici\u00eancia \u2014 banco de talentos;<\/li>\n\n\n\n<li>Pessoas 50+ \u2014 Atendentes experiente com Clientes;<\/li>\n\n\n\n<li>Exclusivamente para Pessoas Trans \u2014 Atendentes com Experi\u00eancia com o Cliente;<\/li>\n\n\n\n<li>Exclusivamente para Pessoas Negras \u2014 Atendentes com Experi\u00eancia com o Cliente;<\/li>\n\n\n\n<li>Atendentes Controle e Agendamento \u2014 Exclusivamente para Portadores de Defici\u00eancia.&nbsp;<\/li>\n<\/ul>\n\n\n\n<p>Todas as vagas est\u00e3o dispon\u00edveis em diferentes regi\u00f5es onde a empresa possui unidades ativas, portanto, para que as chances de contrata\u00e7\u00e3o aumentem, morar pr\u00f3ximo dessas regi\u00f5es \u00e9 primordial.&nbsp;<\/p>\n\n\n\n<h3 class=\"wp-block-heading\">Como se candidatar&nbsp;<\/h3>\n\n\n\n<p>Para fazer parte da empresa Vivo Diversidade, o interessado deve atender aos requisitos m\u00ednimos da fun\u00e7\u00e3o escolhida e se identificar com a cultura da companhia, que preza pela diversidade e inclus\u00e3o em todos os setores dispon\u00edveis para candidatura. Para obter mais detalhes, consultar todas as vagas e regi\u00f5es dispon\u00edveis, basta acessar o link abaixo.&nbsp;<\/p>\n\n\n\n<ul class=\"wp-block-list\">\n<li><a href=\"https:\/\/vivodiversidade.gupy.io\">Oportunidades Vivo Diversidade<\/a>.&nbsp;<\/li>\n<\/ul>\n\n\n\n<p>Os profissionais que n\u00e3o encontrarem nenhuma posi\u00e7\u00e3o que se encaixe dentro de suas habilidades, pode deixar registrado seu curr\u00edculo atualizado no banco de talentos da companhia, onde posteriormente quando novas vagas surgirem, o candidato ser\u00e1 avisado sobre os pr\u00f3ximos passos do processo seletivo.&nbsp;<\/p>\n\n\n\n<p><strong>Veja tamb\u00e9m: <a href=\"https:\/\/www.vagadeempregorj.com.br\/fr\/empregos-combio-energia\/\">Mec\u00e2nico de Manuten\u00e7\u00e3o, Motorista de Carreta, Mec\u00e2nico de M\u00e1quinas Florestais, Eletricistas, Analistas e muito mais na Empresa ComBio Energia<\/a><\/strong><\/p>\n\n\n\n<h2 class=\"wp-block-heading\">Sobre a empresa Vivo Diversidade<\/h2>\n\n\n\n<p>A empresa Vivo \u00e9 uma subsidi\u00e1ria do Grupo Telef\u00f4nica, l\u00edder de mercado em telecomunica\u00e7\u00f5es brasileiras. A empresa trabalha para &#8220;digitalizar&#8221; pessoas, a sociedade e empresas como um todo, fortalecendo os la\u00e7os nacionais e transformando a qualidade de vida dos brasileiros. tem como objetivo dar aos seus clientes mais personaliza\u00e7\u00e3o, autonomia e escolha em tempo real, colocando-os no comando de suas vidas digitais com seguran\u00e7a e confiabilidade.<\/p>\n\n\n\n<p>Para que isso seja poss\u00edvel, ela est\u00e1 conduzindo um processo de transforma\u00e7\u00e3o digital e revolucionando a Vivo de dentro para fora. Toda a empresa utiliza metodologias antigas em um esfor\u00e7o para se conectar com as pr\u00e1ticas de trabalho mais inovadoras e colaborativas.<\/p>","protected":false},"excerpt":{"rendered":"<p>Atualizado em Os Empregos Vivo Diversidade oferecem um ambiente livre de preconceitos onde cada pessoa pode alcan\u00e7ar todo o seu potencial. \u00c9 por isso que incentiva o respeito e a empatia para que todos se sintam livres para expressar quem s\u00e3o e exercer seus v\u00e1rios pontos de vista dentro da empresa. Para os candidatos que&hellip;&nbsp;<\/p>","protected":false},"author":16,"featured_media":36928,"comment_status":"closed","ping_status":"closed","sticky":false,"template":"","format":"standard","meta":{"neve_meta_sidebar":"","neve_meta_container":"","neve_meta_enable_content_width":"","neve_meta_content_width":0,"neve_meta_title_alignment":"","neve_meta_author_avatar":"","neve_post_elements_order":"","neve_meta_disable_header":"","neve_meta_disable_footer":"","neve_meta_disable_title":"","footnotes":""},"categories":[123],"tags":[608,211,760],"class_list":["post-36922","post","type-post","status-publish","format-standard","has-post-thumbnail","hentry","category-vagas-de-emprego-nacionais","tag-oportunidades","tag-vagas-de-emprego","tag-vivo-diversidade"],"yoast_head":"<!-- This site is optimized with the Yoast SEO plugin v27.5 - https:\/\/yoast.com\/product\/yoast-seo-wordpress\/ -->\n<title>Vagas Exclusivas PCD, Atendentes, Consultores, T\u00e9cnicos e muito mais na Empresa Vivo Diversidade -<\/title>\n<meta name=\"description\" content=\"Veja em Vagas de Emprego RJ as vagas de emprego com e sem experi\u00eancia no seu Estado e Regi\u00e3o!\" \/>\n<meta name=\"robots\" content=\"index, follow, max-snippet:-1, max-image-preview:large, max-video-preview:-1\" \/>\n<link rel=\"canonical\" href=\"https:\/\/www.vagadeempregorj.com.br\/fr\/empregos-vivo-diversidade\/\" \/>\n<meta property=\"og:locale\" content=\"fr_FR\" \/>\n<meta property=\"og:type\" content=\"article\" \/>\n<meta property=\"og:title\" content=\"Vagas Exclusivas PCD, Atendentes, Consultores, T\u00e9cnicos e muito mais na Empresa Vivo Diversidade -\" \/>\n<meta property=\"og:description\" content=\"Veja em Vagas de Emprego RJ as vagas de emprego com e sem experi\u00eancia no seu Estado e Regi\u00e3o!\" \/>\n<meta property=\"og:url\" content=\"https:\/\/www.vagadeempregorj.com.br\/fr\/empregos-vivo-diversidade\/\" \/>\n<meta property=\"article:publisher\" content=\"https:\/\/www.facebook.com\/empregobrasiloficial\" \/>\n<meta property=\"article:published_time\" content=\"2023-11-06T04:01:00+00:00\" \/>\n<meta property=\"og:image\" content=\"https:\/\/www.vagadeempregorj.com.br\/wp-content\/uploads\/2022\/12\/empregos-Vivo.jpg\" \/>\n\t<meta property=\"og:image:width\" content=\"1920\" \/>\n\t<meta property=\"og:image:height\" content=\"1080\" \/>\n\t<meta property=\"og:image:type\" content=\"image\/jpeg\" \/>\n<meta name=\"author\" content=\"Michele\" \/>\n<meta name=\"twitter:card\" content=\"summary_large_image\" \/>\n<meta name=\"twitter:label1\" content=\"Written by\" \/>\n\t<meta name=\"twitter:data1\" content=\"Michele\" \/>\n\t<meta name=\"twitter:label2\" content=\"Est. reading time\" \/>\n\t<meta name=\"twitter:data2\" content=\"3 minutes\" \/>\n<script type=\"application\/ld+json\" class=\"yoast-schema-graph\">{\"@context\":\"https:\\\/\\\/schema.org\",\"@graph\":[{\"@type\":\"Article\",\"@id\":\"https:\\\/\\\/www.vagadeempregorj.com.br\\\/empregos-vivo-diversidade\\\/#article\",\"isPartOf\":{\"@id\":\"https:\\\/\\\/www.vagadeempregorj.com.br\\\/empregos-vivo-diversidade\\\/\"},\"author\":{\"name\":\"Michele\",\"@id\":\"https:\\\/\\\/www.vagadeempregorj.com.br\\\/#\\\/schema\\\/person\\\/3ddb19fa0539706786e502152f3aae95\"},\"headline\":\"Vagas Exclusivas PCD, Atendentes, Consultores, T\u00e9cnicos e muito mais na Empresa Vivo Diversidade\",\"datePublished\":\"2023-11-06T04:01:00+00:00\",\"mainEntityOfPage\":{\"@id\":\"https:\\\/\\\/www.vagadeempregorj.com.br\\\/empregos-vivo-diversidade\\\/\"},\"wordCount\":594,\"image\":{\"@id\":\"https:\\\/\\\/www.vagadeempregorj.com.br\\\/empregos-vivo-diversidade\\\/#primaryimage\"},\"thumbnailUrl\":\"https:\\\/\\\/www.vagadeempregorj.com.br\\\/wp-content\\\/uploads\\\/2022\\\/12\\\/empregos-Vivo.jpg\",\"keywords\":[\"oportunidades\",\"vagas de emprego\",\"Vivo Diversidade\"],\"articleSection\":[\"Vagas de Emprego Nacionais\"],\"inLanguage\":\"fr-FR\"},{\"@type\":\"WebPage\",\"@id\":\"https:\\\/\\\/www.vagadeempregorj.com.br\\\/empregos-vivo-diversidade\\\/\",\"url\":\"https:\\\/\\\/www.vagadeempregorj.com.br\\\/empregos-vivo-diversidade\\\/\",\"name\":\"Vagas Exclusivas PCD, Atendentes, Consultores, T\u00e9cnicos e muito mais na Empresa Vivo Diversidade -\",\"isPartOf\":{\"@id\":\"https:\\\/\\\/www.vagadeempregorj.com.br\\\/#website\"},\"primaryImageOfPage\":{\"@id\":\"https:\\\/\\\/www.vagadeempregorj.com.br\\\/empregos-vivo-diversidade\\\/#primaryimage\"},\"image\":{\"@id\":\"https:\\\/\\\/www.vagadeempregorj.com.br\\\/empregos-vivo-diversidade\\\/#primaryimage\"},\"thumbnailUrl\":\"https:\\\/\\\/www.vagadeempregorj.com.br\\\/wp-content\\\/uploads\\\/2022\\\/12\\\/empregos-Vivo.jpg\",\"datePublished\":\"2023-11-06T04:01:00+00:00\",\"author\":{\"@id\":\"https:\\\/\\\/www.vagadeempregorj.com.br\\\/#\\\/schema\\\/person\\\/3ddb19fa0539706786e502152f3aae95\"},\"description\":\"Veja em Vagas de Emprego RJ as vagas de emprego com e sem experi\u00eancia no seu Estado e Regi\u00e3o!\",\"breadcrumb\":{\"@id\":\"https:\\\/\\\/www.vagadeempregorj.com.br\\\/empregos-vivo-diversidade\\\/#breadcrumb\"},\"inLanguage\":\"fr-FR\",\"potentialAction\":[{\"@type\":\"ReadAction\",\"target\":[\"https:\\\/\\\/www.vagadeempregorj.com.br\\\/empregos-vivo-diversidade\\\/\"]}]},{\"@type\":\"ImageObject\",\"inLanguage\":\"fr-FR\",\"@id\":\"https:\\\/\\\/www.vagadeempregorj.com.br\\\/empregos-vivo-diversidade\\\/#primaryimage\",\"url\":\"https:\\\/\\\/www.vagadeempregorj.com.br\\\/wp-content\\\/uploads\\\/2022\\\/12\\\/empregos-Vivo.jpg\",\"contentUrl\":\"https:\\\/\\\/www.vagadeempregorj.com.br\\\/wp-content\\\/uploads\\\/2022\\\/12\\\/empregos-Vivo.jpg\",\"width\":1920,\"height\":1080,\"caption\":\"Imagem: Vivo - Reprodu\u00e7\u00e3o\"},{\"@type\":\"BreadcrumbList\",\"@id\":\"https:\\\/\\\/www.vagadeempregorj.com.br\\\/empregos-vivo-diversidade\\\/#breadcrumb\",\"itemListElement\":[{\"@type\":\"ListItem\",\"position\":1,\"name\":\"In\u00edcio\",\"item\":\"https:\\\/\\\/www.vagadeempregorj.com.br\\\/\"},{\"@type\":\"ListItem\",\"position\":2,\"name\":\"Vagas de Emprego Nacionais\",\"item\":\"https:\\\/\\\/www.vagadeempregorj.com.br\\\/vagas-de-emprego-nacionais\\\/\"},{\"@type\":\"ListItem\",\"position\":3,\"name\":\"Vagas Exclusivas PCD, Atendentes, Consultores, T\u00e9cnicos e muito mais na Empresa Vivo Diversidade\"}]},{\"@type\":\"WebSite\",\"@id\":\"https:\\\/\\\/www.vagadeempregorj.com.br\\\/#website\",\"url\":\"https:\\\/\\\/www.vagadeempregorj.com.br\\\/\",\"name\":\"\",\"description\":\"Conquiste Sonhos: Vagas, Benef\u00edcios e Economia para Transformar Vidas e Alcan\u00e7ar Melhorias Cotidianas\",\"potentialAction\":[{\"@type\":\"SearchAction\",\"target\":{\"@type\":\"EntryPoint\",\"urlTemplate\":\"https:\\\/\\\/www.vagadeempregorj.com.br\\\/?s={search_term_string}\"},\"query-input\":{\"@type\":\"PropertyValueSpecification\",\"valueRequired\":true,\"valueName\":\"search_term_string\"}}],\"inLanguage\":\"fr-FR\"},{\"@type\":\"Person\",\"@id\":\"https:\\\/\\\/www.vagadeempregorj.com.br\\\/#\\\/schema\\\/person\\\/3ddb19fa0539706786e502152f3aae95\",\"name\":\"Michele\",\"image\":{\"@type\":\"ImageObject\",\"inLanguage\":\"fr-FR\",\"@id\":\"https:\\\/\\\/secure.gravatar.com\\\/avatar\\\/6b0eb9d22841282815e2cd856a0061c45e1761cd54b22e952d98c4746939aa85?s=96&r=g\",\"url\":\"https:\\\/\\\/secure.gravatar.com\\\/avatar\\\/6b0eb9d22841282815e2cd856a0061c45e1761cd54b22e952d98c4746939aa85?s=96&r=g\",\"contentUrl\":\"https:\\\/\\\/secure.gravatar.com\\\/avatar\\\/6b0eb9d22841282815e2cd856a0061c45e1761cd54b22e952d98c4746939aa85?s=96&r=g\",\"caption\":\"Michele\"},\"description\":\"Formada em Letras - Portugu\u00eas\\\/ Ingl\u00eas, e idealizadora do site Escritora de Sucesso, busca expandir o conhecimento de todos com informa\u00e7\u00f5es relevantes sobre diversos assuntos, enquanto redatora. No Vaga de Emprego RJ, traz oportunidades e dicas sobre o mercado de trabalho.\",\"url\":\"https:\\\/\\\/www.vagadeempregorj.com.br\\\/fr\\\/author\\\/michele\\\/\"}]}<\/script>\n<!-- \/ Yoast SEO plugin. -->","yoast_head_json":{"title":"Vagas Exclusivas PCD, Atendentes, Consultores, T\u00e9cnicos e muito mais na Empresa Vivo Diversidade -","description":"Veja em Vagas de Emprego RJ as vagas de emprego com e sem experi\u00eancia no seu Estado e Regi\u00e3o!","robots":{"index":"index","follow":"follow","max-snippet":"max-snippet:-1","max-image-preview":"max-image-preview:large","max-video-preview":"max-video-preview:-1"},"canonical":"https:\/\/www.vagadeempregorj.com.br\/fr\/empregos-vivo-diversidade\/","og_locale":"fr_FR","og_type":"article","og_title":"Vagas Exclusivas PCD, Atendentes, Consultores, T\u00e9cnicos e muito mais na Empresa Vivo Diversidade -","og_description":"Veja em Vagas de Emprego RJ as vagas de emprego com e sem experi\u00eancia no seu Estado e Regi\u00e3o!","og_url":"https:\/\/www.vagadeempregorj.com.br\/fr\/empregos-vivo-diversidade\/","article_publisher":"https:\/\/www.facebook.com\/empregobrasiloficial","article_published_time":"2023-11-06T04:01:00+00:00","og_image":[{"width":1920,"height":1080,"url":"https:\/\/www.vagadeempregorj.com.br\/wp-content\/uploads\/2022\/12\/empregos-Vivo.jpg","type":"image\/jpeg"}],"author":"Michele","twitter_card":"summary_large_image","twitter_misc":{"Written by":"Michele","Est. reading time":"3 minutes"},"schema":{"@context":"https:\/\/schema.org","@graph":[{"@type":"Article","@id":"https:\/\/www.vagadeempregorj.com.br\/empregos-vivo-diversidade\/#article","isPartOf":{"@id":"https:\/\/www.vagadeempregorj.com.br\/empregos-vivo-diversidade\/"},"author":{"name":"Michele","@id":"https:\/\/www.vagadeempregorj.com.br\/#\/schema\/person\/3ddb19fa0539706786e502152f3aae95"},"headline":"Vagas Exclusivas PCD, Atendentes, Consultores, T\u00e9cnicos e muito mais na Empresa Vivo Diversidade","datePublished":"2023-11-06T04:01:00+00:00","mainEntityOfPage":{"@id":"https:\/\/www.vagadeempregorj.com.br\/empregos-vivo-diversidade\/"},"wordCount":594,"image":{"@id":"https:\/\/www.vagadeempregorj.com.br\/empregos-vivo-diversidade\/#primaryimage"},"thumbnailUrl":"https:\/\/www.vagadeempregorj.com.br\/wp-content\/uploads\/2022\/12\/empregos-Vivo.jpg","keywords":["oportunidades","vagas de emprego","Vivo Diversidade"],"articleSection":["Vagas de Emprego Nacionais"],"inLanguage":"fr-FR"},{"@type":"WebPage","@id":"https:\/\/www.vagadeempregorj.com.br\/empregos-vivo-diversidade\/","url":"https:\/\/www.vagadeempregorj.com.br\/empregos-vivo-diversidade\/","name":"Vagas Exclusivas PCD, Atendentes, Consultores, T\u00e9cnicos e muito mais na Empresa Vivo Diversidade -","isPartOf":{"@id":"https:\/\/www.vagadeempregorj.com.br\/#website"},"primaryImageOfPage":{"@id":"https:\/\/www.vagadeempregorj.com.br\/empregos-vivo-diversidade\/#primaryimage"},"image":{"@id":"https:\/\/www.vagadeempregorj.com.br\/empregos-vivo-diversidade\/#primaryimage"},"thumbnailUrl":"https:\/\/www.vagadeempregorj.com.br\/wp-content\/uploads\/2022\/12\/empregos-Vivo.jpg","datePublished":"2023-11-06T04:01:00+00:00","author":{"@id":"https:\/\/www.vagadeempregorj.com.br\/#\/schema\/person\/3ddb19fa0539706786e502152f3aae95"},"description":"Veja em Vagas de Emprego RJ as vagas de emprego com e sem experi\u00eancia no seu Estado e Regi\u00e3o!","breadcrumb":{"@id":"https:\/\/www.vagadeempregorj.com.br\/empregos-vivo-diversidade\/#breadcrumb"},"inLanguage":"fr-FR","potentialAction":[{"@type":"ReadAction","target":["https:\/\/www.vagadeempregorj.com.br\/empregos-vivo-diversidade\/"]}]},{"@type":"ImageObject","inLanguage":"fr-FR","@id":"https:\/\/www.vagadeempregorj.com.br\/empregos-vivo-diversidade\/#primaryimage","url":"https:\/\/www.vagadeempregorj.com.br\/wp-content\/uploads\/2022\/12\/empregos-Vivo.jpg","contentUrl":"https:\/\/www.vagadeempregorj.com.br\/wp-content\/uploads\/2022\/12\/empregos-Vivo.jpg","width":1920,"height":1080,"caption":"Imagem: Vivo - Reprodu\u00e7\u00e3o"},{"@type":"BreadcrumbList","@id":"https:\/\/www.vagadeempregorj.com.br\/empregos-vivo-diversidade\/#breadcrumb","itemListElement":[{"@type":"ListItem","position":1,"name":"In\u00edcio","item":"https:\/\/www.vagadeempregorj.com.br\/"},{"@type":"ListItem","position":2,"name":"Vagas de Emprego Nacionais","item":"https:\/\/www.vagadeempregorj.com.br\/vagas-de-emprego-nacionais\/"},{"@type":"ListItem","position":3,"name":"Vagas Exclusivas PCD, Atendentes, Consultores, T\u00e9cnicos e muito mais na Empresa Vivo Diversidade"}]},{"@type":"WebSite","@id":"https:\/\/www.vagadeempregorj.com.br\/#website","url":"https:\/\/www.vagadeempregorj.com.br\/","name":"","description":"Conquiste Sonhos: Vagas, Benef\u00edcios e Economia para Transformar Vidas e Alcan\u00e7ar Melhorias Cotidianas","potentialAction":[{"@type":"SearchAction","target":{"@type":"EntryPoint","urlTemplate":"https:\/\/www.vagadeempregorj.com.br\/?s={search_term_string}"},"query-input":{"@type":"PropertyValueSpecification","valueRequired":true,"valueName":"search_term_string"}}],"inLanguage":"fr-FR"},{"@type":"Person","@id":"https:\/\/www.vagadeempregorj.com.br\/#\/schema\/person\/3ddb19fa0539706786e502152f3aae95","name":"Michele","image":{"@type":"ImageObject","inLanguage":"fr-FR","@id":"https:\/\/secure.gravatar.com\/avatar\/6b0eb9d22841282815e2cd856a0061c45e1761cd54b22e952d98c4746939aa85?s=96&r=g","url":"https:\/\/secure.gravatar.com\/avatar\/6b0eb9d22841282815e2cd856a0061c45e1761cd54b22e952d98c4746939aa85?s=96&r=g","contentUrl":"https:\/\/secure.gravatar.com\/avatar\/6b0eb9d22841282815e2cd856a0061c45e1761cd54b22e952d98c4746939aa85?s=96&r=g","caption":"Michele"},"description":"Formada em Letras - Portugu\u00eas\/ Ingl\u00eas, e idealizadora do site Escritora de Sucesso, busca expandir o conhecimento de todos com informa\u00e7\u00f5es relevantes sobre diversos assuntos, enquanto redatora. No Vaga de Emprego RJ, traz oportunidades e dicas sobre o mercado de trabalho.","url":"https:\/\/www.vagadeempregorj.com.br\/fr\/author\/michele\/"}]}},"_links":{"self":[{"href":"https:\/\/www.vagadeempregorj.com.br\/fr\/wp-json\/wp\/v2\/posts\/36922","targetHints":{"allow":["GET"]}}],"collection":[{"href":"https:\/\/www.vagadeempregorj.com.br\/fr\/wp-json\/wp\/v2\/posts"}],"about":[{"href":"https:\/\/www.vagadeempregorj.com.br\/fr\/wp-json\/wp\/v2\/types\/post"}],"author":[{"embeddable":true,"href":"https:\/\/www.vagadeempregorj.com.br\/fr\/wp-json\/wp\/v2\/users\/16"}],"replies":[{"embeddable":true,"href":"https:\/\/www.vagadeempregorj.com.br\/fr\/wp-json\/wp\/v2\/comments?post=36922"}],"version-history":[{"count":0,"href":"https:\/\/www.vagadeempregorj.com.br\/fr\/wp-json\/wp\/v2\/posts\/36922\/revisions"}],"wp:featuredmedia":[{"embeddable":true,"href":"https:\/\/www.vagadeempregorj.com.br\/fr\/wp-json\/wp\/v2\/media\/36928"}],"wp:attachment":[{"href":"https:\/\/www.vagadeempregorj.com.br\/fr\/wp-json\/wp\/v2\/media?parent=36922"}],"wp:term":[{"taxonomy":"category","embeddable":true,"href":"https:\/\/www.vagadeempregorj.com.br\/fr\/wp-json\/wp\/v2\/categories?post=36922"},{"taxonomy":"post_tag","embeddable":true,"href":"https:\/\/www.vagadeempregorj.com.br\/fr\/wp-json\/wp\/v2\/tags?post=36922"}],"curies":[{"name":"wp","href":"https:\/\/api.w.org\/{rel}","templated":true}]}}