{"id":36954,"date":"2023-11-09T00:03:00","date_gmt":"2023-11-09T03:03:00","guid":{"rendered":"https:\/\/www.vagadeempregorj.com.br\/?p=36954"},"modified":"2023-11-07T10:45:00","modified_gmt":"2023-11-07T13:45:00","slug":"empregos-caixa-vida-e-previdencia","status":"publish","type":"post","link":"https:\/\/www.vagadeempregorj.com.br\/fr\/empregos-caixa-vida-e-previdencia\/","title":{"rendered":"Secret\u00e1ria, Coordenador de Log\u00edstica, Analista de Desenvolvimento de Sistemas, Coordenador de Comunica\u00e7\u00e3o, Analista de Opera\u00e7\u00f5es Judiciais e Coordenador de SAP"},"content":{"rendered":"<p>Atualizado em<\/p>\n\n\n<div class=\"wp-block-post-date\"><time datetime=\"2023-11-09T00:03:00-03:00\">09\/11\/2023<\/time><\/div>\n\n\n<p>Os <strong>Empregos Caixa Vida e Previd\u00eancia<\/strong> contam com muitos benef\u00edcios, visto que se tem uma coisa que a empresa sabe fazer bem \u00e9 cuidar dos brasileiros. Procuram entender seus sonhos, aspira\u00e7\u00f5es e planos para o futuro. Todos os dias, trabalham com foco e determina\u00e7\u00e3o para alcan\u00e7ar grandes feitos em todo o Brasil. Por exemplo, pode ser comprar um carro, pagar a faculdade de um filho ou uma aposentadoria tranquila h\u00e1 muito esperada. Em cada objetivo que os seus clientes alcan\u00e7am ou pedem ajuda em seus momentos mais dif\u00edceis, a CVP est\u00e1 presente para apoi\u00e1-los. <\/p>\n\n\n\n<p>A empresa est\u00e1 presente em todo o pa\u00eds, ajudando as pessoas a cuidarem dos seus entes queridos ou a alcan\u00e7arem objetivos tra\u00e7ados a m\u00e9dio e longo prazo. Investir em aposentadoria hoje \u00e9 uma das melhores maneiras de realizar seus sonhos amanh\u00e3. Adquirir um seguro de vida tamb\u00e9m \u00e9 uma forma de proteger sua fam\u00edlia. S\u00e3o essas e outras solu\u00e7\u00f5es que oferecem aqui e abra\u00e7am os brasileiros. S\u00e3o mais de 3.000 ag\u00eancias, mais de 13.000 casas lot\u00e9ricas e cerca de 10.000 agentes banc\u00e1rios e postos de atendimento. A companhia permite que voc\u00ea fa\u00e7a parte dele e realize grandes feitos.<\/p>\n\n\n\n<figure class=\"wp-block-image size-full\"><img loading=\"lazy\" decoding=\"async\" width=\"750\" height=\"375\" src=\"https:\/\/www.vagadeempregorj.com.br\/wp-content\/uploads\/2022\/12\/Caixa-Vida-e-Previdencia.jpg\" alt=\"Caixa Vida e Previd\u00eancia\" class=\"wp-image-36958\" srcset=\"https:\/\/www.vagadeempregorj.com.br\/wp-content\/uploads\/2022\/12\/Caixa-Vida-e-Previdencia.jpg 750w, https:\/\/www.vagadeempregorj.com.br\/wp-content\/uploads\/2022\/12\/Caixa-Vida-e-Previdencia-300x150.jpg 300w, https:\/\/www.vagadeempregorj.com.br\/wp-content\/uploads\/2022\/12\/Caixa-Vida-e-Previdencia-150x75.jpg 150w\" sizes=\"auto, (max-width: 750px) 100vw, 750px\" \/><figcaption class=\"wp-element-caption\">Imagem: Caixa Vida e Previd\u00eancia &#8211; Reprodu\u00e7\u00e3o<\/figcaption><\/figure>\n\n\n\n<h2 class=\"wp-block-heading\">Conhe\u00e7a todas as oportunidades de Empregos Caixa Vida e Previd\u00eancia<\/h2>\n\n\n\n<p>As vagas s\u00e3o direcionadas aos residentes do estado de S\u00e3o Paulo. \u00c9 oferecido v\u00e1rios benef\u00edcios como licen\u00e7a paternidade e maternidade estendidas, participa\u00e7\u00e3o nos lucros, kit maternidade, trabalho h\u00edbrido, plano de previd\u00eancia, hor\u00e1ria flex\u00edvel, seguro viagem, vale refei\u00e7\u00e3o e alimenta\u00e7\u00e3o, seguro de vida, Gympass, aux\u00edlio bab\u00e1 e creche, vale transporte, aux\u00edlio farm\u00e1cia, plano de sa\u00fade odontol\u00f3gico.&nbsp;<\/p>\n\n\n\n<p>Verifique a seguir todas as fun\u00e7\u00f5es dispon\u00edveis e veja em seguida os passos para realizar a sua inscri\u00e7\u00e3o:<\/p>\n\n\n\n<ul class=\"wp-block-list\">\n<li>Anl. de Business Intelligence Sr;<\/li>\n\n\n\n<li>Secret\u00e1ria;<\/li>\n\n\n\n<li>Anl. de Desenvolvimento de Sistemas Sr;<\/li>\n\n\n\n<li>Consultor Comercial Varejo;<\/li>\n\n\n\n<li>Anl. de Desenvolvimento Sales Force;<\/li>\n\n\n\n<li>Espec. em Produtos;<\/li>\n\n\n\n<li>Anl. de DHO Sr;<\/li>\n\n\n\n<li>Coord. de Comunica\u00e7\u00e3o;<\/li>\n\n\n\n<li>Anl. de Infraestrutura Jr;<\/li>\n\n\n\n<li>Coord. Governan\u00e7a de TI;<\/li>\n\n\n\n<li>Anl. de Intelig\u00eancia de Neg\u00f3cios;<\/li>\n\n\n\n<li>Coord. de Log\u00edstica;<\/li>\n\n\n\n<li>Anl. de Log\u00edstica Sr;<\/li>\n\n\n\n<li>Coord. de Riscos T\u00e9cnicos e Financeiros;<\/li>\n\n\n\n<li>Anl. de Opera\u00e7\u00f5es Judiciais Pl;<\/li>\n\n\n\n<li>Coord. de SAP;<\/li>\n\n\n\n<li>Anl. de Opera\u00e7\u00f5es Sr;<\/li>\n\n\n\n<li>Anl. de Processos Sr;<\/li>\n\n\n\n<li>Anl. de Produtos Junior;<\/li>\n\n\n\n<li>Anl. de Sistemas Sr;<\/li>\n\n\n\n<li>Anl. de Tesouraria Pl;<\/li>\n\n\n\n<li>Anl. Sr SAP;<\/li>\n\n\n\n<li>Atu\u00e1rio Sr.<\/li>\n<\/ul>\n\n\n\n<h3 class=\"wp-block-heading\">Como se candidatar<\/h3>\n\n\n\n<p>Para participar do processo de recrutamento destas vagas \u00e9 necess\u00e1rio acessar o site abaixo e realizar o seu cadastro:<\/p>\n\n\n\n<ul class=\"wp-block-list\">\n<li><a href=\"https:\/\/caixavidaeprevidencia.gupy.io\/\">Vagas Caixa<\/a>.<\/li>\n<\/ul>\n\n\n\n<p>Ao encontrar o cargo desejado e constatar que o seu perfil \u00e9 compat\u00edvel com os requisitos, fa\u00e7a a sua inscri\u00e7\u00e3o. O \u00faltimo passo \u00e9 aguardar o contato.<\/p>\n\n\n\n<p><strong>Veja tamb\u00e9m: <a href=\"https:\/\/www.vagadeempregorj.com.br\/fr\/empregos-grupo-tangipar\/\">Almoxarife, Motorista de Caminh\u00e3o, Operador de Produ\u00e7\u00e3o, Recepcionista, Jovem Aprendiz e muito mais na Empresa Grupo Tangipar<\/a><\/strong><\/p>\n\n\n\n<h2 class=\"wp-block-heading\">Sobre a Caixa<\/h2>\n\n\n\n<p>A empresa oferece uma ampla gama de seguros de vida, previd\u00eancia e prestamista. Eles utilizam solu\u00e7\u00f5es de v\u00e1rios tipos e custos para atender diferentes segmentos de clientes. Afinal, o seu prop\u00f3sito \u00e9 cuidar das fam\u00edlias brasileiras. Todos os dias, olham para o Brasil para entender o presente e contribuir para planejar o futuro.<\/p>\n\n\n\n<p>A companhia existe para quem quer complementar a aposentadoria, garantir a faculdade dos filhos, comprar uma casa e o talentoso que quer embarcar em uma nova jornada rumo ao sucesso profissional.<\/p>","protected":false},"excerpt":{"rendered":"<p>Atualizado em Os Empregos Caixa Vida e Previd\u00eancia contam com muitos benef\u00edcios, visto que se tem uma coisa que a empresa sabe fazer bem \u00e9 cuidar dos brasileiros. Procuram entender seus sonhos, aspira\u00e7\u00f5es e planos para o futuro. Todos os dias, trabalham com foco e determina\u00e7\u00e3o para alcan\u00e7ar grandes feitos em todo o Brasil. Por&hellip;&nbsp;<\/p>","protected":false},"author":16,"featured_media":36958,"comment_status":"closed","ping_status":"closed","sticky":false,"template":"","format":"standard","meta":{"neve_meta_sidebar":"","neve_meta_container":"","neve_meta_enable_content_width":"","neve_meta_content_width":0,"neve_meta_title_alignment":"","neve_meta_author_avatar":"","neve_post_elements_order":"","neve_meta_disable_header":"","neve_meta_disable_footer":"","neve_meta_disable_title":"","footnotes":""},"categories":[123],"tags":[767,608,211],"class_list":["post-36954","post","type-post","status-publish","format-standard","has-post-thumbnail","hentry","category-vagas-de-emprego-nacionais","tag-caixa-vida-e-previdencia","tag-oportunidades","tag-vagas-de-emprego"],"yoast_head":"<!-- This site is optimized with the Yoast SEO plugin v27.5 - https:\/\/yoast.com\/product\/yoast-seo-wordpress\/ -->\n<title>Secret\u00e1ria, Coordenador de Log\u00edstica, Analista de Desenvolvimento de Sistemas, Coordenador de Comunica\u00e7\u00e3o, Analista de Opera\u00e7\u00f5es Judiciais e Coordenador de SAP -<\/title>\n<meta name=\"description\" content=\"Veja em Vagas de Emprego RJ as vagas de emprego com e sem experi\u00eancia no seu Estado e Regi\u00e3o!\" \/>\n<meta name=\"robots\" content=\"index, follow, max-snippet:-1, max-image-preview:large, max-video-preview:-1\" \/>\n<link rel=\"canonical\" href=\"https:\/\/www.vagadeempregorj.com.br\/fr\/empregos-caixa-vida-e-previdencia\/\" \/>\n<meta property=\"og:locale\" content=\"fr_FR\" \/>\n<meta property=\"og:type\" content=\"article\" \/>\n<meta property=\"og:title\" content=\"Secret\u00e1ria, Coordenador de Log\u00edstica, Analista de Desenvolvimento de Sistemas, Coordenador de Comunica\u00e7\u00e3o, Analista de Opera\u00e7\u00f5es Judiciais e Coordenador de SAP -\" \/>\n<meta property=\"og:description\" content=\"Veja em Vagas de Emprego RJ as vagas de emprego com e sem experi\u00eancia no seu Estado e Regi\u00e3o!\" \/>\n<meta property=\"og:url\" content=\"https:\/\/www.vagadeempregorj.com.br\/fr\/empregos-caixa-vida-e-previdencia\/\" \/>\n<meta property=\"article:publisher\" content=\"https:\/\/www.facebook.com\/empregobrasiloficial\" \/>\n<meta property=\"article:published_time\" content=\"2023-11-09T03:03:00+00:00\" \/>\n<meta property=\"og:image\" content=\"https:\/\/www.vagadeempregorj.com.br\/wp-content\/uploads\/2022\/12\/Caixa-Vida-e-Previdencia.jpg\" \/>\n\t<meta property=\"og:image:width\" content=\"750\" \/>\n\t<meta property=\"og:image:height\" content=\"375\" \/>\n\t<meta property=\"og:image:type\" content=\"image\/jpeg\" \/>\n<meta name=\"author\" content=\"Michele\" \/>\n<meta name=\"twitter:card\" content=\"summary_large_image\" \/>\n<meta name=\"twitter:label1\" content=\"\u00c9crit par\" \/>\n\t<meta name=\"twitter:data1\" content=\"Michele\" \/>\n\t<meta name=\"twitter:label2\" content=\"Dur\u00e9e de lecture estim\u00e9e\" \/>\n\t<meta name=\"twitter:data2\" content=\"3 minutes\" \/>\n<script type=\"application\/ld+json\" class=\"yoast-schema-graph\">{\"@context\":\"https:\\\/\\\/schema.org\",\"@graph\":[{\"@type\":\"Article\",\"@id\":\"https:\\\/\\\/www.vagadeempregorj.com.br\\\/empregos-caixa-vida-e-previdencia\\\/#article\",\"isPartOf\":{\"@id\":\"https:\\\/\\\/www.vagadeempregorj.com.br\\\/empregos-caixa-vida-e-previdencia\\\/\"},\"author\":{\"name\":\"Michele\",\"@id\":\"https:\\\/\\\/www.vagadeempregorj.com.br\\\/#\\\/schema\\\/person\\\/3ddb19fa0539706786e502152f3aae95\"},\"headline\":\"Secret\u00e1ria, Coordenador de Log\u00edstica, Analista de Desenvolvimento de Sistemas, Coordenador de Comunica\u00e7\u00e3o, Analista de Opera\u00e7\u00f5es Judiciais e Coordenador de SAP\",\"datePublished\":\"2023-11-09T03:03:00+00:00\",\"mainEntityOfPage\":{\"@id\":\"https:\\\/\\\/www.vagadeempregorj.com.br\\\/empregos-caixa-vida-e-previdencia\\\/\"},\"wordCount\":613,\"image\":{\"@id\":\"https:\\\/\\\/www.vagadeempregorj.com.br\\\/empregos-caixa-vida-e-previdencia\\\/#primaryimage\"},\"thumbnailUrl\":\"https:\\\/\\\/www.vagadeempregorj.com.br\\\/wp-content\\\/uploads\\\/2022\\\/12\\\/Caixa-Vida-e-Previdencia.jpg\",\"keywords\":[\"Caixa Vida e Previd\u00eancia\",\"oportunidades\",\"vagas de emprego\"],\"articleSection\":[\"Vagas de Emprego Nacionais\"],\"inLanguage\":\"fr-FR\"},{\"@type\":\"WebPage\",\"@id\":\"https:\\\/\\\/www.vagadeempregorj.com.br\\\/empregos-caixa-vida-e-previdencia\\\/\",\"url\":\"https:\\\/\\\/www.vagadeempregorj.com.br\\\/empregos-caixa-vida-e-previdencia\\\/\",\"name\":\"Secret\u00e1ria, Coordenador de Log\u00edstica, Analista de Desenvolvimento de Sistemas, Coordenador de Comunica\u00e7\u00e3o, Analista de Opera\u00e7\u00f5es Judiciais e Coordenador de SAP -\",\"isPartOf\":{\"@id\":\"https:\\\/\\\/www.vagadeempregorj.com.br\\\/#website\"},\"primaryImageOfPage\":{\"@id\":\"https:\\\/\\\/www.vagadeempregorj.com.br\\\/empregos-caixa-vida-e-previdencia\\\/#primaryimage\"},\"image\":{\"@id\":\"https:\\\/\\\/www.vagadeempregorj.com.br\\\/empregos-caixa-vida-e-previdencia\\\/#primaryimage\"},\"thumbnailUrl\":\"https:\\\/\\\/www.vagadeempregorj.com.br\\\/wp-content\\\/uploads\\\/2022\\\/12\\\/Caixa-Vida-e-Previdencia.jpg\",\"datePublished\":\"2023-11-09T03:03:00+00:00\",\"author\":{\"@id\":\"https:\\\/\\\/www.vagadeempregorj.com.br\\\/#\\\/schema\\\/person\\\/3ddb19fa0539706786e502152f3aae95\"},\"description\":\"Veja em Vagas de Emprego RJ as vagas de emprego com e sem experi\u00eancia no seu Estado e Regi\u00e3o!\",\"breadcrumb\":{\"@id\":\"https:\\\/\\\/www.vagadeempregorj.com.br\\\/empregos-caixa-vida-e-previdencia\\\/#breadcrumb\"},\"inLanguage\":\"fr-FR\",\"potentialAction\":[{\"@type\":\"ReadAction\",\"target\":[\"https:\\\/\\\/www.vagadeempregorj.com.br\\\/empregos-caixa-vida-e-previdencia\\\/\"]}]},{\"@type\":\"ImageObject\",\"inLanguage\":\"fr-FR\",\"@id\":\"https:\\\/\\\/www.vagadeempregorj.com.br\\\/empregos-caixa-vida-e-previdencia\\\/#primaryimage\",\"url\":\"https:\\\/\\\/www.vagadeempregorj.com.br\\\/wp-content\\\/uploads\\\/2022\\\/12\\\/Caixa-Vida-e-Previdencia.jpg\",\"contentUrl\":\"https:\\\/\\\/www.vagadeempregorj.com.br\\\/wp-content\\\/uploads\\\/2022\\\/12\\\/Caixa-Vida-e-Previdencia.jpg\",\"width\":750,\"height\":375,\"caption\":\"Imagem: Caixa Vida e Previd\u00eancia - Reprodu\u00e7\u00e3o\"},{\"@type\":\"BreadcrumbList\",\"@id\":\"https:\\\/\\\/www.vagadeempregorj.com.br\\\/empregos-caixa-vida-e-previdencia\\\/#breadcrumb\",\"itemListElement\":[{\"@type\":\"ListItem\",\"position\":1,\"name\":\"In\u00edcio\",\"item\":\"https:\\\/\\\/www.vagadeempregorj.com.br\\\/\"},{\"@type\":\"ListItem\",\"position\":2,\"name\":\"Vagas de Emprego Nacionais\",\"item\":\"https:\\\/\\\/www.vagadeempregorj.com.br\\\/vagas-de-emprego-nacionais\\\/\"},{\"@type\":\"ListItem\",\"position\":3,\"name\":\"Secret\u00e1ria, Coordenador de Log\u00edstica, Analista de Desenvolvimento de Sistemas, Coordenador de Comunica\u00e7\u00e3o, Analista de Opera\u00e7\u00f5es Judiciais e Coordenador de SAP\"}]},{\"@type\":\"WebSite\",\"@id\":\"https:\\\/\\\/www.vagadeempregorj.com.br\\\/#website\",\"url\":\"https:\\\/\\\/www.vagadeempregorj.com.br\\\/\",\"name\":\"\",\"description\":\"Conquiste Sonhos: Vagas, Benef\u00edcios e Economia para Transformar Vidas e Alcan\u00e7ar Melhorias Cotidianas\",\"potentialAction\":[{\"@type\":\"SearchAction\",\"target\":{\"@type\":\"EntryPoint\",\"urlTemplate\":\"https:\\\/\\\/www.vagadeempregorj.com.br\\\/?s={search_term_string}\"},\"query-input\":{\"@type\":\"PropertyValueSpecification\",\"valueRequired\":true,\"valueName\":\"search_term_string\"}}],\"inLanguage\":\"fr-FR\"},{\"@type\":\"Person\",\"@id\":\"https:\\\/\\\/www.vagadeempregorj.com.br\\\/#\\\/schema\\\/person\\\/3ddb19fa0539706786e502152f3aae95\",\"name\":\"Michele\",\"image\":{\"@type\":\"ImageObject\",\"inLanguage\":\"fr-FR\",\"@id\":\"https:\\\/\\\/secure.gravatar.com\\\/avatar\\\/6b0eb9d22841282815e2cd856a0061c45e1761cd54b22e952d98c4746939aa85?s=96&r=g\",\"url\":\"https:\\\/\\\/secure.gravatar.com\\\/avatar\\\/6b0eb9d22841282815e2cd856a0061c45e1761cd54b22e952d98c4746939aa85?s=96&r=g\",\"contentUrl\":\"https:\\\/\\\/secure.gravatar.com\\\/avatar\\\/6b0eb9d22841282815e2cd856a0061c45e1761cd54b22e952d98c4746939aa85?s=96&r=g\",\"caption\":\"Michele\"},\"description\":\"Formada em Letras - Portugu\u00eas\\\/ Ingl\u00eas, e idealizadora do site Escritora de Sucesso, busca expandir o conhecimento de todos com informa\u00e7\u00f5es relevantes sobre diversos assuntos, enquanto redatora. No Vaga de Emprego RJ, traz oportunidades e dicas sobre o mercado de trabalho.\",\"url\":\"https:\\\/\\\/www.vagadeempregorj.com.br\\\/fr\\\/author\\\/michele\\\/\"}]}<\/script>\n<!-- \/ Yoast SEO plugin. -->","yoast_head_json":{"title":"Secret\u00e1ria, Coordenador de Log\u00edstica, Analista de Desenvolvimento de Sistemas, Coordenador de Comunica\u00e7\u00e3o, Analista de Opera\u00e7\u00f5es Judiciais e Coordenador de SAP -","description":"Veja em Vagas de Emprego RJ as vagas de emprego com e sem experi\u00eancia no seu Estado e Regi\u00e3o!","robots":{"index":"index","follow":"follow","max-snippet":"max-snippet:-1","max-image-preview":"max-image-preview:large","max-video-preview":"max-video-preview:-1"},"canonical":"https:\/\/www.vagadeempregorj.com.br\/fr\/empregos-caixa-vida-e-previdencia\/","og_locale":"fr_FR","og_type":"article","og_title":"Secret\u00e1ria, Coordenador de Log\u00edstica, Analista de Desenvolvimento de Sistemas, Coordenador de Comunica\u00e7\u00e3o, Analista de Opera\u00e7\u00f5es Judiciais e Coordenador de SAP -","og_description":"Veja em Vagas de Emprego RJ as vagas de emprego com e sem experi\u00eancia no seu Estado e Regi\u00e3o!","og_url":"https:\/\/www.vagadeempregorj.com.br\/fr\/empregos-caixa-vida-e-previdencia\/","article_publisher":"https:\/\/www.facebook.com\/empregobrasiloficial","article_published_time":"2023-11-09T03:03:00+00:00","og_image":[{"width":750,"height":375,"url":"https:\/\/www.vagadeempregorj.com.br\/wp-content\/uploads\/2022\/12\/Caixa-Vida-e-Previdencia.jpg","type":"image\/jpeg"}],"author":"Michele","twitter_card":"summary_large_image","twitter_misc":{"\u00c9crit par":"Michele","Dur\u00e9e de lecture estim\u00e9e":"3 minutes"},"schema":{"@context":"https:\/\/schema.org","@graph":[{"@type":"Article","@id":"https:\/\/www.vagadeempregorj.com.br\/empregos-caixa-vida-e-previdencia\/#article","isPartOf":{"@id":"https:\/\/www.vagadeempregorj.com.br\/empregos-caixa-vida-e-previdencia\/"},"author":{"name":"Michele","@id":"https:\/\/www.vagadeempregorj.com.br\/#\/schema\/person\/3ddb19fa0539706786e502152f3aae95"},"headline":"Secret\u00e1ria, Coordenador de Log\u00edstica, Analista de Desenvolvimento de Sistemas, Coordenador de Comunica\u00e7\u00e3o, Analista de Opera\u00e7\u00f5es Judiciais e Coordenador de SAP","datePublished":"2023-11-09T03:03:00+00:00","mainEntityOfPage":{"@id":"https:\/\/www.vagadeempregorj.com.br\/empregos-caixa-vida-e-previdencia\/"},"wordCount":613,"image":{"@id":"https:\/\/www.vagadeempregorj.com.br\/empregos-caixa-vida-e-previdencia\/#primaryimage"},"thumbnailUrl":"https:\/\/www.vagadeempregorj.com.br\/wp-content\/uploads\/2022\/12\/Caixa-Vida-e-Previdencia.jpg","keywords":["Caixa Vida e Previd\u00eancia","oportunidades","vagas de emprego"],"articleSection":["Vagas de Emprego Nacionais"],"inLanguage":"fr-FR"},{"@type":"WebPage","@id":"https:\/\/www.vagadeempregorj.com.br\/empregos-caixa-vida-e-previdencia\/","url":"https:\/\/www.vagadeempregorj.com.br\/empregos-caixa-vida-e-previdencia\/","name":"Secret\u00e1ria, Coordenador de Log\u00edstica, Analista de Desenvolvimento de Sistemas, Coordenador de Comunica\u00e7\u00e3o, Analista de Opera\u00e7\u00f5es Judiciais e Coordenador de SAP -","isPartOf":{"@id":"https:\/\/www.vagadeempregorj.com.br\/#website"},"primaryImageOfPage":{"@id":"https:\/\/www.vagadeempregorj.com.br\/empregos-caixa-vida-e-previdencia\/#primaryimage"},"image":{"@id":"https:\/\/www.vagadeempregorj.com.br\/empregos-caixa-vida-e-previdencia\/#primaryimage"},"thumbnailUrl":"https:\/\/www.vagadeempregorj.com.br\/wp-content\/uploads\/2022\/12\/Caixa-Vida-e-Previdencia.jpg","datePublished":"2023-11-09T03:03:00+00:00","author":{"@id":"https:\/\/www.vagadeempregorj.com.br\/#\/schema\/person\/3ddb19fa0539706786e502152f3aae95"},"description":"Veja em Vagas de Emprego RJ as vagas de emprego com e sem experi\u00eancia no seu Estado e Regi\u00e3o!","breadcrumb":{"@id":"https:\/\/www.vagadeempregorj.com.br\/empregos-caixa-vida-e-previdencia\/#breadcrumb"},"inLanguage":"fr-FR","potentialAction":[{"@type":"ReadAction","target":["https:\/\/www.vagadeempregorj.com.br\/empregos-caixa-vida-e-previdencia\/"]}]},{"@type":"ImageObject","inLanguage":"fr-FR","@id":"https:\/\/www.vagadeempregorj.com.br\/empregos-caixa-vida-e-previdencia\/#primaryimage","url":"https:\/\/www.vagadeempregorj.com.br\/wp-content\/uploads\/2022\/12\/Caixa-Vida-e-Previdencia.jpg","contentUrl":"https:\/\/www.vagadeempregorj.com.br\/wp-content\/uploads\/2022\/12\/Caixa-Vida-e-Previdencia.jpg","width":750,"height":375,"caption":"Imagem: Caixa Vida e Previd\u00eancia - Reprodu\u00e7\u00e3o"},{"@type":"BreadcrumbList","@id":"https:\/\/www.vagadeempregorj.com.br\/empregos-caixa-vida-e-previdencia\/#breadcrumb","itemListElement":[{"@type":"ListItem","position":1,"name":"In\u00edcio","item":"https:\/\/www.vagadeempregorj.com.br\/"},{"@type":"ListItem","position":2,"name":"Vagas de Emprego Nacionais","item":"https:\/\/www.vagadeempregorj.com.br\/vagas-de-emprego-nacionais\/"},{"@type":"ListItem","position":3,"name":"Secret\u00e1ria, Coordenador de Log\u00edstica, Analista de Desenvolvimento de Sistemas, Coordenador de Comunica\u00e7\u00e3o, Analista de Opera\u00e7\u00f5es Judiciais e Coordenador de SAP"}]},{"@type":"WebSite","@id":"https:\/\/www.vagadeempregorj.com.br\/#website","url":"https:\/\/www.vagadeempregorj.com.br\/","name":"","description":"Conquiste Sonhos: Vagas, Benef\u00edcios e Economia para Transformar Vidas e Alcan\u00e7ar Melhorias Cotidianas","potentialAction":[{"@type":"SearchAction","target":{"@type":"EntryPoint","urlTemplate":"https:\/\/www.vagadeempregorj.com.br\/?s={search_term_string}"},"query-input":{"@type":"PropertyValueSpecification","valueRequired":true,"valueName":"search_term_string"}}],"inLanguage":"fr-FR"},{"@type":"Person","@id":"https:\/\/www.vagadeempregorj.com.br\/#\/schema\/person\/3ddb19fa0539706786e502152f3aae95","name":"Michele","image":{"@type":"ImageObject","inLanguage":"fr-FR","@id":"https:\/\/secure.gravatar.com\/avatar\/6b0eb9d22841282815e2cd856a0061c45e1761cd54b22e952d98c4746939aa85?s=96&r=g","url":"https:\/\/secure.gravatar.com\/avatar\/6b0eb9d22841282815e2cd856a0061c45e1761cd54b22e952d98c4746939aa85?s=96&r=g","contentUrl":"https:\/\/secure.gravatar.com\/avatar\/6b0eb9d22841282815e2cd856a0061c45e1761cd54b22e952d98c4746939aa85?s=96&r=g","caption":"Michele"},"description":"Formada em Letras - Portugu\u00eas\/ Ingl\u00eas, e idealizadora do site Escritora de Sucesso, busca expandir o conhecimento de todos com informa\u00e7\u00f5es relevantes sobre diversos assuntos, enquanto redatora. No Vaga de Emprego RJ, traz oportunidades e dicas sobre o mercado de trabalho.","url":"https:\/\/www.vagadeempregorj.com.br\/fr\/author\/michele\/"}]}},"_links":{"self":[{"href":"https:\/\/www.vagadeempregorj.com.br\/fr\/wp-json\/wp\/v2\/posts\/36954","targetHints":{"allow":["GET"]}}],"collection":[{"href":"https:\/\/www.vagadeempregorj.com.br\/fr\/wp-json\/wp\/v2\/posts"}],"about":[{"href":"https:\/\/www.vagadeempregorj.com.br\/fr\/wp-json\/wp\/v2\/types\/post"}],"author":[{"embeddable":true,"href":"https:\/\/www.vagadeempregorj.com.br\/fr\/wp-json\/wp\/v2\/users\/16"}],"replies":[{"embeddable":true,"href":"https:\/\/www.vagadeempregorj.com.br\/fr\/wp-json\/wp\/v2\/comments?post=36954"}],"version-history":[{"count":0,"href":"https:\/\/www.vagadeempregorj.com.br\/fr\/wp-json\/wp\/v2\/posts\/36954\/revisions"}],"wp:featuredmedia":[{"embeddable":true,"href":"https:\/\/www.vagadeempregorj.com.br\/fr\/wp-json\/wp\/v2\/media\/36958"}],"wp:attachment":[{"href":"https:\/\/www.vagadeempregorj.com.br\/fr\/wp-json\/wp\/v2\/media?parent=36954"}],"wp:term":[{"taxonomy":"category","embeddable":true,"href":"https:\/\/www.vagadeempregorj.com.br\/fr\/wp-json\/wp\/v2\/categories?post=36954"},{"taxonomy":"post_tag","embeddable":true,"href":"https:\/\/www.vagadeempregorj.com.br\/fr\/wp-json\/wp\/v2\/tags?post=36954"}],"curies":[{"name":"wp","href":"https:\/\/api.w.org\/{rel}","templated":true}]}}