{"id":37018,"date":"2023-11-10T00:02:00","date_gmt":"2023-11-10T03:02:00","guid":{"rendered":"https:\/\/www.vagadeempregorj.com.br\/?p=37018"},"modified":"2025-01-18T20:52:22","modified_gmt":"2025-01-18T23:52:22","slug":"empregos-casa-km","status":"publish","type":"post","link":"https:\/\/www.vagadeempregorj.com.br\/fr\/empregos-casa-km\/","title":{"rendered":"Vendedores Externos, Analistas, Compradores de Fretes, Gerente de Marketing, Assistente Financeiro, e mais na Empresa Casa KM"},"content":{"rendered":"<p>Atualizado em<\/p>\n\n\n<div class=\"wp-block-post-date\"><time datetime=\"2023-11-10T00:02:00-03:00\">10\/11\/2023<\/time><\/div>\n\n\n<p>Os <strong>Empregos Casa KM<\/strong> est\u00e3o buscando talentos que sejam otimistas e persistentes, que se identifiquem com sua cultura e queiram trabalhar em um local comprometido com o bem estar de seus colaboradores. A companhia est\u00e1 presente em v\u00e1rias regi\u00f5es do pa\u00eds e oferece sal\u00e1rios de acordo com a m\u00e9dia de mercado, al\u00e9m de v\u00e1rias vantagens, continue acompanhando para acessar mais informa\u00e7\u00f5es.&nbsp;<\/p>\n\n\n\n<figure class=\"wp-block-image size-full\"><img loading=\"lazy\" decoding=\"async\" width=\"258\" height=\"208\" src=\"https:\/\/www.vagadeempregorj.com.br\/wp-content\/uploads\/2022\/12\/casa-KM.png\" alt=\"casa KM\" class=\"wp-image-37025\" srcset=\"https:\/\/www.vagadeempregorj.com.br\/wp-content\/uploads\/2022\/12\/casa-KM.png 258w, https:\/\/www.vagadeempregorj.com.br\/wp-content\/uploads\/2022\/12\/casa-KM-150x121.png 150w\" sizes=\"auto, (max-width: 258px) 100vw, 258px\" \/><figcaption class=\"wp-element-caption\">Imagem: Casa KM &#8211; Reprodu\u00e7\u00e3o<\/figcaption><\/figure>\n\n\n\n<h2 class=\"wp-block-heading\">Acompanhe as oportunidades de empregos Casa KM<\/h2>\n\n\n\n<p>H\u00e1 in\u00fameras oportunidades de emprego na empresa Casa KM, que variam desde cargos efetivos, est\u00e1gio e banco de talentos. Juntamente com contratos CLT e sal\u00e1rios fixos, a empresa tamb\u00e9m oferece uma s\u00e9rie de benef\u00edcios que s\u00e3o discutidos durante o processo de entrevistas. As tarefas exigem habilidades no campo escolhido em n\u00edveis que variam de fundamental a superior. Confira algumas posi\u00e7\u00f5es que podem ser preenchidas:<\/p>\n\n\n\n<ul class=\"wp-block-list\">\n<li>Vendedores Externos;<\/li>\n\n\n\n<li>Gerente de Marketing \u2014 setor de inova\u00e7\u00e3o;<\/li>\n\n\n\n<li>Estagi\u00e1rios n\u00edvel T\u00e9cnico em Qu\u00edmica;<\/li>\n\n\n\n<li>Compradores de Fretes;<\/li>\n\n\n\n<li>Banco de Talentos para setores Administrativos;<\/li>\n\n\n\n<li>Banco de Talentos para \u00e1reas Comerciais;<\/li>\n\n\n\n<li>Assistente Financeiro;<\/li>\n\n\n\n<li>Analista de Marketing Pleno.&nbsp;<\/li>\n<\/ul>\n\n\n\n<p>Quando a organiza\u00e7\u00e3o contrata novos funcion\u00e1rios, as posi\u00e7\u00f5es abertas podem sofrer mudan\u00e7as frequentes, j\u00e1 que novas oportunidades s\u00e3o anunciadas atrav\u00e9s da plataforma Gupy&nbsp; semanalmente. As pessoas que est\u00e3o interessadas em trabalhar para a empresa e se identificam com sua cultura, mas n\u00e3o conseguem encontrar uma posi\u00e7\u00e3o que se adapte \u00e0s suas habilidades, podem deixar seus curr\u00edculos no banco de talentos para novas oportunidades futuras.<\/p>\n\n\n\n<h3 class=\"wp-block-heading\">Como se inscrever&nbsp;<\/h3>\n\n\n\n<p>O candidato deve escolher a posi\u00e7\u00e3o que melhor corresponda \u00e0s suas habilidades profissionais ao preencher o formul\u00e1rio de inscri\u00e7\u00e3o. As oportunidades s\u00e3o acess\u00edveis atrav\u00e9s do site abaixo por um per\u00edodo indeterminado de tempo:<\/p>\n\n\n\n<ul class=\"wp-block-list\">\n<li>Casa KM Carreiras.<\/li>\n<\/ul>\n\n\n\n<p>Atrav\u00e9s do site, os candidatos podem visualizar todas as posi\u00e7\u00f5es abertas, detalhes sobre a posi\u00e7\u00e3o escolhida e a empresa, bem como os crit\u00e9rios necess\u00e1rios para que o processo de sele\u00e7\u00e3o seja bem-sucedido.<\/p>\n\n\n\n<p><strong>Veja tamb\u00e9m: <a href=\"https:\/\/www.vagadeempregorj.com.br\/fr\/empregos-light\/\">Eletricista de Rede, Est\u00e1gios, Analistas e muito mais na Empresa Light<\/a><\/strong><\/p>\n\n\n\n<h2 class=\"wp-block-heading\">Sobre a empresa Casa KM&nbsp;<\/h2>\n\n\n\n<p>A empresa Casa KM iniciou suas atividades com seu primeiro produto, a Tacolac cera, em 1979. O lava roupas COQUEL foi introduzido em seu portf\u00f3lio no ano de 1983. A resposta do p\u00fablico a isso foi t\u00e3o favor\u00e1vel que a empresa percebeu que sua miss\u00e3o era fornecer produtos \u00e0 casa de seus consumidores, que atendesse \u00e0s expectativas de inova\u00e7\u00e3o, qualidade e bem-estar. O neg\u00f3cio mudou-se para Paul\u00ednia em 1991 e est\u00e1 l\u00e1 desde ent\u00e3o.<\/p>\n\n\n\n<p>Atualmente, \u00e9 uma empresa reconhecida no mercado por sua inova\u00e7\u00e3o, qualidade do produto, perfume de longa dura\u00e7\u00e3o, tecnologia e pesquisa. Sua sede est\u00e1 localizada em Paul\u00ednia, no Estado de S\u00e3o Paulo, e l\u00e1 possuem instala\u00e7\u00f5es bem organizadas, funcion\u00e1rios comprometidos e um foco constante em fornecer o melhor servi\u00e7o aos seus clientes.<\/p>\n\n\n\n<p>A empresa toma muito cuidado para preservar a natureza, que serve como sua maior fonte de inspira\u00e7\u00e3o, j\u00e1 que todos os seus produtos visam reter o frescor e os aromas dos elementos que ocorrem naturalmente.<\/p>","protected":false},"excerpt":{"rendered":"<p>Atualizado em Os Empregos Casa KM est\u00e3o buscando talentos que sejam otimistas e persistentes, que se identifiquem com sua cultura e queiram trabalhar em um local comprometido com o bem estar de seus colaboradores. A companhia est\u00e1 presente em v\u00e1rias regi\u00f5es do pa\u00eds e oferece sal\u00e1rios de acordo com a m\u00e9dia de mercado, al\u00e9m de&hellip;&nbsp;<\/p>","protected":false},"author":16,"featured_media":37025,"comment_status":"closed","ping_status":"closed","sticky":false,"template":"","format":"standard","meta":{"neve_meta_sidebar":"","neve_meta_container":"","neve_meta_enable_content_width":"","neve_meta_content_width":0,"neve_meta_title_alignment":"","neve_meta_author_avatar":"","neve_post_elements_order":"","neve_meta_disable_header":"","neve_meta_disable_footer":"","neve_meta_disable_title":"","footnotes":""},"categories":[123],"tags":[772,608,211],"class_list":["post-37018","post","type-post","status-publish","format-standard","has-post-thumbnail","hentry","category-vagas-de-emprego-nacionais","tag-casa-km","tag-oportunidades","tag-vagas-de-emprego"],"yoast_head":"<!-- This site is optimized with the Yoast SEO plugin v27.5 - https:\/\/yoast.com\/product\/yoast-seo-wordpress\/ -->\n<title>Vendedores Externos, Analistas, Compradores de Fretes, Gerente de Marketing, Assistente Financeiro, e mais na Empresa Casa KM -<\/title>\n<meta name=\"description\" content=\"Veja em Vagas de Emprego RJ as vagas de emprego com e sem experi\u00eancia no seu Estado e Regi\u00e3o!\" \/>\n<meta name=\"robots\" content=\"index, follow, max-snippet:-1, max-image-preview:large, max-video-preview:-1\" \/>\n<link rel=\"canonical\" href=\"https:\/\/www.vagadeempregorj.com.br\/fr\/empregos-casa-km\/\" \/>\n<meta property=\"og:locale\" content=\"fr_FR\" \/>\n<meta property=\"og:type\" content=\"article\" \/>\n<meta property=\"og:title\" content=\"Vendedores Externos, Analistas, Compradores de Fretes, Gerente de Marketing, Assistente Financeiro, e mais na Empresa Casa KM -\" \/>\n<meta property=\"og:description\" content=\"Veja em Vagas de Emprego RJ as vagas de emprego com e sem experi\u00eancia no seu Estado e Regi\u00e3o!\" \/>\n<meta property=\"og:url\" content=\"https:\/\/www.vagadeempregorj.com.br\/fr\/empregos-casa-km\/\" \/>\n<meta property=\"article:publisher\" content=\"https:\/\/www.facebook.com\/empregobrasiloficial\" \/>\n<meta property=\"article:published_time\" content=\"2023-11-10T03:02:00+00:00\" \/>\n<meta property=\"article:modified_time\" content=\"2025-01-18T23:52:22+00:00\" \/>\n<meta property=\"og:image\" content=\"https:\/\/www.vagadeempregorj.com.br\/wp-content\/uploads\/2022\/12\/casa-KM.png\" \/>\n\t<meta property=\"og:image:width\" content=\"258\" \/>\n\t<meta property=\"og:image:height\" content=\"208\" \/>\n\t<meta property=\"og:image:type\" content=\"image\/png\" \/>\n<meta name=\"author\" content=\"Michele\" \/>\n<meta name=\"twitter:card\" content=\"summary_large_image\" \/>\n<meta name=\"twitter:label1\" content=\"Written by\" \/>\n\t<meta name=\"twitter:data1\" content=\"Michele\" \/>\n\t<meta name=\"twitter:label2\" content=\"Est. reading time\" \/>\n\t<meta name=\"twitter:data2\" content=\"3 minutes\" \/>\n<script type=\"application\/ld+json\" class=\"yoast-schema-graph\">{\"@context\":\"https:\\\/\\\/schema.org\",\"@graph\":[{\"@type\":\"Article\",\"@id\":\"https:\\\/\\\/www.vagadeempregorj.com.br\\\/empregos-casa-km\\\/#article\",\"isPartOf\":{\"@id\":\"https:\\\/\\\/www.vagadeempregorj.com.br\\\/empregos-casa-km\\\/\"},\"author\":{\"name\":\"Michele\",\"@id\":\"https:\\\/\\\/www.vagadeempregorj.com.br\\\/#\\\/schema\\\/person\\\/3ddb19fa0539706786e502152f3aae95\"},\"headline\":\"Vendedores Externos, Analistas, Compradores de Fretes, Gerente de Marketing, Assistente Financeiro, e mais na Empresa Casa KM\",\"datePublished\":\"2023-11-10T03:02:00+00:00\",\"dateModified\":\"2025-01-18T23:52:22+00:00\",\"mainEntityOfPage\":{\"@id\":\"https:\\\/\\\/www.vagadeempregorj.com.br\\\/empregos-casa-km\\\/\"},\"wordCount\":569,\"image\":{\"@id\":\"https:\\\/\\\/www.vagadeempregorj.com.br\\\/empregos-casa-km\\\/#primaryimage\"},\"thumbnailUrl\":\"https:\\\/\\\/www.vagadeempregorj.com.br\\\/wp-content\\\/uploads\\\/2022\\\/12\\\/casa-KM.png\",\"keywords\":[\"Casa KM\",\"oportunidades\",\"vagas de emprego\"],\"articleSection\":[\"Vagas de Emprego Nacionais\"],\"inLanguage\":\"fr-FR\"},{\"@type\":\"WebPage\",\"@id\":\"https:\\\/\\\/www.vagadeempregorj.com.br\\\/empregos-casa-km\\\/\",\"url\":\"https:\\\/\\\/www.vagadeempregorj.com.br\\\/empregos-casa-km\\\/\",\"name\":\"Vendedores Externos, Analistas, Compradores de Fretes, Gerente de Marketing, Assistente Financeiro, e mais na Empresa Casa KM -\",\"isPartOf\":{\"@id\":\"https:\\\/\\\/www.vagadeempregorj.com.br\\\/#website\"},\"primaryImageOfPage\":{\"@id\":\"https:\\\/\\\/www.vagadeempregorj.com.br\\\/empregos-casa-km\\\/#primaryimage\"},\"image\":{\"@id\":\"https:\\\/\\\/www.vagadeempregorj.com.br\\\/empregos-casa-km\\\/#primaryimage\"},\"thumbnailUrl\":\"https:\\\/\\\/www.vagadeempregorj.com.br\\\/wp-content\\\/uploads\\\/2022\\\/12\\\/casa-KM.png\",\"datePublished\":\"2023-11-10T03:02:00+00:00\",\"dateModified\":\"2025-01-18T23:52:22+00:00\",\"author\":{\"@id\":\"https:\\\/\\\/www.vagadeempregorj.com.br\\\/#\\\/schema\\\/person\\\/3ddb19fa0539706786e502152f3aae95\"},\"description\":\"Veja em Vagas de Emprego RJ as vagas de emprego com e sem experi\u00eancia no seu Estado e Regi\u00e3o!\",\"breadcrumb\":{\"@id\":\"https:\\\/\\\/www.vagadeempregorj.com.br\\\/empregos-casa-km\\\/#breadcrumb\"},\"inLanguage\":\"fr-FR\",\"potentialAction\":[{\"@type\":\"ReadAction\",\"target\":[\"https:\\\/\\\/www.vagadeempregorj.com.br\\\/empregos-casa-km\\\/\"]}]},{\"@type\":\"ImageObject\",\"inLanguage\":\"fr-FR\",\"@id\":\"https:\\\/\\\/www.vagadeempregorj.com.br\\\/empregos-casa-km\\\/#primaryimage\",\"url\":\"https:\\\/\\\/www.vagadeempregorj.com.br\\\/wp-content\\\/uploads\\\/2022\\\/12\\\/casa-KM.png\",\"contentUrl\":\"https:\\\/\\\/www.vagadeempregorj.com.br\\\/wp-content\\\/uploads\\\/2022\\\/12\\\/casa-KM.png\",\"width\":258,\"height\":208,\"caption\":\"Imagem: Casa KM - Reprodu\u00e7\u00e3o\"},{\"@type\":\"BreadcrumbList\",\"@id\":\"https:\\\/\\\/www.vagadeempregorj.com.br\\\/empregos-casa-km\\\/#breadcrumb\",\"itemListElement\":[{\"@type\":\"ListItem\",\"position\":1,\"name\":\"In\u00edcio\",\"item\":\"https:\\\/\\\/www.vagadeempregorj.com.br\\\/\"},{\"@type\":\"ListItem\",\"position\":2,\"name\":\"Vagas de Emprego Nacionais\",\"item\":\"https:\\\/\\\/www.vagadeempregorj.com.br\\\/vagas-de-emprego-nacionais\\\/\"},{\"@type\":\"ListItem\",\"position\":3,\"name\":\"Vendedores Externos, Analistas, Compradores de Fretes, Gerente de Marketing, Assistente Financeiro, e mais na Empresa Casa KM\"}]},{\"@type\":\"WebSite\",\"@id\":\"https:\\\/\\\/www.vagadeempregorj.com.br\\\/#website\",\"url\":\"https:\\\/\\\/www.vagadeempregorj.com.br\\\/\",\"name\":\"\",\"description\":\"Conquiste Sonhos: Vagas, Benef\u00edcios e Economia para Transformar Vidas e Alcan\u00e7ar Melhorias Cotidianas\",\"potentialAction\":[{\"@type\":\"SearchAction\",\"target\":{\"@type\":\"EntryPoint\",\"urlTemplate\":\"https:\\\/\\\/www.vagadeempregorj.com.br\\\/?s={search_term_string}\"},\"query-input\":{\"@type\":\"PropertyValueSpecification\",\"valueRequired\":true,\"valueName\":\"search_term_string\"}}],\"inLanguage\":\"fr-FR\"},{\"@type\":\"Person\",\"@id\":\"https:\\\/\\\/www.vagadeempregorj.com.br\\\/#\\\/schema\\\/person\\\/3ddb19fa0539706786e502152f3aae95\",\"name\":\"Michele\",\"image\":{\"@type\":\"ImageObject\",\"inLanguage\":\"fr-FR\",\"@id\":\"https:\\\/\\\/secure.gravatar.com\\\/avatar\\\/6b0eb9d22841282815e2cd856a0061c45e1761cd54b22e952d98c4746939aa85?s=96&r=g\",\"url\":\"https:\\\/\\\/secure.gravatar.com\\\/avatar\\\/6b0eb9d22841282815e2cd856a0061c45e1761cd54b22e952d98c4746939aa85?s=96&r=g\",\"contentUrl\":\"https:\\\/\\\/secure.gravatar.com\\\/avatar\\\/6b0eb9d22841282815e2cd856a0061c45e1761cd54b22e952d98c4746939aa85?s=96&r=g\",\"caption\":\"Michele\"},\"description\":\"Formada em Letras - Portugu\u00eas\\\/ Ingl\u00eas, e idealizadora do site Escritora de Sucesso, busca expandir o conhecimento de todos com informa\u00e7\u00f5es relevantes sobre diversos assuntos, enquanto redatora. No Vaga de Emprego RJ, traz oportunidades e dicas sobre o mercado de trabalho.\",\"url\":\"https:\\\/\\\/www.vagadeempregorj.com.br\\\/fr\\\/author\\\/michele\\\/\"}]}<\/script>\n<!-- \/ Yoast SEO plugin. -->","yoast_head_json":{"title":"Vendedores Externos, Analistas, Compradores de Fretes, Gerente de Marketing, Assistente Financeiro, e mais na Empresa Casa KM -","description":"Veja em Vagas de Emprego RJ as vagas de emprego com e sem experi\u00eancia no seu Estado e Regi\u00e3o!","robots":{"index":"index","follow":"follow","max-snippet":"max-snippet:-1","max-image-preview":"max-image-preview:large","max-video-preview":"max-video-preview:-1"},"canonical":"https:\/\/www.vagadeempregorj.com.br\/fr\/empregos-casa-km\/","og_locale":"fr_FR","og_type":"article","og_title":"Vendedores Externos, Analistas, Compradores de Fretes, Gerente de Marketing, Assistente Financeiro, e mais na Empresa Casa KM -","og_description":"Veja em Vagas de Emprego RJ as vagas de emprego com e sem experi\u00eancia no seu Estado e Regi\u00e3o!","og_url":"https:\/\/www.vagadeempregorj.com.br\/fr\/empregos-casa-km\/","article_publisher":"https:\/\/www.facebook.com\/empregobrasiloficial","article_published_time":"2023-11-10T03:02:00+00:00","article_modified_time":"2025-01-18T23:52:22+00:00","og_image":[{"width":258,"height":208,"url":"https:\/\/www.vagadeempregorj.com.br\/wp-content\/uploads\/2022\/12\/casa-KM.png","type":"image\/png"}],"author":"Michele","twitter_card":"summary_large_image","twitter_misc":{"Written by":"Michele","Est. reading time":"3 minutes"},"schema":{"@context":"https:\/\/schema.org","@graph":[{"@type":"Article","@id":"https:\/\/www.vagadeempregorj.com.br\/empregos-casa-km\/#article","isPartOf":{"@id":"https:\/\/www.vagadeempregorj.com.br\/empregos-casa-km\/"},"author":{"name":"Michele","@id":"https:\/\/www.vagadeempregorj.com.br\/#\/schema\/person\/3ddb19fa0539706786e502152f3aae95"},"headline":"Vendedores Externos, Analistas, Compradores de Fretes, Gerente de Marketing, Assistente Financeiro, e mais na Empresa Casa KM","datePublished":"2023-11-10T03:02:00+00:00","dateModified":"2025-01-18T23:52:22+00:00","mainEntityOfPage":{"@id":"https:\/\/www.vagadeempregorj.com.br\/empregos-casa-km\/"},"wordCount":569,"image":{"@id":"https:\/\/www.vagadeempregorj.com.br\/empregos-casa-km\/#primaryimage"},"thumbnailUrl":"https:\/\/www.vagadeempregorj.com.br\/wp-content\/uploads\/2022\/12\/casa-KM.png","keywords":["Casa KM","oportunidades","vagas de emprego"],"articleSection":["Vagas de Emprego Nacionais"],"inLanguage":"fr-FR"},{"@type":"WebPage","@id":"https:\/\/www.vagadeempregorj.com.br\/empregos-casa-km\/","url":"https:\/\/www.vagadeempregorj.com.br\/empregos-casa-km\/","name":"Vendedores Externos, Analistas, Compradores de Fretes, Gerente de Marketing, Assistente Financeiro, e mais na Empresa Casa KM -","isPartOf":{"@id":"https:\/\/www.vagadeempregorj.com.br\/#website"},"primaryImageOfPage":{"@id":"https:\/\/www.vagadeempregorj.com.br\/empregos-casa-km\/#primaryimage"},"image":{"@id":"https:\/\/www.vagadeempregorj.com.br\/empregos-casa-km\/#primaryimage"},"thumbnailUrl":"https:\/\/www.vagadeempregorj.com.br\/wp-content\/uploads\/2022\/12\/casa-KM.png","datePublished":"2023-11-10T03:02:00+00:00","dateModified":"2025-01-18T23:52:22+00:00","author":{"@id":"https:\/\/www.vagadeempregorj.com.br\/#\/schema\/person\/3ddb19fa0539706786e502152f3aae95"},"description":"Veja em Vagas de Emprego RJ as vagas de emprego com e sem experi\u00eancia no seu Estado e Regi\u00e3o!","breadcrumb":{"@id":"https:\/\/www.vagadeempregorj.com.br\/empregos-casa-km\/#breadcrumb"},"inLanguage":"fr-FR","potentialAction":[{"@type":"ReadAction","target":["https:\/\/www.vagadeempregorj.com.br\/empregos-casa-km\/"]}]},{"@type":"ImageObject","inLanguage":"fr-FR","@id":"https:\/\/www.vagadeempregorj.com.br\/empregos-casa-km\/#primaryimage","url":"https:\/\/www.vagadeempregorj.com.br\/wp-content\/uploads\/2022\/12\/casa-KM.png","contentUrl":"https:\/\/www.vagadeempregorj.com.br\/wp-content\/uploads\/2022\/12\/casa-KM.png","width":258,"height":208,"caption":"Imagem: Casa KM - Reprodu\u00e7\u00e3o"},{"@type":"BreadcrumbList","@id":"https:\/\/www.vagadeempregorj.com.br\/empregos-casa-km\/#breadcrumb","itemListElement":[{"@type":"ListItem","position":1,"name":"In\u00edcio","item":"https:\/\/www.vagadeempregorj.com.br\/"},{"@type":"ListItem","position":2,"name":"Vagas de Emprego Nacionais","item":"https:\/\/www.vagadeempregorj.com.br\/vagas-de-emprego-nacionais\/"},{"@type":"ListItem","position":3,"name":"Vendedores Externos, Analistas, Compradores de Fretes, Gerente de Marketing, Assistente Financeiro, e mais na Empresa Casa KM"}]},{"@type":"WebSite","@id":"https:\/\/www.vagadeempregorj.com.br\/#website","url":"https:\/\/www.vagadeempregorj.com.br\/","name":"","description":"Conquiste Sonhos: Vagas, Benef\u00edcios e Economia para Transformar Vidas e Alcan\u00e7ar Melhorias Cotidianas","potentialAction":[{"@type":"SearchAction","target":{"@type":"EntryPoint","urlTemplate":"https:\/\/www.vagadeempregorj.com.br\/?s={search_term_string}"},"query-input":{"@type":"PropertyValueSpecification","valueRequired":true,"valueName":"search_term_string"}}],"inLanguage":"fr-FR"},{"@type":"Person","@id":"https:\/\/www.vagadeempregorj.com.br\/#\/schema\/person\/3ddb19fa0539706786e502152f3aae95","name":"Michele","image":{"@type":"ImageObject","inLanguage":"fr-FR","@id":"https:\/\/secure.gravatar.com\/avatar\/6b0eb9d22841282815e2cd856a0061c45e1761cd54b22e952d98c4746939aa85?s=96&r=g","url":"https:\/\/secure.gravatar.com\/avatar\/6b0eb9d22841282815e2cd856a0061c45e1761cd54b22e952d98c4746939aa85?s=96&r=g","contentUrl":"https:\/\/secure.gravatar.com\/avatar\/6b0eb9d22841282815e2cd856a0061c45e1761cd54b22e952d98c4746939aa85?s=96&r=g","caption":"Michele"},"description":"Formada em Letras - Portugu\u00eas\/ Ingl\u00eas, e idealizadora do site Escritora de Sucesso, busca expandir o conhecimento de todos com informa\u00e7\u00f5es relevantes sobre diversos assuntos, enquanto redatora. No Vaga de Emprego RJ, traz oportunidades e dicas sobre o mercado de trabalho.","url":"https:\/\/www.vagadeempregorj.com.br\/fr\/author\/michele\/"}]}},"_links":{"self":[{"href":"https:\/\/www.vagadeempregorj.com.br\/fr\/wp-json\/wp\/v2\/posts\/37018","targetHints":{"allow":["GET"]}}],"collection":[{"href":"https:\/\/www.vagadeempregorj.com.br\/fr\/wp-json\/wp\/v2\/posts"}],"about":[{"href":"https:\/\/www.vagadeempregorj.com.br\/fr\/wp-json\/wp\/v2\/types\/post"}],"author":[{"embeddable":true,"href":"https:\/\/www.vagadeempregorj.com.br\/fr\/wp-json\/wp\/v2\/users\/16"}],"replies":[{"embeddable":true,"href":"https:\/\/www.vagadeempregorj.com.br\/fr\/wp-json\/wp\/v2\/comments?post=37018"}],"version-history":[{"count":0,"href":"https:\/\/www.vagadeempregorj.com.br\/fr\/wp-json\/wp\/v2\/posts\/37018\/revisions"}],"wp:featuredmedia":[{"embeddable":true,"href":"https:\/\/www.vagadeempregorj.com.br\/fr\/wp-json\/wp\/v2\/media\/37025"}],"wp:attachment":[{"href":"https:\/\/www.vagadeempregorj.com.br\/fr\/wp-json\/wp\/v2\/media?parent=37018"}],"wp:term":[{"taxonomy":"category","embeddable":true,"href":"https:\/\/www.vagadeempregorj.com.br\/fr\/wp-json\/wp\/v2\/categories?post=37018"},{"taxonomy":"post_tag","embeddable":true,"href":"https:\/\/www.vagadeempregorj.com.br\/fr\/wp-json\/wp\/v2\/tags?post=37018"}],"curies":[{"name":"wp","href":"https:\/\/api.w.org\/{rel}","templated":true}]}}