{"id":37091,"date":"2023-11-13T00:02:00","date_gmt":"2023-11-13T03:02:00","guid":{"rendered":"https:\/\/www.vagadeempregorj.com.br\/?p=37091"},"modified":"2023-11-12T11:59:31","modified_gmt":"2023-11-12T14:59:31","slug":"empregos-pradolux","status":"publish","type":"post","link":"https:\/\/www.vagadeempregorj.com.br\/fr\/empregos-pradolux\/","title":{"rendered":"Auxiliar Administrativo,  Operador de Produ\u00e7\u00e3o, Eletricista de Manuten\u00e7\u00e3o Industrial, Estagi\u00e1rios e muito mais na Empregos Pradolux"},"content":{"rendered":"<p>Atualizado em<\/p>\n\n\n<div class=\"wp-block-post-date\"><time datetime=\"2023-11-13T00:02:00-03:00\">13\/11\/2023<\/time><\/div>\n\n\n<p>Os <strong>empregos Pradolux<\/strong> oferecem aos seus colaboradores um ambiente de inova\u00e7\u00e3o, melhoria cont\u00ednua, parceria com institui\u00e7\u00f5es de ensino, oportunidades de desenvolvimentos de carreiras, al\u00e9m da valoriza\u00e7\u00e3o da diversidade em todas as equipes. Para fazer parte desse grande time, os interessados devem residir na cidade de Po\u00e7os de Caldas, em Minas Gerais, que \u00e9 onde est\u00e1 localizada e atender aos requisitos m\u00ednimos da fun\u00e7\u00e3o escolhida. Continue acompanhando para conferir todos os detalhes.<\/p>\n\n\n\n<figure class=\"wp-block-image size-full\"><img loading=\"lazy\" decoding=\"async\" width=\"1024\" height=\"292\" src=\"https:\/\/www.vagadeempregorj.com.br\/wp-content\/uploads\/2023\/01\/pradolux.png\" alt=\"pradolux\" class=\"wp-image-37097\" srcset=\"https:\/\/www.vagadeempregorj.com.br\/wp-content\/uploads\/2023\/01\/pradolux.png 1024w, https:\/\/www.vagadeempregorj.com.br\/wp-content\/uploads\/2023\/01\/pradolux-300x86.png 300w, https:\/\/www.vagadeempregorj.com.br\/wp-content\/uploads\/2023\/01\/pradolux-768x219.png 768w, https:\/\/www.vagadeempregorj.com.br\/wp-content\/uploads\/2023\/01\/pradolux-150x43.png 150w\" sizes=\"auto, (max-width: 1024px) 100vw, 1024px\" \/><figcaption class=\"wp-element-caption\">Imagem: Pradolux &#8211; Reprodu\u00e7\u00e3o<\/figcaption><\/figure>\n\n\n\n<h2 class=\"wp-block-heading\">Confira as oportunidades de empregos Pradolux<\/h2>\n\n\n\n<p>A empresa Pradolux oferece diversas oportunidades de empregos dentro das \u00e1reas comerciais, de engenharia e injetoras geral. Para se cadastrar \u00e9 importante atender aos requisitos m\u00ednimos da fun\u00e7\u00e3o. Al\u00e9m das vagas efetivas, a empresa oferece vagas tempor\u00e1rias, est\u00e1gio e um banco de talentos, onde candidatos que n\u00e3o encontrarem nenhuma fun\u00e7\u00e3o compat\u00edvel no momento, podem deixar seus curr\u00edculos cadastrados para futuras vagas. Veja as oportunidades abertas para cadastro:<\/p>\n\n\n\n<ul class=\"wp-block-list\">\n<li>Banco de Talentos &#8211; Est\u00e1gio e vagas Efetivas;<\/li>\n\n\n\n<li>Banco de Talentos &#8211; setor de qualidade;<\/li>\n\n\n\n<li>Eletricista de Manuten\u00e7\u00e3o Industrial;<\/li>\n\n\n\n<li>Estagi\u00e1rio de Engenharia de Processos;<\/li>\n\n\n\n<li>Banco de Talentos;<\/li>\n\n\n\n<li>Auxiliar de Serralheria;<\/li>\n\n\n\n<li>Auxiliar de Log\u00edstica;<\/li>\n\n\n\n<li>Estagi\u00e1rio em Engenharia de Produto;<\/li>\n\n\n\n<li>Operador de Produ\u00e7\u00e3o &#8211; vaga afirmativa para portadores de defici\u00eancia;<\/li>\n\n\n\n<li>Operador de Produ\u00e7\u00e3o;<\/li>\n\n\n\n<li>Est\u00e1gio em Engenharia El\u00e9trica\/Eletr\u00f4nica;<\/li>\n\n\n\n<li>Vencedores Externos e Promotores de Vendas.<\/li>\n<\/ul>\n\n\n\n<p>As vagas podem exigir diferentes qualifica\u00e7\u00f5es, portanto \u00e9 essencial atentar-se a todas as informa\u00e7\u00f5es no link da vaga escolhida. empresa oferece sal\u00e1rios fixos e v\u00e1rias vantagens, que incluem: conv\u00eanios com institui\u00e7\u00f5es de ensino, acompanhamento ergon\u00f4mico, premia\u00e7\u00e3o nas f\u00e9rias, vale transporte, conv\u00eanio com farm\u00e1cias, plano odontol\u00f3gico e m\u00e9dico.<\/p>\n\n\n\n<h3 class=\"wp-block-heading\">Como se candidatar<\/h3>\n\n\n\n<p>Para fazer parte deste grande time, os candidatos devem morar na cidade de Po\u00e7os de Caldas e garantir o preenchimento correto da ficha cadastral. Todas as informa\u00e7\u00f5es relevantes sobre a fun\u00e7\u00e3o, empresa e cargos dispon\u00edveis podem ser acessados atrav\u00e9s do link abaixo.<\/p>\n\n\n\n<ul class=\"wp-block-list\">\n<li><a href=\"https:\/\/pradolux.gupy.io\/\">Oportunidades Pradolux<\/a>.<\/li>\n<\/ul>\n\n\n\n<p>As vagas est\u00e3o abertas para profissionais com o m\u00ednimo de experi\u00eancia na fun\u00e7\u00e3o, que sejam pr\u00f3 ativos, flex\u00edveis e que estejam dispostos a se comprometer com o cargo e com a empresa pela busca da melhoria cont\u00ednua.&nbsp;<\/p>\n\n\n\n<p><strong>Veja tamb\u00e9m: <a href=\"https:\/\/www.vagadeempregorj.com.br\/fr\/web-stories\/vagas-de-emprego-na-oba-hortifrutti-2\/\">Vagas de emprego na Oba Hortifrutti<\/a><\/strong><\/p>\n\n\n\n<h2 class=\"wp-block-heading\">Sobre a empresa Pradolux<\/h2>\n\n\n\n<p>Entre os principais fabricantes de sinaliza\u00e7\u00e3o para ve\u00edculos comerciais \u200b\u200be pesados, a Pradolux se destaca. A companhia foca na qualidade e inova\u00e7\u00e3o, oferecendo mais de mil itens exclusivos aos seus consumidores. A Pradolux \u00e9 uma das organiza\u00e7\u00f5es que mais cresceu no mercado de autope\u00e7as nos \u00faltimos anos, e busca pessoas que queiram se desenvolver profissionalmente em um ambiente acolhedor e colaborativo.<\/p>\n\n\n\n<p>Para oferecer os melhores produtos aos mercados nacional e internacional, a empresa investe continuamente em inova\u00e7\u00e3o de projetos, qualidade e tecnologia com certifica\u00e7\u00e3o ISO 9001. A companhia emprega mais de 450 pessoas e cultiva a sua ess\u00eancia e o esp\u00edrito inovador e de crescimento de todos os seus colaboradores.&nbsp;<\/p>","protected":false},"excerpt":{"rendered":"<p>Atualizado em Os empregos Pradolux oferecem aos seus colaboradores um ambiente de inova\u00e7\u00e3o, melhoria cont\u00ednua, parceria com institui\u00e7\u00f5es de ensino, oportunidades de desenvolvimentos de carreiras, al\u00e9m da valoriza\u00e7\u00e3o da diversidade em todas as equipes. Para fazer parte desse grande time, os interessados devem residir na cidade de Po\u00e7os de Caldas, em Minas Gerais, que \u00e9&hellip;&nbsp;<\/p>","protected":false},"author":16,"featured_media":37097,"comment_status":"closed","ping_status":"closed","sticky":false,"template":"","format":"standard","meta":{"neve_meta_sidebar":"","neve_meta_container":"","neve_meta_enable_content_width":"","neve_meta_content_width":0,"neve_meta_title_alignment":"","neve_meta_author_avatar":"","neve_post_elements_order":"","neve_meta_disable_header":"","neve_meta_disable_footer":"","neve_meta_disable_title":"","footnotes":""},"categories":[123],"tags":[608,776,211],"class_list":["post-37091","post","type-post","status-publish","format-standard","has-post-thumbnail","hentry","category-vagas-de-emprego-nacionais","tag-oportunidades","tag-pradolux","tag-vagas-de-emprego"],"yoast_head":"<!-- This site is optimized with the Yoast SEO plugin v27.5 - https:\/\/yoast.com\/product\/yoast-seo-wordpress\/ -->\n<title>Auxiliar Administrativo, Operador de Produ\u00e7\u00e3o, Eletricista de Manuten\u00e7\u00e3o Industrial, Estagi\u00e1rios e muito mais na Empregos Pradolux -<\/title>\n<meta name=\"description\" content=\"Veja em Vagas de Emprego RJ as vagas de emprego com e sem experi\u00eancia no seu Estado e Regi\u00e3o!\" \/>\n<meta name=\"robots\" content=\"index, follow, max-snippet:-1, max-image-preview:large, max-video-preview:-1\" \/>\n<link rel=\"canonical\" href=\"https:\/\/www.vagadeempregorj.com.br\/fr\/empregos-pradolux\/\" \/>\n<meta property=\"og:locale\" content=\"fr_FR\" \/>\n<meta property=\"og:type\" content=\"article\" \/>\n<meta property=\"og:title\" content=\"Auxiliar Administrativo, Operador de Produ\u00e7\u00e3o, Eletricista de Manuten\u00e7\u00e3o Industrial, Estagi\u00e1rios e muito mais na Empregos Pradolux -\" \/>\n<meta property=\"og:description\" content=\"Veja em Vagas de Emprego RJ as vagas de emprego com e sem experi\u00eancia no seu Estado e Regi\u00e3o!\" \/>\n<meta property=\"og:url\" content=\"https:\/\/www.vagadeempregorj.com.br\/fr\/empregos-pradolux\/\" \/>\n<meta property=\"article:publisher\" content=\"https:\/\/www.facebook.com\/empregobrasiloficial\" \/>\n<meta property=\"article:published_time\" content=\"2023-11-13T03:02:00+00:00\" \/>\n<meta property=\"og:image\" content=\"https:\/\/www.vagadeempregorj.com.br\/wp-content\/uploads\/2023\/01\/pradolux.png\" \/>\n\t<meta property=\"og:image:width\" content=\"1024\" \/>\n\t<meta property=\"og:image:height\" content=\"292\" \/>\n\t<meta property=\"og:image:type\" content=\"image\/png\" \/>\n<meta name=\"author\" content=\"Michele\" \/>\n<meta name=\"twitter:card\" content=\"summary_large_image\" \/>\n<meta name=\"twitter:label1\" content=\"Written by\" \/>\n\t<meta name=\"twitter:data1\" content=\"Michele\" \/>\n\t<meta name=\"twitter:label2\" content=\"Est. reading time\" \/>\n\t<meta name=\"twitter:data2\" content=\"3 minutes\" \/>\n<script type=\"application\/ld+json\" class=\"yoast-schema-graph\">{\"@context\":\"https:\\\/\\\/schema.org\",\"@graph\":[{\"@type\":\"Article\",\"@id\":\"https:\\\/\\\/www.vagadeempregorj.com.br\\\/empregos-pradolux\\\/#article\",\"isPartOf\":{\"@id\":\"https:\\\/\\\/www.vagadeempregorj.com.br\\\/empregos-pradolux\\\/\"},\"author\":{\"name\":\"Michele\",\"@id\":\"https:\\\/\\\/www.vagadeempregorj.com.br\\\/#\\\/schema\\\/person\\\/3ddb19fa0539706786e502152f3aae95\"},\"headline\":\"Auxiliar Administrativo, Operador de Produ\u00e7\u00e3o, Eletricista de Manuten\u00e7\u00e3o Industrial, Estagi\u00e1rios e muito mais na Empregos Pradolux\",\"datePublished\":\"2023-11-13T03:02:00+00:00\",\"mainEntityOfPage\":{\"@id\":\"https:\\\/\\\/www.vagadeempregorj.com.br\\\/empregos-pradolux\\\/\"},\"wordCount\":543,\"image\":{\"@id\":\"https:\\\/\\\/www.vagadeempregorj.com.br\\\/empregos-pradolux\\\/#primaryimage\"},\"thumbnailUrl\":\"https:\\\/\\\/www.vagadeempregorj.com.br\\\/wp-content\\\/uploads\\\/2023\\\/01\\\/pradolux.png\",\"keywords\":[\"oportunidades\",\"Pradolux\",\"vagas de emprego\"],\"articleSection\":[\"Vagas de Emprego Nacionais\"],\"inLanguage\":\"fr-FR\"},{\"@type\":\"WebPage\",\"@id\":\"https:\\\/\\\/www.vagadeempregorj.com.br\\\/empregos-pradolux\\\/\",\"url\":\"https:\\\/\\\/www.vagadeempregorj.com.br\\\/empregos-pradolux\\\/\",\"name\":\"Auxiliar Administrativo, Operador de Produ\u00e7\u00e3o, Eletricista de Manuten\u00e7\u00e3o Industrial, Estagi\u00e1rios e muito mais na Empregos Pradolux -\",\"isPartOf\":{\"@id\":\"https:\\\/\\\/www.vagadeempregorj.com.br\\\/#website\"},\"primaryImageOfPage\":{\"@id\":\"https:\\\/\\\/www.vagadeempregorj.com.br\\\/empregos-pradolux\\\/#primaryimage\"},\"image\":{\"@id\":\"https:\\\/\\\/www.vagadeempregorj.com.br\\\/empregos-pradolux\\\/#primaryimage\"},\"thumbnailUrl\":\"https:\\\/\\\/www.vagadeempregorj.com.br\\\/wp-content\\\/uploads\\\/2023\\\/01\\\/pradolux.png\",\"datePublished\":\"2023-11-13T03:02:00+00:00\",\"author\":{\"@id\":\"https:\\\/\\\/www.vagadeempregorj.com.br\\\/#\\\/schema\\\/person\\\/3ddb19fa0539706786e502152f3aae95\"},\"description\":\"Veja em Vagas de Emprego RJ as vagas de emprego com e sem experi\u00eancia no seu Estado e Regi\u00e3o!\",\"breadcrumb\":{\"@id\":\"https:\\\/\\\/www.vagadeempregorj.com.br\\\/empregos-pradolux\\\/#breadcrumb\"},\"inLanguage\":\"fr-FR\",\"potentialAction\":[{\"@type\":\"ReadAction\",\"target\":[\"https:\\\/\\\/www.vagadeempregorj.com.br\\\/empregos-pradolux\\\/\"]}]},{\"@type\":\"ImageObject\",\"inLanguage\":\"fr-FR\",\"@id\":\"https:\\\/\\\/www.vagadeempregorj.com.br\\\/empregos-pradolux\\\/#primaryimage\",\"url\":\"https:\\\/\\\/www.vagadeempregorj.com.br\\\/wp-content\\\/uploads\\\/2023\\\/01\\\/pradolux.png\",\"contentUrl\":\"https:\\\/\\\/www.vagadeempregorj.com.br\\\/wp-content\\\/uploads\\\/2023\\\/01\\\/pradolux.png\",\"width\":1024,\"height\":292,\"caption\":\"Imagem: Pradolux - Reprodu\u00e7\u00e3o\"},{\"@type\":\"BreadcrumbList\",\"@id\":\"https:\\\/\\\/www.vagadeempregorj.com.br\\\/empregos-pradolux\\\/#breadcrumb\",\"itemListElement\":[{\"@type\":\"ListItem\",\"position\":1,\"name\":\"In\u00edcio\",\"item\":\"https:\\\/\\\/www.vagadeempregorj.com.br\\\/\"},{\"@type\":\"ListItem\",\"position\":2,\"name\":\"Vagas de Emprego Nacionais\",\"item\":\"https:\\\/\\\/www.vagadeempregorj.com.br\\\/vagas-de-emprego-nacionais\\\/\"},{\"@type\":\"ListItem\",\"position\":3,\"name\":\"Auxiliar Administrativo, Operador de Produ\u00e7\u00e3o, Eletricista de Manuten\u00e7\u00e3o Industrial, Estagi\u00e1rios e muito mais na Empregos Pradolux\"}]},{\"@type\":\"WebSite\",\"@id\":\"https:\\\/\\\/www.vagadeempregorj.com.br\\\/#website\",\"url\":\"https:\\\/\\\/www.vagadeempregorj.com.br\\\/\",\"name\":\"\",\"description\":\"Conquiste Sonhos: Vagas, Benef\u00edcios e Economia para Transformar Vidas e Alcan\u00e7ar Melhorias Cotidianas\",\"potentialAction\":[{\"@type\":\"SearchAction\",\"target\":{\"@type\":\"EntryPoint\",\"urlTemplate\":\"https:\\\/\\\/www.vagadeempregorj.com.br\\\/?s={search_term_string}\"},\"query-input\":{\"@type\":\"PropertyValueSpecification\",\"valueRequired\":true,\"valueName\":\"search_term_string\"}}],\"inLanguage\":\"fr-FR\"},{\"@type\":\"Person\",\"@id\":\"https:\\\/\\\/www.vagadeempregorj.com.br\\\/#\\\/schema\\\/person\\\/3ddb19fa0539706786e502152f3aae95\",\"name\":\"Michele\",\"image\":{\"@type\":\"ImageObject\",\"inLanguage\":\"fr-FR\",\"@id\":\"https:\\\/\\\/secure.gravatar.com\\\/avatar\\\/6b0eb9d22841282815e2cd856a0061c45e1761cd54b22e952d98c4746939aa85?s=96&r=g\",\"url\":\"https:\\\/\\\/secure.gravatar.com\\\/avatar\\\/6b0eb9d22841282815e2cd856a0061c45e1761cd54b22e952d98c4746939aa85?s=96&r=g\",\"contentUrl\":\"https:\\\/\\\/secure.gravatar.com\\\/avatar\\\/6b0eb9d22841282815e2cd856a0061c45e1761cd54b22e952d98c4746939aa85?s=96&r=g\",\"caption\":\"Michele\"},\"description\":\"Formada em Letras - Portugu\u00eas\\\/ Ingl\u00eas, e idealizadora do site Escritora de Sucesso, busca expandir o conhecimento de todos com informa\u00e7\u00f5es relevantes sobre diversos assuntos, enquanto redatora. No Vaga de Emprego RJ, traz oportunidades e dicas sobre o mercado de trabalho.\",\"url\":\"https:\\\/\\\/www.vagadeempregorj.com.br\\\/fr\\\/author\\\/michele\\\/\"}]}<\/script>\n<!-- \/ Yoast SEO plugin. -->","yoast_head_json":{"title":"Auxiliar Administrativo, Operador de Produ\u00e7\u00e3o, Eletricista de Manuten\u00e7\u00e3o Industrial, Estagi\u00e1rios e muito mais na Empregos Pradolux -","description":"Veja em Vagas de Emprego RJ as vagas de emprego com e sem experi\u00eancia no seu Estado e Regi\u00e3o!","robots":{"index":"index","follow":"follow","max-snippet":"max-snippet:-1","max-image-preview":"max-image-preview:large","max-video-preview":"max-video-preview:-1"},"canonical":"https:\/\/www.vagadeempregorj.com.br\/fr\/empregos-pradolux\/","og_locale":"fr_FR","og_type":"article","og_title":"Auxiliar Administrativo, Operador de Produ\u00e7\u00e3o, Eletricista de Manuten\u00e7\u00e3o Industrial, Estagi\u00e1rios e muito mais na Empregos Pradolux -","og_description":"Veja em Vagas de Emprego RJ as vagas de emprego com e sem experi\u00eancia no seu Estado e Regi\u00e3o!","og_url":"https:\/\/www.vagadeempregorj.com.br\/fr\/empregos-pradolux\/","article_publisher":"https:\/\/www.facebook.com\/empregobrasiloficial","article_published_time":"2023-11-13T03:02:00+00:00","og_image":[{"width":1024,"height":292,"url":"https:\/\/www.vagadeempregorj.com.br\/wp-content\/uploads\/2023\/01\/pradolux.png","type":"image\/png"}],"author":"Michele","twitter_card":"summary_large_image","twitter_misc":{"Written by":"Michele","Est. reading time":"3 minutes"},"schema":{"@context":"https:\/\/schema.org","@graph":[{"@type":"Article","@id":"https:\/\/www.vagadeempregorj.com.br\/empregos-pradolux\/#article","isPartOf":{"@id":"https:\/\/www.vagadeempregorj.com.br\/empregos-pradolux\/"},"author":{"name":"Michele","@id":"https:\/\/www.vagadeempregorj.com.br\/#\/schema\/person\/3ddb19fa0539706786e502152f3aae95"},"headline":"Auxiliar Administrativo, Operador de Produ\u00e7\u00e3o, Eletricista de Manuten\u00e7\u00e3o Industrial, Estagi\u00e1rios e muito mais na Empregos Pradolux","datePublished":"2023-11-13T03:02:00+00:00","mainEntityOfPage":{"@id":"https:\/\/www.vagadeempregorj.com.br\/empregos-pradolux\/"},"wordCount":543,"image":{"@id":"https:\/\/www.vagadeempregorj.com.br\/empregos-pradolux\/#primaryimage"},"thumbnailUrl":"https:\/\/www.vagadeempregorj.com.br\/wp-content\/uploads\/2023\/01\/pradolux.png","keywords":["oportunidades","Pradolux","vagas de emprego"],"articleSection":["Vagas de Emprego Nacionais"],"inLanguage":"fr-FR"},{"@type":"WebPage","@id":"https:\/\/www.vagadeempregorj.com.br\/empregos-pradolux\/","url":"https:\/\/www.vagadeempregorj.com.br\/empregos-pradolux\/","name":"Auxiliar Administrativo, Operador de Produ\u00e7\u00e3o, Eletricista de Manuten\u00e7\u00e3o Industrial, Estagi\u00e1rios e muito mais na Empregos Pradolux -","isPartOf":{"@id":"https:\/\/www.vagadeempregorj.com.br\/#website"},"primaryImageOfPage":{"@id":"https:\/\/www.vagadeempregorj.com.br\/empregos-pradolux\/#primaryimage"},"image":{"@id":"https:\/\/www.vagadeempregorj.com.br\/empregos-pradolux\/#primaryimage"},"thumbnailUrl":"https:\/\/www.vagadeempregorj.com.br\/wp-content\/uploads\/2023\/01\/pradolux.png","datePublished":"2023-11-13T03:02:00+00:00","author":{"@id":"https:\/\/www.vagadeempregorj.com.br\/#\/schema\/person\/3ddb19fa0539706786e502152f3aae95"},"description":"Veja em Vagas de Emprego RJ as vagas de emprego com e sem experi\u00eancia no seu Estado e Regi\u00e3o!","breadcrumb":{"@id":"https:\/\/www.vagadeempregorj.com.br\/empregos-pradolux\/#breadcrumb"},"inLanguage":"fr-FR","potentialAction":[{"@type":"ReadAction","target":["https:\/\/www.vagadeempregorj.com.br\/empregos-pradolux\/"]}]},{"@type":"ImageObject","inLanguage":"fr-FR","@id":"https:\/\/www.vagadeempregorj.com.br\/empregos-pradolux\/#primaryimage","url":"https:\/\/www.vagadeempregorj.com.br\/wp-content\/uploads\/2023\/01\/pradolux.png","contentUrl":"https:\/\/www.vagadeempregorj.com.br\/wp-content\/uploads\/2023\/01\/pradolux.png","width":1024,"height":292,"caption":"Imagem: Pradolux - Reprodu\u00e7\u00e3o"},{"@type":"BreadcrumbList","@id":"https:\/\/www.vagadeempregorj.com.br\/empregos-pradolux\/#breadcrumb","itemListElement":[{"@type":"ListItem","position":1,"name":"In\u00edcio","item":"https:\/\/www.vagadeempregorj.com.br\/"},{"@type":"ListItem","position":2,"name":"Vagas de Emprego Nacionais","item":"https:\/\/www.vagadeempregorj.com.br\/vagas-de-emprego-nacionais\/"},{"@type":"ListItem","position":3,"name":"Auxiliar Administrativo, Operador de Produ\u00e7\u00e3o, Eletricista de Manuten\u00e7\u00e3o Industrial, Estagi\u00e1rios e muito mais na Empregos Pradolux"}]},{"@type":"WebSite","@id":"https:\/\/www.vagadeempregorj.com.br\/#website","url":"https:\/\/www.vagadeempregorj.com.br\/","name":"","description":"Conquiste Sonhos: Vagas, Benef\u00edcios e Economia para Transformar Vidas e Alcan\u00e7ar Melhorias Cotidianas","potentialAction":[{"@type":"SearchAction","target":{"@type":"EntryPoint","urlTemplate":"https:\/\/www.vagadeempregorj.com.br\/?s={search_term_string}"},"query-input":{"@type":"PropertyValueSpecification","valueRequired":true,"valueName":"search_term_string"}}],"inLanguage":"fr-FR"},{"@type":"Person","@id":"https:\/\/www.vagadeempregorj.com.br\/#\/schema\/person\/3ddb19fa0539706786e502152f3aae95","name":"Michele","image":{"@type":"ImageObject","inLanguage":"fr-FR","@id":"https:\/\/secure.gravatar.com\/avatar\/6b0eb9d22841282815e2cd856a0061c45e1761cd54b22e952d98c4746939aa85?s=96&r=g","url":"https:\/\/secure.gravatar.com\/avatar\/6b0eb9d22841282815e2cd856a0061c45e1761cd54b22e952d98c4746939aa85?s=96&r=g","contentUrl":"https:\/\/secure.gravatar.com\/avatar\/6b0eb9d22841282815e2cd856a0061c45e1761cd54b22e952d98c4746939aa85?s=96&r=g","caption":"Michele"},"description":"Formada em Letras - Portugu\u00eas\/ Ingl\u00eas, e idealizadora do site Escritora de Sucesso, busca expandir o conhecimento de todos com informa\u00e7\u00f5es relevantes sobre diversos assuntos, enquanto redatora. No Vaga de Emprego RJ, traz oportunidades e dicas sobre o mercado de trabalho.","url":"https:\/\/www.vagadeempregorj.com.br\/fr\/author\/michele\/"}]}},"_links":{"self":[{"href":"https:\/\/www.vagadeempregorj.com.br\/fr\/wp-json\/wp\/v2\/posts\/37091","targetHints":{"allow":["GET"]}}],"collection":[{"href":"https:\/\/www.vagadeempregorj.com.br\/fr\/wp-json\/wp\/v2\/posts"}],"about":[{"href":"https:\/\/www.vagadeempregorj.com.br\/fr\/wp-json\/wp\/v2\/types\/post"}],"author":[{"embeddable":true,"href":"https:\/\/www.vagadeempregorj.com.br\/fr\/wp-json\/wp\/v2\/users\/16"}],"replies":[{"embeddable":true,"href":"https:\/\/www.vagadeempregorj.com.br\/fr\/wp-json\/wp\/v2\/comments?post=37091"}],"version-history":[{"count":0,"href":"https:\/\/www.vagadeempregorj.com.br\/fr\/wp-json\/wp\/v2\/posts\/37091\/revisions"}],"wp:featuredmedia":[{"embeddable":true,"href":"https:\/\/www.vagadeempregorj.com.br\/fr\/wp-json\/wp\/v2\/media\/37097"}],"wp:attachment":[{"href":"https:\/\/www.vagadeempregorj.com.br\/fr\/wp-json\/wp\/v2\/media?parent=37091"}],"wp:term":[{"taxonomy":"category","embeddable":true,"href":"https:\/\/www.vagadeempregorj.com.br\/fr\/wp-json\/wp\/v2\/categories?post=37091"},{"taxonomy":"post_tag","embeddable":true,"href":"https:\/\/www.vagadeempregorj.com.br\/fr\/wp-json\/wp\/v2\/tags?post=37091"}],"curies":[{"name":"wp","href":"https:\/\/api.w.org\/{rel}","templated":true}]}}