{"id":37135,"date":"2023-11-13T00:01:00","date_gmt":"2023-11-13T03:01:00","guid":{"rendered":"https:\/\/www.vagadeempregorj.com.br\/?p=37135"},"modified":"2023-11-12T11:58:50","modified_gmt":"2023-11-12T14:58:50","slug":"empregos-klabin-2","status":"publish","type":"post","link":"https:\/\/www.vagadeempregorj.com.br\/fr\/empregos-klabin-2\/","title":{"rendered":"Auxiliar de Servi\u00e7os Gerais, Operadores de Empilhadeira, Mec\u00e2nico, Ajudantes de Expedi\u00e7\u00e3o, Eletricista e muito mais na Empresa Klabin"},"content":{"rendered":"<p>Atualizado em<\/p>\n\n\n<div class=\"wp-block-post-date\"><time datetime=\"2023-11-13T00:01:00-03:00\">13\/11\/2023<\/time><\/div>\n\n\n<p>Os <strong>empregos Klabin<\/strong> oferece oportunidades em v\u00e1rias \u00e1reas da companhia, as inscri\u00e7\u00f5es est\u00e3o abertas para todos os profissionais que se identificarem com sua hist\u00f3ria e que atendam aos requisitos necess\u00e1rios da fun\u00e7\u00e3o escolhida, independente de g\u00eanero, orienta\u00e7\u00e3o sexual, religi\u00e3o, cor ou idade, todos podem se inscrever e participar do processo seletivo. Para mais detalhes, continue lendo.&nbsp;<\/p>\n\n\n\n<figure class=\"wp-block-image size-large\"><img loading=\"lazy\" decoding=\"async\" width=\"1024\" height=\"538\" src=\"https:\/\/www.vagadeempregorj.com.br\/wp-content\/uploads\/2023\/01\/image-4-1024x538.png\" alt=\"\" class=\"wp-image-37137\" srcset=\"https:\/\/www.vagadeempregorj.com.br\/wp-content\/uploads\/2023\/01\/image-4-1024x538.png 1024w, https:\/\/www.vagadeempregorj.com.br\/wp-content\/uploads\/2023\/01\/image-4-300x158.png 300w, https:\/\/www.vagadeempregorj.com.br\/wp-content\/uploads\/2023\/01\/image-4-768x403.png 768w, https:\/\/www.vagadeempregorj.com.br\/wp-content\/uploads\/2023\/01\/image-4-150x79.png 150w, https:\/\/www.vagadeempregorj.com.br\/wp-content\/uploads\/2023\/01\/image-4.png 1200w\" sizes=\"auto, (max-width: 1024px) 100vw, 1024px\" \/><figcaption class=\"wp-element-caption\">Imagem: Klabin &#8211; Reprodu\u00e7\u00e3o<\/figcaption><\/figure>\n\n\n\n<h2 class=\"wp-block-heading\">Confira as oportunidades de empregos Klabin&nbsp;<\/h2>\n\n\n\n<p>As vagas de empregos da Klabin est\u00e3o abertas em v\u00e1rias \u00e1reas de atua\u00e7\u00e3o, e os interessados podem se inscrever na regi\u00e3o mais pr\u00f3xima da sua resid\u00eancia, a companhia est\u00e1 oferecendo vagas nas seguintes cidades: Tel\u00eamaco Borba, Ortigueira, Otac\u00edlio Costa, S\u00e3o Leopoldo, Manaus, Piracicaba, Angatuba, Betim, Goi\u00e2nia, Rio Negro, Lages e diversas outras.&nbsp;<\/p>\n\n\n\n<p>Confira algumas oportunidades que podem ser preenchidas:<\/p>\n\n\n\n<ul class=\"wp-block-list\">\n<li>Operadores de Empilhadeira;<\/li>\n\n\n\n<li>Mec\u00e2nico \u2014 vaga exclusiva para PCDS;<\/li>\n\n\n\n<li>Controladores Log\u00edsticos Florestais;<\/li>\n\n\n\n<li>Ajudantes de Expedi\u00e7\u00e3o;<\/li>\n\n\n\n<li>Planejadores de Manuten\u00e7\u00e3o;<\/li>\n\n\n\n<li>Analistas de Responsabilidade Social;<\/li>\n\n\n\n<li>Instrutor T\u00e9cnico Florestal;<\/li>\n\n\n\n<li>Eletricista;<\/li>\n\n\n\n<li>Mec\u00e2nico;<\/li>\n\n\n\n<li>Banco de Talentos para pessoas Negras;<\/li>\n\n\n\n<li>Banco de Talentos para portadores de Defici\u00eancias;<\/li>\n\n\n\n<li>Analistas de Neg\u00f3cios TI Sr;<\/li>\n\n\n\n<li>Auxiliares PeD;<\/li>\n\n\n\n<li>T\u00e9cnico em Meio Ambiente Jr;<\/li>\n\n\n\n<li>Planejadores de Manuten\u00e7\u00e3o Jr;<\/li>\n\n\n\n<li>Engenheiro Agr\u00f4nomo Pl;<\/li>\n\n\n\n<li>Analistas de Melhoria Cont\u00ednua;<\/li>\n\n\n\n<li>Operadores Trainee;<\/li>\n\n\n\n<li>Ajudante de Expedi\u00e7\u00e3o Exclusivo para PCD;<\/li>\n\n\n\n<li>T\u00e9cnico Florestal Sr;<\/li>\n\n\n\n<li>Lubrificador;<\/li>\n\n\n\n<li>Auxiliares de Servi\u00e7os Gerais;<\/li>\n\n\n\n<li>Operadores de Processos Florestais;<\/li>\n\n\n\n<li>Operadores de Planta Qu\u00edmica.<\/li>\n<\/ul>\n\n\n\n<p>Os candidatos que registrarem seu curr\u00edculo no banco de talentos devem aguardar o contato da companhia para ocupar vagas que possam surgir futuramente, portanto, \u00e9 fundamental preencher atentamente todos os campos da ficha cadastral.<\/p>\n\n\n\n<p><strong>Veja tamb\u00e9m: <a href=\"https:\/\/www.vagadeempregorj.com.br\/fr\/empregos-leo-madeiras\/\">Vendedores, Auxiliar de Servi\u00e7os Gerais, Auxiliares de Limpeza, Auxiliares de Expedi\u00e7\u00e3o, Atendentes, Operadores de M\u00e1quinas, Conferentes e muito mais na Empresa Leo Madeiras<\/a><\/strong><\/p>\n\n\n\n<h3 class=\"wp-block-heading\">Como se candidatar<\/h3>\n\n\n\n<p>Para ter acesso a todas as vagas dispon\u00edveis, basta acessar o link abaixo:<\/p>\n\n\n\n<ul class=\"wp-block-list\">\n<li><a href=\"https:\/\/carreiras.klabin.com.br\/go\/Trabalhe-com-a-gente\/8804200\/\">Carreiras Klabin<\/a>.<\/li>\n<\/ul>\n\n\n\n<p>Al\u00e9m de remunera\u00e7\u00e3o fixa e compat\u00edvel com a m\u00e9dia de mercado, todos os novos contratados contam com um s\u00e9rie de benef\u00edcios, incluindo: vale refei\u00e7\u00e3o, programa de remunera\u00e7\u00e3o vari\u00e1vel, programas de incentivo, previd\u00eancia privada, assist\u00eancia m\u00e9dica e odontol\u00f3gica, plataforma de psicoterapia, programa de apoio ao colaborador, licen\u00e7a maternidade estendida, aux\u00edlio creche, kit de natal, treinamentos constantes e muitas parcerias com diversas empresas.<\/p>\n\n\n\n<h2 class=\"wp-block-heading\">Sobre a empresa Klabin<\/h2>\n\n\n\n<p>Possuindo mais de vinte unidades em territ\u00f3rio nacional e uma localizada na Argentina, a Klabin S.A. \u00e9 uma sociedade de capital aberto an\u00f4nima. A empresa \u00e9 reconhecida como a maior exportadora e produtora de papel no pa\u00eds e tamb\u00e9m \u00e9 l\u00edder do setor em produ\u00e7\u00e3o de embalagem de papel.<\/p>\n\n\n\n<p>A Klabin tamb\u00e9m \u00e9 a \u00fanica companhia brasileira no mercado a oferecer solu\u00e7\u00f5es para celuloses em fibra curta, longa e fluoradas. Tamb\u00e9m lidera a ind\u00fastria de embalagens industriais e papel\u00e3o ondulado.<\/p>\n\n\n\n<p>A companhia desenvolve v\u00e1rias solu\u00e7\u00f5es para garantir um futuro sustent\u00e1vel e renov\u00e1vel, trabalhando com produtos sustent\u00e1veis. Com base na ideia de preserva\u00e7\u00e3o da biodiversidade e do equil\u00edbrio ecol\u00f3gico nas regi\u00f5es em que atua, suas atividades&nbsp; industriais e florestais atendem todos esses crit\u00e9rios.&nbsp;<\/p>\n\n\n\n<p>Desde 2014, a empresa integra o ISE e, a partir do ano de 2020, passou a ser a \u00fanica empresa brasileira atuante nos mercados de papel e celulose a fazer parte do DJSI (Dow Jones Index of Stability) refer\u00eancia dos mercados emergentes e no \u00edndice mundial.&nbsp;<\/p>","protected":false},"excerpt":{"rendered":"<p>Atualizado em Os empregos Klabin oferece oportunidades em v\u00e1rias \u00e1reas da companhia, as inscri\u00e7\u00f5es est\u00e3o abertas para todos os profissionais que se identificarem com sua hist\u00f3ria e que atendam aos requisitos necess\u00e1rios da fun\u00e7\u00e3o escolhida, independente de g\u00eanero, orienta\u00e7\u00e3o sexual, religi\u00e3o, cor ou idade, todos podem se inscrever e participar do processo seletivo. Para mais&hellip;&nbsp;<\/p>","protected":false},"author":16,"featured_media":37137,"comment_status":"closed","ping_status":"closed","sticky":false,"template":"","format":"standard","meta":{"neve_meta_sidebar":"","neve_meta_container":"","neve_meta_enable_content_width":"","neve_meta_content_width":0,"neve_meta_title_alignment":"","neve_meta_author_avatar":"","neve_post_elements_order":"","neve_meta_disable_header":"","neve_meta_disable_footer":"","neve_meta_disable_title":"","footnotes":""},"categories":[123],"tags":[609,608,211],"class_list":["post-37135","post","type-post","status-publish","format-standard","has-post-thumbnail","hentry","category-vagas-de-emprego-nacionais","tag-klabin","tag-oportunidades","tag-vagas-de-emprego"],"yoast_head":"<!-- This site is optimized with the Yoast SEO plugin v27.5 - https:\/\/yoast.com\/product\/yoast-seo-wordpress\/ -->\n<title>Auxiliar de Servi\u00e7os Gerais, Operadores de Empilhadeira, Mec\u00e2nico, Ajudantes de Expedi\u00e7\u00e3o, Eletricista e muito mais na Empresa Klabin -<\/title>\n<meta name=\"description\" content=\"Veja em Vagas de Emprego RJ as vagas de emprego com e sem experi\u00eancia no seu Estado e Regi\u00e3o!\" \/>\n<meta name=\"robots\" content=\"index, follow, max-snippet:-1, max-image-preview:large, max-video-preview:-1\" \/>\n<link rel=\"canonical\" href=\"https:\/\/www.vagadeempregorj.com.br\/fr\/empregos-klabin-2\/\" \/>\n<meta property=\"og:locale\" content=\"fr_FR\" \/>\n<meta property=\"og:type\" content=\"article\" \/>\n<meta property=\"og:title\" content=\"Auxiliar de Servi\u00e7os Gerais, Operadores de Empilhadeira, Mec\u00e2nico, Ajudantes de Expedi\u00e7\u00e3o, Eletricista e muito mais na Empresa Klabin -\" \/>\n<meta property=\"og:description\" content=\"Veja em Vagas de Emprego RJ as vagas de emprego com e sem experi\u00eancia no seu Estado e Regi\u00e3o!\" \/>\n<meta property=\"og:url\" content=\"https:\/\/www.vagadeempregorj.com.br\/fr\/empregos-klabin-2\/\" \/>\n<meta property=\"article:publisher\" content=\"https:\/\/www.facebook.com\/empregobrasiloficial\" \/>\n<meta property=\"article:published_time\" content=\"2023-11-13T03:01:00+00:00\" \/>\n<meta property=\"og:image\" content=\"https:\/\/www.vagadeempregorj.com.br\/wp-content\/uploads\/2023\/01\/image-4.png\" \/>\n\t<meta property=\"og:image:width\" content=\"1200\" \/>\n\t<meta property=\"og:image:height\" content=\"630\" \/>\n\t<meta property=\"og:image:type\" content=\"image\/png\" \/>\n<meta name=\"author\" content=\"Michele\" \/>\n<meta name=\"twitter:card\" content=\"summary_large_image\" \/>\n<meta name=\"twitter:label1\" content=\"Written by\" \/>\n\t<meta name=\"twitter:data1\" content=\"Michele\" \/>\n\t<meta name=\"twitter:label2\" content=\"Est. reading time\" \/>\n\t<meta name=\"twitter:data2\" content=\"3 minutes\" \/>\n<script type=\"application\/ld+json\" class=\"yoast-schema-graph\">{\"@context\":\"https:\\\/\\\/schema.org\",\"@graph\":[{\"@type\":\"Article\",\"@id\":\"https:\\\/\\\/www.vagadeempregorj.com.br\\\/empregos-klabin-2\\\/#article\",\"isPartOf\":{\"@id\":\"https:\\\/\\\/www.vagadeempregorj.com.br\\\/empregos-klabin-2\\\/\"},\"author\":{\"name\":\"Michele\",\"@id\":\"https:\\\/\\\/www.vagadeempregorj.com.br\\\/#\\\/schema\\\/person\\\/3ddb19fa0539706786e502152f3aae95\"},\"headline\":\"Auxiliar de Servi\u00e7os Gerais, Operadores de Empilhadeira, Mec\u00e2nico, Ajudantes de Expedi\u00e7\u00e3o, Eletricista e muito mais na Empresa Klabin\",\"datePublished\":\"2023-11-13T03:01:00+00:00\",\"mainEntityOfPage\":{\"@id\":\"https:\\\/\\\/www.vagadeempregorj.com.br\\\/empregos-klabin-2\\\/\"},\"wordCount\":623,\"image\":{\"@id\":\"https:\\\/\\\/www.vagadeempregorj.com.br\\\/empregos-klabin-2\\\/#primaryimage\"},\"thumbnailUrl\":\"https:\\\/\\\/www.vagadeempregorj.com.br\\\/wp-content\\\/uploads\\\/2023\\\/01\\\/image-4.png\",\"keywords\":[\"Klabin\",\"oportunidades\",\"vagas de emprego\"],\"articleSection\":[\"Vagas de Emprego Nacionais\"],\"inLanguage\":\"fr-FR\"},{\"@type\":\"WebPage\",\"@id\":\"https:\\\/\\\/www.vagadeempregorj.com.br\\\/empregos-klabin-2\\\/\",\"url\":\"https:\\\/\\\/www.vagadeempregorj.com.br\\\/empregos-klabin-2\\\/\",\"name\":\"Auxiliar de Servi\u00e7os Gerais, Operadores de Empilhadeira, Mec\u00e2nico, Ajudantes de Expedi\u00e7\u00e3o, Eletricista e muito mais na Empresa Klabin -\",\"isPartOf\":{\"@id\":\"https:\\\/\\\/www.vagadeempregorj.com.br\\\/#website\"},\"primaryImageOfPage\":{\"@id\":\"https:\\\/\\\/www.vagadeempregorj.com.br\\\/empregos-klabin-2\\\/#primaryimage\"},\"image\":{\"@id\":\"https:\\\/\\\/www.vagadeempregorj.com.br\\\/empregos-klabin-2\\\/#primaryimage\"},\"thumbnailUrl\":\"https:\\\/\\\/www.vagadeempregorj.com.br\\\/wp-content\\\/uploads\\\/2023\\\/01\\\/image-4.png\",\"datePublished\":\"2023-11-13T03:01:00+00:00\",\"author\":{\"@id\":\"https:\\\/\\\/www.vagadeempregorj.com.br\\\/#\\\/schema\\\/person\\\/3ddb19fa0539706786e502152f3aae95\"},\"description\":\"Veja em Vagas de Emprego RJ as vagas de emprego com e sem experi\u00eancia no seu Estado e Regi\u00e3o!\",\"breadcrumb\":{\"@id\":\"https:\\\/\\\/www.vagadeempregorj.com.br\\\/empregos-klabin-2\\\/#breadcrumb\"},\"inLanguage\":\"fr-FR\",\"potentialAction\":[{\"@type\":\"ReadAction\",\"target\":[\"https:\\\/\\\/www.vagadeempregorj.com.br\\\/empregos-klabin-2\\\/\"]}]},{\"@type\":\"ImageObject\",\"inLanguage\":\"fr-FR\",\"@id\":\"https:\\\/\\\/www.vagadeempregorj.com.br\\\/empregos-klabin-2\\\/#primaryimage\",\"url\":\"https:\\\/\\\/www.vagadeempregorj.com.br\\\/wp-content\\\/uploads\\\/2023\\\/01\\\/image-4.png\",\"contentUrl\":\"https:\\\/\\\/www.vagadeempregorj.com.br\\\/wp-content\\\/uploads\\\/2023\\\/01\\\/image-4.png\",\"width\":1200,\"height\":630},{\"@type\":\"BreadcrumbList\",\"@id\":\"https:\\\/\\\/www.vagadeempregorj.com.br\\\/empregos-klabin-2\\\/#breadcrumb\",\"itemListElement\":[{\"@type\":\"ListItem\",\"position\":1,\"name\":\"In\u00edcio\",\"item\":\"https:\\\/\\\/www.vagadeempregorj.com.br\\\/\"},{\"@type\":\"ListItem\",\"position\":2,\"name\":\"Vagas de Emprego Nacionais\",\"item\":\"https:\\\/\\\/www.vagadeempregorj.com.br\\\/vagas-de-emprego-nacionais\\\/\"},{\"@type\":\"ListItem\",\"position\":3,\"name\":\"Auxiliar de Servi\u00e7os Gerais, Operadores de Empilhadeira, Mec\u00e2nico, Ajudantes de Expedi\u00e7\u00e3o, Eletricista e muito mais na Empresa Klabin\"}]},{\"@type\":\"WebSite\",\"@id\":\"https:\\\/\\\/www.vagadeempregorj.com.br\\\/#website\",\"url\":\"https:\\\/\\\/www.vagadeempregorj.com.br\\\/\",\"name\":\"\",\"description\":\"Conquiste Sonhos: Vagas, Benef\u00edcios e Economia para Transformar Vidas e Alcan\u00e7ar Melhorias Cotidianas\",\"potentialAction\":[{\"@type\":\"SearchAction\",\"target\":{\"@type\":\"EntryPoint\",\"urlTemplate\":\"https:\\\/\\\/www.vagadeempregorj.com.br\\\/?s={search_term_string}\"},\"query-input\":{\"@type\":\"PropertyValueSpecification\",\"valueRequired\":true,\"valueName\":\"search_term_string\"}}],\"inLanguage\":\"fr-FR\"},{\"@type\":\"Person\",\"@id\":\"https:\\\/\\\/www.vagadeempregorj.com.br\\\/#\\\/schema\\\/person\\\/3ddb19fa0539706786e502152f3aae95\",\"name\":\"Michele\",\"image\":{\"@type\":\"ImageObject\",\"inLanguage\":\"fr-FR\",\"@id\":\"https:\\\/\\\/secure.gravatar.com\\\/avatar\\\/6b0eb9d22841282815e2cd856a0061c45e1761cd54b22e952d98c4746939aa85?s=96&r=g\",\"url\":\"https:\\\/\\\/secure.gravatar.com\\\/avatar\\\/6b0eb9d22841282815e2cd856a0061c45e1761cd54b22e952d98c4746939aa85?s=96&r=g\",\"contentUrl\":\"https:\\\/\\\/secure.gravatar.com\\\/avatar\\\/6b0eb9d22841282815e2cd856a0061c45e1761cd54b22e952d98c4746939aa85?s=96&r=g\",\"caption\":\"Michele\"},\"description\":\"Formada em Letras - Portugu\u00eas\\\/ Ingl\u00eas, e idealizadora do site Escritora de Sucesso, busca expandir o conhecimento de todos com informa\u00e7\u00f5es relevantes sobre diversos assuntos, enquanto redatora. No Vaga de Emprego RJ, traz oportunidades e dicas sobre o mercado de trabalho.\",\"url\":\"https:\\\/\\\/www.vagadeempregorj.com.br\\\/fr\\\/author\\\/michele\\\/\"}]}<\/script>\n<!-- \/ Yoast SEO plugin. -->","yoast_head_json":{"title":"Auxiliar de Servi\u00e7os Gerais, Operadores de Empilhadeira, Mec\u00e2nico, Ajudantes de Expedi\u00e7\u00e3o, Eletricista e muito mais na Empresa Klabin -","description":"Veja em Vagas de Emprego RJ as vagas de emprego com e sem experi\u00eancia no seu Estado e Regi\u00e3o!","robots":{"index":"index","follow":"follow","max-snippet":"max-snippet:-1","max-image-preview":"max-image-preview:large","max-video-preview":"max-video-preview:-1"},"canonical":"https:\/\/www.vagadeempregorj.com.br\/fr\/empregos-klabin-2\/","og_locale":"fr_FR","og_type":"article","og_title":"Auxiliar de Servi\u00e7os Gerais, Operadores de Empilhadeira, Mec\u00e2nico, Ajudantes de Expedi\u00e7\u00e3o, Eletricista e muito mais na Empresa Klabin -","og_description":"Veja em Vagas de Emprego RJ as vagas de emprego com e sem experi\u00eancia no seu Estado e Regi\u00e3o!","og_url":"https:\/\/www.vagadeempregorj.com.br\/fr\/empregos-klabin-2\/","article_publisher":"https:\/\/www.facebook.com\/empregobrasiloficial","article_published_time":"2023-11-13T03:01:00+00:00","og_image":[{"width":1200,"height":630,"url":"https:\/\/www.vagadeempregorj.com.br\/wp-content\/uploads\/2023\/01\/image-4.png","type":"image\/png"}],"author":"Michele","twitter_card":"summary_large_image","twitter_misc":{"Written by":"Michele","Est. reading time":"3 minutes"},"schema":{"@context":"https:\/\/schema.org","@graph":[{"@type":"Article","@id":"https:\/\/www.vagadeempregorj.com.br\/empregos-klabin-2\/#article","isPartOf":{"@id":"https:\/\/www.vagadeempregorj.com.br\/empregos-klabin-2\/"},"author":{"name":"Michele","@id":"https:\/\/www.vagadeempregorj.com.br\/#\/schema\/person\/3ddb19fa0539706786e502152f3aae95"},"headline":"Auxiliar de Servi\u00e7os Gerais, Operadores de Empilhadeira, Mec\u00e2nico, Ajudantes de Expedi\u00e7\u00e3o, Eletricista e muito mais na Empresa Klabin","datePublished":"2023-11-13T03:01:00+00:00","mainEntityOfPage":{"@id":"https:\/\/www.vagadeempregorj.com.br\/empregos-klabin-2\/"},"wordCount":623,"image":{"@id":"https:\/\/www.vagadeempregorj.com.br\/empregos-klabin-2\/#primaryimage"},"thumbnailUrl":"https:\/\/www.vagadeempregorj.com.br\/wp-content\/uploads\/2023\/01\/image-4.png","keywords":["Klabin","oportunidades","vagas de emprego"],"articleSection":["Vagas de Emprego Nacionais"],"inLanguage":"fr-FR"},{"@type":"WebPage","@id":"https:\/\/www.vagadeempregorj.com.br\/empregos-klabin-2\/","url":"https:\/\/www.vagadeempregorj.com.br\/empregos-klabin-2\/","name":"Auxiliar de Servi\u00e7os Gerais, Operadores de Empilhadeira, Mec\u00e2nico, Ajudantes de Expedi\u00e7\u00e3o, Eletricista e muito mais na Empresa Klabin -","isPartOf":{"@id":"https:\/\/www.vagadeempregorj.com.br\/#website"},"primaryImageOfPage":{"@id":"https:\/\/www.vagadeempregorj.com.br\/empregos-klabin-2\/#primaryimage"},"image":{"@id":"https:\/\/www.vagadeempregorj.com.br\/empregos-klabin-2\/#primaryimage"},"thumbnailUrl":"https:\/\/www.vagadeempregorj.com.br\/wp-content\/uploads\/2023\/01\/image-4.png","datePublished":"2023-11-13T03:01:00+00:00","author":{"@id":"https:\/\/www.vagadeempregorj.com.br\/#\/schema\/person\/3ddb19fa0539706786e502152f3aae95"},"description":"Veja em Vagas de Emprego RJ as vagas de emprego com e sem experi\u00eancia no seu Estado e Regi\u00e3o!","breadcrumb":{"@id":"https:\/\/www.vagadeempregorj.com.br\/empregos-klabin-2\/#breadcrumb"},"inLanguage":"fr-FR","potentialAction":[{"@type":"ReadAction","target":["https:\/\/www.vagadeempregorj.com.br\/empregos-klabin-2\/"]}]},{"@type":"ImageObject","inLanguage":"fr-FR","@id":"https:\/\/www.vagadeempregorj.com.br\/empregos-klabin-2\/#primaryimage","url":"https:\/\/www.vagadeempregorj.com.br\/wp-content\/uploads\/2023\/01\/image-4.png","contentUrl":"https:\/\/www.vagadeempregorj.com.br\/wp-content\/uploads\/2023\/01\/image-4.png","width":1200,"height":630},{"@type":"BreadcrumbList","@id":"https:\/\/www.vagadeempregorj.com.br\/empregos-klabin-2\/#breadcrumb","itemListElement":[{"@type":"ListItem","position":1,"name":"In\u00edcio","item":"https:\/\/www.vagadeempregorj.com.br\/"},{"@type":"ListItem","position":2,"name":"Vagas de Emprego Nacionais","item":"https:\/\/www.vagadeempregorj.com.br\/vagas-de-emprego-nacionais\/"},{"@type":"ListItem","position":3,"name":"Auxiliar de Servi\u00e7os Gerais, Operadores de Empilhadeira, Mec\u00e2nico, Ajudantes de Expedi\u00e7\u00e3o, Eletricista e muito mais na Empresa Klabin"}]},{"@type":"WebSite","@id":"https:\/\/www.vagadeempregorj.com.br\/#website","url":"https:\/\/www.vagadeempregorj.com.br\/","name":"","description":"Conquiste Sonhos: Vagas, Benef\u00edcios e Economia para Transformar Vidas e Alcan\u00e7ar Melhorias Cotidianas","potentialAction":[{"@type":"SearchAction","target":{"@type":"EntryPoint","urlTemplate":"https:\/\/www.vagadeempregorj.com.br\/?s={search_term_string}"},"query-input":{"@type":"PropertyValueSpecification","valueRequired":true,"valueName":"search_term_string"}}],"inLanguage":"fr-FR"},{"@type":"Person","@id":"https:\/\/www.vagadeempregorj.com.br\/#\/schema\/person\/3ddb19fa0539706786e502152f3aae95","name":"Michele","image":{"@type":"ImageObject","inLanguage":"fr-FR","@id":"https:\/\/secure.gravatar.com\/avatar\/6b0eb9d22841282815e2cd856a0061c45e1761cd54b22e952d98c4746939aa85?s=96&r=g","url":"https:\/\/secure.gravatar.com\/avatar\/6b0eb9d22841282815e2cd856a0061c45e1761cd54b22e952d98c4746939aa85?s=96&r=g","contentUrl":"https:\/\/secure.gravatar.com\/avatar\/6b0eb9d22841282815e2cd856a0061c45e1761cd54b22e952d98c4746939aa85?s=96&r=g","caption":"Michele"},"description":"Formada em Letras - Portugu\u00eas\/ Ingl\u00eas, e idealizadora do site Escritora de Sucesso, busca expandir o conhecimento de todos com informa\u00e7\u00f5es relevantes sobre diversos assuntos, enquanto redatora. No Vaga de Emprego RJ, traz oportunidades e dicas sobre o mercado de trabalho.","url":"https:\/\/www.vagadeempregorj.com.br\/fr\/author\/michele\/"}]}},"_links":{"self":[{"href":"https:\/\/www.vagadeempregorj.com.br\/fr\/wp-json\/wp\/v2\/posts\/37135","targetHints":{"allow":["GET"]}}],"collection":[{"href":"https:\/\/www.vagadeempregorj.com.br\/fr\/wp-json\/wp\/v2\/posts"}],"about":[{"href":"https:\/\/www.vagadeempregorj.com.br\/fr\/wp-json\/wp\/v2\/types\/post"}],"author":[{"embeddable":true,"href":"https:\/\/www.vagadeempregorj.com.br\/fr\/wp-json\/wp\/v2\/users\/16"}],"replies":[{"embeddable":true,"href":"https:\/\/www.vagadeempregorj.com.br\/fr\/wp-json\/wp\/v2\/comments?post=37135"}],"version-history":[{"count":0,"href":"https:\/\/www.vagadeempregorj.com.br\/fr\/wp-json\/wp\/v2\/posts\/37135\/revisions"}],"wp:featuredmedia":[{"embeddable":true,"href":"https:\/\/www.vagadeempregorj.com.br\/fr\/wp-json\/wp\/v2\/media\/37137"}],"wp:attachment":[{"href":"https:\/\/www.vagadeempregorj.com.br\/fr\/wp-json\/wp\/v2\/media?parent=37135"}],"wp:term":[{"taxonomy":"category","embeddable":true,"href":"https:\/\/www.vagadeempregorj.com.br\/fr\/wp-json\/wp\/v2\/categories?post=37135"},{"taxonomy":"post_tag","embeddable":true,"href":"https:\/\/www.vagadeempregorj.com.br\/fr\/wp-json\/wp\/v2\/tags?post=37135"}],"curies":[{"name":"wp","href":"https:\/\/api.w.org\/{rel}","templated":true}]}}