{"id":37292,"date":"2023-09-07T00:01:00","date_gmt":"2023-09-07T03:01:00","guid":{"rendered":"https:\/\/www.vagadeempregorj.com.br\/?p=37292"},"modified":"2023-10-01T11:29:20","modified_gmt":"2023-10-01T14:29:20","slug":"empregos-positivo-tecnologia","status":"publish","type":"post","link":"https:\/\/www.vagadeempregorj.com.br\/fr\/empregos-positivo-tecnologia\/","title":{"rendered":"T\u00e9cnico de Inform\u00e1tica, Promotores, Gerente de Projetos, Gerente de Neg\u00f3cios, Est\u00e1gios, Consultores e muito mais na Empresa Positivo Tecnologia"},"content":{"rendered":"<p>Atualizado<\/p>\n\n\n<div class=\"wp-block-post-date\"><time datetime=\"2023-09-07T00:01:00-03:00\">07\/09\/2023<\/time><\/div>\n\n\n<p>Os<strong> empregos Positivo Tecnologia<\/strong> conta com um time din\u00e2mico, vers\u00e1til, que respeita todas as diferen\u00e7as, oferecendo vagas em diferentes cidades brasileiras. Para fazer parte desse grande time, atender aos crit\u00e9rios m\u00ednimos e morar em regi\u00f5es onde a companhia est\u00e1 contratando ser\u00e1 fundamental. Continue acompanhando e tenha acesso a mais detalhes sobre o cadastramento.&nbsp;<\/p>\n\n\n\n<figure class=\"wp-block-image size-full\"><img loading=\"lazy\" decoding=\"async\" width=\"402\" height=\"125\" src=\"https:\/\/www.vagadeempregorj.com.br\/wp-content\/uploads\/2023\/01\/image-9.png\" alt=\"\" class=\"wp-image-37309\" srcset=\"https:\/\/www.vagadeempregorj.com.br\/wp-content\/uploads\/2023\/01\/image-9.png 402w, https:\/\/www.vagadeempregorj.com.br\/wp-content\/uploads\/2023\/01\/image-9-300x93.png 300w, https:\/\/www.vagadeempregorj.com.br\/wp-content\/uploads\/2023\/01\/image-9-150x47.png 150w\" sizes=\"auto, (max-width: 402px) 100vw, 402px\" \/><figcaption class=\"wp-element-caption\">Imagem: Positivo &#8211; Reprodu\u00e7\u00e3o<\/figcaption><\/figure>\n\n\n\n<h2 class=\"wp-block-heading\">Veja as oportunidades de empregos Positivo Tecnologia&nbsp;<\/h2>\n\n\n\n<p>A empresa Positivo oferece oportunidades de empregos em v\u00e1rias regi\u00f5es brasileiras, incluindo: Bauru, Bras\u00edlia, Barueri, Curitiba, Campinas, Fortaleza, Ilh\u00e9us, Ipatinga, Jundia\u00ed, Manaus, Porto Alegre, Recife, Rio de Janeiro, Santos, S\u00e3o Paulo, S\u00e3o Jos\u00e9 dos Campos e Uberaba, al\u00e9m de vagas que podem ser exercidas de maneira remota.&nbsp;<\/p>\n\n\n\n<p>Confira as oportunidades que podem ser preenchidas:<\/p>\n\n\n\n<ul class=\"wp-block-list\">\n<li>T\u00e9cnico em Inform\u00e1tica;<\/li>\n\n\n\n<li>T\u00e9cnico de Suporte Pleno;<\/li>\n\n\n\n<li>T\u00e9cnico de Suporte J\u00fanior;<\/li>\n\n\n\n<li>T\u00e9cnico de Produtos Pleno;<\/li>\n\n\n\n<li>T\u00e9cnico de Inform\u00e1tica;<\/li>\n\n\n\n<li>Supervisor de Trade Marketing;<\/li>\n\n\n\n<li>Supervisor de Log\u00edstica;<\/li>\n\n\n\n<li>Supervisores de Contabilidade;<\/li>\n\n\n\n<li>Promotores L\u00edderes;<\/li>\n\n\n\n<li>Procurement;<\/li>\n\n\n\n<li>Gerente de Projetos;<\/li>\n\n\n\n<li>Gerente de Neg\u00f3cios;<\/li>\n\n\n\n<li>Est\u00e1gio em TI;<\/li>\n\n\n\n<li>Est\u00e1gio em Publicidade e Propaganda;<\/li>\n\n\n\n<li>Est\u00e1gio em Procurement;<\/li>\n\n\n\n<li>Est\u00e1gio em E Commerce;<\/li>\n\n\n\n<li>Est\u00e1gio em Designer;<\/li>\n\n\n\n<li>Est\u00e1gio em Desenvolvimento Web Front End;<\/li>\n\n\n\n<li>Est\u00e1gio em Administra\u00e7\u00e3o;<\/li>\n\n\n\n<li>Est\u00e1gio de Dados;<\/li>\n\n\n\n<li>Est\u00e1gio Comercial;<\/li>\n\n\n\n<li>Especialista em Datacenter e Servidores;<\/li>\n\n\n\n<li>Especialistas de Produto;<\/li>\n\n\n\n<li>Desenvolvedores Android \u2014 banco de talentos;<\/li>\n\n\n\n<li>Coordenador de Projetos;<\/li>\n\n\n\n<li>Coordenador de Marketing;<\/li>\n\n\n\n<li>Coordenador de Cr\u00e9dito e Cobran\u00e7a;<\/li>\n\n\n\n<li>Coordenador de tesouraria;<\/li>\n\n\n\n<li>Coordenador de Or\u00e7amento e Parcerias de Marketing;<\/li>\n\n\n\n<li>Consultores T\u00e9cnicos;<\/li>\n\n\n\n<li>Consultores de Canais.&nbsp;<\/li>\n<\/ul>\n\n\n\n<p>A empresa entrar\u00e1 em contato com candidatos que n\u00e3o encontrarem nenhuma posi\u00e7\u00e3o aberta em seu campo de especializa\u00e7\u00e3o e deixarem cadastrado seu curr\u00edculo no banco de tantos, caso surja uma oportunidade que se encaixe em suas habilidades posteriormente.&nbsp;<\/p>\n\n\n\n<h3 class=\"wp-block-heading\">Como se candidatar&nbsp;<\/h3>\n\n\n\n<p>O site abaixo estar\u00e1 ativo por um per\u00edodo de tempo n\u00e3o especificado e permitir\u00e1 que os candidatos visualizem todas as posi\u00e7\u00f5es abertas, informa\u00e7\u00f5es da empresa e detalhes da inscri\u00e7\u00e3o, bem como avaliar sua adequa\u00e7\u00e3o para a miss\u00e3o e a cultura da empresa.&nbsp;<\/p>\n\n\n\n<p>A parte interessada deve se inscrever imediatamente ap\u00f3s descobrir uma posi\u00e7\u00e3o que corresponda \u00e0s suas qualifica\u00e7\u00f5es, porque as vagas abertas podem mudar semanalmente, dependendo do n\u00famero de inscri\u00e7\u00f5es recebidas.<\/p>\n\n\n\n<ul class=\"wp-block-list\">\n<li><a href=\"https:\/\/positivotecnologia.gupy.io\">Oportunidades Positivo Tecnologia<\/a>.&nbsp;<\/li>\n<\/ul>\n\n\n\n<p>Al\u00e9m da remunera\u00e7\u00e3o fixa, todos os novos contratados contam com diversas vantagens que ser\u00e3o divulgadas durante as entrevistas individuais.&nbsp;<\/p>\n\n\n\n<p><strong>Veja tamb\u00e9m: <a href=\"https:\/\/www.vagadeempregorj.com.br\/fr\/empregos-cea\/\">Operador de Caixa, Arquiteto de seguran\u00e7a da informa\u00e7\u00e3o e muito mais na Empresa C&A<\/a><\/strong><\/p>\n\n\n\n<h2 class=\"wp-block-heading\">Sobre a empresa Positivo Tecnologia&nbsp;<\/h2>\n\n\n\n<p>Foi em 1989 quando um grupo de empreendedores do setor educacional decidiu produzir computadores no Brasil em um cen\u00e1rio caracterizado por desafios inesperados. Eles aproveitam essa janela de oportunidade com esp\u00edrito pioneiro: o aumento da popularidade dos computadores pessoais. Dessa forma, uma verdadeira marca de tecnologia brasileira surgiu, a Positivo Inform\u00e1tica, que em 2017 passou a ser conhecida como Positivo Tecnologia.<\/p>\n\n\n\n<p>Concentrar-se na tecnologia da informa\u00e7\u00e3o tem sido a maneira de romper barreiras, dominar o mercado e alcan\u00e7ar milh\u00f5es de brasileiros por mais de duas d\u00e9cadas. Nesta fase, a empresa aprofunda sua compreens\u00e3o dos h\u00e1bitos, necessidades e desejos dos consumidores brasileiros, a fim de alcan\u00e7ar uma proximidade valiosa com seus clientes. Seus produtos s\u00e3o os acess\u00f3rios tecnol\u00f3gicos mais atualizados e mais acess\u00edveis em todo o Brasil.<\/p>","protected":false},"excerpt":{"rendered":"<p>Atualizado Os empregos Positivo Tecnologia conta com um time din\u00e2mico, vers\u00e1til, que respeita todas as diferen\u00e7as, oferecendo vagas em diferentes cidades brasileiras. Para fazer parte desse grande time, atender aos crit\u00e9rios m\u00ednimos e morar em regi\u00f5es onde a companhia est\u00e1 contratando ser\u00e1 fundamental. Continue acompanhando e tenha acesso a mais detalhes sobre o cadastramento.&nbsp; Veja&hellip;&nbsp;<\/p>","protected":false},"author":16,"featured_media":37309,"comment_status":"closed","ping_status":"closed","sticky":false,"template":"","format":"standard","meta":{"neve_meta_sidebar":"","neve_meta_container":"","neve_meta_enable_content_width":"","neve_meta_content_width":0,"neve_meta_title_alignment":"","neve_meta_author_avatar":"","neve_post_elements_order":"","neve_meta_disable_header":"","neve_meta_disable_footer":"","neve_meta_disable_title":"","footnotes":""},"categories":[123],"tags":[608,782,211],"class_list":["post-37292","post","type-post","status-publish","format-standard","has-post-thumbnail","hentry","category-vagas-de-emprego-nacionais","tag-oportunidades","tag-positivo-tecnologia","tag-vagas-de-emprego"],"yoast_head":"<!-- This site is optimized with the Yoast SEO plugin v27.5 - https:\/\/yoast.com\/product\/yoast-seo-wordpress\/ -->\n<title>T\u00e9cnico de Inform\u00e1tica, Promotores, Gerente de Projetos, Gerente de Neg\u00f3cios, Est\u00e1gios, Consultores e muito mais na Empresa Positivo Tecnologia -<\/title>\n<meta name=\"description\" content=\"Veja em Vagas de Emprego RJ as vagas de emprego com e sem experi\u00eancia no seu Estado e Regi\u00e3o!\" \/>\n<meta name=\"robots\" content=\"index, follow, max-snippet:-1, max-image-preview:large, max-video-preview:-1\" \/>\n<link rel=\"canonical\" href=\"https:\/\/www.vagadeempregorj.com.br\/fr\/empregos-positivo-tecnologia\/\" \/>\n<meta property=\"og:locale\" content=\"fr_FR\" \/>\n<meta property=\"og:type\" content=\"article\" \/>\n<meta property=\"og:title\" content=\"T\u00e9cnico de Inform\u00e1tica, Promotores, Gerente de Projetos, Gerente de Neg\u00f3cios, Est\u00e1gios, Consultores e muito mais na Empresa Positivo Tecnologia -\" \/>\n<meta property=\"og:description\" content=\"Veja em Vagas de Emprego RJ as vagas de emprego com e sem experi\u00eancia no seu Estado e Regi\u00e3o!\" \/>\n<meta property=\"og:url\" content=\"https:\/\/www.vagadeempregorj.com.br\/fr\/empregos-positivo-tecnologia\/\" \/>\n<meta property=\"article:publisher\" content=\"https:\/\/www.facebook.com\/empregobrasiloficial\" \/>\n<meta property=\"article:published_time\" content=\"2023-09-07T03:01:00+00:00\" \/>\n<meta property=\"article:modified_time\" content=\"2023-10-01T14:29:20+00:00\" \/>\n<meta property=\"og:image\" content=\"https:\/\/www.vagadeempregorj.com.br\/wp-content\/uploads\/2023\/01\/image-9.png\" \/>\n\t<meta property=\"og:image:width\" content=\"402\" \/>\n\t<meta property=\"og:image:height\" content=\"125\" \/>\n\t<meta property=\"og:image:type\" content=\"image\/png\" \/>\n<meta name=\"author\" content=\"Michele\" \/>\n<meta name=\"twitter:card\" content=\"summary_large_image\" \/>\n<meta name=\"twitter:label1\" content=\"Written by\" \/>\n\t<meta name=\"twitter:data1\" content=\"Michele\" \/>\n\t<meta name=\"twitter:label2\" content=\"Est. reading time\" \/>\n\t<meta name=\"twitter:data2\" content=\"3 minutes\" \/>\n<script type=\"application\/ld+json\" class=\"yoast-schema-graph\">{\"@context\":\"https:\\\/\\\/schema.org\",\"@graph\":[{\"@type\":\"Article\",\"@id\":\"https:\\\/\\\/www.vagadeempregorj.com.br\\\/empregos-positivo-tecnologia\\\/#article\",\"isPartOf\":{\"@id\":\"https:\\\/\\\/www.vagadeempregorj.com.br\\\/empregos-positivo-tecnologia\\\/\"},\"author\":{\"name\":\"Michele\",\"@id\":\"https:\\\/\\\/www.vagadeempregorj.com.br\\\/#\\\/schema\\\/person\\\/3ddb19fa0539706786e502152f3aae95\"},\"headline\":\"T\u00e9cnico de Inform\u00e1tica, Promotores, Gerente de Projetos, Gerente de Neg\u00f3cios, Est\u00e1gios, Consultores e muito mais na Empresa Positivo Tecnologia\",\"datePublished\":\"2023-09-07T03:01:00+00:00\",\"dateModified\":\"2023-10-01T14:29:20+00:00\",\"mainEntityOfPage\":{\"@id\":\"https:\\\/\\\/www.vagadeempregorj.com.br\\\/empregos-positivo-tecnologia\\\/\"},\"wordCount\":616,\"image\":{\"@id\":\"https:\\\/\\\/www.vagadeempregorj.com.br\\\/empregos-positivo-tecnologia\\\/#primaryimage\"},\"thumbnailUrl\":\"https:\\\/\\\/www.vagadeempregorj.com.br\\\/wp-content\\\/uploads\\\/2023\\\/01\\\/image-9.png\",\"keywords\":[\"oportunidades\",\"Positivo Tecnologia\",\"vagas de emprego\"],\"articleSection\":[\"Vagas de Emprego Nacionais\"],\"inLanguage\":\"fr-FR\"},{\"@type\":\"WebPage\",\"@id\":\"https:\\\/\\\/www.vagadeempregorj.com.br\\\/empregos-positivo-tecnologia\\\/\",\"url\":\"https:\\\/\\\/www.vagadeempregorj.com.br\\\/empregos-positivo-tecnologia\\\/\",\"name\":\"T\u00e9cnico de Inform\u00e1tica, Promotores, Gerente de Projetos, Gerente de Neg\u00f3cios, Est\u00e1gios, Consultores e muito mais na Empresa Positivo Tecnologia -\",\"isPartOf\":{\"@id\":\"https:\\\/\\\/www.vagadeempregorj.com.br\\\/#website\"},\"primaryImageOfPage\":{\"@id\":\"https:\\\/\\\/www.vagadeempregorj.com.br\\\/empregos-positivo-tecnologia\\\/#primaryimage\"},\"image\":{\"@id\":\"https:\\\/\\\/www.vagadeempregorj.com.br\\\/empregos-positivo-tecnologia\\\/#primaryimage\"},\"thumbnailUrl\":\"https:\\\/\\\/www.vagadeempregorj.com.br\\\/wp-content\\\/uploads\\\/2023\\\/01\\\/image-9.png\",\"datePublished\":\"2023-09-07T03:01:00+00:00\",\"dateModified\":\"2023-10-01T14:29:20+00:00\",\"author\":{\"@id\":\"https:\\\/\\\/www.vagadeempregorj.com.br\\\/#\\\/schema\\\/person\\\/3ddb19fa0539706786e502152f3aae95\"},\"description\":\"Veja em Vagas de Emprego RJ as vagas de emprego com e sem experi\u00eancia no seu Estado e Regi\u00e3o!\",\"breadcrumb\":{\"@id\":\"https:\\\/\\\/www.vagadeempregorj.com.br\\\/empregos-positivo-tecnologia\\\/#breadcrumb\"},\"inLanguage\":\"fr-FR\",\"potentialAction\":[{\"@type\":\"ReadAction\",\"target\":[\"https:\\\/\\\/www.vagadeempregorj.com.br\\\/empregos-positivo-tecnologia\\\/\"]}]},{\"@type\":\"ImageObject\",\"inLanguage\":\"fr-FR\",\"@id\":\"https:\\\/\\\/www.vagadeempregorj.com.br\\\/empregos-positivo-tecnologia\\\/#primaryimage\",\"url\":\"https:\\\/\\\/www.vagadeempregorj.com.br\\\/wp-content\\\/uploads\\\/2023\\\/01\\\/image-9.png\",\"contentUrl\":\"https:\\\/\\\/www.vagadeempregorj.com.br\\\/wp-content\\\/uploads\\\/2023\\\/01\\\/image-9.png\",\"width\":402,\"height\":125},{\"@type\":\"BreadcrumbList\",\"@id\":\"https:\\\/\\\/www.vagadeempregorj.com.br\\\/empregos-positivo-tecnologia\\\/#breadcrumb\",\"itemListElement\":[{\"@type\":\"ListItem\",\"position\":1,\"name\":\"In\u00edcio\",\"item\":\"https:\\\/\\\/www.vagadeempregorj.com.br\\\/\"},{\"@type\":\"ListItem\",\"position\":2,\"name\":\"Vagas de Emprego Nacionais\",\"item\":\"https:\\\/\\\/www.vagadeempregorj.com.br\\\/vagas-de-emprego-nacionais\\\/\"},{\"@type\":\"ListItem\",\"position\":3,\"name\":\"T\u00e9cnico de Inform\u00e1tica, Promotores, Gerente de Projetos, Gerente de Neg\u00f3cios, Est\u00e1gios, Consultores e muito mais na Empresa Positivo Tecnologia\"}]},{\"@type\":\"WebSite\",\"@id\":\"https:\\\/\\\/www.vagadeempregorj.com.br\\\/#website\",\"url\":\"https:\\\/\\\/www.vagadeempregorj.com.br\\\/\",\"name\":\"\",\"description\":\"Conquiste Sonhos: Vagas, Benef\u00edcios e Economia para Transformar Vidas e Alcan\u00e7ar Melhorias Cotidianas\",\"potentialAction\":[{\"@type\":\"SearchAction\",\"target\":{\"@type\":\"EntryPoint\",\"urlTemplate\":\"https:\\\/\\\/www.vagadeempregorj.com.br\\\/?s={search_term_string}\"},\"query-input\":{\"@type\":\"PropertyValueSpecification\",\"valueRequired\":true,\"valueName\":\"search_term_string\"}}],\"inLanguage\":\"fr-FR\"},{\"@type\":\"Person\",\"@id\":\"https:\\\/\\\/www.vagadeempregorj.com.br\\\/#\\\/schema\\\/person\\\/3ddb19fa0539706786e502152f3aae95\",\"name\":\"Michele\",\"image\":{\"@type\":\"ImageObject\",\"inLanguage\":\"fr-FR\",\"@id\":\"https:\\\/\\\/secure.gravatar.com\\\/avatar\\\/6b0eb9d22841282815e2cd856a0061c45e1761cd54b22e952d98c4746939aa85?s=96&r=g\",\"url\":\"https:\\\/\\\/secure.gravatar.com\\\/avatar\\\/6b0eb9d22841282815e2cd856a0061c45e1761cd54b22e952d98c4746939aa85?s=96&r=g\",\"contentUrl\":\"https:\\\/\\\/secure.gravatar.com\\\/avatar\\\/6b0eb9d22841282815e2cd856a0061c45e1761cd54b22e952d98c4746939aa85?s=96&r=g\",\"caption\":\"Michele\"},\"description\":\"Formada em Letras - Portugu\u00eas\\\/ Ingl\u00eas, e idealizadora do site Escritora de Sucesso, busca expandir o conhecimento de todos com informa\u00e7\u00f5es relevantes sobre diversos assuntos, enquanto redatora. No Vaga de Emprego RJ, traz oportunidades e dicas sobre o mercado de trabalho.\",\"url\":\"https:\\\/\\\/www.vagadeempregorj.com.br\\\/fr\\\/author\\\/michele\\\/\"}]}<\/script>\n<!-- \/ Yoast SEO plugin. -->","yoast_head_json":{"title":"T\u00e9cnico de Inform\u00e1tica, Promotores, Gerente de Projetos, Gerente de Neg\u00f3cios, Est\u00e1gios, Consultores e muito mais na Empresa Positivo Tecnologia -","description":"Veja em Vagas de Emprego RJ as vagas de emprego com e sem experi\u00eancia no seu Estado e Regi\u00e3o!","robots":{"index":"index","follow":"follow","max-snippet":"max-snippet:-1","max-image-preview":"max-image-preview:large","max-video-preview":"max-video-preview:-1"},"canonical":"https:\/\/www.vagadeempregorj.com.br\/fr\/empregos-positivo-tecnologia\/","og_locale":"fr_FR","og_type":"article","og_title":"T\u00e9cnico de Inform\u00e1tica, Promotores, Gerente de Projetos, Gerente de Neg\u00f3cios, Est\u00e1gios, Consultores e muito mais na Empresa Positivo Tecnologia -","og_description":"Veja em Vagas de Emprego RJ as vagas de emprego com e sem experi\u00eancia no seu Estado e Regi\u00e3o!","og_url":"https:\/\/www.vagadeempregorj.com.br\/fr\/empregos-positivo-tecnologia\/","article_publisher":"https:\/\/www.facebook.com\/empregobrasiloficial","article_published_time":"2023-09-07T03:01:00+00:00","article_modified_time":"2023-10-01T14:29:20+00:00","og_image":[{"width":402,"height":125,"url":"https:\/\/www.vagadeempregorj.com.br\/wp-content\/uploads\/2023\/01\/image-9.png","type":"image\/png"}],"author":"Michele","twitter_card":"summary_large_image","twitter_misc":{"Written by":"Michele","Est. reading time":"3 minutes"},"schema":{"@context":"https:\/\/schema.org","@graph":[{"@type":"Article","@id":"https:\/\/www.vagadeempregorj.com.br\/empregos-positivo-tecnologia\/#article","isPartOf":{"@id":"https:\/\/www.vagadeempregorj.com.br\/empregos-positivo-tecnologia\/"},"author":{"name":"Michele","@id":"https:\/\/www.vagadeempregorj.com.br\/#\/schema\/person\/3ddb19fa0539706786e502152f3aae95"},"headline":"T\u00e9cnico de Inform\u00e1tica, Promotores, Gerente de Projetos, Gerente de Neg\u00f3cios, Est\u00e1gios, Consultores e muito mais na Empresa Positivo Tecnologia","datePublished":"2023-09-07T03:01:00+00:00","dateModified":"2023-10-01T14:29:20+00:00","mainEntityOfPage":{"@id":"https:\/\/www.vagadeempregorj.com.br\/empregos-positivo-tecnologia\/"},"wordCount":616,"image":{"@id":"https:\/\/www.vagadeempregorj.com.br\/empregos-positivo-tecnologia\/#primaryimage"},"thumbnailUrl":"https:\/\/www.vagadeempregorj.com.br\/wp-content\/uploads\/2023\/01\/image-9.png","keywords":["oportunidades","Positivo Tecnologia","vagas de emprego"],"articleSection":["Vagas de Emprego Nacionais"],"inLanguage":"fr-FR"},{"@type":"WebPage","@id":"https:\/\/www.vagadeempregorj.com.br\/empregos-positivo-tecnologia\/","url":"https:\/\/www.vagadeempregorj.com.br\/empregos-positivo-tecnologia\/","name":"T\u00e9cnico de Inform\u00e1tica, Promotores, Gerente de Projetos, Gerente de Neg\u00f3cios, Est\u00e1gios, Consultores e muito mais na Empresa Positivo Tecnologia -","isPartOf":{"@id":"https:\/\/www.vagadeempregorj.com.br\/#website"},"primaryImageOfPage":{"@id":"https:\/\/www.vagadeempregorj.com.br\/empregos-positivo-tecnologia\/#primaryimage"},"image":{"@id":"https:\/\/www.vagadeempregorj.com.br\/empregos-positivo-tecnologia\/#primaryimage"},"thumbnailUrl":"https:\/\/www.vagadeempregorj.com.br\/wp-content\/uploads\/2023\/01\/image-9.png","datePublished":"2023-09-07T03:01:00+00:00","dateModified":"2023-10-01T14:29:20+00:00","author":{"@id":"https:\/\/www.vagadeempregorj.com.br\/#\/schema\/person\/3ddb19fa0539706786e502152f3aae95"},"description":"Veja em Vagas de Emprego RJ as vagas de emprego com e sem experi\u00eancia no seu Estado e Regi\u00e3o!","breadcrumb":{"@id":"https:\/\/www.vagadeempregorj.com.br\/empregos-positivo-tecnologia\/#breadcrumb"},"inLanguage":"fr-FR","potentialAction":[{"@type":"ReadAction","target":["https:\/\/www.vagadeempregorj.com.br\/empregos-positivo-tecnologia\/"]}]},{"@type":"ImageObject","inLanguage":"fr-FR","@id":"https:\/\/www.vagadeempregorj.com.br\/empregos-positivo-tecnologia\/#primaryimage","url":"https:\/\/www.vagadeempregorj.com.br\/wp-content\/uploads\/2023\/01\/image-9.png","contentUrl":"https:\/\/www.vagadeempregorj.com.br\/wp-content\/uploads\/2023\/01\/image-9.png","width":402,"height":125},{"@type":"BreadcrumbList","@id":"https:\/\/www.vagadeempregorj.com.br\/empregos-positivo-tecnologia\/#breadcrumb","itemListElement":[{"@type":"ListItem","position":1,"name":"In\u00edcio","item":"https:\/\/www.vagadeempregorj.com.br\/"},{"@type":"ListItem","position":2,"name":"Vagas de Emprego Nacionais","item":"https:\/\/www.vagadeempregorj.com.br\/vagas-de-emprego-nacionais\/"},{"@type":"ListItem","position":3,"name":"T\u00e9cnico de Inform\u00e1tica, Promotores, Gerente de Projetos, Gerente de Neg\u00f3cios, Est\u00e1gios, Consultores e muito mais na Empresa Positivo Tecnologia"}]},{"@type":"WebSite","@id":"https:\/\/www.vagadeempregorj.com.br\/#website","url":"https:\/\/www.vagadeempregorj.com.br\/","name":"","description":"Conquiste Sonhos: Vagas, Benef\u00edcios e Economia para Transformar Vidas e Alcan\u00e7ar Melhorias Cotidianas","potentialAction":[{"@type":"SearchAction","target":{"@type":"EntryPoint","urlTemplate":"https:\/\/www.vagadeempregorj.com.br\/?s={search_term_string}"},"query-input":{"@type":"PropertyValueSpecification","valueRequired":true,"valueName":"search_term_string"}}],"inLanguage":"fr-FR"},{"@type":"Person","@id":"https:\/\/www.vagadeempregorj.com.br\/#\/schema\/person\/3ddb19fa0539706786e502152f3aae95","name":"Michele","image":{"@type":"ImageObject","inLanguage":"fr-FR","@id":"https:\/\/secure.gravatar.com\/avatar\/6b0eb9d22841282815e2cd856a0061c45e1761cd54b22e952d98c4746939aa85?s=96&r=g","url":"https:\/\/secure.gravatar.com\/avatar\/6b0eb9d22841282815e2cd856a0061c45e1761cd54b22e952d98c4746939aa85?s=96&r=g","contentUrl":"https:\/\/secure.gravatar.com\/avatar\/6b0eb9d22841282815e2cd856a0061c45e1761cd54b22e952d98c4746939aa85?s=96&r=g","caption":"Michele"},"description":"Formada em Letras - Portugu\u00eas\/ Ingl\u00eas, e idealizadora do site Escritora de Sucesso, busca expandir o conhecimento de todos com informa\u00e7\u00f5es relevantes sobre diversos assuntos, enquanto redatora. No Vaga de Emprego RJ, traz oportunidades e dicas sobre o mercado de trabalho.","url":"https:\/\/www.vagadeempregorj.com.br\/fr\/author\/michele\/"}]}},"_links":{"self":[{"href":"https:\/\/www.vagadeempregorj.com.br\/fr\/wp-json\/wp\/v2\/posts\/37292","targetHints":{"allow":["GET"]}}],"collection":[{"href":"https:\/\/www.vagadeempregorj.com.br\/fr\/wp-json\/wp\/v2\/posts"}],"about":[{"href":"https:\/\/www.vagadeempregorj.com.br\/fr\/wp-json\/wp\/v2\/types\/post"}],"author":[{"embeddable":true,"href":"https:\/\/www.vagadeempregorj.com.br\/fr\/wp-json\/wp\/v2\/users\/16"}],"replies":[{"embeddable":true,"href":"https:\/\/www.vagadeempregorj.com.br\/fr\/wp-json\/wp\/v2\/comments?post=37292"}],"version-history":[{"count":0,"href":"https:\/\/www.vagadeempregorj.com.br\/fr\/wp-json\/wp\/v2\/posts\/37292\/revisions"}],"wp:featuredmedia":[{"embeddable":true,"href":"https:\/\/www.vagadeempregorj.com.br\/fr\/wp-json\/wp\/v2\/media\/37309"}],"wp:attachment":[{"href":"https:\/\/www.vagadeempregorj.com.br\/fr\/wp-json\/wp\/v2\/media?parent=37292"}],"wp:term":[{"taxonomy":"category","embeddable":true,"href":"https:\/\/www.vagadeempregorj.com.br\/fr\/wp-json\/wp\/v2\/categories?post=37292"},{"taxonomy":"post_tag","embeddable":true,"href":"https:\/\/www.vagadeempregorj.com.br\/fr\/wp-json\/wp\/v2\/tags?post=37292"}],"curies":[{"name":"wp","href":"https:\/\/api.w.org\/{rel}","templated":true}]}}